{"id":74058,"date":"2024-10-29T19:27:49","date_gmt":"2024-10-29T22:27:49","guid":{"rendered":"https:\/\/ismaelcolosi.com.br\/index.php\/2024\/10\/29\/orgao-especial-do-tj-considera-cargos-da-prefeitura-inconstitucionais\/"},"modified":"2024-10-29T19:27:49","modified_gmt":"2024-10-29T22:27:49","slug":"orgao-especial-do-tj-considera-cargos-da-prefeitura-inconstitucionais","status":"publish","type":"post","link":"https:\/\/ismaelcolosi.com.br\/index.php\/2024\/10\/29\/orgao-especial-do-tj-considera-cargos-da-prefeitura-inconstitucionais\/","title":{"rendered":"\u00d3rg\u00e3o especial do TJ considera cargos da prefeitura inconstitucionais"},"content":{"rendered":"<p> <br \/>\n<\/p>\n<div>\n<p>O \u00d3rg\u00e3o Especial do Tribunal de Justi\u00e7a do Estado de S\u00e3o Paulo (TJ\/SP) considerou inconstitucionais v\u00e1rios cargos criados pela prefeitura na Reforma Administrativa feita pela administra\u00e7\u00e3o municipal pela Lei Complementar n. 3.062, de 28 de abril de 2021 e pela Lei Complementar n. 3.184, de 25 de maio de 2023 que na \u00e9poca, alterou a legisla\u00e7\u00e3o, ap\u00f3s determina\u00e7\u00e3o feita tamb\u00e9m pelo Tribunal de Justi\u00e7a.<\/p>\n<p>A decis\u00e3o do \u00d3rg\u00e3o foi dada no dia 18 de setembro ao julgar a A\u00e7\u00e3o Direta de Inconstitucionalidade (Adin) n\u00ba 2126200-81.2024.8.26.0000, cujo autor \u00e9 a Procuradoria Geral de Justi\u00e7a do Estado de So Paulo.<br \/>Por maioria de votos, os desembargadores decidiram que a prefeitura ter\u00e1 120 dias para refazer a lei e mudar os cargos considerados ilegais. A decis\u00e3o considerou que n\u00e3o houve m\u00e1 f\u00e9 de quem ocupou os cargos \u2013 n\u00e3o ter\u00e3o que devolver sal\u00e1rios recebidos \u2013 e que os atos p\u00fablicos praticados por eles no exerc\u00edcio da fun\u00e7\u00e3o ser\u00e3o considerados v\u00e1lidos.<\/p>\n<p>Em fun\u00e7\u00e3o das elei\u00e7\u00f5es municipais que fez com as administra\u00e7\u00f5es municipais tivessem uma realidade administrativa at\u00edpica, o prazo de modula\u00e7\u00e3o, ou seja, para altera\u00e7\u00e3o da lei, come\u00e7ar\u00e1 a ser contado no dia 1 de janeiro de 2025. Isso significa que caber\u00e1 ao pr\u00f3ximo prefeito, Ricardo Silva (PSD) fazer o projeto de lei com as mudan\u00e7as determinadas para aprova\u00e7\u00e3o pela futura C\u00e2mara de Vereadores que tamb\u00e9m tomar\u00e1 posse ne janeiro.<\/p>\n<p>Votaram no processo os desembargadores Fernando Torres Garcia (presidente), Silvia Rocha, Nuevo Campos, Carlos Monnerat, Renato Rangel Desinano, Afonso Faro Jr, Jos\u00e9 Carlos Ferreira Alves, Gomes Varj\u00e3o, Andrade Neto, Marrey Uint, Beretta da Silveira, Francisco Loureiro, Dami\u00e3o Cogan, Ademir Benedito, Campos Mello, Vianna Cotrim, F\u00e1bio Gouv\u00eaa, Matheus Fontes, Aroldo Viotti, Ricardo Dip, Figueiredo Gon\u00e7alves, Luciana Bresciani, Luis Fernando Nishi e Jarbas Gomes. A decis\u00e3o a que o Tribuna teve acesso tem 272 p\u00e1ginas.<\/p>\n<p>Entre os cargos considerados inconstitucionais est\u00e3o Diretor de Departamento, Chefe de Divis\u00e3o, Assessor I, Assessor II, Assessor III, Assessor IV, Administrador Regional, Controlador Geral do Munic\u00edpio, Diretor de Departamento de Finan\u00e7as P\u00fablicas Coordenador do Centro de Refer\u00eancia em Assist\u00eancia Social CREAS, Coordenador do Centro Especializado para Pessoas com Defici\u00eancia, Coordenador do Centro POP e Coordenador de Campo. Eles est\u00e3o ocupados por servidores comissionados deli ver nomea\u00e7\u00e3o ou por servidores de carreira nomeados para ocup\u00e1-los.<\/p>\n<p>A determina\u00e7\u00e3o atingiu tamb\u00e9m, mudan\u00e7as na Reforma Administrativa feitas pela Lei Complementar n. 3.184, de 25 de maio de 2023 aprovada pela C\u00e2mara de Vereadores em 23 de maio de 2023. Na \u00e9poca, o Tribunal de Justi\u00e7a determinou mudan\u00e7as e deu prazo m\u00e1ximo de 180 dias para a san\u00e7\u00e3o da nova lei pelo prefeito Duarte Nogueira (PSDB). Mesmo com as mudan\u00e7as trechos da lei foram considerados ilegais.<\/p>\n<\/div>\n<p><br \/>\n<br \/><a href=\"https:\/\/www.tribunaribeirao.com.br\/orgao-especial-do-tj-considera-cargos-da-prefeitura-inconstitucionais\/\">Source link <\/a><\/p>\n<div class='code-block code-block-4' style='margin: 8px auto 8px 0; text-align: left; display: block; clear: both;'>\n\ud83d\udce2 Aviso Legal\n\nO site ismaelcolosi.com.br atua apenas como um canal de divulga\u00e7\u00e3o de oportunidades de emprego e n\u00e3o se responsabiliza pelo processo seletivo, contrata\u00e7\u00e3o ou qualquer outra etapa relacionada \u00e0s vagas publicadas. Todas as informa\u00e7\u00f5es s\u00e3o de responsabilidade dos anunciantes.\n\n\u26a0\ufe0f Aten\u00e7\u00e3o! Nunca pague por promessas de emprego nem compre cursos que garantam contrata\u00e7\u00e3o. Desconfie de qualquer cobran\u00e7a para participar de sele\u00e7\u00f5es.\n\n\n\n<\/div>\n<!-- CONTENT END 1 -->\n","protected":false},"excerpt":{"rendered":"<p>O \u00d3rg\u00e3o Especial do Tribunal de Justi\u00e7a do Estado de S\u00e3o Paulo (TJ\/SP) considerou inconstitucionais v\u00e1rios cargos criados pela prefeitura na Reforma Administrativa feita pela&#8230;<\/p>\n","protected":false},"author":1,"featured_media":74059,"comment_status":"open","ping_status":"open","sticky":false,"template":"","format":"standard","meta":{"_uag_custom_page_level_css":"","advanced_seo_description":"","jetpack_seo_html_title":"","jetpack_seo_noindex":false,"jetpack_post_was_ever_published":false,"_jetpack_newsletter_access":"","_jetpack_dont_email_post_to_subs":false,"_jetpack_newsletter_tier_id":0,"_jetpack_memberships_contains_paywalled_content":false,"_jetpack_memberships_contains_paid_content":false,"footnotes":"","jetpack_publicize_message":"","jetpack_publicize_feature_enabled":true,"jetpack_social_post_already_shared":true,"jetpack_social_options":{"image_generator_settings":{"template":"highway","default_image_id":0,"font":"","enabled":false},"version":2}},"categories":[11],"tags":[],"class_list":["post-74058","post","type-post","status-publish","format-standard","has-post-thumbnail","hentry","category-noticias-de-ribeirao-preto-sp-e-regiao-ismael-colosi"],"jetpack_publicize_connections":[],"jetpack_featured_media_url":"https:\/\/i0.wp.com\/ismaelcolosi.com.br\/wp-content\/uploads\/2024\/10\/Prefeitura-de-RP-Sede-do-Excecutivos-em-Ribeirao-Preto-scaled-1.jpeg?fit=968%2C645&ssl=1","uagb_featured_image_src":{"full":["https:\/\/i0.wp.com\/ismaelcolosi.com.br\/wp-content\/uploads\/2024\/10\/Prefeitura-de-RP-Sede-do-Excecutivos-em-Ribeirao-Preto-scaled-1.jpeg?fit=968%2C645&ssl=1",968,645,false],"thumbnail":["https:\/\/i0.wp.com\/ismaelcolosi.com.br\/wp-content\/uploads\/2024\/10\/Prefeitura-de-RP-Sede-do-Excecutivos-em-Ribeirao-Preto-scaled-1.jpeg?resize=150%2C150&ssl=1",150,150,true],"medium":["https:\/\/i0.wp.com\/ismaelcolosi.com.br\/wp-content\/uploads\/2024\/10\/Prefeitura-de-RP-Sede-do-Excecutivos-em-Ribeirao-Preto-scaled-1.jpeg?fit=300%2C200&ssl=1",300,200,true],"medium_large":["https:\/\/i0.wp.com\/ismaelcolosi.com.br\/wp-content\/uploads\/2024\/10\/Prefeitura-de-RP-Sede-do-Excecutivos-em-Ribeirao-Preto-scaled-1.jpeg?fit=768%2C512&ssl=1",768,512,true],"large":["https:\/\/i0.wp.com\/ismaelcolosi.com.br\/wp-content\/uploads\/2024\/10\/Prefeitura-de-RP-Sede-do-Excecutivos-em-Ribeirao-Preto-scaled-1.jpeg?fit=968%2C645&ssl=1",968,645,true],"1536x1536":["https:\/\/i0.wp.com\/ismaelcolosi.com.br\/wp-content\/uploads\/2024\/10\/Prefeitura-de-RP-Sede-do-Excecutivos-em-Ribeirao-Preto-scaled-1.jpeg?fit=968%2C645&ssl=1",968,645,true],"2048x2048":["https:\/\/i0.wp.com\/ismaelcolosi.com.br\/wp-content\/uploads\/2024\/10\/Prefeitura-de-RP-Sede-do-Excecutivos-em-Ribeirao-Preto-scaled-1.jpeg?fit=968%2C645&ssl=1",968,645,true],"really-simple-thumb":["https:\/\/i0.wp.com\/ismaelcolosi.com.br\/wp-content\/uploads\/2024\/10\/Prefeitura-de-RP-Sede-do-Excecutivos-em-Ribeirao-Preto-scaled-1.jpeg?resize=370%2C247&ssl=1",370,247,true]},"uagb_author_info":{"display_name":"ismaelcolosi.com.br","author_link":"https:\/\/ismaelcolosi.com.br\/index.php\/author\/vidareal-online\/"},"uagb_comment_info":0,"uagb_excerpt":"O \u00d3rg\u00e3o Especial do Tribunal de Justi\u00e7a do Estado de S\u00e3o Paulo (TJ\/SP) considerou inconstitucionais v\u00e1rios cargos criados pela prefeitura na Reforma Administrativa feita pela...","jetpack-related-posts":[{"id":1073,"url":"https:\/\/ismaelcolosi.com.br\/index.php\/2023\/11\/10\/prefeitura-de-sertaozinho-exonera-263-comissionados\/","url_meta":{"origin":74058,"position":0},"title":"Prefeitura de Sert\u00e3ozinho exonera 263 comissionados","author":"ismaelcolosi.com.br","date":"10 de November de 2023","format":false,"excerpt":"10 de novembro de 2023 | 11:0010 de novembro de 2023 | 8:29 0A prefeitura de Sert\u00e3ozinho, na Regi\u00e3o Metropolitana de Ribeir\u00e3o Preto, exonerou 263 servidores comissionados ap\u00f3s o julgamento pelo Tribunal de Justi\u00e7a de S\u00e3o Paulo (TJSP) de uma a\u00e7\u00e3o direta de inconstitucionalidade (Adin) movida pela Procuradoria-Geral de Justi\u00e7a.\u2026","rel":"","context":"In &quot;Not\u00edcias de Ribeir\u00e3o Preto-SP e Regi\u00e3o&quot;","block_context":{"text":"Not\u00edcias de Ribeir\u00e3o Preto-SP e Regi\u00e3o","link":"https:\/\/ismaelcolosi.com.br\/index.php\/category\/noticias-de-ribeirao-preto-sp-e-regiao-ismael-colosi\/"},"img":{"alt_text":"","src":"https:\/\/i0.wp.com\/ismaelcolosi.com.br\/wp-content\/uploads\/2023\/11\/sertaozinho.jpg?fit=702%2C439&ssl=1&resize=350%2C200","width":350,"height":200,"srcset":"https:\/\/i0.wp.com\/ismaelcolosi.com.br\/wp-content\/uploads\/2023\/11\/sertaozinho.jpg?fit=702%2C439&ssl=1&resize=350%2C200 1x, https:\/\/i0.wp.com\/ismaelcolosi.com.br\/wp-content\/uploads\/2023\/11\/sertaozinho.jpg?fit=702%2C439&ssl=1&resize=525%2C300 1.5x, https:\/\/i0.wp.com\/ismaelcolosi.com.br\/wp-content\/uploads\/2023\/11\/sertaozinho.jpg?fit=702%2C439&ssl=1&resize=700%2C400 2x"},"classes":[]},{"id":41598,"url":"https:\/\/ismaelcolosi.com.br\/index.php\/2024\/03\/09\/os-tribunais-de-contas-nas-eleicoes\/","url_meta":{"origin":74058,"position":1},"title":"Os Tribunais de Contas nas elei\u00e7\u00f5es\u00a0","author":"ismaelcolosi.com.br","date":"9 de March de 2024","format":false,"excerpt":"Dimas Ramalho*\u00a0[email\u00a0protected].O fortalecimento da democracia brasileira, por meio de seu rito maior \u2013 o voto direto, secreto e universal -, n\u00e3o \u00e9 miss\u00e3o exclusiva da Justi\u00e7a Eleitoral, ramo especializado do Judici\u00e1rio que, essencialmente, concentra fun\u00e7\u00f5es jurisdicionais, administrativas, normativas e consultivas. Outras institui\u00e7\u00f5es p\u00fablicas, al\u00e9m da pr\u00f3pria sociedade civil organizada, ajudam\u2026","rel":"","context":"In &quot;Not\u00edcias de Ribeir\u00e3o Preto-SP e Regi\u00e3o&quot;","block_context":{"text":"Not\u00edcias de Ribeir\u00e3o Preto-SP e Regi\u00e3o","link":"https:\/\/ismaelcolosi.com.br\/index.php\/category\/noticias-de-ribeirao-preto-sp-e-regiao-ismael-colosi\/"},"img":{"alt_text":"","src":"https:\/\/i0.wp.com\/ismaelcolosi.com.br\/wp-content\/uploads\/2024\/03\/dimasramalho.jpg?fit=700%2C450&ssl=1&resize=350%2C200","width":350,"height":200,"srcset":"https:\/\/i0.wp.com\/ismaelcolosi.com.br\/wp-content\/uploads\/2024\/03\/dimasramalho.jpg?fit=700%2C450&ssl=1&resize=350%2C200 1x, https:\/\/i0.wp.com\/ismaelcolosi.com.br\/wp-content\/uploads\/2024\/03\/dimasramalho.jpg?fit=700%2C450&ssl=1&resize=525%2C300 1.5x, https:\/\/i0.wp.com\/ismaelcolosi.com.br\/wp-content\/uploads\/2024\/03\/dimasramalho.jpg?fit=700%2C450&ssl=1&resize=700%2C400 2x"},"classes":[]},{"id":63763,"url":"https:\/\/ismaelcolosi.com.br\/index.php\/2024\/09\/03\/justica-indefere-registro-de-candidatura-de-ismar-menezes-a-prefeitura-de-ribeirao\/","url_meta":{"origin":74058,"position":2},"title":"Justi\u00e7a indefere registro de candidatura de Ismar Menezes \u00e0 Prefeitura de Ribeir\u00e3o","author":"ismaelcolosi.com.br","date":"3 de September de 2024","format":false,"excerpt":"O registro de candidatura de Ismar Menezes (AGIR) ao cargo de prefeito de Ribeir\u00e3o Preto est\u00e1 indeferido, de acordo com decis\u00e3o da 108\u00aa Zona Eleitoral do munic\u00edpio, publicada nesta ter\u00e7a-feira (3). No documento, o juiz Benedito S\u00e9rgio de Oliveira considerou que Ismar se enquadra na lei que pro\u00edbe magistrados e\u2026","rel":"","context":"In &quot;Not\u00edcias de Ribeir\u00e3o Preto-SP e Regi\u00e3o&quot;","block_context":{"text":"Not\u00edcias de Ribeir\u00e3o Preto-SP e Regi\u00e3o","link":"https:\/\/ismaelcolosi.com.br\/index.php\/category\/noticias-de-ribeirao-preto-sp-e-regiao-ismael-colosi\/"},"img":{"alt_text":"","src":"https:\/\/i0.wp.com\/ismaelcolosi.com.br\/wp-content\/uploads\/2024\/09\/Copia-de-Copia-de-Copia-de-TAMANHO-EXATO-PARA-FOTOS-NO-SISTEMA-NOVO-27_2024-09-03_22-31-28_png_2024-09-03_22-31-28.webp.webp?fit=1200%2C675&ssl=1&resize=350%2C200","width":350,"height":200,"srcset":"https:\/\/i0.wp.com\/ismaelcolosi.com.br\/wp-content\/uploads\/2024\/09\/Copia-de-Copia-de-Copia-de-TAMANHO-EXATO-PARA-FOTOS-NO-SISTEMA-NOVO-27_2024-09-03_22-31-28_png_2024-09-03_22-31-28.webp.webp?fit=1200%2C675&ssl=1&resize=350%2C200 1x, https:\/\/i0.wp.com\/ismaelcolosi.com.br\/wp-content\/uploads\/2024\/09\/Copia-de-Copia-de-Copia-de-TAMANHO-EXATO-PARA-FOTOS-NO-SISTEMA-NOVO-27_2024-09-03_22-31-28_png_2024-09-03_22-31-28.webp.webp?fit=1200%2C675&ssl=1&resize=525%2C300 1.5x, https:\/\/i0.wp.com\/ismaelcolosi.com.br\/wp-content\/uploads\/2024\/09\/Copia-de-Copia-de-Copia-de-TAMANHO-EXATO-PARA-FOTOS-NO-SISTEMA-NOVO-27_2024-09-03_22-31-28_png_2024-09-03_22-31-28.webp.webp?fit=1200%2C675&ssl=1&resize=700%2C400 2x, https:\/\/i0.wp.com\/ismaelcolosi.com.br\/wp-content\/uploads\/2024\/09\/Copia-de-Copia-de-Copia-de-TAMANHO-EXATO-PARA-FOTOS-NO-SISTEMA-NOVO-27_2024-09-03_22-31-28_png_2024-09-03_22-31-28.webp.webp?fit=1200%2C675&ssl=1&resize=1050%2C600 3x"},"classes":[]},{"id":77120,"url":"https:\/\/ismaelcolosi.com.br\/index.php\/2024\/11\/21\/prefeitura-vai-dar-os-para-inicio-do-centro-administrativo\/","url_meta":{"origin":74058,"position":3},"title":"Prefeitura vai dar OS para in\u00edcio do Centro Administrativo","author":"ismaelcolosi.com.br","date":"21 de November de 2024","format":false,"excerpt":"O prefeito de Ribeir\u00e3o Preto, Duarte Nogueira (PSDB), dever\u00e1 assinar a Ordem de Servi\u00e7o (OS) com empresa vencedora da licita\u00e7\u00e3o para constru\u00e7\u00e3o do Centro Administrativo. A vencedora foi a H2Obras Constru\u00e7\u00f5es Ltda. pelo valor de R$ 173.497.592,89. A obra est\u00e1 prevista para ser feita em uma \u00e1rea doada ao munic\u00edpio\u2026","rel":"","context":"In &quot;Not\u00edcias de Ribeir\u00e3o Preto-SP e Regi\u00e3o&quot;","block_context":{"text":"Not\u00edcias de Ribeir\u00e3o Preto-SP e Regi\u00e3o","link":"https:\/\/ismaelcolosi.com.br\/index.php\/category\/noticias-de-ribeirao-preto-sp-e-regiao-ismael-colosi\/"},"img":{"alt_text":"","src":"https:\/\/i0.wp.com\/ismaelcolosi.com.br\/wp-content\/uploads\/2024\/11\/Prefeitura-de-RP-Foto-CCS-scaled-1.jpeg?fit=970%2C645&ssl=1&resize=350%2C200","width":350,"height":200,"srcset":"https:\/\/i0.wp.com\/ismaelcolosi.com.br\/wp-content\/uploads\/2024\/11\/Prefeitura-de-RP-Foto-CCS-scaled-1.jpeg?fit=970%2C645&ssl=1&resize=350%2C200 1x, https:\/\/i0.wp.com\/ismaelcolosi.com.br\/wp-content\/uploads\/2024\/11\/Prefeitura-de-RP-Foto-CCS-scaled-1.jpeg?fit=970%2C645&ssl=1&resize=525%2C300 1.5x, https:\/\/i0.wp.com\/ismaelcolosi.com.br\/wp-content\/uploads\/2024\/11\/Prefeitura-de-RP-Foto-CCS-scaled-1.jpeg?fit=970%2C645&ssl=1&resize=700%2C400 2x"},"classes":[]},{"id":77869,"url":"https:\/\/ismaelcolosi.com.br\/index.php\/2024\/11\/29\/juiz-anula-acao-contra-construtora\/","url_meta":{"origin":74058,"position":4},"title":"Juiz anula a\u00e7\u00e3o contra construtora\u00a0","author":"ismaelcolosi.com.br","date":"29 de November de 2024","format":false,"excerpt":"Com a decis\u00e3o, foram anuladas as penalidades aplicadas \u00e0 Construtora Metropolitana, respons\u00e1vel pelas obras da Nove de Julho que teve o contrato rescindido pela prefeitura\u00a0 29 de novembro de 202428 de novembro de 202413 Compartilhar0 O juiz Gustavo M\u00fcller Lorenzato, da 1\u00aa Vara da Fazenda P\u00fablica, anulou o processo administrativo\u2026","rel":"","context":"In &quot;Not\u00edcias de Ribeir\u00e3o Preto-SP e Regi\u00e3o&quot;","block_context":{"text":"Not\u00edcias de Ribeir\u00e3o Preto-SP e Regi\u00e3o","link":"https:\/\/ismaelcolosi.com.br\/index.php\/category\/noticias-de-ribeirao-preto-sp-e-regiao-ismael-colosi\/"},"img":{"alt_text":"","src":"https:\/\/i0.wp.com\/ismaelcolosi.com.br\/wp-content\/uploads\/2024\/11\/NoveRP-Alfredo-Risk-Arquivo-6-scaled.jpg?fit=750%2C500&ssl=1&resize=350%2C200","width":350,"height":200,"srcset":"https:\/\/i0.wp.com\/ismaelcolosi.com.br\/wp-content\/uploads\/2024\/11\/NoveRP-Alfredo-Risk-Arquivo-6-scaled.jpg?fit=750%2C500&ssl=1&resize=350%2C200 1x, https:\/\/i0.wp.com\/ismaelcolosi.com.br\/wp-content\/uploads\/2024\/11\/NoveRP-Alfredo-Risk-Arquivo-6-scaled.jpg?fit=750%2C500&ssl=1&resize=525%2C300 1.5x, https:\/\/i0.wp.com\/ismaelcolosi.com.br\/wp-content\/uploads\/2024\/11\/NoveRP-Alfredo-Risk-Arquivo-6-scaled.jpg?fit=750%2C500&ssl=1&resize=700%2C400 2x"},"classes":[]},{"id":39118,"url":"https:\/\/ismaelcolosi.com.br\/index.php\/2024\/02\/23\/aluno-pcd-tem-direito-a-professor-de-apoio\/","url_meta":{"origin":74058,"position":5},"title":"Aluno PcD tem direito a professor de apoio\u00a0","author":"ismaelcolosi.com.br","date":"23 de February de 2024","format":false,"excerpt":"23 de fevereiro de 2024 | 13:0023 de fevereiro de 2024 | 7:56 0A C\u00e2mara Especial do Tribunal de Justi\u00e7a do Estado de S\u00e3o Paulo (TJSP) deu provimento ao agravo de instrumento impetrado pela Promotoria da Pessoa com Defici\u00eancia de Ribeir\u00e3o Preto e determinou que a Secretaria Municipal de Educa\u00e7\u00e3o\u2026","rel":"","context":"In &quot;Not\u00edcias de Ribeir\u00e3o Preto-SP e Regi\u00e3o&quot;","block_context":{"text":"Not\u00edcias de Ribeir\u00e3o Preto-SP e Regi\u00e3o","link":"https:\/\/ismaelcolosi.com.br\/index.php\/category\/noticias-de-ribeirao-preto-sp-e-regiao-ismael-colosi\/"},"img":{"alt_text":"","src":"https:\/\/i0.wp.com\/ismaelcolosi.com.br\/wp-content\/uploads\/2024\/02\/9da43ff7-2ee1-437b-8657-2709217f2b5a-scaled.jpg?fit=860%2C645&ssl=1&resize=350%2C200","width":350,"height":200,"srcset":"https:\/\/i0.wp.com\/ismaelcolosi.com.br\/wp-content\/uploads\/2024\/02\/9da43ff7-2ee1-437b-8657-2709217f2b5a-scaled.jpg?fit=860%2C645&ssl=1&resize=350%2C200 1x, https:\/\/i0.wp.com\/ismaelcolosi.com.br\/wp-content\/uploads\/2024\/02\/9da43ff7-2ee1-437b-8657-2709217f2b5a-scaled.jpg?fit=860%2C645&ssl=1&resize=525%2C300 1.5x, https:\/\/i0.wp.com\/ismaelcolosi.com.br\/wp-content\/uploads\/2024\/02\/9da43ff7-2ee1-437b-8657-2709217f2b5a-scaled.jpg?fit=860%2C645&ssl=1&resize=700%2C400 2x"},"classes":[]}],"jetpack_sharing_enabled":true,"jetpack_shortlink":"https:\/\/wp.me\/pfMlyK-jgu","_links":{"self":[{"href":"https:\/\/ismaelcolosi.com.br\/index.php\/wp-json\/wp\/v2\/posts\/74058","targetHints":{"allow":["GET"]}}],"collection":[{"href":"https:\/\/ismaelcolosi.com.br\/index.php\/wp-json\/wp\/v2\/posts"}],"about":[{"href":"https:\/\/ismaelcolosi.com.br\/index.php\/wp-json\/wp\/v2\/types\/post"}],"author":[{"embeddable":true,"href":"https:\/\/ismaelcolosi.com.br\/index.php\/wp-json\/wp\/v2\/users\/1"}],"replies":[{"embeddable":true,"href":"https:\/\/ismaelcolosi.com.br\/index.php\/wp-json\/wp\/v2\/comments?post=74058"}],"version-history":[{"count":0,"href":"https:\/\/ismaelcolosi.com.br\/index.php\/wp-json\/wp\/v2\/posts\/74058\/revisions"}],"wp:featuredmedia":[{"embeddable":true,"href":"https:\/\/ismaelcolosi.com.br\/index.php\/wp-json\/wp\/v2\/media\/74059"}],"wp:attachment":[{"href":"https:\/\/ismaelcolosi.com.br\/index.php\/wp-json\/wp\/v2\/media?parent=74058"}],"wp:term":[{"taxonomy":"category","embeddable":true,"href":"https:\/\/ismaelcolosi.com.br\/index.php\/wp-json\/wp\/v2\/categories?post=74058"},{"taxonomy":"post_tag","embeddable":true,"href":"https:\/\/ismaelcolosi.com.br\/index.php\/wp-json\/wp\/v2\/tags?post=74058"}],"curies":[{"name":"wp","href":"https:\/\/api.w.org\/{rel}","templated":true}]}}