{"id":74054,"date":"2024-10-29T19:13:59","date_gmt":"2024-10-29T22:13:59","guid":{"rendered":"https:\/\/ismaelcolosi.com.br\/index.php\/2024\/10\/29\/rede-de-lojas-de-cosmeticos-e-perfumaria-abre-140-vagas-na-regiao-de-ribeirao\/"},"modified":"2024-10-29T19:13:59","modified_gmt":"2024-10-29T22:13:59","slug":"rede-de-lojas-de-cosmeticos-e-perfumaria-abre-140-vagas-na-regiao-de-ribeirao","status":"publish","type":"post","link":"https:\/\/ismaelcolosi.com.br\/index.php\/2024\/10\/29\/rede-de-lojas-de-cosmeticos-e-perfumaria-abre-140-vagas-na-regiao-de-ribeirao\/","title":{"rendered":"Rede de lojas de cosm\u00e9ticos e perfumaria abre 140 vagas na regi\u00e3o de Ribeir\u00e3o"},"content":{"rendered":"<p> <br \/>\n<\/p>\n<div data-td-block-uid=\"tdi_106\">\n<div class=\"tdb-block-inner td-fix-index\">\n<p><strong>O Botic\u00e1rio<\/strong>, rede de lojas de cosm\u00e9ticos e perfumaria, <strong>abriu processo seletivo para preencher 140 vagas na regi\u00e3o\u00a0Ribeir\u00e3o Preto.<\/strong> As oportunidades s\u00e3o para trabalhar como <strong>consultora de loja e auxiliar de vendas <\/strong>em cidades como <strong>Sert\u00e3ozinho<\/strong>, <strong>Cravinhos<\/strong>, <strong>Pontal<\/strong>, <strong>S\u00e3o Joaquim da Barra<\/strong>, <strong>Jaboticabal <\/strong>e <strong>Jardin\u00f3polis<\/strong>.<\/p>\n<p>De acordo com a empresa, <strong>os interessados devem ter idade m\u00ednima de 18 anos<\/strong> e <mark style=\"background-color:#fcb900\" class=\"has-inline-color\">precisam estar cursando ou j\u00e1 terem conclu\u00eddo o Ensino M\u00e9dio.<\/mark><\/p>\n<p><strong>N\u00e3o \u00e9 exigida experi\u00eancia<\/strong>. A empresa oferece um <strong>treinamento completo <\/strong>para preparar os novos funcion\u00e1rios. <mark style=\"background-color:#fcb900\" class=\"has-inline-color\">Tamb\u00e9m h\u00e1 possibilidade de efetiva\u00e7\u00e3o ao t\u00e9rmino do contrato.<\/mark><\/p>\n<p>Para participar do processo, <strong>os candidatos devem deixar um curr\u00edculo na loja O Botic\u00e1rio mais pr\u00f3xima.<\/strong><\/p>\n<p>SAIBA MAIS<\/p>\n<p>Entenda como funcionar\u00e1 o pagamento do ped\u00e1gio free flow na regi\u00e3o de Ribeir\u00e3o<\/p>\n<h4 class=\"wp-block-heading\"><strong>FIQUE ON<\/strong><\/h4>\n<p>Fique ligado em tudo que acontece em Ribeir\u00e3o Preto e regi\u00e3o. Siga os perfis do<strong>\u00a0acidade on\u00a0<\/strong>no\u00a0<a href=\"https:\/\/www.instagram.com\/acidadeonribeirao\" target=\"_blank\" rel=\"noreferrer noopener\">Instagram<\/a>\u00a0e no\u00a0<a href=\"https:\/\/www.facebook.com\/acidadeonribeirao\/\" target=\"_blank\" rel=\"noreferrer noopener\">Facebook<\/a>.<\/p>\n<p>Receba not\u00edcias do\u00a0<strong>acidade on\u00a0<\/strong>no WhatsApp.\u00a0<a href=\"https:\/\/chat.whatsapp.com\/Fg4ok3aAVyB59DP63pRapr\" target=\"_blank\" rel=\"noreferrer noopener\">Para entrar no grupo, basta clicar aqui.<\/a><\/p>\n<p>Fa\u00e7a uma den\u00fancia ou sugira uma reportagem sobre Ribeir\u00e3o Preto e regi\u00e3o pelo WhatsApp: 16 99117 7802.<\/p>\n<p>VEJA TAMB\u00c9M<\/p>\n<p>Vanessa Lopes est\u00e1 fazendo qual tratamento para a pele?<\/p>\n<p><!-- CONTENT END 1 -->\n<\/div>\n<\/div>\n<p><script async src=\"\/\/www.instagram.com\/embed.js\"><\/script><br \/>\n<br \/><br \/>\n<br \/><a href=\"https:\/\/www.acidadeon.com\/ribeiraopreto\/economia\/rede-delojas-de-cosmeticos-e-perfumaria-abre-140-vagas-na-regiao-de-ribeirao\/\">Source link <\/a><\/p>\n","protected":false},"excerpt":{"rendered":"<p>O Botic\u00e1rio, rede de lojas de cosm\u00e9ticos e perfumaria, abriu processo seletivo para preencher 140 vagas na regi\u00e3o\u00a0Ribeir\u00e3o Preto. As oportunidades s\u00e3o para trabalhar como&#8230;<\/p>\n","protected":false},"author":1,"featured_media":74055,"comment_status":"open","ping_status":"open","sticky":false,"template":"","format":"standard","meta":{"_uag_custom_page_level_css":"","advanced_seo_description":"","jetpack_seo_html_title":"","jetpack_seo_noindex":false,"jetpack_post_was_ever_published":false,"_jetpack_newsletter_access":"","_jetpack_dont_email_post_to_subs":false,"_jetpack_newsletter_tier_id":0,"_jetpack_memberships_contains_paywalled_content":false,"_jetpack_memberships_contains_paid_content":false,"footnotes":"","jetpack_publicize_message":"","jetpack_publicize_feature_enabled":true,"jetpack_social_post_already_shared":true,"jetpack_social_options":{"image_generator_settings":{"template":"highway","default_image_id":0,"font":"","enabled":false},"version":2}},"categories":[11],"tags":[],"class_list":["post-74054","post","type-post","status-publish","format-standard","has-post-thumbnail","hentry","category-noticias-de-ribeirao-preto-sp-e-regiao-ismael-colosi"],"jetpack_publicize_connections":[],"jetpack_featured_media_url":"https:\/\/i0.wp.com\/ismaelcolosi.com.br\/wp-content\/uploads\/2024\/10\/Copia-de-Copia-de-Copia-de-TAMANHO-EXATO-PARA-FOTOS-NO-SISTEMA-NOVO-57_2024-10-29_21-44-18_png_2024-10-29_21-44-18.webp.webp?fit=1200%2C675&ssl=1","uagb_featured_image_src":{"full":["https:\/\/i0.wp.com\/ismaelcolosi.com.br\/wp-content\/uploads\/2024\/10\/Copia-de-Copia-de-Copia-de-TAMANHO-EXATO-PARA-FOTOS-NO-SISTEMA-NOVO-57_2024-10-29_21-44-18_png_2024-10-29_21-44-18.webp.webp?fit=1200%2C675&ssl=1",1200,675,false],"thumbnail":["https:\/\/i0.wp.com\/ismaelcolosi.com.br\/wp-content\/uploads\/2024\/10\/Copia-de-Copia-de-Copia-de-TAMANHO-EXATO-PARA-FOTOS-NO-SISTEMA-NOVO-57_2024-10-29_21-44-18_png_2024-10-29_21-44-18.webp.webp?resize=150%2C150&ssl=1",150,150,true],"medium":["https:\/\/i0.wp.com\/ismaelcolosi.com.br\/wp-content\/uploads\/2024\/10\/Copia-de-Copia-de-Copia-de-TAMANHO-EXATO-PARA-FOTOS-NO-SISTEMA-NOVO-57_2024-10-29_21-44-18_png_2024-10-29_21-44-18.webp.webp?fit=300%2C169&ssl=1",300,169,true],"medium_large":["https:\/\/i0.wp.com\/ismaelcolosi.com.br\/wp-content\/uploads\/2024\/10\/Copia-de-Copia-de-Copia-de-TAMANHO-EXATO-PARA-FOTOS-NO-SISTEMA-NOVO-57_2024-10-29_21-44-18_png_2024-10-29_21-44-18.webp.webp?fit=768%2C432&ssl=1",768,432,true],"large":["https:\/\/i0.wp.com\/ismaelcolosi.com.br\/wp-content\/uploads\/2024\/10\/Copia-de-Copia-de-Copia-de-TAMANHO-EXATO-PARA-FOTOS-NO-SISTEMA-NOVO-57_2024-10-29_21-44-18_png_2024-10-29_21-44-18.webp.webp?fit=1024%2C576&ssl=1",1024,576,true],"1536x1536":["https:\/\/i0.wp.com\/ismaelcolosi.com.br\/wp-content\/uploads\/2024\/10\/Copia-de-Copia-de-Copia-de-TAMANHO-EXATO-PARA-FOTOS-NO-SISTEMA-NOVO-57_2024-10-29_21-44-18_png_2024-10-29_21-44-18.webp.webp?fit=1200%2C675&ssl=1",1200,675,true],"2048x2048":["https:\/\/i0.wp.com\/ismaelcolosi.com.br\/wp-content\/uploads\/2024\/10\/Copia-de-Copia-de-Copia-de-TAMANHO-EXATO-PARA-FOTOS-NO-SISTEMA-NOVO-57_2024-10-29_21-44-18_png_2024-10-29_21-44-18.webp.webp?fit=1200%2C675&ssl=1",1200,675,true],"really-simple-thumb":["https:\/\/i0.wp.com\/ismaelcolosi.com.br\/wp-content\/uploads\/2024\/10\/Copia-de-Copia-de-Copia-de-TAMANHO-EXATO-PARA-FOTOS-NO-SISTEMA-NOVO-57_2024-10-29_21-44-18_png_2024-10-29_21-44-18.webp.webp?resize=370%2C247&ssl=1",370,247,true]},"uagb_author_info":{"display_name":"ismaelcolosi.com.br","author_link":"https:\/\/ismaelcolosi.com.br\/index.php\/author\/vidareal-online\/"},"uagb_comment_info":0,"uagb_excerpt":"O Botic\u00e1rio, rede de lojas de cosm\u00e9ticos e perfumaria, abriu processo seletivo para preencher 140 vagas na regi\u00e3o\u00a0Ribeir\u00e3o Preto. As oportunidades s\u00e3o para trabalhar como...","jetpack-related-posts":[{"id":87138,"url":"https:\/\/ismaelcolosi.com.br\/index.php\/2025\/08\/20\/trabalhe-com-beleza-grande-perfumaria-abre-vagas-com-inicio-imediato-confira-mais-informacoes-e-boa-sorte\/","url_meta":{"origin":74054,"position":0},"title":"Trabalhe com beleza! Grande Perfumaria abre vagas com in\u00edcio imediato, Confira mais informa\u00e7\u00f5es e Boa sorte!","author":"Arthur Tijolo","date":"20 de August de 2025","format":false,"excerpt":"\ud83c\udf38GRANDE PERFUMARIA ABRE VAGAS FEMININAS E MASCULINAS Local: Ribeir\u00e3o Preto \u2013 SP Setor: Varejo de Perfumaria e Cosm\u00e9ticos \ud83d\udc69 Vagas Femininas: Operadora de Caixa Vendedora com experi\u00eancia (prefer\u00eancia por experi\u00eancia em perfumaria) Auxiliar de Loja \ud83d\udc68 Vaga Masculina: Fiscal de Loja \ud83d\udd52 Requisitos: Disponibilidade para hor\u00e1rio comercial Disponibilidade para trabalhar\u2026","rel":"","context":"In &quot;Entrevistas agendadas para hoje em Ribeir\u00e3o Preto-SP&quot;","block_context":{"text":"Entrevistas agendadas para hoje em Ribeir\u00e3o Preto-SP","link":"https:\/\/ismaelcolosi.com.br\/index.php\/category\/empregos-classificados-vagas-trabalho\/vagas-de-empregos-em-ribeirao-preto-regiao-brasil\/entrevistas-agendadas-para-hoje-em-ribeirao-preto-sp\/"},"img":{"alt_text":"","src":"https:\/\/i0.wp.com\/ismaelcolosi.com.br\/wp-content\/uploads\/2025\/07\/a3e97088f30f8acd4c21ea69ffbecb43.jpg?fit=1080%2C981&ssl=1&resize=350%2C200","width":350,"height":200,"srcset":"https:\/\/i0.wp.com\/ismaelcolosi.com.br\/wp-content\/uploads\/2025\/07\/a3e97088f30f8acd4c21ea69ffbecb43.jpg?fit=1080%2C981&ssl=1&resize=350%2C200 1x, https:\/\/i0.wp.com\/ismaelcolosi.com.br\/wp-content\/uploads\/2025\/07\/a3e97088f30f8acd4c21ea69ffbecb43.jpg?fit=1080%2C981&ssl=1&resize=525%2C300 1.5x, https:\/\/i0.wp.com\/ismaelcolosi.com.br\/wp-content\/uploads\/2025\/07\/a3e97088f30f8acd4c21ea69ffbecb43.jpg?fit=1080%2C981&ssl=1&resize=700%2C400 2x, https:\/\/i0.wp.com\/ismaelcolosi.com.br\/wp-content\/uploads\/2025\/07\/a3e97088f30f8acd4c21ea69ffbecb43.jpg?fit=1080%2C981&ssl=1&resize=1050%2C600 3x"},"classes":[]},{"id":73287,"url":"https:\/\/ismaelcolosi.com.br\/index.php\/2024\/10\/25\/rede-atacadista-oferece-50-vagas-de-emprego-em-ribeirao-preto\/","url_meta":{"origin":74054,"position":1},"title":"Rede atacadista oferece 50 vagas de emprego em Ribeir\u00e3o Preto","author":"ismaelcolosi.com.br","date":"25 de October de 2024","format":false,"excerpt":"A rede atacadista Assa\u00ed anunciou a abertura de 50 vagas de emprego em Ribeir\u00e3o Preto. Tamb\u00e9m h\u00e1 oportunidade para pessoas com defici\u00eancia. Todas as vagas s\u00e3o efetivas e abrangem diferentes \u00e1reas operacionais da empresa. Confira: A\u00e7ougueiro Aprendiz operador de caixa Atendente de loja Atendente de loja \u2013 vendedor de cart\u00f5es\u2026","rel":"","context":"In &quot;Not\u00edcias de Ribeir\u00e3o Preto-SP e Regi\u00e3o&quot;","block_context":{"text":"Not\u00edcias de Ribeir\u00e3o Preto-SP e Regi\u00e3o","link":"https:\/\/ismaelcolosi.com.br\/index.php\/category\/noticias-de-ribeirao-preto-sp-e-regiao-ismael-colosi\/"},"img":{"alt_text":"","src":"https:\/\/i0.wp.com\/ismaelcolosi.com.br\/wp-content\/uploads\/2024\/10\/assai_nova_loja_2024-10-03_19-47-29_jpg_2024-10-03_19-47-30.webp.webp?fit=1200%2C648&ssl=1&resize=350%2C200","width":350,"height":200,"srcset":"https:\/\/i0.wp.com\/ismaelcolosi.com.br\/wp-content\/uploads\/2024\/10\/assai_nova_loja_2024-10-03_19-47-29_jpg_2024-10-03_19-47-30.webp.webp?fit=1200%2C648&ssl=1&resize=350%2C200 1x, https:\/\/i0.wp.com\/ismaelcolosi.com.br\/wp-content\/uploads\/2024\/10\/assai_nova_loja_2024-10-03_19-47-29_jpg_2024-10-03_19-47-30.webp.webp?fit=1200%2C648&ssl=1&resize=525%2C300 1.5x, https:\/\/i0.wp.com\/ismaelcolosi.com.br\/wp-content\/uploads\/2024\/10\/assai_nova_loja_2024-10-03_19-47-29_jpg_2024-10-03_19-47-30.webp.webp?fit=1200%2C648&ssl=1&resize=700%2C400 2x, https:\/\/i0.wp.com\/ismaelcolosi.com.br\/wp-content\/uploads\/2024\/10\/assai_nova_loja_2024-10-03_19-47-29_jpg_2024-10-03_19-47-30.webp.webp?fit=1200%2C648&ssl=1&resize=1050%2C600 3x"},"classes":[]},{"id":43155,"url":"https:\/\/ismaelcolosi.com.br\/index.php\/2024\/03\/19\/supermercados-dia-fechara-dezoito-lojas-na-regiao-de-ribeirao-veja-cidades-com-liquidacao\/","url_meta":{"origin":74054,"position":2},"title":"Supermercados Dia fechar\u00e1 dezoito lojas na regi\u00e3o de Ribeir\u00e3o; Veja cidades com liquida\u00e7\u00e3o","author":"ismaelcolosi.com.br","date":"19 de March de 2024","format":false,"excerpt":"Dezoito lojas da rede de supermercados Dia ser\u00e3o fechadas na regi\u00e3o de Ribeir\u00e3o Preto. Ap\u00f3s o seu persistente resultado negativo no pa\u00eds, o grupo espanhol anunciou o encerramento de mais da metade de suas lojas em todo o Brasil. Ainda n\u00e3o se sabe o dia exato em que as lojas\u2026","rel":"","context":"In &quot;Not\u00edcias de Ribeir\u00e3o Preto-SP e Regi\u00e3o&quot;","block_context":{"text":"Not\u00edcias de Ribeir\u00e3o Preto-SP e Regi\u00e3o","link":"https:\/\/ismaelcolosi.com.br\/index.php\/category\/noticias-de-ribeirao-preto-sp-e-regiao-ismael-colosi\/"},"img":{"alt_text":"","src":"https:\/\/i0.wp.com\/ismaelcolosi.com.br\/wp-content\/uploads\/2024\/03\/Dia_Sertaozinho.png?fit=784%2C495&ssl=1&resize=350%2C200","width":350,"height":200,"srcset":"https:\/\/i0.wp.com\/ismaelcolosi.com.br\/wp-content\/uploads\/2024\/03\/Dia_Sertaozinho.png?fit=784%2C495&ssl=1&resize=350%2C200 1x, https:\/\/i0.wp.com\/ismaelcolosi.com.br\/wp-content\/uploads\/2024\/03\/Dia_Sertaozinho.png?fit=784%2C495&ssl=1&resize=525%2C300 1.5x, https:\/\/i0.wp.com\/ismaelcolosi.com.br\/wp-content\/uploads\/2024\/03\/Dia_Sertaozinho.png?fit=784%2C495&ssl=1&resize=700%2C400 2x"},"classes":[]},{"id":43492,"url":"https:\/\/ismaelcolosi.com.br\/index.php\/2024\/03\/21\/dia-entra-com-pedido-de-recuperacao-judicial-lojas-do-interior-de-sp-estao-em-liquidacao\/","url_meta":{"origin":74054,"position":3},"title":"Dia entra com pedido de recupera\u00e7\u00e3o judicial; Lojas do interior de SP est\u00e3o em liquida\u00e7\u00e3o","author":"ismaelcolosi.com.br","date":"21 de March de 2024","format":false,"excerpt":"A rede de supermercados Dia apresentou um pedido de recupera\u00e7\u00e3o judicial, nesta quinta-feira (21), com o objetivo de tentar superar sua atual situa\u00e7\u00e3o econ\u00f4mica e financeira. O valor da a\u00e7\u00e3o \u00e9 de quase R$ 1,1 bilh\u00e3o. O pedido acontece uma semana ap\u00f3s o an\u00fancio do fechamento de 343 lojas e\u2026","rel":"","context":"In &quot;Not\u00edcias de Ribeir\u00e3o Preto-SP e Regi\u00e3o&quot;","block_context":{"text":"Not\u00edcias de Ribeir\u00e3o Preto-SP e Regi\u00e3o","link":"https:\/\/ismaelcolosi.com.br\/index.php\/category\/noticias-de-ribeirao-preto-sp-e-regiao-ismael-colosi\/"},"img":{"alt_text":"","src":"https:\/\/i0.wp.com\/ismaelcolosi.com.br\/wp-content\/uploads\/2024\/03\/AnyConv.com__dia-br-tienda-1.webp.webp?fit=888%2C500&ssl=1&resize=350%2C200","width":350,"height":200,"srcset":"https:\/\/i0.wp.com\/ismaelcolosi.com.br\/wp-content\/uploads\/2024\/03\/AnyConv.com__dia-br-tienda-1.webp.webp?fit=888%2C500&ssl=1&resize=350%2C200 1x, https:\/\/i0.wp.com\/ismaelcolosi.com.br\/wp-content\/uploads\/2024\/03\/AnyConv.com__dia-br-tienda-1.webp.webp?fit=888%2C500&ssl=1&resize=525%2C300 1.5x, https:\/\/i0.wp.com\/ismaelcolosi.com.br\/wp-content\/uploads\/2024\/03\/AnyConv.com__dia-br-tienda-1.webp.webp?fit=888%2C500&ssl=1&resize=700%2C400 2x"},"classes":[]},{"id":87020,"url":"https:\/\/ismaelcolosi.com.br\/index.php\/2025\/08\/11\/50-vagas-para-jovem-aprendiz-em-ribeirao-preto-sp-veja-agora-45\/","url_meta":{"origin":74054,"position":4},"title":"50 vagas para Jovem Aprendiz em Ribeir\u00e3o Preto-SP, veja agora","author":"ismaelcolosi.com.br","date":"11 de August de 2025","format":false,"excerpt":"Get notified about new Jovem Aprendiz jobs in Ribeir\u00e3o Preto. Sign in to create job alert 94 Jovem Aprendiz Jobs in Ribeir\u00e3o Preto Estagi\u00e1rio Estagi\u00e1rio APAE Mariana Ribeir\u00e3o Preto, S\u00e3o Paulo, Brazil Be an early applicant 3 weeks ago Estagi\u00e1ria Estagi\u00e1ria AEROLUCE Ribeir\u00e3o Preto, S\u00e3o Paulo, Brazil Be an early\u2026","rel":"","context":"In &quot;Vagas de Emprego em Ribeir\u00e3o Preto-SP&quot;","block_context":{"text":"Vagas de Emprego em Ribeir\u00e3o Preto-SP","link":"https:\/\/ismaelcolosi.com.br\/index.php\/category\/empregos-classificados-vagas-trabalho\/vagas-de-empregos-em-ribeirao-preto-regiao-brasil\/"},"img":{"alt_text":"","src":"https:\/\/i0.wp.com\/ismaelcolosi.com.br\/wp-content\/uploads\/2025\/08\/eddd344102207150476e63cfa19d06d97410ddf0.png?fit=600%2C315&ssl=1&resize=350%2C200","width":350,"height":200,"srcset":"https:\/\/i0.wp.com\/ismaelcolosi.com.br\/wp-content\/uploads\/2025\/08\/eddd344102207150476e63cfa19d06d97410ddf0.png?fit=600%2C315&ssl=1&resize=350%2C200 1x, https:\/\/i0.wp.com\/ismaelcolosi.com.br\/wp-content\/uploads\/2025\/08\/eddd344102207150476e63cfa19d06d97410ddf0.png?fit=600%2C315&ssl=1&resize=525%2C300 1.5x"},"classes":[]},{"id":42984,"url":"https:\/\/ismaelcolosi.com.br\/index.php\/2024\/03\/18\/dia-anuncia-encerramento-de-nove-unidades-em-ribeirao-preto-veja-quais\/","url_meta":{"origin":74054,"position":5},"title":"Dia anuncia encerramento de nove unidades em Ribeir\u00e3o Preto; Veja quais","author":"ismaelcolosi.com.br","date":"18 de March de 2024","format":false,"excerpt":"A rede de supermercados Dia encerrar\u00e1 as atividades de nove lojas em Ribeir\u00e3o Preto. A informa\u00e7\u00e3o foi confirmada ao portal acidade on, nesta segunda-feira (18), pela assessoria de imprensa do grupo. Devido ao encerramento das lojas, a rede est\u00e1 realizando uma grande liquida\u00e7\u00e3o de seus produtos. Recentemente o grupo espanhol\u2026","rel":"","context":"In &quot;Not\u00edcias de Ribeir\u00e3o Preto-SP e Regi\u00e3o&quot;","block_context":{"text":"Not\u00edcias de Ribeir\u00e3o Preto-SP e Regi\u00e3o","link":"https:\/\/ismaelcolosi.com.br\/index.php\/category\/noticias-de-ribeirao-preto-sp-e-regiao-ismael-colosi\/"},"img":{"alt_text":"","src":"https:\/\/i0.wp.com\/ismaelcolosi.com.br\/wp-content\/uploads\/2024\/03\/1710785458_Dia-Ribeirao-Preto.png?fit=826%2C447&ssl=1&resize=350%2C200","width":350,"height":200,"srcset":"https:\/\/i0.wp.com\/ismaelcolosi.com.br\/wp-content\/uploads\/2024\/03\/1710785458_Dia-Ribeirao-Preto.png?fit=826%2C447&ssl=1&resize=350%2C200 1x, https:\/\/i0.wp.com\/ismaelcolosi.com.br\/wp-content\/uploads\/2024\/03\/1710785458_Dia-Ribeirao-Preto.png?fit=826%2C447&ssl=1&resize=525%2C300 1.5x, https:\/\/i0.wp.com\/ismaelcolosi.com.br\/wp-content\/uploads\/2024\/03\/1710785458_Dia-Ribeirao-Preto.png?fit=826%2C447&ssl=1&resize=700%2C400 2x"},"classes":[]}],"jetpack_sharing_enabled":true,"jetpack_shortlink":"https:\/\/wp.me\/pfMlyK-jgq","_links":{"self":[{"href":"https:\/\/ismaelcolosi.com.br\/index.php\/wp-json\/wp\/v2\/posts\/74054","targetHints":{"allow":["GET"]}}],"collection":[{"href":"https:\/\/ismaelcolosi.com.br\/index.php\/wp-json\/wp\/v2\/posts"}],"about":[{"href":"https:\/\/ismaelcolosi.com.br\/index.php\/wp-json\/wp\/v2\/types\/post"}],"author":[{"embeddable":true,"href":"https:\/\/ismaelcolosi.com.br\/index.php\/wp-json\/wp\/v2\/users\/1"}],"replies":[{"embeddable":true,"href":"https:\/\/ismaelcolosi.com.br\/index.php\/wp-json\/wp\/v2\/comments?post=74054"}],"version-history":[{"count":0,"href":"https:\/\/ismaelcolosi.com.br\/index.php\/wp-json\/wp\/v2\/posts\/74054\/revisions"}],"wp:featuredmedia":[{"embeddable":true,"href":"https:\/\/ismaelcolosi.com.br\/index.php\/wp-json\/wp\/v2\/media\/74055"}],"wp:attachment":[{"href":"https:\/\/ismaelcolosi.com.br\/index.php\/wp-json\/wp\/v2\/media?parent=74054"}],"wp:term":[{"taxonomy":"category","embeddable":true,"href":"https:\/\/ismaelcolosi.com.br\/index.php\/wp-json\/wp\/v2\/categories?post=74054"},{"taxonomy":"post_tag","embeddable":true,"href":"https:\/\/ismaelcolosi.com.br\/index.php\/wp-json\/wp\/v2\/tags?post=74054"}],"curies":[{"name":"wp","href":"https:\/\/api.w.org\/{rel}","templated":true}]}}