{"id":74052,"date":"2024-10-29T19:07:35","date_gmt":"2024-10-29T22:07:35","guid":{"rendered":"https:\/\/ismaelcolosi.com.br\/index.php\/2024\/10\/29\/observatorio-do-livro-realiza-sarau-com-participantes-do-clube-de-leitura-6-0-em-ribeirao\/"},"modified":"2024-10-29T19:07:35","modified_gmt":"2024-10-29T22:07:35","slug":"observatorio-do-livro-realiza-sarau-com-participantes-do-clube-de-leitura-6-0-em-ribeirao","status":"publish","type":"post","link":"https:\/\/ismaelcolosi.com.br\/index.php\/2024\/10\/29\/observatorio-do-livro-realiza-sarau-com-participantes-do-clube-de-leitura-6-0-em-ribeirao\/","title":{"rendered":"Observat\u00f3rio do Livro realiza sarau com participantes do Clube de Leitura 6.0 em Ribeir\u00e3o"},"content":{"rendered":"<p> <br \/>\n<\/p>\n<div>\n<p>Al\u00e9m de n\u00e3o deixar a data passar em branco, a proposta do evento \u2013 que reuniu membros 60+ de v\u00e1rios grupos do Clube de Leitura na Biblioteca Sinh\u00e1 Junqueira \u2013 contemplou a apresenta\u00e7\u00e3o de textos autorais dos participantes e trechos de obras que fizeram parte da curadoria do projeto no per\u00edodo. O encontro aconteceu na tarde desta ter\u00e7a-feira (29) e celebrou o Dia Nacional do Livro com a interpreta\u00e7\u00e3o de muitos poemas.<\/p>\n<p>Para a diretora de Opera\u00e7\u00f5es do Observat\u00f3rio, Luciana Paschoalin, que coordenou a atividade, a comemora\u00e7\u00e3o valeu por diversos motivos. \u201cUm deles \u00e9, sem d\u00favida, reavivar a import\u00e2ncia da leitura liter\u00e1ria no cotidiano dos participantes dos nossos projetos\u201d, observa. Ela comenta tamb\u00e9m que momentos como esse ressaltam o protagonismo das pessoas idosas que \u00e9 t\u00e3o estimulado pela institui\u00e7\u00e3o.<\/p>\n<p>Maria Luiza Freires Lopes, de 66 anos, que participa de dois clubes de leitura, adorou a atividade proposta pelo Observat\u00f3rio. \u201c\u00c9 muito bom conhecer pessoas de outros grupos e, principalmente, tomar conhecimento de tudo que \u00e9 realizado. Eu nem sabia que tinha tantos clubes assim\u201d, ela se espanta. \u201cFazer parte de tudo isso \u00e9 um aprendizado; atrav\u00e9s da leitura de livros d\u00e1 para entender a vida\u201d, comenta.<\/p>\n<p>\u201cA apresenta\u00e7\u00e3o de hoje foi muito bacana. \u00c9 uma troca de conhecimento. N\u00f3s, os idosos, tamb\u00e9m precisamos disso: sair, nos arrumar\u2026 \u00c9 muito gostoso!\u201d, completa Maria Luiza.<\/p>\n<p>Esse impacto n\u00e3o \u00e9 diferente para a assistente social aposentada Guilhermina Zanelato. Aos 73 anos, ela conta que a aproxima\u00e7\u00e3o com o Observat\u00f3rio transformou o seu cotidiano. \u201cEntrei logo depois da pandemia. Estava numa situa\u00e7\u00e3o muito dif\u00edcil, me achava velha\u201d, relata Guida, como \u00e9 conhecida. \u201cO Clube de Leitura 6.0 foi um divisor de \u00e1guas na minha vida, conheci outras pessoas que continuam amigas at\u00e9 hoje e descobri que tinha um mundo l\u00e1 fora, al\u00e9m do meu mundinho. Eu amo o Observat\u00f3rio!\u201d, confessa ela, que virou leitora di\u00e1ria de Cora Coralina.<\/p>\n<p>Enquadrado na Lei do Idoso, o Clube de Leitura 6.0 Ribeir\u00e3o Preto foi escolhido em edital p\u00fablico pelo Conselho Municipal do Idoso e \u00e9 apoiado totalmente pela iniciativa privada com patroc\u00ednios de empresas como Arteris, Valid, Agibank e Stoller, e tem o apoio de Ilumi.<\/p>\n<\/div>\n<p><br \/>\n<br \/><a href=\"https:\/\/www.tribunaribeirao.com.br\/observatorio-do-livro-realiza-sarau-com-participantes-do-clube-de-leitura-6-0-em-ribeirao\/\">Source link <\/a><\/p>\n<div class='code-block code-block-4' style='margin: 8px auto 8px 0; text-align: left; display: block; clear: both;'>\n\ud83d\udce2 Aviso Legal\n\nO site ismaelcolosi.com.br atua apenas como um canal de divulga\u00e7\u00e3o de oportunidades de emprego e n\u00e3o se responsabiliza pelo processo seletivo, contrata\u00e7\u00e3o ou qualquer outra etapa relacionada \u00e0s vagas publicadas. Todas as informa\u00e7\u00f5es s\u00e3o de responsabilidade dos anunciantes.\n\n\u26a0\ufe0f Aten\u00e7\u00e3o! Nunca pague por promessas de emprego nem compre cursos que garantam contrata\u00e7\u00e3o. Desconfie de qualquer cobran\u00e7a para participar de sele\u00e7\u00f5es.\n\n\n\n<\/div>\n<!-- CONTENT END 1 -->\n","protected":false},"excerpt":{"rendered":"<p>Al\u00e9m de n\u00e3o deixar a data passar em branco, a proposta do evento \u2013 que reuniu membros 60+ de v\u00e1rios grupos do Clube de Leitura&#8230;<\/p>\n","protected":false},"author":1,"featured_media":74053,"comment_status":"open","ping_status":"open","sticky":false,"template":"","format":"standard","meta":{"_uag_custom_page_level_css":"","advanced_seo_description":"","jetpack_seo_html_title":"","jetpack_seo_noindex":false,"jetpack_post_was_ever_published":false,"_jetpack_newsletter_access":"","_jetpack_dont_email_post_to_subs":false,"_jetpack_newsletter_tier_id":0,"_jetpack_memberships_contains_paywalled_content":false,"_jetpack_memberships_contains_paid_content":false,"footnotes":"","jetpack_publicize_message":"","jetpack_publicize_feature_enabled":true,"jetpack_social_post_already_shared":true,"jetpack_social_options":{"image_generator_settings":{"template":"highway","default_image_id":0,"font":"","enabled":false},"version":2}},"categories":[11],"tags":[],"class_list":["post-74052","post","type-post","status-publish","format-standard","has-post-thumbnail","hentry","category-noticias-de-ribeirao-preto-sp-e-regiao-ismael-colosi"],"jetpack_publicize_connections":[],"jetpack_featured_media_url":"https:\/\/i0.wp.com\/ismaelcolosi.com.br\/wp-content\/uploads\/2024\/10\/e2667ae3-aa49-4960-b108-6b9fc6fbb2c7-scaled.jpeg?fit=800%2C451&ssl=1","uagb_featured_image_src":{"full":["https:\/\/i0.wp.com\/ismaelcolosi.com.br\/wp-content\/uploads\/2024\/10\/e2667ae3-aa49-4960-b108-6b9fc6fbb2c7-scaled.jpeg?fit=800%2C451&ssl=1",800,451,false],"thumbnail":["https:\/\/i0.wp.com\/ismaelcolosi.com.br\/wp-content\/uploads\/2024\/10\/e2667ae3-aa49-4960-b108-6b9fc6fbb2c7-scaled.jpeg?resize=150%2C150&ssl=1",150,150,true],"medium":["https:\/\/i0.wp.com\/ismaelcolosi.com.br\/wp-content\/uploads\/2024\/10\/e2667ae3-aa49-4960-b108-6b9fc6fbb2c7-scaled.jpeg?fit=300%2C169&ssl=1",300,169,true],"medium_large":["https:\/\/i0.wp.com\/ismaelcolosi.com.br\/wp-content\/uploads\/2024\/10\/e2667ae3-aa49-4960-b108-6b9fc6fbb2c7-scaled.jpeg?fit=768%2C433&ssl=1",768,433,true],"large":["https:\/\/i0.wp.com\/ismaelcolosi.com.br\/wp-content\/uploads\/2024\/10\/e2667ae3-aa49-4960-b108-6b9fc6fbb2c7-scaled.jpeg?fit=800%2C451&ssl=1",800,451,true],"1536x1536":["https:\/\/i0.wp.com\/ismaelcolosi.com.br\/wp-content\/uploads\/2024\/10\/e2667ae3-aa49-4960-b108-6b9fc6fbb2c7-scaled.jpeg?fit=800%2C451&ssl=1",800,451,true],"2048x2048":["https:\/\/i0.wp.com\/ismaelcolosi.com.br\/wp-content\/uploads\/2024\/10\/e2667ae3-aa49-4960-b108-6b9fc6fbb2c7-scaled.jpeg?fit=800%2C451&ssl=1",800,451,true],"really-simple-thumb":["https:\/\/i0.wp.com\/ismaelcolosi.com.br\/wp-content\/uploads\/2024\/10\/e2667ae3-aa49-4960-b108-6b9fc6fbb2c7-scaled.jpeg?resize=370%2C247&ssl=1",370,247,true]},"uagb_author_info":{"display_name":"ismaelcolosi.com.br","author_link":"https:\/\/ismaelcolosi.com.br\/index.php\/author\/vidareal-online\/"},"uagb_comment_info":0,"uagb_excerpt":"Al\u00e9m de n\u00e3o deixar a data passar em branco, a proposta do evento \u2013 que reuniu membros 60+ de v\u00e1rios grupos do Clube de Leitura...","jetpack-related-posts":[{"id":42084,"url":"https:\/\/ismaelcolosi.com.br\/index.php\/2024\/03\/12\/observatorio-do-livro-leva-leitura-para-pessoas-idosas-em-situacao-de-rua-em-ribeirao\/","url_meta":{"origin":74052,"position":0},"title":"Observat\u00f3rio do Livro leva leitura para pessoas idosas em situa\u00e7\u00e3o de rua em Ribeir\u00e3o","author":"ismaelcolosi.com.br","date":"12 de March de 2024","format":false,"excerpt":"12 de mar\u00e7o de 2024 | 15:3012 de mar\u00e7o de 2024 | 15:02 0Decorrente do aumento da expectativa de vida em geral e das desigualdades sociais, o n\u00famero de pessoas idosas em situa\u00e7\u00e3o de rua aumentou sete vezes nos \u00faltimos dez anos no Brasil, segundo a pesquisa Levantamento do Observat\u00f3rio\u2026","rel":"","context":"In &quot;Not\u00edcias de Ribeir\u00e3o Preto-SP e Regi\u00e3o&quot;","block_context":{"text":"Not\u00edcias de Ribeir\u00e3o Preto-SP e Regi\u00e3o","link":"https:\/\/ismaelcolosi.com.br\/index.php\/category\/noticias-de-ribeirao-preto-sp-e-regiao-ismael-colosi\/"},"img":{"alt_text":"","src":"https:\/\/i0.wp.com\/ismaelcolosi.com.br\/wp-content\/uploads\/2024\/03\/8235b944-f1b8-416f-9225-9d13477abf45-scaled.jpg?fit=1000%2C563&ssl=1&resize=350%2C200","width":350,"height":200,"srcset":"https:\/\/i0.wp.com\/ismaelcolosi.com.br\/wp-content\/uploads\/2024\/03\/8235b944-f1b8-416f-9225-9d13477abf45-scaled.jpg?fit=1000%2C563&ssl=1&resize=350%2C200 1x, https:\/\/i0.wp.com\/ismaelcolosi.com.br\/wp-content\/uploads\/2024\/03\/8235b944-f1b8-416f-9225-9d13477abf45-scaled.jpg?fit=1000%2C563&ssl=1&resize=525%2C300 1.5x, https:\/\/i0.wp.com\/ismaelcolosi.com.br\/wp-content\/uploads\/2024\/03\/8235b944-f1b8-416f-9225-9d13477abf45-scaled.jpg?fit=1000%2C563&ssl=1&resize=700%2C400 2x"},"classes":[]},{"id":37991,"url":"https:\/\/ismaelcolosi.com.br\/index.php\/2024\/02\/19\/clube-de-leitura-com-mulheres-mastectomizadas-retoma-atividade-nesta-quarta\/","url_meta":{"origin":74052,"position":1},"title":"Clube de Leitura com mulheres mastectomizadas retoma atividade nesta quarta","author":"ismaelcolosi.com.br","date":"19 de February de 2024","format":false,"excerpt":"19 de fevereiro de 2024 | 16:4519 de fevereiro de 2024 | 16:39 0Ap\u00f3s uma pausa de in\u00edcio de ano, as 25 participantes do N\u00facleo de Ensino, Pesquisa e Assist\u00eancia a Reabilita\u00e7\u00e3o de Mastectomizadas (REMA) t\u00eam a primeira sess\u00e3o do clube de leitura, em 2024, na pr\u00f3xima quarta-feira (21), \u00e0s\u2026","rel":"","context":"In &quot;Not\u00edcias de Ribeir\u00e3o Preto-SP e Regi\u00e3o&quot;","block_context":{"text":"Not\u00edcias de Ribeir\u00e3o Preto-SP e Regi\u00e3o","link":"https:\/\/ismaelcolosi.com.br\/index.php\/category\/noticias-de-ribeirao-preto-sp-e-regiao-ismael-colosi\/"},"img":{"alt_text":"","src":"https:\/\/i0.wp.com\/ismaelcolosi.com.br\/wp-content\/uploads\/2024\/02\/9f31fdca-ac2f-4cb3-8a13-a011e8b5cd7b-scaled.jpg?fit=1000%2C563&ssl=1&resize=350%2C200","width":350,"height":200,"srcset":"https:\/\/i0.wp.com\/ismaelcolosi.com.br\/wp-content\/uploads\/2024\/02\/9f31fdca-ac2f-4cb3-8a13-a011e8b5cd7b-scaled.jpg?fit=1000%2C563&ssl=1&resize=350%2C200 1x, https:\/\/i0.wp.com\/ismaelcolosi.com.br\/wp-content\/uploads\/2024\/02\/9f31fdca-ac2f-4cb3-8a13-a011e8b5cd7b-scaled.jpg?fit=1000%2C563&ssl=1&resize=525%2C300 1.5x, https:\/\/i0.wp.com\/ismaelcolosi.com.br\/wp-content\/uploads\/2024\/02\/9f31fdca-ac2f-4cb3-8a13-a011e8b5cd7b-scaled.jpg?fit=1000%2C563&ssl=1&resize=700%2C400 2x"},"classes":[]},{"id":13201,"url":"https:\/\/ismaelcolosi.com.br\/index.php\/2023\/12\/09\/melhor-ong-de-cultura-e-de-rp\/","url_meta":{"origin":74052,"position":2},"title":"Melhor ONG de cultura \u00e9 de RP","author":"ismaelcolosi.com.br","date":"9 de December de 2023","format":false,"excerpt":"Com expertise em projetos voltados para leitores improv\u00e1veis, o Observat\u00f3rio do Livro, com sede em Ribeir\u00e3o Preto e atua\u00e7\u00e3o internacional, recebeu, na quinta-feira, 7 de dezembro, o Pr\u00eamio de Melhor ONG de Cultura do Pa\u00eds e o das 100 Melhores ONGs do Brasil em 2023. Vai completar 25 anos de\u2026","rel":"","context":"In &quot;Not\u00edcias de Ribeir\u00e3o Preto-SP e Regi\u00e3o&quot;","block_context":{"text":"Not\u00edcias de Ribeir\u00e3o Preto-SP e Regi\u00e3o","link":"https:\/\/ismaelcolosi.com.br\/index.php\/category\/noticias-de-ribeirao-preto-sp-e-regiao-ismael-colosi\/"},"img":{"alt_text":"","src":"https:\/\/i0.wp.com\/ismaelcolosi.com.br\/wp-content\/uploads\/2023\/12\/Galeno.jpg?fit=833%2C566&ssl=1&resize=350%2C200","width":350,"height":200,"srcset":"https:\/\/i0.wp.com\/ismaelcolosi.com.br\/wp-content\/uploads\/2023\/12\/Galeno.jpg?fit=833%2C566&ssl=1&resize=350%2C200 1x, https:\/\/i0.wp.com\/ismaelcolosi.com.br\/wp-content\/uploads\/2023\/12\/Galeno.jpg?fit=833%2C566&ssl=1&resize=525%2C300 1.5x, https:\/\/i0.wp.com\/ismaelcolosi.com.br\/wp-content\/uploads\/2023\/12\/Galeno.jpg?fit=833%2C566&ssl=1&resize=700%2C400 2x"},"classes":[]},{"id":39372,"url":"https:\/\/ismaelcolosi.com.br\/index.php\/2024\/02\/25\/jornada-da-leitura-6-0-aborda-a-importancia-da-leitura-para-as-pessoas-idosas\/","url_meta":{"origin":74052,"position":3},"title":"Jornada da Leitura 6.0 aborda a import\u00e2ncia da leitura para as pessoas idosas","author":"ismaelcolosi.com.br","date":"25 de February de 2024","format":false,"excerpt":"O Observat\u00f3rio do Livro realiza, a partir da pr\u00f3xima ter\u00e7a-feira (27), uma jornada on-line para discutir e intensificar a divulga\u00e7\u00e3o, entre a popula\u00e7\u00e3o mais velha, sobre os benef\u00edcios da leitura de livros para uma velhice mais saud\u00e1vel e repleta de sonhos poss\u00edveis. A cerim\u00f4nia de abertura conta com a presen\u00e7a\u2026","rel":"","context":"In &quot;Not\u00edcias de Ribeir\u00e3o Preto-SP e Regi\u00e3o&quot;","block_context":{"text":"Not\u00edcias de Ribeir\u00e3o Preto-SP e Regi\u00e3o","link":"https:\/\/ismaelcolosi.com.br\/index.php\/category\/noticias-de-ribeirao-preto-sp-e-regiao-ismael-colosi\/"},"img":{"alt_text":"","src":"https:\/\/i0.wp.com\/ismaelcolosi.com.br\/wp-content\/uploads\/2024\/02\/54f1aeee-d7a6-4b8d-aacc-aa69e02e2651-scaled.jpg?fit=860%2C645&ssl=1&resize=350%2C200","width":350,"height":200,"srcset":"https:\/\/i0.wp.com\/ismaelcolosi.com.br\/wp-content\/uploads\/2024\/02\/54f1aeee-d7a6-4b8d-aacc-aa69e02e2651-scaled.jpg?fit=860%2C645&ssl=1&resize=350%2C200 1x, https:\/\/i0.wp.com\/ismaelcolosi.com.br\/wp-content\/uploads\/2024\/02\/54f1aeee-d7a6-4b8d-aacc-aa69e02e2651-scaled.jpg?fit=860%2C645&ssl=1&resize=525%2C300 1.5x, https:\/\/i0.wp.com\/ismaelcolosi.com.br\/wp-content\/uploads\/2024\/02\/54f1aeee-d7a6-4b8d-aacc-aa69e02e2651-scaled.jpg?fit=860%2C645&ssl=1&resize=700%2C400 2x"},"classes":[]},{"id":74708,"url":"https:\/\/ismaelcolosi.com.br\/index.php\/2024\/11\/01\/5a-jornada-da-leitura-no-carcere-aborda-a-importancia-de-ampliar-o-acesso-aos-livros\/","url_meta":{"origin":74052,"position":4},"title":"5\u00aa Jornada da Leitura no C\u00e1rcere aborda a import\u00e2ncia de ampliar o acesso aos livros","author":"ismaelcolosi.com.br","date":"1 de November de 2024","format":false,"excerpt":"Evento que reuniu mais de 29.745 pessoas em 2023, sendo 20.750 privadas de liberdade e servidores p\u00fablicos, a Jornada de Leitura no C\u00e1rcere chega \u00e0 sua quinta edi\u00e7\u00e3o neste ano com o objetivo de fortalecer iniciativas de acesso ao livro e \u00e0 leitura em unidades prisionais. Escritores, especialistas, apenados e\u2026","rel":"","context":"In &quot;Not\u00edcias de Ribeir\u00e3o Preto-SP e Regi\u00e3o&quot;","block_context":{"text":"Not\u00edcias de Ribeir\u00e3o Preto-SP e Regi\u00e3o","link":"https:\/\/ismaelcolosi.com.br\/index.php\/category\/noticias-de-ribeirao-preto-sp-e-regiao-ismael-colosi\/"},"img":{"alt_text":"","src":"https:\/\/i0.wp.com\/ismaelcolosi.com.br\/wp-content\/uploads\/2024\/11\/424aaac6-1061-402c-bb56-c68a158a55fb-scaled.jpeg?fit=667%2C500&ssl=1&resize=350%2C200","width":350,"height":200,"srcset":"https:\/\/i0.wp.com\/ismaelcolosi.com.br\/wp-content\/uploads\/2024\/11\/424aaac6-1061-402c-bb56-c68a158a55fb-scaled.jpeg?fit=667%2C500&ssl=1&resize=350%2C200 1x, https:\/\/i0.wp.com\/ismaelcolosi.com.br\/wp-content\/uploads\/2024\/11\/424aaac6-1061-402c-bb56-c68a158a55fb-scaled.jpeg?fit=667%2C500&ssl=1&resize=525%2C300 1.5x"},"classes":[]},{"id":76284,"url":"https:\/\/ismaelcolosi.com.br\/index.php\/2024\/11\/12\/observatorio-do-livro-e-finalista-do-premio-governador-do-estado-para-as-artes-2024\/","url_meta":{"origin":74052,"position":5},"title":"Observat\u00f3rio do Livro \u00e9 finalista do Pr\u00eamio Governador do Estado para as Artes 2024","author":"ismaelcolosi.com.br","date":"12 de November de 2024","format":false,"excerpt":"12 de novembro de 202411 de novembro de 202410 Compartilhar0 A entrega do pr\u00eamio ocorrer\u00e1 nesta ter\u00e7a-feira (12), no Pal\u00e1cio dos Bandeirantes. Em dezembro do ano passado, o Observat\u00f3rio recebeu o Pr\u00eamio de Melhor ONG de Cultura do Pa\u00eds. O an\u00fancio foi feito pela Secretaria da Cultura, Economia e Ind\u00fastria\u2026","rel":"","context":"In &quot;Not\u00edcias de Ribeir\u00e3o Preto-SP e Regi\u00e3o&quot;","block_context":{"text":"Not\u00edcias de Ribeir\u00e3o Preto-SP e Regi\u00e3o","link":"https:\/\/ismaelcolosi.com.br\/index.php\/category\/noticias-de-ribeirao-preto-sp-e-regiao-ismael-colosi\/"},"img":{"alt_text":"","src":"https:\/\/i0.wp.com\/ismaelcolosi.com.br\/wp-content\/uploads\/2024\/11\/c75aafcb-c77c-4dbe-944b-702efa94ec19-scaled.jpeg?fit=500%2C500&ssl=1&resize=350%2C200","width":350,"height":200},"classes":[]}],"jetpack_sharing_enabled":true,"jetpack_shortlink":"https:\/\/wp.me\/pfMlyK-jgo","_links":{"self":[{"href":"https:\/\/ismaelcolosi.com.br\/index.php\/wp-json\/wp\/v2\/posts\/74052","targetHints":{"allow":["GET"]}}],"collection":[{"href":"https:\/\/ismaelcolosi.com.br\/index.php\/wp-json\/wp\/v2\/posts"}],"about":[{"href":"https:\/\/ismaelcolosi.com.br\/index.php\/wp-json\/wp\/v2\/types\/post"}],"author":[{"embeddable":true,"href":"https:\/\/ismaelcolosi.com.br\/index.php\/wp-json\/wp\/v2\/users\/1"}],"replies":[{"embeddable":true,"href":"https:\/\/ismaelcolosi.com.br\/index.php\/wp-json\/wp\/v2\/comments?post=74052"}],"version-history":[{"count":0,"href":"https:\/\/ismaelcolosi.com.br\/index.php\/wp-json\/wp\/v2\/posts\/74052\/revisions"}],"wp:featuredmedia":[{"embeddable":true,"href":"https:\/\/ismaelcolosi.com.br\/index.php\/wp-json\/wp\/v2\/media\/74053"}],"wp:attachment":[{"href":"https:\/\/ismaelcolosi.com.br\/index.php\/wp-json\/wp\/v2\/media?parent=74052"}],"wp:term":[{"taxonomy":"category","embeddable":true,"href":"https:\/\/ismaelcolosi.com.br\/index.php\/wp-json\/wp\/v2\/categories?post=74052"},{"taxonomy":"post_tag","embeddable":true,"href":"https:\/\/ismaelcolosi.com.br\/index.php\/wp-json\/wp\/v2\/tags?post=74052"}],"curies":[{"name":"wp","href":"https:\/\/api.w.org\/{rel}","templated":true}]}}