{"id":74050,"date":"2024-10-29T18:52:58","date_gmt":"2024-10-29T21:52:58","guid":{"rendered":"https:\/\/ismaelcolosi.com.br\/index.php\/2024\/10\/29\/quadrilha-fortemente-armada-rouba-r-1-mi-em-fios-eletricos-na-regiao\/"},"modified":"2024-10-29T18:52:58","modified_gmt":"2024-10-29T21:52:58","slug":"quadrilha-fortemente-armada-rouba-r-1-mi-em-fios-eletricos-na-regiao","status":"publish","type":"post","link":"https:\/\/ismaelcolosi.com.br\/index.php\/2024\/10\/29\/quadrilha-fortemente-armada-rouba-r-1-mi-em-fios-eletricos-na-regiao\/","title":{"rendered":"Quadrilha fortemente armada rouba R$ 1 mi em fios el\u00e9tricos na regi\u00e3o"},"content":{"rendered":"<p> <br \/>\n<\/p>\n<div>\n<p>Por: Adalberto Luque<\/p>\n<p>Um grupo de assaltantes fortemente armados assaltou um condom\u00ednio em constru\u00e7\u00e3o, na noite desta segunda-feira (28). O crime ocorreu na cidade de Mat\u00e3o, pr\u00f3ximo a Araraquara.<\/p>\n<p>Segundo informa\u00e7\u00f5es, cerca de 15 homens fortemente armados invadiram o Condom\u00ednio Vila Fl\u00f3rida, que est\u00e1 em constru\u00e7\u00e3o. Portando armas de grosso calibre, renderam vigilantes e funcion\u00e1rios, amarrando a todos.<\/p>\n<p>Em seguida, foram at\u00e9 dois containers, onde havia grande quantidade de fia\u00e7\u00e3o e cabos el\u00e9tricos armazenados. Os assaltantes tamb\u00e9m roubaram um caminh\u00e3o na obra e carregaram os fios. Em seguida trancaram os funcion\u00e1rios num dos containers e fugiram, levando dois ve\u00edculos dos funcion\u00e1rios do condom\u00ednio.<\/p>\n<p>Eles seguiram em dire\u00e7\u00e3o a duas rodovias, a Brigadeiro Faria Lima e a Carlos Fernando Mazoni, j\u00e1 no come\u00e7o da madrugada desta ter\u00e7a-feira (29). Chegaram a ser detectados por c\u00e2meras de seguran\u00e7a no trajeto, mas depois tomaram rumo ignorado.<\/p>\n<figure id=\"attachment_408300\" aria-describedby=\"caption-attachment-408300\" style=\"width: 750px\" class=\"wp-caption alignnone\"><img data-recalc-dims=\"1\" loading=\"lazy\" decoding=\"async\" class=\"size-full wp-image-408300 lazyload\" src=\"https:\/\/i0.wp.com\/www.tribunaribeirao.com.br\/wp-content\/uploads\/2024\/10\/29out2024condominiomatao2-scaled.jpg?resize=750%2C500&#038;ssl=1\" alt=\"\" width=\"750\" height=\"500\" srcset=\"https:\/\/www.tribunaribeirao.com.br\/wp-content\/uploads\/2024\/10\/29out2024condominiomatao2-scaled.jpg 750w, https:\/\/www.tribunaribeirao.com.br\/wp-content\/uploads\/2024\/10\/29out2024condominiomatao2-300x200.jpg 300w, https:\/\/www.tribunaribeirao.com.br\/wp-content\/uploads\/2024\/10\/29out2024condominiomatao2-1024x682.jpg 1024w, https:\/\/www.tribunaribeirao.com.br\/wp-content\/uploads\/2024\/10\/29out2024condominiomatao2-768x512.jpg 768w, https:\/\/www.tribunaribeirao.com.br\/wp-content\/uploads\/2024\/10\/29out2024condominiomatao2-1536x1023.jpg 1536w, https:\/\/www.tribunaribeirao.com.br\/wp-content\/uploads\/2024\/10\/29out2024condominiomatao2-480x320.jpg 480w, https:\/\/www.tribunaribeirao.com.br\/wp-content\/uploads\/2024\/10\/29out2024condominiomatao2-280x186.jpg 280w, https:\/\/www.tribunaribeirao.com.br\/wp-content\/uploads\/2024\/10\/29out2024condominiomatao2-960x640.jpg 960w, https:\/\/www.tribunaribeirao.com.br\/wp-content\/uploads\/2024\/10\/29out2024condominiomatao2-600x400.jpg 600w, https:\/\/www.tribunaribeirao.com.br\/wp-content\/uploads\/2024\/10\/29out2024condominiomatao2-585x390.jpg 585w\" data-sizes=\"(max-width: 750px) 100vw, 750px\" style=\"--smush-placeholder-width: 750px; --smush-placeholder-aspect-ratio: 750\/500;\"\/><img data-recalc-dims=\"1\" loading=\"lazy\" decoding=\"async\" class=\"size-full wp-image-408300\" src=\"https:\/\/i0.wp.com\/www.tribunaribeirao.com.br\/wp-content\/uploads\/2024\/10\/29out2024condominiomatao2-scaled.jpg?resize=750%2C500&#038;ssl=1\" alt=\"\" width=\"750\" height=\"500\" srcset=\"https:\/\/www.tribunaribeirao.com.br\/wp-content\/uploads\/2024\/10\/29out2024condominiomatao2-scaled.jpg 750w, https:\/\/www.tribunaribeirao.com.br\/wp-content\/uploads\/2024\/10\/29out2024condominiomatao2-300x200.jpg 300w, https:\/\/www.tribunaribeirao.com.br\/wp-content\/uploads\/2024\/10\/29out2024condominiomatao2-1024x682.jpg 1024w, https:\/\/www.tribunaribeirao.com.br\/wp-content\/uploads\/2024\/10\/29out2024condominiomatao2-768x512.jpg 768w, https:\/\/www.tribunaribeirao.com.br\/wp-content\/uploads\/2024\/10\/29out2024condominiomatao2-1536x1023.jpg 1536w, https:\/\/www.tribunaribeirao.com.br\/wp-content\/uploads\/2024\/10\/29out2024condominiomatao2-480x320.jpg 480w, https:\/\/www.tribunaribeirao.com.br\/wp-content\/uploads\/2024\/10\/29out2024condominiomatao2-280x186.jpg 280w, https:\/\/www.tribunaribeirao.com.br\/wp-content\/uploads\/2024\/10\/29out2024condominiomatao2-960x640.jpg 960w, https:\/\/www.tribunaribeirao.com.br\/wp-content\/uploads\/2024\/10\/29out2024condominiomatao2-600x400.jpg 600w, https:\/\/www.tribunaribeirao.com.br\/wp-content\/uploads\/2024\/10\/29out2024condominiomatao2-585x390.jpg 585w\" sizes=\"auto, (max-width: 750px) 100vw, 750px\"\/><figcaption id=\"caption-attachment-408300\" class=\"wp-caption-text\">Apesar da interven\u00e7\u00e3o do Corpo de Bombeiros, carros ficaram destru\u00eddos no inc\u00eandio (Foto e informa\u00e7\u00f5es: Mat\u00e3o Urgente\/Maury Jr.)<\/figcaption><\/figure>\n<p>Os ve\u00edculos levados pela quadrilha foram incendiados. Eles atearam fogo em um Ford Escort e um Fiat Uno na estrada de acesso \u00e0 Casa Pipa, bairro Boa Vista, em Mat\u00e3o. O Corpo de Bombeiros foi acionado e apagou as chamas, mas os ve\u00edculos ficaram completamente destru\u00eddos.<\/p>\n<p>A Pol\u00edcia Militar foi acionada pelos funcion\u00e1rios do condom\u00ednio por volta de 03h00. Foi quando eles conseguiram se desamarrar e pedir socorro.<\/p>\n<p>O local do crime foi preservado pela Pol\u00edcia Militar. A Pol\u00edcia T\u00e9cnico-Cient\u00edfica esteve no local e fez o trabalho de per\u00edcia. Estima-se que cerca de R$ 1 milh\u00e3o em cabos e fios el\u00e9tricos tenham sido levados, mas a Construtora ainda est\u00e1 fazendo o levantamento total do preju\u00edzo. A Pol\u00edcia Civil investiga o roubo milion\u00e1rio.<\/p>\n<\/div>\n<p><br \/>\n<br \/><a href=\"https:\/\/www.tribunaribeirao.com.br\/quadrilha-fortemente-armada-rouba-r-1-mi-em-fios-eletricos-na-regiao\/\">Source link <\/a><\/p>\n<div class='code-block code-block-4' style='margin: 8px auto 8px 0; text-align: left; display: block; clear: both;'>\n\ud83d\udce2 Aviso Legal\n\nO site ismaelcolosi.com.br atua apenas como um canal de divulga\u00e7\u00e3o de oportunidades de emprego e n\u00e3o se responsabiliza pelo processo seletivo, contrata\u00e7\u00e3o ou qualquer outra etapa relacionada \u00e0s vagas publicadas. Todas as informa\u00e7\u00f5es s\u00e3o de responsabilidade dos anunciantes.\n\n\u26a0\ufe0f Aten\u00e7\u00e3o! Nunca pague por promessas de emprego nem compre cursos que garantam contrata\u00e7\u00e3o. Desconfie de qualquer cobran\u00e7a para participar de sele\u00e7\u00f5es.\n\n\n\n<\/div>\n<!-- CONTENT END 1 -->\n","protected":false},"excerpt":{"rendered":"<p>Por: Adalberto Luque Um grupo de assaltantes fortemente armados assaltou um condom\u00ednio em constru\u00e7\u00e3o, na noite desta segunda-feira (28). O crime ocorreu na cidade de&#8230;<\/p>\n","protected":false},"author":1,"featured_media":74051,"comment_status":"open","ping_status":"open","sticky":false,"template":"","format":"standard","meta":{"_uag_custom_page_level_css":"","advanced_seo_description":"","jetpack_seo_html_title":"","jetpack_seo_noindex":false,"jetpack_post_was_ever_published":false,"_jetpack_newsletter_access":"","_jetpack_dont_email_post_to_subs":false,"_jetpack_newsletter_tier_id":0,"_jetpack_memberships_contains_paywalled_content":false,"_jetpack_memberships_contains_paid_content":false,"footnotes":"","jetpack_publicize_message":"","jetpack_publicize_feature_enabled":true,"jetpack_social_post_already_shared":true,"jetpack_social_options":{"image_generator_settings":{"template":"highway","default_image_id":0,"font":"","enabled":false},"version":2}},"categories":[11],"tags":[],"class_list":["post-74050","post","type-post","status-publish","format-standard","has-post-thumbnail","hentry","category-noticias-de-ribeirao-preto-sp-e-regiao-ismael-colosi"],"jetpack_publicize_connections":[],"jetpack_featured_media_url":"https:\/\/i0.wp.com\/ismaelcolosi.com.br\/wp-content\/uploads\/2024\/10\/29out2024condominiomatao1-scaled.jpg?fit=800%2C450&ssl=1","uagb_featured_image_src":{"full":["https:\/\/i0.wp.com\/ismaelcolosi.com.br\/wp-content\/uploads\/2024\/10\/29out2024condominiomatao1-scaled.jpg?fit=800%2C450&ssl=1",800,450,false],"thumbnail":["https:\/\/i0.wp.com\/ismaelcolosi.com.br\/wp-content\/uploads\/2024\/10\/29out2024condominiomatao1-scaled.jpg?resize=150%2C150&ssl=1",150,150,true],"medium":["https:\/\/i0.wp.com\/ismaelcolosi.com.br\/wp-content\/uploads\/2024\/10\/29out2024condominiomatao1-scaled.jpg?fit=300%2C169&ssl=1",300,169,true],"medium_large":["https:\/\/i0.wp.com\/ismaelcolosi.com.br\/wp-content\/uploads\/2024\/10\/29out2024condominiomatao1-scaled.jpg?fit=768%2C432&ssl=1",768,432,true],"large":["https:\/\/i0.wp.com\/ismaelcolosi.com.br\/wp-content\/uploads\/2024\/10\/29out2024condominiomatao1-scaled.jpg?fit=800%2C450&ssl=1",800,450,true],"1536x1536":["https:\/\/i0.wp.com\/ismaelcolosi.com.br\/wp-content\/uploads\/2024\/10\/29out2024condominiomatao1-scaled.jpg?fit=800%2C450&ssl=1",800,450,true],"2048x2048":["https:\/\/i0.wp.com\/ismaelcolosi.com.br\/wp-content\/uploads\/2024\/10\/29out2024condominiomatao1-scaled.jpg?fit=800%2C450&ssl=1",800,450,true],"really-simple-thumb":["https:\/\/i0.wp.com\/ismaelcolosi.com.br\/wp-content\/uploads\/2024\/10\/29out2024condominiomatao1-scaled.jpg?resize=370%2C247&ssl=1",370,247,true]},"uagb_author_info":{"display_name":"ismaelcolosi.com.br","author_link":"https:\/\/ismaelcolosi.com.br\/index.php\/author\/vidareal-online\/"},"uagb_comment_info":0,"uagb_excerpt":"Por: Adalberto Luque Um grupo de assaltantes fortemente armados assaltou um condom\u00ednio em constru\u00e7\u00e3o, na noite desta segunda-feira (28). O crime ocorreu na cidade de...","jetpack-related-posts":[{"id":64585,"url":"https:\/\/ismaelcolosi.com.br\/index.php\/2024\/09\/08\/criminosos-armados-rendem-funcionarios-e-roubam-carga-de-transportadora-em-ribeirao\/","url_meta":{"origin":74050,"position":0},"title":"Criminosos armados rendem funcion\u00e1rios e roubam carga de transportadora em Ribeir\u00e3o","author":"ismaelcolosi.com.br","date":"8 de September de 2024","format":false,"excerpt":"Criminosos invadiram, renderam tr\u00eas funcion\u00e1rios e roubaram a carga de uma transportadora na zona Leste de Ribeir\u00e3o Preto, na \u00faltima sexta-feira (8). Ao menos cinco pessoas participaram da a\u00e7\u00e3o. Conforme o boletim de ocorr\u00eancia (BO), um dos criminosos teria entrado no local e perguntando sobre agrega\u00e7\u00e3o de ve\u00edculos. Na sequ\u00eancia,\u2026","rel":"","context":"In &quot;Not\u00edcias de Ribeir\u00e3o Preto-SP e Regi\u00e3o&quot;","block_context":{"text":"Not\u00edcias de Ribeir\u00e3o Preto-SP e Regi\u00e3o","link":"https:\/\/ismaelcolosi.com.br\/index.php\/category\/noticias-de-ribeirao-preto-sp-e-regiao-ismael-colosi\/"},"img":{"alt_text":"","src":"https:\/\/i0.wp.com\/ismaelcolosi.com.br\/wp-content\/uploads\/2024\/09\/cpj_1024x576_04082020121137.jpg?fit=1024%2C575&ssl=1&resize=350%2C200","width":350,"height":200,"srcset":"https:\/\/i0.wp.com\/ismaelcolosi.com.br\/wp-content\/uploads\/2024\/09\/cpj_1024x576_04082020121137.jpg?fit=1024%2C575&ssl=1&resize=350%2C200 1x, https:\/\/i0.wp.com\/ismaelcolosi.com.br\/wp-content\/uploads\/2024\/09\/cpj_1024x576_04082020121137.jpg?fit=1024%2C575&ssl=1&resize=525%2C300 1.5x, https:\/\/i0.wp.com\/ismaelcolosi.com.br\/wp-content\/uploads\/2024\/09\/cpj_1024x576_04082020121137.jpg?fit=1024%2C575&ssl=1&resize=700%2C400 2x"},"classes":[]},{"id":49774,"url":"https:\/\/ismaelcolosi.com.br\/index.php\/2024\/05\/13\/assaltantes-armados-rendem-pescadores-e-roubam-fusca-em-ribeirao-preto\/","url_meta":{"origin":74050,"position":1},"title":"Assaltantes armados rendem pescadores e roubam Fusca em Ribeir\u00e3o Preto","author":"ismaelcolosi.com.br","date":"13 de May de 2024","format":false,"excerpt":"Um Fusca marrom ano 1974, que estava com dois pescadores, foi roubado na tarde deste domingo (12), em Bonfim Paulista, distrito de Ribeir\u00e3o Preto. Segundo o boletim de ocorr\u00eancia (BO), as v\u00edtimas, de 62 anos e 64 anos, voltavam da pescaria no ve\u00edculo pela estrada velha de Guatapar\u00e1, quando estacionaram\u2026","rel":"","context":"In &quot;Not\u00edcias de Ribeir\u00e3o Preto-SP e Regi\u00e3o&quot;","block_context":{"text":"Not\u00edcias de Ribeir\u00e3o Preto-SP e Regi\u00e3o","link":"https:\/\/ismaelcolosi.com.br\/index.php\/category\/noticias-de-ribeirao-preto-sp-e-regiao-ismael-colosi\/"},"img":{"alt_text":"","src":"https:\/\/i0.wp.com\/ismaelcolosi.com.br\/wp-content\/uploads\/2024\/05\/1715611676_cpj_1024x576_21012021092745.jpg?fit=1024%2C575&ssl=1&resize=350%2C200","width":350,"height":200,"srcset":"https:\/\/i0.wp.com\/ismaelcolosi.com.br\/wp-content\/uploads\/2024\/05\/1715611676_cpj_1024x576_21012021092745.jpg?fit=1024%2C575&ssl=1&resize=350%2C200 1x, https:\/\/i0.wp.com\/ismaelcolosi.com.br\/wp-content\/uploads\/2024\/05\/1715611676_cpj_1024x576_21012021092745.jpg?fit=1024%2C575&ssl=1&resize=525%2C300 1.5x, https:\/\/i0.wp.com\/ismaelcolosi.com.br\/wp-content\/uploads\/2024\/05\/1715611676_cpj_1024x576_21012021092745.jpg?fit=1024%2C575&ssl=1&resize=700%2C400 2x"},"classes":[]},{"id":48757,"url":"https:\/\/ismaelcolosi.com.br\/index.php\/2024\/05\/06\/assaltantes-invadem-festa-amarram-familia-e-fazem-limpa-em-casa-de-ribeirao\/","url_meta":{"origin":74050,"position":2},"title":"Assaltantes invadem festa, amarram fam\u00edlia e fazem &#8216;limpa&#8217; em casa de Ribeir\u00e3o","author":"ismaelcolosi.com.br","date":"6 de May de 2024","format":false,"excerpt":"Um casal e dois cunhados foram amarrados durante um roubo a resid\u00eancia na noite deste domingo (5), no Monte Alegre, zona Oeste de Ribeir\u00e3o Preto. As v\u00edtimas participavam de uma confraterniza\u00e7\u00e3o em uma \u00e1rea de churrasco nos fundos do im\u00f3vel, na rua Maracaj\u00fa. Segundo o boletim de ocorr\u00eancia (BO), tr\u00eas\u2026","rel":"","context":"In &quot;Not\u00edcias de Ribeir\u00e3o Preto-SP e Regi\u00e3o&quot;","block_context":{"text":"Not\u00edcias de Ribeir\u00e3o Preto-SP e Regi\u00e3o","link":"https:\/\/ismaelcolosi.com.br\/index.php\/category\/noticias-de-ribeirao-preto-sp-e-regiao-ismael-colosi\/"},"img":{"alt_text":"","src":"https:\/\/i0.wp.com\/ismaelcolosi.com.br\/wp-content\/uploads\/2024\/05\/cpj_policia_1200x675_30012022162443.jpg?fit=1200%2C675&ssl=1&resize=350%2C200","width":350,"height":200,"srcset":"https:\/\/i0.wp.com\/ismaelcolosi.com.br\/wp-content\/uploads\/2024\/05\/cpj_policia_1200x675_30012022162443.jpg?fit=1200%2C675&ssl=1&resize=350%2C200 1x, https:\/\/i0.wp.com\/ismaelcolosi.com.br\/wp-content\/uploads\/2024\/05\/cpj_policia_1200x675_30012022162443.jpg?fit=1200%2C675&ssl=1&resize=525%2C300 1.5x, https:\/\/i0.wp.com\/ismaelcolosi.com.br\/wp-content\/uploads\/2024\/05\/cpj_policia_1200x675_30012022162443.jpg?fit=1200%2C675&ssl=1&resize=700%2C400 2x, https:\/\/i0.wp.com\/ismaelcolosi.com.br\/wp-content\/uploads\/2024\/05\/cpj_policia_1200x675_30012022162443.jpg?fit=1200%2C675&ssl=1&resize=1050%2C600 3x"},"classes":[]},{"id":1204,"url":"https:\/\/ismaelcolosi.com.br\/index.php\/2023\/11\/10\/policia-cumpre-mandado-contra-suspeito-de-roubo-em-joalheria-de-ribeirao-preto\/","url_meta":{"origin":74050,"position":3},"title":"Pol\u00edcia cumpre mandado contra suspeito de roubo em joalheria de Ribeir\u00e3o Preto","author":"ismaelcolosi.com.br","date":"10 de November de 2023","format":false,"excerpt":"A Pol\u00edcia Civil cumpriu tr\u00eas mandados de busca e apreens\u00e3o nesta sexta-feira (10), na resid\u00eancia dos acusados de um roubo em uma joalheria no Centro de Ribeir\u00e3o Preto, em outubro deste ano. De acordo com a pol\u00edcia, as ordens judiciais foram cumpridas em um com\u00e9rcio que possivelmente teria recebido \u00e0s\u2026","rel":"","context":"In &quot;Not\u00edcias de Ribeir\u00e3o Preto-SP e Regi\u00e3o&quot;","block_context":{"text":"Not\u00edcias de Ribeir\u00e3o Preto-SP e Regi\u00e3o","link":"https:\/\/ismaelcolosi.com.br\/index.php\/category\/noticias-de-ribeirao-preto-sp-e-regiao-ismael-colosi\/"},"img":{"alt_text":"","src":"https:\/\/i0.wp.com\/ismaelcolosi.com.br\/wp-content\/uploads\/2023\/11\/coxpia_de_tamanho_exato_para_fotos_no_sistema_novo.png?fit=1200%2C675&ssl=1&resize=350%2C200","width":350,"height":200,"srcset":"https:\/\/i0.wp.com\/ismaelcolosi.com.br\/wp-content\/uploads\/2023\/11\/coxpia_de_tamanho_exato_para_fotos_no_sistema_novo.png?fit=1200%2C675&ssl=1&resize=350%2C200 1x, https:\/\/i0.wp.com\/ismaelcolosi.com.br\/wp-content\/uploads\/2023\/11\/coxpia_de_tamanho_exato_para_fotos_no_sistema_novo.png?fit=1200%2C675&ssl=1&resize=525%2C300 1.5x, https:\/\/i0.wp.com\/ismaelcolosi.com.br\/wp-content\/uploads\/2023\/11\/coxpia_de_tamanho_exato_para_fotos_no_sistema_novo.png?fit=1200%2C675&ssl=1&resize=700%2C400 2x, https:\/\/i0.wp.com\/ismaelcolosi.com.br\/wp-content\/uploads\/2023\/11\/coxpia_de_tamanho_exato_para_fotos_no_sistema_novo.png?fit=1200%2C675&ssl=1&resize=1050%2C600 3x"},"classes":[]},{"id":59552,"url":"https:\/\/ismaelcolosi.com.br\/index.php\/2024\/08\/09\/homens-armados-invadem-e-rendem-funcionarios-de-fabrica-de-sucos-na-zona-norte-de-ribeirao\/","url_meta":{"origin":74050,"position":4},"title":"Homens armados invadem e rendem funcion\u00e1rios de f\u00e1brica de sucos na zona Norte de Ribeir\u00e3o","author":"ismaelcolosi.com.br","date":"9 de August de 2024","format":false,"excerpt":"Dois homens armados assaltaram uma f\u00e1brica de sucos no bairro Vila Mariana, zona Norte de Ribeir\u00e3o Preto, na manh\u00e3 desta sexta-feira (9). Conforme apura\u00e7\u00e3o da EPTV, os criminosos invadiram a f\u00e1brica, anunciaram o roubo e renderam os funcion\u00e1rios do local. Durante a abordagem, diversas amea\u00e7as foram realizadas. Enquanto um dos\u2026","rel":"","context":"In &quot;Not\u00edcias de Ribeir\u00e3o Preto-SP e Regi\u00e3o&quot;","block_context":{"text":"Not\u00edcias de Ribeir\u00e3o Preto-SP e Regi\u00e3o","link":"https:\/\/ismaelcolosi.com.br\/index.php\/category\/noticias-de-ribeirao-preto-sp-e-regiao-ismael-colosi\/"},"img":{"alt_text":"","src":"https:\/\/i0.wp.com\/ismaelcolosi.com.br\/wp-content\/uploads\/2024\/08\/Copia-de-Copia-de-TAMANHO-EXATO-PARA-FOTOS-NO-SISTEMA-NOVO-2024-08-09T125612.910_2024-08-09_15-58-27_png_2024-08-09_15-58-28.webp.webp?fit=1200%2C675&ssl=1&resize=350%2C200","width":350,"height":200,"srcset":"https:\/\/i0.wp.com\/ismaelcolosi.com.br\/wp-content\/uploads\/2024\/08\/Copia-de-Copia-de-TAMANHO-EXATO-PARA-FOTOS-NO-SISTEMA-NOVO-2024-08-09T125612.910_2024-08-09_15-58-27_png_2024-08-09_15-58-28.webp.webp?fit=1200%2C675&ssl=1&resize=350%2C200 1x, https:\/\/i0.wp.com\/ismaelcolosi.com.br\/wp-content\/uploads\/2024\/08\/Copia-de-Copia-de-TAMANHO-EXATO-PARA-FOTOS-NO-SISTEMA-NOVO-2024-08-09T125612.910_2024-08-09_15-58-27_png_2024-08-09_15-58-28.webp.webp?fit=1200%2C675&ssl=1&resize=525%2C300 1.5x, https:\/\/i0.wp.com\/ismaelcolosi.com.br\/wp-content\/uploads\/2024\/08\/Copia-de-Copia-de-TAMANHO-EXATO-PARA-FOTOS-NO-SISTEMA-NOVO-2024-08-09T125612.910_2024-08-09_15-58-27_png_2024-08-09_15-58-28.webp.webp?fit=1200%2C675&ssl=1&resize=700%2C400 2x, https:\/\/i0.wp.com\/ismaelcolosi.com.br\/wp-content\/uploads\/2024\/08\/Copia-de-Copia-de-TAMANHO-EXATO-PARA-FOTOS-NO-SISTEMA-NOVO-2024-08-09T125612.910_2024-08-09_15-58-27_png_2024-08-09_15-58-28.webp.webp?fit=1200%2C675&ssl=1&resize=1050%2C600 3x"},"classes":[]},{"id":53813,"url":"https:\/\/ismaelcolosi.com.br\/index.php\/2024\/06\/19\/carros-eletricos-em-condominios-o-que-voce-precisa-saber\/","url_meta":{"origin":74050,"position":5},"title":"Carros el\u00e9tricos em condom\u00ednios: O que voc\u00ea precisa saber","author":"ismaelcolosi.com.br","date":"19 de June de 2024","format":false,"excerpt":"Os n\u00fameros de compras de carros el\u00e9tricos no Brasil est\u00e3o crescendo. Segundo o relat\u00f3rio LongTerm-Eletric Vehicle Outlook (EVO) da Blomberg NEF, o mercado de eletromobilidade pode atingir US$ 9 trilh\u00f5es at\u00e9 2030 em todo o mundo, e as vendas de carros el\u00e9tricos devem quintuplicar no Brasil at\u00e9 2027. Em maio\u2026","rel":"","context":"In &quot;Not\u00edcias de Ribeir\u00e3o Preto-SP e Regi\u00e3o&quot;","block_context":{"text":"Not\u00edcias de Ribeir\u00e3o Preto-SP e Regi\u00e3o","link":"https:\/\/ismaelcolosi.com.br\/index.php\/category\/noticias-de-ribeirao-preto-sp-e-regiao-ismael-colosi\/"},"img":{"alt_text":"","src":"https:\/\/i0.wp.com\/ismaelcolosi.com.br\/wp-content\/uploads\/2024\/03\/AnyConv.com__WhatsApp-Image-2024-02-29-at-15.18.26.webp.webp?fit=640%2C405&ssl=1&resize=350%2C200","width":350,"height":200,"srcset":"https:\/\/i0.wp.com\/ismaelcolosi.com.br\/wp-content\/uploads\/2024\/03\/AnyConv.com__WhatsApp-Image-2024-02-29-at-15.18.26.webp.webp?fit=640%2C405&ssl=1&resize=350%2C200 1x, https:\/\/i0.wp.com\/ismaelcolosi.com.br\/wp-content\/uploads\/2024\/03\/AnyConv.com__WhatsApp-Image-2024-02-29-at-15.18.26.webp.webp?fit=640%2C405&ssl=1&resize=525%2C300 1.5x"},"classes":[]}],"jetpack_sharing_enabled":true,"jetpack_shortlink":"https:\/\/wp.me\/pfMlyK-jgm","_links":{"self":[{"href":"https:\/\/ismaelcolosi.com.br\/index.php\/wp-json\/wp\/v2\/posts\/74050","targetHints":{"allow":["GET"]}}],"collection":[{"href":"https:\/\/ismaelcolosi.com.br\/index.php\/wp-json\/wp\/v2\/posts"}],"about":[{"href":"https:\/\/ismaelcolosi.com.br\/index.php\/wp-json\/wp\/v2\/types\/post"}],"author":[{"embeddable":true,"href":"https:\/\/ismaelcolosi.com.br\/index.php\/wp-json\/wp\/v2\/users\/1"}],"replies":[{"embeddable":true,"href":"https:\/\/ismaelcolosi.com.br\/index.php\/wp-json\/wp\/v2\/comments?post=74050"}],"version-history":[{"count":0,"href":"https:\/\/ismaelcolosi.com.br\/index.php\/wp-json\/wp\/v2\/posts\/74050\/revisions"}],"wp:featuredmedia":[{"embeddable":true,"href":"https:\/\/ismaelcolosi.com.br\/index.php\/wp-json\/wp\/v2\/media\/74051"}],"wp:attachment":[{"href":"https:\/\/ismaelcolosi.com.br\/index.php\/wp-json\/wp\/v2\/media?parent=74050"}],"wp:term":[{"taxonomy":"category","embeddable":true,"href":"https:\/\/ismaelcolosi.com.br\/index.php\/wp-json\/wp\/v2\/categories?post=74050"},{"taxonomy":"post_tag","embeddable":true,"href":"https:\/\/ismaelcolosi.com.br\/index.php\/wp-json\/wp\/v2\/tags?post=74050"}],"curies":[{"name":"wp","href":"https:\/\/api.w.org\/{rel}","templated":true}]}}