{"id":74046,"date":"2024-10-29T18:45:23","date_gmt":"2024-10-29T21:45:23","guid":{"rendered":"https:\/\/ismaelcolosi.com.br\/index.php\/2024\/10\/29\/carcara-e-resgatado-na-camara-municipal-de-ribeirao-preto-veja-fotos\/"},"modified":"2024-10-29T18:45:23","modified_gmt":"2024-10-29T21:45:23","slug":"carcara-e-resgatado-na-camara-municipal-de-ribeirao-preto-veja-fotos","status":"publish","type":"post","link":"https:\/\/ismaelcolosi.com.br\/index.php\/2024\/10\/29\/carcara-e-resgatado-na-camara-municipal-de-ribeirao-preto-veja-fotos\/","title":{"rendered":"Carcar\u00e1 \u00e9 resgatado na C\u00e2mara Municipal de Ribeir\u00e3o Preto; Veja fotos"},"content":{"rendered":"<p> <br \/>\n<\/p>\n<div data-td-block-uid=\"tdi_106\">\n<div class=\"tdb-block-inner td-fix-index\">\n<p>Um <strong>Carcar\u00e1 <\/strong>adulto foi resgatado na tarde desta ter\u00e7a-feira (29), nas depend\u00eancias da <strong>C\u00e2mara Municipal de Ribeir\u00e3o Preto<\/strong> \u2013 veja as imagens abaixo.<\/p>\n<p>De acordo com a <strong>C\u00e2mara<\/strong>, a <strong>ave de rapina<\/strong> foi encontrada por um dos funcion\u00e1rios do local e <strong><mark style=\"background-color:#fcb900\" class=\"has-inline-color\">estava com o bico machucado<\/mark><\/strong>. Uma equipe do<strong> Corpo de Bombeiros<\/strong> foi acionada e realizou o resgate do animal.<\/p>\n<p>A esp\u00e9cie ficou bastante conhecida devido \u00e0 can\u00e7\u00e3o do cantor e compositor <strong>Jo\u00e3o do Vale<\/strong>, que leva o mesmo nome da ave, e j\u00e1 foi interpretada por diferentes artistas.<\/p>\n<p>Ap\u00f3s o ocorrido, o <strong>Carcar\u00e1 <\/strong>foi levado para o <strong>Bosque Municipal de Ribeir\u00e3o Preto<\/strong>, onde receber\u00e1 todos os cuidados necess\u00e1rios.<\/p>\n<h4 class=\"wp-block-heading\"><strong>Caracara plancus<\/strong><\/h4>\n<p>De acordo com as informa\u00e7\u00f5es do<strong> Horto Bot\u00e2nico<\/strong> da <strong>UFRJ (Universidade Federal do Rio de Janeiro)<\/strong>, o <strong>Carcar\u00e1<\/strong>, <strong>Carancho <\/strong>ou <strong>Gavi\u00e3o-de-queimada<\/strong> \u201c\u00e9 uma ave generalista em termos de alimenta\u00e7\u00e3o, nutrindo-se de carca\u00e7as, r\u00e9pteis, anf\u00edbios, outras aves, resto de lixo e at\u00e9 mesmo amendoim, feij\u00e3o e frutos de dend\u00ea\u201d.<\/p>\n<p>\u00c9 <strong>parente distante dos falc\u00f5es<\/strong> e pode ser visualizada em uma grande variedade de ecossistemas, principalmente em regi\u00f5es mais abertas e parques.<\/p>\n<figure class=\"wp-block-gallery has-nested-images columns-default is-cropped wp-block-gallery-1 is-layout-flex\">\n<figure class=\"wp-block-image size-large\"><img data-recalc-dims=\"1\" loading=\"lazy\" decoding=\"async\" width=\"507\" height=\"640\" data-id=\"98079\" src=\"https:\/\/i0.wp.com\/www.acidadeon.com\/ribeiraopreto\/wp-content\/uploads\/sites\/3\/2024\/10\/464924074_953135060191084_3332016020662669560_n_2024-10-29_21-08-52_jpg_2024-10-29_21-08-52.webp?resize=507%2C640&#038;ssl=1\" alt=\"\" class=\"wp-image-98079\" srcset=\"https:\/\/www.acidadeon.com\/ribeiraopreto\/wp-content\/uploads\/sites\/3\/2024\/10\/464924074_953135060191084_3332016020662669560_n_2024-10-29_21-08-52_jpg_2024-10-29_21-08-52.webp 507w, https:\/\/www.acidadeon.com\/ribeiraopreto\/wp-content\/uploads\/sites\/3\/2024\/10\/464924074_953135060191084_3332016020662669560_n_2024-10-29_21-08-52_jpg_2024-10-29_21-08-52-238x300.webp 238w\" sizes=\"auto, (max-width: 507px) 100vw, 507px\"\/><figcaption class=\"wp-element-caption\">Carcar\u00e1 foi resgatada na C\u00e2mara Municipal de Ribeir\u00e3o Preto. (Foto: S\u00e9rgio Figueiredo\/ TV C\u00e2mara)<\/figcaption><\/figure>\n<figure class=\"wp-block-image size-large\"><img data-recalc-dims=\"1\" decoding=\"async\" loading=\"lazy\" width=\"576\" height=\"1024\" data-id=\"98080\" src=\"https:\/\/i0.wp.com\/www.acidadeon.com\/ribeiraopreto\/wp-content\/uploads\/sites\/3\/2024\/10\/Snapinsta.app_464932535_953135023524421_6488204983471736253_n_1080_2024-10-29_21-08-54_jpg_2024-10-29_21-08-54-576x1024.webp?resize=576%2C1024&#038;ssl=1\" alt=\"\" class=\"wp-image-98080\" srcset=\"https:\/\/www.acidadeon.com\/ribeiraopreto\/wp-content\/uploads\/sites\/3\/2024\/10\/Snapinsta.app_464932535_953135023524421_6488204983471736253_n_1080_2024-10-29_21-08-54_jpg_2024-10-29_21-08-54-576x1024.webp 576w, https:\/\/www.acidadeon.com\/ribeiraopreto\/wp-content\/uploads\/sites\/3\/2024\/10\/Snapinsta.app_464932535_953135023524421_6488204983471736253_n_1080_2024-10-29_21-08-54_jpg_2024-10-29_21-08-54-169x300.webp 169w, https:\/\/www.acidadeon.com\/ribeiraopreto\/wp-content\/uploads\/sites\/3\/2024\/10\/Snapinsta.app_464932535_953135023524421_6488204983471736253_n_1080_2024-10-29_21-08-54_jpg_2024-10-29_21-08-54-768x1365.webp 768w, https:\/\/www.acidadeon.com\/ribeiraopreto\/wp-content\/uploads\/sites\/3\/2024\/10\/Snapinsta.app_464932535_953135023524421_6488204983471736253_n_1080_2024-10-29_21-08-54_jpg_2024-10-29_21-08-54-864x1536.webp 864w, https:\/\/www.acidadeon.com\/ribeiraopreto\/wp-content\/uploads\/sites\/3\/2024\/10\/Snapinsta.app_464932535_953135023524421_6488204983471736253_n_1080_2024-10-29_21-08-54_jpg_2024-10-29_21-08-54-696x1237.webp 696w, https:\/\/www.acidadeon.com\/ribeiraopreto\/wp-content\/uploads\/sites\/3\/2024\/10\/Snapinsta.app_464932535_953135023524421_6488204983471736253_n_1080_2024-10-29_21-08-54_jpg_2024-10-29_21-08-54.webp 900w\" sizes=\"auto, (max-width: 576px) 100vw, 576px\"\/><figcaption class=\"wp-element-caption\">Carcar\u00e1 foi resgatada na C\u00e2mara Municipal de Ribeir\u00e3o Preto. (Foto: S\u00e9rgio Figueiredo\/ TV C\u00e2mara)<\/figcaption><\/figure>\n<figure class=\"wp-block-image size-large\"><img data-recalc-dims=\"1\" decoding=\"async\" loading=\"lazy\" width=\"576\" height=\"1024\" data-id=\"98081\" src=\"https:\/\/i0.wp.com\/www.acidadeon.com\/ribeiraopreto\/wp-content\/uploads\/sites\/3\/2024\/10\/Snapinsta.app_464870789_953135030191087_6359326141408846757_n_1080_2024-10-29_21-08-56_jpg_2024-10-29_21-08-56-576x1024.webp?resize=576%2C1024&#038;ssl=1\" alt=\"\" class=\"wp-image-98081\" srcset=\"https:\/\/www.acidadeon.com\/ribeiraopreto\/wp-content\/uploads\/sites\/3\/2024\/10\/Snapinsta.app_464870789_953135030191087_6359326141408846757_n_1080_2024-10-29_21-08-56_jpg_2024-10-29_21-08-56-576x1024.webp 576w, https:\/\/www.acidadeon.com\/ribeiraopreto\/wp-content\/uploads\/sites\/3\/2024\/10\/Snapinsta.app_464870789_953135030191087_6359326141408846757_n_1080_2024-10-29_21-08-56_jpg_2024-10-29_21-08-56-169x300.webp 169w, https:\/\/www.acidadeon.com\/ribeiraopreto\/wp-content\/uploads\/sites\/3\/2024\/10\/Snapinsta.app_464870789_953135030191087_6359326141408846757_n_1080_2024-10-29_21-08-56_jpg_2024-10-29_21-08-56-768x1365.webp 768w, https:\/\/www.acidadeon.com\/ribeiraopreto\/wp-content\/uploads\/sites\/3\/2024\/10\/Snapinsta.app_464870789_953135030191087_6359326141408846757_n_1080_2024-10-29_21-08-56_jpg_2024-10-29_21-08-56-864x1536.webp 864w, https:\/\/www.acidadeon.com\/ribeiraopreto\/wp-content\/uploads\/sites\/3\/2024\/10\/Snapinsta.app_464870789_953135030191087_6359326141408846757_n_1080_2024-10-29_21-08-56_jpg_2024-10-29_21-08-56-696x1237.webp 696w, https:\/\/www.acidadeon.com\/ribeiraopreto\/wp-content\/uploads\/sites\/3\/2024\/10\/Snapinsta.app_464870789_953135030191087_6359326141408846757_n_1080_2024-10-29_21-08-56_jpg_2024-10-29_21-08-56.webp 900w\" sizes=\"auto, (max-width: 576px) 100vw, 576px\"\/><figcaption class=\"wp-element-caption\">Carcar\u00e1 foi resgatada na C\u00e2mara Municipal de Ribeir\u00e3o Preto. (Foto: S\u00e9rgio Figueiredo\/ TV C\u00e2mara)<\/figcaption><\/figure>\n<figure class=\"wp-block-image size-large\"><img data-recalc-dims=\"1\" decoding=\"async\" loading=\"lazy\" width=\"576\" height=\"1024\" data-id=\"98082\" src=\"https:\/\/i0.wp.com\/www.acidadeon.com\/ribeiraopreto\/wp-content\/uploads\/sites\/3\/2024\/10\/Snapinsta.app_465067552_953135050191085_8870803071594741049_n_1080_2024-10-29_21-08-59_jpg_2024-10-29_21-08-59-576x1024.webp?resize=576%2C1024&#038;ssl=1\" alt=\"\" class=\"wp-image-98082\" srcset=\"https:\/\/www.acidadeon.com\/ribeiraopreto\/wp-content\/uploads\/sites\/3\/2024\/10\/Snapinsta.app_465067552_953135050191085_8870803071594741049_n_1080_2024-10-29_21-08-59_jpg_2024-10-29_21-08-59-576x1024.webp 576w, https:\/\/www.acidadeon.com\/ribeiraopreto\/wp-content\/uploads\/sites\/3\/2024\/10\/Snapinsta.app_465067552_953135050191085_8870803071594741049_n_1080_2024-10-29_21-08-59_jpg_2024-10-29_21-08-59-169x300.webp 169w, https:\/\/www.acidadeon.com\/ribeiraopreto\/wp-content\/uploads\/sites\/3\/2024\/10\/Snapinsta.app_465067552_953135050191085_8870803071594741049_n_1080_2024-10-29_21-08-59_jpg_2024-10-29_21-08-59-768x1365.webp 768w, https:\/\/www.acidadeon.com\/ribeiraopreto\/wp-content\/uploads\/sites\/3\/2024\/10\/Snapinsta.app_465067552_953135050191085_8870803071594741049_n_1080_2024-10-29_21-08-59_jpg_2024-10-29_21-08-59-864x1536.webp 864w, https:\/\/www.acidadeon.com\/ribeiraopreto\/wp-content\/uploads\/sites\/3\/2024\/10\/Snapinsta.app_465067552_953135050191085_8870803071594741049_n_1080_2024-10-29_21-08-59_jpg_2024-10-29_21-08-59-696x1237.webp 696w, https:\/\/www.acidadeon.com\/ribeiraopreto\/wp-content\/uploads\/sites\/3\/2024\/10\/Snapinsta.app_465067552_953135050191085_8870803071594741049_n_1080_2024-10-29_21-08-59_jpg_2024-10-29_21-08-59.webp 900w\" sizes=\"auto, (max-width: 576px) 100vw, 576px\"\/><figcaption class=\"wp-element-caption\">Carcar\u00e1 foi resgatada na C\u00e2mara Municipal de Ribeir\u00e3o Preto. (Foto: S\u00e9rgio Figueiredo\/ TV C\u00e2mara)<\/figcaption><\/figure>\n<\/figure>\n<hr class=\"wp-block-separator has-alpha-channel-opacity\"\/>\n<p>SAIBA MAIS<\/p>\n<p>Entenda como funcionar\u00e1 o pagamento do ped\u00e1gio free flow na regi\u00e3o de Ribeir\u00e3o<\/p>\n<h4 class=\"wp-block-heading\"><strong>FIQUE ON<\/strong><\/h4>\n<p>Fique ligado em tudo que acontece em Ribeir\u00e3o Preto e regi\u00e3o. Siga os perfis do<strong>\u00a0acidade on\u00a0<\/strong>no\u00a0<a href=\"https:\/\/www.instagram.com\/acidadeonribeirao\" target=\"_blank\" rel=\"noreferrer noopener\">Instagram<\/a>\u00a0e no\u00a0<a href=\"https:\/\/www.facebook.com\/acidadeonribeirao\/\" target=\"_blank\" rel=\"noreferrer noopener\">Facebook<\/a>.<\/p>\n<p>Receba not\u00edcias do\u00a0<strong>acidade on\u00a0<\/strong>no WhatsApp.\u00a0<a href=\"https:\/\/chat.whatsapp.com\/Fg4ok3aAVyB59DP63pRapr\" target=\"_blank\" rel=\"noreferrer noopener\">Para entrar no grupo, basta clicar aqui.<\/a><\/p>\n<p>Fa\u00e7a uma den\u00fancia ou sugira uma reportagem sobre Ribeir\u00e3o Preto e regi\u00e3o pelo WhatsApp: 16 99117 7802.<\/p>\n<p>VEJA TAMB\u00c9M<\/p>\n<p>Vanessa Lopes est\u00e1 fazendo qual tratamento para a pele?<\/p>\n<p><!-- CONTENT END 1 -->\n<\/div>\n<\/div>\n<p><script async src=\"\/\/www.instagram.com\/embed.js\"><\/script><br \/>\n<br \/><br \/>\n<br \/><a href=\"https:\/\/www.acidadeon.com\/ribeiraopreto\/cotidiano\/carcara-e-resgatado-na-camara-municipal-de-ribeirao-preto-veja-fotos\/\">Source link <\/a><\/p>\n","protected":false},"excerpt":{"rendered":"<p>Um Carcar\u00e1 adulto foi resgatado na tarde desta ter\u00e7a-feira (29), nas depend\u00eancias da C\u00e2mara Municipal de Ribeir\u00e3o Preto \u2013 veja as imagens abaixo. De acordo&#8230;<\/p>\n","protected":false},"author":1,"featured_media":74047,"comment_status":"open","ping_status":"open","sticky":false,"template":"","format":"standard","meta":{"_uag_custom_page_level_css":"","advanced_seo_description":"","jetpack_seo_html_title":"","jetpack_seo_noindex":false,"jetpack_post_was_ever_published":false,"_jetpack_newsletter_access":"","_jetpack_dont_email_post_to_subs":false,"_jetpack_newsletter_tier_id":0,"_jetpack_memberships_contains_paywalled_content":false,"_jetpack_memberships_contains_paid_content":false,"footnotes":"","jetpack_publicize_message":"","jetpack_publicize_feature_enabled":true,"jetpack_social_post_already_shared":true,"jetpack_social_options":{"image_generator_settings":{"template":"highway","default_image_id":0,"font":"","enabled":false},"version":2}},"categories":[11],"tags":[],"class_list":["post-74046","post","type-post","status-publish","format-standard","has-post-thumbnail","hentry","category-noticias-de-ribeirao-preto-sp-e-regiao-ismael-colosi"],"jetpack_publicize_connections":[],"jetpack_featured_media_url":"https:\/\/i0.wp.com\/ismaelcolosi.com.br\/wp-content\/uploads\/2024\/10\/Copia-de-Copia-de-Copia-de-TAMANHO-EXATO-PARA-FOTOS-NO-SISTEMA-NOVO-2024-10-29T175053.383_2024-10-29_20-51-04_png_2024-10-29_20-51-04.webp.webp?fit=1200%2C675&ssl=1","uagb_featured_image_src":{"full":["https:\/\/i0.wp.com\/ismaelcolosi.com.br\/wp-content\/uploads\/2024\/10\/Copia-de-Copia-de-Copia-de-TAMANHO-EXATO-PARA-FOTOS-NO-SISTEMA-NOVO-2024-10-29T175053.383_2024-10-29_20-51-04_png_2024-10-29_20-51-04.webp.webp?fit=1200%2C675&ssl=1",1200,675,false],"thumbnail":["https:\/\/i0.wp.com\/ismaelcolosi.com.br\/wp-content\/uploads\/2024\/10\/Copia-de-Copia-de-Copia-de-TAMANHO-EXATO-PARA-FOTOS-NO-SISTEMA-NOVO-2024-10-29T175053.383_2024-10-29_20-51-04_png_2024-10-29_20-51-04.webp.webp?resize=150%2C150&ssl=1",150,150,true],"medium":["https:\/\/i0.wp.com\/ismaelcolosi.com.br\/wp-content\/uploads\/2024\/10\/Copia-de-Copia-de-Copia-de-TAMANHO-EXATO-PARA-FOTOS-NO-SISTEMA-NOVO-2024-10-29T175053.383_2024-10-29_20-51-04_png_2024-10-29_20-51-04.webp.webp?fit=300%2C169&ssl=1",300,169,true],"medium_large":["https:\/\/i0.wp.com\/ismaelcolosi.com.br\/wp-content\/uploads\/2024\/10\/Copia-de-Copia-de-Copia-de-TAMANHO-EXATO-PARA-FOTOS-NO-SISTEMA-NOVO-2024-10-29T175053.383_2024-10-29_20-51-04_png_2024-10-29_20-51-04.webp.webp?fit=768%2C432&ssl=1",768,432,true],"large":["https:\/\/i0.wp.com\/ismaelcolosi.com.br\/wp-content\/uploads\/2024\/10\/Copia-de-Copia-de-Copia-de-TAMANHO-EXATO-PARA-FOTOS-NO-SISTEMA-NOVO-2024-10-29T175053.383_2024-10-29_20-51-04_png_2024-10-29_20-51-04.webp.webp?fit=1024%2C576&ssl=1",1024,576,true],"1536x1536":["https:\/\/i0.wp.com\/ismaelcolosi.com.br\/wp-content\/uploads\/2024\/10\/Copia-de-Copia-de-Copia-de-TAMANHO-EXATO-PARA-FOTOS-NO-SISTEMA-NOVO-2024-10-29T175053.383_2024-10-29_20-51-04_png_2024-10-29_20-51-04.webp.webp?fit=1200%2C675&ssl=1",1200,675,true],"2048x2048":["https:\/\/i0.wp.com\/ismaelcolosi.com.br\/wp-content\/uploads\/2024\/10\/Copia-de-Copia-de-Copia-de-TAMANHO-EXATO-PARA-FOTOS-NO-SISTEMA-NOVO-2024-10-29T175053.383_2024-10-29_20-51-04_png_2024-10-29_20-51-04.webp.webp?fit=1200%2C675&ssl=1",1200,675,true],"really-simple-thumb":["https:\/\/i0.wp.com\/ismaelcolosi.com.br\/wp-content\/uploads\/2024\/10\/Copia-de-Copia-de-Copia-de-TAMANHO-EXATO-PARA-FOTOS-NO-SISTEMA-NOVO-2024-10-29T175053.383_2024-10-29_20-51-04_png_2024-10-29_20-51-04.webp.webp?resize=370%2C247&ssl=1",370,247,true]},"uagb_author_info":{"display_name":"ismaelcolosi.com.br","author_link":"https:\/\/ismaelcolosi.com.br\/index.php\/author\/vidareal-online\/"},"uagb_comment_info":0,"uagb_excerpt":"Um Carcar\u00e1 adulto foi resgatado na tarde desta ter\u00e7a-feira (29), nas depend\u00eancias da C\u00e2mara Municipal de Ribeir\u00e3o Preto \u2013 veja as imagens abaixo. De acordo...","jetpack-related-posts":[{"id":69279,"url":"https:\/\/ismaelcolosi.com.br\/index.php\/2024\/10\/04\/suspeito-de-ataque-a-carro-forte-na-regiao-de-ribeirao-morre-em-confronto-com-a-policia\/","url_meta":{"origin":74046,"position":0},"title":"Suspeito de ataque a carro-forte na regi\u00e3o de Ribeir\u00e3o morre em confronto com a pol\u00edcia","author":"ismaelcolosi.com.br","date":"4 de October de 2024","format":false,"excerpt":"Agentes da Pol\u00edcia Civil e Pol\u00edcia Militar junto com o Minist\u00e9rio P\u00fablico realizaram, na manh\u00e3 desta sexta-feira (4), uma opera\u00e7\u00e3o para prender ladr\u00f5es que tentaram roubar um carro-forte, no m\u00eas passado, na regi\u00e3o de Ribeir\u00e3o. Um suspeito foi morto durante o confronto, outro foi preso e um fuzil foi apreendido.\u2026","rel":"","context":"In &quot;Not\u00edcias de Ribeir\u00e3o Preto-SP e Regi\u00e3o&quot;","block_context":{"text":"Not\u00edcias de Ribeir\u00e3o Preto-SP e Regi\u00e3o","link":"https:\/\/ismaelcolosi.com.br\/index.php\/category\/noticias-de-ribeirao-preto-sp-e-regiao-ismael-colosi\/"},"img":{"alt_text":"","src":"https:\/\/i0.wp.com\/ismaelcolosi.com.br\/wp-content\/uploads\/2024\/10\/Sem-titulo_2024-10-04_16-11-05_png_2024-10-04_16-11-05.webp.webp?fit=1200%2C645&ssl=1&resize=350%2C200","width":350,"height":200,"srcset":"https:\/\/i0.wp.com\/ismaelcolosi.com.br\/wp-content\/uploads\/2024\/10\/Sem-titulo_2024-10-04_16-11-05_png_2024-10-04_16-11-05.webp.webp?fit=1200%2C645&ssl=1&resize=350%2C200 1x, https:\/\/i0.wp.com\/ismaelcolosi.com.br\/wp-content\/uploads\/2024\/10\/Sem-titulo_2024-10-04_16-11-05_png_2024-10-04_16-11-05.webp.webp?fit=1200%2C645&ssl=1&resize=525%2C300 1.5x, https:\/\/i0.wp.com\/ismaelcolosi.com.br\/wp-content\/uploads\/2024\/10\/Sem-titulo_2024-10-04_16-11-05_png_2024-10-04_16-11-05.webp.webp?fit=1200%2C645&ssl=1&resize=700%2C400 2x, https:\/\/i0.wp.com\/ismaelcolosi.com.br\/wp-content\/uploads\/2024\/10\/Sem-titulo_2024-10-04_16-11-05_png_2024-10-04_16-11-05.webp.webp?fit=1200%2C645&ssl=1&resize=1050%2C600 3x"},"classes":[]},{"id":56440,"url":"https:\/\/ismaelcolosi.com.br\/index.php\/2024\/07\/11\/sessao-solene-celebra-150-anos-da-camara-municipal-de-ribeirao-preto\/","url_meta":{"origin":74046,"position":1},"title":"Sess\u00e3o solene celebra 150 anos da C\u00e2mara Municipal de Ribeir\u00e3o Preto","author":"ismaelcolosi.com.br","date":"11 de July de 2024","format":false,"excerpt":"A C\u00e2mara Municipal de Ribeir\u00e3o Preto realizou na tarde desta quinta-feira (11), uma sess\u00e3o solene em comemora\u00e7\u00e3o aos 150 anos de sua funda\u00e7\u00e3o. Autoridades municipais, estaduais, federais e representantes da sociedade civil organizada estiveram presentes na cerim\u00f4nia, que foi transmitida ao vivo \u2013 veja abaixo. Entre as personalidades que participaram\u2026","rel":"","context":"In &quot;Not\u00edcias de Ribeir\u00e3o Preto-SP e Regi\u00e3o&quot;","block_context":{"text":"Not\u00edcias de Ribeir\u00e3o Preto-SP e Regi\u00e3o","link":"https:\/\/ismaelcolosi.com.br\/index.php\/category\/noticias-de-ribeirao-preto-sp-e-regiao-ismael-colosi\/"},"img":{"alt_text":"","src":"https:\/\/i0.wp.com\/ismaelcolosi.com.br\/wp-content\/uploads\/2024\/07\/DSC7600_2024-07-11_21-48-59_jpg_2024-07-11_21-48-59.webp.webp?fit=1200%2C913&ssl=1&resize=350%2C200","width":350,"height":200,"srcset":"https:\/\/i0.wp.com\/ismaelcolosi.com.br\/wp-content\/uploads\/2024\/07\/DSC7600_2024-07-11_21-48-59_jpg_2024-07-11_21-48-59.webp.webp?fit=1200%2C913&ssl=1&resize=350%2C200 1x, https:\/\/i0.wp.com\/ismaelcolosi.com.br\/wp-content\/uploads\/2024\/07\/DSC7600_2024-07-11_21-48-59_jpg_2024-07-11_21-48-59.webp.webp?fit=1200%2C913&ssl=1&resize=525%2C300 1.5x, https:\/\/i0.wp.com\/ismaelcolosi.com.br\/wp-content\/uploads\/2024\/07\/DSC7600_2024-07-11_21-48-59_jpg_2024-07-11_21-48-59.webp.webp?fit=1200%2C913&ssl=1&resize=700%2C400 2x, https:\/\/i0.wp.com\/ismaelcolosi.com.br\/wp-content\/uploads\/2024\/07\/DSC7600_2024-07-11_21-48-59_jpg_2024-07-11_21-48-59.webp.webp?fit=1200%2C913&ssl=1&resize=1050%2C600 3x"},"classes":[]},{"id":8740,"url":"https:\/\/ismaelcolosi.com.br\/index.php\/2023\/11\/30\/isaac-antunes-e-eleito-presidente-da-camara-de-ribeirao-preto\/","url_meta":{"origin":74046,"position":2},"title":"Isaac Antunes \u00e9 eleito presidente da C\u00e2mara de Ribeir\u00e3o Preto","author":"ismaelcolosi.com.br","date":"30 de November de 2023","format":false,"excerpt":"O vereador Isaac Antunes (PL) foi eleito presidente da Mesa Diretora da C\u00e2mara de Ribeir\u00e3o Preto para o ano de 2024. O parlamentar foi o \u00fanico indicado para fun\u00e7\u00e3o e recebeu 17 votos no pleito realizado na noite desta quinta-feira (30) \u2013 quatro parlamentares se abstiveram. O parlamentar est\u00e1 no\u2026","rel":"","context":"In &quot;Not\u00edcias de Ribeir\u00e3o Preto-SP e Regi\u00e3o&quot;","block_context":{"text":"Not\u00edcias de Ribeir\u00e3o Preto-SP e Regi\u00e3o","link":"https:\/\/ismaelcolosi.com.br\/index.php\/category\/noticias-de-ribeirao-preto-sp-e-regiao-ismael-colosi\/"},"img":{"alt_text":"","src":"https:\/\/i0.wp.com\/ismaelcolosi.com.br\/wp-content\/uploads\/2023\/11\/isaac-antunes-pl.jpg?fit=1200%2C799&ssl=1&resize=350%2C200","width":350,"height":200,"srcset":"https:\/\/i0.wp.com\/ismaelcolosi.com.br\/wp-content\/uploads\/2023\/11\/isaac-antunes-pl.jpg?fit=1200%2C799&ssl=1&resize=350%2C200 1x, https:\/\/i0.wp.com\/ismaelcolosi.com.br\/wp-content\/uploads\/2023\/11\/isaac-antunes-pl.jpg?fit=1200%2C799&ssl=1&resize=525%2C300 1.5x, https:\/\/i0.wp.com\/ismaelcolosi.com.br\/wp-content\/uploads\/2023\/11\/isaac-antunes-pl.jpg?fit=1200%2C799&ssl=1&resize=700%2C400 2x, https:\/\/i0.wp.com\/ismaelcolosi.com.br\/wp-content\/uploads\/2023\/11\/isaac-antunes-pl.jpg?fit=1200%2C799&ssl=1&resize=1050%2C600 3x"},"classes":[]},{"id":58904,"url":"https:\/\/ismaelcolosi.com.br\/index.php\/2024\/08\/03\/uniao-brasil-define-andre-trindade-como-candidato-a-prefeitura-de-ribeirao-preto\/","url_meta":{"origin":74046,"position":3},"title":"Uni\u00e3o Brasil define Andr\u00e9 Trindade como candidato \u00e0 Prefeitura de Ribeir\u00e3o Preto","author":"ismaelcolosi.com.br","date":"3 de August de 2024","format":false,"excerpt":"O Uni\u00e3o Brasil (UB) oficializou a candidatura de Andr\u00e9 Trindade \u00e0 Prefeitura de Ribeir\u00e3o Preto durante conven\u00e7\u00e3o realizada neste s\u00e1bado (3), na C\u00e2mara Municipal. O nome do ex-secret\u00e1rio municipal de Justi\u00e7a e da Casa Civil, Alessandro Hirata (PSDB), tamb\u00e9m foi oficializado como candidato a vice. Trindade \u00e9 ex-l\u00edder do atual\u2026","rel":"","context":"In &quot;Not\u00edcias de Ribeir\u00e3o Preto-SP e Regi\u00e3o&quot;","block_context":{"text":"Not\u00edcias de Ribeir\u00e3o Preto-SP e Regi\u00e3o","link":"https:\/\/ismaelcolosi.com.br\/index.php\/category\/noticias-de-ribeirao-preto-sp-e-regiao-ismael-colosi\/"},"img":{"alt_text":"","src":"https:\/\/i0.wp.com\/ismaelcolosi.com.br\/wp-content\/uploads\/2024\/08\/WhatsApp-Image-2024-08-03-at-13.58.46_2024-08-03_19-37-00_jpeg_2024-08-03_19-37-02-scaled.webp.webp?fit=1200%2C800&ssl=1&resize=350%2C200","width":350,"height":200,"srcset":"https:\/\/i0.wp.com\/ismaelcolosi.com.br\/wp-content\/uploads\/2024\/08\/WhatsApp-Image-2024-08-03-at-13.58.46_2024-08-03_19-37-00_jpeg_2024-08-03_19-37-02-scaled.webp.webp?fit=1200%2C800&ssl=1&resize=350%2C200 1x, https:\/\/i0.wp.com\/ismaelcolosi.com.br\/wp-content\/uploads\/2024\/08\/WhatsApp-Image-2024-08-03-at-13.58.46_2024-08-03_19-37-00_jpeg_2024-08-03_19-37-02-scaled.webp.webp?fit=1200%2C800&ssl=1&resize=525%2C300 1.5x, https:\/\/i0.wp.com\/ismaelcolosi.com.br\/wp-content\/uploads\/2024\/08\/WhatsApp-Image-2024-08-03-at-13.58.46_2024-08-03_19-37-00_jpeg_2024-08-03_19-37-02-scaled.webp.webp?fit=1200%2C800&ssl=1&resize=700%2C400 2x, https:\/\/i0.wp.com\/ismaelcolosi.com.br\/wp-content\/uploads\/2024\/08\/WhatsApp-Image-2024-08-03-at-13.58.46_2024-08-03_19-37-00_jpeg_2024-08-03_19-37-02-scaled.webp.webp?fit=1200%2C800&ssl=1&resize=1050%2C600 3x"},"classes":[]},{"id":58932,"url":"https:\/\/ismaelcolosi.com.br\/index.php\/2024\/08\/04\/uniao-brasil-define-andre-trindade-como-candidato-a-prefeitura-de-ribeirao-preto-2\/","url_meta":{"origin":74046,"position":4},"title":"Uni\u00e3o Brasil define Andr\u00e9 Trindade como candidato \u00e0 Prefeitura de Ribeir\u00e3o Preto","author":"ismaelcolosi.com.br","date":"4 de August de 2024","format":false,"excerpt":"O Uni\u00e3o Brasil (UB) oficializou a candidatura de Andr\u00e9 Trindade \u00e0 Prefeitura de Ribeir\u00e3o Preto durante conven\u00e7\u00e3o realizada neste s\u00e1bado (3), na C\u00e2mara Municipal. O nome do ex-secret\u00e1rio municipal de Justi\u00e7a e da Casa Civil, Alessandro Hirata (PSDB), tamb\u00e9m foi oficializado como candidato a vice. Trindade \u00e9 ex-l\u00edder do atual\u2026","rel":"","context":"In &quot;Not\u00edcias de Ribeir\u00e3o Preto-SP e Regi\u00e3o&quot;","block_context":{"text":"Not\u00edcias de Ribeir\u00e3o Preto-SP e Regi\u00e3o","link":"https:\/\/ismaelcolosi.com.br\/index.php\/category\/noticias-de-ribeirao-preto-sp-e-regiao-ismael-colosi\/"},"img":{"alt_text":"","src":"https:\/\/i0.wp.com\/ismaelcolosi.com.br\/wp-content\/uploads\/2024\/08\/WhatsApp-Image-2024-08-03-at-13.58.46_2024-08-03_19-37-00_jpeg_2024-08-03_19-37-02-scaled.webp.webp?fit=1200%2C800&ssl=1&resize=350%2C200","width":350,"height":200,"srcset":"https:\/\/i0.wp.com\/ismaelcolosi.com.br\/wp-content\/uploads\/2024\/08\/WhatsApp-Image-2024-08-03-at-13.58.46_2024-08-03_19-37-00_jpeg_2024-08-03_19-37-02-scaled.webp.webp?fit=1200%2C800&ssl=1&resize=350%2C200 1x, https:\/\/i0.wp.com\/ismaelcolosi.com.br\/wp-content\/uploads\/2024\/08\/WhatsApp-Image-2024-08-03-at-13.58.46_2024-08-03_19-37-00_jpeg_2024-08-03_19-37-02-scaled.webp.webp?fit=1200%2C800&ssl=1&resize=525%2C300 1.5x, https:\/\/i0.wp.com\/ismaelcolosi.com.br\/wp-content\/uploads\/2024\/08\/WhatsApp-Image-2024-08-03-at-13.58.46_2024-08-03_19-37-00_jpeg_2024-08-03_19-37-02-scaled.webp.webp?fit=1200%2C800&ssl=1&resize=700%2C400 2x, https:\/\/i0.wp.com\/ismaelcolosi.com.br\/wp-content\/uploads\/2024\/08\/WhatsApp-Image-2024-08-03-at-13.58.46_2024-08-03_19-37-00_jpeg_2024-08-03_19-37-02-scaled.webp.webp?fit=1200%2C800&ssl=1&resize=1050%2C600 3x"},"classes":[]},{"id":57819,"url":"https:\/\/ismaelcolosi.com.br\/index.php\/2024\/07\/24\/veja-quem-apoia-quem-na-corrida-pela-prefeitura-de-ribeirao-preto\/","url_meta":{"origin":74046,"position":5},"title":"Veja quem apoia quem na corrida pela Prefeitura de Ribeir\u00e3o Preto","author":"ismaelcolosi.com.br","date":"24 de July de 2024","format":false,"excerpt":"A ex-reitora da USP (Universidade de S\u00e3o Paulo) Suely Vilela anunciou nesta quarta-feira (24) que deixou a corrida pela Prefeitura de Ribeir\u00e3o Preto nas elei\u00e7\u00f5es de 2024. Agora, a disputa pelo Executivo Municipal a partir de 2025 conta com seis pretendentes. Em nota, Suely, que foi ao segundo turno nas\u2026","rel":"","context":"In &quot;Not\u00edcias de Ribeir\u00e3o Preto-SP e Regi\u00e3o&quot;","block_context":{"text":"Not\u00edcias de Ribeir\u00e3o Preto-SP e Regi\u00e3o","link":"https:\/\/ismaelcolosi.com.br\/index.php\/category\/noticias-de-ribeirao-preto-sp-e-regiao-ismael-colosi\/"},"img":{"alt_text":"","src":"https:\/\/i0.wp.com\/ismaelcolosi.com.br\/wp-content\/uploads\/2024\/07\/candidatos-ribeirao-preto_2024-07-24_20-15-44_jpeg_2024-07-24_20-15-44.webp.webp?fit=1200%2C674&ssl=1&resize=350%2C200","width":350,"height":200,"srcset":"https:\/\/i0.wp.com\/ismaelcolosi.com.br\/wp-content\/uploads\/2024\/07\/candidatos-ribeirao-preto_2024-07-24_20-15-44_jpeg_2024-07-24_20-15-44.webp.webp?fit=1200%2C674&ssl=1&resize=350%2C200 1x, https:\/\/i0.wp.com\/ismaelcolosi.com.br\/wp-content\/uploads\/2024\/07\/candidatos-ribeirao-preto_2024-07-24_20-15-44_jpeg_2024-07-24_20-15-44.webp.webp?fit=1200%2C674&ssl=1&resize=525%2C300 1.5x, https:\/\/i0.wp.com\/ismaelcolosi.com.br\/wp-content\/uploads\/2024\/07\/candidatos-ribeirao-preto_2024-07-24_20-15-44_jpeg_2024-07-24_20-15-44.webp.webp?fit=1200%2C674&ssl=1&resize=700%2C400 2x, https:\/\/i0.wp.com\/ismaelcolosi.com.br\/wp-content\/uploads\/2024\/07\/candidatos-ribeirao-preto_2024-07-24_20-15-44_jpeg_2024-07-24_20-15-44.webp.webp?fit=1200%2C674&ssl=1&resize=1050%2C600 3x"},"classes":[]}],"jetpack_sharing_enabled":true,"jetpack_shortlink":"https:\/\/wp.me\/pfMlyK-jgi","_links":{"self":[{"href":"https:\/\/ismaelcolosi.com.br\/index.php\/wp-json\/wp\/v2\/posts\/74046","targetHints":{"allow":["GET"]}}],"collection":[{"href":"https:\/\/ismaelcolosi.com.br\/index.php\/wp-json\/wp\/v2\/posts"}],"about":[{"href":"https:\/\/ismaelcolosi.com.br\/index.php\/wp-json\/wp\/v2\/types\/post"}],"author":[{"embeddable":true,"href":"https:\/\/ismaelcolosi.com.br\/index.php\/wp-json\/wp\/v2\/users\/1"}],"replies":[{"embeddable":true,"href":"https:\/\/ismaelcolosi.com.br\/index.php\/wp-json\/wp\/v2\/comments?post=74046"}],"version-history":[{"count":0,"href":"https:\/\/ismaelcolosi.com.br\/index.php\/wp-json\/wp\/v2\/posts\/74046\/revisions"}],"wp:featuredmedia":[{"embeddable":true,"href":"https:\/\/ismaelcolosi.com.br\/index.php\/wp-json\/wp\/v2\/media\/74047"}],"wp:attachment":[{"href":"https:\/\/ismaelcolosi.com.br\/index.php\/wp-json\/wp\/v2\/media?parent=74046"}],"wp:term":[{"taxonomy":"category","embeddable":true,"href":"https:\/\/ismaelcolosi.com.br\/index.php\/wp-json\/wp\/v2\/categories?post=74046"},{"taxonomy":"post_tag","embeddable":true,"href":"https:\/\/ismaelcolosi.com.br\/index.php\/wp-json\/wp\/v2\/tags?post=74046"}],"curies":[{"name":"wp","href":"https:\/\/api.w.org\/{rel}","templated":true}]}}