{"id":74043,"date":"2024-10-29T18:39:05","date_gmt":"2024-10-29T21:39:05","guid":{"rendered":"https:\/\/ismaelcolosi.com.br\/index.php\/2024\/10\/29\/ricardo-silva-anuncia-juiz-federal-como-coordenador-do-gabinete-de-transicao\/"},"modified":"2024-10-29T18:39:05","modified_gmt":"2024-10-29T21:39:05","slug":"ricardo-silva-anuncia-juiz-federal-como-coordenador-do-gabinete-de-transicao","status":"publish","type":"post","link":"https:\/\/ismaelcolosi.com.br\/index.php\/2024\/10\/29\/ricardo-silva-anuncia-juiz-federal-como-coordenador-do-gabinete-de-transicao\/","title":{"rendered":"Ricardo Silva anuncia Juiz Federal como coordenador do Gabinete de Transi\u00e7\u00e3o"},"content":{"rendered":"<p> <br \/>\n<\/p>\n<div id=\"post-408344\">\n<header class=\"entry-header penci-entry-header penci-title-center\">\n<p>\n\t\t\t\t\t\t\t\t\t<span class=\"entry-meta-item penci-posted-on\"><i class=\"fa fa-clock-o\"\/><time class=\"entry-date published updated\" datetime=\"2024-10-29T17:39:10-03:00\">29 de outubro de 2024<\/time><\/span><span class=\"entry-meta-item penci-post-countview\"><span class=\"entry-meta-item penci-post-countview penci_post-meta_item\"><i class=\"fa fa-eye\"\/><span class=\"penci-post-countview-number penci-post-countview-p408344\">20<\/span><\/span><\/span>\t\t\t\t\t\t\t\t<\/p>\n<p><!-- .entry-meta --><br \/>\n\t\t\t\t\t\t\t\t<span class=\"penci-social-buttons penci-social-share-footer\"><span class=\"penci-social-share-text\">Compartilhar<\/span><a href=\"#\" class=\"penci-post-like penci_post-meta_item  single-like-button penci-social-item like\" data-post_id=\"408344\" title=\"Like\" data-like=\"Like\" data-unlike=\"Unlike\"><i class=\"fa fa-thumbs-o-up\"\/><span class=\"penci-share-number\">0<\/span><\/a><a class=\"penci-social-item facebook\" target=\"_blank\" rel=\"noopener\" title=\"\" href=\"https:\/\/www.facebook.com\/sharer\/sharer.php?u=https%3A%2F%2Fwww.tribunaribeirao.com.br%2Fricardo-silva-anuncia-juiz-federal-como-coordenador-do-gabinete-de-transicao%2F\"><i class=\"fa fa-facebook\"\/><\/a><a class=\"penci-social-item twitter\" target=\"_blank\" rel=\"noopener\" title=\"\" href=\"https:\/\/twitter.com\/intent\/tweet?text=Ricardo%20Silva%20anuncia%20Juiz%20Federal%20como%20coordenador%20do%20Gabinete%20de%20Transi\u00e7\u00e3o%20-%20https:\/\/www.tribunaribeirao.com.br\/ricardo-silva-anuncia-juiz-federal-como-coordenador-do-gabinete-de-transicao\/\"><i class=\"fa fa-twitter\"\/><\/a><a class=\"penci-social-item linkedin\" target=\"_blank\" rel=\"noopener\" title=\"\" href=\"https:\/\/www.linkedin.com\/shareArticle?mini=true&amp;url=https%3A%2F%2Fwww.tribunaribeirao.com.br%2Fricardo-silva-anuncia-juiz-federal-como-coordenador-do-gabinete-de-transicao%2F&amp;title=Ricardo%20Silva%20anuncia%20Juiz%20Federal%20como%20coordenador%20do%20Gabinete%20de%20Transi%C3%A7%C3%A3o\"><i class=\"fa fa-linkedin\"\/><\/a><a class=\"penci-social-item whatsapp\" rel=\"noopener\" data-text=\"Ricardo Silva anuncia Juiz Federal como coordenador do Gabinete de Transi\u00e7\u00e3o\" data-link=\"https:\/\/www.tribunaribeirao.com.br\/ricardo-silva-anuncia-juiz-federal-como-coordenador-do-gabinete-de-transicao\/\" href=\"#\"><i class=\"fa fa-whatsapp\"\/><\/a><a class=\"penci-social-item telegram\" target=\"_blank\" rel=\"noopener\" title=\"\" href=\"https:\/\/telegram.me\/share\/url?url=https%3A%2F%2Fwww.tribunaribeirao.com.br%2Fricardo-silva-anuncia-juiz-federal-como-coordenador-do-gabinete-de-transicao%2F&amp;text=Ricardo%20Silva%20anuncia%20Juiz%20Federal%20como%20coordenador%20do%20Gabinete%20de%20Transi%C3%A7%C3%A3o\"><i class=\"fa fa-telegram\"\/><\/a><a class=\"penci-social-item email\" target=\"_blank\" rel=\"noopener\" href=\"http:\/\/www.tribunaribeirao.com.br\/cdn-cgi\/l\/email-protection#69561a1c0b030c0a1d543b000a081b0d064c5b593a00051f084c5b5908071c070a00084c5b59231c00134c5b592f0c0d0c1b08054c5b590a0604064c5b590a06061b0d0c07080d061b4c5b590d064c5b592e080b00070c1d0c4c5b590d0c4c5b593d1b08071a00aaceaaca064f4a595a51522b262d3054011d1d191a5346461e1e1e471d1b000b1c07081b000b0c001b0806470a0604470b1b461b000a081b0d06441a00051f084408071c070a000844031c0013440f0c0d0c1b0805440a060406440a06061b0d0c07080d061b440d06440e080b00070c1d0c440d0c441d1b08071a000a080646\"><i class=\"fa fa-envelope\"\/><\/a><\/span>\t\t\t\t\t\t\t<\/header>\n<p><!-- .entry-header --><\/p>\n<div class=\"penci-entry-content entry-content\">\n<p>O prefeito eleito de Ribeir\u00e3o Preto, Ricardo Silva, anunciou na tarde desta ter\u00e7a-feira o nome de quem ser\u00e1 o coordenador do Gabinete de Transi\u00e7\u00e3o do novo governo. O juiz federal aposentado Augusto Martinez Perez ser\u00e1 o respons\u00e1vel por chefiar a equipe.<\/p>\n<p>\u201cMeu primeiro ato como prefeito eleito s\u00f3 poderia ser garantir a participa\u00e7\u00e3o de um nome como o dr. Augusto Martinez Perez neste momento t\u00e3o importante para o in\u00edcio de nosso governo. Um homem que teve uma carreira irretoc\u00e1vel como juiz federal e que tem uma experi\u00eancia que far\u00e1 toda a diferen\u00e7a neste processo\u201d, disse o deputado e prefeito eleito.<\/p>\n<p>De acordo com Ricardo Silva, toda a bagagem adquirida pelo Magistrado, que tamb\u00e9m foi como Procurador e Promotor de Justi\u00e7a, far\u00e1 a diferen\u00e7a para que a nova gest\u00e3o tenha um panorama da real situa\u00e7\u00e3o da Prefeitura de Ribeir\u00e3o Preto.<\/p>\n<p>O juiz federal falou sobre o sentimento ao ser escolhido para esse momento hist\u00f3rico. \u201c\u00c9 uma honra ter sido lembrando, j\u00e1 que tenho Ribeir\u00e3o Preto dentro do meu cora\u00e7\u00e3o. Conhe\u00e7o o plano de governo e sei que o Ricardo est\u00e1 realizando um sonho. Ele \u00e9 ribeir\u00e3o-pretano e tem um compromisso com as pessoas mais humildes. \u00c9 uma honra e vou dar o meu melhor para conduzir a transi\u00e7\u00e3o\u201d, disse o novo coordenador.<\/p>\n<\/div>\n<p><!-- .entry-content --><\/p>\n<footer class=\"penci-entry-footer\">\n\t\t\t\t\t\t\t\t<span class=\"penci-social-buttons penci-social-share-footer\"><span class=\"penci-social-share-text\">Compartilhar<\/span><a href=\"#\" class=\"penci-post-like penci_post-meta_item  single-like-button penci-social-item like\" data-post_id=\"408344\" title=\"Like\" data-like=\"Like\" data-unlike=\"Unlike\"><i class=\"fa fa-thumbs-o-up\"\/><span class=\"penci-share-number\">0<\/span><\/a><a class=\"penci-social-item facebook\" target=\"_blank\" rel=\"noopener\" title=\"\" href=\"https:\/\/www.facebook.com\/sharer\/sharer.php?u=https%3A%2F%2Fwww.tribunaribeirao.com.br%2Fricardo-silva-anuncia-juiz-federal-como-coordenador-do-gabinete-de-transicao%2F\"><i class=\"fa fa-facebook\"\/><\/a><a class=\"penci-social-item twitter\" target=\"_blank\" rel=\"noopener\" title=\"\" href=\"https:\/\/twitter.com\/intent\/tweet?text=Ricardo%20Silva%20anuncia%20Juiz%20Federal%20como%20coordenador%20do%20Gabinete%20de%20Transi\u00e7\u00e3o%20-%20https:\/\/www.tribunaribeirao.com.br\/ricardo-silva-anuncia-juiz-federal-como-coordenador-do-gabinete-de-transicao\/\"><i class=\"fa fa-twitter\"\/><\/a><a class=\"penci-social-item linkedin\" target=\"_blank\" rel=\"noopener\" title=\"\" href=\"https:\/\/www.linkedin.com\/shareArticle?mini=true&amp;url=https%3A%2F%2Fwww.tribunaribeirao.com.br%2Fricardo-silva-anuncia-juiz-federal-como-coordenador-do-gabinete-de-transicao%2F&amp;title=Ricardo%20Silva%20anuncia%20Juiz%20Federal%20como%20coordenador%20do%20Gabinete%20de%20Transi%C3%A7%C3%A3o\"><i class=\"fa fa-linkedin\"\/><\/a><a class=\"penci-social-item whatsapp\" rel=\"noopener\" data-text=\"Ricardo Silva anuncia Juiz Federal como coordenador do Gabinete de Transi\u00e7\u00e3o\" data-link=\"https:\/\/www.tribunaribeirao.com.br\/ricardo-silva-anuncia-juiz-federal-como-coordenador-do-gabinete-de-transicao\/\" href=\"#\"><i class=\"fa fa-whatsapp\"\/><\/a><a class=\"penci-social-item telegram\" target=\"_blank\" rel=\"noopener\" title=\"\" href=\"https:\/\/telegram.me\/share\/url?url=https%3A%2F%2Fwww.tribunaribeirao.com.br%2Fricardo-silva-anuncia-juiz-federal-como-coordenador-do-gabinete-de-transicao%2F&amp;text=Ricardo%20Silva%20anuncia%20Juiz%20Federal%20como%20coordenador%20do%20Gabinete%20de%20Transi%C3%A7%C3%A3o\"><i class=\"fa fa-telegram\"\/><\/a><a class=\"penci-social-item email\" target=\"_blank\" rel=\"noopener\" href=\"http:\/\/www.tribunaribeirao.com.br\/cdn-cgi\/l\/email-protection#310e4244535b5452450c6358525043555e14030162585d4750140301505f445f5258501403017b44584b1403017754555443505d140301525e5c5e140301525e5e4355545f50555e43140301555e140301765053585f54455414030155541403016543505f4258f296f2925e17120102090a737e75680c59454541420b1e1e4646461f45435853445f50435853545843505e1f525e5c1f53431e4358525043555e1c42585d47501c505f445f5258501c5b44584b1c5754555443505d1c525e5c5e1c525e5e4355545f50555e431c555e1c565053585f5445541c55541c4543505f425852505e1e\"><i class=\"fa fa-envelope\"\/><\/a><\/span>\t\t\t\t\t\t\t<\/footer>\n<p><!-- .entry-footer -->\n\t\t\t\t\t\t<\/div>\n<p><script async src=\"\/\/platform.twitter.com\/widgets.js\" charset=\"utf-8\"><\/script><br \/>\n<br \/><br \/>\n<br \/><a href=\"https:\/\/www.tribunaribeirao.com.br\/ricardo-silva-anuncia-juiz-federal-como-coordenador-do-gabinete-de-transicao\/\">Source link <\/a><\/p>\n<div class='code-block code-block-4' style='margin: 8px auto 8px 0; text-align: left; display: block; clear: both;'>\n\ud83d\udce2 Aviso Legal\n\nO site ismaelcolosi.com.br atua apenas como um canal de divulga\u00e7\u00e3o de oportunidades de emprego e n\u00e3o se responsabiliza pelo processo seletivo, contrata\u00e7\u00e3o ou qualquer outra etapa relacionada \u00e0s vagas publicadas. Todas as informa\u00e7\u00f5es s\u00e3o de responsabilidade dos anunciantes.\n\n\u26a0\ufe0f Aten\u00e7\u00e3o! Nunca pague por promessas de emprego nem compre cursos que garantam contrata\u00e7\u00e3o. Desconfie de qualquer cobran\u00e7a para participar de sele\u00e7\u00f5es.\n\n\n\n<\/div>\n<!-- CONTENT END 1 -->\n","protected":false},"excerpt":{"rendered":"<p>29 de outubro de 202420 Compartilhar0 O prefeito eleito de Ribeir\u00e3o Preto, Ricardo Silva, anunciou na tarde desta ter\u00e7a-feira o nome de quem ser\u00e1 o&#8230;<\/p>\n","protected":false},"author":1,"featured_media":74044,"comment_status":"open","ping_status":"open","sticky":false,"template":"","format":"standard","meta":{"_uag_custom_page_level_css":"","advanced_seo_description":"","jetpack_seo_html_title":"","jetpack_seo_noindex":false,"jetpack_post_was_ever_published":false,"_jetpack_newsletter_access":"","_jetpack_dont_email_post_to_subs":false,"_jetpack_newsletter_tier_id":0,"_jetpack_memberships_contains_paywalled_content":false,"_jetpack_memberships_contains_paid_content":false,"footnotes":"","jetpack_publicize_message":"","jetpack_publicize_feature_enabled":true,"jetpack_social_post_already_shared":true,"jetpack_social_options":{"image_generator_settings":{"template":"highway","default_image_id":0,"font":"","enabled":false},"version":2}},"categories":[11],"tags":[],"class_list":["post-74043","post","type-post","status-publish","format-standard","has-post-thumbnail","hentry","category-noticias-de-ribeirao-preto-sp-e-regiao-ismael-colosi"],"jetpack_publicize_connections":[],"jetpack_featured_media_url":"https:\/\/i0.wp.com\/ismaelcolosi.com.br\/wp-content\/uploads\/2024\/10\/75209894-63dc-4fd1-9217-719c41a94c0e-scaled.jpeg?fit=372%2C500&ssl=1","uagb_featured_image_src":{"full":["https:\/\/i0.wp.com\/ismaelcolosi.com.br\/wp-content\/uploads\/2024\/10\/75209894-63dc-4fd1-9217-719c41a94c0e-scaled.jpeg?fit=372%2C500&ssl=1",372,500,false],"thumbnail":["https:\/\/i0.wp.com\/ismaelcolosi.com.br\/wp-content\/uploads\/2024\/10\/75209894-63dc-4fd1-9217-719c41a94c0e-scaled.jpeg?resize=150%2C150&ssl=1",150,150,true],"medium":["https:\/\/i0.wp.com\/ismaelcolosi.com.br\/wp-content\/uploads\/2024\/10\/75209894-63dc-4fd1-9217-719c41a94c0e-scaled.jpeg?fit=223%2C300&ssl=1",223,300,true],"medium_large":["https:\/\/i0.wp.com\/ismaelcolosi.com.br\/wp-content\/uploads\/2024\/10\/75209894-63dc-4fd1-9217-719c41a94c0e-scaled.jpeg?fit=372%2C500&ssl=1",372,500,true],"large":["https:\/\/i0.wp.com\/ismaelcolosi.com.br\/wp-content\/uploads\/2024\/10\/75209894-63dc-4fd1-9217-719c41a94c0e-scaled.jpeg?fit=372%2C500&ssl=1",372,500,true],"1536x1536":["https:\/\/i0.wp.com\/ismaelcolosi.com.br\/wp-content\/uploads\/2024\/10\/75209894-63dc-4fd1-9217-719c41a94c0e-scaled.jpeg?fit=372%2C500&ssl=1",372,500,true],"2048x2048":["https:\/\/i0.wp.com\/ismaelcolosi.com.br\/wp-content\/uploads\/2024\/10\/75209894-63dc-4fd1-9217-719c41a94c0e-scaled.jpeg?fit=372%2C500&ssl=1",372,500,true],"really-simple-thumb":["https:\/\/i0.wp.com\/ismaelcolosi.com.br\/wp-content\/uploads\/2024\/10\/75209894-63dc-4fd1-9217-719c41a94c0e-scaled.jpeg?resize=370%2C247&ssl=1",370,247,true]},"uagb_author_info":{"display_name":"ismaelcolosi.com.br","author_link":"https:\/\/ismaelcolosi.com.br\/index.php\/author\/vidareal-online\/"},"uagb_comment_info":0,"uagb_excerpt":"29 de outubro de 202420 Compartilhar0 O prefeito eleito de Ribeir\u00e3o Preto, Ricardo Silva, anunciou na tarde desta ter\u00e7a-feira o nome de quem ser\u00e1 o...","jetpack-related-posts":[],"jetpack_sharing_enabled":true,"jetpack_shortlink":"https:\/\/wp.me\/pfMlyK-jgf","_links":{"self":[{"href":"https:\/\/ismaelcolosi.com.br\/index.php\/wp-json\/wp\/v2\/posts\/74043","targetHints":{"allow":["GET"]}}],"collection":[{"href":"https:\/\/ismaelcolosi.com.br\/index.php\/wp-json\/wp\/v2\/posts"}],"about":[{"href":"https:\/\/ismaelcolosi.com.br\/index.php\/wp-json\/wp\/v2\/types\/post"}],"author":[{"embeddable":true,"href":"https:\/\/ismaelcolosi.com.br\/index.php\/wp-json\/wp\/v2\/users\/1"}],"replies":[{"embeddable":true,"href":"https:\/\/ismaelcolosi.com.br\/index.php\/wp-json\/wp\/v2\/comments?post=74043"}],"version-history":[{"count":0,"href":"https:\/\/ismaelcolosi.com.br\/index.php\/wp-json\/wp\/v2\/posts\/74043\/revisions"}],"wp:featuredmedia":[{"embeddable":true,"href":"https:\/\/ismaelcolosi.com.br\/index.php\/wp-json\/wp\/v2\/media\/74044"}],"wp:attachment":[{"href":"https:\/\/ismaelcolosi.com.br\/index.php\/wp-json\/wp\/v2\/media?parent=74043"}],"wp:term":[{"taxonomy":"category","embeddable":true,"href":"https:\/\/ismaelcolosi.com.br\/index.php\/wp-json\/wp\/v2\/categories?post=74043"},{"taxonomy":"post_tag","embeddable":true,"href":"https:\/\/ismaelcolosi.com.br\/index.php\/wp-json\/wp\/v2\/tags?post=74043"}],"curies":[{"name":"wp","href":"https:\/\/api.w.org\/{rel}","templated":true}]}}