{"id":74036,"date":"2024-10-29T18:24:23","date_gmt":"2024-10-29T21:24:23","guid":{"rendered":"https:\/\/ismaelcolosi.com.br\/index.php\/2024\/10\/29\/vestibular-de-etecs-vai-abrir-inscricoes\/"},"modified":"2024-10-29T18:24:23","modified_gmt":"2024-10-29T21:24:23","slug":"vestibular-de-etecs-vai-abrir-inscricoes","status":"publish","type":"post","link":"https:\/\/ismaelcolosi.com.br\/index.php\/2024\/10\/29\/vestibular-de-etecs-vai-abrir-inscricoes\/","title":{"rendered":"Vestibular de Etecs\u00a0vai abrir inscri\u00e7\u00f5es\u00a0"},"content":{"rendered":"<p> <br \/>\n<\/p>\n<div id=\"\">\n<h2 class=\"penci-post-subtitle\">Quem deseja conquistar uma vaga para estudar em uma Escola T\u00e9cnica Estadual (Etec) do Centro Paula Souza (CPS), no primeiro semestre de 2025, j\u00e1 pode consultar o calend\u00e1rio do processo seletivo pelo site cps.sp.gov.br\/etec\/vestibulinho. \u00a0<\/h2>\n<p>\n\t\t\t\t\t\t\t\t\t<span class=\"entry-meta-item penci-posted-on\"><i class=\"fa fa-clock-o\"\/><time class=\"entry-date published\" datetime=\"2024-10-29T16:00:06-03:00\">29 de outubro de 2024<\/time><time class=\"updated\" datetime=\"2024-10-29T10:45:01-03:00\">29 de outubro de 2024<\/time><\/span><span class=\"entry-meta-item penci-post-countview\"><span class=\"entry-meta-item penci-post-countview penci_post-meta_item\"><i class=\"fa fa-eye\"\/><span class=\"penci-post-countview-number penci-post-countview-p408277\">31<\/span><\/span><\/span>\t\t\t\t\t\t\t\t<\/p>\n<p><!-- .entry-meta --><br \/>\n\t\t\t\t\t\t\t\t<span class=\"penci-social-buttons penci-social-share-footer\"><span class=\"penci-social-share-text\">Compartilhar<\/span><a href=\"#\" class=\"penci-post-like penci_post-meta_item  single-like-button penci-social-item like\" data-post_id=\"408277\" title=\"Like\" data-like=\"Like\" data-unlike=\"Unlike\"><i class=\"fa fa-thumbs-o-up\"\/><span class=\"penci-share-number\">0<\/span><\/a><a class=\"penci-social-item facebook\" target=\"_blank\" rel=\"noopener\" title=\"\" href=\"https:\/\/www.facebook.com\/sharer\/sharer.php?u=https%3A%2F%2Fwww.tribunaribeirao.com.br%2Fvestibular-de-etecs-vai-abrir-inscricoes%2F\"><i class=\"fa fa-facebook\"\/><\/a><a class=\"penci-social-item twitter\" target=\"_blank\" rel=\"noopener\" title=\"\" href=\"https:\/\/twitter.com\/intent\/tweet?text=Vestibular%20de%20Etecs\u00a0vai%20abrir%20inscri\u00e7\u00f5es\u00a0%20-%20https:\/\/www.tribunaribeirao.com.br\/vestibular-de-etecs-vai-abrir-inscricoes\/\"><i class=\"fa fa-twitter\"\/><\/a><a class=\"penci-social-item linkedin\" target=\"_blank\" rel=\"noopener\" title=\"\" href=\"https:\/\/www.linkedin.com\/shareArticle?mini=true&amp;url=https%3A%2F%2Fwww.tribunaribeirao.com.br%2Fvestibular-de-etecs-vai-abrir-inscricoes%2F&amp;title=Vestibular%20de%20Etecs%C2%A0vai%20abrir%20inscri%C3%A7%C3%B5es%C2%A0\"><i class=\"fa fa-linkedin\"\/><\/a><a class=\"penci-social-item whatsapp\" rel=\"noopener\" data-text=\"Vestibular de Etecs\u00a0vai abrir inscri\u00e7\u00f5es\u00a0\" data-link=\"https:\/\/www.tribunaribeirao.com.br\/vestibular-de-etecs-vai-abrir-inscricoes\/\" href=\"#\"><i class=\"fa fa-whatsapp\"\/><\/a><a class=\"penci-social-item telegram\" target=\"_blank\" rel=\"noopener\" title=\"\" href=\"https:\/\/telegram.me\/share\/url?url=https%3A%2F%2Fwww.tribunaribeirao.com.br%2Fvestibular-de-etecs-vai-abrir-inscricoes%2F&amp;text=Vestibular%20de%20Etecs%C2%A0vai%20abrir%20inscri%C3%A7%C3%B5es%C2%A0\"><i class=\"fa fa-telegram\"\/><\/a><a class=\"penci-social-item email\" target=\"_blank\" rel=\"noopener\" href=\"http:\/\/www.tribunaribeirao.com.br\/cdn-cgi\/l\/email-protection#6e511d1b0c040b0d1a53380b1d1a070c1b020f1c4b5c5e0a0b4b5c5e2b1a0b0d1dacce180f074b5c5e0f0c1c071c4b5c5e07001d0d1c07adc9addb0b1dacce484d5e5d56552c212a3753061a1a1e1d544141191919401a1c070c1b000f1c070c0b071c0f01400d0103400c1c41180b1d1a070c1b020f1c430a0b430b1a0b0d1d43180f07430f0c1c071c4307001d0d1c070d010b1d41\"><i class=\"fa fa-envelope\"\/><\/a><\/span>\t\t\t\t\t\t\t<\/div>\n<div>\n<p><span class=\"TextRun SCXW94323095 BCX0\" lang=\"PT-BR\" xml:lang=\"PT-BR\" data-contrast=\"auto\"><span class=\"NormalTextRun SCXW94323095 BCX0\">O per\u00edodo de inscri<\/span><span class=\"NormalTextRun SCXW94323095 BCX0\">\u00e7\u00e3<\/span><span class=\"NormalTextRun SCXW94323095 BCX0\">o para o Vestibulinho das <\/span><span class=\"NormalTextRun SpellingErrorV2Themed SCXW94323095 BCX0\">Etecs<\/span><span class=\"NormalTextRun SCXW94323095 BCX0\"> come\u00e7a n<\/span><span class=\"NormalTextRun SCXW94323095 BCX0\">esta <\/span><span class=\"NormalTextRun SCXW94323095 BCX0\">quinta-feira, 31 de outubro. A prova ser\u00e1 realizada no dia 15 de dezembro.<\/span><span class=\"NormalTextRun SCXW94323095 BCX0\"> Os gabaritos ser\u00e3o divulgados \u00e0s 15 horas de <\/span><span class=\"NormalTextRun SCXW94323095 BCX0\">18 de dezembro<\/span><span class=\"NormalTextRun SCXW94323095 BCX0\">. Em <\/span><span class=\"NormalTextRun SCXW94323095 BCX0\">13 de janeiro<\/span><span class=\"NormalTextRun SCXW94323095 BCX0\">, <\/span><span class=\"NormalTextRun SCXW94323095 BCX0\">a partir das 15 horas<\/span><span class=\"NormalTextRun SCXW94323095 BCX0\">, haver\u00e1 a <\/span><span class=\"NormalTextRun SCXW94323095 BCX0\">divulga\u00e7\u00e3o da classifica\u00e7\u00e3o geral.<\/span><\/span><span class=\"LineBreakBlob BlobObject DragDrop SCXW94323095 BCX0\"><span class=\"SCXW94323095 BCX0\">\u00a0<\/span><br class=\"SCXW94323095 BCX0\"\/><\/span><span class=\"LineBreakBlob BlobObject DragDrop SCXW94323095 BCX0\"><span class=\"SCXW94323095 BCX0\">\u00a0<\/span><br class=\"SCXW94323095 BCX0\"\/><\/span><span class=\"TextRun SCXW94323095 BCX0\" lang=\"PT-BR\" xml:lang=\"PT-BR\" data-contrast=\"auto\"><span class=\"NormalTextRun SCXW94323095 BCX0\">O per\u00edodo para solicitar a redu\u00e7\u00e3o de 50% da taxa de inscri\u00e7\u00e3o <\/span><span class=\"NormalTextRun SCXW94323095 BCX0\">termina nesta quarta-feira (<\/span><span class=\"NormalTextRun SCXW94323095 BCX0\">30<\/span><span class=\"NormalTextRun SCXW94323095 BCX0\">)<\/span><span class=\"NormalTextRun SCXW94323095 BCX0\">. O pedido dever\u00e1 ser feito pelo site <\/span><span class=\"NormalTextRun SCXW94323095 BCX0\">vestibulinhoetec.com.<\/span><span class=\"NormalTextRun SCXW94323095 BCX0\">br. O valor integral da inscri\u00e7\u00e3o \u00e9 de R$ 39,85.<\/span> <\/span><span class=\"LineBreakBlob BlobObject DragDrop SCXW94323095 BCX0\"><span class=\"SCXW94323095 BCX0\">\u00a0<\/span><br class=\"SCXW94323095 BCX0\"\/><\/span><span class=\"LineBreakBlob BlobObject DragDrop SCXW94323095 BCX0\"><span class=\"SCXW94323095 BCX0\">\u00a0<\/span><br class=\"SCXW94323095 BCX0\"\/><\/span><span class=\"TextRun SCXW94323095 BCX0\" lang=\"PT-BR\" xml:lang=\"PT-BR\" data-contrast=\"auto\"><span class=\"NormalTextRun SCXW94323095 BCX0\">O <\/span><span class=\"NormalTextRun SCXW94323095 BCX0\">v<\/span><span class=\"NormalTextRun SCXW94323095 BCX0\">estibulinho das <\/span><span class=\"NormalTextRun SpellingErrorV2Themed SCXW94323095 BCX0\">Etecs<\/span><span class=\"NormalTextRun SCXW94323095 BCX0\"> para o primeiro semestre de 2025 oferece vagas para <\/span><span class=\"NormalTextRun SCXW94323095 BCX0\">cursos T\u00e9cnico<\/span><span class=\"NormalTextRun SCXW94323095 BCX0\">, Ensino M\u00e9dio integrado ao T\u00e9cnico, Ensino M\u00e9dio em diferentes itiner\u00e1rios formativos, Articula\u00e7\u00e3o da Forma\u00e7\u00e3o Profissional M\u00e9dia e Superior (AMS) e Especializa\u00e7\u00e3o T\u00e9cnica. <\/span><\/span><span class=\"LineBreakBlob BlobObject DragDrop SCXW94323095 BCX0\"><span class=\"SCXW94323095 BCX0\">\u00a0<\/span><br class=\"SCXW94323095 BCX0\"\/><\/span><span class=\"LineBreakBlob BlobObject DragDrop SCXW94323095 BCX0\"><span class=\"SCXW94323095 BCX0\">\u00a0<\/span><br class=\"SCXW94323095 BCX0\"\/><\/span><span class=\"TextRun SCXW94323095 BCX0\" lang=\"PT-BR\" xml:lang=\"PT-BR\" data-contrast=\"auto\"><span class=\"NormalTextRun SCXW94323095 BCX0\">Nos pr\u00f3ximos dias, ser\u00e3o <\/span><span class=\"NormalTextRun ContextualSpellingAndGrammarErrorV2Themed SCXW94323095 BCX0\">divulgadas<\/span><span class=\"NormalTextRun SCXW94323095 BCX0\"> as vagas e os cursos para cada unidade.<\/span><span class=\"NormalTextRun SCXW94323095 BCX0\"> A redu\u00e7\u00e3o da taxa <\/span><span class=\"NormalTextRun SCXW94323095 BCX0\">\u00e9 v\u00e1lid<\/span><span class=\"NormalTextRun SCXW94323095 BCX0\">a<\/span><span class=\"NormalTextRun SCXW94323095 BCX0\"> para estudantes regularmente matriculados no Ensino Fundamental, <\/span><span class=\"NormalTextRun ContextualSpellingAndGrammarErrorV2Themed SCXW94323095 BCX0\">M\u00e9dio<\/span><span class=\"NormalTextRun SCXW94323095 BCX0\">, pr\u00e9-vestibular, gradua\u00e7\u00e3o ou p\u00f3s-gradua\u00e7\u00e3o, desde que, cumulativamente, recebam remunera\u00e7\u00e3o mensal inferior a dois <\/span><span class=\"NormalTextRun ContextualSpellingAndGrammarErrorV2Themed SCXW94323095 BCX0\">sal\u00e1rios m\u00ednimos<\/span><span class=\"NormalTextRun SCXW94323095 BCX0\"> (R$ 2.824) ou estejam desempregados.<\/span><\/span><span class=\"LineBreakBlob BlobObject DragDrop SCXW94323095 BCX0\"><span class=\"SCXW94323095 BCX0\">\u00a0<\/span><br class=\"SCXW94323095 BCX0\"\/><\/span><span class=\"LineBreakBlob BlobObject DragDrop SCXW94323095 BCX0\"><span class=\"SCXW94323095 BCX0\">\u00a0<\/span><br class=\"SCXW94323095 BCX0\"\/><\/span><span class=\"TextRun SCXW94323095 BCX0\" lang=\"PT-BR\" xml:lang=\"PT-BR\" data-contrast=\"auto\"><span class=\"NormalTextRun SCXW94323095 BCX0\">O pedido de redu\u00e7\u00e3o da taxa de inscri\u00e7\u00e3o deve ser feito no site <\/span><span class=\"NormalTextRun SCXW94323095 BCX0\">vestibulinhoetec.com.<\/span><span class=\"NormalTextRun SCXW94323095 BCX0\">br<\/span><span class=\"NormalTextRun SCXW94323095 BCX0\">, acessando o menu \u201cRedu\u00e7\u00e3o\u201d e preenchendo o formul\u00e1rio. Tamb\u00e9m \u00e9 necess\u00e1rio anexar, via <\/span><span class=\"NormalTextRun SCXW94323095 BCX0\">upload<\/span><span class=\"NormalTextRun SCXW94323095 BCX0\">, os documentos comprobat\u00f3rios<\/span><span class=\"NormalTextRun SCXW94323095 BCX0\">.<\/span><\/span><span class=\"LineBreakBlob BlobObject DragDrop SCXW94323095 BCX0\"><span class=\"SCXW94323095 BCX0\">\u00a0<\/span><br class=\"SCXW94323095 BCX0\"\/><\/span><span class=\"LineBreakBlob BlobObject DragDrop SCXW94323095 BCX0\"><span class=\"SCXW94323095 BCX0\">\u00a0<\/span><br class=\"SCXW94323095 BCX0\"\/><\/span><span class=\"TextRun SCXW94323095 BCX0\" lang=\"PT-BR\" xml:lang=\"PT-BR\" data-contrast=\"auto\"><span class=\"NormalTextRun SCXW94323095 BCX0\">S\u00e3o <\/span><span class=\"NormalTextRun SCXW94323095 BCX0\">comprovantes de escolaridade, de renda, de aposentadoria ou declara\u00e7\u00e3o de desemprego dispon\u00edvel no Anexo I da Portaria. Todos os arquivos devem ser digitalizados, com tamanho n\u00e3o superior a 1MB, nos formatos \u2018<\/span><span class=\"NormalTextRun SpellingErrorV2Themed SCXW94323095 BCX0\">pdf<\/span><span class=\"NormalTextRun SCXW94323095 BCX0\">\u2019, \u2018<\/span><span class=\"NormalTextRun SCXW94323095 BCX0\">png<\/span><span class=\"NormalTextRun SCXW94323095 BCX0\">\u2019, \u2018<\/span><span class=\"NormalTextRun SpellingErrorV2Themed SCXW94323095 BCX0\">jpg<\/span><span class=\"NormalTextRun SCXW94323095 BCX0\">\u2019 ou \u2018<\/span><span class=\"NormalTextRun SCXW94323095 BCX0\">jpeg<\/span><span class=\"NormalTextRun SCXW94323095 BCX0\">\u2019. \u00c9 indispens\u00e1vel o correto preenchimento da ficha de solicita\u00e7\u00e3o e o envio dos documentos, entre os dias 29 e 30 de outubro.<\/span><\/span><span class=\"LineBreakBlob BlobObject DragDrop SCXW94323095 BCX0\"><span class=\"SCXW94323095 BCX0\">\u00a0<\/span><br class=\"SCXW94323095 BCX0\"\/><\/span><span class=\"LineBreakBlob BlobObject DragDrop SCXW94323095 BCX0\"><span class=\"SCXW94323095 BCX0\">\u00a0<\/span><br class=\"SCXW94323095 BCX0\"\/><\/span><span class=\"TextRun SCXW94323095 BCX0\" lang=\"PT-BR\" xml:lang=\"PT-BR\" data-contrast=\"auto\"><span class=\"NormalTextRun SCXW94323095 BCX0\">As <\/span><span class=\"NormalTextRun SpellingErrorV2Themed SCXW94323095 BCX0\">Etecs<\/span><span class=\"NormalTextRun SCXW94323095 BCX0\"> oferecem computadores e acesso \u00e0 internet para auxiliar quem deseja solicitar o benef\u00edcio. Para informa\u00e7\u00f5es sobre datas e hor\u00e1rios de atendimento, \u00e9 necess\u00e1rio entrar em contato diretamente com a escola.<\/span> <span class=\"NormalTextRun SCXW94323095 BCX0\">O <\/span><span class=\"NormalTextRun SCXW94323095 BCX0\">resultado da an\u00e1lise das solicita\u00e7\u00f5es ser\u00e1 divulgado a partir das 15 horas do dia 5 de novembro, no mesmo link em que foi realizado o pedido. <\/span><\/span><span class=\"LineBreakBlob BlobObject DragDrop SCXW94323095 BCX0\"><span class=\"SCXW94323095 BCX0\">\u00a0<\/span><br class=\"SCXW94323095 BCX0\"\/><\/span><span class=\"LineBreakBlob BlobObject DragDrop SCXW94323095 BCX0\"><span class=\"SCXW94323095 BCX0\">\u00a0<\/span><br class=\"SCXW94323095 BCX0\"\/><\/span><span class=\"TextRun SCXW94323095 BCX0\" lang=\"PT-BR\" xml:lang=\"PT-BR\" data-contrast=\"auto\"><span class=\"NormalTextRun SCXW94323095 BCX0\">Quem solicitar o benef\u00edcio<\/span><span class=\"NormalTextRun SCXW94323095 BCX0\">, deve<\/span><span class=\"NormalTextRun SCXW94323095 BCX0\"> efetuar a inscri\u00e7\u00e3o no processo seletivo ap\u00f3s a divulga\u00e7\u00e3o oficial do resultado.<\/span> <span class=\"NormalTextRun SCXW94323095 BCX0\">O v<\/span><span class=\"NormalTextRun SCXW94323095 BCX0\">estibulinho para o segundo semestre de 2024 <\/span><span class=\"NormalTextRun SCXW94323095 BCX0\">teve <\/span><span class=\"NormalTextRun SCXW94323095 BCX0\">74.142 candidatos <\/span><span class=\"NormalTextRun SCXW94323095 BCX0\">inscritos<\/span><span class=\"NormalTextRun SCXW94323095 BCX0\">.<\/span> <span class=\"NormalTextRun SCXW94323095 BCX0\">Com ensino totalmente gratuito, o processo seletivo conta<\/span><span class=\"NormalTextRun SCXW94323095 BCX0\">va<\/span><span class=\"NormalTextRun SCXW94323095 BCX0\"> com 41.790 vagas. As unidades da regi\u00e3o de Ribeir\u00e3o Preto oferta<\/span><span class=\"NormalTextRun SCXW94323095 BCX0\">ra<\/span><span class=\"NormalTextRun SCXW94323095 BCX0\">m um total de 1.030 vagas.<\/span><\/span><span class=\"LineBreakBlob BlobObject DragDrop SCXW94323095 BCX0\"><span class=\"SCXW94323095 BCX0\">\u00a0<\/span><br class=\"SCXW94323095 BCX0\"\/><\/span><span class=\"LineBreakBlob BlobObject DragDrop SCXW94323095 BCX0\"><span class=\"SCXW94323095 BCX0\">\u00a0<\/span><br class=\"SCXW94323095 BCX0\"\/><\/span><span class=\"TextRun SCXW94323095 BCX0\" lang=\"PT-BR\" xml:lang=\"PT-BR\" data-contrast=\"auto\"><span class=\"NormalTextRun SCXW94323095 BCX0\">S\u00e3o cursos t\u00e9cnicos e especializa\u00e7\u00f5es t\u00e9cnicas, distribu\u00eddas entre a cidade-sede (480) e os munic\u00edpios de Dumont (40), Guariba (70), Monte Alto (40), Pontal (40), Prad\u00f3polis (40), Santa Rosa de <\/span><span class=\"NormalTextRun SCXW94323095 BCX0\">Viterbo<\/span><span class=\"NormalTextRun SCXW94323095 BCX0\"> (120), Santo Ant\u00f4nio da Alegria (40), S\u00e3o Sim\u00e3o (40) e Sert\u00e3ozinho (120). N\u00e3o h\u00e1 cobran\u00e7a de mensalidades. <\/span><\/span><span class=\"LineBreakBlob BlobObject DragDrop SCXW94323095 BCX0\"><span class=\"SCXW94323095 BCX0\">\u00a0<\/span><br class=\"SCXW94323095 BCX0\"\/><\/span><span class=\"LineBreakBlob BlobObject DragDrop SCXW94323095 BCX0\"><span class=\"SCXW94323095 BCX0\">\u00a0<\/span><br class=\"SCXW94323095 BCX0\"\/><\/span><span class=\"TextRun SCXW94323095 BCX0\" lang=\"PT-BR\" xml:lang=\"PT-BR\" data-contrast=\"auto\"><span class=\"NormalTextRun SCXW94323095 BCX0\">A <\/span><span class=\"NormalTextRun SCXW94323095 BCX0\">Escola T\u00e9cnica Estadual Jos\u00e9 <\/span><span class=\"NormalTextRun SpellingErrorV2Themed SCXW94323095 BCX0\">Martimiano<\/span><span class=\"NormalTextRun SCXW94323095 BCX0\"> da Silva, o popular \u201cCol\u00e9gio Industrial\u201d, na <\/span><span class=\"NormalTextRun SCXW94323095 BCX0\">rua<\/span><span class=\"NormalTextRun SCXW94323095 BCX0\"> Tamandar\u00e9 <\/span><\/span><span class=\"TextRun SCXW94323095 BCX0\" lang=\"PT-BR\" xml:lang=\"PT-BR\" data-contrast=\"none\"><span class=\"NormalTextRun SCXW94323095 BCX0\">n\u00ba 520, no bairro Campos El\u00edseos, na Zona Norte, oferec<\/span><span class=\"NormalTextRun SCXW94323095 BCX0\">eu <\/span><\/span><span class=\"TextRun SCXW94323095 BCX0\" lang=\"PT-BR\" xml:lang=\"PT-BR\" data-contrast=\"auto\"><span class=\"NormalTextRun SCXW94323095 BCX0\">680 vagas gratuitas na unidade.<\/span> <span class=\"NormalTextRun SCXW94323095 BCX0\">As redes sociais da <\/span><span class=\"NormalTextRun SCXW94323095 BCX0\">unidade <\/span><span class=\"NormalTextRun SCXW94323095 BCX0\">s\u00e3o <\/span><span class=\"NormalTextRun SCXW94323095 BCX0\">Facebook<\/span><span class=\"NormalTextRun SCXW94323095 BCX0\"> e <\/span><span class=\"NormalTextRun SCXW94323095 BCX0\">Instagram<\/span><span class=\"NormalTextRun SCXW94323095 BCX0\"> (@<\/span><span class=\"NormalTextRun SCXW94323095 BCX0\">EtecRP<\/span><span class=\"NormalTextRun SCXW94323095 BCX0\">). Outras informa\u00e7\u00f5es pelos telefones (16) 3610-8374 e 0800-772 2829 ou pela internet.<\/span> <\/span><span class=\"LineBreakBlob BlobObject DragDrop SCXW94323095 BCX0\"><span class=\"SCXW94323095 BCX0\">\u00a0<\/span><br class=\"SCXW94323095 BCX0\"\/><\/span><span class=\"LineBreakBlob BlobObject DragDrop SCXW94323095 BCX0\"><span class=\"SCXW94323095 BCX0\">\u00a0<\/span><\/span><\/p>\n<\/div>\n<p><script async src=\"\/\/platform.twitter.com\/widgets.js\" charset=\"utf-8\"><\/script><br \/>\n<br \/><br \/>\n<br \/><a href=\"https:\/\/www.tribunaribeirao.com.br\/vestibular-de-etecs-vai-abrir-inscricoes\/\">Source link <\/a><\/p>\n<div class='code-block code-block-4' style='margin: 8px auto 8px 0; text-align: left; display: block; clear: both;'>\n\ud83d\udce2 Aviso Legal\n\nO site ismaelcolosi.com.br atua apenas como um canal de divulga\u00e7\u00e3o de oportunidades de emprego e n\u00e3o se responsabiliza pelo processo seletivo, contrata\u00e7\u00e3o ou qualquer outra etapa relacionada \u00e0s vagas publicadas. Todas as informa\u00e7\u00f5es s\u00e3o de responsabilidade dos anunciantes.\n\n\u26a0\ufe0f Aten\u00e7\u00e3o! Nunca pague por promessas de emprego nem compre cursos que garantam contrata\u00e7\u00e3o. Desconfie de qualquer cobran\u00e7a para participar de sele\u00e7\u00f5es.\n\n\n\n<\/div>\n<!-- CONTENT END 1 -->\n","protected":false},"excerpt":{"rendered":"<p>Quem deseja conquistar uma vaga para estudar em uma Escola T\u00e9cnica Estadual (Etec) do Centro Paula Souza (CPS), no primeiro semestre de 2025, j\u00e1 pode&#8230;<\/p>\n","protected":false},"author":1,"featured_media":74037,"comment_status":"open","ping_status":"open","sticky":false,"template":"","format":"standard","meta":{"_uag_custom_page_level_css":"","advanced_seo_description":"","jetpack_seo_html_title":"","jetpack_seo_noindex":false,"jetpack_post_was_ever_published":false,"_jetpack_newsletter_access":"","_jetpack_dont_email_post_to_subs":false,"_jetpack_newsletter_tier_id":0,"_jetpack_memberships_contains_paywalled_content":false,"_jetpack_memberships_contains_paid_content":false,"footnotes":"","jetpack_publicize_message":"","jetpack_publicize_feature_enabled":true,"jetpack_social_post_already_shared":true,"jetpack_social_options":{"image_generator_settings":{"template":"highway","default_image_id":0,"font":"","enabled":false},"version":2}},"categories":[11],"tags":[],"class_list":["post-74036","post","type-post","status-publish","format-standard","has-post-thumbnail","hentry","category-noticias-de-ribeirao-preto-sp-e-regiao-ismael-colosi"],"jetpack_publicize_connections":[],"jetpack_featured_media_url":"https:\/\/i0.wp.com\/ismaelcolosi.com.br\/wp-content\/uploads\/2024\/10\/Etec-Roberto-Sungi-ok-scaled.jpg?fit=752%2C500&ssl=1","uagb_featured_image_src":{"full":["https:\/\/i0.wp.com\/ismaelcolosi.com.br\/wp-content\/uploads\/2024\/10\/Etec-Roberto-Sungi-ok-scaled.jpg?fit=752%2C500&ssl=1",752,500,false],"thumbnail":["https:\/\/i0.wp.com\/ismaelcolosi.com.br\/wp-content\/uploads\/2024\/10\/Etec-Roberto-Sungi-ok-scaled.jpg?resize=150%2C150&ssl=1",150,150,true],"medium":["https:\/\/i0.wp.com\/ismaelcolosi.com.br\/wp-content\/uploads\/2024\/10\/Etec-Roberto-Sungi-ok-scaled.jpg?fit=300%2C199&ssl=1",300,199,true],"medium_large":["https:\/\/i0.wp.com\/ismaelcolosi.com.br\/wp-content\/uploads\/2024\/10\/Etec-Roberto-Sungi-ok-scaled.jpg?fit=752%2C500&ssl=1",752,500,true],"large":["https:\/\/i0.wp.com\/ismaelcolosi.com.br\/wp-content\/uploads\/2024\/10\/Etec-Roberto-Sungi-ok-scaled.jpg?fit=752%2C500&ssl=1",752,500,true],"1536x1536":["https:\/\/i0.wp.com\/ismaelcolosi.com.br\/wp-content\/uploads\/2024\/10\/Etec-Roberto-Sungi-ok-scaled.jpg?fit=752%2C500&ssl=1",752,500,true],"2048x2048":["https:\/\/i0.wp.com\/ismaelcolosi.com.br\/wp-content\/uploads\/2024\/10\/Etec-Roberto-Sungi-ok-scaled.jpg?fit=752%2C500&ssl=1",752,500,true],"really-simple-thumb":["https:\/\/i0.wp.com\/ismaelcolosi.com.br\/wp-content\/uploads\/2024\/10\/Etec-Roberto-Sungi-ok-scaled.jpg?resize=370%2C247&ssl=1",370,247,true]},"uagb_author_info":{"display_name":"ismaelcolosi.com.br","author_link":"https:\/\/ismaelcolosi.com.br\/index.php\/author\/vidareal-online\/"},"uagb_comment_info":0,"uagb_excerpt":"Quem deseja conquistar uma vaga para estudar em uma Escola T\u00e9cnica Estadual (Etec) do Centro Paula Souza (CPS), no primeiro semestre de 2025, j\u00e1 pode...","jetpack-related-posts":[{"id":73941,"url":"https:\/\/ismaelcolosi.com.br\/index.php\/2024\/10\/29\/etec-ribeirao-preto-oferece-mais-de-mil-vagas-em-cursos-gratuitos-veja-como-se-inscrever\/","url_meta":{"origin":74036,"position":0},"title":"Etec Ribeir\u00e3o Preto oferece mais de mil vagas em cursos gratuitos; Veja como se inscrever","author":"ismaelcolosi.com.br","date":"29 de October de 2024","format":false,"excerpt":"As inscri\u00e7\u00f5es para o Vestibulinho 2025 da Etec (Escola T\u00e9cnica Estadual) Jos\u00e9 Martimiano da Silva, em Ribeir\u00e3o Preto, come\u00e7am na pr\u00f3xima quinta-feira (31). S\u00e3o oferecidas 1.120 vagas em 27 cursos gratuitos. Os interessados devem se inscrever pelo site da institui\u00e7\u00e3o at\u00e9 as 15h do dia 26 de novembro. Clique aqui\u2026","rel":"","context":"In &quot;Not\u00edcias de Ribeir\u00e3o Preto-SP e Regi\u00e3o&quot;","block_context":{"text":"Not\u00edcias de Ribeir\u00e3o Preto-SP e Regi\u00e3o","link":"https:\/\/ismaelcolosi.com.br\/index.php\/category\/noticias-de-ribeirao-preto-sp-e-regiao-ismael-colosi\/"},"img":{"alt_text":"","src":"https:\/\/i0.wp.com\/ismaelcolosi.com.br\/wp-content\/uploads\/2024\/10\/WhatsApp-Image-2024-10-29-at-11.01.13_2024-10-29_15-11-48_jpeg_2024-10-29_15-11-48.webp.webp?fit=1200%2C674&ssl=1&resize=350%2C200","width":350,"height":200,"srcset":"https:\/\/i0.wp.com\/ismaelcolosi.com.br\/wp-content\/uploads\/2024\/10\/WhatsApp-Image-2024-10-29-at-11.01.13_2024-10-29_15-11-48_jpeg_2024-10-29_15-11-48.webp.webp?fit=1200%2C674&ssl=1&resize=350%2C200 1x, https:\/\/i0.wp.com\/ismaelcolosi.com.br\/wp-content\/uploads\/2024\/10\/WhatsApp-Image-2024-10-29-at-11.01.13_2024-10-29_15-11-48_jpeg_2024-10-29_15-11-48.webp.webp?fit=1200%2C674&ssl=1&resize=525%2C300 1.5x, https:\/\/i0.wp.com\/ismaelcolosi.com.br\/wp-content\/uploads\/2024\/10\/WhatsApp-Image-2024-10-29-at-11.01.13_2024-10-29_15-11-48_jpeg_2024-10-29_15-11-48.webp.webp?fit=1200%2C674&ssl=1&resize=700%2C400 2x, https:\/\/i0.wp.com\/ismaelcolosi.com.br\/wp-content\/uploads\/2024\/10\/WhatsApp-Image-2024-10-29-at-11.01.13_2024-10-29_15-11-48_jpeg_2024-10-29_15-11-48.webp.webp?fit=1200%2C674&ssl=1&resize=1050%2C600 3x"},"classes":[]},{"id":42821,"url":"https:\/\/ismaelcolosi.com.br\/index.php\/2024\/03\/17\/etec-de-cravinhos-e-a-mais-nova-unidade-do-centro-paula-souza\/","url_meta":{"origin":74036,"position":1},"title":"Etec de Cravinhos \u00e9 a mais nova unidade do Centro Paula Souza\u00a0","author":"ismaelcolosi.com.br","date":"17 de March de 2024","format":false,"excerpt":"Adriana Dorazi \u2013 especial para o Tribuna Ribeir\u00e3oA Escola T\u00e9cnica Estadual (Etec) de Cravinhos iniciou o funcionamento no \u00faltimo dia 7 de fevereiro, mas ainda n\u00e3o tem uma placa de inaugura\u00e7\u00e3o. Essa solenidade foi reservada para o anivers\u00e1rio da cidade, nesta ter\u00e7a-feira, 19 de mar\u00e7o. Na pr\u00e1tica a unidade j\u00e1\u2026","rel":"","context":"In &quot;Not\u00edcias de Ribeir\u00e3o Preto-SP e Regi\u00e3o&quot;","block_context":{"text":"Not\u00edcias de Ribeir\u00e3o Preto-SP e Regi\u00e3o","link":"https:\/\/ismaelcolosi.com.br\/index.php\/category\/noticias-de-ribeirao-preto-sp-e-regiao-ismael-colosi\/"},"img":{"alt_text":"","src":"https:\/\/i0.wp.com\/ismaelcolosi.com.br\/wp-content\/uploads\/2024\/03\/Etec_Cravinhos_Risk01-scaled.jpg?fit=967%2C645&ssl=1&resize=350%2C200","width":350,"height":200,"srcset":"https:\/\/i0.wp.com\/ismaelcolosi.com.br\/wp-content\/uploads\/2024\/03\/Etec_Cravinhos_Risk01-scaled.jpg?fit=967%2C645&ssl=1&resize=350%2C200 1x, https:\/\/i0.wp.com\/ismaelcolosi.com.br\/wp-content\/uploads\/2024\/03\/Etec_Cravinhos_Risk01-scaled.jpg?fit=967%2C645&ssl=1&resize=525%2C300 1.5x, https:\/\/i0.wp.com\/ismaelcolosi.com.br\/wp-content\/uploads\/2024\/03\/Etec_Cravinhos_Risk01-scaled.jpg?fit=967%2C645&ssl=1&resize=700%2C400 2x"},"classes":[]},{"id":49082,"url":"https:\/\/ismaelcolosi.com.br\/index.php\/2024\/05\/08\/prorrogadas-as-inscricoes-para-vestibulinho-da-etec-ribeirao-preto-com-680-vagas\/","url_meta":{"origin":74036,"position":2},"title":"Prorrogadas as inscri\u00e7\u00f5es para vestibulinho da Etec Ribeir\u00e3o Preto com 680 vagas","author":"ismaelcolosi.com.br","date":"8 de May de 2024","format":false,"excerpt":"Foram prorrogadas as inscri\u00e7\u00f5es para o vestibulinho da Etec Jos\u00e9 Martimiano da Silva em Ribeir\u00e3o Preto at\u00e9 o dia 17 de maio. Com 680 vagas de cursos t\u00e9cnicos gratuitos dispon\u00edveis, o in\u00edcio das aulas ser\u00e1 no segundo semestre deste ano. Os interessados devem se inscrever pelo site da Etec (clique\u2026","rel":"","context":"In &quot;Not\u00edcias de Ribeir\u00e3o Preto-SP e Regi\u00e3o&quot;","block_context":{"text":"Not\u00edcias de Ribeir\u00e3o Preto-SP e Regi\u00e3o","link":"https:\/\/ismaelcolosi.com.br\/index.php\/category\/noticias-de-ribeirao-preto-sp-e-regiao-ismael-colosi\/"},"img":{"alt_text":"","src":"https:\/\/i0.wp.com\/ismaelcolosi.com.br\/wp-content\/uploads\/2024\/05\/WhatsApp-Image-2023-10-01-at-14.58.24.jpeg?fit=1200%2C876&ssl=1&resize=350%2C200","width":350,"height":200,"srcset":"https:\/\/i0.wp.com\/ismaelcolosi.com.br\/wp-content\/uploads\/2024\/05\/WhatsApp-Image-2023-10-01-at-14.58.24.jpeg?fit=1200%2C876&ssl=1&resize=350%2C200 1x, https:\/\/i0.wp.com\/ismaelcolosi.com.br\/wp-content\/uploads\/2024\/05\/WhatsApp-Image-2023-10-01-at-14.58.24.jpeg?fit=1200%2C876&ssl=1&resize=525%2C300 1.5x, https:\/\/i0.wp.com\/ismaelcolosi.com.br\/wp-content\/uploads\/2024\/05\/WhatsApp-Image-2023-10-01-at-14.58.24.jpeg?fit=1200%2C876&ssl=1&resize=700%2C400 2x, https:\/\/i0.wp.com\/ismaelcolosi.com.br\/wp-content\/uploads\/2024\/05\/WhatsApp-Image-2023-10-01-at-14.58.24.jpeg?fit=1200%2C876&ssl=1&resize=1050%2C600 3x"},"classes":[]},{"id":50493,"url":"https:\/\/ismaelcolosi.com.br\/index.php\/2024\/05\/16\/inscricoes-para-vestibulinho-da-etec-ribeirao-com-680-vagas-terminam-nesta-sexta-feira\/","url_meta":{"origin":74036,"position":3},"title":"Inscri\u00e7\u00f5es para vestibulinho da Etec Ribeir\u00e3o com 680 vagas terminam nesta sexta-feira","author":"ismaelcolosi.com.br","date":"16 de May de 2024","format":false,"excerpt":"As inscri\u00e7\u00f5es para o vestibulinho da Etec Jos\u00e9 Martimiano da Silva em Ribeir\u00e3o Preto terminam, \u00e0s 15h, desta sexta-feira (17). Com 680 vagas de cursos t\u00e9cnicos gratuitos dispon\u00edveis, o in\u00edcio das aulas ser\u00e1 no segundo semestre deste ano. Os interessados devem se inscrever pelo site da Etec (clique aqui). O\u2026","rel":"","context":"In &quot;Not\u00edcias de Ribeir\u00e3o Preto-SP e Regi\u00e3o&quot;","block_context":{"text":"Not\u00edcias de Ribeir\u00e3o Preto-SP e Regi\u00e3o","link":"https:\/\/ismaelcolosi.com.br\/index.php\/category\/noticias-de-ribeirao-preto-sp-e-regiao-ismael-colosi\/"},"img":{"alt_text":"","src":"https:\/\/i0.wp.com\/ismaelcolosi.com.br\/wp-content\/uploads\/2024\/05\/1715876066_WhatsApp-Image-2023-10-01-at-14.58.24.jpeg?fit=1200%2C876&ssl=1&resize=350%2C200","width":350,"height":200,"srcset":"https:\/\/i0.wp.com\/ismaelcolosi.com.br\/wp-content\/uploads\/2024\/05\/1715876066_WhatsApp-Image-2023-10-01-at-14.58.24.jpeg?fit=1200%2C876&ssl=1&resize=350%2C200 1x, https:\/\/i0.wp.com\/ismaelcolosi.com.br\/wp-content\/uploads\/2024\/05\/1715876066_WhatsApp-Image-2023-10-01-at-14.58.24.jpeg?fit=1200%2C876&ssl=1&resize=525%2C300 1.5x, https:\/\/i0.wp.com\/ismaelcolosi.com.br\/wp-content\/uploads\/2024\/05\/1715876066_WhatsApp-Image-2023-10-01-at-14.58.24.jpeg?fit=1200%2C876&ssl=1&resize=700%2C400 2x, https:\/\/i0.wp.com\/ismaelcolosi.com.br\/wp-content\/uploads\/2024\/05\/1715876066_WhatsApp-Image-2023-10-01-at-14.58.24.jpeg?fit=1200%2C876&ssl=1&resize=1050%2C600 3x"},"classes":[]},{"id":45267,"url":"https:\/\/ismaelcolosi.com.br\/index.php\/2024\/04\/03\/ribeirao-preto-tem-680-vagas-gratuitas-para-cursos-tecnicos-veja-como-se-inscrever\/","url_meta":{"origin":74036,"position":4},"title":"Ribeir\u00e3o Preto tem 680 vagas gratuitas para cursos t\u00e9cnicos; Veja como se inscrever","author":"ismaelcolosi.com.br","date":"3 de April de 2024","format":false,"excerpt":"As inscri\u00e7\u00f5es para o vestibulinho da Etec Jos\u00e9 Martimiano da Silva em Ribeir\u00e3o Preto, com 680 vagas dispon\u00edveis, come\u00e7am nesta quinta-feira (4) para cursos t\u00e9cnicos gratuitos com in\u00edcio no segundo semestre deste ano. Os interessados podem se inscrever at\u00e9 \u00e0s 15h do dia 9 de maio pelo site da Etec.\u2026","rel":"","context":"In &quot;Not\u00edcias de Ribeir\u00e3o Preto-SP e Regi\u00e3o&quot;","block_context":{"text":"Not\u00edcias de Ribeir\u00e3o Preto-SP e Regi\u00e3o","link":"https:\/\/ismaelcolosi.com.br\/index.php\/category\/noticias-de-ribeirao-preto-sp-e-regiao-ismael-colosi\/"},"img":{"alt_text":"","src":"https:\/\/i0.wp.com\/ismaelcolosi.com.br\/wp-content\/uploads\/2024\/04\/Copia-de-Copia-de-TAMANHO-EXATO-PARA-FOTOS-NO-SISTEMA-NOVO-20.jpg?fit=1200%2C675&ssl=1&resize=350%2C200","width":350,"height":200,"srcset":"https:\/\/i0.wp.com\/ismaelcolosi.com.br\/wp-content\/uploads\/2024\/04\/Copia-de-Copia-de-TAMANHO-EXATO-PARA-FOTOS-NO-SISTEMA-NOVO-20.jpg?fit=1200%2C675&ssl=1&resize=350%2C200 1x, https:\/\/i0.wp.com\/ismaelcolosi.com.br\/wp-content\/uploads\/2024\/04\/Copia-de-Copia-de-TAMANHO-EXATO-PARA-FOTOS-NO-SISTEMA-NOVO-20.jpg?fit=1200%2C675&ssl=1&resize=525%2C300 1.5x, https:\/\/i0.wp.com\/ismaelcolosi.com.br\/wp-content\/uploads\/2024\/04\/Copia-de-Copia-de-TAMANHO-EXATO-PARA-FOTOS-NO-SISTEMA-NOVO-20.jpg?fit=1200%2C675&ssl=1&resize=700%2C400 2x, https:\/\/i0.wp.com\/ismaelcolosi.com.br\/wp-content\/uploads\/2024\/04\/Copia-de-Copia-de-TAMANHO-EXATO-PARA-FOTOS-NO-SISTEMA-NOVO-20.jpg?fit=1200%2C675&ssl=1&resize=1050%2C600 3x"},"classes":[]},{"id":77556,"url":"https:\/\/ismaelcolosi.com.br\/index.php\/2024\/11\/26\/inscricoes-para-o-vestibulinho-da-etec-sao-prorrogadas-veja-nova-data\/","url_meta":{"origin":74036,"position":5},"title":"Inscri\u00e7\u00f5es para o Vestibulinho da Etec s\u00e3o prorrogadas; Veja nova data","author":"ismaelcolosi.com.br","date":"26 de November de 2024","format":false,"excerpt":"As inscri\u00e7\u00f5es para o\u00a0Vestibulinho do 1\u00ba semestre de 2025\u00a0da Etec (Escola T\u00e9cnica Estadual) foram prorrogadas. As vagas s\u00e3o oferecidas nas unidades em todo o estado de S\u00e3o Paulo. O prazo, que se encerraria nesta ter\u00e7a-feira (26), foi estendido at\u00e9 as 20h da pr\u00f3xima quinta-feira (28). Clique aqui\u00a0para acessar a p\u00e1gina\u2026","rel":"","context":"In &quot;Not\u00edcias de Ribeir\u00e3o Preto-SP e Regi\u00e3o&quot;","block_context":{"text":"Not\u00edcias de Ribeir\u00e3o Preto-SP e Regi\u00e3o","link":"https:\/\/ismaelcolosi.com.br\/index.php\/category\/noticias-de-ribeirao-preto-sp-e-regiao-ismael-colosi\/"},"img":{"alt_text":"","src":"https:\/\/i0.wp.com\/ismaelcolosi.com.br\/wp-content\/uploads\/2024\/11\/WhatsApp-Image-2023-10-01-at-14.58.24.jpeg?fit=1200%2C876&ssl=1&resize=350%2C200","width":350,"height":200,"srcset":"https:\/\/i0.wp.com\/ismaelcolosi.com.br\/wp-content\/uploads\/2024\/11\/WhatsApp-Image-2023-10-01-at-14.58.24.jpeg?fit=1200%2C876&ssl=1&resize=350%2C200 1x, https:\/\/i0.wp.com\/ismaelcolosi.com.br\/wp-content\/uploads\/2024\/11\/WhatsApp-Image-2023-10-01-at-14.58.24.jpeg?fit=1200%2C876&ssl=1&resize=525%2C300 1.5x, https:\/\/i0.wp.com\/ismaelcolosi.com.br\/wp-content\/uploads\/2024\/11\/WhatsApp-Image-2023-10-01-at-14.58.24.jpeg?fit=1200%2C876&ssl=1&resize=700%2C400 2x, https:\/\/i0.wp.com\/ismaelcolosi.com.br\/wp-content\/uploads\/2024\/11\/WhatsApp-Image-2023-10-01-at-14.58.24.jpeg?fit=1200%2C876&ssl=1&resize=1050%2C600 3x"},"classes":[]}],"jetpack_sharing_enabled":true,"jetpack_shortlink":"https:\/\/wp.me\/pfMlyK-jg8","_links":{"self":[{"href":"https:\/\/ismaelcolosi.com.br\/index.php\/wp-json\/wp\/v2\/posts\/74036","targetHints":{"allow":["GET"]}}],"collection":[{"href":"https:\/\/ismaelcolosi.com.br\/index.php\/wp-json\/wp\/v2\/posts"}],"about":[{"href":"https:\/\/ismaelcolosi.com.br\/index.php\/wp-json\/wp\/v2\/types\/post"}],"author":[{"embeddable":true,"href":"https:\/\/ismaelcolosi.com.br\/index.php\/wp-json\/wp\/v2\/users\/1"}],"replies":[{"embeddable":true,"href":"https:\/\/ismaelcolosi.com.br\/index.php\/wp-json\/wp\/v2\/comments?post=74036"}],"version-history":[{"count":0,"href":"https:\/\/ismaelcolosi.com.br\/index.php\/wp-json\/wp\/v2\/posts\/74036\/revisions"}],"wp:featuredmedia":[{"embeddable":true,"href":"https:\/\/ismaelcolosi.com.br\/index.php\/wp-json\/wp\/v2\/media\/74037"}],"wp:attachment":[{"href":"https:\/\/ismaelcolosi.com.br\/index.php\/wp-json\/wp\/v2\/media?parent=74036"}],"wp:term":[{"taxonomy":"category","embeddable":true,"href":"https:\/\/ismaelcolosi.com.br\/index.php\/wp-json\/wp\/v2\/categories?post=74036"},{"taxonomy":"post_tag","embeddable":true,"href":"https:\/\/ismaelcolosi.com.br\/index.php\/wp-json\/wp\/v2\/tags?post=74036"}],"curies":[{"name":"wp","href":"https:\/\/api.w.org\/{rel}","templated":true}]}}