{"id":74033,"date":"2024-10-29T18:09:32","date_gmt":"2024-10-29T21:09:32","guid":{"rendered":"https:\/\/ismaelcolosi.com.br\/index.php\/2024\/10\/29\/novo-site-traz-obra-completa-e-revisada-de-vinicius-de-moraes\/"},"modified":"2024-10-29T18:09:32","modified_gmt":"2024-10-29T21:09:32","slug":"novo-site-traz-obra-completa-e-revisada-de-vinicius-de-moraes","status":"publish","type":"post","link":"https:\/\/ismaelcolosi.com.br\/index.php\/2024\/10\/29\/novo-site-traz-obra-completa-e-revisada-de-vinicius-de-moraes\/","title":{"rendered":"Novo site traz obra completa e revisada de Vinicius de Moraes"},"content":{"rendered":"<p> <br \/>\n<\/p>\n<div>\n<p>No ano em que se comemora os 111 anos de Vinicius de Moraes, a VM Cultural lan\u00e7a, em outubro, m\u00eas de anivers\u00e1rio do poeta, um novo site que promete uma experi\u00eancia completa e imersiva. Apresentada de forma minuciosamente revisada e enriquecida com biografia e bibliografia, elaboradas pelo pesquisador Daniel Gil e pelo poeta Eucana\u00e3 Ferraz, autores da Obra Reunida de Vinicius de Moraes (Nova Fronteira, 2018), o novo espa\u00e7o virtual conta com conte\u00fado completo de seus livros publicados em vida, s\u00e3o mais de 300 poemas, 30 cr\u00f4nicas e suas cinco pe\u00e7as teatrais na \u00edntegra, incluindo a mais famosa \u201cOrfeu da Concei\u00e7\u00e3o\u201d. \u201cEle \u00e9 um site de refer\u00eancia porque teve curadores especializados na obra de Vinicius, e pode ser acess\u00edvel gratuitamente da maneira mais correta\u201d, explica Maria de Moraes, diretora da VM Cultural.<\/p>\n<p>A m\u00fasica, que desempenhou um papel fundamental na vida do poeta, tamb\u00e9m recebe destaque especial. A discografia completa de Vinicius est\u00e1 dispon\u00edvel para os visitantes, com informa\u00e7\u00f5es sobre seus parceiros musicais e as letras de cerca de 300 can\u00e7\u00f5es. Al\u00e9m disso, \u00e9 poss\u00edvel acessar os principais servi\u00e7os de streaming para ouvir essas melodias marcantes. \u00c9 importante ressaltar tamb\u00e9m a inclus\u00e3o de playlists com sele\u00e7\u00f5es especiais da obra musical de Vinicius, permitindo que o p\u00fablico desfrute de uma trilha sonora cuidadosamente selecionada para ilustrar diferentes momentos e facetas de sua carreira. Para ampliar a experi\u00eancia, o site tamb\u00e9m conta com v\u00eddeos e podcasts que se aprofundam na vida e na obra de Vinicius. Essas produ\u00e7\u00f5es audiovisuais trazem relatos de especialistas e entrevistas com pessoas pr\u00f3ximas ao poeta, oferecendo depoimentos sobre seu legado e a influ\u00eancia que exerceu no cen\u00e1rio art\u00edstico.<\/p>\n<p>A trajet\u00f3ria de Vinicius de Moraes \u00e9 retratada em uma linha do tempo que percorre seus 66 anos de vida e revela os momentos cruciais que moldaram sua carreira art\u00edstica. Ainda dentro do escopo da produ\u00e7\u00e3o do poeta, ser\u00e3o apresentadas informa\u00e7\u00f5es sobre suas tradu\u00e7\u00f5es para biografias de figuras ilustres, como Victor Hugo, Galileu e Beethoven, realizadas nos anos 1940.<\/p>\n<p>Para enriquecer ainda mais o conte\u00fado, o site traz novas fotos e imagens de Vinicius, entre elas uma sess\u00e3o de fotos exclusiva realizada por seu filho, Pedro de Moraes. Essas imagens in\u00e9ditas proporcionam um olhar \u00edntimo sobre o poeta e capturam sua ess\u00eancia art\u00edstica e humana.<\/p>\n<p>O download gratuito do \u201cCaderno de Leituras \u2013 Vinicius de Moraes\u201d, publicado pela Cia das Letras, para professores e profissionais de educa\u00e7\u00e3o tem um destaque no novo site. Esse material visa auxiliar no uso das obras do poeta em atividades educacionais e conta com um guia pr\u00e1tico para explorar seu universo liter\u00e1rio nas salas de aula.<\/p>\n<p>O novo espa\u00e7o virtual \u00e9 uma oportunidade para explorar e se envolver com a vida e a obra de Vinicius de Moraes. O objetivo \u00e9 oferecer um portal abrangente para conhecer e celebrar a genialidade do poeta. Portanto, sinta-se convidado a explorar todas as se\u00e7\u00f5es do site, absorver o conhecimento, desfrutar da m\u00fasica e se maravilhar com a vida e a obra desse \u00edcone da cultura brasileira.<\/p>\n<p>Site:\u00a0<a href=\"https:\/\/www.viniciusdemoraes.com.br\/\" target=\"_blank\" rel=\"noopener noreferrer\" data-auth=\"NotApplicable\" data-linkindex=\"4\">https:\/\/www.viniciusdemoraes.com.br\/<\/a><\/p>\n<\/div>\n<p><br \/>\n<br \/><a href=\"https:\/\/www.tribunaribeirao.com.br\/novo-site-traz-obra-completa-e-revisada-de-vinicius-de-moraes\/\">Source link <\/a><\/p>\n<div class='code-block code-block-4' style='margin: 8px auto 8px 0; text-align: left; display: block; clear: both;'>\n\ud83d\udce2 Aviso Legal\n\nO site ismaelcolosi.com.br atua apenas como um canal de divulga\u00e7\u00e3o de oportunidades de emprego e n\u00e3o se responsabiliza pelo processo seletivo, contrata\u00e7\u00e3o ou qualquer outra etapa relacionada \u00e0s vagas publicadas. Todas as informa\u00e7\u00f5es s\u00e3o de responsabilidade dos anunciantes.\n\n\u26a0\ufe0f Aten\u00e7\u00e3o! Nunca pague por promessas de emprego nem compre cursos que garantam contrata\u00e7\u00e3o. Desconfie de qualquer cobran\u00e7a para participar de sele\u00e7\u00f5es.\n\n\n\n<\/div>\n<!-- CONTENT END 1 -->\n","protected":false},"excerpt":{"rendered":"<p>No ano em que se comemora os 111 anos de Vinicius de Moraes, a VM Cultural lan\u00e7a, em outubro, m\u00eas de anivers\u00e1rio do poeta, um&#8230;<\/p>\n","protected":false},"author":1,"featured_media":74034,"comment_status":"open","ping_status":"open","sticky":false,"template":"","format":"standard","meta":{"_uag_custom_page_level_css":"","advanced_seo_description":"","jetpack_seo_html_title":"","jetpack_seo_noindex":false,"jetpack_post_was_ever_published":false,"_jetpack_newsletter_access":"","_jetpack_dont_email_post_to_subs":false,"_jetpack_newsletter_tier_id":0,"_jetpack_memberships_contains_paywalled_content":false,"_jetpack_memberships_contains_paid_content":false,"footnotes":"","jetpack_publicize_message":"","jetpack_publicize_feature_enabled":true,"jetpack_social_post_already_shared":true,"jetpack_social_options":{"image_generator_settings":{"template":"highway","default_image_id":0,"font":"","enabled":false},"version":2}},"categories":[11],"tags":[],"class_list":["post-74033","post","type-post","status-publish","format-standard","has-post-thumbnail","hentry","category-noticias-de-ribeirao-preto-sp-e-regiao-ismael-colosi"],"jetpack_publicize_connections":[],"jetpack_featured_media_url":"https:\/\/i0.wp.com\/ismaelcolosi.com.br\/wp-content\/uploads\/2024\/10\/VINICIUS-VM.jpg?fit=512%2C337&ssl=1","uagb_featured_image_src":{"full":["https:\/\/i0.wp.com\/ismaelcolosi.com.br\/wp-content\/uploads\/2024\/10\/VINICIUS-VM.jpg?fit=512%2C337&ssl=1",512,337,false],"thumbnail":["https:\/\/i0.wp.com\/ismaelcolosi.com.br\/wp-content\/uploads\/2024\/10\/VINICIUS-VM.jpg?resize=150%2C150&ssl=1",150,150,true],"medium":["https:\/\/i0.wp.com\/ismaelcolosi.com.br\/wp-content\/uploads\/2024\/10\/VINICIUS-VM.jpg?fit=300%2C197&ssl=1",300,197,true],"medium_large":["https:\/\/i0.wp.com\/ismaelcolosi.com.br\/wp-content\/uploads\/2024\/10\/VINICIUS-VM.jpg?fit=512%2C337&ssl=1",512,337,true],"large":["https:\/\/i0.wp.com\/ismaelcolosi.com.br\/wp-content\/uploads\/2024\/10\/VINICIUS-VM.jpg?fit=512%2C337&ssl=1",512,337,true],"1536x1536":["https:\/\/i0.wp.com\/ismaelcolosi.com.br\/wp-content\/uploads\/2024\/10\/VINICIUS-VM.jpg?fit=512%2C337&ssl=1",512,337,true],"2048x2048":["https:\/\/i0.wp.com\/ismaelcolosi.com.br\/wp-content\/uploads\/2024\/10\/VINICIUS-VM.jpg?fit=512%2C337&ssl=1",512,337,true],"really-simple-thumb":["https:\/\/i0.wp.com\/ismaelcolosi.com.br\/wp-content\/uploads\/2024\/10\/VINICIUS-VM.jpg?resize=370%2C247&ssl=1",370,247,true]},"uagb_author_info":{"display_name":"ismaelcolosi.com.br","author_link":"https:\/\/ismaelcolosi.com.br\/index.php\/author\/vidareal-online\/"},"uagb_comment_info":0,"uagb_excerpt":"No ano em que se comemora os 111 anos de Vinicius de Moraes, a VM Cultural lan\u00e7a, em outubro, m\u00eas de anivers\u00e1rio do poeta, um...","jetpack-related-posts":[{"id":5866,"url":"https:\/\/ismaelcolosi.com.br\/index.php\/2023\/11\/24\/sinfonica-de-santo-andre-convida-oboista-joel-gisiger-para-os-concertos-de-novembro\/","url_meta":{"origin":74033,"position":0},"title":"Sinf\u00f4nica de Santo Andr\u00e9 convida obo\u00edsta Joel Gisiger para os concertos de novembro","author":"ismaelcolosi.com.br","date":"24 de November de 2023","format":false,"excerpt":"Neste fim de semana, a Orquestra Sinf\u00f4nica de Santo Andr\u00e9 (Ossa) d\u00e1 prosseguimento \u00e0 temporada 2023 com dois concertos, no s\u00e1bado (25), \u00e0s 19h30, e domingo (26), \u00e0s 11h, no Cine Theatro de Variedades Carlos Gomes. Para estas apresenta\u00e7\u00f5es os m\u00fasicos ter\u00e3o como convidado o obo\u00edsta Joel Gisiger. Antes, na\u2026","rel":"","context":"In &quot;Variedades&quot;","block_context":{"text":"Variedades","link":"https:\/\/ismaelcolosi.com.br\/index.php\/category\/variedades\/"},"img":{"alt_text":"","src":"https:\/\/i0.wp.com\/ismaelcolosi.com.br\/wp-content\/uploads\/2023\/11\/1-foto-joel-gisiger-1.jpeg?fit=1200%2C638&ssl=1&resize=350%2C200","width":350,"height":200,"srcset":"https:\/\/i0.wp.com\/ismaelcolosi.com.br\/wp-content\/uploads\/2023\/11\/1-foto-joel-gisiger-1.jpeg?fit=1200%2C638&ssl=1&resize=350%2C200 1x, https:\/\/i0.wp.com\/ismaelcolosi.com.br\/wp-content\/uploads\/2023\/11\/1-foto-joel-gisiger-1.jpeg?fit=1200%2C638&ssl=1&resize=525%2C300 1.5x, https:\/\/i0.wp.com\/ismaelcolosi.com.br\/wp-content\/uploads\/2023\/11\/1-foto-joel-gisiger-1.jpeg?fit=1200%2C638&ssl=1&resize=700%2C400 2x, https:\/\/i0.wp.com\/ismaelcolosi.com.br\/wp-content\/uploads\/2023\/11\/1-foto-joel-gisiger-1.jpeg?fit=1200%2C638&ssl=1&resize=1050%2C600 3x"},"classes":[]},{"id":16904,"url":"https:\/\/ismaelcolosi.com.br\/index.php\/2023\/12\/16\/morre-carlos-lyra-um-dos-grandes-nomes-da-bossa-nova\/","url_meta":{"origin":74033,"position":1},"title":"Morre Carlos Lyra, um dos grandes nomes da bossa nova","author":"ismaelcolosi.com.br","date":"16 de December de 2023","format":false,"excerpt":"Um dos grandes nomes da bossa nova, o cantor e compositor Carlos Lyra morreu na madrugada deste s\u00e1bado (16), no Rio de Janeiro. Ele estava internado no Hospital Unimed Barra, na zona oeste da cidade. Carlos Lyra tinha 90 anos. A causa da morte n\u00e3o foi informada.\u201c\u00c9 com imensa tristeza\u2026","rel":"","context":"In &quot;Not\u00edcias de Ribeir\u00e3o Preto-SP e Regi\u00e3o&quot;","block_context":{"text":"Not\u00edcias de Ribeir\u00e3o Preto-SP e Regi\u00e3o","link":"https:\/\/ismaelcolosi.com.br\/index.php\/category\/noticias-de-ribeirao-preto-sp-e-regiao-ismael-colosi\/"},"img":{"alt_text":"","src":"https:\/\/i0.wp.com\/ismaelcolosi.com.br\/wp-content\/uploads\/2023\/12\/carlos-lyra-scaled.jpg?fit=1000%2C598&ssl=1&resize=350%2C200","width":350,"height":200,"srcset":"https:\/\/i0.wp.com\/ismaelcolosi.com.br\/wp-content\/uploads\/2023\/12\/carlos-lyra-scaled.jpg?fit=1000%2C598&ssl=1&resize=350%2C200 1x, https:\/\/i0.wp.com\/ismaelcolosi.com.br\/wp-content\/uploads\/2023\/12\/carlos-lyra-scaled.jpg?fit=1000%2C598&ssl=1&resize=525%2C300 1.5x, https:\/\/i0.wp.com\/ismaelcolosi.com.br\/wp-content\/uploads\/2023\/12\/carlos-lyra-scaled.jpg?fit=1000%2C598&ssl=1&resize=700%2C400 2x"},"classes":[]},{"id":74099,"url":"https:\/\/ismaelcolosi.com.br\/index.php\/2024\/10\/29\/usp-filarmonica-apresenta-repertorio-brasileiro\/","url_meta":{"origin":74033,"position":2},"title":"USP Filarm\u00f4nica apresenta repert\u00f3rio brasileiro","author":"ismaelcolosi.com.br","date":"29 de October de 2024","format":false,"excerpt":"A USP Filarm\u00f4nica, sob a reg\u00eancia do maestro convidado Lucas Eduardo da Silva Galon, realiza um concerto gratuito de repert\u00f3rio brasileiro na pr\u00f3xima ter\u00e7a-feira, dia 29 de outubro, \u00e0s 20h, no Theatro Pedro II. A apresenta\u00e7\u00e3o contar\u00e1 com a participa\u00e7\u00e3o dos solistas Raquel Paulin (soprano), Juliana Taino (mezzo-soprano) e Samuel\u2026","rel":"","context":"In &quot;Not\u00edcias de Ribeir\u00e3o Preto-SP e Regi\u00e3o&quot;","block_context":{"text":"Not\u00edcias de Ribeir\u00e3o Preto-SP e Regi\u00e3o","link":"https:\/\/ismaelcolosi.com.br\/index.php\/category\/noticias-de-ribeirao-preto-sp-e-regiao-ismael-colosi\/"},"img":{"alt_text":"","src":"https:\/\/i0.wp.com\/ismaelcolosi.com.br\/wp-content\/uploads\/2024\/10\/Lucas-Eduardo-da-Silva-Galon-divulgacao-scaled.jpg?fit=752%2C500&ssl=1&resize=350%2C200","width":350,"height":200,"srcset":"https:\/\/i0.wp.com\/ismaelcolosi.com.br\/wp-content\/uploads\/2024\/10\/Lucas-Eduardo-da-Silva-Galon-divulgacao-scaled.jpg?fit=752%2C500&ssl=1&resize=350%2C200 1x, https:\/\/i0.wp.com\/ismaelcolosi.com.br\/wp-content\/uploads\/2024\/10\/Lucas-Eduardo-da-Silva-Galon-divulgacao-scaled.jpg?fit=752%2C500&ssl=1&resize=525%2C300 1.5x, https:\/\/i0.wp.com\/ismaelcolosi.com.br\/wp-content\/uploads\/2024\/10\/Lucas-Eduardo-da-Silva-Galon-divulgacao-scaled.jpg?fit=752%2C500&ssl=1&resize=700%2C400 2x"},"classes":[]},{"id":22976,"url":"https:\/\/ismaelcolosi.com.br\/index.php\/2023\/12\/31\/saiba-quem-sao-os-escritores-que-vendem-livros-nas-ruas-de-ribeirao-preto\/","url_meta":{"origin":74033,"position":3},"title":"Saiba quem s\u00e3o os escritores que vendem livros nas ruas de Ribeir\u00e3o Preto","author":"ismaelcolosi.com.br","date":"31 de December de 2023","format":false,"excerpt":"Quem j\u00e1 passou pelas ruas do Jardim Paulista, na zona Leste, ou parou em algum bar do Centro de Ribeir\u00e3o Preto, pode j\u00e1 ter sido abordado por escritores vendendo seus livros. Entre eles, est\u00e1 o dentista aposentado Cavalheiro Verardo, que decidiu vender livros nas ruas de Ribeir\u00e3o Preto h\u00e1 mais\u2026","rel":"","context":"In &quot;Not\u00edcias de Ribeir\u00e3o Preto-SP e Regi\u00e3o&quot;","block_context":{"text":"Not\u00edcias de Ribeir\u00e3o Preto-SP e Regi\u00e3o","link":"https:\/\/ismaelcolosi.com.br\/index.php\/category\/noticias-de-ribeirao-preto-sp-e-regiao-ismael-colosi\/"},"img":{"alt_text":"","src":"https:\/\/i0.wp.com\/ismaelcolosi.com.br\/wp-content\/uploads\/2023\/12\/vinicius-e-cavalheiro.jpeg?fit=1200%2C675&ssl=1&resize=350%2C200","width":350,"height":200,"srcset":"https:\/\/i0.wp.com\/ismaelcolosi.com.br\/wp-content\/uploads\/2023\/12\/vinicius-e-cavalheiro.jpeg?fit=1200%2C675&ssl=1&resize=350%2C200 1x, https:\/\/i0.wp.com\/ismaelcolosi.com.br\/wp-content\/uploads\/2023\/12\/vinicius-e-cavalheiro.jpeg?fit=1200%2C675&ssl=1&resize=525%2C300 1.5x, https:\/\/i0.wp.com\/ismaelcolosi.com.br\/wp-content\/uploads\/2023\/12\/vinicius-e-cavalheiro.jpeg?fit=1200%2C675&ssl=1&resize=700%2C400 2x, https:\/\/i0.wp.com\/ismaelcolosi.com.br\/wp-content\/uploads\/2023\/12\/vinicius-e-cavalheiro.jpeg?fit=1200%2C675&ssl=1&resize=1050%2C600 3x"},"classes":[]},{"id":10484,"url":"https:\/\/ismaelcolosi.com.br\/index.php\/2023\/12\/04\/moraes-toma-decisao-em-julgamento-sobre-revisao-da-vida-toda\/","url_meta":{"origin":74033,"position":4},"title":"Moraes toma decis\u00e3o em julgamento sobre &#8216;revis\u00e3o da vida toda&#8217;","author":"ismaelcolosi.com.br","date":"4 de December de 2023","format":false,"excerpt":"Cr\u00e9ditos: Reprodu\u00e7\u00e3o\/TSE O julgamento virtual do recurso do INSS acabou suspenso O Alexandre de Moraes, ministro do Supremo Tribunal Federal (STF), decidiu suspender o julgamento sobre a chamada \u201crevis\u00e3o da vida toda\u201d de aposentadorias pagas pelo Instituto Nacional do Seguro Social (INSS). O julgamento em plen\u00e1rio virtual analisava os embargos\u2026","rel":"","context":"In &quot;Variedades&quot;","block_context":{"text":"Variedades","link":"https:\/\/ismaelcolosi.com.br\/index.php\/category\/variedades\/"},"img":{"alt_text":"","src":"https:\/\/i0.wp.com\/ismaelcolosi.com.br\/wp-content\/uploads\/2023\/12\/fotos-catraca-2023-12-04t121538457.png?fit=1200%2C638&ssl=1&resize=350%2C200","width":350,"height":200,"srcset":"https:\/\/i0.wp.com\/ismaelcolosi.com.br\/wp-content\/uploads\/2023\/12\/fotos-catraca-2023-12-04t121538457.png?fit=1200%2C638&ssl=1&resize=350%2C200 1x, https:\/\/i0.wp.com\/ismaelcolosi.com.br\/wp-content\/uploads\/2023\/12\/fotos-catraca-2023-12-04t121538457.png?fit=1200%2C638&ssl=1&resize=525%2C300 1.5x, https:\/\/i0.wp.com\/ismaelcolosi.com.br\/wp-content\/uploads\/2023\/12\/fotos-catraca-2023-12-04t121538457.png?fit=1200%2C638&ssl=1&resize=700%2C400 2x, https:\/\/i0.wp.com\/ismaelcolosi.com.br\/wp-content\/uploads\/2023\/12\/fotos-catraca-2023-12-04t121538457.png?fit=1200%2C638&ssl=1&resize=1050%2C600 3x"},"classes":[]},{"id":77219,"url":"https:\/\/ismaelcolosi.com.br\/index.php\/2024\/11\/22\/cauim-recebe-vinicius-preto-no-sextas-sonoras\/","url_meta":{"origin":74033,"position":5},"title":"Cauim recebe Vin\u00edcius Preto no Sextas Sonoras","author":"ismaelcolosi.com.br","date":"22 de November de 2024","format":false,"excerpt":"22 de novembro de 202422 de novembro de 202419 Compartilhar0 Nesta sexta-feira, 22 de novembro, o Cineclube Cauim recebe o rapper, historiador e produtor cultural Vin\u00edcius Preto. A apresenta\u00e7\u00e3o come\u00e7a \u00e0s 20h30 e integra o projeto Sextas Sonoras. \u00daltima atra\u00e7\u00e3o da programa\u00e7\u00e3o especial do m\u00eas da Consci\u00eancia Negra, Vinicius Preto\u2026","rel":"","context":"In &quot;Not\u00edcias de Ribeir\u00e3o Preto-SP e Regi\u00e3o&quot;","block_context":{"text":"Not\u00edcias de Ribeir\u00e3o Preto-SP e Regi\u00e3o","link":"https:\/\/ismaelcolosi.com.br\/index.php\/category\/noticias-de-ribeirao-preto-sp-e-regiao-ismael-colosi\/"},"img":{"alt_text":"","src":"https:\/\/i0.wp.com\/ismaelcolosi.com.br\/wp-content\/uploads\/2024\/11\/Preto-Divulgacao-scaled.jpg?fit=400%2C500&ssl=1&resize=350%2C200","width":350,"height":200},"classes":[]}],"jetpack_sharing_enabled":true,"jetpack_shortlink":"https:\/\/wp.me\/pfMlyK-jg5","_links":{"self":[{"href":"https:\/\/ismaelcolosi.com.br\/index.php\/wp-json\/wp\/v2\/posts\/74033","targetHints":{"allow":["GET"]}}],"collection":[{"href":"https:\/\/ismaelcolosi.com.br\/index.php\/wp-json\/wp\/v2\/posts"}],"about":[{"href":"https:\/\/ismaelcolosi.com.br\/index.php\/wp-json\/wp\/v2\/types\/post"}],"author":[{"embeddable":true,"href":"https:\/\/ismaelcolosi.com.br\/index.php\/wp-json\/wp\/v2\/users\/1"}],"replies":[{"embeddable":true,"href":"https:\/\/ismaelcolosi.com.br\/index.php\/wp-json\/wp\/v2\/comments?post=74033"}],"version-history":[{"count":0,"href":"https:\/\/ismaelcolosi.com.br\/index.php\/wp-json\/wp\/v2\/posts\/74033\/revisions"}],"wp:featuredmedia":[{"embeddable":true,"href":"https:\/\/ismaelcolosi.com.br\/index.php\/wp-json\/wp\/v2\/media\/74034"}],"wp:attachment":[{"href":"https:\/\/ismaelcolosi.com.br\/index.php\/wp-json\/wp\/v2\/media?parent=74033"}],"wp:term":[{"taxonomy":"category","embeddable":true,"href":"https:\/\/ismaelcolosi.com.br\/index.php\/wp-json\/wp\/v2\/categories?post=74033"},{"taxonomy":"post_tag","embeddable":true,"href":"https:\/\/ismaelcolosi.com.br\/index.php\/wp-json\/wp\/v2\/tags?post=74033"}],"curies":[{"name":"wp","href":"https:\/\/api.w.org\/{rel}","templated":true}]}}