{"id":74031,"date":"2024-10-29T17:55:04","date_gmt":"2024-10-29T20:55:04","guid":{"rendered":"https:\/\/ismaelcolosi.com.br\/index.php\/2024\/10\/29\/incendio-atinge-galpao-em-jaboticabal\/"},"modified":"2024-10-29T17:55:04","modified_gmt":"2024-10-29T20:55:04","slug":"incendio-atinge-galpao-em-jaboticabal","status":"publish","type":"post","link":"https:\/\/ismaelcolosi.com.br\/index.php\/2024\/10\/29\/incendio-atinge-galpao-em-jaboticabal\/","title":{"rendered":"Inc\u00eandio atinge galp\u00e3o em Jaboticabal"},"content":{"rendered":"<p> <br \/>\n<\/p>\n<div>\n<p>Um inc\u00eandio atingiu, na tarde desta ter\u00e7a-feira (29), um galp\u00e3o de estoque de gr\u00e3os da ind\u00fastria Coplana, \u00e0s margens da rodovia Carlos Tonani, em\u00a0Jaboticabal.<\/p>\n<p>De acordo com a assessoria da empresa, o fogo foi controlado rapidamente e ningu\u00e9m saiu ferido.<\/p>\n<p><strong>Confira a nota:<\/strong><\/p>\n<p>\u201cInformamos que o inc\u00eandio ocorrido hoje, por volta das 13 horas, na Unidade de Gr\u00e3os da Coplana de Jaboticabal\/SP, foi prontamente controlado.<\/p>\n<p>O inc\u00eandio ocorreu em uma \u00e1rea restrita de processamento e foi rapidamente contido, sem comprometer as opera\u00e7\u00f5es.<\/p>\n<p>Felizmente, n\u00e3o houve v\u00edtimas. Dois colaboradores tiveram inala\u00e7\u00e3o leve de fuma\u00e7a, foram atendidos e n\u00e3o correm riscos.<\/p>\n<p>O fogo foi rapidamente controlado pela equipe de brigadistas da Cooperativa e Corpo de Bombeiros local, com apoio das usinas S\u00e3o Martinho, Santa Ad\u00e9lia e Ra\u00edzen, al\u00e9m da Reusa, Prefeitura de Jaboticabal e Concession\u00e1ria Econoroeste.<\/p>\n<p>Agradecemos aos profissionais envolvidos pela efici\u00eancia e agilidade na resposta, assim como aos colaboradores e cooperados da Coplana\u201d.<\/p>\n<\/div>\n<p><br \/>\n<br \/><a href=\"https:\/\/www.tribunaribeirao.com.br\/incendio-atinge-galpao-em-jaboticabal\/\">Source link <\/a><\/p>\n<div class='code-block code-block-4' style='margin: 8px auto 8px 0; text-align: left; display: block; clear: both;'>\n\ud83d\udce2 Aviso Legal\n\nO site ismaelcolosi.com.br atua apenas como um canal de divulga\u00e7\u00e3o de oportunidades de emprego e n\u00e3o se responsabiliza pelo processo seletivo, contrata\u00e7\u00e3o ou qualquer outra etapa relacionada \u00e0s vagas publicadas. Todas as informa\u00e7\u00f5es s\u00e3o de responsabilidade dos anunciantes.\n\n\u26a0\ufe0f Aten\u00e7\u00e3o! Nunca pague por promessas de emprego nem compre cursos que garantam contrata\u00e7\u00e3o. Desconfie de qualquer cobran\u00e7a para participar de sele\u00e7\u00f5es.\n\n\n\n<\/div>\n<!-- CONTENT END 1 -->\n","protected":false},"excerpt":{"rendered":"<p>Um inc\u00eandio atingiu, na tarde desta ter\u00e7a-feira (29), um galp\u00e3o de estoque de gr\u00e3os da ind\u00fastria Coplana, \u00e0s margens da rodovia Carlos Tonani, em\u00a0Jaboticabal. De&#8230;<\/p>\n","protected":false},"author":1,"featured_media":74032,"comment_status":"open","ping_status":"open","sticky":false,"template":"","format":"standard","meta":{"_uag_custom_page_level_css":"","advanced_seo_description":"","jetpack_seo_html_title":"","jetpack_seo_noindex":false,"jetpack_post_was_ever_published":false,"_jetpack_newsletter_access":"","_jetpack_dont_email_post_to_subs":false,"_jetpack_newsletter_tier_id":0,"_jetpack_memberships_contains_paywalled_content":false,"_jetpack_memberships_contains_paid_content":false,"footnotes":"","jetpack_publicize_message":"","jetpack_publicize_feature_enabled":true,"jetpack_social_post_already_shared":true,"jetpack_social_options":{"image_generator_settings":{"template":"highway","default_image_id":0,"font":"","enabled":false},"version":2}},"categories":[11],"tags":[],"class_list":["post-74031","post","type-post","status-publish","format-standard","has-post-thumbnail","hentry","category-noticias-de-ribeirao-preto-sp-e-regiao-ismael-colosi"],"jetpack_publicize_connections":[],"jetpack_featured_media_url":"https:\/\/i0.wp.com\/ismaelcolosi.com.br\/wp-content\/uploads\/2024\/10\/ec333194-b22f-4858-b466-fa894c395c1a-scaled.jpeg?fit=281%2C500&ssl=1","uagb_featured_image_src":{"full":["https:\/\/i0.wp.com\/ismaelcolosi.com.br\/wp-content\/uploads\/2024\/10\/ec333194-b22f-4858-b466-fa894c395c1a-scaled.jpeg?fit=281%2C500&ssl=1",281,500,false],"thumbnail":["https:\/\/i0.wp.com\/ismaelcolosi.com.br\/wp-content\/uploads\/2024\/10\/ec333194-b22f-4858-b466-fa894c395c1a-scaled.jpeg?resize=150%2C150&ssl=1",150,150,true],"medium":["https:\/\/i0.wp.com\/ismaelcolosi.com.br\/wp-content\/uploads\/2024\/10\/ec333194-b22f-4858-b466-fa894c395c1a-scaled.jpeg?fit=169%2C300&ssl=1",169,300,true],"medium_large":["https:\/\/i0.wp.com\/ismaelcolosi.com.br\/wp-content\/uploads\/2024\/10\/ec333194-b22f-4858-b466-fa894c395c1a-scaled.jpeg?fit=281%2C500&ssl=1",281,500,true],"large":["https:\/\/i0.wp.com\/ismaelcolosi.com.br\/wp-content\/uploads\/2024\/10\/ec333194-b22f-4858-b466-fa894c395c1a-scaled.jpeg?fit=281%2C500&ssl=1",281,500,true],"1536x1536":["https:\/\/i0.wp.com\/ismaelcolosi.com.br\/wp-content\/uploads\/2024\/10\/ec333194-b22f-4858-b466-fa894c395c1a-scaled.jpeg?fit=281%2C500&ssl=1",281,500,true],"2048x2048":["https:\/\/i0.wp.com\/ismaelcolosi.com.br\/wp-content\/uploads\/2024\/10\/ec333194-b22f-4858-b466-fa894c395c1a-scaled.jpeg?fit=281%2C500&ssl=1",281,500,true],"really-simple-thumb":["https:\/\/i0.wp.com\/ismaelcolosi.com.br\/wp-content\/uploads\/2024\/10\/ec333194-b22f-4858-b466-fa894c395c1a-scaled.jpeg?resize=281%2C247&ssl=1",281,247,true]},"uagb_author_info":{"display_name":"ismaelcolosi.com.br","author_link":"https:\/\/ismaelcolosi.com.br\/index.php\/author\/vidareal-online\/"},"uagb_comment_info":0,"uagb_excerpt":"Um inc\u00eandio atingiu, na tarde desta ter\u00e7a-feira (29), um galp\u00e3o de estoque de gr\u00e3os da ind\u00fastria Coplana, \u00e0s margens da rodovia Carlos Tonani, em\u00a0Jaboticabal. De...","jetpack-related-posts":[{"id":73978,"url":"https:\/\/ismaelcolosi.com.br\/index.php\/2024\/10\/29\/incendio-atinge-galpao-de-industria-na-regiao-de-ribeirao-veja-video\/","url_meta":{"origin":74031,"position":0},"title":"Inc\u00eandio atinge galp\u00e3o de ind\u00fastria na regi\u00e3o de Ribeir\u00e3o; Veja v\u00eddeo","author":"ismaelcolosi.com.br","date":"29 de October de 2024","format":false,"excerpt":"Um inc\u00eandio atinge, na tarde desta ter\u00e7a-feira (29), um galp\u00e3o de estoque de gr\u00e3os da ind\u00fastria Coplana, \u00e0s margens da rodovia Carlos Tonani, em Jaboticabal, na regi\u00e3o de Ribeir\u00e3o Preto. De acordo com a assessoria da corporativa, o fogo foi controlado por brigadistas da empresa e ningu\u00e9m ficou ferido. Ainda\u2026","rel":"","context":"In &quot;Not\u00edcias de Ribeir\u00e3o Preto-SP e Regi\u00e3o&quot;","block_context":{"text":"Not\u00edcias de Ribeir\u00e3o Preto-SP e Regi\u00e3o","link":"https:\/\/ismaelcolosi.com.br\/index.php\/category\/noticias-de-ribeirao-preto-sp-e-regiao-ismael-colosi\/"},"img":{"alt_text":"","src":"https:\/\/i0.wp.com\/ismaelcolosi.com.br\/wp-content\/uploads\/2024\/10\/Copia-de-Copia-de-Copia-de-TAMANHO-EXATO-PARA-FOTOS-NO-SISTEMA-NOVO-55_2024-10-29_17-37-13_png_2024-10-29_17-37-13.webp.webp?fit=1200%2C675&ssl=1&resize=350%2C200","width":350,"height":200,"srcset":"https:\/\/i0.wp.com\/ismaelcolosi.com.br\/wp-content\/uploads\/2024\/10\/Copia-de-Copia-de-Copia-de-TAMANHO-EXATO-PARA-FOTOS-NO-SISTEMA-NOVO-55_2024-10-29_17-37-13_png_2024-10-29_17-37-13.webp.webp?fit=1200%2C675&ssl=1&resize=350%2C200 1x, https:\/\/i0.wp.com\/ismaelcolosi.com.br\/wp-content\/uploads\/2024\/10\/Copia-de-Copia-de-Copia-de-TAMANHO-EXATO-PARA-FOTOS-NO-SISTEMA-NOVO-55_2024-10-29_17-37-13_png_2024-10-29_17-37-13.webp.webp?fit=1200%2C675&ssl=1&resize=525%2C300 1.5x, https:\/\/i0.wp.com\/ismaelcolosi.com.br\/wp-content\/uploads\/2024\/10\/Copia-de-Copia-de-Copia-de-TAMANHO-EXATO-PARA-FOTOS-NO-SISTEMA-NOVO-55_2024-10-29_17-37-13_png_2024-10-29_17-37-13.webp.webp?fit=1200%2C675&ssl=1&resize=700%2C400 2x, https:\/\/i0.wp.com\/ismaelcolosi.com.br\/wp-content\/uploads\/2024\/10\/Copia-de-Copia-de-Copia-de-TAMANHO-EXATO-PARA-FOTOS-NO-SISTEMA-NOVO-55_2024-10-29_17-37-13_png_2024-10-29_17-37-13.webp.webp?fit=1200%2C675&ssl=1&resize=1050%2C600 3x"},"classes":[]},{"id":55952,"url":"https:\/\/ismaelcolosi.com.br\/index.php\/2024\/07\/08\/mae-e-presa-por-abandono-de-incapaz-apos-incendio-na-regiao-de-ribeirao-preto\/","url_meta":{"origin":74031,"position":1},"title":"M\u00e3e \u00e9 presa por abandono de incapaz ap\u00f3s inc\u00eandio na regi\u00e3o de Ribeir\u00e3o Preto","author":"ismaelcolosi.com.br","date":"8 de July de 2024","format":false,"excerpt":"A m\u00e3e de duas crian\u00e7as foi presa em Jaboticabal, na regi\u00e3o de Ribeir\u00e3o Preto, ap\u00f3s um inc\u00eandio na casa da fam\u00edlia na madrugada desta segunda-feira (8). Segundo o B.O. (boletim de ocorr\u00eancia), as crian\u00e7as estavam sozinhas em casa quando o fogo come\u00e7ou. O inc\u00eandio atingiu o im\u00f3vel que fica na\u2026","rel":"","context":"In &quot;Not\u00edcias de Ribeir\u00e3o Preto-SP e Regi\u00e3o&quot;","block_context":{"text":"Not\u00edcias de Ribeir\u00e3o Preto-SP e Regi\u00e3o","link":"https:\/\/ismaelcolosi.com.br\/index.php\/category\/noticias-de-ribeirao-preto-sp-e-regiao-ismael-colosi\/"},"img":{"alt_text":"","src":"https:\/\/i0.wp.com\/ismaelcolosi.com.br\/wp-content\/uploads\/2024\/05\/BOMBEIROS-1024x575-1_2024-05-31_13-44-44_jpg_2024-05-31_13-44-44.webp.webp?fit=1024%2C575&ssl=1&resize=350%2C200","width":350,"height":200,"srcset":"https:\/\/i0.wp.com\/ismaelcolosi.com.br\/wp-content\/uploads\/2024\/05\/BOMBEIROS-1024x575-1_2024-05-31_13-44-44_jpg_2024-05-31_13-44-44.webp.webp?fit=1024%2C575&ssl=1&resize=350%2C200 1x, https:\/\/i0.wp.com\/ismaelcolosi.com.br\/wp-content\/uploads\/2024\/05\/BOMBEIROS-1024x575-1_2024-05-31_13-44-44_jpg_2024-05-31_13-44-44.webp.webp?fit=1024%2C575&ssl=1&resize=525%2C300 1.5x, https:\/\/i0.wp.com\/ismaelcolosi.com.br\/wp-content\/uploads\/2024\/05\/BOMBEIROS-1024x575-1_2024-05-31_13-44-44_jpg_2024-05-31_13-44-44.webp.webp?fit=1024%2C575&ssl=1&resize=700%2C400 2x"},"classes":[]},{"id":67304,"url":"https:\/\/ismaelcolosi.com.br\/index.php\/2024\/09\/22\/moradores-registram-incendio-de-grandes-proporcoes-em-ribeirao-preto-video\/","url_meta":{"origin":74031,"position":2},"title":"Moradores registram inc\u00eandio de grandes propor\u00e7\u00f5es em Ribeir\u00e3o Preto; V\u00eddeo","author":"ismaelcolosi.com.br","date":"22 de September de 2024","format":false,"excerpt":"Um inc\u00eandio de grandes propor\u00e7\u00f5es assustou moradores dos bairros C\u00e2ndido Portinari e Jardim Ouro Branco, na zona Leste de Ribeir\u00e3o Preto, na noite do \u00faltimo s\u00e1bado (21). O fogo atingiu uma \u00e1rea de vegeta\u00e7\u00e3o \u2013 veja o v\u00eddeo abaixo. VEJA O V\u00cdDEO Ver essa foto no Instagram Uma publica\u00e7\u00e3o compartilhada\u2026","rel":"","context":"In &quot;Not\u00edcias de Ribeir\u00e3o Preto-SP e Regi\u00e3o&quot;","block_context":{"text":"Not\u00edcias de Ribeir\u00e3o Preto-SP e Regi\u00e3o","link":"https:\/\/ismaelcolosi.com.br\/index.php\/category\/noticias-de-ribeirao-preto-sp-e-regiao-ismael-colosi\/"},"img":{"alt_text":"","src":"https:\/\/i0.wp.com\/ismaelcolosi.com.br\/wp-content\/uploads\/2024\/09\/incendio-ribeirao-preto_2024-09-22_15-26-54_jpg_2024-09-22_15-26-55.webp.webp?fit=1200%2C775&ssl=1&resize=350%2C200","width":350,"height":200,"srcset":"https:\/\/i0.wp.com\/ismaelcolosi.com.br\/wp-content\/uploads\/2024\/09\/incendio-ribeirao-preto_2024-09-22_15-26-54_jpg_2024-09-22_15-26-55.webp.webp?fit=1200%2C775&ssl=1&resize=350%2C200 1x, https:\/\/i0.wp.com\/ismaelcolosi.com.br\/wp-content\/uploads\/2024\/09\/incendio-ribeirao-preto_2024-09-22_15-26-54_jpg_2024-09-22_15-26-55.webp.webp?fit=1200%2C775&ssl=1&resize=525%2C300 1.5x, https:\/\/i0.wp.com\/ismaelcolosi.com.br\/wp-content\/uploads\/2024\/09\/incendio-ribeirao-preto_2024-09-22_15-26-54_jpg_2024-09-22_15-26-55.webp.webp?fit=1200%2C775&ssl=1&resize=700%2C400 2x, https:\/\/i0.wp.com\/ismaelcolosi.com.br\/wp-content\/uploads\/2024\/09\/incendio-ribeirao-preto_2024-09-22_15-26-54_jpg_2024-09-22_15-26-55.webp.webp?fit=1200%2C775&ssl=1&resize=1050%2C600 3x"},"classes":[]},{"id":19173,"url":"https:\/\/ismaelcolosi.com.br\/index.php\/2023\/12\/21\/videos-incendio-atinge-empresa-em-ribeirao-preto\/","url_meta":{"origin":74031,"position":3},"title":"V\u00cdDEOS &#8211; Inc\u00eandio atinge empresa em Ribeir\u00e3o Preto","author":"ismaelcolosi.com.br","date":"21 de December de 2023","format":false,"excerpt":"Local armazenava pneus e fuma\u00e7a preta pode ser vista a quil\u00f4metros de dist\u00e2ncia, em v\u00e1rios pontos da cidade 21 de dezembro de 2023 | 14:5921 de dezembro de 2023 | 15:25 2Por: Adalberto LuqueUm inc\u00eandio de grandes propor\u00e7\u00f5es atingiu, na tarde desta quinta-feira (21), uma empresa que trabalha com pneus.\u2026","rel":"","context":"In &quot;Not\u00edcias de Ribeir\u00e3o Preto-SP e Regi\u00e3o&quot;","block_context":{"text":"Not\u00edcias de Ribeir\u00e3o Preto-SP e Regi\u00e3o","link":"https:\/\/ismaelcolosi.com.br\/index.php\/category\/noticias-de-ribeirao-preto-sp-e-regiao-ismael-colosi\/"},"img":{"alt_text":"","src":"https:\/\/i0.wp.com\/ismaelcolosi.com.br\/wp-content\/uploads\/2023\/12\/00-21-dez-2023-incendio-av-brasil-02-foto-redes-sociais-scaled.jpg?fit=565%2C645&ssl=1&resize=350%2C200","width":350,"height":200,"srcset":"https:\/\/i0.wp.com\/ismaelcolosi.com.br\/wp-content\/uploads\/2023\/12\/00-21-dez-2023-incendio-av-brasil-02-foto-redes-sociais-scaled.jpg?fit=565%2C645&ssl=1&resize=350%2C200 1x, https:\/\/i0.wp.com\/ismaelcolosi.com.br\/wp-content\/uploads\/2023\/12\/00-21-dez-2023-incendio-av-brasil-02-foto-redes-sociais-scaled.jpg?fit=565%2C645&ssl=1&resize=525%2C300 1.5x"},"classes":[]},{"id":67991,"url":"https:\/\/ismaelcolosi.com.br\/index.php\/2024\/09\/26\/incendio-atinge-ferro-velho-na-zona-norte-de-ribeirao-preto-veja-video\/","url_meta":{"origin":74031,"position":4},"title":"Inc\u00eandio atinge ferro velho na zona Norte de Ribeir\u00e3o Preto; Veja v\u00eddeo","author":"ismaelcolosi.com.br","date":"26 de September de 2024","format":false,"excerpt":"Um inc\u00eandio de grandes propor\u00e7\u00f5es destruiu um ferro velho na rua Orlando Gabriello, no Jardim Jandaia, zona Norte de Ribeir\u00e3o Preto, na tarde desta quinta-feira (26) \u2013 veja o v\u00eddeo abaixo. Nas imagens \u00e9 poss\u00edvel ver muito papel\u00e3o queimado e ferro retorcido. Uma caminhonete utilizada pelo ferro velho tamb\u00e9m foi\u2026","rel":"","context":"In &quot;Not\u00edcias de Ribeir\u00e3o Preto-SP e Regi\u00e3o&quot;","block_context":{"text":"Not\u00edcias de Ribeir\u00e3o Preto-SP e Regi\u00e3o","link":"https:\/\/ismaelcolosi.com.br\/index.php\/category\/noticias-de-ribeirao-preto-sp-e-regiao-ismael-colosi\/"},"img":{"alt_text":"","src":"https:\/\/i0.wp.com\/ismaelcolosi.com.br\/wp-content\/uploads\/2024\/09\/WhatsApp-Image-2024-09-26-at-13.40.14-3_2024-09-26_18-01-32_jpeg_2024-09-26_18-01-34-scaled.webp.webp?fit=1200%2C900&ssl=1&resize=350%2C200","width":350,"height":200,"srcset":"https:\/\/i0.wp.com\/ismaelcolosi.com.br\/wp-content\/uploads\/2024\/09\/WhatsApp-Image-2024-09-26-at-13.40.14-3_2024-09-26_18-01-32_jpeg_2024-09-26_18-01-34-scaled.webp.webp?fit=1200%2C900&ssl=1&resize=350%2C200 1x, https:\/\/i0.wp.com\/ismaelcolosi.com.br\/wp-content\/uploads\/2024\/09\/WhatsApp-Image-2024-09-26-at-13.40.14-3_2024-09-26_18-01-32_jpeg_2024-09-26_18-01-34-scaled.webp.webp?fit=1200%2C900&ssl=1&resize=525%2C300 1.5x, https:\/\/i0.wp.com\/ismaelcolosi.com.br\/wp-content\/uploads\/2024\/09\/WhatsApp-Image-2024-09-26-at-13.40.14-3_2024-09-26_18-01-32_jpeg_2024-09-26_18-01-34-scaled.webp.webp?fit=1200%2C900&ssl=1&resize=700%2C400 2x, https:\/\/i0.wp.com\/ismaelcolosi.com.br\/wp-content\/uploads\/2024\/09\/WhatsApp-Image-2024-09-26-at-13.40.14-3_2024-09-26_18-01-32_jpeg_2024-09-26_18-01-34-scaled.webp.webp?fit=1200%2C900&ssl=1&resize=1050%2C600 3x"},"classes":[]},{"id":10551,"url":"https:\/\/ismaelcolosi.com.br\/index.php\/2023\/12\/04\/incendio-em-galpao-em-jardinopolis\/","url_meta":{"origin":74031,"position":5},"title":"Inc\u00eandio em galp\u00e3o na Anhanguera, em Jardin\u00f3polis","author":"ismaelcolosi.com.br","date":"4 de December de 2023","format":false,"excerpt":"4 de dezembro de 2023 | 18:00 0A reda\u00e7\u00e3o do jornal Tribuna Ribeir\u00e3o recebeu nesta tarde imagens de um grande inc\u00eandio no Distrito Industrial de Jardin\u00f3polis. Foi poss\u00edvel ouvir as explos\u00f5es nos galp\u00f5es. O galp\u00e3o fica localizado na Rodovia Anhanguera, pr\u00f3ximo \u00e0 entrada da cidade.\u00a0 Source link","rel":"","context":"In &quot;Not\u00edcias de Ribeir\u00e3o Preto-SP e Regi\u00e3o&quot;","block_context":{"text":"Not\u00edcias de Ribeir\u00e3o Preto-SP e Regi\u00e3o","link":"https:\/\/ismaelcolosi.com.br\/index.php\/category\/noticias-de-ribeirao-preto-sp-e-regiao-ismael-colosi\/"},"img":{"alt_text":"","src":"https:\/\/i0.wp.com\/ismaelcolosi.com.br\/wp-content\/uploads\/2023\/12\/incend-scaled.jpeg?fit=829%2C645&ssl=1&resize=350%2C200","width":350,"height":200,"srcset":"https:\/\/i0.wp.com\/ismaelcolosi.com.br\/wp-content\/uploads\/2023\/12\/incend-scaled.jpeg?fit=829%2C645&ssl=1&resize=350%2C200 1x, https:\/\/i0.wp.com\/ismaelcolosi.com.br\/wp-content\/uploads\/2023\/12\/incend-scaled.jpeg?fit=829%2C645&ssl=1&resize=525%2C300 1.5x, https:\/\/i0.wp.com\/ismaelcolosi.com.br\/wp-content\/uploads\/2023\/12\/incend-scaled.jpeg?fit=829%2C645&ssl=1&resize=700%2C400 2x"},"classes":[]}],"jetpack_sharing_enabled":true,"jetpack_shortlink":"https:\/\/wp.me\/pfMlyK-jg3","_links":{"self":[{"href":"https:\/\/ismaelcolosi.com.br\/index.php\/wp-json\/wp\/v2\/posts\/74031","targetHints":{"allow":["GET"]}}],"collection":[{"href":"https:\/\/ismaelcolosi.com.br\/index.php\/wp-json\/wp\/v2\/posts"}],"about":[{"href":"https:\/\/ismaelcolosi.com.br\/index.php\/wp-json\/wp\/v2\/types\/post"}],"author":[{"embeddable":true,"href":"https:\/\/ismaelcolosi.com.br\/index.php\/wp-json\/wp\/v2\/users\/1"}],"replies":[{"embeddable":true,"href":"https:\/\/ismaelcolosi.com.br\/index.php\/wp-json\/wp\/v2\/comments?post=74031"}],"version-history":[{"count":0,"href":"https:\/\/ismaelcolosi.com.br\/index.php\/wp-json\/wp\/v2\/posts\/74031\/revisions"}],"wp:featuredmedia":[{"embeddable":true,"href":"https:\/\/ismaelcolosi.com.br\/index.php\/wp-json\/wp\/v2\/media\/74032"}],"wp:attachment":[{"href":"https:\/\/ismaelcolosi.com.br\/index.php\/wp-json\/wp\/v2\/media?parent=74031"}],"wp:term":[{"taxonomy":"category","embeddable":true,"href":"https:\/\/ismaelcolosi.com.br\/index.php\/wp-json\/wp\/v2\/categories?post=74031"},{"taxonomy":"post_tag","embeddable":true,"href":"https:\/\/ismaelcolosi.com.br\/index.php\/wp-json\/wp\/v2\/tags?post=74031"}],"curies":[{"name":"wp","href":"https:\/\/api.w.org\/{rel}","templated":true}]}}