{"id":74027,"date":"2024-10-29T17:41:11","date_gmt":"2024-10-29T20:41:11","guid":{"rendered":"https:\/\/ismaelcolosi.com.br\/index.php\/2024\/10\/29\/voepass-anuncia-o-encerramento-das-operacoes-em-cinco-destinos\/"},"modified":"2024-10-29T17:41:11","modified_gmt":"2024-10-29T20:41:11","slug":"voepass-anuncia-o-encerramento-das-operacoes-em-cinco-destinos","status":"publish","type":"post","link":"https:\/\/ismaelcolosi.com.br\/index.php\/2024\/10\/29\/voepass-anuncia-o-encerramento-das-operacoes-em-cinco-destinos\/","title":{"rendered":"Voepass anuncia o encerramento das opera\u00e7\u00f5es em cinco destinos"},"content":{"rendered":"<p> <br \/>\n<\/p>\n<div>\n<p>A <strong>Voepass<\/strong>, empresa com sede em <strong>Ribeir\u00e3o Preto<\/strong>, informou nesta ter\u00e7a-feira (29), que <strong>deixou de operar<\/strong> em <strong>Caxias do Sul (RS)<\/strong>, <strong>Maring\u00e1 (PR)<\/strong>, <strong>Santo \u00c2ngelo (RS)<\/strong>, <strong>Uruguaiana (RS)<\/strong> e <strong>Rio de Janeiro (RJ)<\/strong> pelo <strong>Aeroporto Santos Dumont<\/strong>.<\/p>\n<p><mark style=\"background-color:#fcb900\" class=\"has-inline-color\">Devido \u00e0 mudan\u00e7a, a companhia <strong>deixa de operar no estado do Paran\u00e1<\/strong>.<\/mark> A reformula\u00e7\u00e3o da <strong>malha a\u00e9rea da companhia<\/strong> acontece desde agosto, quando uma aeronave que decolou de <strong>Cascavel (PR)<\/strong> e caiu em <strong>Vinhedo<\/strong>, no <strong>interior de S\u00e3o Paulo<\/strong>, matou 62 pessoas que estavam a bordo.<\/p>\n<figure class=\"wp-block-pullquote\">\n<blockquote>\n<p>Os passageiros que adquiriram bilhetes no per\u00edodo dos trechos cancelados ser\u00e3o tratados conforme a Resolu\u00e7\u00e3o 400 da ANAC<\/p>\n<p><cite>diz a nota da Voepass<\/cite><\/p><\/blockquote>\n<\/figure>\n<p>A <strong>Voepass <\/strong>ainda informou que iniciou no dia 27 de outubro, sua <strong>nova malha \u00e1rea<\/strong> com dois novos destinos, os <strong>Aeroportos Internacionais de Gale\u00e3o (RJ)<\/strong> e <strong>Pelotas (RS)<\/strong>. Com isso, a companhia passa a atuar nos seguintes destinos at\u00e9 o <strong>in\u00edcio de janeiro de 2025<\/strong>:<\/p>\n<ul>\n<li>S\u00e3o Paulo pelo Aeroporto de Congonhas (SP)<\/li>\n<\/ul>\n<ul>\n<li>Rio de Janeiro pelo Aeroporto Internacional de Gale\u00e3o (RJ)<\/li>\n<\/ul>\n<ul>\n<li>Juiz de Fora \u2013 Zona da Mata (MG)<\/li>\n<\/ul>\n<h3 class=\"wp-block-heading\"><strong>Mudan\u00e7a no comando da empresa<\/strong><\/h3>\n<p>Em setembro deste ano, a <strong>Voepass <\/strong>anunciou a mudan\u00e7a no <strong>comando da empresa<\/strong> e a <strong>demiss\u00e3o <\/strong>dos diretores de <strong>manuten\u00e7\u00e3o<\/strong>, <strong>seguran\u00e7a operacional <\/strong>e <strong>opera\u00e7\u00f5es<\/strong>.<\/p>\n<p>Conforme o comunicado emitido, o presidente e cofundador, <strong>Jos\u00e9 Luiz Fel\u00edcio Filho<\/strong>, assumiu a lideran\u00e7a executiva e a gest\u00e3o direta das opera\u00e7\u00f5es. <strong>Eduardo Busch<\/strong>, que exercia o cargo de CEO da <strong>Voepass<\/strong>, passa a liderar a frente de quest\u00f5es jur\u00eddicas da companhia como Chief Legal Officer (CLO).<\/p>\n<hr class=\"wp-block-separator has-alpha-channel-opacity\"\/>\n<p>SAIBA MAIS<\/p>\n<p>Veja como ser\u00e1 o funcionamento dos cemit\u00e9rios de Ribeir\u00e3o no Dia de Finados<\/p>\n<h4 class=\"wp-block-heading\"><strong>FIQUE ON<\/strong><\/h4>\n<p>Fique ligado em tudo que acontece em Ribeir\u00e3o Preto e regi\u00e3o. Siga os perfis do\u00a0<strong>acidade on\u00a0<\/strong>no\u00a0<a href=\"https:\/\/www.instagram.com\/acidadeonribeirao\" target=\"_blank\" rel=\"noreferrer noopener\">Instagram<\/a>\u00a0e no\u00a0<a href=\"https:\/\/www.facebook.com\/acidadeonribeirao\" target=\"_blank\" rel=\"noreferrer noopener\">Facebook<\/a>.<\/p>\n<p>Receba not\u00edcias do\u00a0<strong>acidade on\u00a0<\/strong>no WhatsApp. Para entrar no grupo, basta\u00a0<a href=\"https:\/\/chat.whatsapp.com\/Dtv9mxhy6V5BJBotM2OQ5k\" target=\"_blank\" rel=\"noreferrer noopener\">clicar aqui<\/a>.<\/p>\n<p>Fa\u00e7a uma den\u00fancia ou sugira uma reportagem sobre Ribeir\u00e3o Preto e regi\u00e3o pelo WhatsApp: 16 99117 7802.<\/p>\n<p>VEJA TAMB\u00c9M<\/p>\n<p>Uso de implantes hormonais \u00e9 proibido pela Anvisa<\/p>\n<p><!-- CONTENT END 1 -->\n<\/div>\n<p><script async src=\"\/\/www.instagram.com\/embed.js\"><\/script><br \/>\n<br \/><br \/>\n<br \/><a href=\"https:\/\/www.acidadeon.com\/ribeiraopreto\/cotidiano\/voepass-anuncia-o-encerramento-das-operacoes-em-cinco-destinos\/\">Source link <\/a><\/p>\n","protected":false},"excerpt":{"rendered":"<p>A Voepass, empresa com sede em Ribeir\u00e3o Preto, informou nesta ter\u00e7a-feira (29), que deixou de operar em Caxias do Sul (RS), Maring\u00e1 (PR), Santo \u00c2ngelo&#8230;<\/p>\n","protected":false},"author":1,"featured_media":74028,"comment_status":"open","ping_status":"open","sticky":false,"template":"","format":"standard","meta":{"_uag_custom_page_level_css":"","advanced_seo_description":"","jetpack_seo_html_title":"","jetpack_seo_noindex":false,"jetpack_post_was_ever_published":false,"_jetpack_newsletter_access":"","_jetpack_dont_email_post_to_subs":false,"_jetpack_newsletter_tier_id":0,"_jetpack_memberships_contains_paywalled_content":false,"_jetpack_memberships_contains_paid_content":false,"footnotes":"","jetpack_publicize_message":"","jetpack_publicize_feature_enabled":true,"jetpack_social_post_already_shared":true,"jetpack_social_options":{"image_generator_settings":{"template":"highway","default_image_id":0,"font":"","enabled":false},"version":2}},"categories":[11],"tags":[],"class_list":["post-74027","post","type-post","status-publish","format-standard","has-post-thumbnail","hentry","category-noticias-de-ribeirao-preto-sp-e-regiao-ismael-colosi"],"jetpack_publicize_connections":[],"jetpack_featured_media_url":"https:\/\/i0.wp.com\/ismaelcolosi.com.br\/wp-content\/uploads\/2024\/10\/20220526_173450_2.jpg?fit=2284%2C1572&ssl=1","uagb_featured_image_src":{"full":["https:\/\/i0.wp.com\/ismaelcolosi.com.br\/wp-content\/uploads\/2024\/10\/20220526_173450_2.jpg?fit=2284%2C1572&ssl=1",2284,1572,false],"thumbnail":["https:\/\/i0.wp.com\/ismaelcolosi.com.br\/wp-content\/uploads\/2024\/10\/20220526_173450_2.jpg?resize=150%2C150&ssl=1",150,150,true],"medium":["https:\/\/i0.wp.com\/ismaelcolosi.com.br\/wp-content\/uploads\/2024\/10\/20220526_173450_2.jpg?fit=300%2C206&ssl=1",300,206,true],"medium_large":["https:\/\/i0.wp.com\/ismaelcolosi.com.br\/wp-content\/uploads\/2024\/10\/20220526_173450_2.jpg?fit=768%2C529&ssl=1",768,529,true],"large":["https:\/\/i0.wp.com\/ismaelcolosi.com.br\/wp-content\/uploads\/2024\/10\/20220526_173450_2.jpg?fit=1024%2C705&ssl=1",1024,705,true],"1536x1536":["https:\/\/i0.wp.com\/ismaelcolosi.com.br\/wp-content\/uploads\/2024\/10\/20220526_173450_2.jpg?fit=1536%2C1057&ssl=1",1536,1057,true],"2048x2048":["https:\/\/i0.wp.com\/ismaelcolosi.com.br\/wp-content\/uploads\/2024\/10\/20220526_173450_2.jpg?fit=2048%2C1410&ssl=1",2048,1410,true],"really-simple-thumb":["https:\/\/i0.wp.com\/ismaelcolosi.com.br\/wp-content\/uploads\/2024\/10\/20220526_173450_2.jpg?resize=370%2C247&ssl=1",370,247,true]},"uagb_author_info":{"display_name":"ismaelcolosi.com.br","author_link":"https:\/\/ismaelcolosi.com.br\/index.php\/author\/vidareal-online\/"},"uagb_comment_info":0,"uagb_excerpt":"A Voepass, empresa com sede em Ribeir\u00e3o Preto, informou nesta ter\u00e7a-feira (29), que deixou de operar em Caxias do Sul (RS), Maring\u00e1 (PR), Santo \u00c2ngelo...","jetpack-related-posts":[{"id":56304,"url":"https:\/\/ismaelcolosi.com.br\/index.php\/2024\/07\/10\/companhia-aerea-de-ribeirao-preto-anuncia-novas-bases-em-chapeco-e-no-rio-de-janeiro\/","url_meta":{"origin":74027,"position":0},"title":"Companhia a\u00e9rea de Ribeir\u00e3o Preto anuncia novas bases em Chapec\u00f3 e no Rio de Janeiro","author":"ismaelcolosi.com.br","date":"10 de July de 2024","format":false,"excerpt":"A companhia a\u00e9rea Voepass, que tem sede em Ribeir\u00e3o Preto, anunciou a abertura de uma nova base no Aeroporto de Chapec\u00f3 (SC) e outra no Aeroporto Gale\u00e3o no Rio de Janeiro, nesta quarta-feira (10). Conforme o comunicado, a base em Chapec\u00f3 (SC) ter\u00e1 voos para Congonhas (SP) e para Florian\u00f3polis\u2026","rel":"","context":"In &quot;Not\u00edcias de Ribeir\u00e3o Preto-SP e Regi\u00e3o&quot;","block_context":{"text":"Not\u00edcias de Ribeir\u00e3o Preto-SP e Regi\u00e3o","link":"https:\/\/ismaelcolosi.com.br\/index.php\/category\/noticias-de-ribeirao-preto-sp-e-regiao-ismael-colosi\/"},"img":{"alt_text":"","src":"https:\/\/i0.wp.com\/ismaelcolosi.com.br\/wp-content\/uploads\/2024\/07\/20220526_173450_2.jpg?fit=1200%2C826&ssl=1&resize=350%2C200","width":350,"height":200,"srcset":"https:\/\/i0.wp.com\/ismaelcolosi.com.br\/wp-content\/uploads\/2024\/07\/20220526_173450_2.jpg?fit=1200%2C826&ssl=1&resize=350%2C200 1x, https:\/\/i0.wp.com\/ismaelcolosi.com.br\/wp-content\/uploads\/2024\/07\/20220526_173450_2.jpg?fit=1200%2C826&ssl=1&resize=525%2C300 1.5x, https:\/\/i0.wp.com\/ismaelcolosi.com.br\/wp-content\/uploads\/2024\/07\/20220526_173450_2.jpg?fit=1200%2C826&ssl=1&resize=700%2C400 2x, https:\/\/i0.wp.com\/ismaelcolosi.com.br\/wp-content\/uploads\/2024\/07\/20220526_173450_2.jpg?fit=1200%2C826&ssl=1&resize=1050%2C600 3x"},"classes":[]},{"id":61380,"url":"https:\/\/ismaelcolosi.com.br\/index.php\/2024\/08\/21\/voepass-suspende-voos-para-9-destinos-apos-queda-de-aviao-no-interior-de-sp\/","url_meta":{"origin":74027,"position":1},"title":"Voepass suspende voos para 9 destinos ap\u00f3s queda de avi\u00e3o no interior de SP","author":"ismaelcolosi.com.br","date":"21 de August de 2024","format":false,"excerpt":"A Voepass, empresa com sede em Ribeir\u00e3o Preto, anunciou a suspens\u00e3o de voos di\u00e1rios para nove destinos do pa\u00eds at\u00e9 o final do m\u00eas de outubro. De acordo com a companhia a\u00e9rea, a medida \u00e9 necess\u00e1ria para realizar uma readequa\u00e7\u00e3o das opera\u00e7\u00f5es devido \u00e0 queda de uma aeronave da empresa.\u2026","rel":"","context":"In &quot;Not\u00edcias de Ribeir\u00e3o Preto-SP e Regi\u00e3o&quot;","block_context":{"text":"Not\u00edcias de Ribeir\u00e3o Preto-SP e Regi\u00e3o","link":"https:\/\/ismaelcolosi.com.br\/index.php\/category\/noticias-de-ribeirao-preto-sp-e-regiao-ismael-colosi\/"},"img":{"alt_text":"","src":"https:\/\/i0.wp.com\/ismaelcolosi.com.br\/wp-content\/uploads\/2024\/08\/aviao_voepass_1024x576_03062020103053.jpg?fit=1024%2C682&ssl=1&resize=350%2C200","width":350,"height":200,"srcset":"https:\/\/i0.wp.com\/ismaelcolosi.com.br\/wp-content\/uploads\/2024\/08\/aviao_voepass_1024x576_03062020103053.jpg?fit=1024%2C682&ssl=1&resize=350%2C200 1x, https:\/\/i0.wp.com\/ismaelcolosi.com.br\/wp-content\/uploads\/2024\/08\/aviao_voepass_1024x576_03062020103053.jpg?fit=1024%2C682&ssl=1&resize=525%2C300 1.5x, https:\/\/i0.wp.com\/ismaelcolosi.com.br\/wp-content\/uploads\/2024\/08\/aviao_voepass_1024x576_03062020103053.jpg?fit=1024%2C682&ssl=1&resize=700%2C400 2x"},"classes":[]},{"id":42570,"url":"https:\/\/ismaelcolosi.com.br\/index.php\/2024\/03\/15\/entenda-a-negociacao-envolvendo-a-latam-e-a-voepass-de-ribeirao-preto\/","url_meta":{"origin":74027,"position":2},"title":"Entenda a negocia\u00e7\u00e3o envolvendo a Latam e a VoePass de Ribeir\u00e3o Preto","author":"ismaelcolosi.com.br","date":"15 de March de 2024","format":false,"excerpt":"A Latam Airlines Brasil enviou ao Cade (Conselho Administrativo de Defesa Econ\u00f4mica) um pedido de an\u00e1lise pr\u00e9via para que seja realizado um aporte financeiro para a VoePass, empresa com sede em Ribeir\u00e3o Preto. No caso de a opera\u00e7\u00e3o financeira ser aprovada pelo Cade, a empresa ribeir\u00e3o-pretana deve ampliar aos clientes\u2026","rel":"","context":"In &quot;Not\u00edcias de Ribeir\u00e3o Preto-SP e Regi\u00e3o&quot;","block_context":{"text":"Not\u00edcias de Ribeir\u00e3o Preto-SP e Regi\u00e3o","link":"https:\/\/ismaelcolosi.com.br\/index.php\/category\/noticias-de-ribeirao-preto-sp-e-regiao-ismael-colosi\/"},"img":{"alt_text":"","src":"https:\/\/i0.wp.com\/ismaelcolosi.com.br\/wp-content\/uploads\/2024\/03\/Copia-de-Copia-de-TAMANHO-EXATO-PARA-FOTOS-NO-SISTEMA-NOVO-55.jpg?fit=1200%2C675&ssl=1&resize=350%2C200","width":350,"height":200,"srcset":"https:\/\/i0.wp.com\/ismaelcolosi.com.br\/wp-content\/uploads\/2024\/03\/Copia-de-Copia-de-TAMANHO-EXATO-PARA-FOTOS-NO-SISTEMA-NOVO-55.jpg?fit=1200%2C675&ssl=1&resize=350%2C200 1x, https:\/\/i0.wp.com\/ismaelcolosi.com.br\/wp-content\/uploads\/2024\/03\/Copia-de-Copia-de-TAMANHO-EXATO-PARA-FOTOS-NO-SISTEMA-NOVO-55.jpg?fit=1200%2C675&ssl=1&resize=525%2C300 1.5x, https:\/\/i0.wp.com\/ismaelcolosi.com.br\/wp-content\/uploads\/2024\/03\/Copia-de-Copia-de-TAMANHO-EXATO-PARA-FOTOS-NO-SISTEMA-NOVO-55.jpg?fit=1200%2C675&ssl=1&resize=700%2C400 2x, https:\/\/i0.wp.com\/ismaelcolosi.com.br\/wp-content\/uploads\/2024\/03\/Copia-de-Copia-de-TAMANHO-EXATO-PARA-FOTOS-NO-SISTEMA-NOVO-55.jpg?fit=1200%2C675&ssl=1&resize=1050%2C600 3x"},"classes":[]},{"id":59609,"url":"https:\/\/ismaelcolosi.com.br\/index.php\/2024\/08\/09\/estava-perfeitamente-navegavel-diz-voepass-sobre-aviao-que-caiu-em-vinhedo\/","url_meta":{"origin":74027,"position":3},"title":"&#8216;Estava perfeitamente naveg\u00e1vel&#8217;, diz Voepass sobre avi\u00e3o que caiu em Vinhedo","author":"ismaelcolosi.com.br","date":"9 de August de 2024","format":false,"excerpt":"A Voespass informou que o avi\u00e3o que caiu em Vinhedo, na tarde desta sexta-feira (9), \u201cestava perfeitamente naveg\u00e1vel\u201d. Contudo, informou que os avi\u00f5es modelo ATR-72, o mesmo que sofreu o acidente, \u00e9 mais sens\u00edvel \u00e0 situa\u00e7\u00e3o de gelo, uma das hip\u00f3teses para causa da queda. \u201cO ATR [modelo do avi\u00e3o]\u2026","rel":"","context":"In &quot;Not\u00edcias de Ribeir\u00e3o Preto-SP e Regi\u00e3o&quot;","block_context":{"text":"Not\u00edcias de Ribeir\u00e3o Preto-SP e Regi\u00e3o","link":"https:\/\/ismaelcolosi.com.br\/index.php\/category\/noticias-de-ribeirao-preto-sp-e-regiao-ismael-colosi\/"},"img":{"alt_text":"","src":"https:\/\/i0.wp.com\/ismaelcolosi.com.br\/wp-content\/uploads\/2024\/08\/voepass_2024-08-09_23-43-39_jpg_2024-08-09_23-43-39.webp.webp?fit=1200%2C503&ssl=1&resize=350%2C200","width":350,"height":200,"srcset":"https:\/\/i0.wp.com\/ismaelcolosi.com.br\/wp-content\/uploads\/2024\/08\/voepass_2024-08-09_23-43-39_jpg_2024-08-09_23-43-39.webp.webp?fit=1200%2C503&ssl=1&resize=350%2C200 1x, https:\/\/i0.wp.com\/ismaelcolosi.com.br\/wp-content\/uploads\/2024\/08\/voepass_2024-08-09_23-43-39_jpg_2024-08-09_23-43-39.webp.webp?fit=1200%2C503&ssl=1&resize=525%2C300 1.5x, https:\/\/i0.wp.com\/ismaelcolosi.com.br\/wp-content\/uploads\/2024\/08\/voepass_2024-08-09_23-43-39_jpg_2024-08-09_23-43-39.webp.webp?fit=1200%2C503&ssl=1&resize=700%2C400 2x, https:\/\/i0.wp.com\/ismaelcolosi.com.br\/wp-content\/uploads\/2024\/08\/voepass_2024-08-09_23-43-39_jpg_2024-08-09_23-43-39.webp.webp?fit=1200%2C503&ssl=1&resize=1050%2C600 3x"},"classes":[]},{"id":59570,"url":"https:\/\/ismaelcolosi.com.br\/index.php\/2024\/08\/09\/aviao-que-caiu-no-interior-de-sp-era-de-empresa-de-ribeirao-preto\/","url_meta":{"origin":74027,"position":4},"title":"Avi\u00e3o que caiu no interior de SP era de empresa de Ribeir\u00e3o Preto","author":"ismaelcolosi.com.br","date":"9 de August de 2024","format":false,"excerpt":"O avi\u00e3o que caiu em Vinhedo, no interior de S\u00e3o Paulo, no in\u00edcio da tarde desta sexta-feira (9), era operado pela Voepass, com sede em Ribeir\u00e3o Preto. Segundo a companhia, 58 passageiros estavam a bordo da aeronave, al\u00e9m de quatro tripulantes. O voo 2283 havia decolado de Cascavel, no Paran\u00e1,\u2026","rel":"","context":"In &quot;Not\u00edcias de Ribeir\u00e3o Preto-SP e Regi\u00e3o&quot;","block_context":{"text":"Not\u00edcias de Ribeir\u00e3o Preto-SP e Regi\u00e3o","link":"https:\/\/ismaelcolosi.com.br\/index.php\/category\/noticias-de-ribeirao-preto-sp-e-regiao-ismael-colosi\/"},"img":{"alt_text":"","src":"https:\/\/i0.wp.com\/ismaelcolosi.com.br\/wp-content\/uploads\/2024\/08\/acidadeon_logos_Prancheta-1-copia-12_edited.jpg?fit=1199%2C1200&ssl=1&resize=350%2C200","width":350,"height":200,"srcset":"https:\/\/i0.wp.com\/ismaelcolosi.com.br\/wp-content\/uploads\/2024\/08\/acidadeon_logos_Prancheta-1-copia-12_edited.jpg?fit=1199%2C1200&ssl=1&resize=350%2C200 1x, https:\/\/i0.wp.com\/ismaelcolosi.com.br\/wp-content\/uploads\/2024\/08\/acidadeon_logos_Prancheta-1-copia-12_edited.jpg?fit=1199%2C1200&ssl=1&resize=525%2C300 1.5x, https:\/\/i0.wp.com\/ismaelcolosi.com.br\/wp-content\/uploads\/2024\/08\/acidadeon_logos_Prancheta-1-copia-12_edited.jpg?fit=1199%2C1200&ssl=1&resize=700%2C400 2x, https:\/\/i0.wp.com\/ismaelcolosi.com.br\/wp-content\/uploads\/2024\/08\/acidadeon_logos_Prancheta-1-copia-12_edited.jpg?fit=1199%2C1200&ssl=1&resize=1050%2C600 3x"},"classes":[]},{"id":59594,"url":"https:\/\/ismaelcolosi.com.br\/index.php\/2024\/08\/09\/especialista-diz-que-aviao-da-voepass-entrou-em-parafuso-chato-entenda\/","url_meta":{"origin":74027,"position":5},"title":"Especialista diz que avi\u00e3o da Voepass entrou em \u2018parafuso chato\u2019; Entenda","author":"ismaelcolosi.com.br","date":"9 de August de 2024","format":false,"excerpt":"O youtuber e especialista em avia\u00e7\u00e3o Lito Sousa, do canal Avi\u00f5es e M\u00fasicas, disse que o avi\u00e3o da Voepass que caiu em Vinhedo, no interior de S\u00e3o Paulo, entrou em uma situa\u00e7\u00e3o de voo chamada \u201cflat spin\u201d ou \u201cparafuso chato\u201d. Ao todo, 61 pessoas estavam no avi\u00e3o, sendo 57 passageiros\u2026","rel":"","context":"In &quot;Not\u00edcias de Ribeir\u00e3o Preto-SP e Regi\u00e3o&quot;","block_context":{"text":"Not\u00edcias de Ribeir\u00e3o Preto-SP e Regi\u00e3o","link":"https:\/\/ismaelcolosi.com.br\/index.php\/category\/noticias-de-ribeirao-preto-sp-e-regiao-ismael-colosi\/"},"img":{"alt_text":"","src":"https:\/\/i0.wp.com\/ismaelcolosi.com.br\/wp-content\/uploads\/2024\/08\/parafuso-chato_2024-08-09_20-04-25_jpg_2024-08-09_20-04-25.webp.webp?fit=1200%2C757&ssl=1&resize=350%2C200","width":350,"height":200,"srcset":"https:\/\/i0.wp.com\/ismaelcolosi.com.br\/wp-content\/uploads\/2024\/08\/parafuso-chato_2024-08-09_20-04-25_jpg_2024-08-09_20-04-25.webp.webp?fit=1200%2C757&ssl=1&resize=350%2C200 1x, https:\/\/i0.wp.com\/ismaelcolosi.com.br\/wp-content\/uploads\/2024\/08\/parafuso-chato_2024-08-09_20-04-25_jpg_2024-08-09_20-04-25.webp.webp?fit=1200%2C757&ssl=1&resize=525%2C300 1.5x, https:\/\/i0.wp.com\/ismaelcolosi.com.br\/wp-content\/uploads\/2024\/08\/parafuso-chato_2024-08-09_20-04-25_jpg_2024-08-09_20-04-25.webp.webp?fit=1200%2C757&ssl=1&resize=700%2C400 2x, https:\/\/i0.wp.com\/ismaelcolosi.com.br\/wp-content\/uploads\/2024\/08\/parafuso-chato_2024-08-09_20-04-25_jpg_2024-08-09_20-04-25.webp.webp?fit=1200%2C757&ssl=1&resize=1050%2C600 3x"},"classes":[]}],"jetpack_sharing_enabled":true,"jetpack_shortlink":"https:\/\/wp.me\/pfMlyK-jfZ","_links":{"self":[{"href":"https:\/\/ismaelcolosi.com.br\/index.php\/wp-json\/wp\/v2\/posts\/74027","targetHints":{"allow":["GET"]}}],"collection":[{"href":"https:\/\/ismaelcolosi.com.br\/index.php\/wp-json\/wp\/v2\/posts"}],"about":[{"href":"https:\/\/ismaelcolosi.com.br\/index.php\/wp-json\/wp\/v2\/types\/post"}],"author":[{"embeddable":true,"href":"https:\/\/ismaelcolosi.com.br\/index.php\/wp-json\/wp\/v2\/users\/1"}],"replies":[{"embeddable":true,"href":"https:\/\/ismaelcolosi.com.br\/index.php\/wp-json\/wp\/v2\/comments?post=74027"}],"version-history":[{"count":0,"href":"https:\/\/ismaelcolosi.com.br\/index.php\/wp-json\/wp\/v2\/posts\/74027\/revisions"}],"wp:featuredmedia":[{"embeddable":true,"href":"https:\/\/ismaelcolosi.com.br\/index.php\/wp-json\/wp\/v2\/media\/74028"}],"wp:attachment":[{"href":"https:\/\/ismaelcolosi.com.br\/index.php\/wp-json\/wp\/v2\/media?parent=74027"}],"wp:term":[{"taxonomy":"category","embeddable":true,"href":"https:\/\/ismaelcolosi.com.br\/index.php\/wp-json\/wp\/v2\/categories?post=74027"},{"taxonomy":"post_tag","embeddable":true,"href":"https:\/\/ismaelcolosi.com.br\/index.php\/wp-json\/wp\/v2\/tags?post=74027"}],"curies":[{"name":"wp","href":"https:\/\/api.w.org\/{rel}","templated":true}]}}