{"id":7402,"date":"2023-11-28T06:13:44","date_gmt":"2023-11-28T09:13:44","guid":{"rendered":"https:\/\/ismaelcolosi.com.br\/index.php\/2023\/11\/28\/whatsapp-traz-novidade-que-torna-o-recurso-de-recado-mais-util\/"},"modified":"2023-11-28T06:13:44","modified_gmt":"2023-11-28T09:13:44","slug":"whatsapp-traz-novidade-que-torna-o-recurso-de-recado-mais-util","status":"publish","type":"post","link":"https:\/\/ismaelcolosi.com.br\/index.php\/2023\/11\/28\/whatsapp-traz-novidade-que-torna-o-recurso-de-recado-mais-util\/","title":{"rendered":"WhatsApp traz novidade que torna o recurso de Recado mais \u00fatil"},"content":{"rendered":"<p> <br \/>\n<\/p>\n<div>\n<p>A plataforma de mensagens mais popular do mundo, o <a href=\"https:\/\/catracalivre.com.br\/entretenimento\/aprenda-truque-para-visualizar-status-do-whatsapp-sem-ser-visto\/\" target=\"_blank\" rel=\"noopener\">WhatsApp<\/a>, come\u00e7ou a implementar em sua mais recente vers\u00e3o beta algumas <a href=\"https:\/\/catracalivre.com.br\/entretenimento\/esta-e-a-forma-mais-facil-de-se-criar-um-canal-no-whatsapp-saiba-tudo\/\" target=\"_blank\" rel=\"noopener\">mudan\u00e7as interessantes<\/a> no Recado. A partir dos testes, o Recado ser\u00e1 exibido na p\u00e1gina de conversa\u00e7\u00e3o, uma solicita\u00e7\u00e3o constante de muitos usu\u00e1rios.<\/p>\n<p>A atualiza\u00e7\u00e3o, pertencente \u00e0 compila\u00e7\u00e3o beta 2.23.25.11, disponibiliza essa informa\u00e7\u00e3o de perfil no topo da p\u00e1gina de conversa. Isso inclui o chamado \u201c<a href=\"https:\/\/catracalivre.com.br\/entretenimento\/aprenda-a-tirar-o-visto-por-ultimo-do-instagram-com-o-passo-a-passo\/\" target=\"_blank\" rel=\"noopener\">visto por \u00faltimo<\/a>\u201c, bem como o <a href=\"https:\/\/catracalivre.com.br\/entretenimento\/truque-facil-para-visualizar-status-do-whatsapp-sem-que-o-dono-saiba\/\" target=\"_blank\" rel=\"noopener\">Status<\/a> em texto de cada contato, que dever\u00e3o alternar entre si.<\/p>\n<div id=\"attachment_2314676\" class=\"wp-caption alignnone\">\n<div class=\"d-flex justify-content-center\" data-attachment-id=\"2314676\">\n<div class=\"position-relative d-inline-block\"><img data-recalc-dims=\"1\" data-portal-copyright=\"reprodu\u00e7\u00e3o\/WABetaInfo\" decoding=\"async\" fetchpriority=\"high\" class=\"size-full wp-image-2314676\" src=\"https:\/\/i0.wp.com\/catracalivre.com.br\/wp-content\/uploads\/2023\/11\/fotos-catraca-2023-11-27t172355317.png?resize=1200%2C660&#038;ssl=1\" alt=\"Captura de tela do teste no Recado do WhatsApp\" width=\"1200\" height=\"660\" srcset=\"https:\/\/catracalivre.com.br\/wp-content\/uploads\/2023\/11\/fotos-catraca-2023-11-27t172355317.png 1200w, https:\/\/catracalivre.com.br\/wp-content\/uploads\/2023\/11\/fotos-catraca-2023-11-27t172355317-450x248.png 450w, https:\/\/catracalivre.com.br\/wp-content\/uploads\/2023\/11\/fotos-catraca-2023-11-27t172355317-768x422.png 768w\" sizes=\"(max-width: 1200px) 100vw, 1200px\"\/><\/p>\n<p>Cr\u00e9ditos: reprodu\u00e7\u00e3o\/WABetaInfo<\/p>\n<\/div>\n<\/div>\n<p><span class=\"post-imagem__legenda\">Captura de tela do teste no Recado do WhatsApp<\/span><\/p>\n<\/div>\n<p>Ao tocar na foto do perfil do contato, tamb\u00e9m ser\u00e1 poss\u00edvel visualizar toda a m\u00eddia que ele tiver compartilhado no recurso de Status. As informa\u00e7\u00f5es s\u00e3o do site especializado <a href=\"https:\/\/wabetainfo.com\/\" target=\"_blank\" rel=\"noopener\">WABetaInfo<\/a>.<\/p>\n<h2>Como a nova atualiza\u00e7\u00e3o do WhatsApp melhora a experi\u00eancia do usu\u00e1rio?<\/h2>\n<p>A atualiza\u00e7\u00e3o certamente proporcionar\u00e1 uma maneira mais f\u00e1cil e r\u00e1pida para os usu\u00e1rios interagirem com as informa\u00e7\u00f5es de perfil de seus contatos.<\/p>\n<p>N\u00e3o ser\u00e1 mais necess\u00e1rio navegar at\u00e9 a p\u00e1gina de perfil para ter acesso a essas informa\u00e7\u00f5es. Agora, elas estar\u00e3o dispon\u00edveis instantaneamente, logo no in\u00edcio da conversa, o que certamente aprimora a experi\u00eancia do usu\u00e1rio.<\/p>\n<p>A implementa\u00e7\u00e3o dessa nova funcionalidade, entretanto, est\u00e1 ocorrendo de forma progressiva. Portanto, pode demorar um pouco at\u00e9 que todos os usu\u00e1rios da vers\u00e3o beta tenham acesso a ela.<\/p>\n<\/div>\n<p><script>\n\t\t! function(f, b, e, v, n, t, s) {\n\t\t\tif (f.fbq) return;\n\t\t\tn = f.fbq = function() {\n\t\t\t\tn.callMethod ?\n\t\t\t\t\tn.callMethod.apply(n, arguments) : n.queue.push(arguments)\n\t\t\t};\n\t\t\tif (!f._fbq) f._fbq = n;\n\t\t\tn.push = n;\n\t\t\tn.loaded = !0;\n\t\t\tn.version = '2.0';\n\t\t\tn.queue = [];\n\t\t\tt = b.createElement(e);\n\t\t\tt.async = !0;\n\t\t\tt.src = v;\n\t\t\ts = b.getElementsByTagName(e)[0];\n\t\t\ts.parentNode.insertBefore(t, s)\n\t\t}(window, document, 'script',\n\t\t\t'https:\/\/connect.facebook.net\/en_US\/fbevents.js');\n\t\tfbq('init', '338315473262380');\n\t\tfbq('track', 'PageView');\n\t<\/script><br \/>\n<br \/><br \/>\n<br \/><a href=\"https:\/\/catracalivre.com.br\/entretenimento\/whatsapp-traz-novidade-para-tornar-o-recurso-de-recado-mais-util\/\">Source link <\/a><\/p>\n<div class='code-block code-block-4' style='margin: 8px auto 8px 0; text-align: left; display: block; clear: both;'>\n\ud83d\udce2 Aviso Legal\n\nO site ismaelcolosi.com.br atua apenas como um canal de divulga\u00e7\u00e3o de oportunidades de emprego e n\u00e3o se responsabiliza pelo processo seletivo, contrata\u00e7\u00e3o ou qualquer outra etapa relacionada \u00e0s vagas publicadas. Todas as informa\u00e7\u00f5es s\u00e3o de responsabilidade dos anunciantes.\n\n\u26a0\ufe0f Aten\u00e7\u00e3o! Nunca pague por promessas de emprego nem compre cursos que garantam contrata\u00e7\u00e3o. Desconfie de qualquer cobran\u00e7a para participar de sele\u00e7\u00f5es.\n\n\n\n<\/div>\n<!-- CONTENT END 1 -->\n","protected":false},"excerpt":{"rendered":"<p>A plataforma de mensagens mais popular do mundo, o WhatsApp, come\u00e7ou a implementar em sua mais recente vers\u00e3o beta algumas mudan\u00e7as interessantes no Recado. A&#8230;<\/p>\n","protected":false},"author":1,"featured_media":7403,"comment_status":"open","ping_status":"open","sticky":false,"template":"","format":"standard","meta":{"_uag_custom_page_level_css":"","advanced_seo_description":"","jetpack_seo_html_title":"","jetpack_seo_noindex":false,"jetpack_post_was_ever_published":false,"_jetpack_newsletter_access":"","_jetpack_dont_email_post_to_subs":false,"_jetpack_newsletter_tier_id":0,"_jetpack_memberships_contains_paywalled_content":false,"_jetpack_memberships_contains_paid_content":false,"footnotes":"","jetpack_publicize_message":"","jetpack_publicize_feature_enabled":true,"jetpack_social_post_already_shared":true,"jetpack_social_options":{"image_generator_settings":{"template":"highway","default_image_id":0,"font":"","enabled":false},"version":2}},"categories":[19],"tags":[],"class_list":["post-7402","post","type-post","status-publish","format-standard","has-post-thumbnail","hentry","category-variedades"],"jetpack_publicize_connections":[],"jetpack_featured_media_url":"https:\/\/i0.wp.com\/ismaelcolosi.com.br\/wp-content\/uploads\/2023\/11\/fotos-catraca-2023-11-27t172355317.png?fit=1200%2C638&ssl=1","uagb_featured_image_src":{"full":["https:\/\/i0.wp.com\/ismaelcolosi.com.br\/wp-content\/uploads\/2023\/11\/fotos-catraca-2023-11-27t172355317.png?fit=1200%2C638&ssl=1",1200,638,false],"thumbnail":["https:\/\/i0.wp.com\/ismaelcolosi.com.br\/wp-content\/uploads\/2023\/11\/fotos-catraca-2023-11-27t172355317.png?resize=150%2C150&ssl=1",150,150,true],"medium":["https:\/\/i0.wp.com\/ismaelcolosi.com.br\/wp-content\/uploads\/2023\/11\/fotos-catraca-2023-11-27t172355317.png?fit=300%2C160&ssl=1",300,160,true],"medium_large":["https:\/\/i0.wp.com\/ismaelcolosi.com.br\/wp-content\/uploads\/2023\/11\/fotos-catraca-2023-11-27t172355317.png?fit=768%2C408&ssl=1",768,408,true],"large":["https:\/\/i0.wp.com\/ismaelcolosi.com.br\/wp-content\/uploads\/2023\/11\/fotos-catraca-2023-11-27t172355317.png?fit=1024%2C544&ssl=1",1024,544,true],"1536x1536":["https:\/\/i0.wp.com\/ismaelcolosi.com.br\/wp-content\/uploads\/2023\/11\/fotos-catraca-2023-11-27t172355317.png?fit=1200%2C638&ssl=1",1200,638,true],"2048x2048":["https:\/\/i0.wp.com\/ismaelcolosi.com.br\/wp-content\/uploads\/2023\/11\/fotos-catraca-2023-11-27t172355317.png?fit=1200%2C638&ssl=1",1200,638,true],"really-simple-thumb":["https:\/\/i0.wp.com\/ismaelcolosi.com.br\/wp-content\/uploads\/2023\/11\/fotos-catraca-2023-11-27t172355317.png?resize=370%2C247&ssl=1",370,247,true]},"uagb_author_info":{"display_name":"ismaelcolosi.com.br","author_link":"https:\/\/ismaelcolosi.com.br\/index.php\/author\/vidareal-online\/"},"uagb_comment_info":0,"uagb_excerpt":"A plataforma de mensagens mais popular do mundo, o WhatsApp, come\u00e7ou a implementar em sua mais recente vers\u00e3o beta algumas mudan\u00e7as interessantes no Recado. A...","jetpack-related-posts":[{"id":72377,"url":"https:\/\/ismaelcolosi.com.br\/index.php\/2024\/10\/21\/neymar-manda-recado-para-joia-da-regiao-de-ribeirao-preto-apos-quebra-de-recorde\/","url_meta":{"origin":7402,"position":0},"title":"Neymar manda recado para joia da regi\u00e3o de Ribeir\u00e3o Preto ap\u00f3s quebra de recorde","author":"ismaelcolosi.com.br","date":"21 de October de 2024","format":false,"excerpt":"O atacante Est\u00eav\u00e3o, do Palmeiras, natural de Franca, na regi\u00e3o de Ribeir\u00e3o Preto, atingiu a marca de 18 participa\u00e7\u00f5es em gols no Campeonato Brasileiro de 2024. Com isso, ele quebrou um recorde de Neymar, que em 2009 teve 16 participa\u00e7\u00f5es em gols pelo Santos na disputa do nacional. O palmeirense\u2026","rel":"","context":"In &quot;Not\u00edcias de Ribeir\u00e3o Preto-SP e Regi\u00e3o&quot;","block_context":{"text":"Not\u00edcias de Ribeir\u00e3o Preto-SP e Regi\u00e3o","link":"https:\/\/ismaelcolosi.com.br\/index.php\/category\/noticias-de-ribeirao-preto-sp-e-regiao-ismael-colosi\/"},"img":{"alt_text":"","src":"https:\/\/i0.wp.com\/ismaelcolosi.com.br\/wp-content\/uploads\/2024\/10\/neymar-estevao_2024-10-21_16-28-48_jpeg_2024-10-21_16-28-49.webp.webp?fit=1200%2C674&ssl=1&resize=350%2C200","width":350,"height":200,"srcset":"https:\/\/i0.wp.com\/ismaelcolosi.com.br\/wp-content\/uploads\/2024\/10\/neymar-estevao_2024-10-21_16-28-48_jpeg_2024-10-21_16-28-49.webp.webp?fit=1200%2C674&ssl=1&resize=350%2C200 1x, https:\/\/i0.wp.com\/ismaelcolosi.com.br\/wp-content\/uploads\/2024\/10\/neymar-estevao_2024-10-21_16-28-48_jpeg_2024-10-21_16-28-49.webp.webp?fit=1200%2C674&ssl=1&resize=525%2C300 1.5x, https:\/\/i0.wp.com\/ismaelcolosi.com.br\/wp-content\/uploads\/2024\/10\/neymar-estevao_2024-10-21_16-28-48_jpeg_2024-10-21_16-28-49.webp.webp?fit=1200%2C674&ssl=1&resize=700%2C400 2x, https:\/\/i0.wp.com\/ismaelcolosi.com.br\/wp-content\/uploads\/2024\/10\/neymar-estevao_2024-10-21_16-28-48_jpeg_2024-10-21_16-28-49.webp.webp?fit=1200%2C674&ssl=1&resize=1050%2C600 3x"},"classes":[]},{"id":16477,"url":"https:\/\/ismaelcolosi.com.br\/index.php\/2023\/12\/15\/dias-antes-de-morrer-pedro-henrique-deixou-recado-preocupante-em-video-assista\/","url_meta":{"origin":7402,"position":1},"title":"Dias antes de morrer Pedro Henrique deixou recado preocupante em v\u00eddeo; assista","author":"ismaelcolosi.com.br","date":"15 de December de 2023","format":false,"excerpt":"Dias antes de sua partida inesperada, o cantor gospel Pedro Henrique, de 30 anos, compartilhou um v\u00eddeo nas redes sociais que agora ressoa com uma nova e tr\u00e1gica relev\u00e2ncia.Pedro Henrique, conhecido por sua voz poderosa e mensagens de f\u00e9, estava enfrentando uma agenda intensa, com 12 shows programados para dezembro\u2026","rel":"","context":"In &quot;Blog&quot;","block_context":{"text":"Blog","link":"https:\/\/ismaelcolosi.com.br\/index.php\/category\/blog\/"},"img":{"alt_text":"","src":"https:\/\/i0.wp.com\/ismaelcolosi.com.br\/wp-content\/uploads\/2023\/12\/postimg-657cb0a19b98d3679.jpg?fit=1200%2C628&ssl=1&resize=350%2C200","width":350,"height":200,"srcset":"https:\/\/i0.wp.com\/ismaelcolosi.com.br\/wp-content\/uploads\/2023\/12\/postimg-657cb0a19b98d3679.jpg?fit=1200%2C628&ssl=1&resize=350%2C200 1x, https:\/\/i0.wp.com\/ismaelcolosi.com.br\/wp-content\/uploads\/2023\/12\/postimg-657cb0a19b98d3679.jpg?fit=1200%2C628&ssl=1&resize=525%2C300 1.5x, https:\/\/i0.wp.com\/ismaelcolosi.com.br\/wp-content\/uploads\/2023\/12\/postimg-657cb0a19b98d3679.jpg?fit=1200%2C628&ssl=1&resize=700%2C400 2x, https:\/\/i0.wp.com\/ismaelcolosi.com.br\/wp-content\/uploads\/2023\/12\/postimg-657cb0a19b98d3679.jpg?fit=1200%2C628&ssl=1&resize=1050%2C600 3x"},"classes":[]},{"id":4558,"url":"https:\/\/ismaelcolosi.com.br\/index.php\/2023\/11\/21\/silvana-oliveira-mae-de-ludmilla-manda-recado-para-luana-piovani-apos-criticas-a-cantora\/","url_meta":{"origin":7402,"position":2},"title":"Silvana Oliveira, m\u00e3e de Ludmilla, manda recado para Luana Piovani ap\u00f3s cr\u00edticas \u00e0 cantora","author":"ismaelcolosi.com.br","date":"21 de November de 2023","format":false,"excerpt":"Mam\u00e3e le\u00e3o, Silvana Oliveira, m\u00e3e da cantora Ludmilla, ela est\u00e1 sempre se posicionando a favor da filha para defender a cantora das pol\u00eamicas envolvendo seu nome.Recentemente, no dia da consci\u00eancia negra, a cantora postou em suas redes sociais falando sobre os ataques racistas que vem recebendo de alguns perfis nas\u2026","rel":"","context":"In &quot;Blog&quot;","block_context":{"text":"Blog","link":"https:\/\/ismaelcolosi.com.br\/index.php\/category\/blog\/"},"img":{"alt_text":"","src":"https:\/\/i0.wp.com\/ismaelcolosi.com.br\/wp-content\/uploads\/2023\/11\/postimg-655d0a23a94d98118.jpg?fit=1200%2C658&ssl=1&resize=350%2C200","width":350,"height":200,"srcset":"https:\/\/i0.wp.com\/ismaelcolosi.com.br\/wp-content\/uploads\/2023\/11\/postimg-655d0a23a94d98118.jpg?fit=1200%2C658&ssl=1&resize=350%2C200 1x, https:\/\/i0.wp.com\/ismaelcolosi.com.br\/wp-content\/uploads\/2023\/11\/postimg-655d0a23a94d98118.jpg?fit=1200%2C658&ssl=1&resize=525%2C300 1.5x, https:\/\/i0.wp.com\/ismaelcolosi.com.br\/wp-content\/uploads\/2023\/11\/postimg-655d0a23a94d98118.jpg?fit=1200%2C658&ssl=1&resize=700%2C400 2x, https:\/\/i0.wp.com\/ismaelcolosi.com.br\/wp-content\/uploads\/2023\/11\/postimg-655d0a23a94d98118.jpg?fit=1200%2C658&ssl=1&resize=1050%2C600 3x"},"classes":[]},{"id":25495,"url":"https:\/\/ismaelcolosi.com.br\/index.php\/2024\/01\/07\/consideradas-inimigas-por-anos-sandy-se-surpreende-com-wanessa-camargo-no-bbb-24-e-manda-recado\/","url_meta":{"origin":7402,"position":3},"title":"Consideradas inimigas por anos, Sandy se surpreende com Wanessa Camargo no &#8216;BBB 24&#8217; e manda recado","author":"ismaelcolosi.com.br","date":"7 de January de 2024","format":false,"excerpt":"A confirma\u00e7\u00e3o de Wanessa Camargo como participante do \u201cBBB 24\u201d n\u00e3o apenas surpreendeu o p\u00fablico, mas tamb\u00e9m gerou uma rea\u00e7\u00e3o inesperada de Sandy, uma figura outrora considerada sua rival na ind\u00fastria musical.A not\u00edcia da participa\u00e7\u00e3o de Wanessa no reality show da Globo levou Sandy a expressar sua opini\u00e3o e surpresa,\u2026","rel":"","context":"In &quot;Blog&quot;","block_context":{"text":"Blog","link":"https:\/\/ismaelcolosi.com.br\/index.php\/category\/blog\/"},"img":{"alt_text":"","src":"https:\/\/i0.wp.com\/ismaelcolosi.com.br\/wp-content\/uploads\/2024\/01\/postimg-659af7f9cf3fd6627.jpg?fit=1200%2C628&ssl=1&resize=350%2C200","width":350,"height":200,"srcset":"https:\/\/i0.wp.com\/ismaelcolosi.com.br\/wp-content\/uploads\/2024\/01\/postimg-659af7f9cf3fd6627.jpg?fit=1200%2C628&ssl=1&resize=350%2C200 1x, https:\/\/i0.wp.com\/ismaelcolosi.com.br\/wp-content\/uploads\/2024\/01\/postimg-659af7f9cf3fd6627.jpg?fit=1200%2C628&ssl=1&resize=525%2C300 1.5x, https:\/\/i0.wp.com\/ismaelcolosi.com.br\/wp-content\/uploads\/2024\/01\/postimg-659af7f9cf3fd6627.jpg?fit=1200%2C628&ssl=1&resize=700%2C400 2x, https:\/\/i0.wp.com\/ismaelcolosi.com.br\/wp-content\/uploads\/2024\/01\/postimg-659af7f9cf3fd6627.jpg?fit=1200%2C628&ssl=1&resize=1050%2C600 3x"},"classes":[]},{"id":73587,"url":"https:\/\/ismaelcolosi.com.br\/index.php\/2024\/10\/27\/obrigacao-de-fazer-o-melhor-governo-da-historia-diz-ricardo-silva-novo-prefeito-de-ribeirao-preto\/","url_meta":{"origin":7402,"position":4},"title":"\u2018Obriga\u00e7\u00e3o de fazer o melhor governo da hist\u00f3ria\u2019, diz Ricardo Silva, novo prefeito de Ribeir\u00e3o Preto","author":"ismaelcolosi.com.br","date":"27 de October de 2024","format":false,"excerpt":"Ricardo Silva (PSD), eleito o novo prefeito de Ribeir\u00e3o Preto, disse que a vit\u00f3ria nas elei\u00e7\u00f5es municipais na noite deste domingo (27), \u00e9 um recado para que ele fa\u00e7a \u201co melhor governo da hist\u00f3ria de Ribeir\u00e3o Preto\u201d. \u201cEssa vit\u00f3ria, ela d\u00e1 um recado que \u00e9 da cidade de Ribeir\u00e3o Preto.\u2026","rel":"","context":"In &quot;Not\u00edcias de Ribeir\u00e3o Preto-SP e Regi\u00e3o&quot;","block_context":{"text":"Not\u00edcias de Ribeir\u00e3o Preto-SP e Regi\u00e3o","link":"https:\/\/ismaelcolosi.com.br\/index.php\/category\/noticias-de-ribeirao-preto-sp-e-regiao-ismael-colosi\/"},"img":{"alt_text":"","src":"https:\/\/i0.wp.com\/ismaelcolosi.com.br\/wp-content\/uploads\/2024\/10\/ricardo-silva-3_2024-10-27_23-19-58_jpeg_2024-10-27_23-19-58.webp.webp?fit=1200%2C900&ssl=1&resize=350%2C200","width":350,"height":200,"srcset":"https:\/\/i0.wp.com\/ismaelcolosi.com.br\/wp-content\/uploads\/2024\/10\/ricardo-silva-3_2024-10-27_23-19-58_jpeg_2024-10-27_23-19-58.webp.webp?fit=1200%2C900&ssl=1&resize=350%2C200 1x, https:\/\/i0.wp.com\/ismaelcolosi.com.br\/wp-content\/uploads\/2024\/10\/ricardo-silva-3_2024-10-27_23-19-58_jpeg_2024-10-27_23-19-58.webp.webp?fit=1200%2C900&ssl=1&resize=525%2C300 1.5x, https:\/\/i0.wp.com\/ismaelcolosi.com.br\/wp-content\/uploads\/2024\/10\/ricardo-silva-3_2024-10-27_23-19-58_jpeg_2024-10-27_23-19-58.webp.webp?fit=1200%2C900&ssl=1&resize=700%2C400 2x, https:\/\/i0.wp.com\/ismaelcolosi.com.br\/wp-content\/uploads\/2024\/10\/ricardo-silva-3_2024-10-27_23-19-58_jpeg_2024-10-27_23-19-58.webp.webp?fit=1200%2C900&ssl=1&resize=1050%2C600 3x"},"classes":[]},{"id":27484,"url":"https:\/\/ismaelcolosi.com.br\/index.php\/2024\/01\/12\/guerreira-nao-queria-partir-xuxa-se-comoveu\/","url_meta":{"origin":7402,"position":5},"title":"&#8216;Guerreira, n\u00e3o queria partir&#8217;; Xuxa se comoveu","author":"ismaelcolosi.com.br","date":"12 de January de 2024","format":false,"excerpt":"De forma recente, a famosa apresentadora Ang\u00e9lica utilizou de suas redes sociais nesta \u00faltima sexta-feira, dia 12 de janeiro, para lamentar uma dura perda que sofreu em sua fam\u00edlia, destacando que se tratou de um membro que lutou at\u00e9 os seus \u00faltimos dias para n\u00e3o partir.No caso, se tratou de\u2026","rel":"","context":"In &quot;Blog&quot;","block_context":{"text":"Blog","link":"https:\/\/ismaelcolosi.com.br\/index.php\/category\/blog\/"},"img":{"alt_text":"","src":"https:\/\/i0.wp.com\/ismaelcolosi.com.br\/wp-content\/uploads\/2024\/01\/postimg-65a15a12a16094741.jpg?fit=1200%2C628&ssl=1&resize=350%2C200","width":350,"height":200,"srcset":"https:\/\/i0.wp.com\/ismaelcolosi.com.br\/wp-content\/uploads\/2024\/01\/postimg-65a15a12a16094741.jpg?fit=1200%2C628&ssl=1&resize=350%2C200 1x, https:\/\/i0.wp.com\/ismaelcolosi.com.br\/wp-content\/uploads\/2024\/01\/postimg-65a15a12a16094741.jpg?fit=1200%2C628&ssl=1&resize=525%2C300 1.5x, https:\/\/i0.wp.com\/ismaelcolosi.com.br\/wp-content\/uploads\/2024\/01\/postimg-65a15a12a16094741.jpg?fit=1200%2C628&ssl=1&resize=700%2C400 2x, https:\/\/i0.wp.com\/ismaelcolosi.com.br\/wp-content\/uploads\/2024\/01\/postimg-65a15a12a16094741.jpg?fit=1200%2C628&ssl=1&resize=1050%2C600 3x"},"classes":[]}],"jetpack_sharing_enabled":true,"jetpack_shortlink":"https:\/\/wp.me\/pfMlyK-1Vo","_links":{"self":[{"href":"https:\/\/ismaelcolosi.com.br\/index.php\/wp-json\/wp\/v2\/posts\/7402","targetHints":{"allow":["GET"]}}],"collection":[{"href":"https:\/\/ismaelcolosi.com.br\/index.php\/wp-json\/wp\/v2\/posts"}],"about":[{"href":"https:\/\/ismaelcolosi.com.br\/index.php\/wp-json\/wp\/v2\/types\/post"}],"author":[{"embeddable":true,"href":"https:\/\/ismaelcolosi.com.br\/index.php\/wp-json\/wp\/v2\/users\/1"}],"replies":[{"embeddable":true,"href":"https:\/\/ismaelcolosi.com.br\/index.php\/wp-json\/wp\/v2\/comments?post=7402"}],"version-history":[{"count":0,"href":"https:\/\/ismaelcolosi.com.br\/index.php\/wp-json\/wp\/v2\/posts\/7402\/revisions"}],"wp:featuredmedia":[{"embeddable":true,"href":"https:\/\/ismaelcolosi.com.br\/index.php\/wp-json\/wp\/v2\/media\/7403"}],"wp:attachment":[{"href":"https:\/\/ismaelcolosi.com.br\/index.php\/wp-json\/wp\/v2\/media?parent=7402"}],"wp:term":[{"taxonomy":"category","embeddable":true,"href":"https:\/\/ismaelcolosi.com.br\/index.php\/wp-json\/wp\/v2\/categories?post=7402"},{"taxonomy":"post_tag","embeddable":true,"href":"https:\/\/ismaelcolosi.com.br\/index.php\/wp-json\/wp\/v2\/tags?post=7402"}],"curies":[{"name":"wp","href":"https:\/\/api.w.org\/{rel}","templated":true}]}}