{"id":74018,"date":"2024-10-29T17:12:23","date_gmt":"2024-10-29T20:12:23","guid":{"rendered":"https:\/\/ismaelcolosi.com.br\/index.php\/2024\/10\/29\/ricardo-silva-anuncia-juiz-aposentado-como-coordenador-da-transicao-em-ribeirao-preto\/"},"modified":"2024-10-29T17:12:23","modified_gmt":"2024-10-29T20:12:23","slug":"ricardo-silva-anuncia-juiz-aposentado-como-coordenador-da-transicao-em-ribeirao-preto","status":"publish","type":"post","link":"https:\/\/ismaelcolosi.com.br\/index.php\/2024\/10\/29\/ricardo-silva-anuncia-juiz-aposentado-como-coordenador-da-transicao-em-ribeirao-preto\/","title":{"rendered":"Ricardo Silva anuncia juiz aposentado como coordenador da transi\u00e7\u00e3o em Ribeir\u00e3o Preto"},"content":{"rendered":"<p> <br \/>\n<\/p>\n<div data-td-block-uid=\"tdi_106\">\n<div class=\"tdb-block-inner td-fix-index\">\n<p>O prefeito eleito de <strong>Ribeir\u00e3o Preto<\/strong>, <strong>Ricardo Silva (PSD)<\/strong>, anunciou na tarde desta ter\u00e7a-feira (29), o juiz federal aposentado<strong> Augusto Martinez Perez<\/strong> como coordenador do futuro governo. Na segunda-feira (28), o atual Chefe do Executivo <strong>Duarte Nogueira (PSDB)<\/strong> havia anunciado o secret\u00e1rio de Governo<strong> Antonio Daas Abboud<\/strong> para fazer parte da transi\u00e7\u00e3o.<\/p>\n<p>Augusto Martinez Perez ser\u00e1 o respons\u00e1vel por chefiar a equipe. \u201cUm homem que teve uma carreira irretoc\u00e1vel como juiz federal e que tem uma experi\u00eancia que far\u00e1 toda a diferen\u00e7a neste processo\u201d, disse o prefeito eleito.<\/p>\n<p>Al\u00e9m de juiz federal aposentado, Augusto Martinez Perez tamb\u00e9m foi procurador e promotor de Justi\u00e7a. No gabinete de transi\u00e7\u00e3o, ele dever\u00e1 apresentar o panorama real da situa\u00e7\u00e3o da Prefeitura de Ribeir\u00e3o Preto.<\/p>\n<p>\u201c\u00c9 uma honra ter sido lembrando, j\u00e1 que tenho Ribeir\u00e3o Preto dentro do meu cora\u00e7\u00e3o. Conhe\u00e7o o plano de governo e sei que o Ricardo est\u00e1 realizando um sonho\u201d, disse o novo coordenador.<\/p>\n<p>SAIBA MAIS<br \/>Ricardo Silva e Duarte Nogueira d\u00e3o in\u00edcio ao processo de transi\u00e7\u00e3o em Ribeir\u00e3o Preto<\/p>\n<h4 class=\"wp-block-heading\"><strong>FIQUE ON<\/strong><\/h4>\n<p>Fique ligado em tudo que acontece em Ribeir\u00e3o Preto e regi\u00e3o. Siga os perfis do<strong> acidade on<\/strong> no <a href=\"https:\/\/www.instagram.com\/acidadeonribeirao\" target=\"_blank\" rel=\"noreferrer noopener nofollow\">Instagram<\/a> e no <a href=\"https:\/\/www.facebook.com\/acidadeonribeirao\/\" target=\"_blank\" rel=\"noreferrer noopener nofollow\">Facebook<\/a>.<\/p>\n<p>Receba not\u00edcias do <strong>acidade on <\/strong>no WhatsApp. <a href=\"https:\/\/chat.whatsapp.com\/Fg4ok3aAVyB59DP63pRapr\" target=\"_blank\" rel=\"noreferrer noopener nofollow\">Para entrar no grupo, basta clicar aqui.<\/a><\/p>\n<p>Fa\u00e7a uma den\u00fancia ou sugira uma reportagem sobre Ribeir\u00e3o Preto e regi\u00e3o pelo WhatsApp: 16 99117 7802.<\/p>\n<p>VEJA TAMB\u00c9M<br \/>Quem est\u00e1 na frente nas pesquisas sobre as elei\u00e7\u00f5es americanas?\u00a0<\/p>\n<p><!-- CONTENT END 1 -->\n<\/div>\n<\/div>\n<p><script async src=\"\/\/www.instagram.com\/embed.js\"><\/script><br \/>\n<br \/><br \/>\n<br \/><a href=\"https:\/\/www.acidadeon.com\/ribeiraopreto\/politica\/nevio-archibald\/ricardo-silva-anuncia-juiz-aposentado-como-coordenador-da-transicao-em-ribeirao-preto\/\">Source link <\/a><\/p>\n","protected":false},"excerpt":{"rendered":"<p>O prefeito eleito de Ribeir\u00e3o Preto, Ricardo Silva (PSD), anunciou na tarde desta ter\u00e7a-feira (29), o juiz federal aposentado Augusto Martinez Perez como coordenador do&#8230;<\/p>\n","protected":false},"author":1,"featured_media":74019,"comment_status":"open","ping_status":"open","sticky":false,"template":"","format":"standard","meta":{"_uag_custom_page_level_css":"","advanced_seo_description":"","jetpack_seo_html_title":"","jetpack_seo_noindex":false,"jetpack_post_was_ever_published":false,"_jetpack_newsletter_access":"","_jetpack_dont_email_post_to_subs":false,"_jetpack_newsletter_tier_id":0,"_jetpack_memberships_contains_paywalled_content":false,"_jetpack_memberships_contains_paid_content":false,"footnotes":"","jetpack_publicize_message":"","jetpack_publicize_feature_enabled":true,"jetpack_social_post_already_shared":true,"jetpack_social_options":{"image_generator_settings":{"template":"highway","default_image_id":0,"font":"","enabled":false},"version":2}},"categories":[11],"tags":[],"class_list":["post-74018","post","type-post","status-publish","format-standard","has-post-thumbnail","hentry","category-noticias-de-ribeirao-preto-sp-e-regiao-ismael-colosi"],"jetpack_publicize_connections":[],"jetpack_featured_media_url":"https:\/\/i0.wp.com\/ismaelcolosi.com.br\/wp-content\/uploads\/2024\/10\/coordenador-transicao_2024-10-29_19-38-10_jpg_2024-10-29_19-38-11.webp.webp?fit=1199%2C886&ssl=1","uagb_featured_image_src":{"full":["https:\/\/i0.wp.com\/ismaelcolosi.com.br\/wp-content\/uploads\/2024\/10\/coordenador-transicao_2024-10-29_19-38-10_jpg_2024-10-29_19-38-11.webp.webp?fit=1199%2C886&ssl=1",1199,886,false],"thumbnail":["https:\/\/i0.wp.com\/ismaelcolosi.com.br\/wp-content\/uploads\/2024\/10\/coordenador-transicao_2024-10-29_19-38-10_jpg_2024-10-29_19-38-11.webp.webp?resize=150%2C150&ssl=1",150,150,true],"medium":["https:\/\/i0.wp.com\/ismaelcolosi.com.br\/wp-content\/uploads\/2024\/10\/coordenador-transicao_2024-10-29_19-38-10_jpg_2024-10-29_19-38-11.webp.webp?fit=300%2C222&ssl=1",300,222,true],"medium_large":["https:\/\/i0.wp.com\/ismaelcolosi.com.br\/wp-content\/uploads\/2024\/10\/coordenador-transicao_2024-10-29_19-38-10_jpg_2024-10-29_19-38-11.webp.webp?fit=768%2C568&ssl=1",768,568,true],"large":["https:\/\/i0.wp.com\/ismaelcolosi.com.br\/wp-content\/uploads\/2024\/10\/coordenador-transicao_2024-10-29_19-38-10_jpg_2024-10-29_19-38-11.webp.webp?fit=1024%2C757&ssl=1",1024,757,true],"1536x1536":["https:\/\/i0.wp.com\/ismaelcolosi.com.br\/wp-content\/uploads\/2024\/10\/coordenador-transicao_2024-10-29_19-38-10_jpg_2024-10-29_19-38-11.webp.webp?fit=1199%2C886&ssl=1",1199,886,true],"2048x2048":["https:\/\/i0.wp.com\/ismaelcolosi.com.br\/wp-content\/uploads\/2024\/10\/coordenador-transicao_2024-10-29_19-38-10_jpg_2024-10-29_19-38-11.webp.webp?fit=1199%2C886&ssl=1",1199,886,true],"really-simple-thumb":["https:\/\/i0.wp.com\/ismaelcolosi.com.br\/wp-content\/uploads\/2024\/10\/coordenador-transicao_2024-10-29_19-38-10_jpg_2024-10-29_19-38-11.webp.webp?resize=370%2C247&ssl=1",370,247,true]},"uagb_author_info":{"display_name":"ismaelcolosi.com.br","author_link":"https:\/\/ismaelcolosi.com.br\/index.php\/author\/vidareal-online\/"},"uagb_comment_info":0,"uagb_excerpt":"O prefeito eleito de Ribeir\u00e3o Preto, Ricardo Silva (PSD), anunciou na tarde desta ter\u00e7a-feira (29), o juiz federal aposentado Augusto Martinez Perez como coordenador do...","jetpack-related-posts":[{"id":74043,"url":"https:\/\/ismaelcolosi.com.br\/index.php\/2024\/10\/29\/ricardo-silva-anuncia-juiz-federal-como-coordenador-do-gabinete-de-transicao\/","url_meta":{"origin":74018,"position":0},"title":"Ricardo Silva anuncia Juiz Federal como coordenador do Gabinete de Transi\u00e7\u00e3o","author":"ismaelcolosi.com.br","date":"29 de October de 2024","format":false,"excerpt":"29 de outubro de 202420 Compartilhar0 O prefeito eleito de Ribeir\u00e3o Preto, Ricardo Silva, anunciou na tarde desta ter\u00e7a-feira o nome de quem ser\u00e1 o coordenador do Gabinete de Transi\u00e7\u00e3o do novo governo. O juiz federal aposentado Augusto Martinez Perez ser\u00e1 o respons\u00e1vel por chefiar a equipe. \u201cMeu primeiro ato\u2026","rel":"","context":"In &quot;Not\u00edcias de Ribeir\u00e3o Preto-SP e Regi\u00e3o&quot;","block_context":{"text":"Not\u00edcias de Ribeir\u00e3o Preto-SP e Regi\u00e3o","link":"https:\/\/ismaelcolosi.com.br\/index.php\/category\/noticias-de-ribeirao-preto-sp-e-regiao-ismael-colosi\/"},"img":{"alt_text":"","src":"https:\/\/i0.wp.com\/ismaelcolosi.com.br\/wp-content\/uploads\/2024\/10\/75209894-63dc-4fd1-9217-719c41a94c0e-scaled.jpeg?fit=372%2C500&ssl=1&resize=350%2C200","width":350,"height":200},"classes":[]},{"id":78103,"url":"https:\/\/ismaelcolosi.com.br\/index.php\/2024\/12\/02\/ricardo-silva-anuncia-os-quatro-primeiros-secretarios\/","url_meta":{"origin":74018,"position":1},"title":"Ricardo Silva anuncia os quatro primeiros secret\u00e1rios","author":"ismaelcolosi.com.br","date":"2 de December de 2024","format":false,"excerpt":"An\u00fancio foi feito na manh\u00e3 desta segunda-feira O prefeito eleito Ricardo Silva (PSD) anunciou na manh\u00e3 desta segunda-feira, 2 de dezembro, os quatro primeiros nomes de seu secretariado que assumir\u00e3o os cargos, junto com ele, no dia 1\u00ba de janeiro. A Secretaria de Sa\u00fade ser\u00e1 comandada pelo m\u00e9dico Maur\u00edcio Godinho,\u2026","rel":"","context":"In &quot;Not\u00edcias de Ribeir\u00e3o Preto-SP e Regi\u00e3o&quot;","block_context":{"text":"Not\u00edcias de Ribeir\u00e3o Preto-SP e Regi\u00e3o","link":"https:\/\/ismaelcolosi.com.br\/index.php\/category\/noticias-de-ribeirao-preto-sp-e-regiao-ismael-colosi\/"},"img":{"alt_text":"","src":"https:\/\/i0.wp.com\/ismaelcolosi.com.br\/wp-content\/uploads\/2024\/12\/ricardo_silva1.jpg?fit=750%2C500&ssl=1&resize=350%2C200","width":350,"height":200,"srcset":"https:\/\/i0.wp.com\/ismaelcolosi.com.br\/wp-content\/uploads\/2024\/12\/ricardo_silva1.jpg?fit=750%2C500&ssl=1&resize=350%2C200 1x, https:\/\/i0.wp.com\/ismaelcolosi.com.br\/wp-content\/uploads\/2024\/12\/ricardo_silva1.jpg?fit=750%2C500&ssl=1&resize=525%2C300 1.5x, https:\/\/i0.wp.com\/ismaelcolosi.com.br\/wp-content\/uploads\/2024\/12\/ricardo_silva1.jpg?fit=750%2C500&ssl=1&resize=700%2C400 2x"},"classes":[]},{"id":74365,"url":"https:\/\/ismaelcolosi.com.br\/index.php\/2024\/10\/31\/ricardo-silva-nomeia-juiz-federal-para-coordenar-transicao-em-ribeirao-preto\/","url_meta":{"origin":74018,"position":2},"title":"Ricardo Silva Nomeia Juiz Federal para Coordenar Transi\u00e7\u00e3o em Ribeir\u00e3o Preto","author":"ismaelcolosi.com.br","date":"31 de October de 2024","format":false,"excerpt":"Em um movimento estrat\u00e9gico para assegurar uma transi\u00e7\u00e3o bem organizada, o prefeito eleito de Ribeir\u00e3o Preto, Ricardo Silva, anunciou o juiz federal Augusto Martinez Perez como coordenador do gabinete de transi\u00e7\u00e3o de governo. O an\u00fancio foi recebido com otimismo por l\u00edderes comunit\u00e1rios e especialistas em administra\u00e7\u00e3o p\u00fablica, que veem na\u2026","rel":"","context":"In &quot;Not\u00edcias de Ribeir\u00e3o Preto-SP e Regi\u00e3o&quot;","block_context":{"text":"Not\u00edcias de Ribeir\u00e3o Preto-SP e Regi\u00e3o","link":"https:\/\/ismaelcolosi.com.br\/index.php\/category\/noticias-de-ribeirao-preto-sp-e-regiao-ismael-colosi\/"},"img":{"alt_text":"","src":"https:\/\/i0.wp.com\/ismaelcolosi.com.br\/wp-content\/uploads\/2024\/10\/WhatsApp-Image-2024-10-30-at-12.webp.webp?fit=1190%2C1033&ssl=1&resize=350%2C200","width":350,"height":200,"srcset":"https:\/\/i0.wp.com\/ismaelcolosi.com.br\/wp-content\/uploads\/2024\/10\/WhatsApp-Image-2024-10-30-at-12.webp.webp?fit=1190%2C1033&ssl=1&resize=350%2C200 1x, https:\/\/i0.wp.com\/ismaelcolosi.com.br\/wp-content\/uploads\/2024\/10\/WhatsApp-Image-2024-10-30-at-12.webp.webp?fit=1190%2C1033&ssl=1&resize=525%2C300 1.5x, https:\/\/i0.wp.com\/ismaelcolosi.com.br\/wp-content\/uploads\/2024\/10\/WhatsApp-Image-2024-10-30-at-12.webp.webp?fit=1190%2C1033&ssl=1&resize=700%2C400 2x, https:\/\/i0.wp.com\/ismaelcolosi.com.br\/wp-content\/uploads\/2024\/10\/WhatsApp-Image-2024-10-30-at-12.webp.webp?fit=1190%2C1033&ssl=1&resize=1050%2C600 3x"},"classes":[]},{"id":75949,"url":"https:\/\/ismaelcolosi.com.br\/index.php\/2024\/11\/08\/manifesto-pede-plano-de-metas-para-a-educacao\/","url_meta":{"origin":74018,"position":3},"title":"Manifesto pede plano de metas para a educa\u00e7\u00e3o \u00a0","author":"ismaelcolosi.com.br","date":"8 de November de 2024","format":false,"excerpt":"Documento com propostas foi entregue \u00e0 equipe do prefeito eleito Ricardo Silva, coordenada pelo juiz federal aposentado Augusto Martinez Perez\u00a0 8 de novembro de 20248 de novembro de 202460 Compartilhar0 O Instituto Ribeir\u00e3o 2030, junto com outras entidades e especialistas, promove um movimento conjunto na busca pela mais qualidade na\u2026","rel":"","context":"In &quot;Not\u00edcias de Ribeir\u00e3o Preto-SP e Regi\u00e3o&quot;","block_context":{"text":"Not\u00edcias de Ribeir\u00e3o Preto-SP e Regi\u00e3o","link":"https:\/\/ismaelcolosi.com.br\/index.php\/category\/noticias-de-ribeirao-preto-sp-e-regiao-ismael-colosi\/"},"img":{"alt_text":"","src":"https:\/\/i0.wp.com\/ismaelcolosi.com.br\/wp-content\/uploads\/2024\/11\/Educa-Guilherme-Sircili-scaled.jpg?fit=750%2C500&ssl=1&resize=350%2C200","width":350,"height":200,"srcset":"https:\/\/i0.wp.com\/ismaelcolosi.com.br\/wp-content\/uploads\/2024\/11\/Educa-Guilherme-Sircili-scaled.jpg?fit=750%2C500&ssl=1&resize=350%2C200 1x, https:\/\/i0.wp.com\/ismaelcolosi.com.br\/wp-content\/uploads\/2024\/11\/Educa-Guilherme-Sircili-scaled.jpg?fit=750%2C500&ssl=1&resize=525%2C300 1.5x, https:\/\/i0.wp.com\/ismaelcolosi.com.br\/wp-content\/uploads\/2024\/11\/Educa-Guilherme-Sircili-scaled.jpg?fit=750%2C500&ssl=1&resize=700%2C400 2x"},"classes":[]},{"id":77164,"url":"https:\/\/ismaelcolosi.com.br\/index.php\/2024\/11\/21\/prefeito-eleito-ricardo-silva-pede-que-ordem-de-servico-para-centro-administrativo-nao-seja-assinada\/","url_meta":{"origin":74018,"position":4},"title":"Prefeito eleito Ricardo Silva pede que ordem de servi\u00e7o para Centro Administrativo n\u00e3o seja assinada","author":"ismaelcolosi.com.br","date":"21 de November de 2024","format":false,"excerpt":"21 de novembro de 202421 de novembro de 202412 Compartilhar0 O prefeito eleito de Ribeir\u00e3o Preto, Ricardo Silva, encaminhou na tarde desta quinta-feira (21) um of\u00edcio para a atual gest\u00e3o para que a constru\u00e7\u00e3o do novo Centro Administrativo n\u00e3o seja iniciada, ficando a decis\u00e3o a cargo do pr\u00f3ximo governo, que\u2026","rel":"","context":"In &quot;Not\u00edcias de Ribeir\u00e3o Preto-SP e Regi\u00e3o&quot;","block_context":{"text":"Not\u00edcias de Ribeir\u00e3o Preto-SP e Regi\u00e3o","link":"https:\/\/ismaelcolosi.com.br\/index.php\/category\/noticias-de-ribeirao-preto-sp-e-regiao-ismael-colosi\/"},"img":{"alt_text":"","src":"https:\/\/i0.wp.com\/ismaelcolosi.com.br\/wp-content\/uploads\/2024\/11\/46909214-adaf-4b04-9fd3-245e0b019bc7-scaled.jpg?fit=800%2C450&ssl=1&resize=350%2C200","width":350,"height":200,"srcset":"https:\/\/i0.wp.com\/ismaelcolosi.com.br\/wp-content\/uploads\/2024\/11\/46909214-adaf-4b04-9fd3-245e0b019bc7-scaled.jpg?fit=800%2C450&ssl=1&resize=350%2C200 1x, https:\/\/i0.wp.com\/ismaelcolosi.com.br\/wp-content\/uploads\/2024\/11\/46909214-adaf-4b04-9fd3-245e0b019bc7-scaled.jpg?fit=800%2C450&ssl=1&resize=525%2C300 1.5x, https:\/\/i0.wp.com\/ismaelcolosi.com.br\/wp-content\/uploads\/2024\/11\/46909214-adaf-4b04-9fd3-245e0b019bc7-scaled.jpg?fit=800%2C450&ssl=1&resize=700%2C400 2x"},"classes":[]},{"id":75286,"url":"https:\/\/ismaelcolosi.com.br\/index.php\/2024\/11\/05\/ricardo-silva-completa-equipe-de-transicao-e-parceria-com-entidades-representativas\/","url_meta":{"origin":74018,"position":5},"title":"Ricardo Silva completa equipe de transi\u00e7\u00e3o e parceria com entidades representativas","author":"ismaelcolosi.com.br","date":"5 de November de 2024","format":false,"excerpt":"O prefeito eleito de Ribeir\u00e3o Preto, Ricardo Silva (PSD) inaugurou na manh\u00e3 desta ter\u00e7a-feira, 05 de novembro, a sede do Gabinete de Transi\u00e7\u00e3o, que funcionar\u00e1 na avenida Nove de Julho, no antigo pr\u00e9dio da Caixa Econ\u00f4mica Federal. No evento, o futuro prefeito reafirmou que seu governo ser\u00e1 baseado no di\u00e1logo\u2026","rel":"","context":"In &quot;Not\u00edcias de Ribeir\u00e3o Preto-SP e Regi\u00e3o&quot;","block_context":{"text":"Not\u00edcias de Ribeir\u00e3o Preto-SP e Regi\u00e3o","link":"https:\/\/ismaelcolosi.com.br\/index.php\/category\/noticias-de-ribeirao-preto-sp-e-regiao-ismael-colosi\/"},"img":{"alt_text":"","src":"https:\/\/i0.wp.com\/ismaelcolosi.com.br\/wp-content\/uploads\/2024\/11\/986cd006-2f72-4801-9d6d-c392955f24ab-scaled.jpeg?fit=800%2C450&ssl=1&resize=350%2C200","width":350,"height":200,"srcset":"https:\/\/i0.wp.com\/ismaelcolosi.com.br\/wp-content\/uploads\/2024\/11\/986cd006-2f72-4801-9d6d-c392955f24ab-scaled.jpeg?fit=800%2C450&ssl=1&resize=350%2C200 1x, https:\/\/i0.wp.com\/ismaelcolosi.com.br\/wp-content\/uploads\/2024\/11\/986cd006-2f72-4801-9d6d-c392955f24ab-scaled.jpeg?fit=800%2C450&ssl=1&resize=525%2C300 1.5x, https:\/\/i0.wp.com\/ismaelcolosi.com.br\/wp-content\/uploads\/2024\/11\/986cd006-2f72-4801-9d6d-c392955f24ab-scaled.jpeg?fit=800%2C450&ssl=1&resize=700%2C400 2x"},"classes":[]}],"jetpack_sharing_enabled":true,"jetpack_shortlink":"https:\/\/wp.me\/pfMlyK-jfQ","_links":{"self":[{"href":"https:\/\/ismaelcolosi.com.br\/index.php\/wp-json\/wp\/v2\/posts\/74018","targetHints":{"allow":["GET"]}}],"collection":[{"href":"https:\/\/ismaelcolosi.com.br\/index.php\/wp-json\/wp\/v2\/posts"}],"about":[{"href":"https:\/\/ismaelcolosi.com.br\/index.php\/wp-json\/wp\/v2\/types\/post"}],"author":[{"embeddable":true,"href":"https:\/\/ismaelcolosi.com.br\/index.php\/wp-json\/wp\/v2\/users\/1"}],"replies":[{"embeddable":true,"href":"https:\/\/ismaelcolosi.com.br\/index.php\/wp-json\/wp\/v2\/comments?post=74018"}],"version-history":[{"count":0,"href":"https:\/\/ismaelcolosi.com.br\/index.php\/wp-json\/wp\/v2\/posts\/74018\/revisions"}],"wp:featuredmedia":[{"embeddable":true,"href":"https:\/\/ismaelcolosi.com.br\/index.php\/wp-json\/wp\/v2\/media\/74019"}],"wp:attachment":[{"href":"https:\/\/ismaelcolosi.com.br\/index.php\/wp-json\/wp\/v2\/media?parent=74018"}],"wp:term":[{"taxonomy":"category","embeddable":true,"href":"https:\/\/ismaelcolosi.com.br\/index.php\/wp-json\/wp\/v2\/categories?post=74018"},{"taxonomy":"post_tag","embeddable":true,"href":"https:\/\/ismaelcolosi.com.br\/index.php\/wp-json\/wp\/v2\/tags?post=74018"}],"curies":[{"name":"wp","href":"https:\/\/api.w.org\/{rel}","templated":true}]}}