{"id":73968,"date":"2024-10-29T14:32:10","date_gmt":"2024-10-29T17:32:10","guid":{"rendered":"https:\/\/ismaelcolosi.com.br\/index.php\/2024\/10\/29\/utm_sourcerssutm_mediumrssutm_campaignsantos-triunfa-sobre-o-ituano-e-fica-perto-do-retorno-a-serie-a\/"},"modified":"2024-10-29T14:32:10","modified_gmt":"2024-10-29T17:32:10","slug":"utm_sourcerssutm_mediumrssutm_campaignsantos-triunfa-sobre-o-ituano-e-fica-perto-do-retorno-a-serie-a","status":"publish","type":"post","link":"https:\/\/ismaelcolosi.com.br\/index.php\/2024\/10\/29\/utm_sourcerssutm_mediumrssutm_campaignsantos-triunfa-sobre-o-ituano-e-fica-perto-do-retorno-a-serie-a\/","title":{"rendered":"Santos Triunfa Sobre o Ituano e Fica Perto do Retorno \u00e0 S\u00e9rie A"},"content":{"rendered":"<p> <br \/>\n<\/p>\n<div>\n<p>O Santos deu um passo importante em dire\u00e7\u00e3o ao retorno \u00e0 S\u00e9rie A do Campeonato Brasileiro ao vencer o Ituano por 2 a 0. Com gols de Serginho e Guilherme, o Peixe garantiu os tr\u00eas pontos que ampliaram sua vantagem na S\u00e9rie B, chegando a 62 pontos, oito \u00e0 frente do Cear\u00e1, o primeiro time fora da zona de acesso. Restando apenas quatro rodadas para o t\u00e9rmino do campeonato, o clube alvinegro est\u00e1 a um passo de reconquistar seu lugar na elite do futebol nacional.<\/p>\n<p>O jogo, realizado no Est\u00e1dio Novelli J\u00fanior, em Itu, mostrou um Santos firme e confiante. O primeiro gol veio aos 17 minutos, quando Serginho aproveitou um passe preciso de Guilherme e, com um toque habilidoso, superou o goleiro advers\u00e1rio. No segundo tempo, Guilherme garantiu a vit\u00f3ria definitiva ao marcar o segundo gol com um chute cruzado, ap\u00f3s receber um passe de Wendel Silva.<\/p><div class='code-block code-block-8' style='margin: 8px auto; text-align: center; display: block; clear: both;'>\n<script>\n  atOptions = {\n    'key' : '66e2e2111ca34da796271819fc334058',\n    'format' : 'iframe',\n    'height' : 250,\n    'width' : 300,\n    'params' : {}\n  };\n<\/script>\n<script src=\"https:\/\/www.highperformanceformat.com\/66e2e2111ca34da796271819fc334058\/invoke.js\"><\/script>\n<\/div>\n\n<p>Com a vit\u00f3ria, o Santos se mant\u00e9m consolidado no G4 da S\u00e9rie B e est\u00e1 cada vez mais perto de assegurar sua vaga na S\u00e9rie A. A equipe precisa de mais algumas boas exibi\u00e7\u00f5es nas \u00faltimas quatro rodadas para concretizar o acesso. Enquanto isso, o Ituano amarga uma situa\u00e7\u00e3o complicada, ocupando a 18\u00aa coloca\u00e7\u00e3o e lutando contra o rebaixamento.<\/p>\n<p>Na outra partida da rodada, o Am\u00e9rica-MG venceu o Sport por 2 a 1, garantindo uma importante vit\u00f3ria que o coloca na 7\u00aa posi\u00e7\u00e3o, com 52 pontos, enquanto o Sport, vice-l\u00edder, segue com 59 pontos.<\/p>\n<\/div>\n<p><br \/>\n<br \/><a href=\"https:\/\/folhaderibeirao.com.br\/2024\/10\/29\/santos-triunfa-sobre-o-ituano-e-fica-perto-do-retorno-a-serie-a\/?utm_source=rss&#038;utm_medium=rss&#038;utm_campaign=santos-triunfa-sobre-o-ituano-e-fica-perto-do-retorno-a-serie-a\">Source link <\/a><\/p>\n<div class='code-block code-block-4' style='margin: 8px auto 8px 0; text-align: left; display: block; clear: both;'>\n\ud83d\udce2 Aviso Legal\n\nO site ismaelcolosi.com.br atua apenas como um canal de divulga\u00e7\u00e3o de oportunidades de emprego e n\u00e3o se responsabiliza pelo processo seletivo, contrata\u00e7\u00e3o ou qualquer outra etapa relacionada \u00e0s vagas publicadas. Todas as informa\u00e7\u00f5es s\u00e3o de responsabilidade dos anunciantes.\n\n\u26a0\ufe0f Aten\u00e7\u00e3o! Nunca pague por promessas de emprego nem compre cursos que garantam contrata\u00e7\u00e3o. Desconfie de qualquer cobran\u00e7a para participar de sele\u00e7\u00f5es.\n\n\n<div data-type=\"_mgwidget\" data-widget-id=\"2000896\">\n<\/div>\n<script>(function(w,q){w[q]=w[q]||[];w[q].push([\"_mgc.load\"])})(window,\"_mgq\");\n<\/script>\n<\/div>\n<!-- CONTENT END 1 -->\n","protected":false},"excerpt":{"rendered":"<p>O Santos deu um passo importante em dire\u00e7\u00e3o ao retorno \u00e0 S\u00e9rie A do Campeonato Brasileiro ao vencer o Ituano por 2 a 0. Com&#8230;<\/p>\n","protected":false},"author":1,"featured_media":73848,"comment_status":"open","ping_status":"open","sticky":false,"template":"","format":"standard","meta":{"om_disable_all_campaigns":false,"_uag_custom_page_level_css":"","jetpack_post_was_ever_published":false,"_jetpack_newsletter_access":"","_jetpack_dont_email_post_to_subs":false,"_jetpack_newsletter_tier_id":0,"_jetpack_memberships_contains_paywalled_content":false,"_jetpack_memberships_contains_paid_content":false,"_joinchat":[],"footnotes":"","jetpack_publicize_message":"","jetpack_publicize_feature_enabled":true,"jetpack_social_post_already_shared":true,"jetpack_social_options":{"image_generator_settings":{"template":"highway","default_image_id":0,"font":"","enabled":false},"version":2}},"categories":[11],"tags":[398,4059,2126,1664,1349,314,468,5983],"class_list":["post-73968","post","type-post","status-publish","format-standard","has-post-thumbnail","hentry","category-noticias-de-ribeirao-preto-sp-e-regiao-ismael-colosi","tag-fica","tag-ituano","tag-perto","tag-retorno","tag-santos","tag-serie","tag-sobre","tag-triunfa"],"aioseo_notices":[],"jetpack_publicize_connections":[],"jetpack_featured_media_url":"https:\/\/i0.wp.com\/ismaelcolosi.com.br\/wp-content\/uploads\/2024\/10\/54101630134_e1d83a8606_6k.webp.webp?fit=1170%2C700&ssl=1","uagb_featured_image_src":{"full":["https:\/\/i0.wp.com\/ismaelcolosi.com.br\/wp-content\/uploads\/2024\/10\/54101630134_e1d83a8606_6k.webp.webp?fit=1170%2C700&ssl=1",1170,700,false],"thumbnail":["https:\/\/i0.wp.com\/ismaelcolosi.com.br\/wp-content\/uploads\/2024\/10\/54101630134_e1d83a8606_6k.webp.webp?resize=150%2C150&ssl=1",150,150,true],"medium":["https:\/\/i0.wp.com\/ismaelcolosi.com.br\/wp-content\/uploads\/2024\/10\/54101630134_e1d83a8606_6k.webp.webp?fit=300%2C179&ssl=1",300,179,true],"medium_large":["https:\/\/i0.wp.com\/ismaelcolosi.com.br\/wp-content\/uploads\/2024\/10\/54101630134_e1d83a8606_6k.webp.webp?fit=768%2C459&ssl=1",768,459,true],"large":["https:\/\/i0.wp.com\/ismaelcolosi.com.br\/wp-content\/uploads\/2024\/10\/54101630134_e1d83a8606_6k.webp.webp?fit=1024%2C613&ssl=1",1024,613,true],"1536x1536":["https:\/\/i0.wp.com\/ismaelcolosi.com.br\/wp-content\/uploads\/2024\/10\/54101630134_e1d83a8606_6k.webp.webp?fit=1170%2C700&ssl=1",1170,700,true],"2048x2048":["https:\/\/i0.wp.com\/ismaelcolosi.com.br\/wp-content\/uploads\/2024\/10\/54101630134_e1d83a8606_6k.webp.webp?fit=1170%2C700&ssl=1",1170,700,true],"really-simple-thumb":["https:\/\/i0.wp.com\/ismaelcolosi.com.br\/wp-content\/uploads\/2024\/10\/54101630134_e1d83a8606_6k.webp.webp?resize=370%2C247&ssl=1",370,247,true]},"uagb_author_info":{"display_name":"ismaelcolosi.com.br","author_link":"https:\/\/ismaelcolosi.com.br\/index.php\/author\/vidareal-online\/"},"uagb_comment_info":0,"uagb_excerpt":"O Santos deu um passo importante em dire\u00e7\u00e3o ao retorno \u00e0 S\u00e9rie A do Campeonato Brasileiro ao vencer o Ituano por 2 a 0. Com...","jetpack-related-posts":[{"id":73847,"url":"https:\/\/ismaelcolosi.com.br\/index.php\/2024\/10\/29\/santos-triunfa-sobre-o-ituano-e-fica-perto-do-retorno-a-serie-a\/","url_meta":{"origin":73968,"position":0},"title":"Santos Triunfa Sobre o Ituano e Fica Perto do Retorno \u00e0 S\u00e9rie A","author":"ismaelcolosi.com.br","date":"29 de October de 2024","format":false,"excerpt":"O Santos deu um passo importante em dire\u00e7\u00e3o ao retorno \u00e0 S\u00e9rie A do Campeonato Brasileiro ao vencer o Ituano por 2 a 0. Com gols de Serginho e Guilherme, o Peixe garantiu os tr\u00eas pontos que ampliaram sua vantagem na S\u00e9rie B, chegando a 62 pontos, oito \u00e0 frente\u2026","rel":"","context":"In &quot;Not\u00edcias de Ribeir\u00e3o Preto-SP e Regi\u00e3o&quot;","block_context":{"text":"Not\u00edcias de Ribeir\u00e3o Preto-SP e Regi\u00e3o","link":"https:\/\/ismaelcolosi.com.br\/index.php\/category\/noticias-de-ribeirao-preto-sp-e-regiao-ismael-colosi\/"},"img":{"alt_text":"","src":"https:\/\/i0.wp.com\/ismaelcolosi.com.br\/wp-content\/uploads\/2024\/10\/54101630134_e1d83a8606_6k.webp.webp?fit=1170%2C700&ssl=1&resize=350%2C200","width":350,"height":200,"srcset":"https:\/\/i0.wp.com\/ismaelcolosi.com.br\/wp-content\/uploads\/2024\/10\/54101630134_e1d83a8606_6k.webp.webp?fit=1170%2C700&ssl=1&resize=350%2C200 1x, https:\/\/i0.wp.com\/ismaelcolosi.com.br\/wp-content\/uploads\/2024\/10\/54101630134_e1d83a8606_6k.webp.webp?fit=1170%2C700&ssl=1&resize=525%2C300 1.5x, https:\/\/i0.wp.com\/ismaelcolosi.com.br\/wp-content\/uploads\/2024\/10\/54101630134_e1d83a8606_6k.webp.webp?fit=1170%2C700&ssl=1&resize=700%2C400 2x, https:\/\/i0.wp.com\/ismaelcolosi.com.br\/wp-content\/uploads\/2024\/10\/54101630134_e1d83a8606_6k.webp.webp?fit=1170%2C700&ssl=1&resize=1050%2C600 3x"},"classes":[]},{"id":55906,"url":"https:\/\/ismaelcolosi.com.br\/index.php\/2024\/07\/07\/botafogo-leva-gol-olimpico-tenta-reagir-mas-perde-pela-serie-b\/","url_meta":{"origin":73968,"position":1},"title":"Botafogo leva gol ol\u00edmpico, tenta reagir, mas perde pela S\u00e9rie B","author":"ismaelcolosi.com.br","date":"7 de July de 2024","format":false,"excerpt":"O Botafogo perdeu por 3 a 2 para o Ituano, na tarde deste domingo (7), pela 14\u00aa rodada do Campeonato Brasileiro da S\u00e9rie B. A partida foi disputado no est\u00e1dio Novelli J\u00fanior, em Itu. O Ituano abriu o placar aos 2 minutos de partida, com Jos\u00e9 Aldo marcando um gol\u2026","rel":"","context":"In &quot;Not\u00edcias de Ribeir\u00e3o Preto-SP e Regi\u00e3o&quot;","block_context":{"text":"Not\u00edcias de Ribeir\u00e3o Preto-SP e Regi\u00e3o","link":"https:\/\/ismaelcolosi.com.br\/index.php\/category\/noticias-de-ribeirao-preto-sp-e-regiao-ismael-colosi\/"},"img":{"alt_text":"","src":"https:\/\/i0.wp.com\/ismaelcolosi.com.br\/wp-content\/uploads\/2024\/07\/botafogo-ituano_2024-07-07_20-47-09_jpeg_2024-07-07_20-47-09.webp.webp?fit=1200%2C800&ssl=1&resize=350%2C200","width":350,"height":200,"srcset":"https:\/\/i0.wp.com\/ismaelcolosi.com.br\/wp-content\/uploads\/2024\/07\/botafogo-ituano_2024-07-07_20-47-09_jpeg_2024-07-07_20-47-09.webp.webp?fit=1200%2C800&ssl=1&resize=350%2C200 1x, https:\/\/i0.wp.com\/ismaelcolosi.com.br\/wp-content\/uploads\/2024\/07\/botafogo-ituano_2024-07-07_20-47-09_jpeg_2024-07-07_20-47-09.webp.webp?fit=1200%2C800&ssl=1&resize=525%2C300 1.5x, https:\/\/i0.wp.com\/ismaelcolosi.com.br\/wp-content\/uploads\/2024\/07\/botafogo-ituano_2024-07-07_20-47-09_jpeg_2024-07-07_20-47-09.webp.webp?fit=1200%2C800&ssl=1&resize=700%2C400 2x, https:\/\/i0.wp.com\/ismaelcolosi.com.br\/wp-content\/uploads\/2024\/07\/botafogo-ituano_2024-07-07_20-47-09_jpeg_2024-07-07_20-47-09.webp.webp?fit=1200%2C800&ssl=1&resize=1050%2C600 3x"},"classes":[]},{"id":31382,"url":"https:\/\/ismaelcolosi.com.br\/index.php\/2024\/01\/22\/botafogo-perde-para-o-santos-na-estreia-do-paulistao\/","url_meta":{"origin":73968,"position":2},"title":"Botafogo perde para o Santos na estreia do Paulist\u00e3o","author":"ismaelcolosi.com.br","date":"22 de January de 2024","format":false,"excerpt":"21 de janeiro de 2024 | 12:20 0Ainda recolhendo os cacos da traum\u00e1tica queda in\u00e9dita para a S\u00e9rie B do Campeonato Brasileiro, o Santos iniciou a trajet\u00f3ria no Campeonato Paulista derrotando o Botafogo por 1 a 0, neste s\u00e1bado, na Arena NicNet, em Ribeir\u00e3o Preto. A partida marcou a reestreia\u2026","rel":"","context":"In &quot;Not\u00edcias de Ribeir\u00e3o Preto-SP e Regi\u00e3o&quot;","block_context":{"text":"Not\u00edcias de Ribeir\u00e3o Preto-SP e Regi\u00e3o","link":"https:\/\/ismaelcolosi.com.br\/index.php\/category\/noticias-de-ribeirao-preto-sp-e-regiao-ismael-colosi\/"},"img":{"alt_text":"","src":"https:\/\/i0.wp.com\/ismaelcolosi.com.br\/wp-content\/uploads\/2024\/01\/bota-scaled.jpeg?fit=968%2C645&ssl=1&resize=350%2C200","width":350,"height":200,"srcset":"https:\/\/i0.wp.com\/ismaelcolosi.com.br\/wp-content\/uploads\/2024\/01\/bota-scaled.jpeg?fit=968%2C645&ssl=1&resize=350%2C200 1x, https:\/\/i0.wp.com\/ismaelcolosi.com.br\/wp-content\/uploads\/2024\/01\/bota-scaled.jpeg?fit=968%2C645&ssl=1&resize=525%2C300 1.5x, https:\/\/i0.wp.com\/ismaelcolosi.com.br\/wp-content\/uploads\/2024\/01\/bota-scaled.jpeg?fit=968%2C645&ssl=1&resize=700%2C400 2x"},"classes":[]},{"id":2803,"url":"https:\/\/ismaelcolosi.com.br\/index.php\/2023\/11\/16\/botafogo-vai-ficar-com-a-vaga-do-santos-na-copa-do-brasil-entenda\/","url_meta":{"origin":73968,"position":3},"title":"Botafogo vai ficar com a vaga do Santos na Copa do Brasil? Entenda","author":"ismaelcolosi.com.br","date":"16 de November de 2023","format":false,"excerpt":"O Santos, um dos clubes mais tradicionais do futebol mundial, tem poucas chances de conseguir uma vaga na Copa do Brasil de 2024. J\u00e1 o Botafogo de Ribeir\u00e3o Preto torce para o Red Bull Bragantino sacramentar a vaga na Copa Libertadores de 2024, para conquistar uma das 92 vagas na\u2026","rel":"","context":"In &quot;Not\u00edcias de Ribeir\u00e3o Preto-SP e Regi\u00e3o&quot;","block_context":{"text":"Not\u00edcias de Ribeir\u00e3o Preto-SP e Regi\u00e3o","link":"https:\/\/ismaelcolosi.com.br\/index.php\/category\/noticias-de-ribeirao-preto-sp-e-regiao-ismael-colosi\/"},"img":{"alt_text":"","src":"https:\/\/i0.wp.com\/ismaelcolosi.com.br\/wp-content\/uploads\/2023\/11\/SANTOS.jpeg?fit=1200%2C960&ssl=1&resize=350%2C200","width":350,"height":200,"srcset":"https:\/\/i0.wp.com\/ismaelcolosi.com.br\/wp-content\/uploads\/2023\/11\/SANTOS.jpeg?fit=1200%2C960&ssl=1&resize=350%2C200 1x, https:\/\/i0.wp.com\/ismaelcolosi.com.br\/wp-content\/uploads\/2023\/11\/SANTOS.jpeg?fit=1200%2C960&ssl=1&resize=525%2C300 1.5x, https:\/\/i0.wp.com\/ismaelcolosi.com.br\/wp-content\/uploads\/2023\/11\/SANTOS.jpeg?fit=1200%2C960&ssl=1&resize=700%2C400 2x, https:\/\/i0.wp.com\/ismaelcolosi.com.br\/wp-content\/uploads\/2023\/11\/SANTOS.jpeg?fit=1200%2C960&ssl=1&resize=1050%2C600 3x"},"classes":[]},{"id":72907,"url":"https:\/\/ismaelcolosi.com.br\/index.php\/2024\/10\/23\/com-1-a-menos-botafogo-perde-para-o-ituano-e-entra-na-zona-de-rebaixamento\/","url_meta":{"origin":73968,"position":4},"title":"Com 1 a menos, Botafogo perde para o Ituano e entra na zona de rebaixamento","author":"ismaelcolosi.com.br","date":"23 de October de 2024","format":false,"excerpt":"O Botafogo perdeu para o Ituano, na noite desta quarta-feira (23), no Est\u00e1dio Santa Cruz, em Ribeir\u00e3o Preto, em jogo v\u00e1lido pela 33\u00ba rodada do Campeonato Brasileiro da S\u00e9rie B. Com o resultado, o Pantera cai uma posi\u00e7\u00e3o e entra na zona de rebaixamento com 36 pontos. O \u00fanico gol\u2026","rel":"","context":"In &quot;Not\u00edcias de Ribeir\u00e3o Preto-SP e Regi\u00e3o&quot;","block_context":{"text":"Not\u00edcias de Ribeir\u00e3o Preto-SP e Regi\u00e3o","link":"https:\/\/ismaelcolosi.com.br\/index.php\/category\/noticias-de-ribeirao-preto-sp-e-regiao-ismael-colosi\/"},"img":{"alt_text":"","src":"https:\/\/i0.wp.com\/ismaelcolosi.com.br\/wp-content\/uploads\/2024\/10\/Imagem-do-WhatsApp-de-2024-10-23-as-21.02.55_957e907c_2024-10-24_00-35-02_jpg_2024-10-24_00-35-02.webp.webp?fit=1200%2C800&ssl=1&resize=350%2C200","width":350,"height":200,"srcset":"https:\/\/i0.wp.com\/ismaelcolosi.com.br\/wp-content\/uploads\/2024\/10\/Imagem-do-WhatsApp-de-2024-10-23-as-21.02.55_957e907c_2024-10-24_00-35-02_jpg_2024-10-24_00-35-02.webp.webp?fit=1200%2C800&ssl=1&resize=350%2C200 1x, https:\/\/i0.wp.com\/ismaelcolosi.com.br\/wp-content\/uploads\/2024\/10\/Imagem-do-WhatsApp-de-2024-10-23-as-21.02.55_957e907c_2024-10-24_00-35-02_jpg_2024-10-24_00-35-02.webp.webp?fit=1200%2C800&ssl=1&resize=525%2C300 1.5x, https:\/\/i0.wp.com\/ismaelcolosi.com.br\/wp-content\/uploads\/2024\/10\/Imagem-do-WhatsApp-de-2024-10-23-as-21.02.55_957e907c_2024-10-24_00-35-02_jpg_2024-10-24_00-35-02.webp.webp?fit=1200%2C800&ssl=1&resize=700%2C400 2x, https:\/\/i0.wp.com\/ismaelcolosi.com.br\/wp-content\/uploads\/2024\/10\/Imagem-do-WhatsApp-de-2024-10-23-as-21.02.55_957e907c_2024-10-24_00-35-02_jpg_2024-10-24_00-35-02.webp.webp?fit=1200%2C800&ssl=1&resize=1050%2C600 3x"},"classes":[]},{"id":72243,"url":"https:\/\/ismaelcolosi.com.br\/index.php\/2024\/10\/20\/botafogo-e-derrotado-pelo-sport-no-brasileiro-da-serie-b\/","url_meta":{"origin":73968,"position":5},"title":"Botafogo \u00e9 derrotado pelo Sport no Brasileiro da S\u00e9rie B","author":"ismaelcolosi.com.br","date":"20 de October de 2024","format":false,"excerpt":"O Botafogo perdeu por 3 a 1 para o Sport, no est\u00e1dio da Ilha do Retiro, em Recife. A partida foi v\u00e1lida pela 32\u00aa rodada do Campeonato Brasileiro da S\u00e9rie B. Os gols da partida foram marcados por Fabricio Dom\u00ednguez (20 minutos do 1\u00ba tempo), Chrystian Barletta (30 minutos do\u2026","rel":"","context":"In &quot;Not\u00edcias de Ribeir\u00e3o Preto-SP e Regi\u00e3o&quot;","block_context":{"text":"Not\u00edcias de Ribeir\u00e3o Preto-SP e Regi\u00e3o","link":"https:\/\/ismaelcolosi.com.br\/index.php\/category\/noticias-de-ribeirao-preto-sp-e-regiao-ismael-colosi\/"},"img":{"alt_text":"","src":"https:\/\/i0.wp.com\/ismaelcolosi.com.br\/wp-content\/uploads\/2024\/10\/unnamed-file_2024-10-21_00-26-32_jpeg_2024-10-21_00-26-33.webp.webp?fit=1200%2C1034&ssl=1&resize=350%2C200","width":350,"height":200,"srcset":"https:\/\/i0.wp.com\/ismaelcolosi.com.br\/wp-content\/uploads\/2024\/10\/unnamed-file_2024-10-21_00-26-32_jpeg_2024-10-21_00-26-33.webp.webp?fit=1200%2C1034&ssl=1&resize=350%2C200 1x, https:\/\/i0.wp.com\/ismaelcolosi.com.br\/wp-content\/uploads\/2024\/10\/unnamed-file_2024-10-21_00-26-32_jpeg_2024-10-21_00-26-33.webp.webp?fit=1200%2C1034&ssl=1&resize=525%2C300 1.5x, https:\/\/i0.wp.com\/ismaelcolosi.com.br\/wp-content\/uploads\/2024\/10\/unnamed-file_2024-10-21_00-26-32_jpeg_2024-10-21_00-26-33.webp.webp?fit=1200%2C1034&ssl=1&resize=700%2C400 2x, https:\/\/i0.wp.com\/ismaelcolosi.com.br\/wp-content\/uploads\/2024\/10\/unnamed-file_2024-10-21_00-26-32_jpeg_2024-10-21_00-26-33.webp.webp?fit=1200%2C1034&ssl=1&resize=1050%2C600 3x"},"classes":[]}],"jetpack_sharing_enabled":true,"jetpack_shortlink":"https:\/\/wp.me\/pfMlyK-jf2","_links":{"self":[{"href":"https:\/\/ismaelcolosi.com.br\/index.php\/wp-json\/wp\/v2\/posts\/73968","targetHints":{"allow":["GET"]}}],"collection":[{"href":"https:\/\/ismaelcolosi.com.br\/index.php\/wp-json\/wp\/v2\/posts"}],"about":[{"href":"https:\/\/ismaelcolosi.com.br\/index.php\/wp-json\/wp\/v2\/types\/post"}],"author":[{"embeddable":true,"href":"https:\/\/ismaelcolosi.com.br\/index.php\/wp-json\/wp\/v2\/users\/1"}],"replies":[{"embeddable":true,"href":"https:\/\/ismaelcolosi.com.br\/index.php\/wp-json\/wp\/v2\/comments?post=73968"}],"version-history":[{"count":0,"href":"https:\/\/ismaelcolosi.com.br\/index.php\/wp-json\/wp\/v2\/posts\/73968\/revisions"}],"wp:featuredmedia":[{"embeddable":true,"href":"https:\/\/ismaelcolosi.com.br\/index.php\/wp-json\/wp\/v2\/media\/73848"}],"wp:attachment":[{"href":"https:\/\/ismaelcolosi.com.br\/index.php\/wp-json\/wp\/v2\/media?parent=73968"}],"wp:term":[{"taxonomy":"category","embeddable":true,"href":"https:\/\/ismaelcolosi.com.br\/index.php\/wp-json\/wp\/v2\/categories?post=73968"},{"taxonomy":"post_tag","embeddable":true,"href":"https:\/\/ismaelcolosi.com.br\/index.php\/wp-json\/wp\/v2\/tags?post=73968"}],"curies":[{"name":"wp","href":"https:\/\/api.w.org\/{rel}","templated":true}]}}