{"id":73854,"date":"2024-10-29T08:48:22","date_gmt":"2024-10-29T11:48:22","guid":{"rendered":"https:\/\/ismaelcolosi.com.br\/index.php\/2024\/10\/29\/carro-bate-em-arvore-e-causa-interdicao-na-francisco-junqueira-em-ribeirao-video\/"},"modified":"2024-10-29T08:48:22","modified_gmt":"2024-10-29T11:48:22","slug":"carro-bate-em-arvore-e-causa-interdicao-na-francisco-junqueira-em-ribeirao-video","status":"publish","type":"post","link":"https:\/\/ismaelcolosi.com.br\/index.php\/2024\/10\/29\/carro-bate-em-arvore-e-causa-interdicao-na-francisco-junqueira-em-ribeirao-video\/","title":{"rendered":"Carro bate em \u00e1rvore e causa interdi\u00e7\u00e3o na Francisco Junqueira em Ribeir\u00e3o; V\u00eddeo"},"content":{"rendered":"<p> <br \/>\n<\/p>\n<p><strong>Um carro bateu em uma \u00e1rvore no fim da madrugada desta ter\u00e7a-feira (29), na avenida Francisco Junqueira, ap\u00f3s o cruzamento com a rua Olavo Bilac, em Ribeir\u00e3o Preto.<\/strong><\/p>\n<p><mark style=\"background-color:#fcb900\" class=\"has-inline-color has-black-color\">A faixa da esquerda da pista no sentido ao viaduto Jandyra de Camargo Moquenco est\u00e1 interditada nesta manh\u00e3.<\/mark><\/p>\n<p>O <strong>motorista <\/strong>do ve\u00edculo foi encaminhado \u00e0 <strong>UPA da Treze de Maio<\/strong>. Ainda n\u00e3o h\u00e1 informa\u00e7\u00f5es sobre o seu estado de sa\u00fade.<\/p>\n<p>Al\u00e9m da equipe de <strong>socorro<\/strong>, a ocorr\u00eancia mobiliza a <strong>PM (Pol\u00edcia Militar)<\/strong> e a <strong>RP Mobi<\/strong>.<\/p>\n<p>As <strong>causas <\/strong>ainda dever\u00e3o ser <strong>apuradas<\/strong>.<\/p>\n<blockquote class=\"instagram-media\" data-instgrm-permalink=\"https:\/\/www.instagram.com\/reel\/DBtJ8t9sYIF\/?utm_source=ig_embed&amp;utm_campaign=loading\" data-instgrm-version=\"14\" style=\"background:#FFF;border:0;border-radius:3px;margin: 1px;max-width:540px;min-width:326px;padding:0;width:99.375%;width:-webkit-calc(100% - 2px);width:calc(100% - 2px)\">\n<div style=\"padding:16px\"> <a href=\"https:\/\/www.instagram.com\/reel\/DBtJ8t9sYIF\/?utm_source=ig_embed&amp;utm_campaign=loading\" style=\"background:#FFFFFF;line-height:0;padding:0 0;text-align:center;text-decoration:none;width:100%\" target=\"_blank\" rel=\"noopener\"> <\/p>\n<div style=\"flex-direction: row;align-items: center\">\n<div style=\"background-color: #F4F4F4;border-radius: 50%;flex-grow: 0;height: 40px;margin-right: 14px;width: 40px\"><\/div>\n<div style=\"flex-direction: column;flex-grow: 1;justify-content: center\">\n<div style=\"background-color: #F4F4F4;border-radius: 4px;flex-grow: 0;height: 14px;margin-bottom: 6px;width: 100px\"><\/div>\n<div style=\"background-color: #F4F4F4;border-radius: 4px;flex-grow: 0;height: 14px;width: 60px\"><\/div>\n<\/div>\n<\/div>\n<div style=\"padding: 19% 0\"><\/div>\n<div style=\"height:50px;margin:0 auto 12px;width:50px\"><\/div>\n<div style=\"padding-top: 8px\">\n<div style=\"color:#3897f0;font-family:Arial,sans-serif;font-size:14px;font-style:normal;font-weight:550;line-height:18px\">Ver essa foto no Instagram<\/div>\n<\/div>\n<div style=\"padding: 12.5% 0\"><\/div>\n<div style=\"flex-direction: row;margin-bottom: 14px;align-items: center\">\n<div>\n<div style=\"background-color: #F4F4F4;border-radius: 50%;height: 12.5px;width: 12.5px\"><\/div>\n<div style=\"background-color: #F4F4F4;height: 12.5px;width: 12.5px;flex-grow: 0;margin-right: 14px;margin-left: 2px\"><\/div>\n<div style=\"background-color: #F4F4F4;border-radius: 50%;height: 12.5px;width: 12.5px\"><\/div>\n<\/div>\n<div style=\"margin-left: 8px\">\n<div style=\"background-color: #F4F4F4;border-radius: 50%;flex-grow: 0;height: 20px;width: 20px\"><\/div>\n<div style=\"width: 0;height: 0;border-top: 2px solid transparent;border-left: 6px solid #f4f4f4;border-bottom: 2px solid transparent\"><\/div>\n<\/div>\n<div style=\"margin-left: auto\">\n<div style=\"width: 0px;border-top: 8px solid #F4F4F4;border-right: 8px solid transparent\"><\/div>\n<div style=\"background-color: #F4F4F4;flex-grow: 0;height: 12px;width: 16px\"><\/div>\n<div style=\"width: 0;height: 0;border-top: 8px solid #F4F4F4;border-left: 8px solid transparent\"><\/div>\n<\/div>\n<\/div>\n<div style=\"flex-direction: column;flex-grow: 1;justify-content: center;margin-bottom: 24px\">\n<div style=\"background-color: #F4F4F4;border-radius: 4px;flex-grow: 0;height: 14px;margin-bottom: 6px;width: 224px\"><\/div>\n<div style=\"background-color: #F4F4F4;border-radius: 4px;flex-grow: 0;height: 14px;width: 144px\"><\/div>\n<\/div>\n<p><\/a><\/p>\n<p style=\"color:#c9c8cd;font-family:Arial,sans-serif;font-size:14px;line-height:17px;margin-bottom:0;margin-top:8px;overflow:hidden;padding:8px 0 7px;text-align:center\"><a href=\"https:\/\/www.instagram.com\/reel\/DBtJ8t9sYIF\/?utm_source=ig_embed&amp;utm_campaign=loading\" style=\"color:#c9c8cd;font-family:Arial,sans-serif;font-size:14px;font-style:normal;font-weight:normal;line-height:17px;text-decoration:none\" target=\"_blank\" rel=\"noopener\">Uma publica\u00e7\u00e3o compartilhada por acidade on Ribeir\u00e3o (@acidadeonribeirao)<\/a><\/p>\n<\/div>\n<\/blockquote>\n<p>SAIBA MAIS<\/p>\n<p>Interior de SP segue com alerta de temporais nesta ter\u00e7a; Veja regi\u00f5es<\/p>\n<h4 class=\"wp-block-heading\"><strong>FIQUE ON<\/strong><\/h4>\n<p>Fique ligado em tudo que acontece em Ribeir\u00e3o Preto e regi\u00e3o. Siga os perfis do&nbsp;<strong><a href=\"https:\/\/www.instagram.com\/acidadeonribeirao\/\" target=\"_blank\" rel=\"noreferrer noopener\">acidade on<\/a><\/strong>&nbsp;no&nbsp;<a href=\"https:\/\/www.instagram.com\/acidadeonribeirao\/\" target=\"_blank\" rel=\"noreferrer noopener\">Instagram&nbsp;<\/a>e no&nbsp;<a href=\"https:\/\/web.facebook.com\/acidadeonribeirao\" target=\"_blank\" rel=\"noreferrer noopener\">Facebook<\/a>.<\/p>\n<p>Receba not\u00edcias do&nbsp;<strong>acidade on<\/strong>&nbsp;no WhatsApp.&nbsp;<a href=\"https:\/\/chat.whatsapp.com\/Fg4ok3aAVyB59DP63pRapr\" target=\"_blank\" rel=\"noreferrer noopener\">Para entrar no grupo, basta clicar aqui.<\/a><\/p>\n<p>Fa\u00e7a uma den\u00fancia ou sugira uma reportagem sobre Ribeir\u00e3o Preto e regi\u00e3o pelo WhatsApp: 16 99117 7802.<\/p>\n<p>VEJA TAMB\u00c9M<\/p>\n<p>Quais s\u00e3o os feriados de novembro?<\/p>\n<p>O post Carro bate em \u00e1rvore e causa interdi\u00e7\u00e3o na Francisco Junqueira em Ribeir\u00e3o; V\u00eddeo apareceu primeiro em ACidade ON Ribeir\u00e3o Preto.<\/p>\n<p><script async src=\"\/\/www.instagram.com\/embed.js\"><\/script><br \/>\n<br \/><br \/>\n<br \/><a href=\"https:\/\/www.acidadeon.com\/ribeiraopreto\/cotidiano\/carro-bate-em-arvore-e-causa-interdicao-na-francisco-junqueira-em-ribeirao-video\/\">Source link <\/a><\/p>\n<div class='code-block code-block-4' style='margin: 8px auto 8px 0; text-align: left; display: block; clear: both;'>\n\ud83d\udce2 Aviso Legal\n\nO site ismaelcolosi.com.br atua apenas como um canal de divulga\u00e7\u00e3o de oportunidades de emprego e n\u00e3o se responsabiliza pelo processo seletivo, contrata\u00e7\u00e3o ou qualquer outra etapa relacionada \u00e0s vagas publicadas. Todas as informa\u00e7\u00f5es s\u00e3o de responsabilidade dos anunciantes.\n\n\u26a0\ufe0f Aten\u00e7\u00e3o! Nunca pague por promessas de emprego nem compre cursos que garantam contrata\u00e7\u00e3o. Desconfie de qualquer cobran\u00e7a para participar de sele\u00e7\u00f5es.\n\n\n\n<\/div>\n<!-- CONTENT END 1 -->\n","protected":false},"excerpt":{"rendered":"<p>Um carro bateu em uma \u00e1rvore no fim da madrugada desta ter\u00e7a-feira (29), na avenida Francisco Junqueira, ap\u00f3s o cruzamento com a rua Olavo Bilac,&#8230;<\/p>\n","protected":false},"author":1,"featured_media":73855,"comment_status":"open","ping_status":"open","sticky":false,"template":"","format":"standard","meta":{"_uag_custom_page_level_css":"","advanced_seo_description":"","jetpack_seo_html_title":"","jetpack_seo_noindex":false,"jetpack_post_was_ever_published":false,"_jetpack_newsletter_access":"","_jetpack_dont_email_post_to_subs":false,"_jetpack_newsletter_tier_id":0,"_jetpack_memberships_contains_paywalled_content":false,"_jetpack_memberships_contains_paid_content":false,"footnotes":"","jetpack_publicize_message":"","jetpack_publicize_feature_enabled":true,"jetpack_social_post_already_shared":true,"jetpack_social_options":{"image_generator_settings":{"template":"highway","default_image_id":0,"font":"","enabled":false},"version":2}},"categories":[11],"tags":[],"class_list":["post-73854","post","type-post","status-publish","format-standard","has-post-thumbnail","hentry","category-noticias-de-ribeirao-preto-sp-e-regiao-ismael-colosi"],"jetpack_publicize_connections":[],"jetpack_featured_media_url":"https:\/\/i0.wp.com\/ismaelcolosi.com.br\/wp-content\/uploads\/2024\/10\/ACIDENTE_2024-10-29_11-07-36_jpg_2024-10-29_11-07-36.webp.webp?fit=2000%2C1201&ssl=1","uagb_featured_image_src":{"full":["https:\/\/i0.wp.com\/ismaelcolosi.com.br\/wp-content\/uploads\/2024\/10\/ACIDENTE_2024-10-29_11-07-36_jpg_2024-10-29_11-07-36.webp.webp?fit=2000%2C1201&ssl=1",2000,1201,false],"thumbnail":["https:\/\/i0.wp.com\/ismaelcolosi.com.br\/wp-content\/uploads\/2024\/10\/ACIDENTE_2024-10-29_11-07-36_jpg_2024-10-29_11-07-36.webp.webp?resize=150%2C150&ssl=1",150,150,true],"medium":["https:\/\/i0.wp.com\/ismaelcolosi.com.br\/wp-content\/uploads\/2024\/10\/ACIDENTE_2024-10-29_11-07-36_jpg_2024-10-29_11-07-36.webp.webp?fit=300%2C180&ssl=1",300,180,true],"medium_large":["https:\/\/i0.wp.com\/ismaelcolosi.com.br\/wp-content\/uploads\/2024\/10\/ACIDENTE_2024-10-29_11-07-36_jpg_2024-10-29_11-07-36.webp.webp?fit=768%2C461&ssl=1",768,461,true],"large":["https:\/\/i0.wp.com\/ismaelcolosi.com.br\/wp-content\/uploads\/2024\/10\/ACIDENTE_2024-10-29_11-07-36_jpg_2024-10-29_11-07-36.webp.webp?fit=1024%2C615&ssl=1",1024,615,true],"1536x1536":["https:\/\/i0.wp.com\/ismaelcolosi.com.br\/wp-content\/uploads\/2024\/10\/ACIDENTE_2024-10-29_11-07-36_jpg_2024-10-29_11-07-36.webp.webp?fit=1536%2C922&ssl=1",1536,922,true],"2048x2048":["https:\/\/i0.wp.com\/ismaelcolosi.com.br\/wp-content\/uploads\/2024\/10\/ACIDENTE_2024-10-29_11-07-36_jpg_2024-10-29_11-07-36.webp.webp?fit=2000%2C1201&ssl=1",2000,1201,true],"really-simple-thumb":["https:\/\/i0.wp.com\/ismaelcolosi.com.br\/wp-content\/uploads\/2024\/10\/ACIDENTE_2024-10-29_11-07-36_jpg_2024-10-29_11-07-36.webp.webp?resize=370%2C247&ssl=1",370,247,true]},"uagb_author_info":{"display_name":"ismaelcolosi.com.br","author_link":"https:\/\/ismaelcolosi.com.br\/index.php\/author\/vidareal-online\/"},"uagb_comment_info":0,"uagb_excerpt":"Um carro bateu em uma \u00e1rvore no fim da madrugada desta ter\u00e7a-feira (29), na avenida Francisco Junqueira, ap\u00f3s o cruzamento com a rua Olavo Bilac,...","jetpack-related-posts":[{"id":73862,"url":"https:\/\/ismaelcolosi.com.br\/index.php\/2024\/10\/29\/motociclista-fica-ferido-apos-batida-entre-moto-e-carro-na-zona-norte-de-ribeirao\/","url_meta":{"origin":73854,"position":0},"title":"Motociclista fica ferido ap\u00f3s batida entre moto e carro na zona Norte de Ribeir\u00e3o","author":"ismaelcolosi.com.br","date":"29 de October de 2024","format":false,"excerpt":"Um motociclista foi socorrido na manh\u00e3 desta ter\u00e7a-feira (29), depois de se envolver em uma batida entre moto e carro no bairro Ipiranga, zona Norte de Ribeir\u00e3o Preto. A colis\u00e3o ocorreu no cruzamento das ruas General C\u00e2mara e Rio Verde. Com o impacto, a moto foi parar na cal\u00e7ada de\u2026","rel":"","context":"In &quot;Not\u00edcias de Ribeir\u00e3o Preto-SP e Regi\u00e3o&quot;","block_context":{"text":"Not\u00edcias de Ribeir\u00e3o Preto-SP e Regi\u00e3o","link":"https:\/\/ismaelcolosi.com.br\/index.php\/category\/noticias-de-ribeirao-preto-sp-e-regiao-ismael-colosi\/"},"img":{"alt_text":"","src":"https:\/\/i0.wp.com\/ismaelcolosi.com.br\/wp-content\/uploads\/2024\/10\/MOTO_2024-10-29_11-46-00_jpg_2024-10-29_11-46-00.webp.webp?fit=1200%2C670&ssl=1&resize=350%2C200","width":350,"height":200,"srcset":"https:\/\/i0.wp.com\/ismaelcolosi.com.br\/wp-content\/uploads\/2024\/10\/MOTO_2024-10-29_11-46-00_jpg_2024-10-29_11-46-00.webp.webp?fit=1200%2C670&ssl=1&resize=350%2C200 1x, https:\/\/i0.wp.com\/ismaelcolosi.com.br\/wp-content\/uploads\/2024\/10\/MOTO_2024-10-29_11-46-00_jpg_2024-10-29_11-46-00.webp.webp?fit=1200%2C670&ssl=1&resize=525%2C300 1.5x, https:\/\/i0.wp.com\/ismaelcolosi.com.br\/wp-content\/uploads\/2024\/10\/MOTO_2024-10-29_11-46-00_jpg_2024-10-29_11-46-00.webp.webp?fit=1200%2C670&ssl=1&resize=700%2C400 2x, https:\/\/i0.wp.com\/ismaelcolosi.com.br\/wp-content\/uploads\/2024\/10\/MOTO_2024-10-29_11-46-00_jpg_2024-10-29_11-46-00.webp.webp?fit=1200%2C670&ssl=1&resize=1050%2C600 3x"},"classes":[]},{"id":51420,"url":"https:\/\/ismaelcolosi.com.br\/index.php\/2024\/05\/27\/carro-cai-em-corrego-da-avenida-francisco-junqueira-em-ribeirao-preto\/","url_meta":{"origin":73854,"position":1},"title":"Carro cai em c\u00f3rrego da avenida Francisco Junqueira em Ribeir\u00e3o Preto","author":"ismaelcolosi.com.br","date":"27 de May de 2024","format":false,"excerpt":"Um carro caiu no c\u00f3rrego Retiro Saudoso, que corta a avenida Francisco Junqueira, em Ribeir\u00e3o Preto, na tarde desta segunda-feira (27). O acidente aconteceu por volta das 17h40, na altura do n\u00famero 1.800, pr\u00f3ximo ao cruzamento com a rua Olavo Bilac. De acordo com as primeiras informa\u00e7\u00f5es do Corpo de\u2026","rel":"","context":"In &quot;Not\u00edcias de Ribeir\u00e3o Preto-SP e Regi\u00e3o&quot;","block_context":{"text":"Not\u00edcias de Ribeir\u00e3o Preto-SP e Regi\u00e3o","link":"https:\/\/ismaelcolosi.com.br\/index.php\/category\/noticias-de-ribeirao-preto-sp-e-regiao-ismael-colosi\/"},"img":{"alt_text":"","src":"https:\/\/i0.wp.com\/ismaelcolosi.com.br\/wp-content\/uploads\/2024\/05\/Copia-de-Copia-de-TAMANHO-EXATO-PARA-FOTOS-NO-SISTEMA-NOVO-58_2024-05-27_21-06-39_png_2024-05-27_21-06-39.webp.webp?fit=1200%2C675&ssl=1&resize=350%2C200","width":350,"height":200,"srcset":"https:\/\/i0.wp.com\/ismaelcolosi.com.br\/wp-content\/uploads\/2024\/05\/Copia-de-Copia-de-TAMANHO-EXATO-PARA-FOTOS-NO-SISTEMA-NOVO-58_2024-05-27_21-06-39_png_2024-05-27_21-06-39.webp.webp?fit=1200%2C675&ssl=1&resize=350%2C200 1x, https:\/\/i0.wp.com\/ismaelcolosi.com.br\/wp-content\/uploads\/2024\/05\/Copia-de-Copia-de-TAMANHO-EXATO-PARA-FOTOS-NO-SISTEMA-NOVO-58_2024-05-27_21-06-39_png_2024-05-27_21-06-39.webp.webp?fit=1200%2C675&ssl=1&resize=525%2C300 1.5x, https:\/\/i0.wp.com\/ismaelcolosi.com.br\/wp-content\/uploads\/2024\/05\/Copia-de-Copia-de-TAMANHO-EXATO-PARA-FOTOS-NO-SISTEMA-NOVO-58_2024-05-27_21-06-39_png_2024-05-27_21-06-39.webp.webp?fit=1200%2C675&ssl=1&resize=700%2C400 2x, https:\/\/i0.wp.com\/ismaelcolosi.com.br\/wp-content\/uploads\/2024\/05\/Copia-de-Copia-de-TAMANHO-EXATO-PARA-FOTOS-NO-SISTEMA-NOVO-58_2024-05-27_21-06-39_png_2024-05-27_21-06-39.webp.webp?fit=1200%2C675&ssl=1&resize=1050%2C600 3x"},"classes":[]},{"id":73522,"url":"https:\/\/ismaelcolosi.com.br\/index.php\/2024\/10\/27\/batida-envolve-carro-de-luxo-e-deixa-dois-feridos-na-francisco-junqueira-em-ribeirao\/","url_meta":{"origin":73854,"position":2},"title":"Batida envolve carro de luxo e deixa dois feridos na Francisco Junqueira em Ribeir\u00e3o","author":"ismaelcolosi.com.br","date":"27 de October de 2024","format":false,"excerpt":"Uma batida entre dois carros \u2013 um deles de luxo \u2013 deixou os motoristas dos ve\u00edculos feridos na manh\u00e3 deste domingo (27), na avenida Francisco Junqueira, em Ribeir\u00e3o Preto. Segundo informa\u00e7\u00f5es da PM (Pol\u00edcia Militar), o condutor de um carro Audi bateu atr\u00e1s de um Volkswagem Fox, na pista sentido\u2026","rel":"","context":"In &quot;Not\u00edcias de Ribeir\u00e3o Preto-SP e Regi\u00e3o&quot;","block_context":{"text":"Not\u00edcias de Ribeir\u00e3o Preto-SP e Regi\u00e3o","link":"https:\/\/ismaelcolosi.com.br\/index.php\/category\/noticias-de-ribeirao-preto-sp-e-regiao-ismael-colosi\/"},"img":{"alt_text":"","src":"https:\/\/i0.wp.com\/ismaelcolosi.com.br\/wp-content\/uploads\/2024\/10\/BATIDA_2024-10-27_14-18-56_jpg_2024-10-27_14-18-56.webp.webp?fit=1200%2C742&ssl=1&resize=350%2C200","width":350,"height":200,"srcset":"https:\/\/i0.wp.com\/ismaelcolosi.com.br\/wp-content\/uploads\/2024\/10\/BATIDA_2024-10-27_14-18-56_jpg_2024-10-27_14-18-56.webp.webp?fit=1200%2C742&ssl=1&resize=350%2C200 1x, https:\/\/i0.wp.com\/ismaelcolosi.com.br\/wp-content\/uploads\/2024\/10\/BATIDA_2024-10-27_14-18-56_jpg_2024-10-27_14-18-56.webp.webp?fit=1200%2C742&ssl=1&resize=525%2C300 1.5x, https:\/\/i0.wp.com\/ismaelcolosi.com.br\/wp-content\/uploads\/2024\/10\/BATIDA_2024-10-27_14-18-56_jpg_2024-10-27_14-18-56.webp.webp?fit=1200%2C742&ssl=1&resize=700%2C400 2x, https:\/\/i0.wp.com\/ismaelcolosi.com.br\/wp-content\/uploads\/2024\/10\/BATIDA_2024-10-27_14-18-56_jpg_2024-10-27_14-18-56.webp.webp?fit=1200%2C742&ssl=1&resize=1050%2C600 3x"},"classes":[]},{"id":53302,"url":"https:\/\/ismaelcolosi.com.br\/index.php\/2024\/06\/15\/morre-ciclista-atropelado-por-carro-na-francisco-junqueira-em-ribeirao-preto\/","url_meta":{"origin":73854,"position":3},"title":"Morre ciclista atropelado por carro na Francisco Junqueira em Ribeir\u00e3o Preto","author":"ismaelcolosi.com.br","date":"15 de June de 2024","format":false,"excerpt":"O ciclista atropelado por um carro na noite desta sexta-feira (14), na avenida Francisco Junqueira, morreu ap\u00f3s ter sido socorrido, em Ribeir\u00e3o Preto. Segundo o boletim de ocorr\u00eancia (BO), a v\u00edtima, identificada como Denas Aparecido de Souza, de 47 anos, foi parar embaixo do ve\u00edculo, na altura da liga\u00e7\u00e3o da\u2026","rel":"","context":"In &quot;Not\u00edcias de Ribeir\u00e3o Preto-SP e Regi\u00e3o&quot;","block_context":{"text":"Not\u00edcias de Ribeir\u00e3o Preto-SP e Regi\u00e3o","link":"https:\/\/ismaelcolosi.com.br\/index.php\/category\/noticias-de-ribeirao-preto-sp-e-regiao-ismael-colosi\/"},"img":{"alt_text":"","src":"https:\/\/i0.wp.com\/ismaelcolosi.com.br\/wp-content\/uploads\/2024\/06\/ACIDENTE-2_2024-06-15_13-40-38_jpg_2024-06-15_13-40-38.webp.webp?fit=1200%2C898&ssl=1&resize=350%2C200","width":350,"height":200,"srcset":"https:\/\/i0.wp.com\/ismaelcolosi.com.br\/wp-content\/uploads\/2024\/06\/ACIDENTE-2_2024-06-15_13-40-38_jpg_2024-06-15_13-40-38.webp.webp?fit=1200%2C898&ssl=1&resize=350%2C200 1x, https:\/\/i0.wp.com\/ismaelcolosi.com.br\/wp-content\/uploads\/2024\/06\/ACIDENTE-2_2024-06-15_13-40-38_jpg_2024-06-15_13-40-38.webp.webp?fit=1200%2C898&ssl=1&resize=525%2C300 1.5x, https:\/\/i0.wp.com\/ismaelcolosi.com.br\/wp-content\/uploads\/2024\/06\/ACIDENTE-2_2024-06-15_13-40-38_jpg_2024-06-15_13-40-38.webp.webp?fit=1200%2C898&ssl=1&resize=700%2C400 2x, https:\/\/i0.wp.com\/ismaelcolosi.com.br\/wp-content\/uploads\/2024\/06\/ACIDENTE-2_2024-06-15_13-40-38_jpg_2024-06-15_13-40-38.webp.webp?fit=1200%2C898&ssl=1&resize=1050%2C600 3x"},"classes":[]},{"id":71199,"url":"https:\/\/ismaelcolosi.com.br\/index.php\/2024\/10\/15\/arvore-de-grande-porte-cai-sobre-carro-em-movimento-em-avenida-de-ribeirao\/","url_meta":{"origin":73854,"position":4},"title":"\u00c1rvore de grande porte cai sobre carro em movimento em avenida de Ribeir\u00e3o","author":"ismaelcolosi.com.br","date":"15 de October de 2024","format":false,"excerpt":"Uma \u00e1rvore de grande porte caiu no in\u00edcio da noite desta segunda-feira (14) e atingiu um carro em movimento, na avenida Cost\u00e1bile Romano, em frente ao Parque Curupira, na zona Leste de Ribeir\u00e3o Preto. Apesar do susto e dos estragos, n\u00e3o houve feridos. O representante comercial Roberto Carlos de Castro,\u2026","rel":"","context":"In &quot;Not\u00edcias de Ribeir\u00e3o Preto-SP e Regi\u00e3o&quot;","block_context":{"text":"Not\u00edcias de Ribeir\u00e3o Preto-SP e Regi\u00e3o","link":"https:\/\/ismaelcolosi.com.br\/index.php\/category\/noticias-de-ribeirao-preto-sp-e-regiao-ismael-colosi\/"},"img":{"alt_text":"","src":"https:\/\/i0.wp.com\/ismaelcolosi.com.br\/wp-content\/uploads\/2024\/10\/WhatsApp-Image-2024-10-15-at-09.29.42_2024-10-15_14-35-49_jpeg_2024-10-15_14-35-49.webp.webp?fit=1200%2C900&ssl=1&resize=350%2C200","width":350,"height":200,"srcset":"https:\/\/i0.wp.com\/ismaelcolosi.com.br\/wp-content\/uploads\/2024\/10\/WhatsApp-Image-2024-10-15-at-09.29.42_2024-10-15_14-35-49_jpeg_2024-10-15_14-35-49.webp.webp?fit=1200%2C900&ssl=1&resize=350%2C200 1x, https:\/\/i0.wp.com\/ismaelcolosi.com.br\/wp-content\/uploads\/2024\/10\/WhatsApp-Image-2024-10-15-at-09.29.42_2024-10-15_14-35-49_jpeg_2024-10-15_14-35-49.webp.webp?fit=1200%2C900&ssl=1&resize=525%2C300 1.5x, https:\/\/i0.wp.com\/ismaelcolosi.com.br\/wp-content\/uploads\/2024\/10\/WhatsApp-Image-2024-10-15-at-09.29.42_2024-10-15_14-35-49_jpeg_2024-10-15_14-35-49.webp.webp?fit=1200%2C900&ssl=1&resize=700%2C400 2x, https:\/\/i0.wp.com\/ismaelcolosi.com.br\/wp-content\/uploads\/2024\/10\/WhatsApp-Image-2024-10-15-at-09.29.42_2024-10-15_14-35-49_jpeg_2024-10-15_14-35-49.webp.webp?fit=1200%2C900&ssl=1&resize=1050%2C600 3x"},"classes":[]},{"id":53273,"url":"https:\/\/ismaelcolosi.com.br\/index.php\/2024\/06\/14\/acidente-entre-carro-e-bicicleta-deixa-vitima-em-estado-grave-em-ribeirao-preto\/","url_meta":{"origin":73854,"position":5},"title":"Acidente entre carro e bicicleta deixa v\u00edtima em estado grave em Ribeir\u00e3o Preto","author":"ismaelcolosi.com.br","date":"14 de June de 2024","format":false,"excerpt":"Um acidente entre carro e bicicleta deixou uma v\u00edtima em estado grave, na noite desta sexta-feira (14), na avenida Francisco Junqueira, em Ribeir\u00e3o Preto. A colis\u00e3o ocorreu na altura do cruzamento da via com a rua Am\u00e9rico Brasiliense. De acordo com as informa\u00e7\u00f5es, o ciclista foi parar embaixo do ve\u00edculo.\u2026","rel":"","context":"In &quot;Not\u00edcias de Ribeir\u00e3o Preto-SP e Regi\u00e3o&quot;","block_context":{"text":"Not\u00edcias de Ribeir\u00e3o Preto-SP e Regi\u00e3o","link":"https:\/\/ismaelcolosi.com.br\/index.php\/category\/noticias-de-ribeirao-preto-sp-e-regiao-ismael-colosi\/"},"img":{"alt_text":"","src":"https:\/\/i0.wp.com\/ismaelcolosi.com.br\/wp-content\/uploads\/2024\/06\/WhatsApp-Image-2024-06-14-at-19.57.58_2024-06-14_23-01-10_jpeg_2024-06-14_23-01-10.webp.webp?fit=750%2C421&ssl=1&resize=350%2C200","width":350,"height":200,"srcset":"https:\/\/i0.wp.com\/ismaelcolosi.com.br\/wp-content\/uploads\/2024\/06\/WhatsApp-Image-2024-06-14-at-19.57.58_2024-06-14_23-01-10_jpeg_2024-06-14_23-01-10.webp.webp?fit=750%2C421&ssl=1&resize=350%2C200 1x, https:\/\/i0.wp.com\/ismaelcolosi.com.br\/wp-content\/uploads\/2024\/06\/WhatsApp-Image-2024-06-14-at-19.57.58_2024-06-14_23-01-10_jpeg_2024-06-14_23-01-10.webp.webp?fit=750%2C421&ssl=1&resize=525%2C300 1.5x, https:\/\/i0.wp.com\/ismaelcolosi.com.br\/wp-content\/uploads\/2024\/06\/WhatsApp-Image-2024-06-14-at-19.57.58_2024-06-14_23-01-10_jpeg_2024-06-14_23-01-10.webp.webp?fit=750%2C421&ssl=1&resize=700%2C400 2x"},"classes":[]}],"jetpack_sharing_enabled":true,"jetpack_shortlink":"https:\/\/wp.me\/pfMlyK-jdc","_links":{"self":[{"href":"https:\/\/ismaelcolosi.com.br\/index.php\/wp-json\/wp\/v2\/posts\/73854","targetHints":{"allow":["GET"]}}],"collection":[{"href":"https:\/\/ismaelcolosi.com.br\/index.php\/wp-json\/wp\/v2\/posts"}],"about":[{"href":"https:\/\/ismaelcolosi.com.br\/index.php\/wp-json\/wp\/v2\/types\/post"}],"author":[{"embeddable":true,"href":"https:\/\/ismaelcolosi.com.br\/index.php\/wp-json\/wp\/v2\/users\/1"}],"replies":[{"embeddable":true,"href":"https:\/\/ismaelcolosi.com.br\/index.php\/wp-json\/wp\/v2\/comments?post=73854"}],"version-history":[{"count":0,"href":"https:\/\/ismaelcolosi.com.br\/index.php\/wp-json\/wp\/v2\/posts\/73854\/revisions"}],"wp:featuredmedia":[{"embeddable":true,"href":"https:\/\/ismaelcolosi.com.br\/index.php\/wp-json\/wp\/v2\/media\/73855"}],"wp:attachment":[{"href":"https:\/\/ismaelcolosi.com.br\/index.php\/wp-json\/wp\/v2\/media?parent=73854"}],"wp:term":[{"taxonomy":"category","embeddable":true,"href":"https:\/\/ismaelcolosi.com.br\/index.php\/wp-json\/wp\/v2\/categories?post=73854"},{"taxonomy":"post_tag","embeddable":true,"href":"https:\/\/ismaelcolosi.com.br\/index.php\/wp-json\/wp\/v2\/tags?post=73854"}],"curies":[{"name":"wp","href":"https:\/\/api.w.org\/{rel}","templated":true}]}}