{"id":73845,"date":"2024-10-29T07:47:05","date_gmt":"2024-10-29T10:47:05","guid":{"rendered":"https:\/\/ismaelcolosi.com.br\/index.php\/2024\/10\/29\/interior-de-sp-segue-com-alerta-de-temporais-nesta-terca-veja-regioes\/"},"modified":"2024-10-29T07:47:05","modified_gmt":"2024-10-29T10:47:05","slug":"interior-de-sp-segue-com-alerta-de-temporais-nesta-terca-veja-regioes","status":"publish","type":"post","link":"https:\/\/ismaelcolosi.com.br\/index.php\/2024\/10\/29\/interior-de-sp-segue-com-alerta-de-temporais-nesta-terca-veja-regioes\/","title":{"rendered":"Interior de SP segue com alerta de temporais nesta ter\u00e7a; Veja regi\u00f5es"},"content":{"rendered":"<p> <br \/>\n<\/p>\n<div data-td-block-uid=\"tdi_106\">\n<div class=\"tdb-block-inner td-fix-index\">\n<p><strong>O interior de S\u00e3o Paulo continua sob alerta para pancadas de chuva e at\u00e9 ocorr\u00eancia de temporais nesta ter\u00e7a-feira (29).<\/strong><\/p>\n<ul>\n<li>O mapa da <a href=\"https:\/\/www.climatempo.com.br\/\" target=\"_blank\" rel=\"noreferrer noopener\">Climatempo <\/a>indica risco de temporais com raios e ventos de 70 km\/h na faixa vermelha,  que compreende a regi\u00e3o Nordeste do estado paulista.<\/li>\n<\/ul>\n<ul>\n<li>Na faixa amarela, que vai de Norte a Leste do estado, h\u00e1 possibilidade de chuva com moderada a forte intensidade, com ventos de 60 km\/h e raios.<\/li>\n<\/ul>\n<p><mark style=\"background-color:#fcb900\" class=\"has-inline-color has-black-color\">A Climatempo diz que a previs\u00e3o \u00e9 que a chuva se concentre entre a tarde e a noite nas regi\u00f5es de Ribeir\u00e3o Preto, S\u00e3o Carlos e Campinas.<\/mark> O <strong>sol<\/strong>, contudo, pode aparecer com varia\u00e7\u00e3o de <strong>nuvens <\/strong>ao longo do dia. <\/p>\n<p>As <strong>nuvens <\/strong>de <strong>chuva <\/strong>s\u00e3o estimuladas pela <strong>umidade <\/strong>causada pela <strong>alta press\u00e3o atmosf\u00e9rica <\/strong>e a <strong>circula\u00e7\u00e3o <\/strong>dos <strong>ventos<\/strong>.<\/p>\n<figure class=\"wp-block-image\"><img data-recalc-dims=\"1\" loading=\"lazy\" decoding=\"async\" width=\"1205\" height=\"621\" src=\"https:\/\/i0.wp.com\/www.acidadeon.com\/ribeiraopreto\/wp-content\/uploads\/sites\/3\/2024\/10\/MAPA-CLIMATEMPO_2024-10-29_10-11-25_jpg_2024-10-29_10-11-25.webp?resize=1205%2C621&#038;ssl=1\" alt=\"mapa chuva estado de S\u00e3o Paulo\" class=\"wp-image-97984\" srcset=\"https:\/\/www.acidadeon.com\/ribeiraopreto\/wp-content\/uploads\/sites\/3\/2024\/10\/MAPA-CLIMATEMPO_2024-10-29_10-11-25_jpg_2024-10-29_10-11-25.webp 1205w, https:\/\/www.acidadeon.com\/ribeiraopreto\/wp-content\/uploads\/sites\/3\/2024\/10\/MAPA-CLIMATEMPO_2024-10-29_10-11-25_jpg_2024-10-29_10-11-25-300x155.webp 300w, https:\/\/www.acidadeon.com\/ribeiraopreto\/wp-content\/uploads\/sites\/3\/2024\/10\/MAPA-CLIMATEMPO_2024-10-29_10-11-25_jpg_2024-10-29_10-11-25-1024x528.webp 1024w, https:\/\/www.acidadeon.com\/ribeiraopreto\/wp-content\/uploads\/sites\/3\/2024\/10\/MAPA-CLIMATEMPO_2024-10-29_10-11-25_jpg_2024-10-29_10-11-25-768x396.webp 768w, https:\/\/www.acidadeon.com\/ribeiraopreto\/wp-content\/uploads\/sites\/3\/2024\/10\/MAPA-CLIMATEMPO_2024-10-29_10-11-25_jpg_2024-10-29_10-11-25-696x359.webp 696w, https:\/\/www.acidadeon.com\/ribeiraopreto\/wp-content\/uploads\/sites\/3\/2024\/10\/MAPA-CLIMATEMPO_2024-10-29_10-11-25_jpg_2024-10-29_10-11-25-1068x550.webp 1068w\" sizes=\"auto, (max-width: 1205px) 100vw, 1205px\"\/><figcaption class=\"wp-element-caption\">Reprodu\u00e7\u00e3o \/ Climatempo<\/figcaption><\/figure>\n<h2 class=\"wp-block-heading\"><strong>Veja a previs\u00e3o do tempo em Ribeir\u00e3o Preto:<\/strong><\/h2>\n<p>20\u00b0C \/ 28\u00b0C<\/p>\n<p>Sol com muitas nuvens e chuva passageira durante o dia. \u00c0 noite o tempo fica firme.<\/p>\n<p>Chuva: 3,6 mm \/ 89%<\/p>\n<p>Umidade do ar: 64% \/ 96%<\/p>\n<p>19\u00b0C \/ 29\u00b0C<\/p>\n<p>Dia de sol com algumas nuvens e n\u00e9voa ao amanhecer. Noite com poucas nuvens.<\/p>\n<p>Chuva: 0 mm \/ 62%<\/p>\n<p>Umidade do ar: 52% \/ 93%<\/p>\n<p>19\u00b0C \/ 29\u00b0C<\/p>\n<p>Sol com aumento de nuvens ao longo do dia. \u00c0 noite ocorrem pancadas de chuva.<\/p>\n<p>Chuva: 0,1 mm \/ 57%<\/p>\n<p>Umidade do ar: 52% \/ 80%<\/p>\n<p>20\u00b0C \/ 30\u00b0C<\/p>\n<p>Sol com muitas nuvens durante o dia e per\u00edodos de c\u00e9u nublado. Noite com muitas nuvens.<\/p>\n<p>Chuva: 0 mm \/ 73%<\/p>\n<p>Umidade do ar: 52% \/ 82%<\/p>\n<p>21\u00b0C \/ 29\u00b0C<\/p>\n<p>C\u00e9u nubaldo com possibilidade de garoa o dia todo. Chove \u00e0 noite.<\/p>\n<p>Chuva: 7,3 mm \/ 77%<\/p>\n<p>Umidade do ar: 56% \/ 96%<\/p>\n<p>20\u00b0C \/ 24\u00b0C<\/p>\n<p>C\u00e9u nubaldo com possibilidade de garoa de dia e \u00e0 noite.<\/p>\n<p>Chuva: 18,8 mm \/ 80%<\/p>\n<p>Umidade do ar: 82% \/ 97%<\/p>\n<p>Fonte: Climatempo<\/p>\n<p>SAIBA MAIS<\/p>\n<p>O que se sabe sobre possibilidade do Trem Intercidades em Ribeir\u00e3o Preto<\/p>\n<h4 class=\"wp-block-heading\"><strong>FIQUE ON<\/strong><\/h4>\n<p>Fique ligado em tudo que acontece em Ribeir\u00e3o Preto e regi\u00e3o. Siga os perfis do\u00a0<strong><a href=\"https:\/\/www.instagram.com\/acidadeonribeirao\/\" target=\"_blank\" rel=\"noreferrer noopener\">acidade on<\/a><\/strong>\u00a0no\u00a0<a href=\"https:\/\/www.instagram.com\/acidadeonribeirao\/\" target=\"_blank\" rel=\"noreferrer noopener\">Instagram\u00a0<\/a>e no\u00a0<a href=\"https:\/\/web.facebook.com\/acidadeonribeirao\" target=\"_blank\" rel=\"noreferrer noopener\">Facebook<\/a>.<\/p>\n<p>Receba not\u00edcias do\u00a0<strong>acidade on<\/strong>\u00a0no WhatsApp.\u00a0<a href=\"https:\/\/chat.whatsapp.com\/Fg4ok3aAVyB59DP63pRapr\" target=\"_blank\" rel=\"noreferrer noopener\">Para entrar no grupo, basta clicar aqui.<\/a><\/p>\n<p>Fa\u00e7a uma den\u00fancia ou sugira uma reportagem sobre Ribeir\u00e3o Preto e regi\u00e3o pelo WhatsApp: 16 99117 7802.<\/p>\n<p>VEJA TAMB\u00c9M<\/p>\n<p>Quais s\u00e3o os feriados de novembro?<\/p>\n<p><!-- CONTENT END 1 -->\n<\/div>\n<\/div>\n<p><script async src=\"\/\/www.instagram.com\/embed.js\"><\/script><br \/>\n<br \/><br \/>\n<br \/><a href=\"https:\/\/www.acidadeon.com\/ribeiraopreto\/cotidiano\/interior-de-sp-segue-com-alerta-de-temporais-nesta-terca-veja-regioes\/\">Source link <\/a><\/p>\n","protected":false},"excerpt":{"rendered":"<p>O interior de S\u00e3o Paulo continua sob alerta para pancadas de chuva e at\u00e9 ocorr\u00eancia de temporais nesta ter\u00e7a-feira (29). O mapa da Climatempo indica&#8230;<\/p>\n","protected":false},"author":1,"featured_media":73846,"comment_status":"open","ping_status":"open","sticky":false,"template":"","format":"standard","meta":{"_uag_custom_page_level_css":"","advanced_seo_description":"","jetpack_seo_html_title":"","jetpack_seo_noindex":false,"jetpack_post_was_ever_published":false,"_jetpack_newsletter_access":"","_jetpack_dont_email_post_to_subs":false,"_jetpack_newsletter_tier_id":0,"_jetpack_memberships_contains_paywalled_content":false,"_jetpack_memberships_contains_paid_content":false,"footnotes":"","jetpack_publicize_message":"","jetpack_publicize_feature_enabled":true,"jetpack_social_post_already_shared":true,"jetpack_social_options":{"image_generator_settings":{"template":"highway","default_image_id":0,"font":"","enabled":false},"version":2}},"categories":[11],"tags":[],"class_list":["post-73845","post","type-post","status-publish","format-standard","has-post-thumbnail","hentry","category-noticias-de-ribeirao-preto-sp-e-regiao-ismael-colosi"],"jetpack_publicize_connections":[],"jetpack_featured_media_url":"https:\/\/i0.wp.com\/ismaelcolosi.com.br\/wp-content\/uploads\/2024\/10\/WhatsApp-Image-2024-02-21-at-07.07.05.jpeg?fit=1599%2C830&ssl=1","uagb_featured_image_src":{"full":["https:\/\/i0.wp.com\/ismaelcolosi.com.br\/wp-content\/uploads\/2024\/10\/WhatsApp-Image-2024-02-21-at-07.07.05.jpeg?fit=1599%2C830&ssl=1",1599,830,false],"thumbnail":["https:\/\/i0.wp.com\/ismaelcolosi.com.br\/wp-content\/uploads\/2024\/10\/WhatsApp-Image-2024-02-21-at-07.07.05.jpeg?resize=150%2C150&ssl=1",150,150,true],"medium":["https:\/\/i0.wp.com\/ismaelcolosi.com.br\/wp-content\/uploads\/2024\/10\/WhatsApp-Image-2024-02-21-at-07.07.05.jpeg?fit=300%2C156&ssl=1",300,156,true],"medium_large":["https:\/\/i0.wp.com\/ismaelcolosi.com.br\/wp-content\/uploads\/2024\/10\/WhatsApp-Image-2024-02-21-at-07.07.05.jpeg?fit=768%2C399&ssl=1",768,399,true],"large":["https:\/\/i0.wp.com\/ismaelcolosi.com.br\/wp-content\/uploads\/2024\/10\/WhatsApp-Image-2024-02-21-at-07.07.05.jpeg?fit=1024%2C532&ssl=1",1024,532,true],"1536x1536":["https:\/\/i0.wp.com\/ismaelcolosi.com.br\/wp-content\/uploads\/2024\/10\/WhatsApp-Image-2024-02-21-at-07.07.05.jpeg?fit=1536%2C797&ssl=1",1536,797,true],"2048x2048":["https:\/\/i0.wp.com\/ismaelcolosi.com.br\/wp-content\/uploads\/2024\/10\/WhatsApp-Image-2024-02-21-at-07.07.05.jpeg?fit=1599%2C830&ssl=1",1599,830,true],"really-simple-thumb":["https:\/\/i0.wp.com\/ismaelcolosi.com.br\/wp-content\/uploads\/2024\/10\/WhatsApp-Image-2024-02-21-at-07.07.05.jpeg?resize=370%2C247&ssl=1",370,247,true]},"uagb_author_info":{"display_name":"ismaelcolosi.com.br","author_link":"https:\/\/ismaelcolosi.com.br\/index.php\/author\/vidareal-online\/"},"uagb_comment_info":0,"uagb_excerpt":"O interior de S\u00e3o Paulo continua sob alerta para pancadas de chuva e at\u00e9 ocorr\u00eancia de temporais nesta ter\u00e7a-feira (29). O mapa da Climatempo indica...","jetpack-related-posts":[{"id":12569,"url":"https:\/\/ismaelcolosi.com.br\/index.php\/2023\/12\/08\/frente-fria-avanca-e-deixa-interior-de-sp-em-alerta-para-temporais-nesta-sexta\/","url_meta":{"origin":73845,"position":0},"title":"Frente fria avan\u00e7a e deixa interior de SP em alerta para temporais nesta sexta","author":"ismaelcolosi.com.br","date":"8 de December de 2023","format":false,"excerpt":"A passagem de uma frente fria, o ar quente e a umidade estimulam a forma\u00e7\u00e3o de nuvens carregadas nesta sexta-feira (8), que podem provocar temporais no interior de S\u00e3o Paulo. Segundo o Climatempo, o sol aparece, o ar fica abafado e h\u00e1 previs\u00e3o de pancadas de chuva com raios, principalmente\u2026","rel":"","context":"In &quot;Not\u00edcias de Ribeir\u00e3o Preto-SP e Regi\u00e3o&quot;","block_context":{"text":"Not\u00edcias de Ribeir\u00e3o Preto-SP e Regi\u00e3o","link":"https:\/\/ismaelcolosi.com.br\/index.php\/category\/noticias-de-ribeirao-preto-sp-e-regiao-ismael-colosi\/"},"img":{"alt_text":"","src":"https:\/\/i0.wp.com\/ismaelcolosi.com.br\/wp-content\/uploads\/2023\/12\/1702037593_WhatsApp-Image-2023-11-24-at-11.08.54.jpeg?fit=1200%2C523&ssl=1&resize=350%2C200","width":350,"height":200,"srcset":"https:\/\/i0.wp.com\/ismaelcolosi.com.br\/wp-content\/uploads\/2023\/12\/1702037593_WhatsApp-Image-2023-11-24-at-11.08.54.jpeg?fit=1200%2C523&ssl=1&resize=350%2C200 1x, https:\/\/i0.wp.com\/ismaelcolosi.com.br\/wp-content\/uploads\/2023\/12\/1702037593_WhatsApp-Image-2023-11-24-at-11.08.54.jpeg?fit=1200%2C523&ssl=1&resize=525%2C300 1.5x, https:\/\/i0.wp.com\/ismaelcolosi.com.br\/wp-content\/uploads\/2023\/12\/1702037593_WhatsApp-Image-2023-11-24-at-11.08.54.jpeg?fit=1200%2C523&ssl=1&resize=700%2C400 2x, https:\/\/i0.wp.com\/ismaelcolosi.com.br\/wp-content\/uploads\/2023\/12\/1702037593_WhatsApp-Image-2023-11-24-at-11.08.54.jpeg?fit=1200%2C523&ssl=1&resize=1050%2C600 3x"},"classes":[]},{"id":45981,"url":"https:\/\/ismaelcolosi.com.br\/index.php\/2024\/04\/09\/interior-de-sp-tem-alerta-de-temporais-nesta-terca-feira-confira-a-previsao\/","url_meta":{"origin":73845,"position":1},"title":"Interior de SP tem alerta de temporais nesta ter\u00e7a-feira; Confira a previs\u00e3o","author":"ismaelcolosi.com.br","date":"9 de April de 2024","format":false,"excerpt":"O interior de S\u00e3o Paulo tem previs\u00e3o de pancadas de chuva e alerta de temporais nesta ter\u00e7a-feira (9). Segundo a Climatempo, a circula\u00e7\u00e3o de ventos e a presen\u00e7a de um cavado meteorol\u00f3gico ajudam a transportar umidade para estado paulista. Na regi\u00e3o de Ribeir\u00e3o Preto est\u00e3o previstas pancadas de chuva hoje,\u2026","rel":"","context":"In &quot;Not\u00edcias de Ribeir\u00e3o Preto-SP e Regi\u00e3o&quot;","block_context":{"text":"Not\u00edcias de Ribeir\u00e3o Preto-SP e Regi\u00e3o","link":"https:\/\/ismaelcolosi.com.br\/index.php\/category\/noticias-de-ribeirao-preto-sp-e-regiao-ismael-colosi\/"},"img":{"alt_text":"","src":"https:\/\/i0.wp.com\/ismaelcolosi.com.br\/wp-content\/uploads\/2024\/04\/WhatsApp-Image-2024-04-09-at-07.20.27.jpeg?fit=1200%2C541&ssl=1&resize=350%2C200","width":350,"height":200,"srcset":"https:\/\/i0.wp.com\/ismaelcolosi.com.br\/wp-content\/uploads\/2024\/04\/WhatsApp-Image-2024-04-09-at-07.20.27.jpeg?fit=1200%2C541&ssl=1&resize=350%2C200 1x, https:\/\/i0.wp.com\/ismaelcolosi.com.br\/wp-content\/uploads\/2024\/04\/WhatsApp-Image-2024-04-09-at-07.20.27.jpeg?fit=1200%2C541&ssl=1&resize=525%2C300 1.5x, https:\/\/i0.wp.com\/ismaelcolosi.com.br\/wp-content\/uploads\/2024\/04\/WhatsApp-Image-2024-04-09-at-07.20.27.jpeg?fit=1200%2C541&ssl=1&resize=700%2C400 2x, https:\/\/i0.wp.com\/ismaelcolosi.com.br\/wp-content\/uploads\/2024\/04\/WhatsApp-Image-2024-04-09-at-07.20.27.jpeg?fit=1200%2C541&ssl=1&resize=1050%2C600 3x"},"classes":[]},{"id":72714,"url":"https:\/\/ismaelcolosi.com.br\/index.php\/2024\/10\/23\/frente-fria-aumenta-risco-de-temporais-no-estado-de-sp-veja-previsao\/","url_meta":{"origin":73845,"position":2},"title":"Frente fria aumenta risco de temporais no estado de SP; Veja previs\u00e3o","author":"ismaelcolosi.com.br","date":"23 de October de 2024","format":false,"excerpt":"O risco de temporais aumenta nesta quarta-feira (23), no estado de S\u00e3o Paulo. Segundo a Climatempo, h\u00e1 alerta para as regi\u00f5es Centro-Sul e Leste do estado. J\u00e1 nas regi\u00f5es do Centro-Norte, Noroeste e Oeste podem ocorrer pancadas fortes com raios e ventos entre 51 km\/h a 70 km\/h. \u201cA passagem\u2026","rel":"","context":"In &quot;Not\u00edcias de Ribeir\u00e3o Preto-SP e Regi\u00e3o&quot;","block_context":{"text":"Not\u00edcias de Ribeir\u00e3o Preto-SP e Regi\u00e3o","link":"https:\/\/ismaelcolosi.com.br\/index.php\/category\/noticias-de-ribeirao-preto-sp-e-regiao-ismael-colosi\/"},"img":{"alt_text":"","src":"https:\/\/i0.wp.com\/ismaelcolosi.com.br\/wp-content\/uploads\/2024\/07\/RIBEIRAO-PRETO_2024-07-29_16-25-16_jpg_2024-07-29_16-25-17.webp.webp?fit=1200%2C679&ssl=1&resize=350%2C200","width":350,"height":200,"srcset":"https:\/\/i0.wp.com\/ismaelcolosi.com.br\/wp-content\/uploads\/2024\/07\/RIBEIRAO-PRETO_2024-07-29_16-25-16_jpg_2024-07-29_16-25-17.webp.webp?fit=1200%2C679&ssl=1&resize=350%2C200 1x, https:\/\/i0.wp.com\/ismaelcolosi.com.br\/wp-content\/uploads\/2024\/07\/RIBEIRAO-PRETO_2024-07-29_16-25-16_jpg_2024-07-29_16-25-17.webp.webp?fit=1200%2C679&ssl=1&resize=525%2C300 1.5x, https:\/\/i0.wp.com\/ismaelcolosi.com.br\/wp-content\/uploads\/2024\/07\/RIBEIRAO-PRETO_2024-07-29_16-25-16_jpg_2024-07-29_16-25-17.webp.webp?fit=1200%2C679&ssl=1&resize=700%2C400 2x, https:\/\/i0.wp.com\/ismaelcolosi.com.br\/wp-content\/uploads\/2024\/07\/RIBEIRAO-PRETO_2024-07-29_16-25-16_jpg_2024-07-29_16-25-17.webp.webp?fit=1200%2C679&ssl=1&resize=1050%2C600 3x"},"classes":[]},{"id":73168,"url":"https:\/\/ismaelcolosi.com.br\/index.php\/2024\/10\/25\/interior-de-sp-tem-alerta-para-risco-de-novos-temporais-veja-previsao\/","url_meta":{"origin":73845,"position":3},"title":"Interior de SP tem alerta para risco de novos temporais; Veja previs\u00e3o","author":"ismaelcolosi.com.br","date":"25 de October de 2024","format":false,"excerpt":"O avan\u00e7o de uma frente fria deve refor\u00e7ar as instabilidades sobre o interior de S\u00e3o Paulo nesta sexta-feira (25). Segundo a Climatempo, as regi\u00f5es de Ribeir\u00e3o Preto, S\u00e3o Carlos e Campinas est\u00e3o em alerta para temporais localizados, que podem ocorrer com fortes rajadas de vento, raios e granizo. O tempo\u2026","rel":"","context":"In &quot;Not\u00edcias de Ribeir\u00e3o Preto-SP e Regi\u00e3o&quot;","block_context":{"text":"Not\u00edcias de Ribeir\u00e3o Preto-SP e Regi\u00e3o","link":"https:\/\/ismaelcolosi.com.br\/index.php\/category\/noticias-de-ribeirao-preto-sp-e-regiao-ismael-colosi\/"},"img":{"alt_text":"","src":"https:\/\/i0.wp.com\/ismaelcolosi.com.br\/wp-content\/uploads\/2024\/10\/1729852723_WhatsApp-Image-2024-02-15-at-08.13.35-1.jpeg?fit=1200%2C540&ssl=1&resize=350%2C200","width":350,"height":200,"srcset":"https:\/\/i0.wp.com\/ismaelcolosi.com.br\/wp-content\/uploads\/2024\/10\/1729852723_WhatsApp-Image-2024-02-15-at-08.13.35-1.jpeg?fit=1200%2C540&ssl=1&resize=350%2C200 1x, https:\/\/i0.wp.com\/ismaelcolosi.com.br\/wp-content\/uploads\/2024\/10\/1729852723_WhatsApp-Image-2024-02-15-at-08.13.35-1.jpeg?fit=1200%2C540&ssl=1&resize=525%2C300 1.5x, https:\/\/i0.wp.com\/ismaelcolosi.com.br\/wp-content\/uploads\/2024\/10\/1729852723_WhatsApp-Image-2024-02-15-at-08.13.35-1.jpeg?fit=1200%2C540&ssl=1&resize=700%2C400 2x, https:\/\/i0.wp.com\/ismaelcolosi.com.br\/wp-content\/uploads\/2024\/10\/1729852723_WhatsApp-Image-2024-02-15-at-08.13.35-1.jpeg?fit=1200%2C540&ssl=1&resize=1050%2C600 3x"},"classes":[]},{"id":8267,"url":"https:\/\/ismaelcolosi.com.br\/index.php\/2023\/11\/29\/veja-se-o-risco-de-temporais-continua-no-interior-de-sao-paulo\/","url_meta":{"origin":73845,"position":4},"title":"Veja se o risco de temporais continua no interior de S\u00e3o Paulo","author":"ismaelcolosi.com.br","date":"29 de November de 2023","format":false,"excerpt":"As regi\u00f5es norte e leste do interior de S\u00e3o Paulo continuam com o risco de chuvas e temporais nesta quinta-feira (30), segundo a Climatempo. Os meteorologistas informam que as nuvens carregadas foram ocasionadas por uma baixa press\u00e3o atmosf\u00e9rica em alto mar, aumentando a nebulosidade no estado. De acordo com o\u2026","rel":"","context":"In &quot;Not\u00edcias de Ribeir\u00e3o Preto-SP e Regi\u00e3o&quot;","block_context":{"text":"Not\u00edcias de Ribeir\u00e3o Preto-SP e Regi\u00e3o","link":"https:\/\/ismaelcolosi.com.br\/index.php\/category\/noticias-de-ribeirao-preto-sp-e-regiao-ismael-colosi\/"},"img":{"alt_text":"","src":"https:\/\/i0.wp.com\/ismaelcolosi.com.br\/wp-content\/uploads\/2023\/11\/1701296170_chuva_temporal_1024x576_07012021130023.jpg?fit=1024%2C575&ssl=1&resize=350%2C200","width":350,"height":200,"srcset":"https:\/\/i0.wp.com\/ismaelcolosi.com.br\/wp-content\/uploads\/2023\/11\/1701296170_chuva_temporal_1024x576_07012021130023.jpg?fit=1024%2C575&ssl=1&resize=350%2C200 1x, https:\/\/i0.wp.com\/ismaelcolosi.com.br\/wp-content\/uploads\/2023\/11\/1701296170_chuva_temporal_1024x576_07012021130023.jpg?fit=1024%2C575&ssl=1&resize=525%2C300 1.5x, https:\/\/i0.wp.com\/ismaelcolosi.com.br\/wp-content\/uploads\/2023\/11\/1701296170_chuva_temporal_1024x576_07012021130023.jpg?fit=1024%2C575&ssl=1&resize=700%2C400 2x"},"classes":[]},{"id":54387,"url":"https:\/\/ismaelcolosi.com.br\/index.php\/2024\/06\/25\/frente-fria-pode-trazer-chuva-ao-estado-de-sp-nesta-terca-veja-as-regioes\/","url_meta":{"origin":73845,"position":5},"title":"Frente fria pode trazer chuva ao estado de SP nesta ter\u00e7a; Veja as regi\u00f5es","author":"ismaelcolosi.com.br","date":"25 de June de 2024","format":false,"excerpt":"A passagem de uma frente fria pode provocar uma virada no tempo nesta ter\u00e7a-feira (25) em parte do estado de S\u00e3o Paulo. Segundo a Climatempo, este sistema deixa o Litoral paulista em alerta para temporais. Para a Capital e a Grande S\u00e3o Paulo, a previs\u00e3o \u00e9 de tempo nublado e\u2026","rel":"","context":"In &quot;Not\u00edcias de Ribeir\u00e3o Preto-SP e Regi\u00e3o&quot;","block_context":{"text":"Not\u00edcias de Ribeir\u00e3o Preto-SP e Regi\u00e3o","link":"https:\/\/ismaelcolosi.com.br\/index.php\/category\/noticias-de-ribeirao-preto-sp-e-regiao-ismael-colosi\/"},"img":{"alt_text":"","src":"https:\/\/i0.wp.com\/ismaelcolosi.com.br\/wp-content\/uploads\/2024\/06\/chuva.jpeg?fit=1200%2C903&ssl=1&resize=350%2C200","width":350,"height":200,"srcset":"https:\/\/i0.wp.com\/ismaelcolosi.com.br\/wp-content\/uploads\/2024\/06\/chuva.jpeg?fit=1200%2C903&ssl=1&resize=350%2C200 1x, https:\/\/i0.wp.com\/ismaelcolosi.com.br\/wp-content\/uploads\/2024\/06\/chuva.jpeg?fit=1200%2C903&ssl=1&resize=525%2C300 1.5x, https:\/\/i0.wp.com\/ismaelcolosi.com.br\/wp-content\/uploads\/2024\/06\/chuva.jpeg?fit=1200%2C903&ssl=1&resize=700%2C400 2x, https:\/\/i0.wp.com\/ismaelcolosi.com.br\/wp-content\/uploads\/2024\/06\/chuva.jpeg?fit=1200%2C903&ssl=1&resize=1050%2C600 3x"},"classes":[]}],"jetpack_sharing_enabled":true,"jetpack_shortlink":"https:\/\/wp.me\/pfMlyK-jd3","_links":{"self":[{"href":"https:\/\/ismaelcolosi.com.br\/index.php\/wp-json\/wp\/v2\/posts\/73845","targetHints":{"allow":["GET"]}}],"collection":[{"href":"https:\/\/ismaelcolosi.com.br\/index.php\/wp-json\/wp\/v2\/posts"}],"about":[{"href":"https:\/\/ismaelcolosi.com.br\/index.php\/wp-json\/wp\/v2\/types\/post"}],"author":[{"embeddable":true,"href":"https:\/\/ismaelcolosi.com.br\/index.php\/wp-json\/wp\/v2\/users\/1"}],"replies":[{"embeddable":true,"href":"https:\/\/ismaelcolosi.com.br\/index.php\/wp-json\/wp\/v2\/comments?post=73845"}],"version-history":[{"count":0,"href":"https:\/\/ismaelcolosi.com.br\/index.php\/wp-json\/wp\/v2\/posts\/73845\/revisions"}],"wp:featuredmedia":[{"embeddable":true,"href":"https:\/\/ismaelcolosi.com.br\/index.php\/wp-json\/wp\/v2\/media\/73846"}],"wp:attachment":[{"href":"https:\/\/ismaelcolosi.com.br\/index.php\/wp-json\/wp\/v2\/media?parent=73845"}],"wp:term":[{"taxonomy":"category","embeddable":true,"href":"https:\/\/ismaelcolosi.com.br\/index.php\/wp-json\/wp\/v2\/categories?post=73845"},{"taxonomy":"post_tag","embeddable":true,"href":"https:\/\/ismaelcolosi.com.br\/index.php\/wp-json\/wp\/v2\/tags?post=73845"}],"curies":[{"name":"wp","href":"https:\/\/api.w.org\/{rel}","templated":true}]}}