{"id":73843,"date":"2024-10-29T06:26:41","date_gmt":"2024-10-29T09:26:41","guid":{"rendered":"https:\/\/ismaelcolosi.com.br\/index.php\/2024\/10\/29\/como-ter-uma-comunicacao-melhor-veja-estrategia-de-steve-jobs\/"},"modified":"2024-10-29T06:26:41","modified_gmt":"2024-10-29T09:26:41","slug":"como-ter-uma-comunicacao-melhor-veja-estrategia-de-steve-jobs","status":"publish","type":"post","link":"https:\/\/ismaelcolosi.com.br\/index.php\/2024\/10\/29\/como-ter-uma-comunicacao-melhor-veja-estrategia-de-steve-jobs\/","title":{"rendered":"Como ter uma comunica\u00e7\u00e3o melhor? Veja estrat\u00e9gia de Steve Jobs"},"content":{"rendered":"<p> <br \/>\n<\/p>\n<div>\n<p>\u00a0<\/p>\n<div class=\"accessibility\">\n<p>Acessibilidade<\/p>\n<p>&#13;<br \/>\n\t\t\t<button onclick=\"alterFont1()\" id=\"btn1\" class=\"btn\">L<\/button>&#13;<br \/>\n\t\t\t<button onclick=\"alterFont2()\" id=\"btn2\" class=\"btn\" style=\"font-family:Merriweather\">L<\/button>&#13;<br \/>\n\t\t\t<button onclick=\"alterFontSmallerSize()\" id=\"btn3\" class=\"btn\">A-<\/button>&#13;<br \/>\n\t\t\t<button onclick=\"alterFontBiggerSize()\" id=\"btn4\" class=\"btn\">A+<\/button>&#13;<br \/>\n\t\t\t<!--<button onclick='alterFontBolder()' id='btn5' class=\"btn\" >B<\/button>-->&#13;<br \/>\n\t\t\t<button onclick=\"alterBackground()\" id=\"btn6\" class=\"btn\">\u25d0<\/button>&#13;<br \/>\n\t\t\t<!--<button onclick='clean()' id='btn7' class=\"btn\" >Limpar<\/button>-->&#13;\n\t\t<\/p>\n<\/p><\/div>\n<p>\u00a0<\/p>\n<p>Participar de uma conversa, concordar com a cabe\u00e7a e sair sem entender nada \u00e9 mais comum do que voc\u00ea imagina. \u00c0s vezes, isso se deve \u00e0 falta de clareza, a uma tentativa de tornar as coisas mais importantes do que realmente s\u00e3o, ou apenas \u00e0s nossas pr\u00f3prias suposi\u00e7\u00f5es atrapalhando a comunica\u00e7\u00e3o. Essa confus\u00e3o pode gerar problemas maiores, especialmente no trabalho, onde a clareza \u00e9 fundamental.<\/p>\n<p>Ent\u00e3o, como estabelecer uma melhor comunica\u00e7\u00e3o? \u00c9 simples: <strong>pare de fingir que entendeu se n\u00e3o entendeu<\/strong>. Mesmo que ache que entendeu, pare de supor e comece a reformular o que ouviu. Essa \u00e9 uma habilidade que funciona t\u00e3o bem no escrit\u00f3rio quanto na sala de aula.<\/p>\n<section>\n<h2>Leia tamb\u00e9m<\/h2>\n<\/section>\n<div id=\"attachment_642867\" class=\"wp-caption alignnone style=\" max-width:=\"\"><img data-recalc-dims=\"1\" fetchpriority=\"high\" decoding=\"async\" class=\"alignnone wp-image-642867 size-full\" src=\"https:\/\/i0.wp.com\/forbes.com.br\/wp-content\/uploads\/2024\/10\/carreira-comunicacao-768x512.jpg?resize=678%2C452&#038;ssl=1\" alt=\"comunica\u00e7\u00e3o\" width=\"678\" height=\"452\"\/><\/p>\n<p>Getty Images<\/p>\n<p class=\"wp-caption-text\">Questionar e reformular o que voc\u00ea ouve \u00e9 um passo simples para melhorar a comunica\u00e7\u00e3o e construir confian\u00e7a<\/p>\n<\/div>\n<p>Todos n\u00f3s fazemos isso \u2014 completamos as lacunas com o que achamos que sabemos. Talvez por medo de admitir que n\u00e3o captamos tudo ou por presumir que acertamos. Mas as suposi\u00e7\u00f5es levam a diversos tipos de mal-entendidos. De acordo com uma <a href=\"https:\/\/hbr.org\/2024\/05\/the-art-of-asking-smarter-questions\" target=\"_blank\" rel=\"noopener\">pesquisa da Harvard Business Review<\/a>, n\u00e3o entendemos direito porque pulamos para conclus\u00f5es em vez de esclarecer o que realmente est\u00e1 sendo dito.<\/p>\n<p>Um conselho? Reserve um momento para refletir e repetir o que ouviu com suas pr\u00f3prias palavras. \u00c9 como um \u201cEntendi direito?\u201d que evita problemas depois.<\/p>\n<h3>Parafrasear para entender<\/h3>\n<p>Quando alguns alunos leem um trecho de um texto e s\u00e3o questionados sobre o que ele significa, eles repetem quase palavra por palavra. Claro, est\u00e3o relembrando o que leram. Mas ser\u00e1 que entenderam de verdade? Provavelmente n\u00e3o.<\/p>\n<p>Por isso, \u00e9 uma boa ideia insistir para que eles parafraseiem, ou expliquem com as pr\u00f3prias palavras. Isso mostra que realmente absorveram o conte\u00fado em vez de apenas reproduzir o que leram sem entender. E n\u00e3o \u00e9 s\u00f3 um truque de sala de aula. Pessoas se animam quando finalmente \u201centendem\u201d algo, porque reformularam de uma maneira que faz sentido para elas.<\/p>\n<h3>Questione at\u00e9 fazer sentido<\/h3>\n<p>Na pr\u00f3xima vez que estiver em uma reuni\u00e3o e algu\u00e9m apresentar um plano, em vez de apenas concordar com a cabe\u00e7a e fingir que entendeu, experimente isso: \u201cEnt\u00e3o, o que estou entendendo \u00e9 que precisamos mudar nosso foco de marketing para plataformas que favorecem v\u00eddeos curtos. \u00c9 isso?\u201d<\/p>\n<p>\u00c9 um ajuste pequeno, mas muda tudo. Agora, voc\u00ea n\u00e3o \u00e9 apenas um ouvinte passivo, e sim uma parte ativa da conversa. Al\u00e9m disso, voc\u00ea d\u00e1 \u00e0 outra pessoa a chance de dizer \u201cExatamente!\u201d ou \u201cN\u00e3o exatamente, deixe-me esclarecer\u201d. \u00c9 assim que se constr\u00f3i confian\u00e7a.<\/p>\n<h3>Por que supomos em vez de fazer perguntas?<\/h3>\n<p>Suposi\u00e7\u00f5es matam a curiosidade. Evitamos fazer perguntas porque temos medo de parecer desinformados ou assumimos que sabemos algo que, na verdade, n\u00e3o sabemos. Ent\u00e3o, acenamos e sorrimos, esperando que ningu\u00e9m perceba que estamos completamente perdidos. Mas esse medo de fazer perguntas \u00e9 uma barreira a ser superada para, ent\u00e3o, poder aprender, crescer e ter boas ideias.<\/p>\n<h3>A estrat\u00e9gia de comunica\u00e7\u00e3o de Steve Jobs<\/h3>\n<p><strong>Steve Jobs<\/strong>, o fundador da Apple,\u00a0era conhecido por ser um \u00f3timo comunicador, e uma das suas estrat\u00e9gias era justamente parafrasear o que outros diziam. No livro \u201c<strong>Como Steve Jobs Virou Steve Jobs<\/strong>\u201c, de<strong> Brent Schlender<\/strong> e <strong>Rick Tetzeli<\/strong>, os autores compartilham como o empres\u00e1rio tinha o h\u00e1bito de simplificar discuss\u00f5es complexas para garantir que todos estivessem alinhados. Era sua maneira de garantir que todos estavam na mesma p\u00e1gina.<\/p>\n<p>O atendimento ao cliente funciona quase da mesma maneira. Voc\u00ea j\u00e1 esteve em uma liga\u00e7\u00e3o em que o atendente diz: \u201cEnt\u00e3o, s\u00f3 para ter certeza de que entendi\u2026\u201d Essa simples frase pode transformar uma situa\u00e7\u00e3o frustrante em algo mais tranquilo, porque mostra que ele realmente est\u00e1 prestando aten\u00e7\u00e3o. N\u00e3o \u00e9 apenas anotar, e sim processar a informa\u00e7\u00e3o e confirmar. \u00c9 uma pequena mudan\u00e7a que faz uma grande diferen\u00e7a.<\/p>\n<h3>Crie o h\u00e1bito<\/h3>\n<p>Reformular ou parafrasear n\u00e3o \u00e9 apenas uma ferramenta para uma comunica\u00e7\u00e3o melhor \u2014 \u00e9 uma maneira de parar de supor, come\u00e7ar a se conectar e realmente entender o que as pessoas est\u00e3o dizendo. Seja ao liderar uma equipe, negociar um acordo ou apenas tentar manter uma conversa sem se perder, reservar um momento para ecoar o que voc\u00ea ouviu pode mudar tudo.<\/p>\n<p>Da pr\u00f3xima vez que estiver em uma conversa, n\u00e3o apenas concorde com a cabe\u00e7a \u2014 tente reformular. \u00c9 um ajuste pequeno, mas voc\u00ea pode se surpreender com o quanto tudo fica mais claro.<\/p>\n<ul>\n<li>\n<h4>Siga a <a href=\"https:\/\/whatsapp.com\/channel\/0029Va9gQKwBFLgM96cJnu0u&gt;\" target=\"_blank\" rel=\"noopener\">Forbes<\/a> no WhatsApp e receba as principais not\u00edcias sobre neg\u00f3cios, carreira, tecnologia e estilo de vida<\/h4>\n<\/li>\n<\/ul>\n<p><em>*Diane Hamilton \u00e9 colaboradora da Forbes USA. Tamb\u00e9m \u00e9 especialista em comportamento corporativo e autora de livros, com d\u00e9cadas de experi\u00eancia em diversos setores.<\/em><\/p>\n<section>\n<h2>Escolhas do editor<\/h2>\n<\/section><\/div>\n<p><script type=\"rocketlazyloadscript\">\n\t\t\t\t(function(d, s, id){\n\t\t\t\t\tvar js, fjs = d.getElementsByTagName(s)[0];\n\t\t\t\t\tif (d.getElementById(id)) return;\n\t\t\t\t\tjs = d.createElement(s); js.id = id;\n\t\t\t\t\tjs.src = \"\/\/connect.facebook.net\/pt_BR\/sdk.js#xfbml=1&version=v2.9\";\n\t\t\t\t\tfjs.parentNode.insertBefore(js, fjs);\n\t\t\t\t}(document, 'script', 'facebook-jssdk'));\n\t\t\t<\/script><br \/>\n<br \/><br \/>\n<br \/><a href=\"https:\/\/forbes.com.br\/carreira\/2024\/10\/como-se-comunicar-melhor-veja-estrategia-de-steve-jobs\/\">Source link <\/a><\/p>\n<div class='code-block code-block-4' style='margin: 8px auto 8px 0; text-align: left; display: block; clear: both;'>\n\ud83d\udce2 Aviso Legal\n\nO site ismaelcolosi.com.br atua apenas como um canal de divulga\u00e7\u00e3o de oportunidades de emprego e n\u00e3o se responsabiliza pelo processo seletivo, contrata\u00e7\u00e3o ou qualquer outra etapa relacionada \u00e0s vagas publicadas. Todas as informa\u00e7\u00f5es s\u00e3o de responsabilidade dos anunciantes.\n\n\u26a0\ufe0f Aten\u00e7\u00e3o! Nunca pague por promessas de emprego nem compre cursos que garantam contrata\u00e7\u00e3o. Desconfie de qualquer cobran\u00e7a para participar de sele\u00e7\u00f5es.\n\n\n\n<\/div>\n<!-- CONTENT END 1 -->\n","protected":false},"excerpt":{"rendered":"<p>\u00a0 Acessibilidade &#13; L&#13; L&#13; A-&#13; A+&#13; &#13; \u25d0&#13; &#13; \u00a0 Participar de uma conversa, concordar com a cabe\u00e7a e sair sem entender nada \u00e9&#8230;<\/p>\n","protected":false},"author":1,"featured_media":73844,"comment_status":"open","ping_status":"open","sticky":false,"template":"","format":"standard","meta":{"_uag_custom_page_level_css":"","advanced_seo_description":"","jetpack_seo_html_title":"","jetpack_seo_noindex":false,"jetpack_post_was_ever_published":false,"_jetpack_newsletter_access":"","_jetpack_dont_email_post_to_subs":false,"_jetpack_newsletter_tier_id":0,"_jetpack_memberships_contains_paywalled_content":false,"_jetpack_memberships_contains_paid_content":false,"footnotes":"","jetpack_publicize_message":"","jetpack_publicize_feature_enabled":true,"jetpack_social_post_already_shared":true,"jetpack_social_options":{"image_generator_settings":{"template":"highway","default_image_id":0,"font":"","enabled":false},"version":2}},"categories":[1964],"tags":[],"class_list":["post-73843","post","type-post","status-publish","format-standard","has-post-thumbnail","hentry","category-carreira-e-sucesso-dicas-para-carreira"],"jetpack_publicize_connections":[],"jetpack_featured_media_url":"https:\/\/i0.wp.com\/ismaelcolosi.com.br\/wp-content\/uploads\/2024\/10\/carreira-comunicacao-1024x683.jpg?fit=1024%2C683&ssl=1","uagb_featured_image_src":{"full":["https:\/\/i0.wp.com\/ismaelcolosi.com.br\/wp-content\/uploads\/2024\/10\/carreira-comunicacao-1024x683.jpg?fit=1024%2C683&ssl=1",1024,683,false],"thumbnail":["https:\/\/i0.wp.com\/ismaelcolosi.com.br\/wp-content\/uploads\/2024\/10\/carreira-comunicacao-1024x683.jpg?resize=150%2C150&ssl=1",150,150,true],"medium":["https:\/\/i0.wp.com\/ismaelcolosi.com.br\/wp-content\/uploads\/2024\/10\/carreira-comunicacao-1024x683.jpg?fit=300%2C200&ssl=1",300,200,true],"medium_large":["https:\/\/i0.wp.com\/ismaelcolosi.com.br\/wp-content\/uploads\/2024\/10\/carreira-comunicacao-1024x683.jpg?fit=768%2C512&ssl=1",768,512,true],"large":["https:\/\/i0.wp.com\/ismaelcolosi.com.br\/wp-content\/uploads\/2024\/10\/carreira-comunicacao-1024x683.jpg?fit=1024%2C683&ssl=1",1024,683,true],"1536x1536":["https:\/\/i0.wp.com\/ismaelcolosi.com.br\/wp-content\/uploads\/2024\/10\/carreira-comunicacao-1024x683.jpg?fit=1024%2C683&ssl=1",1024,683,true],"2048x2048":["https:\/\/i0.wp.com\/ismaelcolosi.com.br\/wp-content\/uploads\/2024\/10\/carreira-comunicacao-1024x683.jpg?fit=1024%2C683&ssl=1",1024,683,true],"really-simple-thumb":["https:\/\/i0.wp.com\/ismaelcolosi.com.br\/wp-content\/uploads\/2024\/10\/carreira-comunicacao-1024x683.jpg?resize=370%2C247&ssl=1",370,247,true]},"uagb_author_info":{"display_name":"ismaelcolosi.com.br","author_link":"https:\/\/ismaelcolosi.com.br\/index.php\/author\/vidareal-online\/"},"uagb_comment_info":0,"uagb_excerpt":"\u00a0 Acessibilidade &#13; L&#13; L&#13; A-&#13; A+&#13; &#13; \u25d0&#13; &#13; \u00a0 Participar de uma conversa, concordar com a cabe\u00e7a e sair sem entender nada \u00e9...","jetpack-related-posts":[{"id":50692,"url":"https:\/\/ismaelcolosi.com.br\/index.php\/2024\/05\/18\/8-estrategias-de-comunicacao-poderosas-para-a-carreira\/","url_meta":{"origin":73843,"position":0},"title":"8 estrat\u00e9gias de comunica\u00e7\u00e3o poderosas para a carreira","author":"ismaelcolosi.com.br","date":"18 de May de 2024","format":false,"excerpt":"A comunica\u00e7\u00e3o efetiva envolve ajustar sua mensagem e postura de acordo com o p\u00fablico Acessibilidade L L A- A+ \u25d0 A comunica\u00e7\u00e3o \u00e9 uma das habilidades mais importantes para ter sucesso na carreira \u2013 especialmente agora com o boom da intelig\u00eancia artificial. \u00c9 uma das compet\u00eancias que a IA n\u00e3o\u2026","rel":"","context":"In &quot;Carreira e Sucesso&quot;","block_context":{"text":"Carreira e Sucesso","link":"https:\/\/ismaelcolosi.com.br\/index.php\/category\/carreira-e-sucesso-dicas-para-carreira\/"},"img":{"alt_text":"","src":"https:\/\/i0.wp.com\/ismaelcolosi.com.br\/wp-content\/uploads\/2024\/05\/carreira-comunicacao-1024x683.jpg?fit=1024%2C683&ssl=1&resize=350%2C200","width":350,"height":200,"srcset":"https:\/\/i0.wp.com\/ismaelcolosi.com.br\/wp-content\/uploads\/2024\/05\/carreira-comunicacao-1024x683.jpg?fit=1024%2C683&ssl=1&resize=350%2C200 1x, https:\/\/i0.wp.com\/ismaelcolosi.com.br\/wp-content\/uploads\/2024\/05\/carreira-comunicacao-1024x683.jpg?fit=1024%2C683&ssl=1&resize=525%2C300 1.5x, https:\/\/i0.wp.com\/ismaelcolosi.com.br\/wp-content\/uploads\/2024\/05\/carreira-comunicacao-1024x683.jpg?fit=1024%2C683&ssl=1&resize=700%2C400 2x"},"classes":[]},{"id":63184,"url":"https:\/\/ismaelcolosi.com.br\/index.php\/2024\/08\/31\/vagas-de-emprego-app-ribeirao-jornalismo-puplicidade-social-media-videomaker-designer-grafico-redator-entre-outras-12\/","url_meta":{"origin":73843,"position":1},"title":"Vagas de Emprego \u2013 APP Ribeir\u00e3o: Jornalismo, Puplicidade, Social Media, Videomaker, Designer Gr\u00e1fico, Redator  entre outras","author":"ismaelcolosi.com.br","date":"31 de August de 2024","format":false,"excerpt":"Redator(a) Publicit\u00e1rio (a) - Home Office Ag\u00eancia Tu\u00edta Se voc\u00ea tem uma excelente comunica\u00e7\u00e3o, boa escrita, criatividade est\u00e1 antenado no que acontece no mundo publicit\u00e1rio, esta pode ser uma grande oportunidade! Esta mais informa\u00e7\u00f5es Atendimento MO4 web Buscamos por um profissional que tenha boas habilidades de comunica\u00e7\u00e3o com o cliente,\u2026","rel":"","context":"In &quot;Vagas de Emprego em Ribeir\u00e3o Preto-SP&quot;","block_context":{"text":"Vagas de Emprego em Ribeir\u00e3o Preto-SP","link":"https:\/\/ismaelcolosi.com.br\/index.php\/category\/empregos-classificados-vagas-trabalho\/vagas-de-empregos-em-ribeirao-preto-regiao-brasil\/"},"img":{"alt_text":"","src":"https:\/\/i0.wp.com\/ismaelcolosi.com.br\/wp-content\/uploads\/2024\/08\/1725121209_VAGA-DE-EMPREGO-URGENTE.jpg?fit=1000%2C563&ssl=1&resize=350%2C200","width":350,"height":200,"srcset":"https:\/\/i0.wp.com\/ismaelcolosi.com.br\/wp-content\/uploads\/2024\/08\/1725121209_VAGA-DE-EMPREGO-URGENTE.jpg?fit=1000%2C563&ssl=1&resize=350%2C200 1x, https:\/\/i0.wp.com\/ismaelcolosi.com.br\/wp-content\/uploads\/2024\/08\/1725121209_VAGA-DE-EMPREGO-URGENTE.jpg?fit=1000%2C563&ssl=1&resize=525%2C300 1.5x, https:\/\/i0.wp.com\/ismaelcolosi.com.br\/wp-content\/uploads\/2024\/08\/1725121209_VAGA-DE-EMPREGO-URGENTE.jpg?fit=1000%2C563&ssl=1&resize=700%2C400 2x"},"classes":[]},{"id":58643,"url":"https:\/\/ismaelcolosi.com.br\/index.php\/2024\/08\/01\/vagas-de-emprego-app-ribeirao-jornalismo-puplicidade-social-media-videomaker-designer-grafico-redator-entre-outras-10\/","url_meta":{"origin":73843,"position":2},"title":"Vagas de Emprego \u2013 APP Ribeir\u00e3o: Jornalismo, Puplicidade, Social Media, Videomaker, Designer Gr\u00e1fico, Redator  entre outras","author":"ismaelcolosi.com.br","date":"1 de August de 2024","format":false,"excerpt":"Est\u00e1gio SG&C COMUNICA\u00c7\u00c3O Temos vagas para est\u00e1gio para criativos nas \u00e1reas de reda\u00e7\u00e3o, redes sociais, design, edi\u00e7\u00e3o de v\u00eddeo e M\u00eddia digital (performance, an\u00e1lises e estrat\u00e9gia). mais informa\u00e7\u00f5es Dire\u00e7\u00e3o de arte \/ Designer \/ V\u00eddeo SG&C COMUNICA\u00c7\u00c3O Temos vagas abertas para profissionais experientes e com conhecimentos avan\u00e7ados em softwares da\u2026","rel":"","context":"In &quot;Vagas de Emprego em Ribeir\u00e3o Preto-SP&quot;","block_context":{"text":"Vagas de Emprego em Ribeir\u00e3o Preto-SP","link":"https:\/\/ismaelcolosi.com.br\/index.php\/category\/empregos-classificados-vagas-trabalho\/vagas-de-empregos-em-ribeirao-preto-regiao-brasil\/"},"img":{"alt_text":"","src":"https:\/\/i0.wp.com\/ismaelcolosi.com.br\/wp-content\/uploads\/2024\/08\/VAGA-DE-EMPREGO-URGENTE.jpg?fit=1000%2C563&ssl=1&resize=350%2C200","width":350,"height":200,"srcset":"https:\/\/i0.wp.com\/ismaelcolosi.com.br\/wp-content\/uploads\/2024\/08\/VAGA-DE-EMPREGO-URGENTE.jpg?fit=1000%2C563&ssl=1&resize=350%2C200 1x, https:\/\/i0.wp.com\/ismaelcolosi.com.br\/wp-content\/uploads\/2024\/08\/VAGA-DE-EMPREGO-URGENTE.jpg?fit=1000%2C563&ssl=1&resize=525%2C300 1.5x, https:\/\/i0.wp.com\/ismaelcolosi.com.br\/wp-content\/uploads\/2024\/08\/VAGA-DE-EMPREGO-URGENTE.jpg?fit=1000%2C563&ssl=1&resize=700%2C400 2x"},"classes":[]},{"id":60536,"url":"https:\/\/ismaelcolosi.com.br\/index.php\/2024\/08\/16\/vagas-de-emprego-app-ribeirao-jornalismo-puplicidade-social-media-videomaker-designer-grafico-redator-entre-outras-11\/","url_meta":{"origin":73843,"position":3},"title":"Vagas de Emprego \u2013 APP Ribeir\u00e3o: Jornalismo, Puplicidade, Social Media, Videomaker, Designer Gr\u00e1fico, Redator  entre outras","author":"ismaelcolosi.com.br","date":"16 de August de 2024","format":false,"excerpt":"Atendimento MO4 web Buscamos por um profissional que tenha boas habilidades de comunica\u00e7\u00e3o com o cliente, saiba elaborar briefings e pautar as demandas de projetos e suporte de website mais informa\u00e7\u00f5es Est\u00e1gio SG&C COMUNICA\u00c7\u00c3O Temos vagas para est\u00e1gio para criativos nas \u00e1reas de reda\u00e7\u00e3o, redes sociais, design, edi\u00e7\u00e3o de v\u00eddeo\u2026","rel":"","context":"In &quot;Vagas de Emprego em Ribeir\u00e3o Preto-SP&quot;","block_context":{"text":"Vagas de Emprego em Ribeir\u00e3o Preto-SP","link":"https:\/\/ismaelcolosi.com.br\/index.php\/category\/empregos-classificados-vagas-trabalho\/vagas-de-empregos-em-ribeirao-preto-regiao-brasil\/"},"img":{"alt_text":"","src":"https:\/\/i0.wp.com\/ismaelcolosi.com.br\/wp-content\/uploads\/2024\/08\/vagas-de-marketing-os-melhores-sites-para-econtrar-1280x720.png?fit=1200%2C675&ssl=1&resize=350%2C200","width":350,"height":200,"srcset":"https:\/\/i0.wp.com\/ismaelcolosi.com.br\/wp-content\/uploads\/2024\/08\/vagas-de-marketing-os-melhores-sites-para-econtrar-1280x720.png?fit=1200%2C675&ssl=1&resize=350%2C200 1x, https:\/\/i0.wp.com\/ismaelcolosi.com.br\/wp-content\/uploads\/2024\/08\/vagas-de-marketing-os-melhores-sites-para-econtrar-1280x720.png?fit=1200%2C675&ssl=1&resize=525%2C300 1.5x, https:\/\/i0.wp.com\/ismaelcolosi.com.br\/wp-content\/uploads\/2024\/08\/vagas-de-marketing-os-melhores-sites-para-econtrar-1280x720.png?fit=1200%2C675&ssl=1&resize=700%2C400 2x, https:\/\/i0.wp.com\/ismaelcolosi.com.br\/wp-content\/uploads\/2024\/08\/vagas-de-marketing-os-melhores-sites-para-econtrar-1280x720.png?fit=1200%2C675&ssl=1&resize=1050%2C600 3x"},"classes":[]},{"id":53221,"url":"https:\/\/ismaelcolosi.com.br\/index.php\/2024\/06\/14\/transformacao-digital-atendas-e-a-eficiencia-na-comunicacao\/","url_meta":{"origin":73843,"position":4},"title":"Transforma\u00e7\u00e3o Digital: Atendas e a Efici\u00eancia na Comunica\u00e7\u00e3o","author":"ismaelcolosi.com.br","date":"14 de June de 2024","format":false,"excerpt":"Num mundo onde a velocidade da tecnologia muitas vezes parece superar nossa capacidade de acompanhar, uma empresa inteligente prioriza a comunica\u00e7\u00e3o. Essa \u00e9 a premissa que define a Atendas, uma inovadora empresa de tecnologia com um compromisso singular: unificar para conquistar. Diante da multiplicidade de canais de comunica\u00e7\u00e3o e da\u2026","rel":"","context":"In &quot;Not\u00edcias de Ribeir\u00e3o Preto-SP e Regi\u00e3o&quot;","block_context":{"text":"Not\u00edcias de Ribeir\u00e3o Preto-SP e Regi\u00e3o","link":"https:\/\/ismaelcolosi.com.br\/index.php\/category\/noticias-de-ribeirao-preto-sp-e-regiao-ismael-colosi\/"},"img":{"alt_text":"","src":"https:\/\/i0.wp.com\/ismaelcolosi.com.br\/wp-content\/uploads\/2024\/06\/Artes-Varios-Tamanhos300-x-250-2_2024-06-14_17-06-44_png_2024-06-14_17-06-44.webp.webp?fit=300%2C250&ssl=1&resize=350%2C200","width":350,"height":200},"classes":[]},{"id":83742,"url":"https:\/\/ismaelcolosi.com.br\/index.php\/2025\/03\/13\/3-dicas-para-se-tornar-um-supercomunicador\/","url_meta":{"origin":73843,"position":5},"title":"3 Dicas para se Tornar Um \u2018Supercomunicador\u2019","author":"ismaelcolosi.com.br","date":"13 de March de 2025","format":false,"excerpt":"\r Getty Images\r Comunicadores eficazes sabem como ajustar seu pr\u00f3prio estilo de comunica\u00e7\u00e3o com base na situa\u00e7\u00e3o e no p\u00fablico\r Acessibilidade \r L\r L\r A-\r A+\r \r \u25d0\r \r \u00a0 \u00a0 A maioria dos desafios que enfrentamos nos relacionamentos\u2014sejam pessoais ou profissionais\u2014tem origem em um problema central: a comunica\u00e7\u00e3o. Muitas\u2026","rel":"","context":"In &quot;Carreira e Sucesso&quot;","block_context":{"text":"Carreira e Sucesso","link":"https:\/\/ismaelcolosi.com.br\/index.php\/category\/carreira-e-sucesso-dicas-para-carreira\/"},"img":{"alt_text":"","src":"https:\/\/i0.wp.com\/ismaelcolosi.com.br\/wp-content\/uploads\/2025\/03\/GettyImages-1285353518-1200x675.jpg?fit=1200%2C675&ssl=1&resize=350%2C200","width":350,"height":200,"srcset":"https:\/\/i0.wp.com\/ismaelcolosi.com.br\/wp-content\/uploads\/2025\/03\/GettyImages-1285353518-1200x675.jpg?fit=1200%2C675&ssl=1&resize=350%2C200 1x, https:\/\/i0.wp.com\/ismaelcolosi.com.br\/wp-content\/uploads\/2025\/03\/GettyImages-1285353518-1200x675.jpg?fit=1200%2C675&ssl=1&resize=525%2C300 1.5x, https:\/\/i0.wp.com\/ismaelcolosi.com.br\/wp-content\/uploads\/2025\/03\/GettyImages-1285353518-1200x675.jpg?fit=1200%2C675&ssl=1&resize=700%2C400 2x, https:\/\/i0.wp.com\/ismaelcolosi.com.br\/wp-content\/uploads\/2025\/03\/GettyImages-1285353518-1200x675.jpg?fit=1200%2C675&ssl=1&resize=1050%2C600 3x"},"classes":[]}],"jetpack_sharing_enabled":true,"jetpack_shortlink":"https:\/\/wp.me\/pfMlyK-jd1","_links":{"self":[{"href":"https:\/\/ismaelcolosi.com.br\/index.php\/wp-json\/wp\/v2\/posts\/73843","targetHints":{"allow":["GET"]}}],"collection":[{"href":"https:\/\/ismaelcolosi.com.br\/index.php\/wp-json\/wp\/v2\/posts"}],"about":[{"href":"https:\/\/ismaelcolosi.com.br\/index.php\/wp-json\/wp\/v2\/types\/post"}],"author":[{"embeddable":true,"href":"https:\/\/ismaelcolosi.com.br\/index.php\/wp-json\/wp\/v2\/users\/1"}],"replies":[{"embeddable":true,"href":"https:\/\/ismaelcolosi.com.br\/index.php\/wp-json\/wp\/v2\/comments?post=73843"}],"version-history":[{"count":0,"href":"https:\/\/ismaelcolosi.com.br\/index.php\/wp-json\/wp\/v2\/posts\/73843\/revisions"}],"wp:featuredmedia":[{"embeddable":true,"href":"https:\/\/ismaelcolosi.com.br\/index.php\/wp-json\/wp\/v2\/media\/73844"}],"wp:attachment":[{"href":"https:\/\/ismaelcolosi.com.br\/index.php\/wp-json\/wp\/v2\/media?parent=73843"}],"wp:term":[{"taxonomy":"category","embeddable":true,"href":"https:\/\/ismaelcolosi.com.br\/index.php\/wp-json\/wp\/v2\/categories?post=73843"},{"taxonomy":"post_tag","embeddable":true,"href":"https:\/\/ismaelcolosi.com.br\/index.php\/wp-json\/wp\/v2\/tags?post=73843"}],"curies":[{"name":"wp","href":"https:\/\/api.w.org\/{rel}","templated":true}]}}