{"id":73761,"date":"2024-10-28T16:24:09","date_gmt":"2024-10-28T19:24:09","guid":{"rendered":"https:\/\/ismaelcolosi.com.br\/index.php\/2024\/10\/28\/linfoma-nao-hodgkin-entenda-o-cancer-de-eduardo-suplicy\/"},"modified":"2024-10-28T16:24:09","modified_gmt":"2024-10-28T19:24:09","slug":"linfoma-nao-hodgkin-entenda-o-cancer-de-eduardo-suplicy","status":"publish","type":"post","link":"https:\/\/ismaelcolosi.com.br\/index.php\/2024\/10\/28\/linfoma-nao-hodgkin-entenda-o-cancer-de-eduardo-suplicy\/","title":{"rendered":"Linfoma n\u00e3o-Hodgkin: entenda o c\u00e2ncer de Eduardo Suplicy"},"content":{"rendered":"<p> <br \/>\n<\/p>\n<div>\n<p>Nesta segunda-feira (28), o <strong>deputado Eduardo Suplicy (PT)<\/strong> anunciou que <mark style=\"background-color:#fcb900\" class=\"has-inline-color\">est\u00e1 com linfoma n\u00e3o-Hodgkin<\/mark>. Em comunicado publicado nas redes sociais, <strong>Suplicy confirmou que recebeu o diagn\u00f3stico em julho e que est\u00e1 realizando tratamento imunoquimioter\u00e1pico para a doen\u00e7a.<\/strong><\/p>\n<h4 class=\"wp-block-heading\"><strong>O que \u00e9 Linfoma n\u00e3o-Hodgkin?<\/strong><\/h4>\n<p>De acordo com o <a href=\"https:\/\/www.gov.br\/inca\/pt-br\" target=\"_blank\" rel=\"noreferrer noopener nofollow\">Instituto Nacional do C\u00e2ncer (INCA)<\/a>,\u00a0o linfoma n\u00e3o-Hodgkin (LNH) \u00e9 um tipo de c\u00e2ncer que tem origem nas c\u00e9lulas do sistema linf\u00e1tico\u00a0e que se espalha de maneira n\u00e3o ordenada. <strong>Existem mais de 20 tipos diferentes de linfomas n\u00e3o-Hodgkin.<\/strong><\/p>\n<p>O sistema linf\u00e1tico faz parte do sistema imunol\u00f3gico, que ajuda o corpo a combater doen\u00e7as. <mark style=\"background-color:#fcb900\" class=\"has-inline-color\">Como o tecido linf\u00e1tico \u00e9 encontrado em todo o corpo, o\u00a0linfoma\u00a0pode come\u00e7ar em qualquer lugar.<\/mark> Pode ocorrer em <strong>crian\u00e7as<\/strong>, <strong>adolescentes <\/strong>e <strong>adultos<\/strong>. De modo geral, o <strong>LNH torna-se mais comum \u00e0 medida que as pessoas envelhecem.<\/strong><\/p>\n<p>Por raz\u00f5es ainda desconhecidas, <strong>o n\u00famero de casos duplicou nos \u00faltimos 25 anos<\/strong>, <mark style=\"background-color:#fcb900\" class=\"has-inline-color\">principalmente entre pessoas com mais de 60 anos.<\/mark><\/p>\n<p><strong>Os homens s\u00e3o mais predispostos do que as mulheres.<\/strong><\/p>\n<h4 class=\"wp-block-heading\"><strong>Quais os sintomas?<\/strong><\/h4>\n<p>O principal sintoma do LNH \u00e9 o <strong>aumento dos g\u00e2nglios linf\u00e1ticos<\/strong>, que se manifesta pelo <strong>surgimento de caro\u00e7os<\/strong> em regi\u00f5es como o <strong>pesco\u00e7o<\/strong>, <strong>virilha <\/strong>e <strong>axila<\/strong>.\u00a0<\/p>\n<p>Em alguns casos, <strong>os sintomas podem incluir febre<\/strong>, <strong>suor noturno<\/strong>, <strong>tosse<\/strong>, <strong>coceira na pele<\/strong> e <strong>perda de peso.<\/strong><\/p>\n<h4 class=\"wp-block-heading\"><strong>Quais exames detectam os linfomas n\u00e3o-Hodgkin?<\/strong><\/h4>\n<p>O diagn\u00f3stico do LNH \u00e9 feito por meio de uma combina\u00e7\u00e3o de <strong>exames f\u00edsicos<\/strong>, de <strong>imagem <\/strong>e de <strong>bi\u00f3psia<\/strong>. <\/p>\n<h4 class=\"wp-block-heading\"><strong>Como \u00e9 o tratamento?<\/strong><\/h4>\n<p>Segundo informa\u00e7\u00f5es da <a href=\"https:\/\/abrale.org.br\/\" target=\"_blank\" rel=\"noreferrer noopener nofollow\">Associa\u00e7\u00e3o Brasileira de Linfoma e Leucemia (Abrale<\/a>), <mark style=\"background-color:#fcb900\" class=\"has-inline-color\">as chances de cura s\u00e3o, em m\u00e9dia, de 60% a 70%.<\/mark><\/p>\n<p>Entre as op\u00e7\u00f5es de tratamento, est\u00e3o a\u00a0<strong>quimioterapia<\/strong>, a <strong>imunoterapia<\/strong>, a <strong>radioterapia <\/strong>e o <strong>transplante de medula \u00f3ssea.<\/strong><\/p>\n<p><strong>_______________________________________________________________________<\/strong><\/p>\n<p>SAIBA MAIS<br \/>Nogueira indica secret\u00e1rio para transi\u00e7\u00e3o de governo de Ricardo Silva<\/p>\n<h4 class=\"wp-block-heading\"><strong>FIQUE ON<\/strong><\/h4>\n<p>Fique ligado em tudo que acontece em Ribeir\u00e3o Preto e regi\u00e3o. Siga os perfis do<strong> acidade on<\/strong> no <a href=\"https:\/\/www.instagram.com\/acidadeonribeirao\" target=\"_blank\" rel=\"noreferrer noopener nofollow\">Instagram<\/a> e no <a href=\"https:\/\/www.facebook.com\/acidadeonribeirao\/\" target=\"_blank\" rel=\"noreferrer noopener nofollow\">Facebook<\/a>.<\/p>\n<p>Receba not\u00edcias do <strong>acidade on<\/strong> no WhatsApp. <a href=\"https:\/\/chat.whatsapp.com\/Fg4ok3aAVyB59DP63pRapr\" target=\"_blank\" rel=\"noreferrer noopener nofollow\">Para entrar no grupo, basta clicar aqui.<\/a><\/p>\n<p>Fa\u00e7a uma den\u00fancia ou sugira uma reportagem sobre Ribeir\u00e3o Preto e regi\u00e3o pelo WhatsApp: 16 99117 7802.<\/p>\n<p>VEJA TAMB\u00c9M<br \/>At\u00e9 quando pode justificar o voto p\u00f3s-elei\u00e7\u00e3o?<\/p>\n<p><!-- CONTENT END 1 -->\n<\/div>\n<p><script async src=\"\/\/www.instagram.com\/embed.js\"><\/script><br \/>\n<br \/><br \/>\n<br \/><a href=\"https:\/\/www.acidadeon.com\/ribeiraopreto\/cotidiano\/linfoma-nao-hodgkin-entenda-o-cancer-de-eduardo-suplicy\/\">Source link <\/a><\/p>\n","protected":false},"excerpt":{"rendered":"<p>Nesta segunda-feira (28), o deputado Eduardo Suplicy (PT) anunciou que est\u00e1 com linfoma n\u00e3o-Hodgkin. Em comunicado publicado nas redes sociais, Suplicy confirmou que recebeu o&#8230;<\/p>\n","protected":false},"author":1,"featured_media":73762,"comment_status":"open","ping_status":"open","sticky":false,"template":"","format":"standard","meta":{"_uag_custom_page_level_css":"","advanced_seo_description":"","jetpack_seo_html_title":"","jetpack_seo_noindex":false,"jetpack_post_was_ever_published":false,"_jetpack_newsletter_access":"","_jetpack_dont_email_post_to_subs":false,"_jetpack_newsletter_tier_id":0,"_jetpack_memberships_contains_paywalled_content":false,"_jetpack_memberships_contains_paid_content":false,"footnotes":"","jetpack_publicize_message":"","jetpack_publicize_feature_enabled":true,"jetpack_social_post_already_shared":true,"jetpack_social_options":{"image_generator_settings":{"template":"highway","default_image_id":0,"font":"","enabled":false},"version":2}},"categories":[11],"tags":[],"class_list":["post-73761","post","type-post","status-publish","format-standard","has-post-thumbnail","hentry","category-noticias-de-ribeirao-preto-sp-e-regiao-ismael-colosi"],"jetpack_publicize_connections":[],"jetpack_featured_media_url":"https:\/\/i0.wp.com\/ismaelcolosi.com.br\/wp-content\/uploads\/2024\/10\/Copia-de-Copia-de-Copia-de-TAMANHO-EXATO-PARA-FOTOS-NO-SISTEMA-NOVO-51_2024-10-28_18-52-14_png_2024-10-28_18-52-14.webp.webp?fit=1200%2C675&ssl=1","uagb_featured_image_src":{"full":["https:\/\/i0.wp.com\/ismaelcolosi.com.br\/wp-content\/uploads\/2024\/10\/Copia-de-Copia-de-Copia-de-TAMANHO-EXATO-PARA-FOTOS-NO-SISTEMA-NOVO-51_2024-10-28_18-52-14_png_2024-10-28_18-52-14.webp.webp?fit=1200%2C675&ssl=1",1200,675,false],"thumbnail":["https:\/\/i0.wp.com\/ismaelcolosi.com.br\/wp-content\/uploads\/2024\/10\/Copia-de-Copia-de-Copia-de-TAMANHO-EXATO-PARA-FOTOS-NO-SISTEMA-NOVO-51_2024-10-28_18-52-14_png_2024-10-28_18-52-14.webp.webp?resize=150%2C150&ssl=1",150,150,true],"medium":["https:\/\/i0.wp.com\/ismaelcolosi.com.br\/wp-content\/uploads\/2024\/10\/Copia-de-Copia-de-Copia-de-TAMANHO-EXATO-PARA-FOTOS-NO-SISTEMA-NOVO-51_2024-10-28_18-52-14_png_2024-10-28_18-52-14.webp.webp?fit=300%2C169&ssl=1",300,169,true],"medium_large":["https:\/\/i0.wp.com\/ismaelcolosi.com.br\/wp-content\/uploads\/2024\/10\/Copia-de-Copia-de-Copia-de-TAMANHO-EXATO-PARA-FOTOS-NO-SISTEMA-NOVO-51_2024-10-28_18-52-14_png_2024-10-28_18-52-14.webp.webp?fit=768%2C432&ssl=1",768,432,true],"large":["https:\/\/i0.wp.com\/ismaelcolosi.com.br\/wp-content\/uploads\/2024\/10\/Copia-de-Copia-de-Copia-de-TAMANHO-EXATO-PARA-FOTOS-NO-SISTEMA-NOVO-51_2024-10-28_18-52-14_png_2024-10-28_18-52-14.webp.webp?fit=1024%2C576&ssl=1",1024,576,true],"1536x1536":["https:\/\/i0.wp.com\/ismaelcolosi.com.br\/wp-content\/uploads\/2024\/10\/Copia-de-Copia-de-Copia-de-TAMANHO-EXATO-PARA-FOTOS-NO-SISTEMA-NOVO-51_2024-10-28_18-52-14_png_2024-10-28_18-52-14.webp.webp?fit=1200%2C675&ssl=1",1200,675,true],"2048x2048":["https:\/\/i0.wp.com\/ismaelcolosi.com.br\/wp-content\/uploads\/2024\/10\/Copia-de-Copia-de-Copia-de-TAMANHO-EXATO-PARA-FOTOS-NO-SISTEMA-NOVO-51_2024-10-28_18-52-14_png_2024-10-28_18-52-14.webp.webp?fit=1200%2C675&ssl=1",1200,675,true],"really-simple-thumb":["https:\/\/i0.wp.com\/ismaelcolosi.com.br\/wp-content\/uploads\/2024\/10\/Copia-de-Copia-de-Copia-de-TAMANHO-EXATO-PARA-FOTOS-NO-SISTEMA-NOVO-51_2024-10-28_18-52-14_png_2024-10-28_18-52-14.webp.webp?resize=370%2C247&ssl=1",370,247,true]},"uagb_author_info":{"display_name":"ismaelcolosi.com.br","author_link":"https:\/\/ismaelcolosi.com.br\/index.php\/author\/vidareal-online\/"},"uagb_comment_info":0,"uagb_excerpt":"Nesta segunda-feira (28), o deputado Eduardo Suplicy (PT) anunciou que est\u00e1 com linfoma n\u00e3o-Hodgkin. Em comunicado publicado nas redes sociais, Suplicy confirmou que recebeu o...","jetpack-related-posts":[{"id":46418,"url":"https:\/\/ismaelcolosi.com.br\/index.php\/2024\/04\/11\/saiba-qual-e-o-cancer-terminal-enfrentado-por-jovem-que-vai-se-casar\/","url_meta":{"origin":73761,"position":0},"title":"Saiba qual \u00e9 o c\u00e2ncer terminal enfrentado por jovem que vai se casar","author":"ismaelcolosi.com.br","date":"11 de April de 2024","format":false,"excerpt":"A jovem Isabel Veloso, de 17 anos, emocionou milh\u00f5es de seguidores nas redes sociais ap\u00f3s revelar que em podcasts que enfrenta um c\u00e2ncer terminal. Ela vai se casar no pr\u00f3ximo s\u00e1bado (13), com o namorado Lucas Borbas, um sonho que pretende realizar. Isabel Veloso foi diagnosticada com linfoma de Hodgkin\u2026","rel":"","context":"In &quot;Not\u00edcias de Ribeir\u00e3o Preto-SP e Regi\u00e3o&quot;","block_context":{"text":"Not\u00edcias de Ribeir\u00e3o Preto-SP e Regi\u00e3o","link":"https:\/\/ismaelcolosi.com.br\/index.php\/category\/noticias-de-ribeirao-preto-sp-e-regiao-ismael-colosi\/"},"img":{"alt_text":"","src":"https:\/\/i0.wp.com\/ismaelcolosi.com.br\/wp-content\/uploads\/2024\/04\/AnyConv.com__isabel-veloso.webp.webp?fit=1080%2C865&ssl=1&resize=350%2C200","width":350,"height":200,"srcset":"https:\/\/i0.wp.com\/ismaelcolosi.com.br\/wp-content\/uploads\/2024\/04\/AnyConv.com__isabel-veloso.webp.webp?fit=1080%2C865&ssl=1&resize=350%2C200 1x, https:\/\/i0.wp.com\/ismaelcolosi.com.br\/wp-content\/uploads\/2024\/04\/AnyConv.com__isabel-veloso.webp.webp?fit=1080%2C865&ssl=1&resize=525%2C300 1.5x, https:\/\/i0.wp.com\/ismaelcolosi.com.br\/wp-content\/uploads\/2024\/04\/AnyConv.com__isabel-veloso.webp.webp?fit=1080%2C865&ssl=1&resize=700%2C400 2x, https:\/\/i0.wp.com\/ismaelcolosi.com.br\/wp-content\/uploads\/2024\/04\/AnyConv.com__isabel-veloso.webp.webp?fit=1080%2C865&ssl=1&resize=1050%2C600 3x"},"classes":[]},{"id":47921,"url":"https:\/\/ismaelcolosi.com.br\/index.php\/2024\/04\/29\/ex-jogadora-do-corinthians-e-diagnosticada-com-linfoma-de-hodgkin\/","url_meta":{"origin":73761,"position":1},"title":"Ex-jogadora do Corinthians \u00e9 diagnosticada com Linfoma de Hodgkin","author":"ismaelcolosi.com.br","date":"29 de April de 2024","format":false,"excerpt":"A meio-campista da sele\u00e7\u00e3o brasileira feminina de futebol, Luana Bertolucci, ex-jogadora do Corinthians, revelou nesta segunda-feira (29) que foi diagnosticada com Linfoma de Hodgkin, um tipo de c\u00e2ncer que ser origina no sistema linf\u00e1tico. Em comunicado em rede social, a jogadora de 30 anos disse que recebeu o diagn\u00f3stico ap\u00f3s\u2026","rel":"","context":"In &quot;Not\u00edcias de Ribeir\u00e3o Preto-SP e Regi\u00e3o&quot;","block_context":{"text":"Not\u00edcias de Ribeir\u00e3o Preto-SP e Regi\u00e3o","link":"https:\/\/ismaelcolosi.com.br\/index.php\/category\/noticias-de-ribeirao-preto-sp-e-regiao-ismael-colosi\/"},"img":{"alt_text":"","src":"https:\/\/i0.wp.com\/ismaelcolosi.com.br\/wp-content\/uploads\/2024\/04\/luana_2024-04-29_17-56-21_jpg.webp.webp?fit=941%2C627&ssl=1&resize=350%2C200","width":350,"height":200,"srcset":"https:\/\/i0.wp.com\/ismaelcolosi.com.br\/wp-content\/uploads\/2024\/04\/luana_2024-04-29_17-56-21_jpg.webp.webp?fit=941%2C627&ssl=1&resize=350%2C200 1x, https:\/\/i0.wp.com\/ismaelcolosi.com.br\/wp-content\/uploads\/2024\/04\/luana_2024-04-29_17-56-21_jpg.webp.webp?fit=941%2C627&ssl=1&resize=525%2C300 1.5x, https:\/\/i0.wp.com\/ismaelcolosi.com.br\/wp-content\/uploads\/2024\/04\/luana_2024-04-29_17-56-21_jpg.webp.webp?fit=941%2C627&ssl=1&resize=700%2C400 2x"},"classes":[]},{"id":42017,"url":"https:\/\/ismaelcolosi.com.br\/index.php\/2024\/03\/12\/usp-inicia-teste-contra-o-cancer\/","url_meta":{"origin":73761,"position":2},"title":"USP inicia teste contra o c\u00e2ncer\u00a0","author":"ismaelcolosi.com.br","date":"12 de March de 2024","format":false,"excerpt":"12 de mar\u00e7o de 2024 | 15:0012 de mar\u00e7o de 2024 | 9:27 0Com informa\u00e7\u00f5es de Carlos Fioravanti \u00a0(Revista Fapesp)\u00a0\u00a0Come\u00e7a na pr\u00f3xima sexta-feira, 15 de mar\u00e7o, o estudo cl\u00ednico com o uso de terapia CAR-T conduzido pelo Hemocentro de Ribeir\u00e3o Preto, em parceria com o Hospital das Cl\u00ednicas da Faculdade\u2026","rel":"","context":"In &quot;Not\u00edcias de Ribeir\u00e3o Preto-SP e Regi\u00e3o&quot;","block_context":{"text":"Not\u00edcias de Ribeir\u00e3o Preto-SP e Regi\u00e3o","link":"https:\/\/ismaelcolosi.com.br\/index.php\/category\/noticias-de-ribeirao-preto-sp-e-regiao-ismael-colosi\/"},"img":{"alt_text":"","src":"https:\/\/i0.wp.com\/ismaelcolosi.com.br\/wp-content\/uploads\/2024\/03\/Linfoma-Nut-Guilherme-Sircili-scaled.jpg?fit=1000%2C585&ssl=1&resize=350%2C200","width":350,"height":200,"srcset":"https:\/\/i0.wp.com\/ismaelcolosi.com.br\/wp-content\/uploads\/2024\/03\/Linfoma-Nut-Guilherme-Sircili-scaled.jpg?fit=1000%2C585&ssl=1&resize=350%2C200 1x, https:\/\/i0.wp.com\/ismaelcolosi.com.br\/wp-content\/uploads\/2024\/03\/Linfoma-Nut-Guilherme-Sircili-scaled.jpg?fit=1000%2C585&ssl=1&resize=525%2C300 1.5x, https:\/\/i0.wp.com\/ismaelcolosi.com.br\/wp-content\/uploads\/2024\/03\/Linfoma-Nut-Guilherme-Sircili-scaled.jpg?fit=1000%2C585&ssl=1&resize=700%2C400 2x"},"classes":[]},{"id":25501,"url":"https:\/\/ismaelcolosi.com.br\/index.php\/2024\/01\/07\/entenda-como-funciona-a-terapia-celular-car-t-cell-contra-o-cancer\/","url_meta":{"origin":73761,"position":3},"title":"Entenda como funciona a terapia celular CAR-T Cell contra o c\u00e2ncer\u00a0","author":"ismaelcolosi.com.br","date":"7 de January de 2024","format":false,"excerpt":"A terapia celular CAR-T Cell tem obtido resultado importante no tratamento de alguns tipos de c\u00e2ncer, por meio da reprograma\u00e7\u00e3o das c\u00e9lulas de defesa do corpo. A tecnologia celular CAR-T \u00e9 um tipo de imunoterapia que utiliza linf\u00f3citos T, c\u00e9lulas do sistema imunol\u00f3gico respons\u00e1veis por combater agentes patog\u00eanicos e c\u00e9lulas\u2026","rel":"","context":"In &quot;Not\u00edcias de Ribeir\u00e3o Preto-SP e Regi\u00e3o&quot;","block_context":{"text":"Not\u00edcias de Ribeir\u00e3o Preto-SP e Regi\u00e3o","link":"https:\/\/ismaelcolosi.com.br\/index.php\/category\/noticias-de-ribeirao-preto-sp-e-regiao-ismael-colosi\/"},"img":{"alt_text":"","src":"https:\/\/i0.wp.com\/ismaelcolosi.com.br\/wp-content\/uploads\/2024\/01\/2-cancer-foto-2-antes_depois-scaled.jpg?fit=1000%2C598&ssl=1&resize=350%2C200","width":350,"height":200,"srcset":"https:\/\/i0.wp.com\/ismaelcolosi.com.br\/wp-content\/uploads\/2024\/01\/2-cancer-foto-2-antes_depois-scaled.jpg?fit=1000%2C598&ssl=1&resize=350%2C200 1x, https:\/\/i0.wp.com\/ismaelcolosi.com.br\/wp-content\/uploads\/2024\/01\/2-cancer-foto-2-antes_depois-scaled.jpg?fit=1000%2C598&ssl=1&resize=525%2C300 1.5x, https:\/\/i0.wp.com\/ismaelcolosi.com.br\/wp-content\/uploads\/2024\/01\/2-cancer-foto-2-antes_depois-scaled.jpg?fit=1000%2C598&ssl=1&resize=700%2C400 2x"},"classes":[]},{"id":19664,"url":"https:\/\/ismaelcolosi.com.br\/index.php\/2023\/12\/22\/hemocentro-rp-ministerio-da-saude-libera-r-100-milhoes-para-terapia-car-t-cell\/","url_meta":{"origin":73761,"position":4},"title":"Hemocentro RP: Minist\u00e9rio da Sa\u00fade libera R$ 100 milh\u00f5es para terapia CAR-T Cell\u00a0","author":"ismaelcolosi.com.br","date":"22 de December de 2023","format":false,"excerpt":"Verba ser\u00e1 liberada pelo Programa de Acelera\u00e7\u00e3o do Crescimento\u00a0 22 de dezembro de 2023 | 17:0022 de dezembro de 2023 | 15:43 0O Minist\u00e9rio da Sa\u00fade confirmou o repasse de R$ 100 milh\u00f5es para o financiamento da pesquisa de desenvolvimento da terapia celular CAR-T Cell na Funda\u00e7\u00e3o Hemocentro de Ribeir\u00e3o\u2026","rel":"","context":"In &quot;Not\u00edcias de Ribeir\u00e3o Preto-SP e Regi\u00e3o&quot;","block_context":{"text":"Not\u00edcias de Ribeir\u00e3o Preto-SP e Regi\u00e3o","link":"https:\/\/ismaelcolosi.com.br\/index.php\/category\/noticias-de-ribeirao-preto-sp-e-regiao-ismael-colosi\/"},"img":{"alt_text":"","src":"https:\/\/i0.wp.com\/ismaelcolosi.com.br\/wp-content\/uploads\/2023\/12\/2-hermocentro-energia_nuclear_usada_para_diagnostico_de_cancer-scaled.jpg?fit=1000%2C598&ssl=1&resize=350%2C200","width":350,"height":200,"srcset":"https:\/\/i0.wp.com\/ismaelcolosi.com.br\/wp-content\/uploads\/2023\/12\/2-hermocentro-energia_nuclear_usada_para_diagnostico_de_cancer-scaled.jpg?fit=1000%2C598&ssl=1&resize=350%2C200 1x, https:\/\/i0.wp.com\/ismaelcolosi.com.br\/wp-content\/uploads\/2023\/12\/2-hermocentro-energia_nuclear_usada_para_diagnostico_de_cancer-scaled.jpg?fit=1000%2C598&ssl=1&resize=525%2C300 1.5x, https:\/\/i0.wp.com\/ismaelcolosi.com.br\/wp-content\/uploads\/2023\/12\/2-hermocentro-energia_nuclear_usada_para_diagnostico_de_cancer-scaled.jpg?fit=1000%2C598&ssl=1&resize=700%2C400 2x"},"classes":[]},{"id":42294,"url":"https:\/\/ismaelcolosi.com.br\/index.php\/2024\/03\/13\/entenda-como-funciona-a-terapia-celular-contra-o-cancer-do-hc-de-ribeirao\/","url_meta":{"origin":73761,"position":5},"title":"Entenda como funciona a terapia celular contra o c\u00e2ncer do HC de Ribeir\u00e3o","author":"ismaelcolosi.com.br","date":"13 de March de 2024","format":false,"excerpt":"O Hospital das Cl\u00ednicas de Ribeir\u00e3o Preto come\u00e7a nesta sexta-feira (15) os testes sobre o tratamento celular contra o c\u00e2ncer. Na primeira etapa, o tratamento com c\u00e9lulas CAR-T ser\u00e1 aplicado em quatro pacientes com linfoma e leucemia. O tratamento com c\u00e9lulas CAR-T foi desenvolvido em 2017 nos Estados Unidos e,\u2026","rel":"","context":"In &quot;Not\u00edcias de Ribeir\u00e3o Preto-SP e Regi\u00e3o&quot;","block_context":{"text":"Not\u00edcias de Ribeir\u00e3o Preto-SP e Regi\u00e3o","link":"https:\/\/ismaelcolosi.com.br\/index.php\/category\/noticias-de-ribeirao-preto-sp-e-regiao-ismael-colosi\/"},"img":{"alt_text":"","src":"https:\/\/i0.wp.com\/ismaelcolosi.com.br\/wp-content\/uploads\/2024\/03\/AnyConv.com__celula-cart.webp.webp?fit=1200%2C630&ssl=1&resize=350%2C200","width":350,"height":200,"srcset":"https:\/\/i0.wp.com\/ismaelcolosi.com.br\/wp-content\/uploads\/2024\/03\/AnyConv.com__celula-cart.webp.webp?fit=1200%2C630&ssl=1&resize=350%2C200 1x, https:\/\/i0.wp.com\/ismaelcolosi.com.br\/wp-content\/uploads\/2024\/03\/AnyConv.com__celula-cart.webp.webp?fit=1200%2C630&ssl=1&resize=525%2C300 1.5x, https:\/\/i0.wp.com\/ismaelcolosi.com.br\/wp-content\/uploads\/2024\/03\/AnyConv.com__celula-cart.webp.webp?fit=1200%2C630&ssl=1&resize=700%2C400 2x, https:\/\/i0.wp.com\/ismaelcolosi.com.br\/wp-content\/uploads\/2024\/03\/AnyConv.com__celula-cart.webp.webp?fit=1200%2C630&ssl=1&resize=1050%2C600 3x"},"classes":[]}],"jetpack_sharing_enabled":true,"jetpack_shortlink":"https:\/\/wp.me\/pfMlyK-jbH","_links":{"self":[{"href":"https:\/\/ismaelcolosi.com.br\/index.php\/wp-json\/wp\/v2\/posts\/73761","targetHints":{"allow":["GET"]}}],"collection":[{"href":"https:\/\/ismaelcolosi.com.br\/index.php\/wp-json\/wp\/v2\/posts"}],"about":[{"href":"https:\/\/ismaelcolosi.com.br\/index.php\/wp-json\/wp\/v2\/types\/post"}],"author":[{"embeddable":true,"href":"https:\/\/ismaelcolosi.com.br\/index.php\/wp-json\/wp\/v2\/users\/1"}],"replies":[{"embeddable":true,"href":"https:\/\/ismaelcolosi.com.br\/index.php\/wp-json\/wp\/v2\/comments?post=73761"}],"version-history":[{"count":0,"href":"https:\/\/ismaelcolosi.com.br\/index.php\/wp-json\/wp\/v2\/posts\/73761\/revisions"}],"wp:featuredmedia":[{"embeddable":true,"href":"https:\/\/ismaelcolosi.com.br\/index.php\/wp-json\/wp\/v2\/media\/73762"}],"wp:attachment":[{"href":"https:\/\/ismaelcolosi.com.br\/index.php\/wp-json\/wp\/v2\/media?parent=73761"}],"wp:term":[{"taxonomy":"category","embeddable":true,"href":"https:\/\/ismaelcolosi.com.br\/index.php\/wp-json\/wp\/v2\/categories?post=73761"},{"taxonomy":"post_tag","embeddable":true,"href":"https:\/\/ismaelcolosi.com.br\/index.php\/wp-json\/wp\/v2\/tags?post=73761"}],"curies":[{"name":"wp","href":"https:\/\/api.w.org\/{rel}","templated":true}]}}