{"id":73750,"date":"2024-10-28T15:53:50","date_gmt":"2024-10-28T18:53:50","guid":{"rendered":"https:\/\/ismaelcolosi.com.br\/index.php\/2024\/10\/28\/ricardo-silva-fala-sobre-volta-do-daerp-e-plano-de-retomada-do-comercio-em-ribeirao-preto\/"},"modified":"2024-10-28T15:53:50","modified_gmt":"2024-10-28T18:53:50","slug":"ricardo-silva-fala-sobre-volta-do-daerp-e-plano-de-retomada-do-comercio-em-ribeirao-preto","status":"publish","type":"post","link":"https:\/\/ismaelcolosi.com.br\/index.php\/2024\/10\/28\/ricardo-silva-fala-sobre-volta-do-daerp-e-plano-de-retomada-do-comercio-em-ribeirao-preto\/","title":{"rendered":"Ricardo Silva fala sobre volta do Daerp e plano de retomada do com\u00e9rcio em Ribeir\u00e3o Preto"},"content":{"rendered":"<p> <br \/>\n<\/p>\n<div>\n<p>O prefeito eleito de <strong>Ribeir\u00e3o Preto<\/strong>, <strong>Ricardo Silva (PSD)<\/strong>, disse nesta segunda-feira (28), ao <strong>acidade on Ribeir\u00e3o<\/strong>, que <mark style=\"background-color:#fcb900\" class=\"has-inline-color has-black-color\">a primeira medida como Chefe do Executivo ser\u00e1 a cria\u00e7\u00e3o de um plano para retomada do com\u00e9rcio.<\/mark><\/p>\n<p>Ele tamb\u00e9m afirmou que vai enviar para C\u00e2mara um projeto de lei para transformar a<strong> Saerp (Secretaria de \u00c1gua e Esgoto de Ribeir\u00e3o Preto) <\/strong>em<strong> Daerp (Departamento de \u00c1gua e Esgotos de Ribeir\u00e3o Preto)<\/strong>, voltando a ser uma autarquia.<\/p>\n<p>Na entrevista, Ricardo Silva ainda destacou que vai revisar as linhas do transporte p\u00fablico de Ribeir\u00e3o Preto para cria\u00e7\u00e3o de liga\u00e7\u00f5es bairro a bairro, para incentivar o uso pela popula\u00e7\u00e3o. Confira:<\/p>\n<h4 class=\"wp-block-heading\"><strong>\u2018Unindo a cidade\u2019<\/strong><\/h4>\n<blockquote class=\"instagram-media\" data-instgrm-permalink=\"https:\/\/www.instagram.com\/reel\/DBrKPmGuJRp\/?utm_source=ig_embed&amp;utm_campaign=loading\" data-instgrm-version=\"14\" style=\" background:#FFF; border:0; border-radius:3px; box-shadow:0 0 1px 0 rgba(0,0,0,0.5),0 1px 10px 0 rgba(0,0,0,0.15); margin: 1px; max-width:540px; min-width:326px; padding:0; width:99.375%; width:-webkit-calc(100% - 2px); width:calc(100% - 2px);\"\/>\n<p>O prefeito eleito Ricardo Silva come\u00e7ou a entrevista agradecendo os 131.421 votos que o elegeram (apenas 687 votos a mais do que o candidato<strong> Marco Aur\u00e9lio<\/strong>), e falou em unir a cidade.<\/p>\n<p>\u201cDizer para quem n\u00e3o votou, do mesmo modo, muito obrigado tamb\u00e9m, porque voc\u00eas ter\u00e3o orgulho do prefeito de Ribeir\u00e3o Preto. Eu quero dizer que vou governar para todos, unindo a cidade como um todo\u201d.<\/p>\n<p>Questionado sobre a primeira medida como prefeito, assim quando tomar posse, em 1\u00ba de janeiro de 2025, Ricardo Silva disse que vai criar um plano para retomada do com\u00e9rcio.<\/p>\n<p>\u201cFaremos um plano para retomar o com\u00e9rcio, que sofreu muito com a pandemia, depois com a quest\u00e3o das obras\u201d, afirma. Segundo o prefeito eleito, essa \u00e9 uma \u201cquest\u00e3o urgente para economia e gera\u00e7\u00e3o de empregos\u201d.<\/p>\n<p>Ricardo Silva tamb\u00e9m falou que vai iniciar um projeto para resolver o problema da falta de vagas em creches, al\u00e9m de ampliar o n\u00famero de m\u00e9dicos em postos de sa\u00fade.<\/p>\n<h4 class=\"wp-block-heading\"><strong>Daerp de volta?<\/strong><\/h4>\n<blockquote class=\"instagram-media\" data-instgrm-permalink=\"https:\/\/www.instagram.com\/reel\/DBrQtADBSA4\/?utm_source=ig_embed&amp;utm_campaign=loading\" data-instgrm-version=\"14\" style=\" background:#FFF; border:0; border-radius:3px; box-shadow:0 0 1px 0 rgba(0,0,0,0.5),0 1px 10px 0 rgba(0,0,0,0.15); margin: 1px; max-width:540px; min-width:326px; padding:0; width:99.375%; width:-webkit-calc(100% - 2px); width:calc(100% - 2px);\"\/>\n<p>O futuro prefeito de Ribeir\u00e3o Preto tamb\u00e9m declarou que, assim que assumir o Executivo, vai enviar para <strong>C\u00e2mara Municipal<\/strong> um projeto de lei para que a<strong> Saerp (Secretaria de \u00c1gua e Esgoto de Ribeir\u00e3o Preto) <\/strong>volte a ser uma autarquia, com mais autonomia em rela\u00e7\u00e3o a prefeitura, retomando o<strong> Daerp (Departamento de \u00c1gua e Esgoto de Ribeir\u00e3o Preto)<\/strong>.<\/p>\n<p>\u201cNenhuma cidade do porte de Ribeir\u00e3o Preto tem a \u00e1gua cuidada por uma secretaria. Claro que teremos um tempo para fazer essa mudan\u00e7a, que \u00e9 uma mudan\u00e7a estrutural. Vai depender da aprova\u00e7\u00e3o de um projeto na C\u00e2mara Municipal. Vamos ter que ter o di\u00e1logo com a C\u00e2mara de Vereadores, que eu tenho muito bem a governabilidade\u201d, disse. \u201cVamos fazer e r\u00e1pido\u201d.<\/p>\n<h4 class=\"wp-block-heading\"><strong>Transporte p\u00fablico<\/strong><\/h4>\n<blockquote class=\"instagram-media\" data-instgrm-permalink=\"https:\/\/www.instagram.com\/reel\/DBrWiTCNwSl\/?utm_source=ig_embed&amp;utm_campaign=loading\" data-instgrm-version=\"14\" style=\" background:#FFF; border:0; border-radius:3px; box-shadow:0 0 1px 0 rgba(0,0,0,0.5),0 1px 10px 0 rgba(0,0,0,0.15); margin: 1px; max-width:540px; min-width:326px; padding:0; width:99.375%; width:-webkit-calc(100% - 2px); width:calc(100% - 2px);\"\/>\n<p>Ricardo Silva afirmou que o transporte coletivo precisa ser revisto, come\u00e7ando pelo corredor de \u00f4nibus da <strong>avenida Dom Pedro I<\/strong>. Entre as propostas do prefeito eleito de Ribeir\u00e3o Preto, est\u00e1 a permiss\u00e3o do estacionamento de ve\u00edculos em frente \u00e0s lojas fora dos hor\u00e1rios de pico.<\/p>\n<p>\u201cN\u00f3s temos que replanejar, na minha \u00f3tica, eu tenho conversado com especialistas, as linhas de \u00f4nibus. Algumas foram extintas, que eram muito importantes, n\u00e3o h\u00e1 liga\u00e7\u00e3o mais bairro a bairro, as pessoas t\u00eam que ir para o Centro da cidade para voltar para outro bairro. Muitas vezes, est\u00e1 a dois quil\u00f4metros de dist\u00e2ncia do destino, mas tem que ir l\u00e1 para o Centro, voltar depois. \u00c9 preciso rever algumas linhas\u201d.<\/p>\n<p>Disse que quer estimular as pessoas a usarem o transporte p\u00fablico. \u201cO \u00f4nibus precisa levar as pessoas, onde elas t\u00eam que chegar\u201d, completou.<\/p>\n<p>SAIBA MAIS<br \/>Nogueira indica secret\u00e1rio para transi\u00e7\u00e3o de governo de Ricardo Silva<\/p>\n<h4 class=\"wp-block-heading\"><strong>FIQUE ON<\/strong><\/h4>\n<p>Fique ligado em tudo que acontece em Ribeir\u00e3o Preto e regi\u00e3o. Siga os perfis do<strong> acidade on<\/strong> no <a href=\"https:\/\/www.instagram.com\/acidadeonribeirao\" target=\"_blank\" rel=\"noreferrer noopener nofollow\">Instagram<\/a> e no <a href=\"https:\/\/www.facebook.com\/acidadeonribeirao\/\" target=\"_blank\" rel=\"noreferrer noopener nofollow\">Facebook<\/a>.<\/p>\n<p>Receba not\u00edcias do <strong>acidade on<\/strong> no WhatsApp. <a href=\"https:\/\/chat.whatsapp.com\/Fg4ok3aAVyB59DP63pRapr\" target=\"_blank\" rel=\"noreferrer noopener nofollow\">Para entrar no grupo, basta clicar aqui.<\/a><\/p>\n<p>Fa\u00e7a uma den\u00fancia ou sugira uma reportagem sobre Ribeir\u00e3o Preto e regi\u00e3o pelo WhatsApp: 16 99117 7802.<\/p>\n<p>VEJA TAMB\u00c9M<br \/>At\u00e9 quando pode justificar o voto p\u00f3s-elei\u00e7\u00e3o?<\/p>\n<p><!-- CONTENT END 1 -->\n<\/div>\n<p><script async src=\"\/\/www.instagram.com\/embed.js\"><\/script><br \/>\n<br \/><br \/>\n<br \/><a href=\"https:\/\/www.acidadeon.com\/ribeiraopreto\/politica\/ricardo-silva-fala-sobre-volta-do-daerp-e-plano-de-retomada-do-comercio-de-ribeirao-preto\/\">Source link <\/a><\/p>\n","protected":false},"excerpt":{"rendered":"<p>O prefeito eleito de Ribeir\u00e3o Preto, Ricardo Silva (PSD), disse nesta segunda-feira (28), ao acidade on Ribeir\u00e3o, que a primeira medida como Chefe do Executivo&#8230;<\/p>\n","protected":false},"author":1,"featured_media":73751,"comment_status":"open","ping_status":"open","sticky":false,"template":"","format":"standard","meta":{"_uag_custom_page_level_css":"","advanced_seo_description":"","jetpack_seo_html_title":"","jetpack_seo_noindex":false,"jetpack_post_was_ever_published":false,"_jetpack_newsletter_access":"","_jetpack_dont_email_post_to_subs":false,"_jetpack_newsletter_tier_id":0,"_jetpack_memberships_contains_paywalled_content":false,"_jetpack_memberships_contains_paid_content":false,"footnotes":"","jetpack_publicize_message":"","jetpack_publicize_feature_enabled":true,"jetpack_social_post_already_shared":true,"jetpack_social_options":{"image_generator_settings":{"template":"highway","default_image_id":0,"font":"","enabled":false},"version":2}},"categories":[11],"tags":[],"class_list":["post-73750","post","type-post","status-publish","format-standard","has-post-thumbnail","hentry","category-noticias-de-ribeirao-preto-sp-e-regiao-ismael-colosi"],"jetpack_publicize_connections":[],"jetpack_featured_media_url":"https:\/\/i0.wp.com\/ismaelcolosi.com.br\/wp-content\/uploads\/2024\/10\/ricardo-silva-psd_2024-10-28_18-34-18_jpg_2024-10-28_18-34-19.webp.webp?fit=1200%2C883&ssl=1","uagb_featured_image_src":{"full":["https:\/\/i0.wp.com\/ismaelcolosi.com.br\/wp-content\/uploads\/2024\/10\/ricardo-silva-psd_2024-10-28_18-34-18_jpg_2024-10-28_18-34-19.webp.webp?fit=1200%2C883&ssl=1",1200,883,false],"thumbnail":["https:\/\/i0.wp.com\/ismaelcolosi.com.br\/wp-content\/uploads\/2024\/10\/ricardo-silva-psd_2024-10-28_18-34-18_jpg_2024-10-28_18-34-19.webp.webp?resize=150%2C150&ssl=1",150,150,true],"medium":["https:\/\/i0.wp.com\/ismaelcolosi.com.br\/wp-content\/uploads\/2024\/10\/ricardo-silva-psd_2024-10-28_18-34-18_jpg_2024-10-28_18-34-19.webp.webp?fit=300%2C221&ssl=1",300,221,true],"medium_large":["https:\/\/i0.wp.com\/ismaelcolosi.com.br\/wp-content\/uploads\/2024\/10\/ricardo-silva-psd_2024-10-28_18-34-18_jpg_2024-10-28_18-34-19.webp.webp?fit=768%2C565&ssl=1",768,565,true],"large":["https:\/\/i0.wp.com\/ismaelcolosi.com.br\/wp-content\/uploads\/2024\/10\/ricardo-silva-psd_2024-10-28_18-34-18_jpg_2024-10-28_18-34-19.webp.webp?fit=1024%2C753&ssl=1",1024,753,true],"1536x1536":["https:\/\/i0.wp.com\/ismaelcolosi.com.br\/wp-content\/uploads\/2024\/10\/ricardo-silva-psd_2024-10-28_18-34-18_jpg_2024-10-28_18-34-19.webp.webp?fit=1200%2C883&ssl=1",1200,883,true],"2048x2048":["https:\/\/i0.wp.com\/ismaelcolosi.com.br\/wp-content\/uploads\/2024\/10\/ricardo-silva-psd_2024-10-28_18-34-18_jpg_2024-10-28_18-34-19.webp.webp?fit=1200%2C883&ssl=1",1200,883,true],"really-simple-thumb":["https:\/\/i0.wp.com\/ismaelcolosi.com.br\/wp-content\/uploads\/2024\/10\/ricardo-silva-psd_2024-10-28_18-34-18_jpg_2024-10-28_18-34-19.webp.webp?resize=370%2C247&ssl=1",370,247,true]},"uagb_author_info":{"display_name":"ismaelcolosi.com.br","author_link":"https:\/\/ismaelcolosi.com.br\/index.php\/author\/vidareal-online\/"},"uagb_comment_info":0,"uagb_excerpt":"O prefeito eleito de Ribeir\u00e3o Preto, Ricardo Silva (PSD), disse nesta segunda-feira (28), ao acidade on Ribeir\u00e3o, que a primeira medida como Chefe do Executivo...","jetpack-related-posts":[{"id":73797,"url":"https:\/\/ismaelcolosi.com.br\/index.php\/2024\/10\/28\/o-que-se-sabe-sobre-possibilidade-do-trem-intercidades-em-ribeirao-preto\/","url_meta":{"origin":73750,"position":0},"title":"O que se sabe sobre possibilidade do Trem Intercidades em Ribeir\u00e3o Preto","author":"ismaelcolosi.com.br","date":"28 de October de 2024","format":false,"excerpt":"Na semana passada, o governador de S\u00e3o Paulo, Tarc\u00edsio de Freitas (REP), voltou a falar sobre a possibilidade de estender o TIC (Trem Intercidades) at\u00e9 Ribeir\u00e3o Preto. No \u00faltimo m\u00eas de maio, o governo paulista j\u00e1 havia lan\u00e7ado o programa SP Nos Trilhos, que re\u00fane propostas de inova\u00e7\u00e3o em mobilidade.\u2026","rel":"","context":"In &quot;Not\u00edcias de Ribeir\u00e3o Preto-SP e Regi\u00e3o&quot;","block_context":{"text":"Not\u00edcias de Ribeir\u00e3o Preto-SP e Regi\u00e3o","link":"https:\/\/ismaelcolosi.com.br\/index.php\/category\/noticias-de-ribeirao-preto-sp-e-regiao-ismael-colosi\/"},"img":{"alt_text":"","src":"https:\/\/i0.wp.com\/ismaelcolosi.com.br\/wp-content\/uploads\/2024\/10\/trem_2024-10-28_20-37-59_jpg_2024-10-28_20-37-59.webp.webp?fit=979%2C534&ssl=1&resize=350%2C200","width":350,"height":200,"srcset":"https:\/\/i0.wp.com\/ismaelcolosi.com.br\/wp-content\/uploads\/2024\/10\/trem_2024-10-28_20-37-59_jpg_2024-10-28_20-37-59.webp.webp?fit=979%2C534&ssl=1&resize=350%2C200 1x, https:\/\/i0.wp.com\/ismaelcolosi.com.br\/wp-content\/uploads\/2024\/10\/trem_2024-10-28_20-37-59_jpg_2024-10-28_20-37-59.webp.webp?fit=979%2C534&ssl=1&resize=525%2C300 1.5x, https:\/\/i0.wp.com\/ismaelcolosi.com.br\/wp-content\/uploads\/2024\/10\/trem_2024-10-28_20-37-59_jpg_2024-10-28_20-37-59.webp.webp?fit=979%2C534&ssl=1&resize=700%2C400 2x"},"classes":[]},{"id":69187,"url":"https:\/\/ismaelcolosi.com.br\/index.php\/2024\/10\/04\/veja-como-foi-o-debate-da-eptv-com-candidatos-a-prefeitura-de-ribeirao-preto\/","url_meta":{"origin":73750,"position":1},"title":"Veja como foi o debate da EPTV com candidatos \u00e0 Prefeitura de Ribeir\u00e3o Preto","author":"ismaelcolosi.com.br","date":"4 de October de 2024","format":false,"excerpt":"Quatro candidatos \u00e0 Prefeitura de Ribeir\u00e3o Preto participaram do debate promovido pela EPTV na noite desta quinta-feira (3), que se estendeu at\u00e9 o come\u00e7o da madrugada de sexta-feira (4). O debate foi mediado pelo jornalista Guilherme Nali. Os quatro candidatos \u2013 Andr\u00e9 Trindade (Uni\u00e3o), Jorge Roque (PT), Marco Aur\u00e9lio (Novo)\u2026","rel":"","context":"In &quot;Not\u00edcias de Ribeir\u00e3o Preto-SP e Regi\u00e3o&quot;","block_context":{"text":"Not\u00edcias de Ribeir\u00e3o Preto-SP e Regi\u00e3o","link":"https:\/\/ismaelcolosi.com.br\/index.php\/category\/noticias-de-ribeirao-preto-sp-e-regiao-ismael-colosi\/"},"img":{"alt_text":"","src":"https:\/\/i0.wp.com\/ismaelcolosi.com.br\/wp-content\/uploads\/2024\/10\/Copia-de-Copia-de-Copia-de-TAMANHO-EXATO-PARA-FOTOS-NO-SISTEMA-NOVO-93_2024-10-04_02-58-43_png_2024-10-04_02-58-43.webp.webp?fit=1200%2C675&ssl=1&resize=350%2C200","width":350,"height":200,"srcset":"https:\/\/i0.wp.com\/ismaelcolosi.com.br\/wp-content\/uploads\/2024\/10\/Copia-de-Copia-de-Copia-de-TAMANHO-EXATO-PARA-FOTOS-NO-SISTEMA-NOVO-93_2024-10-04_02-58-43_png_2024-10-04_02-58-43.webp.webp?fit=1200%2C675&ssl=1&resize=350%2C200 1x, https:\/\/i0.wp.com\/ismaelcolosi.com.br\/wp-content\/uploads\/2024\/10\/Copia-de-Copia-de-Copia-de-TAMANHO-EXATO-PARA-FOTOS-NO-SISTEMA-NOVO-93_2024-10-04_02-58-43_png_2024-10-04_02-58-43.webp.webp?fit=1200%2C675&ssl=1&resize=525%2C300 1.5x, https:\/\/i0.wp.com\/ismaelcolosi.com.br\/wp-content\/uploads\/2024\/10\/Copia-de-Copia-de-Copia-de-TAMANHO-EXATO-PARA-FOTOS-NO-SISTEMA-NOVO-93_2024-10-04_02-58-43_png_2024-10-04_02-58-43.webp.webp?fit=1200%2C675&ssl=1&resize=700%2C400 2x, https:\/\/i0.wp.com\/ismaelcolosi.com.br\/wp-content\/uploads\/2024\/10\/Copia-de-Copia-de-Copia-de-TAMANHO-EXATO-PARA-FOTOS-NO-SISTEMA-NOVO-93_2024-10-04_02-58-43_png_2024-10-04_02-58-43.webp.webp?fit=1200%2C675&ssl=1&resize=1050%2C600 3x"},"classes":[]},{"id":74867,"url":"https:\/\/ismaelcolosi.com.br\/index.php\/2024\/11\/03\/os-novos-desafios-de-ricardo-silva\/","url_meta":{"origin":73750,"position":2},"title":"Os novos desafios de Ricardo Silva\u00a0","author":"ismaelcolosi.com.br","date":"3 de November de 2024","format":false,"excerpt":"A partir do dia 1 de janeiro de 2025, o atual deputado federal Ricardo Silva (PSD) administrar\u00e1 Ribeir\u00e3o Preto pelos pr\u00f3ximos quatro anos (2025\/2028). Eleito em uma das mais acirradas disputas que a cidade j\u00e1 vivenciou \u2013 a diferen\u00e7a de votos entre ele e o segundo colocado foi de apenas\u2026","rel":"","context":"In &quot;Not\u00edcias de Ribeir\u00e3o Preto-SP e Regi\u00e3o&quot;","block_context":{"text":"Not\u00edcias de Ribeir\u00e3o Preto-SP e Regi\u00e3o","link":"https:\/\/ismaelcolosi.com.br\/index.php\/category\/noticias-de-ribeirao-preto-sp-e-regiao-ismael-colosi\/"},"img":{"alt_text":"","src":"https:\/\/i0.wp.com\/ismaelcolosi.com.br\/wp-content\/uploads\/2024\/11\/3-7-scaled.jpg?fit=750%2C500&ssl=1&resize=350%2C200","width":350,"height":200,"srcset":"https:\/\/i0.wp.com\/ismaelcolosi.com.br\/wp-content\/uploads\/2024\/11\/3-7-scaled.jpg?fit=750%2C500&ssl=1&resize=350%2C200 1x, https:\/\/i0.wp.com\/ismaelcolosi.com.br\/wp-content\/uploads\/2024\/11\/3-7-scaled.jpg?fit=750%2C500&ssl=1&resize=525%2C300 1.5x, https:\/\/i0.wp.com\/ismaelcolosi.com.br\/wp-content\/uploads\/2024\/11\/3-7-scaled.jpg?fit=750%2C500&ssl=1&resize=700%2C400 2x"},"classes":[]},{"id":69598,"url":"https:\/\/ismaelcolosi.com.br\/index.php\/2024\/10\/06\/veja-o-que-ricardo-silva-falou-sobre-o-1o-turno-das-eleicoes-em-ribeirao-preto\/","url_meta":{"origin":73750,"position":3},"title":"Veja o que Ricardo Silva falou sobre o 1\u00ba turno das elei\u00e7\u00f5es em Ribeir\u00e3o Preto","author":"ismaelcolosi.com.br","date":"6 de October de 2024","format":false,"excerpt":"Ricardo Silva (PSD) est\u00e1 eleito para o 2\u00ba turno das elei\u00e7\u00f5es em Ribeir\u00e3o Preto. O candidato acompanhou a apura\u00e7\u00e3o das urnas na casa do pai, Rafael Silva, em um condom\u00ednio na zona sul do munic\u00edpio. Por volta das 18h30, Ricardo seguiu para o comit\u00ea de campanha, localizado na avenida Saudade.\u2026","rel":"","context":"In &quot;Not\u00edcias de Ribeir\u00e3o Preto-SP e Regi\u00e3o&quot;","block_context":{"text":"Not\u00edcias de Ribeir\u00e3o Preto-SP e Regi\u00e3o","link":"https:\/\/ismaelcolosi.com.br\/index.php\/category\/noticias-de-ribeirao-preto-sp-e-regiao-ismael-colosi\/"},"img":{"alt_text":"","src":"https:\/\/i0.wp.com\/ismaelcolosi.com.br\/wp-content\/uploads\/2024\/10\/456668815_1079387000224005_189519183757748031_n_2024-10-07_00-56-17_jpg_2024-10-07_00-56-17.webp.webp?fit=1200%2C800&ssl=1&resize=350%2C200","width":350,"height":200,"srcset":"https:\/\/i0.wp.com\/ismaelcolosi.com.br\/wp-content\/uploads\/2024\/10\/456668815_1079387000224005_189519183757748031_n_2024-10-07_00-56-17_jpg_2024-10-07_00-56-17.webp.webp?fit=1200%2C800&ssl=1&resize=350%2C200 1x, https:\/\/i0.wp.com\/ismaelcolosi.com.br\/wp-content\/uploads\/2024\/10\/456668815_1079387000224005_189519183757748031_n_2024-10-07_00-56-17_jpg_2024-10-07_00-56-17.webp.webp?fit=1200%2C800&ssl=1&resize=525%2C300 1.5x, https:\/\/i0.wp.com\/ismaelcolosi.com.br\/wp-content\/uploads\/2024\/10\/456668815_1079387000224005_189519183757748031_n_2024-10-07_00-56-17_jpg_2024-10-07_00-56-17.webp.webp?fit=1200%2C800&ssl=1&resize=700%2C400 2x, https:\/\/i0.wp.com\/ismaelcolosi.com.br\/wp-content\/uploads\/2024\/10\/456668815_1079387000224005_189519183757748031_n_2024-10-07_00-56-17_jpg_2024-10-07_00-56-17.webp.webp?fit=1200%2C800&ssl=1&resize=1050%2C600 3x"},"classes":[]},{"id":68214,"url":"https:\/\/ismaelcolosi.com.br\/index.php\/2024\/09\/27\/ubds-central-e-reestruturacao-da-cohab-veja-as-promessas-de-ricardo-silva-para-ribeirao-preto\/","url_meta":{"origin":73750,"position":4},"title":"UBDS Central e reestrutura\u00e7\u00e3o da Cohab: Veja as promessas de Ricardo Silva para Ribeir\u00e3o Preto","author":"ismaelcolosi.com.br","date":"27 de September de 2024","format":false,"excerpt":"O acidade on Ribeir\u00e3o realizou nesta semana uma s\u00e9rie de entrevistas com os candidatos \u00e0 Prefeitura de Ribeir\u00e3o Preto nas elei\u00e7\u00f5es 2024. Nesta sexta-feira (27) o entrevistado foi o deputado federal Ricardo Silva (PSD) \u2013 veja o player acima. Ricardo Silva \u00e9 candidato pela coliga\u00e7\u00e3o Pra Ribeir\u00e3o Avan\u00e7ar, formada por\u2026","rel":"","context":"In &quot;Not\u00edcias de Ribeir\u00e3o Preto-SP e Regi\u00e3o&quot;","block_context":{"text":"Not\u00edcias de Ribeir\u00e3o Preto-SP e Regi\u00e3o","link":"https:\/\/ismaelcolosi.com.br\/index.php\/category\/noticias-de-ribeirao-preto-sp-e-regiao-ismael-colosi\/"},"img":{"alt_text":"","src":"https:\/\/i0.wp.com\/ismaelcolosi.com.br\/wp-content\/uploads\/2024\/09\/ricardo-silva_2024-09-27_21-37-36_jpg_2024-09-27_21-37-36.webp.webp?fit=1200%2C703&ssl=1&resize=350%2C200","width":350,"height":200,"srcset":"https:\/\/i0.wp.com\/ismaelcolosi.com.br\/wp-content\/uploads\/2024\/09\/ricardo-silva_2024-09-27_21-37-36_jpg_2024-09-27_21-37-36.webp.webp?fit=1200%2C703&ssl=1&resize=350%2C200 1x, https:\/\/i0.wp.com\/ismaelcolosi.com.br\/wp-content\/uploads\/2024\/09\/ricardo-silva_2024-09-27_21-37-36_jpg_2024-09-27_21-37-36.webp.webp?fit=1200%2C703&ssl=1&resize=525%2C300 1.5x, https:\/\/i0.wp.com\/ismaelcolosi.com.br\/wp-content\/uploads\/2024\/09\/ricardo-silva_2024-09-27_21-37-36_jpg_2024-09-27_21-37-36.webp.webp?fit=1200%2C703&ssl=1&resize=700%2C400 2x, https:\/\/i0.wp.com\/ismaelcolosi.com.br\/wp-content\/uploads\/2024\/09\/ricardo-silva_2024-09-27_21-37-36_jpg_2024-09-27_21-37-36.webp.webp?fit=1200%2C703&ssl=1&resize=1050%2C600 3x"},"classes":[]},{"id":74875,"url":"https:\/\/ismaelcolosi.com.br\/index.php\/2024\/11\/03\/o-que-as-entidades-esperam-do-proximo-prefeito\/","url_meta":{"origin":73750,"position":5},"title":"O que as entidades esperam do pr\u00f3ximo prefeito\u00a0","author":"ismaelcolosi.com.br","date":"3 de November de 2024","format":false,"excerpt":"Tribuna Ribeir\u00e3o ouviu algumas das principais entidade de classe da cidade em rela\u00e7\u00e3o ao futuro prefeito\u00a0 3 de novembro de 20243 de novembro de 202410 Compartilhar0 O Tribuna Ribeir\u00e3o perguntou para entidades de classe de Ribeir\u00e3o Preto cidade o que elas esperam da pr\u00f3xima administra\u00e7\u00e3o municipal \u2013 2025\/2028, com Ricardo\u2026","rel":"","context":"In &quot;Not\u00edcias de Ribeir\u00e3o Preto-SP e Regi\u00e3o&quot;","block_context":{"text":"Not\u00edcias de Ribeir\u00e3o Preto-SP e Regi\u00e3o","link":"https:\/\/ismaelcolosi.com.br\/index.php\/category\/noticias-de-ribeirao-preto-sp-e-regiao-ismael-colosi\/"},"img":{"alt_text":"","src":"https:\/\/i0.wp.com\/ismaelcolosi.com.br\/wp-content\/uploads\/2024\/11\/ICMS-Max-Gallao-Mesquita-1-scaled.jpg?fit=772%2C500&ssl=1&resize=350%2C200","width":350,"height":200,"srcset":"https:\/\/i0.wp.com\/ismaelcolosi.com.br\/wp-content\/uploads\/2024\/11\/ICMS-Max-Gallao-Mesquita-1-scaled.jpg?fit=772%2C500&ssl=1&resize=350%2C200 1x, https:\/\/i0.wp.com\/ismaelcolosi.com.br\/wp-content\/uploads\/2024\/11\/ICMS-Max-Gallao-Mesquita-1-scaled.jpg?fit=772%2C500&ssl=1&resize=525%2C300 1.5x, https:\/\/i0.wp.com\/ismaelcolosi.com.br\/wp-content\/uploads\/2024\/11\/ICMS-Max-Gallao-Mesquita-1-scaled.jpg?fit=772%2C500&ssl=1&resize=700%2C400 2x"},"classes":[]}],"jetpack_sharing_enabled":true,"jetpack_shortlink":"https:\/\/wp.me\/pfMlyK-jbw","_links":{"self":[{"href":"https:\/\/ismaelcolosi.com.br\/index.php\/wp-json\/wp\/v2\/posts\/73750","targetHints":{"allow":["GET"]}}],"collection":[{"href":"https:\/\/ismaelcolosi.com.br\/index.php\/wp-json\/wp\/v2\/posts"}],"about":[{"href":"https:\/\/ismaelcolosi.com.br\/index.php\/wp-json\/wp\/v2\/types\/post"}],"author":[{"embeddable":true,"href":"https:\/\/ismaelcolosi.com.br\/index.php\/wp-json\/wp\/v2\/users\/1"}],"replies":[{"embeddable":true,"href":"https:\/\/ismaelcolosi.com.br\/index.php\/wp-json\/wp\/v2\/comments?post=73750"}],"version-history":[{"count":0,"href":"https:\/\/ismaelcolosi.com.br\/index.php\/wp-json\/wp\/v2\/posts\/73750\/revisions"}],"wp:featuredmedia":[{"embeddable":true,"href":"https:\/\/ismaelcolosi.com.br\/index.php\/wp-json\/wp\/v2\/media\/73751"}],"wp:attachment":[{"href":"https:\/\/ismaelcolosi.com.br\/index.php\/wp-json\/wp\/v2\/media?parent=73750"}],"wp:term":[{"taxonomy":"category","embeddable":true,"href":"https:\/\/ismaelcolosi.com.br\/index.php\/wp-json\/wp\/v2\/categories?post=73750"},{"taxonomy":"post_tag","embeddable":true,"href":"https:\/\/ismaelcolosi.com.br\/index.php\/wp-json\/wp\/v2\/tags?post=73750"}],"curies":[{"name":"wp","href":"https:\/\/api.w.org\/{rel}","templated":true}]}}