{"id":73719,"date":"2024-10-28T13:46:24","date_gmt":"2024-10-28T16:46:24","guid":{"rendered":"https:\/\/ismaelcolosi.com.br\/index.php\/2024\/10\/28\/nogueira-indica-secretario-para-transicao-de-governo-de-ricardo-silva\/"},"modified":"2024-10-28T13:46:24","modified_gmt":"2024-10-28T16:46:24","slug":"nogueira-indica-secretario-para-transicao-de-governo-de-ricardo-silva","status":"publish","type":"post","link":"https:\/\/ismaelcolosi.com.br\/index.php\/2024\/10\/28\/nogueira-indica-secretario-para-transicao-de-governo-de-ricardo-silva\/","title":{"rendered":"Nogueira indica secret\u00e1rio para transi\u00e7\u00e3o de governo de Ricardo Silva"},"content":{"rendered":"<p> <br \/>\n<\/p>\n<div data-td-block-uid=\"tdi_106\">\n<div class=\"tdb-block-inner td-fix-index\">\n<p>O prefeito de <strong>Ribeir\u00e3o Preto<\/strong>, <strong>Duarte Nogueira (PSDB)<\/strong>, indicou nesta segunda-feira (28) o secret\u00e1rio de Governo <strong>Antonio Daas Abboud <\/strong>para come\u00e7ar a <mark style=\"background-color:#fcb900\" class=\"has-inline-color has-black-color\">transi\u00e7\u00e3o de gest\u00e3o junto com a equipe que ser\u00e1 indicada pelo prefeito eleito <strong>Ricardo Silva (PSD)<\/strong>.<\/mark><\/p>\n<p>A coluna apurou que o novo prefeito eleito ainda avalia quem indicar\u00e1 para conduzir a transi\u00e7\u00e3o. Conforme os dados do<strong> TSE (Tribunal Superior Eleitoral)<\/strong>, Ricardo Silva recebeu 131.421 votos (50,13%). O candidato derrotado no 2\u00ba turno, o empres\u00e1rio Marco Aur\u00e9lio (Novo) teve 130.764 mil votos (49,87%).<\/p>\n<blockquote class=\"instagram-media\" data-instgrm-permalink=\"https:\/\/www.instagram.com\/reel\/DBrKPmGuJRp\/?utm_source=ig_embed&amp;utm_campaign=loading\" data-instgrm-version=\"14\" style=\" background:#FFF; border:0; border-radius:3px; box-shadow:0 0 1px 0 rgba(0,0,0,0.5),0 1px 10px 0 rgba(0,0,0,0.15); margin: 1px; max-width:540px; min-width:326px; padding:0; width:99.375%; width:-webkit-calc(100% - 2px); width:calc(100% - 2px);\"\/>\n<h4 class=\"wp-block-heading\"><strong>Quem \u00e9 Antonio Daas Abboud?<\/strong><\/h4>\n<p>Abboud \u00e9 um dos homens forte da gest\u00e3o de Duarte Nogueira na Prefeitura de Ribeir\u00e3o Preto. Ele ficou conhecido durante a pandemia da covid-19 por anunciar os planos de restri\u00e7\u00f5es e flexibiliza\u00e7\u00f5es adotados pela Administra\u00e7\u00e3o Municipal.<\/p>\n<p>Durante o governo, ele ocupou diversas fun\u00e7\u00f5es, como o cargo de secret\u00e1rio adjunto da Educa\u00e7\u00e3o. Ele tamb\u00e9m \u00e9 membro de diversos conselhos da Administra\u00e7\u00e3o, como da Cohab, Gasto P\u00fablico, Controle de Empresas Municipais, RP Mobi, Coderp, Theatro Pedro II e conselho curador da\u00a0 Funda\u00e7\u00e3o Hospital Santa Lydia.<\/p>\n<p>SAIBA MAIS<br \/>Ped\u00e1gio eletr\u00f4nico come\u00e7a a operar nesta semana na regi\u00e3o de Ribeir\u00e3o Preto<\/p>\n<h4 class=\"wp-block-heading\"><strong>FIQUE ON<\/strong><\/h4>\n<p>Fique ligado em tudo que acontece em Ribeir\u00e3o Preto e regi\u00e3o. Siga os perfis do <strong>acidade on<\/strong> no <a href=\"https:\/\/www.instagram.com\/acidadeonribeirao\" target=\"_blank\" rel=\"noreferrer noopener nofollow\">Instagram<\/a> e no <a href=\"https:\/\/www.facebook.com\/acidadeonribeirao\/\" target=\"_blank\" rel=\"noreferrer noopener nofollow\">Facebook<\/a>.<\/p>\n<p>Receba not\u00edcias do <strong>acidade on <\/strong>no WhatsApp. <a href=\"https:\/\/chat.whatsapp.com\/Fg4ok3aAVyB59DP63pRapr\" target=\"_blank\" rel=\"noreferrer noopener nofollow\">Para entrar no grupo, basta clicar aqui.<\/a><\/p>\n<p>Fa\u00e7a uma den\u00fancia ou sugira uma reportagem sobre Ribeir\u00e3o Preto e regi\u00e3o pelo WhatsApp: 16 99117 7802.<\/p>\n<p>VEJA TAMB\u00c9M<br \/>Em quais cidades o Bolsa Fam\u00edlia ser\u00e1 antecipado?<\/p>\n<p><!-- CONTENT END 1 -->\n<\/div>\n<\/div>\n<p><script async src=\"\/\/www.instagram.com\/embed.js\"><\/script><br \/>\n<br \/><br \/>\n<br \/><a href=\"https:\/\/www.acidadeon.com\/ribeiraopreto\/politica\/nevio-archibald\/nogueira-indica-secretario-para-transicao-de-governo-de-ricardo-silva\/\">Source link <\/a><\/p>\n","protected":false},"excerpt":{"rendered":"<p>O prefeito de Ribeir\u00e3o Preto, Duarte Nogueira (PSDB), indicou nesta segunda-feira (28) o secret\u00e1rio de Governo Antonio Daas Abboud para come\u00e7ar a transi\u00e7\u00e3o de gest\u00e3o&#8230;<\/p>\n","protected":false},"author":1,"featured_media":73720,"comment_status":"open","ping_status":"open","sticky":false,"template":"","format":"standard","meta":{"_uag_custom_page_level_css":"","jetpack_post_was_ever_published":false,"_jetpack_newsletter_access":"","_jetpack_dont_email_post_to_subs":false,"_jetpack_newsletter_tier_id":0,"_jetpack_memberships_contains_paywalled_content":false,"_jetpack_memberships_contains_paid_content":false,"footnotes":"","jetpack_publicize_message":"","jetpack_publicize_feature_enabled":true,"jetpack_social_post_already_shared":true,"jetpack_social_options":{"image_generator_settings":{"template":"highway","default_image_id":0,"font":"","enabled":false},"version":2}},"categories":[11],"tags":[],"class_list":["post-73719","post","type-post","status-publish","format-standard","has-post-thumbnail","hentry","category-noticias-de-ribeirao-preto-sp-e-regiao-ismael-colosi"],"aioseo_notices":[],"jetpack_publicize_connections":[],"jetpack_featured_media_url":"https:\/\/i0.wp.com\/ismaelcolosi.com.br\/wp-content\/uploads\/2024\/10\/abboud_2024-10-28_16-41-10_jpeg_2024-10-28_16-41-10.webp.webp?fit=1920%2C1079&ssl=1","uagb_featured_image_src":{"full":["https:\/\/i0.wp.com\/ismaelcolosi.com.br\/wp-content\/uploads\/2024\/10\/abboud_2024-10-28_16-41-10_jpeg_2024-10-28_16-41-10.webp.webp?fit=1920%2C1079&ssl=1",1920,1079,false],"thumbnail":["https:\/\/i0.wp.com\/ismaelcolosi.com.br\/wp-content\/uploads\/2024\/10\/abboud_2024-10-28_16-41-10_jpeg_2024-10-28_16-41-10.webp.webp?resize=150%2C150&ssl=1",150,150,true],"medium":["https:\/\/i0.wp.com\/ismaelcolosi.com.br\/wp-content\/uploads\/2024\/10\/abboud_2024-10-28_16-41-10_jpeg_2024-10-28_16-41-10.webp.webp?fit=300%2C169&ssl=1",300,169,true],"medium_large":["https:\/\/i0.wp.com\/ismaelcolosi.com.br\/wp-content\/uploads\/2024\/10\/abboud_2024-10-28_16-41-10_jpeg_2024-10-28_16-41-10.webp.webp?fit=768%2C432&ssl=1",768,432,true],"large":["https:\/\/i0.wp.com\/ismaelcolosi.com.br\/wp-content\/uploads\/2024\/10\/abboud_2024-10-28_16-41-10_jpeg_2024-10-28_16-41-10.webp.webp?fit=1024%2C575&ssl=1",1024,575,true],"1536x1536":["https:\/\/i0.wp.com\/ismaelcolosi.com.br\/wp-content\/uploads\/2024\/10\/abboud_2024-10-28_16-41-10_jpeg_2024-10-28_16-41-10.webp.webp?fit=1536%2C863&ssl=1",1536,863,true],"2048x2048":["https:\/\/i0.wp.com\/ismaelcolosi.com.br\/wp-content\/uploads\/2024\/10\/abboud_2024-10-28_16-41-10_jpeg_2024-10-28_16-41-10.webp.webp?fit=1920%2C1079&ssl=1",1920,1079,true],"really-simple-thumb":["https:\/\/i0.wp.com\/ismaelcolosi.com.br\/wp-content\/uploads\/2024\/10\/abboud_2024-10-28_16-41-10_jpeg_2024-10-28_16-41-10.webp.webp?resize=370%2C247&ssl=1",370,247,true]},"uagb_author_info":{"display_name":"ismaelcolosi.com.br","author_link":"https:\/\/ismaelcolosi.com.br\/index.php\/author\/vidareal-online\/"},"uagb_comment_info":0,"uagb_excerpt":"O prefeito de Ribeir\u00e3o Preto, Duarte Nogueira (PSDB), indicou nesta segunda-feira (28) o secret\u00e1rio de Governo Antonio Daas Abboud para come\u00e7ar a transi\u00e7\u00e3o de gest\u00e3o...","jetpack-related-posts":[{"id":74092,"url":"https:\/\/ismaelcolosi.com.br\/index.php\/2024\/10\/29\/secretario-de-governo-vai-comandar-equipe-de-transicao\/","url_meta":{"origin":73719,"position":0},"title":"Secret\u00e1rio de Governo vai comandar equipe de transi\u00e7\u00e3o","author":"ismaelcolosi.com.br","date":"29 de October de 2024","format":false,"excerpt":"28 de outubro de 2024100 Compartilhar0 O Secret\u00e1rio de Governo do prefeito Duarte Nogueira (PSDB), Antonio Daas Abbod ser\u00e1 o respons\u00e1vel pelo comando da equipe de transi\u00e7\u00e3o que ser\u00e1 nomeada para passar todos os dados da prefeitura para a equipe do prefeito eleito, Ricardo Silva (PSD). A equipe ser\u00e1 oficializada\u2026","rel":"","context":"In &quot;Not\u00edcias de Ribeir\u00e3o Preto-SP e Regi\u00e3o&quot;","block_context":{"text":"Not\u00edcias de Ribeir\u00e3o Preto-SP e Regi\u00e3o","link":"https:\/\/ismaelcolosi.com.br\/index.php\/category\/noticias-de-ribeirao-preto-sp-e-regiao-ismael-colosi\/"},"img":{"alt_text":"","src":"https:\/\/i0.wp.com\/ismaelcolosi.com.br\/wp-content\/uploads\/2024\/10\/4ec5b0ac-31e7-4370-a2d2-245c5ed2fb96-1.jpeg?fit=200%2C300&ssl=1&resize=350%2C200","width":350,"height":200},"classes":[]},{"id":73900,"url":"https:\/\/ismaelcolosi.com.br\/index.php\/2024\/10\/29\/ricardo-silva-e-duarte-nogueira-dao-inicio-ao-processo-de-transicao-em-ribeirao-preto\/","url_meta":{"origin":73719,"position":1},"title":"Ricardo Silva e Duarte Nogueira d\u00e3o in\u00edcio ao processo de transi\u00e7\u00e3o em Ribeir\u00e3o Preto","author":"ismaelcolosi.com.br","date":"29 de October de 2024","format":false,"excerpt":"O prefeito eleito de Ribeir\u00e3o Preto, Ricardo Silva (PSD), e o atual Chefe do Executivo Duarte Nogueira (PSDB), reuniram-se na manh\u00e3 desta ter\u00e7a-feira (29) para dar in\u00edcio ao processo de transi\u00e7\u00e3o de governo. Ricardo Silva venceu a elei\u00e7\u00e3o no \u00faltimo domingo ao derrotar Marco Aur\u00e9lio (Novo), por apenas 687 votos.\u2026","rel":"","context":"In &quot;Not\u00edcias de Ribeir\u00e3o Preto-SP e Regi\u00e3o&quot;","block_context":{"text":"Not\u00edcias de Ribeir\u00e3o Preto-SP e Regi\u00e3o","link":"https:\/\/ismaelcolosi.com.br\/index.php\/category\/noticias-de-ribeirao-preto-sp-e-regiao-ismael-colosi\/"},"img":{"alt_text":"","src":"https:\/\/i0.wp.com\/ismaelcolosi.com.br\/wp-content\/uploads\/2024\/10\/duarte-nogueira-ricardo-silva_2024-10-29_13-32-11_jpeg_2024-10-29_13-32-11.webp.webp?fit=1200%2C798&ssl=1&resize=350%2C200","width":350,"height":200,"srcset":"https:\/\/i0.wp.com\/ismaelcolosi.com.br\/wp-content\/uploads\/2024\/10\/duarte-nogueira-ricardo-silva_2024-10-29_13-32-11_jpeg_2024-10-29_13-32-11.webp.webp?fit=1200%2C798&ssl=1&resize=350%2C200 1x, https:\/\/i0.wp.com\/ismaelcolosi.com.br\/wp-content\/uploads\/2024\/10\/duarte-nogueira-ricardo-silva_2024-10-29_13-32-11_jpeg_2024-10-29_13-32-11.webp.webp?fit=1200%2C798&ssl=1&resize=525%2C300 1.5x, https:\/\/i0.wp.com\/ismaelcolosi.com.br\/wp-content\/uploads\/2024\/10\/duarte-nogueira-ricardo-silva_2024-10-29_13-32-11_jpeg_2024-10-29_13-32-11.webp.webp?fit=1200%2C798&ssl=1&resize=700%2C400 2x, https:\/\/i0.wp.com\/ismaelcolosi.com.br\/wp-content\/uploads\/2024\/10\/duarte-nogueira-ricardo-silva_2024-10-29_13-32-11_jpeg_2024-10-29_13-32-11.webp.webp?fit=1200%2C798&ssl=1&resize=1050%2C600 3x"},"classes":[]},{"id":74018,"url":"https:\/\/ismaelcolosi.com.br\/index.php\/2024\/10\/29\/ricardo-silva-anuncia-juiz-aposentado-como-coordenador-da-transicao-em-ribeirao-preto\/","url_meta":{"origin":73719,"position":2},"title":"Ricardo Silva anuncia juiz aposentado como coordenador da transi\u00e7\u00e3o em Ribeir\u00e3o Preto","author":"ismaelcolosi.com.br","date":"29 de October de 2024","format":false,"excerpt":"O prefeito eleito de Ribeir\u00e3o Preto, Ricardo Silva (PSD), anunciou na tarde desta ter\u00e7a-feira (29), o juiz federal aposentado Augusto Martinez Perez como coordenador do futuro governo. Na segunda-feira (28), o atual Chefe do Executivo Duarte Nogueira (PSDB) havia anunciado o secret\u00e1rio de Governo Antonio Daas Abboud para fazer parte\u2026","rel":"","context":"In &quot;Not\u00edcias de Ribeir\u00e3o Preto-SP e Regi\u00e3o&quot;","block_context":{"text":"Not\u00edcias de Ribeir\u00e3o Preto-SP e Regi\u00e3o","link":"https:\/\/ismaelcolosi.com.br\/index.php\/category\/noticias-de-ribeirao-preto-sp-e-regiao-ismael-colosi\/"},"img":{"alt_text":"","src":"https:\/\/i0.wp.com\/ismaelcolosi.com.br\/wp-content\/uploads\/2024\/10\/coordenador-transicao_2024-10-29_19-38-10_jpg_2024-10-29_19-38-11.webp.webp?fit=1199%2C886&ssl=1&resize=350%2C200","width":350,"height":200,"srcset":"https:\/\/i0.wp.com\/ismaelcolosi.com.br\/wp-content\/uploads\/2024\/10\/coordenador-transicao_2024-10-29_19-38-10_jpg_2024-10-29_19-38-11.webp.webp?fit=1199%2C886&ssl=1&resize=350%2C200 1x, https:\/\/i0.wp.com\/ismaelcolosi.com.br\/wp-content\/uploads\/2024\/10\/coordenador-transicao_2024-10-29_19-38-10_jpg_2024-10-29_19-38-11.webp.webp?fit=1199%2C886&ssl=1&resize=525%2C300 1.5x, https:\/\/i0.wp.com\/ismaelcolosi.com.br\/wp-content\/uploads\/2024\/10\/coordenador-transicao_2024-10-29_19-38-10_jpg_2024-10-29_19-38-11.webp.webp?fit=1199%2C886&ssl=1&resize=700%2C400 2x, https:\/\/i0.wp.com\/ismaelcolosi.com.br\/wp-content\/uploads\/2024\/10\/coordenador-transicao_2024-10-29_19-38-10_jpg_2024-10-29_19-38-11.webp.webp?fit=1199%2C886&ssl=1&resize=1050%2C600 3x"},"classes":[]},{"id":73587,"url":"https:\/\/ismaelcolosi.com.br\/index.php\/2024\/10\/27\/obrigacao-de-fazer-o-melhor-governo-da-historia-diz-ricardo-silva-novo-prefeito-de-ribeirao-preto\/","url_meta":{"origin":73719,"position":3},"title":"\u2018Obriga\u00e7\u00e3o de fazer o melhor governo da hist\u00f3ria\u2019, diz Ricardo Silva, novo prefeito de Ribeir\u00e3o Preto","author":"ismaelcolosi.com.br","date":"27 de October de 2024","format":false,"excerpt":"Ricardo Silva (PSD), eleito o novo prefeito de Ribeir\u00e3o Preto, disse que a vit\u00f3ria nas elei\u00e7\u00f5es municipais na noite deste domingo (27), \u00e9 um recado para que ele fa\u00e7a \u201co melhor governo da hist\u00f3ria de Ribeir\u00e3o Preto\u201d. \u201cEssa vit\u00f3ria, ela d\u00e1 um recado que \u00e9 da cidade de Ribeir\u00e3o Preto.\u2026","rel":"","context":"In &quot;Not\u00edcias de Ribeir\u00e3o Preto-SP e Regi\u00e3o&quot;","block_context":{"text":"Not\u00edcias de Ribeir\u00e3o Preto-SP e Regi\u00e3o","link":"https:\/\/ismaelcolosi.com.br\/index.php\/category\/noticias-de-ribeirao-preto-sp-e-regiao-ismael-colosi\/"},"img":{"alt_text":"","src":"https:\/\/i0.wp.com\/ismaelcolosi.com.br\/wp-content\/uploads\/2024\/10\/ricardo-silva-3_2024-10-27_23-19-58_jpeg_2024-10-27_23-19-58.webp.webp?fit=1200%2C900&ssl=1&resize=350%2C200","width":350,"height":200,"srcset":"https:\/\/i0.wp.com\/ismaelcolosi.com.br\/wp-content\/uploads\/2024\/10\/ricardo-silva-3_2024-10-27_23-19-58_jpeg_2024-10-27_23-19-58.webp.webp?fit=1200%2C900&ssl=1&resize=350%2C200 1x, https:\/\/i0.wp.com\/ismaelcolosi.com.br\/wp-content\/uploads\/2024\/10\/ricardo-silva-3_2024-10-27_23-19-58_jpeg_2024-10-27_23-19-58.webp.webp?fit=1200%2C900&ssl=1&resize=525%2C300 1.5x, https:\/\/i0.wp.com\/ismaelcolosi.com.br\/wp-content\/uploads\/2024\/10\/ricardo-silva-3_2024-10-27_23-19-58_jpeg_2024-10-27_23-19-58.webp.webp?fit=1200%2C900&ssl=1&resize=700%2C400 2x, https:\/\/i0.wp.com\/ismaelcolosi.com.br\/wp-content\/uploads\/2024\/10\/ricardo-silva-3_2024-10-27_23-19-58_jpeg_2024-10-27_23-19-58.webp.webp?fit=1200%2C900&ssl=1&resize=1050%2C600 3x"},"classes":[]},{"id":74787,"url":"https:\/\/ismaelcolosi.com.br\/index.php\/2024\/11\/02\/definidas-equipes-de-transicao-da-prefeitura-de-rp\/","url_meta":{"origin":73719,"position":4},"title":"Definidas equipes de transi\u00e7\u00e3o da prefeitura de RP","author":"ismaelcolosi.com.br","date":"2 de November de 2024","format":false,"excerpt":"O decreto que institui a equipe respons\u00e1vel pela coordena\u00e7\u00e3o do processo de transi\u00e7\u00e3o do governo Duarte Nogueira (PSDB) para o mandato 2025-2028, que ter\u00e1 Ricardo Silva (PSD) \u00e0 frente da prefeitura de Ribeir\u00e3o Preto, foi publicado, nesta sexta-feira, 1\u00ba de novembro, no Di\u00e1rio Oficial do Munic\u00edpio (DOM). Representando a atual\u2026","rel":"","context":"In &quot;Not\u00edcias de Ribeir\u00e3o Preto-SP e Regi\u00e3o&quot;","block_context":{"text":"Not\u00edcias de Ribeir\u00e3o Preto-SP e Regi\u00e3o","link":"https:\/\/ismaelcolosi.com.br\/index.php\/category\/noticias-de-ribeirao-preto-sp-e-regiao-ismael-colosi\/"},"img":{"alt_text":"","src":"https:\/\/i0.wp.com\/ismaelcolosi.com.br\/wp-content\/uploads\/2024\/11\/Transicao-Alfredo-Risk-scaled.jpg?fit=800%2C449&ssl=1&resize=350%2C200","width":350,"height":200,"srcset":"https:\/\/i0.wp.com\/ismaelcolosi.com.br\/wp-content\/uploads\/2024\/11\/Transicao-Alfredo-Risk-scaled.jpg?fit=800%2C449&ssl=1&resize=350%2C200 1x, https:\/\/i0.wp.com\/ismaelcolosi.com.br\/wp-content\/uploads\/2024\/11\/Transicao-Alfredo-Risk-scaled.jpg?fit=800%2C449&ssl=1&resize=525%2C300 1.5x, https:\/\/i0.wp.com\/ismaelcolosi.com.br\/wp-content\/uploads\/2024\/11\/Transicao-Alfredo-Risk-scaled.jpg?fit=800%2C449&ssl=1&resize=700%2C400 2x"},"classes":[]},{"id":77164,"url":"https:\/\/ismaelcolosi.com.br\/index.php\/2024\/11\/21\/prefeito-eleito-ricardo-silva-pede-que-ordem-de-servico-para-centro-administrativo-nao-seja-assinada\/","url_meta":{"origin":73719,"position":5},"title":"Prefeito eleito Ricardo Silva pede que ordem de servi\u00e7o para Centro Administrativo n\u00e3o seja assinada","author":"ismaelcolosi.com.br","date":"21 de November de 2024","format":false,"excerpt":"21 de novembro de 202421 de novembro de 202412 Compartilhar0 O prefeito eleito de Ribeir\u00e3o Preto, Ricardo Silva, encaminhou na tarde desta quinta-feira (21) um of\u00edcio para a atual gest\u00e3o para que a constru\u00e7\u00e3o do novo Centro Administrativo n\u00e3o seja iniciada, ficando a decis\u00e3o a cargo do pr\u00f3ximo governo, que\u2026","rel":"","context":"In &quot;Not\u00edcias de Ribeir\u00e3o Preto-SP e Regi\u00e3o&quot;","block_context":{"text":"Not\u00edcias de Ribeir\u00e3o Preto-SP e Regi\u00e3o","link":"https:\/\/ismaelcolosi.com.br\/index.php\/category\/noticias-de-ribeirao-preto-sp-e-regiao-ismael-colosi\/"},"img":{"alt_text":"","src":"https:\/\/i0.wp.com\/ismaelcolosi.com.br\/wp-content\/uploads\/2024\/11\/46909214-adaf-4b04-9fd3-245e0b019bc7-scaled.jpg?fit=800%2C450&ssl=1&resize=350%2C200","width":350,"height":200,"srcset":"https:\/\/i0.wp.com\/ismaelcolosi.com.br\/wp-content\/uploads\/2024\/11\/46909214-adaf-4b04-9fd3-245e0b019bc7-scaled.jpg?fit=800%2C450&ssl=1&resize=350%2C200 1x, https:\/\/i0.wp.com\/ismaelcolosi.com.br\/wp-content\/uploads\/2024\/11\/46909214-adaf-4b04-9fd3-245e0b019bc7-scaled.jpg?fit=800%2C450&ssl=1&resize=525%2C300 1.5x, https:\/\/i0.wp.com\/ismaelcolosi.com.br\/wp-content\/uploads\/2024\/11\/46909214-adaf-4b04-9fd3-245e0b019bc7-scaled.jpg?fit=800%2C450&ssl=1&resize=700%2C400 2x"},"classes":[]}],"jetpack_sharing_enabled":true,"jetpack_shortlink":"https:\/\/wp.me\/pfMlyK-jb1","_links":{"self":[{"href":"https:\/\/ismaelcolosi.com.br\/index.php\/wp-json\/wp\/v2\/posts\/73719","targetHints":{"allow":["GET"]}}],"collection":[{"href":"https:\/\/ismaelcolosi.com.br\/index.php\/wp-json\/wp\/v2\/posts"}],"about":[{"href":"https:\/\/ismaelcolosi.com.br\/index.php\/wp-json\/wp\/v2\/types\/post"}],"author":[{"embeddable":true,"href":"https:\/\/ismaelcolosi.com.br\/index.php\/wp-json\/wp\/v2\/users\/1"}],"replies":[{"embeddable":true,"href":"https:\/\/ismaelcolosi.com.br\/index.php\/wp-json\/wp\/v2\/comments?post=73719"}],"version-history":[{"count":0,"href":"https:\/\/ismaelcolosi.com.br\/index.php\/wp-json\/wp\/v2\/posts\/73719\/revisions"}],"wp:featuredmedia":[{"embeddable":true,"href":"https:\/\/ismaelcolosi.com.br\/index.php\/wp-json\/wp\/v2\/media\/73720"}],"wp:attachment":[{"href":"https:\/\/ismaelcolosi.com.br\/index.php\/wp-json\/wp\/v2\/media?parent=73719"}],"wp:term":[{"taxonomy":"category","embeddable":true,"href":"https:\/\/ismaelcolosi.com.br\/index.php\/wp-json\/wp\/v2\/categories?post=73719"},{"taxonomy":"post_tag","embeddable":true,"href":"https:\/\/ismaelcolosi.com.br\/index.php\/wp-json\/wp\/v2\/tags?post=73719"}],"curies":[{"name":"wp","href":"https:\/\/api.w.org\/{rel}","templated":true}]}}