{"id":73715,"date":"2024-10-28T13:33:18","date_gmt":"2024-10-28T16:33:18","guid":{"rendered":"https:\/\/ismaelcolosi.com.br\/index.php\/2024\/10\/28\/pm-encontra-corpo-apos-troca-de-tiros-que-deixou-um-morto-em-ribeirao-preto\/"},"modified":"2024-10-28T13:33:18","modified_gmt":"2024-10-28T16:33:18","slug":"pm-encontra-corpo-apos-troca-de-tiros-que-deixou-um-morto-em-ribeirao-preto","status":"publish","type":"post","link":"https:\/\/ismaelcolosi.com.br\/index.php\/2024\/10\/28\/pm-encontra-corpo-apos-troca-de-tiros-que-deixou-um-morto-em-ribeirao-preto\/","title":{"rendered":"PM encontra corpo ap\u00f3s troca de tiros que deixou um morto em Ribeir\u00e3o Preto"},"content":{"rendered":"<p> <br \/>\n<\/p>\n<div data-td-block-uid=\"tdi_106\">\n<div class=\"tdb-block-inner td-fix-index\">\n<p><strong>A PM (Pol\u00edcia Militar) encontrou um corpo depois de um confronto que resultou em uma morte na noite da \u00faltima sexta-feira (25), na estrada velha de Jardin\u00f3polis, em Ribeir\u00e3o Preto.<\/strong><\/p>\n<p>Segundo o <strong>boletim de ocorr\u00eancia (BO)<\/strong>,<mark style=\"background-color:#fcb900\" class=\"has-inline-color has-black-color\"> o corpo era de um homem e estava decepado, com perfura\u00e7\u00f5es no abd\u00f4men e enrolado em uma lona preta.<\/mark> O <strong>homem<\/strong>, que n\u00e3o havia sido identificado, possu\u00eda <strong>barba<\/strong>.<\/p>\n<p>Ainda conforme o registro, durante dilig\u00eancias pela via, os agentes encontraram tr\u00eas homens pr\u00f3ximos a um carro com o porta-malas aberto e a uma moto.<\/p>\n<p>A PM disse que eles efetuaram <strong>disparos <\/strong>contra a <strong>equipe<\/strong>, quando um foi <strong>baleado <\/strong>e <strong>morreu <\/strong>no local. <\/p>\n<p>Um <strong>policial <\/strong>foi <strong>atingido <\/strong>na altura do <strong>abd\u00f4men <\/strong>e o <strong>disparo <\/strong>acabou contido pelo <strong>colete bal\u00edstico<\/strong>. O agente passou por atendimento em um hospital particular e foi liberado.<\/p>\n<p>Os outros <strong>dois <\/strong>envolvidos conseguiram <strong>fugir<\/strong>: um com o carro no sentido a Jardin\u00f3polis e o outro\u00a0 entrou a p\u00e9 por uma mata.<\/p>\n<p>A <strong>PM <\/strong>apreendeu <strong>duas armas<\/strong>: uma <strong>pistola calibre 9 mil\u00edmetros <\/strong>com a numera\u00e7\u00e3o raspada e tr\u00eas c\u00e1psulas deflagradas, e um <strong>rev\u00f3lver calibre 38<\/strong> com cinco c\u00e1psulas deflagradas.<\/p>\n<p>O caso foi registrado na <strong>CPJ (Central de Pol\u00edcia Judici\u00e1ria) Permanente<\/strong> como<strong> homic\u00eddio decorrente de oposi\u00e7\u00e3o \u00e0 interven\u00e7\u00e3o policial, homic\u00eddio e apreens\u00e3o de ve\u00edculo<\/strong>.<\/p>\n<p>SAIBA MAIS<\/p>\n<p>Carro fica ilhado em avenida durante temporal na regi\u00e3o de Ribeir\u00e3o; V\u00eddeo<\/p>\n<h4 class=\"wp-block-heading\"><strong>FIQUE ON<\/strong><\/h4>\n<p>Fique ligado em tudo que acontece em Ribeir\u00e3o Preto e regi\u00e3o. Siga os perfis do\u00a0<strong><a href=\"https:\/\/www.instagram.com\/acidadeonribeirao\/\" target=\"_blank\" rel=\"noreferrer noopener\">acidade on<\/a><\/strong>\u00a0no\u00a0<a href=\"https:\/\/www.instagram.com\/acidadeonribeirao\/\" target=\"_blank\" rel=\"noreferrer noopener\">Instagram\u00a0<\/a>e no\u00a0<a href=\"https:\/\/web.facebook.com\/acidadeonribeirao\" target=\"_blank\" rel=\"noreferrer noopener\">Facebook<\/a>.<\/p>\n<p>Receba not\u00edcias do\u00a0<strong>acidade on<\/strong>\u00a0no WhatsApp.\u00a0<a href=\"https:\/\/chat.whatsapp.com\/Fg4ok3aAVyB59DP63pRapr\" target=\"_blank\" rel=\"noreferrer noopener\">Para entrar no grupo, basta clicar aqui.<\/a><\/p>\n<p>Fa\u00e7a uma den\u00fancia ou sugira uma reportagem sobre Ribeir\u00e3o Preto e regi\u00e3o pelo WhatsApp: 16 99117 7802.<\/p>\n<p>VEJA TAMB\u00c9M<\/p>\n<p>83% dos jovens brasileiros, de 9 a 17 anos, usam redes sociais<\/p>\n<p><!-- CONTENT END 1 -->\n<\/div>\n<\/div>\n<p><script async src=\"\/\/www.instagram.com\/embed.js\"><\/script><br \/>\n<br \/><br \/>\n<br \/><a href=\"https:\/\/www.acidadeon.com\/ribeiraopreto\/cotidiano\/pm-encontra-corpo-apos-troca-de-tiros-que-deixou-um-morto-em-ribeirao-preto\/\">Source link <\/a><\/p>\n","protected":false},"excerpt":{"rendered":"<p>A PM (Pol\u00edcia Militar) encontrou um corpo depois de um confronto que resultou em uma morte na noite da \u00faltima sexta-feira (25), na estrada velha&#8230;<\/p>\n","protected":false},"author":1,"featured_media":73716,"comment_status":"open","ping_status":"open","sticky":false,"template":"","format":"standard","meta":{"_uag_custom_page_level_css":"","jetpack_post_was_ever_published":false,"_jetpack_newsletter_access":"","_jetpack_dont_email_post_to_subs":false,"_jetpack_newsletter_tier_id":0,"_jetpack_memberships_contains_paywalled_content":false,"_jetpack_memberships_contains_paid_content":false,"footnotes":"","jetpack_publicize_message":"","jetpack_publicize_feature_enabled":true,"jetpack_social_post_already_shared":true,"jetpack_social_options":{"image_generator_settings":{"template":"highway","default_image_id":0,"font":"","enabled":false},"version":2}},"categories":[11],"tags":[],"class_list":["post-73715","post","type-post","status-publish","format-standard","has-post-thumbnail","hentry","category-noticias-de-ribeirao-preto-sp-e-regiao-ismael-colosi"],"aioseo_notices":[],"jetpack_publicize_connections":[],"jetpack_featured_media_url":"https:\/\/i0.wp.com\/ismaelcolosi.com.br\/wp-content\/uploads\/2024\/10\/1730133198_20220620_114539075_policia_qru_1024x576_25052021184749_jpg_715985292.jpg?fit=1425%2C720&ssl=1","uagb_featured_image_src":{"full":["https:\/\/i0.wp.com\/ismaelcolosi.com.br\/wp-content\/uploads\/2024\/10\/1730133198_20220620_114539075_policia_qru_1024x576_25052021184749_jpg_715985292.jpg?fit=1425%2C720&ssl=1",1425,720,false],"thumbnail":["https:\/\/i0.wp.com\/ismaelcolosi.com.br\/wp-content\/uploads\/2024\/10\/1730133198_20220620_114539075_policia_qru_1024x576_25052021184749_jpg_715985292.jpg?resize=150%2C150&ssl=1",150,150,true],"medium":["https:\/\/i0.wp.com\/ismaelcolosi.com.br\/wp-content\/uploads\/2024\/10\/1730133198_20220620_114539075_policia_qru_1024x576_25052021184749_jpg_715985292.jpg?fit=300%2C152&ssl=1",300,152,true],"medium_large":["https:\/\/i0.wp.com\/ismaelcolosi.com.br\/wp-content\/uploads\/2024\/10\/1730133198_20220620_114539075_policia_qru_1024x576_25052021184749_jpg_715985292.jpg?fit=768%2C388&ssl=1",768,388,true],"large":["https:\/\/i0.wp.com\/ismaelcolosi.com.br\/wp-content\/uploads\/2024\/10\/1730133198_20220620_114539075_policia_qru_1024x576_25052021184749_jpg_715985292.jpg?fit=1024%2C517&ssl=1",1024,517,true],"1536x1536":["https:\/\/i0.wp.com\/ismaelcolosi.com.br\/wp-content\/uploads\/2024\/10\/1730133198_20220620_114539075_policia_qru_1024x576_25052021184749_jpg_715985292.jpg?fit=1425%2C720&ssl=1",1425,720,true],"2048x2048":["https:\/\/i0.wp.com\/ismaelcolosi.com.br\/wp-content\/uploads\/2024\/10\/1730133198_20220620_114539075_policia_qru_1024x576_25052021184749_jpg_715985292.jpg?fit=1425%2C720&ssl=1",1425,720,true],"really-simple-thumb":["https:\/\/i0.wp.com\/ismaelcolosi.com.br\/wp-content\/uploads\/2024\/10\/1730133198_20220620_114539075_policia_qru_1024x576_25052021184749_jpg_715985292.jpg?resize=370%2C247&ssl=1",370,247,true]},"uagb_author_info":{"display_name":"ismaelcolosi.com.br","author_link":"https:\/\/ismaelcolosi.com.br\/index.php\/author\/vidareal-online\/"},"uagb_comment_info":0,"uagb_excerpt":"A PM (Pol\u00edcia Militar) encontrou um corpo depois de um confronto que resultou em uma morte na noite da \u00faltima sexta-feira (25), na estrada velha...","jetpack-related-posts":[{"id":74073,"url":"https:\/\/ismaelcolosi.com.br\/index.php\/2024\/10\/29\/homem-morre-em-troca-de-tiros-com-pm-na-regiao\/","url_meta":{"origin":73715,"position":0},"title":"Homem morre em troca de tiros com PM na regi\u00e3o","author":"ismaelcolosi.com.br","date":"29 de October de 2024","format":false,"excerpt":"Por: Adalberto Luque Um homem morreu ap\u00f3s troca de tiros e tentativa de fuga da Pol\u00edcia Militar, na noite desta sexta-feira (26). O caso ocorreu na Estrada Velha de Jardin\u00f3polis, zona Rural da cidade, regi\u00e3o metropolitana de Ribeir\u00e3o Preto. Segundo informa\u00e7\u00f5es, uma den\u00fancia an\u00f4nima feita pelo n\u00famero 190 indicou que\u2026","rel":"","context":"In &quot;Not\u00edcias de Ribeir\u00e3o Preto-SP e Regi\u00e3o&quot;","block_context":{"text":"Not\u00edcias de Ribeir\u00e3o Preto-SP e Regi\u00e3o","link":"https:\/\/ismaelcolosi.com.br\/index.php\/category\/noticias-de-ribeirao-preto-sp-e-regiao-ismael-colosi\/"},"img":{"alt_text":"","src":"https:\/\/i0.wp.com\/ismaelcolosi.com.br\/wp-content\/uploads\/2024\/10\/28out2024corpojardinopolis.jpg?fit=696%2C401&ssl=1&resize=350%2C200","width":350,"height":200,"srcset":"https:\/\/i0.wp.com\/ismaelcolosi.com.br\/wp-content\/uploads\/2024\/10\/28out2024corpojardinopolis.jpg?fit=696%2C401&ssl=1&resize=350%2C200 1x, https:\/\/i0.wp.com\/ismaelcolosi.com.br\/wp-content\/uploads\/2024\/10\/28out2024corpojardinopolis.jpg?fit=696%2C401&ssl=1&resize=525%2C300 1.5x"},"classes":[]},{"id":16382,"url":"https:\/\/ismaelcolosi.com.br\/index.php\/2023\/12\/15\/utm_sourcerssutm_mediumrssutm_campaigncorpo-e-encontrado-enterrado-em-cova-rasa-em-serrana\/","url_meta":{"origin":73715,"position":1},"title":"Corpo \u00e9 encontrado enterrado em cova rasa em Serrana \u2013 X Tudo Ribeir\u00e3o","author":"ismaelcolosi.com.br","date":"15 de December de 2023","format":false,"excerpt":"O corpo de um homem, aparentando cerca de 50 anos, foi localizado na tarde desta quinta-feira (14), no canavial de uma propriedade rural arrendada por uma usina para a planta\u00e7\u00e3o de cana. O cad\u00e1ver foi localizado na cidade de Serrana. Segundo informa\u00e7\u00f5es do boletim de ocorr\u00eancia, trabalhadores rurais andavam pelo\u2026","rel":"","context":"In &quot;Not\u00edcias de Ribeir\u00e3o Preto-SP e Regi\u00e3o&quot;","block_context":{"text":"Not\u00edcias de Ribeir\u00e3o Preto-SP e Regi\u00e3o","link":"https:\/\/ismaelcolosi.com.br\/index.php\/category\/noticias-de-ribeirao-preto-sp-e-regiao-ismael-colosi\/"},"img":{"alt_text":"","src":"https:\/\/i0.wp.com\/ismaelcolosi.com.br\/wp-content\/uploads\/2023\/12\/e220e5b2-3178-422d-b39a-5305412a48a4.jpeg?fit=1200%2C900&ssl=1&resize=350%2C200","width":350,"height":200,"srcset":"https:\/\/i0.wp.com\/ismaelcolosi.com.br\/wp-content\/uploads\/2023\/12\/e220e5b2-3178-422d-b39a-5305412a48a4.jpeg?fit=1200%2C900&ssl=1&resize=350%2C200 1x, https:\/\/i0.wp.com\/ismaelcolosi.com.br\/wp-content\/uploads\/2023\/12\/e220e5b2-3178-422d-b39a-5305412a48a4.jpeg?fit=1200%2C900&ssl=1&resize=525%2C300 1.5x, https:\/\/i0.wp.com\/ismaelcolosi.com.br\/wp-content\/uploads\/2023\/12\/e220e5b2-3178-422d-b39a-5305412a48a4.jpeg?fit=1200%2C900&ssl=1&resize=700%2C400 2x, https:\/\/i0.wp.com\/ismaelcolosi.com.br\/wp-content\/uploads\/2023\/12\/e220e5b2-3178-422d-b39a-5305412a48a4.jpeg?fit=1200%2C900&ssl=1&resize=1050%2C600 3x"},"classes":[]},{"id":52825,"url":"https:\/\/ismaelcolosi.com.br\/index.php\/2024\/06\/11\/homem-achado-morto-no-morro-do-sao-bento-em-ribeirao-e-identificado-policia-investiga\/","url_meta":{"origin":73715,"position":2},"title":"Homem achado morto no Morro do S\u00e3o Bento em Ribeir\u00e3o \u00e9 identificado; Pol\u00edcia investiga","author":"ismaelcolosi.com.br","date":"11 de June de 2024","format":false,"excerpt":"O homem encontrado morto na manh\u00e3 desta ter\u00e7a-feira (11), no Morro do S\u00e3o Bento, em Ribeir\u00e3o Preto, foi identificado. Em um documento encontrado com ele consta o nome de Gabriel Rodrigues da Costa, de 26 anos, natural de Catanduva (SP). Segundo informa\u00e7\u00f5es, ao menos um ferimento teria sido observado na\u2026","rel":"","context":"In &quot;Not\u00edcias de Ribeir\u00e3o Preto-SP e Regi\u00e3o&quot;","block_context":{"text":"Not\u00edcias de Ribeir\u00e3o Preto-SP e Regi\u00e3o","link":"https:\/\/ismaelcolosi.com.br\/index.php\/category\/noticias-de-ribeirao-preto-sp-e-regiao-ismael-colosi\/"},"img":{"alt_text":"","src":"https:\/\/i0.wp.com\/ismaelcolosi.com.br\/wp-content\/uploads\/2024\/06\/WhatsApp-Image-2024-06-11-at-10.10.40_2024-06-11_13-11-36_jpeg_2024-06-11_13-11-36.webp.webp?fit=1200%2C675&ssl=1&resize=350%2C200","width":350,"height":200,"srcset":"https:\/\/i0.wp.com\/ismaelcolosi.com.br\/wp-content\/uploads\/2024\/06\/WhatsApp-Image-2024-06-11-at-10.10.40_2024-06-11_13-11-36_jpeg_2024-06-11_13-11-36.webp.webp?fit=1200%2C675&ssl=1&resize=350%2C200 1x, https:\/\/i0.wp.com\/ismaelcolosi.com.br\/wp-content\/uploads\/2024\/06\/WhatsApp-Image-2024-06-11-at-10.10.40_2024-06-11_13-11-36_jpeg_2024-06-11_13-11-36.webp.webp?fit=1200%2C675&ssl=1&resize=525%2C300 1.5x, https:\/\/i0.wp.com\/ismaelcolosi.com.br\/wp-content\/uploads\/2024\/06\/WhatsApp-Image-2024-06-11-at-10.10.40_2024-06-11_13-11-36_jpeg_2024-06-11_13-11-36.webp.webp?fit=1200%2C675&ssl=1&resize=700%2C400 2x, https:\/\/i0.wp.com\/ismaelcolosi.com.br\/wp-content\/uploads\/2024\/06\/WhatsApp-Image-2024-06-11-at-10.10.40_2024-06-11_13-11-36_jpeg_2024-06-11_13-11-36.webp.webp?fit=1200%2C675&ssl=1&resize=1050%2C600 3x"},"classes":[]},{"id":52098,"url":"https:\/\/ismaelcolosi.com.br\/index.php\/2024\/06\/04\/corpo-e-encontrado-em-corrego-na-avenida-jeronimo-goncalves-em-ribeirao-preto\/","url_meta":{"origin":73715,"position":3},"title":"Corpo \u00e9 encontrado em c\u00f3rrego na avenida Jer\u00f4nimo Gon\u00e7alves em Ribeir\u00e3o Preto","author":"ismaelcolosi.com.br","date":"4 de June de 2024","format":false,"excerpt":"Um corpo foi encontrado na madrugada desta ter\u00e7a-feira (4), no ribeir\u00e3o Preto, na avenida Jer\u00f4nimo Gon\u00e7alves, em Ribeir\u00e3o Preto. Segundo as primeiras informa\u00e7\u00f5es, o corpo, que seria de um homem ainda sem identifica\u00e7\u00e3o, foi retirado da \u00e1gua por uma equipe dos Bombeiros, na altura do Terminal de \u00f4nibus Dra.\u00a0Evangelina de\u2026","rel":"","context":"In &quot;Not\u00edcias de Ribeir\u00e3o Preto-SP e Regi\u00e3o&quot;","block_context":{"text":"Not\u00edcias de Ribeir\u00e3o Preto-SP e Regi\u00e3o","link":"https:\/\/ismaelcolosi.com.br\/index.php\/category\/noticias-de-ribeirao-preto-sp-e-regiao-ismael-colosi\/"},"img":{"alt_text":"","src":"https:\/\/i0.wp.com\/ismaelcolosi.com.br\/wp-content\/uploads\/2024\/06\/sirene_pm_1024x576_04022021085205.jpg?fit=1024%2C576&ssl=1&resize=350%2C200","width":350,"height":200,"srcset":"https:\/\/i0.wp.com\/ismaelcolosi.com.br\/wp-content\/uploads\/2024\/06\/sirene_pm_1024x576_04022021085205.jpg?fit=1024%2C576&ssl=1&resize=350%2C200 1x, https:\/\/i0.wp.com\/ismaelcolosi.com.br\/wp-content\/uploads\/2024\/06\/sirene_pm_1024x576_04022021085205.jpg?fit=1024%2C576&ssl=1&resize=525%2C300 1.5x, https:\/\/i0.wp.com\/ismaelcolosi.com.br\/wp-content\/uploads\/2024\/06\/sirene_pm_1024x576_04022021085205.jpg?fit=1024%2C576&ssl=1&resize=700%2C400 2x"},"classes":[]},{"id":41657,"url":"https:\/\/ismaelcolosi.com.br\/index.php\/2024\/03\/10\/homem-que-estava-desaparecido-e-encontrado-morto-na-regiao-de-ribeirao\/","url_meta":{"origin":73715,"position":4},"title":"Homem que estava desaparecido \u00e9 encontrado morto na regi\u00e3o de Ribeir\u00e3o","author":"ismaelcolosi.com.br","date":"10 de March de 2024","format":false,"excerpt":"Um homem foi assassinado na noite de s\u00e1bado (9) em uma estrada de terra que liga Pontal ao distrito de Cruz das Posses, em Sert\u00e3ozinho, na regi\u00e3o de Ribeir\u00e3o Preto. O corpo foi encontrado por um homem que passava pelo local e acionou a PM (Pol\u00edcia Militar). A identidade da\u2026","rel":"","context":"In &quot;Not\u00edcias de Ribeir\u00e3o Preto-SP e Regi\u00e3o&quot;","block_context":{"text":"Not\u00edcias de Ribeir\u00e3o Preto-SP e Regi\u00e3o","link":"https:\/\/ismaelcolosi.com.br\/index.php\/category\/noticias-de-ribeirao-preto-sp-e-regiao-ismael-colosi\/"},"img":{"alt_text":"","src":"https:\/\/i0.wp.com\/ismaelcolosi.com.br\/wp-content\/uploads\/2024\/03\/1710076529_WhatsApp-Image-2023-12-09-at-13.55.44.jpeg?fit=1024%2C576&ssl=1&resize=350%2C200","width":350,"height":200,"srcset":"https:\/\/i0.wp.com\/ismaelcolosi.com.br\/wp-content\/uploads\/2024\/03\/1710076529_WhatsApp-Image-2023-12-09-at-13.55.44.jpeg?fit=1024%2C576&ssl=1&resize=350%2C200 1x, https:\/\/i0.wp.com\/ismaelcolosi.com.br\/wp-content\/uploads\/2024\/03\/1710076529_WhatsApp-Image-2023-12-09-at-13.55.44.jpeg?fit=1024%2C576&ssl=1&resize=525%2C300 1.5x, https:\/\/i0.wp.com\/ismaelcolosi.com.br\/wp-content\/uploads\/2024\/03\/1710076529_WhatsApp-Image-2023-12-09-at-13.55.44.jpeg?fit=1024%2C576&ssl=1&resize=700%2C400 2x"},"classes":[]},{"id":67204,"url":"https:\/\/ismaelcolosi.com.br\/index.php\/2024\/09\/21\/homem-e-suspeito-de-colocar-fogo-em-canavial-para-fugir-da-policia-na-regiao-de-ribeirao\/","url_meta":{"origin":73715,"position":5},"title":"Homem \u00e9 suspeito de colocar fogo em canavial para fugir da pol\u00edcia na regi\u00e3o de Ribeir\u00e3o","author":"ismaelcolosi.com.br","date":"21 de September de 2024","format":false,"excerpt":"Um homem \u00e9 suspeito de colocar fogo em um canavial \u00e0s margens da rodovia Anhanguera (SP-330) enquanto tentava fugir da pol\u00edcia na noite desta sexta-feira (20), em S\u00e3o Sim\u00e3o, cidade na regi\u00e3o de Ribeir\u00e3o Preto \u2013 veja v\u00eddeo abaixo. Conforme a Pol\u00edcia Militar (PM), dois homens foram abordados em um\u2026","rel":"","context":"In &quot;Not\u00edcias de Ribeir\u00e3o Preto-SP e Regi\u00e3o&quot;","block_context":{"text":"Not\u00edcias de Ribeir\u00e3o Preto-SP e Regi\u00e3o","link":"https:\/\/ismaelcolosi.com.br\/index.php\/category\/noticias-de-ribeirao-preto-sp-e-regiao-ismael-colosi\/"},"img":{"alt_text":"","src":"https:\/\/i0.wp.com\/ismaelcolosi.com.br\/wp-content\/uploads\/2024\/09\/Copia-de-Copia-de-Copia-de-TAMANHO-EXATO-PARA-FOTOS-NO-SISTEMA-NOVO-66_2024-09-21_17-32-46_png_2024-09-21_17-32-46.webp.webp?fit=1200%2C675&ssl=1&resize=350%2C200","width":350,"height":200,"srcset":"https:\/\/i0.wp.com\/ismaelcolosi.com.br\/wp-content\/uploads\/2024\/09\/Copia-de-Copia-de-Copia-de-TAMANHO-EXATO-PARA-FOTOS-NO-SISTEMA-NOVO-66_2024-09-21_17-32-46_png_2024-09-21_17-32-46.webp.webp?fit=1200%2C675&ssl=1&resize=350%2C200 1x, https:\/\/i0.wp.com\/ismaelcolosi.com.br\/wp-content\/uploads\/2024\/09\/Copia-de-Copia-de-Copia-de-TAMANHO-EXATO-PARA-FOTOS-NO-SISTEMA-NOVO-66_2024-09-21_17-32-46_png_2024-09-21_17-32-46.webp.webp?fit=1200%2C675&ssl=1&resize=525%2C300 1.5x, https:\/\/i0.wp.com\/ismaelcolosi.com.br\/wp-content\/uploads\/2024\/09\/Copia-de-Copia-de-Copia-de-TAMANHO-EXATO-PARA-FOTOS-NO-SISTEMA-NOVO-66_2024-09-21_17-32-46_png_2024-09-21_17-32-46.webp.webp?fit=1200%2C675&ssl=1&resize=700%2C400 2x, https:\/\/i0.wp.com\/ismaelcolosi.com.br\/wp-content\/uploads\/2024\/09\/Copia-de-Copia-de-Copia-de-TAMANHO-EXATO-PARA-FOTOS-NO-SISTEMA-NOVO-66_2024-09-21_17-32-46_png_2024-09-21_17-32-46.webp.webp?fit=1200%2C675&ssl=1&resize=1050%2C600 3x"},"classes":[]}],"jetpack_sharing_enabled":true,"jetpack_shortlink":"https:\/\/wp.me\/pfMlyK-jaX","_links":{"self":[{"href":"https:\/\/ismaelcolosi.com.br\/index.php\/wp-json\/wp\/v2\/posts\/73715","targetHints":{"allow":["GET"]}}],"collection":[{"href":"https:\/\/ismaelcolosi.com.br\/index.php\/wp-json\/wp\/v2\/posts"}],"about":[{"href":"https:\/\/ismaelcolosi.com.br\/index.php\/wp-json\/wp\/v2\/types\/post"}],"author":[{"embeddable":true,"href":"https:\/\/ismaelcolosi.com.br\/index.php\/wp-json\/wp\/v2\/users\/1"}],"replies":[{"embeddable":true,"href":"https:\/\/ismaelcolosi.com.br\/index.php\/wp-json\/wp\/v2\/comments?post=73715"}],"version-history":[{"count":0,"href":"https:\/\/ismaelcolosi.com.br\/index.php\/wp-json\/wp\/v2\/posts\/73715\/revisions"}],"wp:featuredmedia":[{"embeddable":true,"href":"https:\/\/ismaelcolosi.com.br\/index.php\/wp-json\/wp\/v2\/media\/73716"}],"wp:attachment":[{"href":"https:\/\/ismaelcolosi.com.br\/index.php\/wp-json\/wp\/v2\/media?parent=73715"}],"wp:term":[{"taxonomy":"category","embeddable":true,"href":"https:\/\/ismaelcolosi.com.br\/index.php\/wp-json\/wp\/v2\/categories?post=73715"},{"taxonomy":"post_tag","embeddable":true,"href":"https:\/\/ismaelcolosi.com.br\/index.php\/wp-json\/wp\/v2\/tags?post=73715"}],"curies":[{"name":"wp","href":"https:\/\/api.w.org\/{rel}","templated":true}]}}