{"id":7367,"date":"2023-11-28T03:09:57","date_gmt":"2023-11-28T06:09:57","guid":{"rendered":"https:\/\/ismaelcolosi.com.br\/index.php\/2023\/11\/28\/esta-pizzaria-de-sao-paulo-foi-eleita-a-4a-melhor-do-mundo\/"},"modified":"2023-11-28T03:09:57","modified_gmt":"2023-11-28T06:09:57","slug":"esta-pizzaria-de-sao-paulo-foi-eleita-a-4a-melhor-do-mundo","status":"publish","type":"post","link":"https:\/\/ismaelcolosi.com.br\/index.php\/2023\/11\/28\/esta-pizzaria-de-sao-paulo-foi-eleita-a-4a-melhor-do-mundo\/","title":{"rendered":"Esta pizzaria de S\u00e3o Paulo foi eleita a 4\u00aa melhor do mundo"},"content":{"rendered":"<p> <br \/>\n<\/p>\n<div>\n<p>A <a href=\"https:\/\/catracalivre.com.br\/gastronomia\/receita-de-pizza-caseira-sem-erros\/\">pizza<\/a> \u00e9 um \u00edcone culin\u00e1rio amado em todo o mundo e tem at\u00e9 ranking que avalia as melhores. Uma pizzaria brasileira aparece entre as mais bem avaliadas do mundo.<\/p>\n<p>O ranking <a href=\"https:\/\/www.50toppizza.it\/\" target=\"_blank\" rel=\"noopener\">50 Top World Artisan Pizza Chains 2023<\/a>, primeiro e mais importante guia italiano do setor, elegeu a Br\u00e1z Pizzaria como a quarta melhor <a href=\"https:\/\/catracalivre.com.br\/viagem-livre\/dia-da-pizza-saiba-onde-comer-boas-redondas-em-sao-paulo\/\">pizzaria<\/a>.<\/p>\n<div id=\"attachment_2314620\" class=\"wp-caption alignnone\">\n<div class=\"d-flex justify-content-center\" data-attachment-id=\"2314620\">\n<div class=\"position-relative d-inline-block\"><img data-recalc-dims=\"1\" data-portal-copyright=\"reprodu\u00e7\u00e3o\/Instagram\/brazpizzaria\/\" decoding=\"async\" fetchpriority=\"high\" class=\"size-large wp-image-2314620\" src=\"https:\/\/i0.wp.com\/catracalivre.com.br\/wp-content\/uploads\/2023\/11\/snapinstaapp-399790705-18395861842054280-7036613844984800414-n-1080-1-910x1132.jpg?resize=910%2C1132&#038;ssl=1\" alt=\"Br\u00e1z Pizzaria \u00e9 reconhecida como a 4\u00aa melhor do mundo\" width=\"910\" height=\"1132\" srcset=\"https:\/\/catracalivre.com.br\/wp-content\/uploads\/2023\/11\/snapinstaapp-399790705-18395861842054280-7036613844984800414-n-1080-1-910x1132.jpg 910w, https:\/\/catracalivre.com.br\/wp-content\/uploads\/2023\/11\/snapinstaapp-399790705-18395861842054280-7036613844984800414-n-1080-1-450x560.jpg 450w, https:\/\/catracalivre.com.br\/wp-content\/uploads\/2023\/11\/snapinstaapp-399790705-18395861842054280-7036613844984800414-n-1080-1-768x956.jpg 768w\" sizes=\"(max-width: 910px) 100vw, 910px\"\/><\/p>\n<p>Cr\u00e9ditos: reprodu\u00e7\u00e3o\/Instagram\/brazpizzaria\/<\/p>\n<\/div>\n<\/div>\n<p><span class=\"post-imagem__legenda\">Br\u00e1z Pizzaria \u00e9 reconhecida como a 4\u00aa melhor do mundo<\/span><\/p>\n<\/div>\n<p>Com unidades em S\u00e3o Paulo, Campinas e Rio de Janeiro, a Br\u00e1z \u00e9 a \u00fanica brasileira entre os 10 primeiros colocados. Ela subiu uma posi\u00e7\u00e3o em compara\u00e7\u00e3o ao ano passado.<\/p>\n<p>O site oficial do guia descreve a pizzaria como uma \u201cempresa brasileira famosa por suas pizzas grandes e crocantes assadas em forno a lenha\u201d.<\/p>\n<p>A Grosso Napoletano, uma das principais refer\u00eancias da pizza napolitana, origin\u00e1ria de Madrid, na Espanha, conquistou o primeiro lugar.<\/p>\n<p>J\u00e1 a segunda posi\u00e7\u00e3o ficou com a pizzaria Da Michele, tamb\u00e9m napolitana, seguida pelo italiano Big Mamma Group.<\/p>\n<p>Outra pizzaria brasileira tamb\u00e9m apareceu no ranking, em 26\u00aa posi\u00e7\u00e3o. \u00c9 a rede 1900 Pizzaria, que possui algumas unidades em S\u00e3o Paulo.<\/p>\n<p>Confira o ranking com as 10 melhores pizzarias artesanais de rede pelo 50 Top World Artisan Pizza Chains 2023:<\/p>\n<ul>\n<li>Grosso Napoletano<\/li>\n<li>Da Michele<\/li>\n<li>Big Mamma Group<\/li>\n<li>Br\u00e1z Pizzaria<\/li>\n<li>Berber\u00e8<\/li>\n<li>400 Gradi<\/li>\n<li>Pizzium<\/li>\n<li>Errico Porzio<\/li>\n<li>Luigia<\/li>\n<li>Peppe Pizzeria<\/li>\n<\/ul>\n<h2>Como \u00e9 a avalia\u00e7\u00e3o da pizzaria?<\/h2>\n<p>Ao todo, 100 ju\u00edzes participam da avalia\u00e7\u00e3o. Em dupla, eles visitam os restaurantes, pagam a pr\u00f3pria conta e avaliam uma s\u00e9rie de crit\u00e9rios.<\/p>\n<p>As pizzarias candidatas devem ter\u00a0pelo menos quatro endere\u00e7os no pa\u00eds de origem ou fora dele.<\/p>\n<p>Este ranking \u00e9 diferente da lista das melhores pizzarias do mundo pelo 50 Top Pizza, ranking divulgado em setembro.<\/p>\n<\/div>\n<p><script>\n\t\t! function(f, b, e, v, n, t, s) {\n\t\t\tif (f.fbq) return;\n\t\t\tn = f.fbq = function() {\n\t\t\t\tn.callMethod ?\n\t\t\t\t\tn.callMethod.apply(n, arguments) : n.queue.push(arguments)\n\t\t\t};\n\t\t\tif (!f._fbq) f._fbq = n;\n\t\t\tn.push = n;\n\t\t\tn.loaded = !0;\n\t\t\tn.version = '2.0';\n\t\t\tn.queue = [];\n\t\t\tt = b.createElement(e);\n\t\t\tt.async = !0;\n\t\t\tt.src = v;\n\t\t\ts = b.getElementsByTagName(e)[0];\n\t\t\ts.parentNode.insertBefore(t, s)\n\t\t}(window, document, 'script',\n\t\t\t'https:\/\/connect.facebook.net\/en_US\/fbevents.js');\n\t\tfbq('init', '338315473262380');\n\t\tfbq('track', 'PageView');\n\t<\/script><br \/>\n<br \/><br \/>\n<br \/><a href=\"https:\/\/catracalivre.com.br\/gastronomia\/esta-pizzaria-de-sao-paulo-foi-eleita-a-4a-melhor-do-mundo\/\">Source link <\/a><\/p>\n<div class='code-block code-block-4' style='margin: 8px auto 8px 0; text-align: left; display: block; clear: both;'>\n\ud83d\udce2 Aviso Legal\n\nO site ismaelcolosi.com.br atua apenas como um canal de divulga\u00e7\u00e3o de oportunidades de emprego e n\u00e3o se responsabiliza pelo processo seletivo, contrata\u00e7\u00e3o ou qualquer outra etapa relacionada \u00e0s vagas publicadas. Todas as informa\u00e7\u00f5es s\u00e3o de responsabilidade dos anunciantes.\n\n\u26a0\ufe0f Aten\u00e7\u00e3o! Nunca pague por promessas de emprego nem compre cursos que garantam contrata\u00e7\u00e3o. Desconfie de qualquer cobran\u00e7a para participar de sele\u00e7\u00f5es.\n\n\n\n<\/div>\n<!-- CONTENT END 1 -->\n","protected":false},"excerpt":{"rendered":"<p>A pizza \u00e9 um \u00edcone culin\u00e1rio amado em todo o mundo e tem at\u00e9 ranking que avalia as melhores. Uma pizzaria brasileira aparece entre as&#8230;<\/p>\n","protected":false},"author":1,"featured_media":7368,"comment_status":"open","ping_status":"open","sticky":false,"template":"","format":"standard","meta":{"_uag_custom_page_level_css":"","advanced_seo_description":"","jetpack_seo_html_title":"","jetpack_seo_noindex":false,"jetpack_post_was_ever_published":false,"_jetpack_newsletter_access":"","_jetpack_dont_email_post_to_subs":false,"_jetpack_newsletter_tier_id":0,"_jetpack_memberships_contains_paywalled_content":false,"_jetpack_memberships_contains_paid_content":false,"footnotes":"","jetpack_publicize_message":"","jetpack_publicize_feature_enabled":true,"jetpack_social_post_already_shared":true,"jetpack_social_options":{"image_generator_settings":{"template":"highway","default_image_id":0,"font":"","enabled":false},"version":2}},"categories":[19],"tags":[],"class_list":["post-7367","post","type-post","status-publish","format-standard","has-post-thumbnail","hentry","category-variedades"],"jetpack_publicize_connections":[],"jetpack_featured_media_url":"https:\/\/i0.wp.com\/ismaelcolosi.com.br\/wp-content\/uploads\/2023\/11\/snapinstaapp-399790705-18395861842054280-7036613844984800414-n-1080-1.jpg?fit=1200%2C638&ssl=1","uagb_featured_image_src":{"full":["https:\/\/i0.wp.com\/ismaelcolosi.com.br\/wp-content\/uploads\/2023\/11\/snapinstaapp-399790705-18395861842054280-7036613844984800414-n-1080-1.jpg?fit=1200%2C638&ssl=1",1200,638,false],"thumbnail":["https:\/\/i0.wp.com\/ismaelcolosi.com.br\/wp-content\/uploads\/2023\/11\/snapinstaapp-399790705-18395861842054280-7036613844984800414-n-1080-1.jpg?resize=150%2C150&ssl=1",150,150,true],"medium":["https:\/\/i0.wp.com\/ismaelcolosi.com.br\/wp-content\/uploads\/2023\/11\/snapinstaapp-399790705-18395861842054280-7036613844984800414-n-1080-1.jpg?fit=300%2C160&ssl=1",300,160,true],"medium_large":["https:\/\/i0.wp.com\/ismaelcolosi.com.br\/wp-content\/uploads\/2023\/11\/snapinstaapp-399790705-18395861842054280-7036613844984800414-n-1080-1.jpg?fit=768%2C408&ssl=1",768,408,true],"large":["https:\/\/i0.wp.com\/ismaelcolosi.com.br\/wp-content\/uploads\/2023\/11\/snapinstaapp-399790705-18395861842054280-7036613844984800414-n-1080-1.jpg?fit=1024%2C544&ssl=1",1024,544,true],"1536x1536":["https:\/\/i0.wp.com\/ismaelcolosi.com.br\/wp-content\/uploads\/2023\/11\/snapinstaapp-399790705-18395861842054280-7036613844984800414-n-1080-1.jpg?fit=1200%2C638&ssl=1",1200,638,true],"2048x2048":["https:\/\/i0.wp.com\/ismaelcolosi.com.br\/wp-content\/uploads\/2023\/11\/snapinstaapp-399790705-18395861842054280-7036613844984800414-n-1080-1.jpg?fit=1200%2C638&ssl=1",1200,638,true],"really-simple-thumb":["https:\/\/i0.wp.com\/ismaelcolosi.com.br\/wp-content\/uploads\/2023\/11\/snapinstaapp-399790705-18395861842054280-7036613844984800414-n-1080-1.jpg?resize=370%2C247&ssl=1",370,247,true]},"uagb_author_info":{"display_name":"ismaelcolosi.com.br","author_link":"https:\/\/ismaelcolosi.com.br\/index.php\/author\/vidareal-online\/"},"uagb_comment_info":0,"uagb_excerpt":"A pizza \u00e9 um \u00edcone culin\u00e1rio amado em todo o mundo e tem at\u00e9 ranking que avalia as melhores. Uma pizzaria brasileira aparece entre as...","jetpack-related-posts":[{"id":11801,"url":"https:\/\/ismaelcolosi.com.br\/index.php\/2023\/12\/06\/conheca-10-pizzarias-napolitanas-imperdiveis-no-brasil\/","url_meta":{"origin":7367,"position":0},"title":"Conhe\u00e7a 10 pizzarias napolitanas imperd\u00edveis no Brasil","author":"ismaelcolosi.com.br","date":"6 de December de 2023","format":false,"excerpt":"S\u00edmbolo da gastronomia italiana, o estilo napolitano de fazer pizza surgiu no s\u00e9culo 18, em N\u00e1poles, e hoje j\u00e1 est\u00e1 presente na mesa dos melhores restaurantes do mundo. Segundo a tradi\u00e7\u00e3o, o preparo leva massa mais leve, bordas altas e crocantes, discos abertos a m\u00e3o e tamanho individual. Cr\u00e9ditos: Paolo\u2026","rel":"","context":"In &quot;Variedades&quot;","block_context":{"text":"Variedades","link":"https:\/\/ismaelcolosi.com.br\/index.php\/category\/variedades\/"},"img":{"alt_text":"","src":"https:\/\/i0.wp.com\/ismaelcolosi.com.br\/wp-content\/uploads\/2023\/12\/snapinstaapp-399790705-18395861842054280-7036613844984800414-n-1080-1.jpg?fit=1200%2C638&ssl=1&resize=350%2C200","width":350,"height":200,"srcset":"https:\/\/i0.wp.com\/ismaelcolosi.com.br\/wp-content\/uploads\/2023\/12\/snapinstaapp-399790705-18395861842054280-7036613844984800414-n-1080-1.jpg?fit=1200%2C638&ssl=1&resize=350%2C200 1x, https:\/\/i0.wp.com\/ismaelcolosi.com.br\/wp-content\/uploads\/2023\/12\/snapinstaapp-399790705-18395861842054280-7036613844984800414-n-1080-1.jpg?fit=1200%2C638&ssl=1&resize=525%2C300 1.5x, https:\/\/i0.wp.com\/ismaelcolosi.com.br\/wp-content\/uploads\/2023\/12\/snapinstaapp-399790705-18395861842054280-7036613844984800414-n-1080-1.jpg?fit=1200%2C638&ssl=1&resize=700%2C400 2x, https:\/\/i0.wp.com\/ismaelcolosi.com.br\/wp-content\/uploads\/2023\/12\/snapinstaapp-399790705-18395861842054280-7036613844984800414-n-1080-1.jpg?fit=1200%2C638&ssl=1&resize=1050%2C600 3x"},"classes":[]},{"id":12096,"url":"https:\/\/ismaelcolosi.com.br\/index.php\/2023\/12\/07\/pesto-pizzas-inaugura-sua-quarta-unidade-na-cidade\/","url_meta":{"origin":7367,"position":1},"title":"Pesto Pizzas inaugura sua quarta unidade na cidade","author":"ismaelcolosi.com.br","date":"7 de December de 2023","format":false,"excerpt":"Um ambiente com simplicidade, estilo e aconchego chega no centro de Ribeir\u00e3o Preto. Com a proposta de ser um ref\u00fagio da It\u00e1lia, Nova York e S\u00e3o Paulo em um \u00fanico lugar, a Pesto Pizzas, com sua culin\u00e1ria embasada nas mais tradicionais pizzarias do mundo, inaugurar\u00e1 neste dia 14 de novembro\u2026","rel":"","context":"In &quot;Not\u00edcias de Ribeir\u00e3o Preto-SP e Regi\u00e3o&quot;","block_context":{"text":"Not\u00edcias de Ribeir\u00e3o Preto-SP e Regi\u00e3o","link":"https:\/\/ismaelcolosi.com.br\/index.php\/category\/noticias-de-ribeirao-preto-sp-e-regiao-ismael-colosi\/"},"img":{"alt_text":"","src":"https:\/\/i0.wp.com\/ismaelcolosi.com.br\/wp-content\/uploads\/2023\/12\/1-1.png?fit=1200%2C800&ssl=1&resize=350%2C200","width":350,"height":200,"srcset":"https:\/\/i0.wp.com\/ismaelcolosi.com.br\/wp-content\/uploads\/2023\/12\/1-1.png?fit=1200%2C800&ssl=1&resize=350%2C200 1x, https:\/\/i0.wp.com\/ismaelcolosi.com.br\/wp-content\/uploads\/2023\/12\/1-1.png?fit=1200%2C800&ssl=1&resize=525%2C300 1.5x, https:\/\/i0.wp.com\/ismaelcolosi.com.br\/wp-content\/uploads\/2023\/12\/1-1.png?fit=1200%2C800&ssl=1&resize=700%2C400 2x, https:\/\/i0.wp.com\/ismaelcolosi.com.br\/wp-content\/uploads\/2023\/12\/1-1.png?fit=1200%2C800&ssl=1&resize=1050%2C600 3x"},"classes":[]},{"id":86544,"url":"https:\/\/ismaelcolosi.com.br\/index.php\/2025\/07\/08\/oportunidade-imperdivel-estao-abertas-4-vagas-para-trabalhar-em-pizzaria-localizada-em-ribeirao-preto-com-salarios-que-variam-de-r-1-05270-a-r-1-93000-alem-de-beneficios-completos\/","url_meta":{"origin":7367,"position":2},"title":"Oportunidade imperd\u00edvel! Est\u00e3o abertas 4 vagas para trabalhar numa pizzaria em Ribeir\u00e3o Preto, com sal\u00e1rios que variam de R$ 1.052,70 a R$ 1.930,00, al\u00e9m de benef\u00edcios completos!","author":"Arthur Tijolo","date":"8 de July de 2025","format":false,"excerpt":"\ud83c\udf7d\ufe0f Vaga: Cumim (Auxiliar de Gar\u00e7om) \ud83d\udccd Local: Pizzaria em Ribeir\u00e3o Preto \ud83d\udd52 Hor\u00e1rio: 19h \u00e0s 23h \ud83d\udcb0 Sal\u00e1rio: R$ 1.052,70 + gorjeta \ud83c\udf81 Benef\u00edcios: Vale-transporte, vale-refei\u00e7\u00e3o, plano de sa\u00fade Porto Seguro, odontologia e acesso ao Wellhub \ud83d\udccc Requisitos: Disponibilidade para trabalhar \u00e0 noite, finais de semana e feriados \ud83d\udee0\ufe0f\u2026","rel":"","context":"In &quot;Entrevistas agendadas para hoje em Ribeir\u00e3o Preto-SP&quot;","block_context":{"text":"Entrevistas agendadas para hoje em Ribeir\u00e3o Preto-SP","link":"https:\/\/ismaelcolosi.com.br\/index.php\/category\/empregos-classificados-vagas-trabalho\/vagas-de-empregos-em-ribeirao-preto-regiao-brasil\/entrevistas-agendadas-para-hoje-em-ribeirao-preto-sp\/"},"img":{"alt_text":"","src":"https:\/\/i0.wp.com\/ismaelcolosi.com.br\/wp-content\/uploads\/2025\/07\/474584636_1956390221551650_4662155764068416880_n.jpg?fit=1080%2C992&ssl=1&resize=350%2C200","width":350,"height":200,"srcset":"https:\/\/i0.wp.com\/ismaelcolosi.com.br\/wp-content\/uploads\/2025\/07\/474584636_1956390221551650_4662155764068416880_n.jpg?fit=1080%2C992&ssl=1&resize=350%2C200 1x, https:\/\/i0.wp.com\/ismaelcolosi.com.br\/wp-content\/uploads\/2025\/07\/474584636_1956390221551650_4662155764068416880_n.jpg?fit=1080%2C992&ssl=1&resize=525%2C300 1.5x, https:\/\/i0.wp.com\/ismaelcolosi.com.br\/wp-content\/uploads\/2025\/07\/474584636_1956390221551650_4662155764068416880_n.jpg?fit=1080%2C992&ssl=1&resize=700%2C400 2x, https:\/\/i0.wp.com\/ismaelcolosi.com.br\/wp-content\/uploads\/2025\/07\/474584636_1956390221551650_4662155764068416880_n.jpg?fit=1080%2C992&ssl=1&resize=1050%2C600 3x"},"classes":[]},{"id":87074,"url":"https:\/\/ismaelcolosi.com.br\/index.php\/2025\/08\/15\/vaga-de-freelance-ajudante-de-cozinha-pizzaria\/","url_meta":{"origin":7367,"position":3},"title":"Vaga de Freelance:  Ajudante de cozinha (pizzaria)","author":"ismaelcolosi.com.br","date":"15 de August de 2025","format":false,"excerpt":"\ud83d\udd25VEJA A VAGA LOGO ABAIXO E VEJA AS DICAS ABAIXO \ud83d\udd25 3 DICAS ESSENCIAIS PARA O AJUDANTE DE COZINHA FREELANCER 1. **Seja\u00a0PROATIVO e ANTECIPE NECESSIDADES N\u00e3o espere ordens para agir. Mantenha os olhos abertos e: \u2022\u00a0Organize sua \u00e1rea\u00a0(mise en place\u00a0impec\u00e1vel): deixe ingredientes lavados, cortados e acess\u00edveis. \u2022\u00a0Limpe constantemente: lave utens\u00edlios,\u2026","rel":"","context":"In &quot;Trabalho extras, bicos e freelancers e tempor\u00e1rios&quot;","block_context":{"text":"Trabalho extras, bicos e freelancers e tempor\u00e1rios","link":"https:\/\/ismaelcolosi.com.br\/index.php\/category\/trabalho-extra-bicos-freelancers-temporarios-em-ribeirao-preto-sp\/"},"img":{"alt_text":"","src":"https:\/\/i0.wp.com\/ismaelcolosi.com.br\/wp-content\/uploads\/2024\/11\/vagas-freelancer-bicos-temporarios-sem-registro-ribeirao-preto-ismael-colosi.webp?fit=838%2C471&ssl=1&resize=350%2C200","width":350,"height":200,"srcset":"https:\/\/i0.wp.com\/ismaelcolosi.com.br\/wp-content\/uploads\/2024\/11\/vagas-freelancer-bicos-temporarios-sem-registro-ribeirao-preto-ismael-colosi.webp?fit=838%2C471&ssl=1&resize=350%2C200 1x, https:\/\/i0.wp.com\/ismaelcolosi.com.br\/wp-content\/uploads\/2024\/11\/vagas-freelancer-bicos-temporarios-sem-registro-ribeirao-preto-ismael-colosi.webp?fit=838%2C471&ssl=1&resize=525%2C300 1.5x, https:\/\/i0.wp.com\/ismaelcolosi.com.br\/wp-content\/uploads\/2024\/11\/vagas-freelancer-bicos-temporarios-sem-registro-ribeirao-preto-ismael-colosi.webp?fit=838%2C471&ssl=1&resize=700%2C400 2x"},"classes":[]},{"id":15419,"url":"https:\/\/ismaelcolosi.com.br\/index.php\/2023\/12\/13\/iguaria-brasileira-e-eleita-o-melhor-prato-do-mundo-veja-lista\/","url_meta":{"origin":7367,"position":4},"title":"Iguaria brasileira \u00e9 eleita o melhor prato do mundo; veja lista","author":"ismaelcolosi.com.br","date":"13 de December de 2023","format":false,"excerpt":"O sabor e sucul\u00eancia inigual\u00e1veis da picanha brasileira conquistou o 1\u00ba lugar da lista de 100 melhores pratos do mundo. O ranking foi divulgado nesta ter\u00e7a-feira, 12, pelo guia TasteAtlas. O tradicional corte de carne brasileiro recebeu a nota 4,75 de 5 poss\u00edveis em avalia\u00e7\u00f5es de usu\u00e1rios do site e\u2026","rel":"","context":"In &quot;Variedades&quot;","block_context":{"text":"Variedades","link":"https:\/\/ismaelcolosi.com.br\/index.php\/category\/variedades\/"},"img":{"alt_text":"","src":"https:\/\/i0.wp.com\/ismaelcolosi.com.br\/wp-content\/uploads\/2023\/12\/picanha-brasileira.jpg?fit=1200%2C638&ssl=1&resize=350%2C200","width":350,"height":200,"srcset":"https:\/\/i0.wp.com\/ismaelcolosi.com.br\/wp-content\/uploads\/2023\/12\/picanha-brasileira.jpg?fit=1200%2C638&ssl=1&resize=350%2C200 1x, https:\/\/i0.wp.com\/ismaelcolosi.com.br\/wp-content\/uploads\/2023\/12\/picanha-brasileira.jpg?fit=1200%2C638&ssl=1&resize=525%2C300 1.5x, https:\/\/i0.wp.com\/ismaelcolosi.com.br\/wp-content\/uploads\/2023\/12\/picanha-brasileira.jpg?fit=1200%2C638&ssl=1&resize=700%2C400 2x, https:\/\/i0.wp.com\/ismaelcolosi.com.br\/wp-content\/uploads\/2023\/12\/picanha-brasileira.jpg?fit=1200%2C638&ssl=1&resize=1050%2C600 3x"},"classes":[]},{"id":26441,"url":"https:\/\/ismaelcolosi.com.br\/index.php\/2024\/01\/10\/padre-de-sp-e-condenado-a-prisao-por-crime-de-injuria-racial-contra-garcom\/","url_meta":{"origin":7367,"position":5},"title":"Padre de SP \u00e9 condenado \u00e0 pris\u00e3o por crime de inj\u00faria racial contra gar\u00e7om","author":"ismaelcolosi.com.br","date":"10 de January de 2024","format":false,"excerpt":"A Justi\u00e7a de S\u00e3o Paulo condenou o padre Wendel Ribeiro, da Diocese de S\u00e3o Jos\u00e9 dos Campos, por crime de inj\u00faria racial. O julgamento diz respeito a um caso que aconteceu em 2021.Segundo informa\u00e7\u00f5es do processo, o padre foi denunciado por um gar\u00e7om, que alegou ter sofrido discrimina\u00e7\u00e3o racial. Hoje\u2026","rel":"","context":"In &quot;Blog&quot;","block_context":{"text":"Blog","link":"https:\/\/ismaelcolosi.com.br\/index.php\/category\/blog\/"},"img":{"alt_text":"","src":"https:\/\/i0.wp.com\/ismaelcolosi.com.br\/wp-content\/uploads\/2024\/01\/postimg-659e1a636329a8579.jpg?fit=1200%2C628&ssl=1&resize=350%2C200","width":350,"height":200,"srcset":"https:\/\/i0.wp.com\/ismaelcolosi.com.br\/wp-content\/uploads\/2024\/01\/postimg-659e1a636329a8579.jpg?fit=1200%2C628&ssl=1&resize=350%2C200 1x, https:\/\/i0.wp.com\/ismaelcolosi.com.br\/wp-content\/uploads\/2024\/01\/postimg-659e1a636329a8579.jpg?fit=1200%2C628&ssl=1&resize=525%2C300 1.5x, https:\/\/i0.wp.com\/ismaelcolosi.com.br\/wp-content\/uploads\/2024\/01\/postimg-659e1a636329a8579.jpg?fit=1200%2C628&ssl=1&resize=700%2C400 2x, https:\/\/i0.wp.com\/ismaelcolosi.com.br\/wp-content\/uploads\/2024\/01\/postimg-659e1a636329a8579.jpg?fit=1200%2C628&ssl=1&resize=1050%2C600 3x"},"classes":[]}],"jetpack_sharing_enabled":true,"jetpack_shortlink":"https:\/\/wp.me\/pfMlyK-1UP","_links":{"self":[{"href":"https:\/\/ismaelcolosi.com.br\/index.php\/wp-json\/wp\/v2\/posts\/7367","targetHints":{"allow":["GET"]}}],"collection":[{"href":"https:\/\/ismaelcolosi.com.br\/index.php\/wp-json\/wp\/v2\/posts"}],"about":[{"href":"https:\/\/ismaelcolosi.com.br\/index.php\/wp-json\/wp\/v2\/types\/post"}],"author":[{"embeddable":true,"href":"https:\/\/ismaelcolosi.com.br\/index.php\/wp-json\/wp\/v2\/users\/1"}],"replies":[{"embeddable":true,"href":"https:\/\/ismaelcolosi.com.br\/index.php\/wp-json\/wp\/v2\/comments?post=7367"}],"version-history":[{"count":0,"href":"https:\/\/ismaelcolosi.com.br\/index.php\/wp-json\/wp\/v2\/posts\/7367\/revisions"}],"wp:featuredmedia":[{"embeddable":true,"href":"https:\/\/ismaelcolosi.com.br\/index.php\/wp-json\/wp\/v2\/media\/7368"}],"wp:attachment":[{"href":"https:\/\/ismaelcolosi.com.br\/index.php\/wp-json\/wp\/v2\/media?parent=7367"}],"wp:term":[{"taxonomy":"category","embeddable":true,"href":"https:\/\/ismaelcolosi.com.br\/index.php\/wp-json\/wp\/v2\/categories?post=7367"},{"taxonomy":"post_tag","embeddable":true,"href":"https:\/\/ismaelcolosi.com.br\/index.php\/wp-json\/wp\/v2\/tags?post=7367"}],"curies":[{"name":"wp","href":"https:\/\/api.w.org\/{rel}","templated":true}]}}