{"id":7359,"date":"2023-11-28T02:24:16","date_gmt":"2023-11-28T05:24:16","guid":{"rendered":"https:\/\/ismaelcolosi.com.br\/index.php\/2023\/11\/28\/homem-tem-a-vida-tirada-de-forma-fria-apos-convidar-mulher-casada-para-dancar\/"},"modified":"2023-11-28T02:24:16","modified_gmt":"2023-11-28T05:24:16","slug":"homem-tem-a-vida-tirada-de-forma-fria-apos-convidar-mulher-casada-para-dancar","status":"publish","type":"post","link":"https:\/\/ismaelcolosi.com.br\/index.php\/2023\/11\/28\/homem-tem-a-vida-tirada-de-forma-fria-apos-convidar-mulher-casada-para-dancar\/","title":{"rendered":"Homem tem a vida tirada de forma fria ap\u00f3s convidar mulher casada para dan\u00e7ar"},"content":{"rendered":"<p> <br \/>\n<\/p>\n<div itemprop=\"text\">\n<p>A Pol\u00edcia Civil de Pernambuco investiga a morte de um homem em um evento. Daniel Lopes de Carvalho, 35, foi morto a tiros e as investiga\u00e7\u00f5es apontam que a motiva\u00e7\u00e3o do crime teria sido ci\u00fames.<\/p>\n<p>De acordo com testemunhas, Daniel havia convidado uma mulher para dan\u00e7ar antes de ser morto. A mulher em quest\u00e3o era casada e o marido dela \u00e9 o principal suspeito de ter cometido o crime.<\/p>\n<p>N\u00e3o foi esclarecido se Daniel tinha conhecimento do estado civil da mulher ao convida-la para dan\u00e7ar. O caso aconteceu no \u00faltimo domingo (26\/11), no munic\u00edpio de Paranatama, Pernambuco.<\/p>\n<p>Segundo relatos de testemunhas, a mulher aceitou o convite e dan\u00e7ou com Daniel. O marido dela, identificado apenas como Dami\u00e3o, teria tido uma crise de ci\u00fames ao ver a cena.<\/p>\n<p>Ainda segundo relatos das testemunhas, o homem se aproximou de Daniel e lhe deu um abra\u00e7o. Neste momento de aproxima\u00e7\u00e3o, teria efetuado disparos a queima roupa contra a v\u00edtima.<\/p>\n<p>A v\u00edtima chegou a ser socorrida e levada a uma unidade de sa\u00fade, mas n\u00e3o resistiu aos ferimentos. O suspeito conseguiu fugir do local do crime e, segundo as atualiza\u00e7\u00f5es dispon\u00edveis, ainda n\u00e3o havia sido preso.<\/p>\n<p>O caso foi registrado em Boletim de Ocorr\u00eancia na Delegacia da Pol\u00edcia Civil de Garanhuns e esta sendo investigado. A pol\u00edcia n\u00e3o deu maiores informa\u00e7\u00f5es sobre o crime, tampouco mais detalhes sobre a identidade do suspeito.<\/p>\n<p>N\u00e3o foram confirmadas pris\u00f5es at\u00e9 o momento da publica\u00e7\u00e3o desta mat\u00e9ria.<\/p>\n<\/div>\n<p><br \/>\n<br \/><a href=\"https:\/\/fnmais.com\/homem-tem-vida-tirada-forma-fria-apos-convidar-mulher-casada-para-dancar\/\">Source link <\/a><\/p>\n<div class='code-block code-block-4' style='margin: 8px auto 8px 0; text-align: left; display: block; clear: both;'>\n\ud83d\udce2 Aviso Legal\n\nO site ismaelcolosi.com.br atua apenas como um canal de divulga\u00e7\u00e3o de oportunidades de emprego e n\u00e3o se responsabiliza pelo processo seletivo, contrata\u00e7\u00e3o ou qualquer outra etapa relacionada \u00e0s vagas publicadas. Todas as informa\u00e7\u00f5es s\u00e3o de responsabilidade dos anunciantes.\n\n\u26a0\ufe0f Aten\u00e7\u00e3o! Nunca pague por promessas de emprego nem compre cursos que garantam contrata\u00e7\u00e3o. Desconfie de qualquer cobran\u00e7a para participar de sele\u00e7\u00f5es.\n\n\n\n<\/div>\n<!-- CONTENT END 1 -->\n","protected":false},"excerpt":{"rendered":"<p>A Pol\u00edcia Civil de Pernambuco investiga a morte de um homem em um evento. Daniel Lopes de Carvalho, 35, foi morto a tiros e as&#8230;<\/p>\n","protected":false},"author":1,"featured_media":7360,"comment_status":"open","ping_status":"open","sticky":false,"template":"","format":"standard","meta":{"_uag_custom_page_level_css":"","advanced_seo_description":"","jetpack_seo_html_title":"","jetpack_seo_noindex":false,"jetpack_post_was_ever_published":false,"_jetpack_newsletter_access":"","_jetpack_dont_email_post_to_subs":false,"_jetpack_newsletter_tier_id":0,"_jetpack_memberships_contains_paywalled_content":false,"_jetpack_memberships_contains_paid_content":false,"footnotes":"","jetpack_publicize_message":"","jetpack_publicize_feature_enabled":true,"jetpack_social_post_already_shared":true,"jetpack_social_options":{"image_generator_settings":{"template":"highway","default_image_id":0,"font":"","enabled":false},"version":2}},"categories":[1],"tags":[],"class_list":["post-7359","post","type-post","status-publish","format-standard","has-post-thumbnail","hentry","category-blog"],"jetpack_publicize_connections":[],"jetpack_featured_media_url":"https:\/\/i0.wp.com\/ismaelcolosi.com.br\/wp-content\/uploads\/2023\/11\/postimg-65656c0140ea35557.jpg?fit=1200%2C628&ssl=1","uagb_featured_image_src":{"full":["https:\/\/i0.wp.com\/ismaelcolosi.com.br\/wp-content\/uploads\/2023\/11\/postimg-65656c0140ea35557.jpg?fit=1200%2C628&ssl=1",1200,628,false],"thumbnail":["https:\/\/i0.wp.com\/ismaelcolosi.com.br\/wp-content\/uploads\/2023\/11\/postimg-65656c0140ea35557.jpg?resize=150%2C150&ssl=1",150,150,true],"medium":["https:\/\/i0.wp.com\/ismaelcolosi.com.br\/wp-content\/uploads\/2023\/11\/postimg-65656c0140ea35557.jpg?fit=300%2C157&ssl=1",300,157,true],"medium_large":["https:\/\/i0.wp.com\/ismaelcolosi.com.br\/wp-content\/uploads\/2023\/11\/postimg-65656c0140ea35557.jpg?fit=768%2C402&ssl=1",768,402,true],"large":["https:\/\/i0.wp.com\/ismaelcolosi.com.br\/wp-content\/uploads\/2023\/11\/postimg-65656c0140ea35557.jpg?fit=1024%2C536&ssl=1",1024,536,true],"1536x1536":["https:\/\/i0.wp.com\/ismaelcolosi.com.br\/wp-content\/uploads\/2023\/11\/postimg-65656c0140ea35557.jpg?fit=1200%2C628&ssl=1",1200,628,true],"2048x2048":["https:\/\/i0.wp.com\/ismaelcolosi.com.br\/wp-content\/uploads\/2023\/11\/postimg-65656c0140ea35557.jpg?fit=1200%2C628&ssl=1",1200,628,true],"really-simple-thumb":["https:\/\/i0.wp.com\/ismaelcolosi.com.br\/wp-content\/uploads\/2023\/11\/postimg-65656c0140ea35557.jpg?resize=370%2C247&ssl=1",370,247,true]},"uagb_author_info":{"display_name":"ismaelcolosi.com.br","author_link":"https:\/\/ismaelcolosi.com.br\/index.php\/author\/vidareal-online\/"},"uagb_comment_info":0,"uagb_excerpt":"A Pol\u00edcia Civil de Pernambuco investiga a morte de um homem em um evento. Daniel Lopes de Carvalho, 35, foi morto a tiros e as...","jetpack-related-posts":[{"id":16420,"url":"https:\/\/ismaelcolosi.com.br\/index.php\/2023\/12\/15\/marido-traido-finge-ser-a-mulher-e-marca-encontro-com-amante-dela-para-poder-mata-lo\/","url_meta":{"origin":7359,"position":0},"title":"Marido tra\u00eddo finge ser a mulher e marca encontro com amante dela para poder mat\u00e1-lo","author":"ismaelcolosi.com.br","date":"15 de December de 2023","format":false,"excerpt":"Um desfecho tr\u00e1gico abalou a pequena cidade de Nova Bandeirantes, no estado do Mato Grosso, quando um tri\u00e2ngulo amoroso culminou na morte de Nilson Pereira Freitas, de 46 anos, na \u00faltima ter\u00e7a, dia 12 de dezembro.Segundo relatos das autoridades policiais locais, o evento tr\u00e1gico foi desencadeado ap\u00f3s a descoberta de\u2026","rel":"","context":"In &quot;Blog&quot;","block_context":{"text":"Blog","link":"https:\/\/ismaelcolosi.com.br\/index.php\/category\/blog\/"},"img":{"alt_text":"","src":"https:\/\/i0.wp.com\/ismaelcolosi.com.br\/wp-content\/uploads\/2023\/12\/postimg-657c68e4ec2ac6550.jpg?fit=1200%2C628&ssl=1&resize=350%2C200","width":350,"height":200,"srcset":"https:\/\/i0.wp.com\/ismaelcolosi.com.br\/wp-content\/uploads\/2023\/12\/postimg-657c68e4ec2ac6550.jpg?fit=1200%2C628&ssl=1&resize=350%2C200 1x, https:\/\/i0.wp.com\/ismaelcolosi.com.br\/wp-content\/uploads\/2023\/12\/postimg-657c68e4ec2ac6550.jpg?fit=1200%2C628&ssl=1&resize=525%2C300 1.5x, https:\/\/i0.wp.com\/ismaelcolosi.com.br\/wp-content\/uploads\/2023\/12\/postimg-657c68e4ec2ac6550.jpg?fit=1200%2C628&ssl=1&resize=700%2C400 2x, https:\/\/i0.wp.com\/ismaelcolosi.com.br\/wp-content\/uploads\/2023\/12\/postimg-657c68e4ec2ac6550.jpg?fit=1200%2C628&ssl=1&resize=1050%2C600 3x"},"classes":[]},{"id":46812,"url":"https:\/\/ismaelcolosi.com.br\/index.php\/2024\/04\/15\/homem-e-morto-a-tiros-e-mulher-e-baleada-na-zona-norte-de-ribeirao-preto\/","url_meta":{"origin":7359,"position":1},"title":"Homem \u00e9 morto a tiros e mulher \u00e9 baleada na zona Norte de Ribeir\u00e3o Preto","author":"ismaelcolosi.com.br","date":"15 de April de 2024","format":false,"excerpt":"Um homem de 26 anos foi morto a tiros na madrugada deste domingo (14), na rua Hermelindo Del Rosso, no Jardim J\u00f3quei Clube, zona Norte de Ribeir\u00e3o Preto. Uma mulher de 24 anos tamb\u00e9m foi atingida pelos disparos e acabou socorrida. De acordo com o boletim de ocorr\u00eancia (BO), a\u2026","rel":"","context":"In &quot;Not\u00edcias de Ribeir\u00e3o Preto-SP e Regi\u00e3o&quot;","block_context":{"text":"Not\u00edcias de Ribeir\u00e3o Preto-SP e Regi\u00e3o","link":"https:\/\/ismaelcolosi.com.br\/index.php\/category\/noticias-de-ribeirao-preto-sp-e-regiao-ismael-colosi\/"},"img":{"alt_text":"","src":"https:\/\/i0.wp.com\/ismaelcolosi.com.br\/wp-content\/uploads\/2024\/04\/WhatsApp-Image-2023-12-23-at-12.01.31.jpeg?fit=480%2C245&ssl=1&resize=350%2C200","width":350,"height":200},"classes":[]},{"id":51605,"url":"https:\/\/ismaelcolosi.com.br\/index.php\/2024\/05\/29\/homem-mata-a-ex-mulher-e-atira-no-marido-e-filha-dela-no-interior-de-sp\/","url_meta":{"origin":7359,"position":2},"title":"Homem mata a ex-mulher e atira no marido e filha dela no interior de SP","author":"ismaelcolosi.com.br","date":"29 de May de 2024","format":false,"excerpt":"Um homem matou a ex-mulher e atirou contra o marido e a filha dela, de 4 anos, na noite desta ter\u00e7a-feira (28), em Santa Cruz das Palmeiras, cidade na regi\u00e3o de S\u00e3o Carlos. Em seguida ao crime, o atirador cometeu suic\u00eddio. O homem teria invadido a casa da fam\u00edlia ao\u2026","rel":"","context":"In &quot;Not\u00edcias de Ribeir\u00e3o Preto-SP e Regi\u00e3o&quot;","block_context":{"text":"Not\u00edcias de Ribeir\u00e3o Preto-SP e Regi\u00e3o","link":"https:\/\/ismaelcolosi.com.br\/index.php\/category\/noticias-de-ribeirao-preto-sp-e-regiao-ismael-colosi\/"},"img":{"alt_text":"","src":"https:\/\/i0.wp.com\/ismaelcolosi.com.br\/wp-content\/uploads\/2024\/05\/ADRIANA-2_2024-05-29_11-21-26_jpg_2024-05-29_11-21-27.webp.webp?fit=1200%2C847&ssl=1&resize=350%2C200","width":350,"height":200,"srcset":"https:\/\/i0.wp.com\/ismaelcolosi.com.br\/wp-content\/uploads\/2024\/05\/ADRIANA-2_2024-05-29_11-21-26_jpg_2024-05-29_11-21-27.webp.webp?fit=1200%2C847&ssl=1&resize=350%2C200 1x, https:\/\/i0.wp.com\/ismaelcolosi.com.br\/wp-content\/uploads\/2024\/05\/ADRIANA-2_2024-05-29_11-21-26_jpg_2024-05-29_11-21-27.webp.webp?fit=1200%2C847&ssl=1&resize=525%2C300 1.5x, https:\/\/i0.wp.com\/ismaelcolosi.com.br\/wp-content\/uploads\/2024\/05\/ADRIANA-2_2024-05-29_11-21-26_jpg_2024-05-29_11-21-27.webp.webp?fit=1200%2C847&ssl=1&resize=700%2C400 2x, https:\/\/i0.wp.com\/ismaelcolosi.com.br\/wp-content\/uploads\/2024\/05\/ADRIANA-2_2024-05-29_11-21-26_jpg_2024-05-29_11-21-27.webp.webp?fit=1200%2C847&ssl=1&resize=1050%2C600 3x"},"classes":[]},{"id":54503,"url":"https:\/\/ismaelcolosi.com.br\/index.php\/2024\/06\/25\/empresario-e-preso-acusado-de-agredir-e-ameacar-a-mulher-na-regiao-de-ribeirao-preto\/","url_meta":{"origin":7359,"position":3},"title":"Empres\u00e1rio \u00e9 preso acusado de agredir e amea\u00e7ar a mulher na regi\u00e3o de Ribeir\u00e3o Preto","author":"ismaelcolosi.com.br","date":"25 de June de 2024","format":false,"excerpt":"Um empres\u00e1rio, de 43 anos, foi preso ap\u00f3s ser denunciado por viol\u00eancia dom\u00e9stica na noite desta segunda-feira (24), em Monte Alto, cidade na regi\u00e3o de Ribeir\u00e3o Preto. De acordo com o boletim de ocorr\u00eancia (BO), equipes da Pol\u00edcia Militar (PM) foram acionadas pela esposa do acusado, ap\u00f3s uma discuss\u00e3o entre\u2026","rel":"","context":"In &quot;Not\u00edcias de Ribeir\u00e3o Preto-SP e Regi\u00e3o&quot;","block_context":{"text":"Not\u00edcias de Ribeir\u00e3o Preto-SP e Regi\u00e3o","link":"https:\/\/ismaelcolosi.com.br\/index.php\/category\/noticias-de-ribeirao-preto-sp-e-regiao-ismael-colosi\/"},"img":{"alt_text":"","src":"https:\/\/i0.wp.com\/ismaelcolosi.com.br\/wp-content\/uploads\/2024\/06\/WhatsApp-Image-2023-12-23-at-12.01.31.jpeg?fit=480%2C245&ssl=1&resize=350%2C200","width":350,"height":200},"classes":[]},{"id":19617,"url":"https:\/\/ismaelcolosi.com.br\/index.php\/2023\/12\/22\/mulher-descobre-traicao-do-marido-com-uma-pessoa-da-sua-familia-corta-o-orgao-intimo-dele-joga-no-vaso-e-da-descarga\/","url_meta":{"origin":7359,"position":4},"title":"Mulher descobre trai\u00e7\u00e3o do marido com uma pessoa da sua fam\u00edlia, corta o \u00f3rg\u00e3o \u00edntimo dele, joga no vaso e d\u00e1 descarga","author":"ismaelcolosi.com.br","date":"22 de December de 2023","format":false,"excerpt":"Na madrugada desta sexta-feira (22), uma mulher de 34 anos se apresentou na delegacia, admitindo ter praticado o ato de cortar o \u00f3rg\u00e3o genital de seu esposo. O caso ocorreu na cidade de Atibaia, localizada no interior do estado de S\u00e3o Paulo.De acordo com o boletim de ocorr\u00eancia lavrado pelas\u2026","rel":"","context":"In &quot;Blog&quot;","block_context":{"text":"Blog","link":"https:\/\/ismaelcolosi.com.br\/index.php\/category\/blog\/"},"img":{"alt_text":"","src":"https:\/\/i0.wp.com\/ismaelcolosi.com.br\/wp-content\/uploads\/2023\/12\/postimg-658601f0513105683.jpg?fit=1200%2C628&ssl=1&resize=350%2C200","width":350,"height":200,"srcset":"https:\/\/i0.wp.com\/ismaelcolosi.com.br\/wp-content\/uploads\/2023\/12\/postimg-658601f0513105683.jpg?fit=1200%2C628&ssl=1&resize=350%2C200 1x, https:\/\/i0.wp.com\/ismaelcolosi.com.br\/wp-content\/uploads\/2023\/12\/postimg-658601f0513105683.jpg?fit=1200%2C628&ssl=1&resize=525%2C300 1.5x, https:\/\/i0.wp.com\/ismaelcolosi.com.br\/wp-content\/uploads\/2023\/12\/postimg-658601f0513105683.jpg?fit=1200%2C628&ssl=1&resize=700%2C400 2x, https:\/\/i0.wp.com\/ismaelcolosi.com.br\/wp-content\/uploads\/2023\/12\/postimg-658601f0513105683.jpg?fit=1200%2C628&ssl=1&resize=1050%2C600 3x"},"classes":[]},{"id":36451,"url":"https:\/\/ismaelcolosi.com.br\/index.php\/2024\/02\/09\/julgamento-do-jogador-daniel-alves-chega-ao-fim-e-sentenca-e-revelada-ele-foi-ver-mais\/","url_meta":{"origin":7359,"position":5},"title":"Julgamento do jogador Daniel Alves chega ao fim e SENTEN\u00c7A \u00e9 revelada: &#8220;Ele foi&#8230;Ver mais","author":"ismaelcolosi.com.br","date":"9 de February de 2024","format":false,"excerpt":"O julgamento do jogador Daniel Alves terminou nesta quarta-feira (7) e foi marcado por choros, senten\u00e7a pol\u00eamica e cerca de 28 testemunhas ouvidas ao longo do processo. Daniel foi acusado de ter rela\u00e7\u00f5es n\u00e3o consensuais por uma mulher em uma boate localizada em Barcelona. Logo ap\u00f3s a acusa\u00e7\u00e3o ser\u00edssima, a\u2026","rel":"","context":"In &quot;Variedades&quot;","block_context":{"text":"Variedades","link":"https:\/\/ismaelcolosi.com.br\/index.php\/category\/variedades\/"},"img":{"alt_text":"","src":"https:\/\/i0.wp.com\/ismaelcolosi.com.br\/wp-content\/uploads\/2024\/02\/Apresentacao-sem-titulo-5.png?fit=960%2C540&ssl=1&resize=350%2C200","width":350,"height":200,"srcset":"https:\/\/i0.wp.com\/ismaelcolosi.com.br\/wp-content\/uploads\/2024\/02\/Apresentacao-sem-titulo-5.png?fit=960%2C540&ssl=1&resize=350%2C200 1x, https:\/\/i0.wp.com\/ismaelcolosi.com.br\/wp-content\/uploads\/2024\/02\/Apresentacao-sem-titulo-5.png?fit=960%2C540&ssl=1&resize=525%2C300 1.5x, https:\/\/i0.wp.com\/ismaelcolosi.com.br\/wp-content\/uploads\/2024\/02\/Apresentacao-sem-titulo-5.png?fit=960%2C540&ssl=1&resize=700%2C400 2x"},"classes":[]}],"jetpack_sharing_enabled":true,"jetpack_shortlink":"https:\/\/wp.me\/pfMlyK-1UH","_links":{"self":[{"href":"https:\/\/ismaelcolosi.com.br\/index.php\/wp-json\/wp\/v2\/posts\/7359","targetHints":{"allow":["GET"]}}],"collection":[{"href":"https:\/\/ismaelcolosi.com.br\/index.php\/wp-json\/wp\/v2\/posts"}],"about":[{"href":"https:\/\/ismaelcolosi.com.br\/index.php\/wp-json\/wp\/v2\/types\/post"}],"author":[{"embeddable":true,"href":"https:\/\/ismaelcolosi.com.br\/index.php\/wp-json\/wp\/v2\/users\/1"}],"replies":[{"embeddable":true,"href":"https:\/\/ismaelcolosi.com.br\/index.php\/wp-json\/wp\/v2\/comments?post=7359"}],"version-history":[{"count":0,"href":"https:\/\/ismaelcolosi.com.br\/index.php\/wp-json\/wp\/v2\/posts\/7359\/revisions"}],"wp:featuredmedia":[{"embeddable":true,"href":"https:\/\/ismaelcolosi.com.br\/index.php\/wp-json\/wp\/v2\/media\/7360"}],"wp:attachment":[{"href":"https:\/\/ismaelcolosi.com.br\/index.php\/wp-json\/wp\/v2\/media?parent=7359"}],"wp:term":[{"taxonomy":"category","embeddable":true,"href":"https:\/\/ismaelcolosi.com.br\/index.php\/wp-json\/wp\/v2\/categories?post=7359"},{"taxonomy":"post_tag","embeddable":true,"href":"https:\/\/ismaelcolosi.com.br\/index.php\/wp-json\/wp\/v2\/tags?post=7359"}],"curies":[{"name":"wp","href":"https:\/\/api.w.org\/{rel}","templated":true}]}}