{"id":7355,"date":"2023-11-28T02:12:05","date_gmt":"2023-11-28T05:12:05","guid":{"rendered":"https:\/\/ismaelcolosi.com.br\/index.php\/2023\/11\/28\/motorista-de-creche-e-acusado-de-aliciar-criancas-para-obter-videos-intimos-das-maes-policia-investiga\/"},"modified":"2023-11-28T02:12:05","modified_gmt":"2023-11-28T05:12:05","slug":"motorista-de-creche-e-acusado-de-aliciar-criancas-para-obter-videos-intimos-das-maes-policia-investiga","status":"publish","type":"post","link":"https:\/\/ismaelcolosi.com.br\/index.php\/2023\/11\/28\/motorista-de-creche-e-acusado-de-aliciar-criancas-para-obter-videos-intimos-das-maes-policia-investiga\/","title":{"rendered":"Motorista de creche \u00e9 acusado de aliciar crian\u00e7as para obter v\u00eddeos \u00edntimos das m\u00e3es; pol\u00edcia investiga"},"content":{"rendered":"<p> <br \/>\n<\/p>\n<div itemprop=\"text\">\n<p>Uma m\u00e3e de Alagoas, em Macei\u00f3, procurou a pol\u00edcia ap\u00f3s fazer uma descoberta perturbadora no telefone da filha. Segundo a mulher, a menina havia sido aliciada pelo motorista da creche onde a menina frequentava.<\/p>\n<p>A m\u00e3e descobriu o caso ap\u00f3s mexer no telefone ao qual a crian\u00e7a tinha acesso. Segundo ela, o homem se aproximou da crian\u00e7a e a convenceu a mandar v\u00eddeos onde a m\u00e3e aparecia nua.<\/p>\n<p><b>\u201cEle trabalhou muito para conseguir a confian\u00e7a dela durante esse tempo. Depois de enviado, ele induziu para que ela apagasse e ainda me elogiou. Nojo! Mas, ela apagou da conversa, e n\u00e3o da galeria\u201d<\/b>, disse.<\/p>\n<p>Laiane ainda revelou que, ap\u00f3s expor o caso, recebeu contato de outras m\u00e3es. No caso dela, o boletim de ocorr\u00eancia foi registrado junto a delegacia; no entanto, outros casos ainda podem chegar ao conhecimento da pol\u00edcia.<\/p>\n<p>Ao expor o caso, Laiane revelou que o homem pode ter violentado crian\u00e7as. A mulher contou que recebeu contatos e den\u00fancias de outras mulheres, que tamb\u00e9m tinham hist\u00f3rias estranhas com o homem.<\/p>\n<p>\u201c<b>Teve outro epis\u00f3dio com a filha da mo\u00e7a que trabalha com a minha cunhada. Ele mandou ela sentar no colo dele no carro. Se tivesse sentindo algo duro, era a marcha<\/b>\u201c, declarou.<\/p>\n<p>A Pol\u00edcia Civil confirmou que investiga o caso e informou j\u00e1 ter coletado depoimentos, al\u00e9m do conte\u00fado audiovisual apresentado pela v\u00edtima. At\u00e9 o momento, nenhuma pris\u00e3o foi feita e o motorista n\u00e3o teve o nome revelado.<\/p>\n<\/div>\n<p><br \/>\n<br \/><a href=\"https:\/\/fnmais.com\/motorista-creche-acusado-aliciar-criancas-para-obter-videos-intimos-maes-policia-investiga\/\">Source link <\/a><\/p>\n<div class='code-block code-block-4' style='margin: 8px auto 8px 0; text-align: left; display: block; clear: both;'>\n\ud83d\udce2 Aviso Legal\n\nO site ismaelcolosi.com.br atua apenas como um canal de divulga\u00e7\u00e3o de oportunidades de emprego e n\u00e3o se responsabiliza pelo processo seletivo, contrata\u00e7\u00e3o ou qualquer outra etapa relacionada \u00e0s vagas publicadas. Todas as informa\u00e7\u00f5es s\u00e3o de responsabilidade dos anunciantes.\n\n\u26a0\ufe0f Aten\u00e7\u00e3o! Nunca pague por promessas de emprego nem compre cursos que garantam contrata\u00e7\u00e3o. Desconfie de qualquer cobran\u00e7a para participar de sele\u00e7\u00f5es.\n\n\n\n<\/div>\n<!-- CONTENT END 1 -->\n","protected":false},"excerpt":{"rendered":"<p>Uma m\u00e3e de Alagoas, em Macei\u00f3, procurou a pol\u00edcia ap\u00f3s fazer uma descoberta perturbadora no telefone da filha. Segundo a mulher, a menina havia sido&#8230;<\/p>\n","protected":false},"author":1,"featured_media":7356,"comment_status":"open","ping_status":"open","sticky":false,"template":"","format":"standard","meta":{"_uag_custom_page_level_css":"","advanced_seo_description":"","jetpack_seo_html_title":"","jetpack_seo_noindex":false,"jetpack_post_was_ever_published":false,"_jetpack_newsletter_access":"","_jetpack_dont_email_post_to_subs":false,"_jetpack_newsletter_tier_id":0,"_jetpack_memberships_contains_paywalled_content":false,"_jetpack_memberships_contains_paid_content":false,"footnotes":"","jetpack_publicize_message":"","jetpack_publicize_feature_enabled":true,"jetpack_social_post_already_shared":true,"jetpack_social_options":{"image_generator_settings":{"template":"highway","default_image_id":0,"font":"","enabled":false},"version":2}},"categories":[1],"tags":[],"class_list":["post-7355","post","type-post","status-publish","format-standard","has-post-thumbnail","hentry","category-blog"],"jetpack_publicize_connections":[],"jetpack_featured_media_url":"https:\/\/i0.wp.com\/ismaelcolosi.com.br\/wp-content\/uploads\/2023\/11\/postimg-65656c38936bd4655.jpg?fit=1200%2C628&ssl=1","uagb_featured_image_src":{"full":["https:\/\/i0.wp.com\/ismaelcolosi.com.br\/wp-content\/uploads\/2023\/11\/postimg-65656c38936bd4655.jpg?fit=1200%2C628&ssl=1",1200,628,false],"thumbnail":["https:\/\/i0.wp.com\/ismaelcolosi.com.br\/wp-content\/uploads\/2023\/11\/postimg-65656c38936bd4655.jpg?resize=150%2C150&ssl=1",150,150,true],"medium":["https:\/\/i0.wp.com\/ismaelcolosi.com.br\/wp-content\/uploads\/2023\/11\/postimg-65656c38936bd4655.jpg?fit=300%2C157&ssl=1",300,157,true],"medium_large":["https:\/\/i0.wp.com\/ismaelcolosi.com.br\/wp-content\/uploads\/2023\/11\/postimg-65656c38936bd4655.jpg?fit=768%2C402&ssl=1",768,402,true],"large":["https:\/\/i0.wp.com\/ismaelcolosi.com.br\/wp-content\/uploads\/2023\/11\/postimg-65656c38936bd4655.jpg?fit=1024%2C536&ssl=1",1024,536,true],"1536x1536":["https:\/\/i0.wp.com\/ismaelcolosi.com.br\/wp-content\/uploads\/2023\/11\/postimg-65656c38936bd4655.jpg?fit=1200%2C628&ssl=1",1200,628,true],"2048x2048":["https:\/\/i0.wp.com\/ismaelcolosi.com.br\/wp-content\/uploads\/2023\/11\/postimg-65656c38936bd4655.jpg?fit=1200%2C628&ssl=1",1200,628,true],"really-simple-thumb":["https:\/\/i0.wp.com\/ismaelcolosi.com.br\/wp-content\/uploads\/2023\/11\/postimg-65656c38936bd4655.jpg?resize=370%2C247&ssl=1",370,247,true]},"uagb_author_info":{"display_name":"ismaelcolosi.com.br","author_link":"https:\/\/ismaelcolosi.com.br\/index.php\/author\/vidareal-online\/"},"uagb_comment_info":0,"uagb_excerpt":"Uma m\u00e3e de Alagoas, em Macei\u00f3, procurou a pol\u00edcia ap\u00f3s fazer uma descoberta perturbadora no telefone da filha. Segundo a mulher, a menina havia sido...","jetpack-related-posts":[{"id":60211,"url":"https:\/\/ismaelcolosi.com.br\/index.php\/2024\/08\/14\/hc-aciona-policia-apos-laudo-de-morte-violenta-de-menina-de-3-anos-em-ribeirao-preto\/","url_meta":{"origin":7355,"position":0},"title":"HC aciona pol\u00edcia ap\u00f3s laudo de morte violenta de menina de 3 anos em Ribeir\u00e3o Preto","author":"ismaelcolosi.com.br","date":"14 de August de 2024","format":false,"excerpt":"A Pol\u00edcia Civil investiga a morte por trauma cr\u00e2nioencef\u00e1lico (TCE) de uma crian\u00e7a de tr\u00eas anos que estava internada no Hospital das Cl\u00ednicas de Ribeir\u00e3o Preto (HC-RP). O caso aconteceu na \u00faltima sexta-feira (9) e foi a pr\u00f3pria institui\u00e7\u00e3o que registrou um boletim de ocorr\u00eancia (BO). De acordo com a\u2026","rel":"","context":"In &quot;Not\u00edcias de Ribeir\u00e3o Preto-SP e Regi\u00e3o&quot;","block_context":{"text":"Not\u00edcias de Ribeir\u00e3o Preto-SP e Regi\u00e3o","link":"https:\/\/ismaelcolosi.com.br\/index.php\/category\/noticias-de-ribeirao-preto-sp-e-regiao-ismael-colosi\/"},"img":{"alt_text":"","src":"https:\/\/i0.wp.com\/ismaelcolosi.com.br\/wp-content\/uploads\/2024\/08\/Copia-de-Copia-de-Copia-de-TAMANHO-EXATO-PARA-FOTOS-NO-SISTEMA-NOVO-4_2024-08-14_23-57-46_png_2024-08-14_23-57-46.webp.webp?fit=1200%2C675&ssl=1&resize=350%2C200","width":350,"height":200,"srcset":"https:\/\/i0.wp.com\/ismaelcolosi.com.br\/wp-content\/uploads\/2024\/08\/Copia-de-Copia-de-Copia-de-TAMANHO-EXATO-PARA-FOTOS-NO-SISTEMA-NOVO-4_2024-08-14_23-57-46_png_2024-08-14_23-57-46.webp.webp?fit=1200%2C675&ssl=1&resize=350%2C200 1x, https:\/\/i0.wp.com\/ismaelcolosi.com.br\/wp-content\/uploads\/2024\/08\/Copia-de-Copia-de-Copia-de-TAMANHO-EXATO-PARA-FOTOS-NO-SISTEMA-NOVO-4_2024-08-14_23-57-46_png_2024-08-14_23-57-46.webp.webp?fit=1200%2C675&ssl=1&resize=525%2C300 1.5x, https:\/\/i0.wp.com\/ismaelcolosi.com.br\/wp-content\/uploads\/2024\/08\/Copia-de-Copia-de-Copia-de-TAMANHO-EXATO-PARA-FOTOS-NO-SISTEMA-NOVO-4_2024-08-14_23-57-46_png_2024-08-14_23-57-46.webp.webp?fit=1200%2C675&ssl=1&resize=700%2C400 2x, https:\/\/i0.wp.com\/ismaelcolosi.com.br\/wp-content\/uploads\/2024\/08\/Copia-de-Copia-de-Copia-de-TAMANHO-EXATO-PARA-FOTOS-NO-SISTEMA-NOVO-4_2024-08-14_23-57-46_png_2024-08-14_23-57-46.webp.webp?fit=1200%2C675&ssl=1&resize=1050%2C600 3x"},"classes":[]},{"id":65996,"url":"https:\/\/ismaelcolosi.com.br\/index.php\/2024\/09\/15\/o-que-se-sabe-sobre-morte-de-menina-de-3-anos-em-ribeirao-preto\/","url_meta":{"origin":7355,"position":1},"title":"O que se sabe sobre morte de menina de 3 anos em\u00a0Ribeir\u00e3o\u00a0Preto","author":"ismaelcolosi.com.br","date":"15 de September de 2024","format":false,"excerpt":"A Pol\u00edcia Civil investiga a morte de uma menina de 3 anos, em Ribeir\u00e3o Preto. Sophia da Silva Fernandez completaria 4 anos na \u00faltima sexta-feira (13). A crian\u00e7a ficou internada na Unidade de Eemerg\u00eancia do Hospital das Cl\u00ednicas (HC-UE), durante nove dias, at\u00e9 ser confirmada a morte cerebral. O hospital\u2026","rel":"","context":"In &quot;Not\u00edcias de Ribeir\u00e3o Preto-SP e Regi\u00e3o&quot;","block_context":{"text":"Not\u00edcias de Ribeir\u00e3o Preto-SP e Regi\u00e3o","link":"https:\/\/ismaelcolosi.com.br\/index.php\/category\/noticias-de-ribeirao-preto-sp-e-regiao-ismael-colosi\/"},"img":{"alt_text":"","src":"https:\/\/i0.wp.com\/ismaelcolosi.com.br\/wp-content\/uploads\/2024\/09\/acidadeon_logos_Prancheta-1-copia-12_edited.jpg?fit=1199%2C1200&ssl=1&resize=350%2C200","width":350,"height":200,"srcset":"https:\/\/i0.wp.com\/ismaelcolosi.com.br\/wp-content\/uploads\/2024\/09\/acidadeon_logos_Prancheta-1-copia-12_edited.jpg?fit=1199%2C1200&ssl=1&resize=350%2C200 1x, https:\/\/i0.wp.com\/ismaelcolosi.com.br\/wp-content\/uploads\/2024\/09\/acidadeon_logos_Prancheta-1-copia-12_edited.jpg?fit=1199%2C1200&ssl=1&resize=525%2C300 1.5x, https:\/\/i0.wp.com\/ismaelcolosi.com.br\/wp-content\/uploads\/2024\/09\/acidadeon_logos_Prancheta-1-copia-12_edited.jpg?fit=1199%2C1200&ssl=1&resize=700%2C400 2x, https:\/\/i0.wp.com\/ismaelcolosi.com.br\/wp-content\/uploads\/2024\/09\/acidadeon_logos_Prancheta-1-copia-12_edited.jpg?fit=1199%2C1200&ssl=1&resize=1050%2C600 3x"},"classes":[]},{"id":66003,"url":"https:\/\/ismaelcolosi.com.br\/index.php\/2024\/09\/15\/o-que-se-sabe-sobre-morte-de-menina-de-3-anos-em-ribeirao-preto-2\/","url_meta":{"origin":7355,"position":2},"title":"O que se sabe sobre morte de menina de 3 anos em\u00a0Ribeir\u00e3o\u00a0Preto","author":"ismaelcolosi.com.br","date":"15 de September de 2024","format":false,"excerpt":"A Pol\u00edcia Civil investiga a morte de uma menina de 3 anos, em Ribeir\u00e3o Preto. Sophia da Silva Fernandez completaria 4 anos na \u00faltima sexta-feira (13). A crian\u00e7a ficou internada na Unidade de Eemerg\u00eancia do Hospital das Cl\u00ednicas (HC-UE), durante nove dias, at\u00e9 ser confirmada a morte cerebral. O hospital\u2026","rel":"","context":"In &quot;Not\u00edcias de Ribeir\u00e3o Preto-SP e Regi\u00e3o&quot;","block_context":{"text":"Not\u00edcias de Ribeir\u00e3o Preto-SP e Regi\u00e3o","link":"https:\/\/ismaelcolosi.com.br\/index.php\/category\/noticias-de-ribeirao-preto-sp-e-regiao-ismael-colosi\/"},"img":{"alt_text":"","src":"https:\/\/i0.wp.com\/ismaelcolosi.com.br\/wp-content\/uploads\/2024\/08\/Copia-de-Copia-de-Copia-de-TAMANHO-EXATO-PARA-FOTOS-NO-SISTEMA-NOVO-4_2024-08-14_23-57-46_png_2024-08-14_23-57-46.webp.webp?fit=1200%2C675&ssl=1&resize=350%2C200","width":350,"height":200,"srcset":"https:\/\/i0.wp.com\/ismaelcolosi.com.br\/wp-content\/uploads\/2024\/08\/Copia-de-Copia-de-Copia-de-TAMANHO-EXATO-PARA-FOTOS-NO-SISTEMA-NOVO-4_2024-08-14_23-57-46_png_2024-08-14_23-57-46.webp.webp?fit=1200%2C675&ssl=1&resize=350%2C200 1x, https:\/\/i0.wp.com\/ismaelcolosi.com.br\/wp-content\/uploads\/2024\/08\/Copia-de-Copia-de-Copia-de-TAMANHO-EXATO-PARA-FOTOS-NO-SISTEMA-NOVO-4_2024-08-14_23-57-46_png_2024-08-14_23-57-46.webp.webp?fit=1200%2C675&ssl=1&resize=525%2C300 1.5x, https:\/\/i0.wp.com\/ismaelcolosi.com.br\/wp-content\/uploads\/2024\/08\/Copia-de-Copia-de-Copia-de-TAMANHO-EXATO-PARA-FOTOS-NO-SISTEMA-NOVO-4_2024-08-14_23-57-46_png_2024-08-14_23-57-46.webp.webp?fit=1200%2C675&ssl=1&resize=700%2C400 2x, https:\/\/i0.wp.com\/ismaelcolosi.com.br\/wp-content\/uploads\/2024\/08\/Copia-de-Copia-de-Copia-de-TAMANHO-EXATO-PARA-FOTOS-NO-SISTEMA-NOVO-4_2024-08-14_23-57-46_png_2024-08-14_23-57-46.webp.webp?fit=1200%2C675&ssl=1&resize=1050%2C600 3x"},"classes":[]},{"id":57513,"url":"https:\/\/ismaelcolosi.com.br\/index.php\/2024\/07\/22\/mae-denuncia-abuso-sexual-contra-filha-de-9-anos-em-ribeirao-preto\/","url_meta":{"origin":7355,"position":3},"title":"M\u00e3e denuncia abuso sexual contra filha de 9 anos em Ribeir\u00e3o Preto","author":"ismaelcolosi.com.br","date":"22 de July de 2024","format":false,"excerpt":"A m\u00e3e de uma menina de 9 anos denunciou \u00e0 Pol\u00edcia Civil um caso de importuna\u00e7\u00e3o sexual contra a filha em Ribeir\u00e3o Preto. Segundo a m\u00e3e disse no boletim de ocorr\u00eancia (BO), ao vistoriar o aparelho celular da filha na \u00faltima quinta-feira (18), descobriu fotos e v\u00eddeos \u00edntimos da crian\u00e7a\u2026","rel":"","context":"In &quot;Not\u00edcias de Ribeir\u00e3o Preto-SP e Regi\u00e3o&quot;","block_context":{"text":"Not\u00edcias de Ribeir\u00e3o Preto-SP e Regi\u00e3o","link":"https:\/\/ismaelcolosi.com.br\/index.php\/category\/noticias-de-ribeirao-preto-sp-e-regiao-ismael-colosi\/"},"img":{"alt_text":"","src":"https:\/\/i0.wp.com\/ismaelcolosi.com.br\/wp-content\/uploads\/2024\/06\/AnyConv.com__hands-1851218_1280.webp.webp?fit=1200%2C800&ssl=1&resize=350%2C200","width":350,"height":200,"srcset":"https:\/\/i0.wp.com\/ismaelcolosi.com.br\/wp-content\/uploads\/2024\/06\/AnyConv.com__hands-1851218_1280.webp.webp?fit=1200%2C800&ssl=1&resize=350%2C200 1x, https:\/\/i0.wp.com\/ismaelcolosi.com.br\/wp-content\/uploads\/2024\/06\/AnyConv.com__hands-1851218_1280.webp.webp?fit=1200%2C800&ssl=1&resize=525%2C300 1.5x, https:\/\/i0.wp.com\/ismaelcolosi.com.br\/wp-content\/uploads\/2024\/06\/AnyConv.com__hands-1851218_1280.webp.webp?fit=1200%2C800&ssl=1&resize=700%2C400 2x, https:\/\/i0.wp.com\/ismaelcolosi.com.br\/wp-content\/uploads\/2024\/06\/AnyConv.com__hands-1851218_1280.webp.webp?fit=1200%2C800&ssl=1&resize=1050%2C600 3x"},"classes":[]},{"id":13903,"url":"https:\/\/ismaelcolosi.com.br\/index.php\/2023\/12\/11\/corpo-de-menina-de-4-anos-e-encontrado-dentro-de-saco-de-racao-primo-confessa-crime-com-detalhes-de-arrepiar\/","url_meta":{"origin":7355,"position":4},"title":"Corpo de menina de 4 anos \u00e9 encontrado dentro de saco de ra\u00e7\u00e3o; primo confessa crime com detalhes de arrepiar","author":"ismaelcolosi.com.br","date":"11 de December de 2023","format":false,"excerpt":"A pequena Kemilly Hadassa Silva, de apenas 4 anos de idade, perdeu sua vida de forma precoce e cruel tendo como autor do crime o pr\u00f3prio primo que a tirou de sua resid\u00eancia durante a madrugada do \u00faltimo s\u00e1bado, dia 09 de dezembro, enquanto sua m\u00e3e estava em uma festa.De\u2026","rel":"","context":"In &quot;Blog&quot;","block_context":{"text":"Blog","link":"https:\/\/ismaelcolosi.com.br\/index.php\/category\/blog\/"},"img":{"alt_text":"","src":"https:\/\/i0.wp.com\/ismaelcolosi.com.br\/wp-content\/uploads\/2023\/12\/postimg-65772aac57b2f6427.jpg?fit=1200%2C628&ssl=1&resize=350%2C200","width":350,"height":200,"srcset":"https:\/\/i0.wp.com\/ismaelcolosi.com.br\/wp-content\/uploads\/2023\/12\/postimg-65772aac57b2f6427.jpg?fit=1200%2C628&ssl=1&resize=350%2C200 1x, https:\/\/i0.wp.com\/ismaelcolosi.com.br\/wp-content\/uploads\/2023\/12\/postimg-65772aac57b2f6427.jpg?fit=1200%2C628&ssl=1&resize=525%2C300 1.5x, https:\/\/i0.wp.com\/ismaelcolosi.com.br\/wp-content\/uploads\/2023\/12\/postimg-65772aac57b2f6427.jpg?fit=1200%2C628&ssl=1&resize=700%2C400 2x, https:\/\/i0.wp.com\/ismaelcolosi.com.br\/wp-content\/uploads\/2023\/12\/postimg-65772aac57b2f6427.jpg?fit=1200%2C628&ssl=1&resize=1050%2C600 3x"},"classes":[]},{"id":29418,"url":"https:\/\/ismaelcolosi.com.br\/index.php\/2024\/01\/18\/crianca-nao-resiste-apos-ser-atropelada-ao-sair-correndo-em-avenida-do-es-muito-triste-video\/","url_meta":{"origin":7355,"position":5},"title":"Crian\u00e7a n\u00e3o resiste ap\u00f3s ser atropelada ao sair correndo em avenida do ES: &#8216;Muito triste&#8217;; v\u00eddeo","author":"ismaelcolosi.com.br","date":"18 de January de 2024","format":false,"excerpt":"Uma trag\u00e9dia abalou a regi\u00e3o de Vila Velha, no Esp\u00edrito Santo, ap\u00f3s uma menina de 8 anos de idade ter sido atropelada e ter ido a \u00f3bito no come\u00e7o desta tarde de quarta-feira, dia 17 de janeiro.A v\u00edtima foi identificada pelo nome de Evelin Beatriz. O acidente ocorreu na localidade\u2026","rel":"","context":"In &quot;Blog&quot;","block_context":{"text":"Blog","link":"https:\/\/ismaelcolosi.com.br\/index.php\/category\/blog\/"},"img":{"alt_text":"","src":"https:\/\/i0.wp.com\/ismaelcolosi.com.br\/wp-content\/uploads\/2024\/01\/postimg-65a923bc0d66d3775.jpg?fit=1200%2C628&ssl=1&resize=350%2C200","width":350,"height":200,"srcset":"https:\/\/i0.wp.com\/ismaelcolosi.com.br\/wp-content\/uploads\/2024\/01\/postimg-65a923bc0d66d3775.jpg?fit=1200%2C628&ssl=1&resize=350%2C200 1x, https:\/\/i0.wp.com\/ismaelcolosi.com.br\/wp-content\/uploads\/2024\/01\/postimg-65a923bc0d66d3775.jpg?fit=1200%2C628&ssl=1&resize=525%2C300 1.5x, https:\/\/i0.wp.com\/ismaelcolosi.com.br\/wp-content\/uploads\/2024\/01\/postimg-65a923bc0d66d3775.jpg?fit=1200%2C628&ssl=1&resize=700%2C400 2x, https:\/\/i0.wp.com\/ismaelcolosi.com.br\/wp-content\/uploads\/2024\/01\/postimg-65a923bc0d66d3775.jpg?fit=1200%2C628&ssl=1&resize=1050%2C600 3x"},"classes":[]}],"jetpack_sharing_enabled":true,"jetpack_shortlink":"https:\/\/wp.me\/pfMlyK-1UD","_links":{"self":[{"href":"https:\/\/ismaelcolosi.com.br\/index.php\/wp-json\/wp\/v2\/posts\/7355","targetHints":{"allow":["GET"]}}],"collection":[{"href":"https:\/\/ismaelcolosi.com.br\/index.php\/wp-json\/wp\/v2\/posts"}],"about":[{"href":"https:\/\/ismaelcolosi.com.br\/index.php\/wp-json\/wp\/v2\/types\/post"}],"author":[{"embeddable":true,"href":"https:\/\/ismaelcolosi.com.br\/index.php\/wp-json\/wp\/v2\/users\/1"}],"replies":[{"embeddable":true,"href":"https:\/\/ismaelcolosi.com.br\/index.php\/wp-json\/wp\/v2\/comments?post=7355"}],"version-history":[{"count":0,"href":"https:\/\/ismaelcolosi.com.br\/index.php\/wp-json\/wp\/v2\/posts\/7355\/revisions"}],"wp:featuredmedia":[{"embeddable":true,"href":"https:\/\/ismaelcolosi.com.br\/index.php\/wp-json\/wp\/v2\/media\/7356"}],"wp:attachment":[{"href":"https:\/\/ismaelcolosi.com.br\/index.php\/wp-json\/wp\/v2\/media?parent=7355"}],"wp:term":[{"taxonomy":"category","embeddable":true,"href":"https:\/\/ismaelcolosi.com.br\/index.php\/wp-json\/wp\/v2\/categories?post=7355"},{"taxonomy":"post_tag","embeddable":true,"href":"https:\/\/ismaelcolosi.com.br\/index.php\/wp-json\/wp\/v2\/tags?post=7355"}],"curies":[{"name":"wp","href":"https:\/\/api.w.org\/{rel}","templated":true}]}}