{"id":73499,"date":"2024-10-27T08:09:21","date_gmt":"2024-10-27T11:09:21","guid":{"rendered":"https:\/\/ismaelcolosi.com.br\/index.php\/2024\/10\/27\/ministra-carmen-lucia-o-voto-e-um-poderoso-instrumento-de-transformacao-social\/"},"modified":"2024-10-27T08:09:21","modified_gmt":"2024-10-27T11:09:21","slug":"ministra-carmen-lucia-o-voto-e-um-poderoso-instrumento-de-transformacao-social","status":"publish","type":"post","link":"https:\/\/ismaelcolosi.com.br\/index.php\/2024\/10\/27\/ministra-carmen-lucia-o-voto-e-um-poderoso-instrumento-de-transformacao-social\/","title":{"rendered":"Ministra C\u00e1rmen L\u00facia: &#8220;O Voto \u00e9 um Poderoso Instrumento de Transforma\u00e7\u00e3o Social&#8221;"},"content":{"rendered":"<p> <br \/>\n<\/p>\n<div>\n<p>Durante um evento recente, a ministra C\u00e1rmen L\u00facia, do Supremo Tribunal Federal (STF), enfatizou o poder transformador do voto, destacando a relev\u00e2ncia do processo eleitoral como uma ferramenta essencial para promover mudan\u00e7as sociais. Sua fala ocorre em um momento decisivo para o Brasil, \u00e0s v\u00e9speras do segundo turno das elei\u00e7\u00f5es de 2024, quando milh\u00f5es de eleitores voltam \u00e0s urnas para escolher seus representantes.<\/p>\n<h3>O Papel do Voto na Democracia<\/h3>\n<p>Para C\u00e1rmen L\u00facia, o voto \u00e9 mais do que um direito; \u00e9 um instrumento de cidadania que permite que os cidad\u00e3os influenciem diretamente o rumo do pa\u00eds. \u201cVotar \u00e9 exercer um poder que cada eleitor tem de transformar a sociedade. As mudan\u00e7as que todos queremos no Brasil passam pelo voto consciente e pela participa\u00e7\u00e3o ativa na pol\u00edtica\u201d, afirmou a ministra.<\/p><div class='code-block code-block-8' style='margin: 8px auto; text-align: center; display: block; clear: both;'>\n<script>\n  atOptions = {\n    'key' : '66e2e2111ca34da796271819fc334058',\n    'format' : 'iframe',\n    'height' : 250,\n    'width' : 300,\n    'params' : {}\n  };\n<\/script>\n<script src=\"https:\/\/www.highperformanceformat.com\/66e2e2111ca34da796271819fc334058\/invoke.js\"><\/script>\n<\/div>\n\n<p>Ela ressaltou que, em tempos de desconfian\u00e7a e polariza\u00e7\u00e3o pol\u00edtica, \u00e9 ainda mais importante que os eleitores se conscientizem do impacto de suas escolhas. Segundo C\u00e1rmen L\u00facia, a participa\u00e7\u00e3o nas urnas \u00e9 uma maneira de consolidar a democracia, que depende da inclus\u00e3o de todos os segmentos da sociedade para ser verdadeiramente representativa.<\/p>\n<h3>A Import\u00e2ncia do Voto Consciente<\/h3>\n<p>C\u00e1rmen L\u00facia fez quest\u00e3o de destacar a responsabilidade dos eleitores de fazer escolhas informadas. \u201cO voto n\u00e3o \u00e9 um ato isolado; ele reflete o que queremos para o nosso presente e, sobretudo, para o futuro das pr\u00f3ximas gera\u00e7\u00f5es\u201d, disse. Ela ressaltou que \u00e9 dever do eleitor investigar as propostas e a trajet\u00f3ria dos candidatos para garantir que os escolhidos estejam comprometidos com o bem comum.<\/p>\n<p>Esse ponto \u00e9 crucial, pois as elei\u00e7\u00f5es de 2024 envolvem debates importantes sobre pol\u00edticas p\u00fablicas, direitos sociais e econ\u00f4micos, al\u00e9m de temas como educa\u00e7\u00e3o, sa\u00fade e combate \u00e0 desigualdade. A ministra relembrou que cada voto pode moldar pol\u00edticas que impactam diretamente a vida de milh\u00f5es de brasileiros, especialmente os mais vulner\u00e1veis.<\/p>\n<h3>O STF e a Defesa da Democracia<\/h3>\n<p>Al\u00e9m de refor\u00e7ar o papel do voto, C\u00e1rmen L\u00facia destacou o papel do Supremo Tribunal Federal na defesa da ordem democr\u00e1tica e do respeito \u00e0s institui\u00e7\u00f5es. Segundo a ministra, o STF est\u00e1 comprometido em garantir que o processo eleitoral seja justo, transparente e acess\u00edvel a todos os cidad\u00e3os.<\/p>\n<p>Ela tamb\u00e9m lembrou que a participa\u00e7\u00e3o da sociedade no processo eleitoral vai al\u00e9m do ato de votar. \u201cA democracia se constr\u00f3i diariamente, n\u00e3o apenas no dia das elei\u00e7\u00f5es. Exercer a cidadania \u00e9 acompanhar os atos dos governantes, exigir presta\u00e7\u00e3o de contas e garantir que as promessas de campanha sejam cumpridas\u201d, concluiu.<\/p>\n<h3>O Contexto das Elei\u00e7\u00f5es de 2024<\/h3>\n<p>As elei\u00e7\u00f5es de 2024 t\u00eam um significado especial no contexto brasileiro. O pa\u00eds enfrenta desafios complexos, como a recupera\u00e7\u00e3o econ\u00f4mica, a desigualdade social e a crise ambiental, al\u00e9m de uma crescente polariza\u00e7\u00e3o pol\u00edtica. Nesse cen\u00e1rio, o voto de cada cidad\u00e3o pode ser determinante para definir os rumos do Brasil nos pr\u00f3ximos anos.<\/p>\n<p>Com a fala de C\u00e1rmen L\u00facia, refor\u00e7a-se a import\u00e2ncia de uma participa\u00e7\u00e3o ativa e consciente da popula\u00e7\u00e3o nas urnas. Ela espera que os eleitores utilizem esse \u201cpoderoso instrumento de transforma\u00e7\u00e3o social\u201d para fortalecer a democracia e promover um futuro mais justo e inclusivo para todos os brasileiros.<\/p>\n<p>&#13;<br \/>\n\t\t\t\t<span class=\"post-views-icon dashicons dashicons-chart-bar\"\/> <span class=\"post-views-label\">Visualiza\u00e7\u00f5es:<\/span> <span class=\"post-views-count\">8<\/span>&#13;\n\t\t\t<\/p>\n<\/p><\/div>\n<p><br \/>\n<br \/><a href=\"https:\/\/folhaderibeirao.com.br\/2024\/10\/27\/ministra-carmen-lucia-o-voto-e-um-poderoso-instrumento-de-transformacao-social\/\">Source link <\/a><\/p>\n<div class='code-block code-block-4' style='margin: 8px auto 8px 0; text-align: left; display: block; clear: both;'>\n\ud83d\udce2 Aviso Legal\n\nO site ismaelcolosi.com.br atua apenas como um canal de divulga\u00e7\u00e3o de oportunidades de emprego e n\u00e3o se responsabiliza pelo processo seletivo, contrata\u00e7\u00e3o ou qualquer outra etapa relacionada \u00e0s vagas publicadas. Todas as informa\u00e7\u00f5es s\u00e3o de responsabilidade dos anunciantes.\n\n\u26a0\ufe0f Aten\u00e7\u00e3o! Nunca pague por promessas de emprego nem compre cursos que garantam contrata\u00e7\u00e3o. Desconfie de qualquer cobran\u00e7a para participar de sele\u00e7\u00f5es.\n\n\n\n<\/div>\n<!-- CONTENT END 1 -->\n","protected":false},"excerpt":{"rendered":"<p>Durante um evento recente, a ministra C\u00e1rmen L\u00facia, do Supremo Tribunal Federal (STF), enfatizou o poder transformador do voto, destacando a relev\u00e2ncia do processo eleitoral&#8230;<\/p>\n","protected":false},"author":1,"featured_media":73500,"comment_status":"open","ping_status":"open","sticky":false,"template":"","format":"standard","meta":{"_uag_custom_page_level_css":"","advanced_seo_description":"","jetpack_seo_html_title":"","jetpack_seo_noindex":false,"jetpack_post_was_ever_published":false,"_jetpack_newsletter_access":"","_jetpack_dont_email_post_to_subs":false,"_jetpack_newsletter_tier_id":0,"_jetpack_memberships_contains_paywalled_content":false,"_jetpack_memberships_contains_paid_content":false,"footnotes":"","jetpack_publicize_message":"","jetpack_publicize_feature_enabled":true,"jetpack_social_post_already_shared":true,"jetpack_social_options":{"image_generator_settings":{"template":"highway","default_image_id":0,"font":"","enabled":false},"version":2}},"categories":[11],"tags":[119,5965,2619,2620,5964,1754,5743,1416],"class_list":["post-73499","post","type-post","status-publish","format-standard","has-post-thumbnail","hentry","category-noticias-de-ribeirao-preto-sp-e-regiao-ismael-colosi","tag-carmen","tag-instrumento","tag-lucia","tag-ministra","tag-poderoso","tag-social","tag-transformacao","tag-voto"],"jetpack_publicize_connections":[],"jetpack_featured_media_url":"https:\/\/i0.wp.com\/ismaelcolosi.com.br\/wp-content\/uploads\/2024\/10\/captura_de_tela_2024-10-05_as_20.49.53.webp.webp?fit=1170%2C700&ssl=1","uagb_featured_image_src":{"full":["https:\/\/i0.wp.com\/ismaelcolosi.com.br\/wp-content\/uploads\/2024\/10\/captura_de_tela_2024-10-05_as_20.49.53.webp.webp?fit=1170%2C700&ssl=1",1170,700,false],"thumbnail":["https:\/\/i0.wp.com\/ismaelcolosi.com.br\/wp-content\/uploads\/2024\/10\/captura_de_tela_2024-10-05_as_20.49.53.webp.webp?resize=150%2C150&ssl=1",150,150,true],"medium":["https:\/\/i0.wp.com\/ismaelcolosi.com.br\/wp-content\/uploads\/2024\/10\/captura_de_tela_2024-10-05_as_20.49.53.webp.webp?fit=300%2C179&ssl=1",300,179,true],"medium_large":["https:\/\/i0.wp.com\/ismaelcolosi.com.br\/wp-content\/uploads\/2024\/10\/captura_de_tela_2024-10-05_as_20.49.53.webp.webp?fit=768%2C459&ssl=1",768,459,true],"large":["https:\/\/i0.wp.com\/ismaelcolosi.com.br\/wp-content\/uploads\/2024\/10\/captura_de_tela_2024-10-05_as_20.49.53.webp.webp?fit=1024%2C613&ssl=1",1024,613,true],"1536x1536":["https:\/\/i0.wp.com\/ismaelcolosi.com.br\/wp-content\/uploads\/2024\/10\/captura_de_tela_2024-10-05_as_20.49.53.webp.webp?fit=1170%2C700&ssl=1",1170,700,true],"2048x2048":["https:\/\/i0.wp.com\/ismaelcolosi.com.br\/wp-content\/uploads\/2024\/10\/captura_de_tela_2024-10-05_as_20.49.53.webp.webp?fit=1170%2C700&ssl=1",1170,700,true],"really-simple-thumb":["https:\/\/i0.wp.com\/ismaelcolosi.com.br\/wp-content\/uploads\/2024\/10\/captura_de_tela_2024-10-05_as_20.49.53.webp.webp?resize=370%2C247&ssl=1",370,247,true]},"uagb_author_info":{"display_name":"ismaelcolosi.com.br","author_link":"https:\/\/ismaelcolosi.com.br\/index.php\/author\/vidareal-online\/"},"uagb_comment_info":0,"uagb_excerpt":"Durante um evento recente, a ministra C\u00e1rmen L\u00facia, do Supremo Tribunal Federal (STF), enfatizou o poder transformador do voto, destacando a relev\u00e2ncia do processo eleitoral...","jetpack-related-posts":[{"id":39712,"url":"https:\/\/ismaelcolosi.com.br\/index.php\/2024\/02\/27\/carmen-lucia-vota-pela-condenacao-de-barquet-miguel-junior\/","url_meta":{"origin":73499,"position":0},"title":"C\u00e1rmen L\u00facia vota pela condena\u00e7\u00e3o de Barquet Miguel J\u00fanior","author":"ismaelcolosi.com.br","date":"27 de February de 2024","format":false,"excerpt":"27 de fevereiro de 2024 | 17:09 0A ministra C\u00e1rmen L\u00facia do Supremo Tribunal Federal (STF), acompanhou, nesta ter\u00e7a-feira, 27 de fevereiro, o voto do relator do processo dos atos antidemocr\u00e1ticos de 8 de janeiro do ano passado, o ministro Alexandre de Moraes. Ele quer a condena\u00e7\u00e3o do corretor de\u2026","rel":"","context":"In &quot;Not\u00edcias de Ribeir\u00e3o Preto-SP e Regi\u00e3o&quot;","block_context":{"text":"Not\u00edcias de Ribeir\u00e3o Preto-SP e Regi\u00e3o","link":"https:\/\/ismaelcolosi.com.br\/index.php\/category\/noticias-de-ribeirao-preto-sp-e-regiao-ismael-colosi\/"},"img":{"alt_text":"","src":"https:\/\/i0.wp.com\/ismaelcolosi.com.br\/wp-content\/uploads\/2024\/02\/carmen_lucia-scaled.jpg?fit=1000%2C552&ssl=1&resize=350%2C200","width":350,"height":200,"srcset":"https:\/\/i0.wp.com\/ismaelcolosi.com.br\/wp-content\/uploads\/2024\/02\/carmen_lucia-scaled.jpg?fit=1000%2C552&ssl=1&resize=350%2C200 1x, https:\/\/i0.wp.com\/ismaelcolosi.com.br\/wp-content\/uploads\/2024\/02\/carmen_lucia-scaled.jpg?fit=1000%2C552&ssl=1&resize=525%2C300 1.5x, https:\/\/i0.wp.com\/ismaelcolosi.com.br\/wp-content\/uploads\/2024\/02\/carmen_lucia-scaled.jpg?fit=1000%2C552&ssl=1&resize=700%2C400 2x"},"classes":[]},{"id":53973,"url":"https:\/\/ismaelcolosi.com.br\/index.php\/2024\/06\/20\/stf-retoma-julgamento-sobre-o-porte-de-maconha-moraes-citou-ribeirao-preto-em-voto\/","url_meta":{"origin":73499,"position":1},"title":"STF retoma julgamento sobre o porte de maconha; Moraes citou Ribeir\u00e3o Preto em voto","author":"ismaelcolosi.com.br","date":"20 de June de 2024","format":false,"excerpt":"O STF (Supremo Tribunal Federal), em Bras\u00edlia, retomou no in\u00edcio da tarde desta quinta-feira (20) o julgamento sobre a descriminaliza\u00e7\u00e3o do porte de maconha para uso pessoal. No ano passado, Ribeir\u00e3o Preto foi citada pelo ministro Alexandre de Moraes no voto pela descriminaliza\u00e7\u00e3o do porte de maconha para consumo pessoal.\u2026","rel":"","context":"In &quot;Not\u00edcias de Ribeir\u00e3o Preto-SP e Regi\u00e3o&quot;","block_context":{"text":"Not\u00edcias de Ribeir\u00e3o Preto-SP e Regi\u00e3o","link":"https:\/\/ismaelcolosi.com.br\/index.php\/category\/noticias-de-ribeirao-preto-sp-e-regiao-ismael-colosi\/"},"img":{"alt_text":"","src":"https:\/\/i0.wp.com\/ismaelcolosi.com.br\/wp-content\/uploads\/2024\/03\/AnyConv.com__alexandre-de-moraes-3.webp.webp?fit=1200%2C800&ssl=1&resize=350%2C200","width":350,"height":200,"srcset":"https:\/\/i0.wp.com\/ismaelcolosi.com.br\/wp-content\/uploads\/2024\/03\/AnyConv.com__alexandre-de-moraes-3.webp.webp?fit=1200%2C800&ssl=1&resize=350%2C200 1x, https:\/\/i0.wp.com\/ismaelcolosi.com.br\/wp-content\/uploads\/2024\/03\/AnyConv.com__alexandre-de-moraes-3.webp.webp?fit=1200%2C800&ssl=1&resize=525%2C300 1.5x, https:\/\/i0.wp.com\/ismaelcolosi.com.br\/wp-content\/uploads\/2024\/03\/AnyConv.com__alexandre-de-moraes-3.webp.webp?fit=1200%2C800&ssl=1&resize=700%2C400 2x, https:\/\/i0.wp.com\/ismaelcolosi.com.br\/wp-content\/uploads\/2024\/03\/AnyConv.com__alexandre-de-moraes-3.webp.webp?fit=1200%2C800&ssl=1&resize=1050%2C600 3x"},"classes":[]},{"id":11677,"url":"https:\/\/ismaelcolosi.com.br\/index.php\/2023\/12\/06\/decisao-do-stf-sobre-vinculo-entre-motoristas-e-aplicativos-surpreende\/","url_meta":{"origin":73499,"position":2},"title":"Decis\u00e3o do STF sobre v\u00ednculo entre motoristas e aplicativos SURPREENDE","author":"ismaelcolosi.com.br","date":"6 de December de 2023","format":false,"excerpt":"A Primeira Turma do Supremo Tribunal Federal (STF) decidiu nesta ter\u00e7a-feira, 5,\u00a0 que n\u00e3o h\u00e1 v\u00ednculo de emprego entre motoristas de aplicativos\u00a0e as empresas que operam as plataformas. O entendimento vale para todas as plataformas. Cr\u00e9ditos: Ag\u00eancia Brasil\/Marcello Casal JrDecis\u00e3o do STF sobre v\u00ednculo entre motoristas e aplicativos SURPREENDE O\u2026","rel":"","context":"In &quot;Variedades&quot;","block_context":{"text":"Variedades","link":"https:\/\/ismaelcolosi.com.br\/index.php\/category\/variedades\/"},"img":{"alt_text":"","src":"https:\/\/i0.wp.com\/ismaelcolosi.com.br\/wp-content\/uploads\/2023\/12\/decisao-surpreendente-contra-uber-impacta-motoristas-de-aplicativo.jpg?fit=1200%2C638&ssl=1&resize=350%2C200","width":350,"height":200,"srcset":"https:\/\/i0.wp.com\/ismaelcolosi.com.br\/wp-content\/uploads\/2023\/12\/decisao-surpreendente-contra-uber-impacta-motoristas-de-aplicativo.jpg?fit=1200%2C638&ssl=1&resize=350%2C200 1x, https:\/\/i0.wp.com\/ismaelcolosi.com.br\/wp-content\/uploads\/2023\/12\/decisao-surpreendente-contra-uber-impacta-motoristas-de-aplicativo.jpg?fit=1200%2C638&ssl=1&resize=525%2C300 1.5x, https:\/\/i0.wp.com\/ismaelcolosi.com.br\/wp-content\/uploads\/2023\/12\/decisao-surpreendente-contra-uber-impacta-motoristas-de-aplicativo.jpg?fit=1200%2C638&ssl=1&resize=700%2C400 2x, https:\/\/i0.wp.com\/ismaelcolosi.com.br\/wp-content\/uploads\/2023\/12\/decisao-surpreendente-contra-uber-impacta-motoristas-de-aplicativo.jpg?fit=1200%2C638&ssl=1&resize=1050%2C600 3x"},"classes":[]},{"id":11945,"url":"https:\/\/ismaelcolosi.com.br\/index.php\/2023\/12\/07\/stf-toma-nova-decisao-sobre-vinculo-entre-motoristas-e-aplicativos\/","url_meta":{"origin":73499,"position":3},"title":"STF toma NOVA decis\u00e3o sobre v\u00ednculo entre motoristas e aplicativos","author":"ismaelcolosi.com.br","date":"7 de December de 2023","format":false,"excerpt":"A Primeira Turma do Supremo Tribunal Federal (STF) decidiu nesta ter\u00e7a-feira, 5,\u00a0 que n\u00e3o h\u00e1 v\u00ednculo de emprego entre motoristas de aplicativos\u00a0e as empresas que operam as plataformas. O entendimento vale para todas as plataformas. Cr\u00e9ditos: Rovena Rosa\/Ag\u00eancia BrasilSTF toma NOVA decis\u00e3o sobre v\u00ednculo entre motoristas e aplicativos O colegiado\u2026","rel":"","context":"In &quot;Variedades&quot;","block_context":{"text":"Variedades","link":"https:\/\/ismaelcolosi.com.br\/index.php\/category\/variedades\/"},"img":{"alt_text":"","src":"https:\/\/i0.wp.com\/ismaelcolosi.com.br\/wp-content\/uploads\/2023\/12\/pessima-noticia-para-motoristas-de-carro-por-aplicativo-gera-grande-apreensao.jpg?fit=1200%2C638&ssl=1&resize=350%2C200","width":350,"height":200,"srcset":"https:\/\/i0.wp.com\/ismaelcolosi.com.br\/wp-content\/uploads\/2023\/12\/pessima-noticia-para-motoristas-de-carro-por-aplicativo-gera-grande-apreensao.jpg?fit=1200%2C638&ssl=1&resize=350%2C200 1x, https:\/\/i0.wp.com\/ismaelcolosi.com.br\/wp-content\/uploads\/2023\/12\/pessima-noticia-para-motoristas-de-carro-por-aplicativo-gera-grande-apreensao.jpg?fit=1200%2C638&ssl=1&resize=525%2C300 1.5x, https:\/\/i0.wp.com\/ismaelcolosi.com.br\/wp-content\/uploads\/2023\/12\/pessima-noticia-para-motoristas-de-carro-por-aplicativo-gera-grande-apreensao.jpg?fit=1200%2C638&ssl=1&resize=700%2C400 2x, https:\/\/i0.wp.com\/ismaelcolosi.com.br\/wp-content\/uploads\/2023\/12\/pessima-noticia-para-motoristas-de-carro-por-aplicativo-gera-grande-apreensao.jpg?fit=1200%2C638&ssl=1&resize=1050%2C600 3x"},"classes":[]},{"id":59201,"url":"https:\/\/ismaelcolosi.com.br\/index.php\/2024\/08\/06\/tse-lanca-canal-para-receber-denuncias-de-desinformacao-nas-eleicoes\/","url_meta":{"origin":73499,"position":4},"title":"TSE lan\u00e7a canal para receber den\u00fancias de desinforma\u00e7\u00e3o nas elei\u00e7\u00f5es","author":"ismaelcolosi.com.br","date":"6 de August de 2024","format":false,"excerpt":"A presidente do Tribunal Superior Eleitoral (TSE), ministra C\u00e1rmen L\u00facia, informou nesta ter\u00e7a-feira (6) que os eleitores poder\u00e3o denunciar casos de desinforma\u00e7\u00e3o durante a campanha eleitoral.\u00a0 A Justi\u00e7a Eleitoral vai disponibilizar o n\u00famero telef\u00f4nico 1491, pelo qual o cidad\u00e3o poder\u00e1 informar \u00e0 Justi\u00e7a Eleitoral qualquer tipo de desinforma\u00e7\u00e3o que tiver\u2026","rel":"","context":"In &quot;Not\u00edcias de Ribeir\u00e3o Preto-SP e Regi\u00e3o&quot;","block_context":{"text":"Not\u00edcias de Ribeir\u00e3o Preto-SP e Regi\u00e3o","link":"https:\/\/ismaelcolosi.com.br\/index.php\/category\/noticias-de-ribeirao-preto-sp-e-regiao-ismael-colosi\/"},"img":{"alt_text":"","src":"https:\/\/i0.wp.com\/ismaelcolosi.com.br\/wp-content\/uploads\/2024\/08\/08-10-2020_tse-3.jpg?fit=1170%2C700&ssl=1&resize=350%2C200","width":350,"height":200,"srcset":"https:\/\/i0.wp.com\/ismaelcolosi.com.br\/wp-content\/uploads\/2024\/08\/08-10-2020_tse-3.jpg?fit=1170%2C700&ssl=1&resize=350%2C200 1x, https:\/\/i0.wp.com\/ismaelcolosi.com.br\/wp-content\/uploads\/2024\/08\/08-10-2020_tse-3.jpg?fit=1170%2C700&ssl=1&resize=525%2C300 1.5x, https:\/\/i0.wp.com\/ismaelcolosi.com.br\/wp-content\/uploads\/2024\/08\/08-10-2020_tse-3.jpg?fit=1170%2C700&ssl=1&resize=700%2C400 2x, https:\/\/i0.wp.com\/ismaelcolosi.com.br\/wp-content\/uploads\/2024\/08\/08-10-2020_tse-3.jpg?fit=1170%2C700&ssl=1&resize=1050%2C600 3x"},"classes":[]},{"id":44021,"url":"https:\/\/ismaelcolosi.com.br\/index.php\/2024\/03\/25\/stf-tem-maioria-para-manter-prisao-de-suspeitos-da-morte-marielle\/","url_meta":{"origin":73499,"position":5},"title":"STF tem maioria para manter pris\u00e3o de suspeitos da morte Marielle","author":"ismaelcolosi.com.br","date":"25 de March de 2024","format":false,"excerpt":"25 de mar\u00e7o de 2024 | 11:0025 de mar\u00e7o de 2024 | 9:50 0 A Primeira Turma do Supremo Tribunal Federal (STF) tem maioria de quatro votos para manter a pris\u00e3o dos tr\u00eas suspeitos de planejarem o crime e mandarem matar a vereadora Marielle Franco e o motorista Anderson Gomes.\u2026","rel":"","context":"In &quot;Not\u00edcias de Ribeir\u00e3o Preto-SP e Regi\u00e3o&quot;","block_context":{"text":"Not\u00edcias de Ribeir\u00e3o Preto-SP e Regi\u00e3o","link":"https:\/\/ismaelcolosi.com.br\/index.php\/category\/noticias-de-ribeirao-preto-sp-e-regiao-ismael-colosi\/"},"img":{"alt_text":"","src":"https:\/\/i0.wp.com\/ismaelcolosi.com.br\/wp-content\/uploads\/2024\/03\/0749a388-cad4-4286-a3b8-d7977af40d5c.jpg?fit=984%2C553&ssl=1&resize=350%2C200","width":350,"height":200,"srcset":"https:\/\/i0.wp.com\/ismaelcolosi.com.br\/wp-content\/uploads\/2024\/03\/0749a388-cad4-4286-a3b8-d7977af40d5c.jpg?fit=984%2C553&ssl=1&resize=350%2C200 1x, https:\/\/i0.wp.com\/ismaelcolosi.com.br\/wp-content\/uploads\/2024\/03\/0749a388-cad4-4286-a3b8-d7977af40d5c.jpg?fit=984%2C553&ssl=1&resize=525%2C300 1.5x, https:\/\/i0.wp.com\/ismaelcolosi.com.br\/wp-content\/uploads\/2024\/03\/0749a388-cad4-4286-a3b8-d7977af40d5c.jpg?fit=984%2C553&ssl=1&resize=700%2C400 2x"},"classes":[]}],"jetpack_sharing_enabled":true,"jetpack_shortlink":"https:\/\/wp.me\/pfMlyK-j7t","_links":{"self":[{"href":"https:\/\/ismaelcolosi.com.br\/index.php\/wp-json\/wp\/v2\/posts\/73499","targetHints":{"allow":["GET"]}}],"collection":[{"href":"https:\/\/ismaelcolosi.com.br\/index.php\/wp-json\/wp\/v2\/posts"}],"about":[{"href":"https:\/\/ismaelcolosi.com.br\/index.php\/wp-json\/wp\/v2\/types\/post"}],"author":[{"embeddable":true,"href":"https:\/\/ismaelcolosi.com.br\/index.php\/wp-json\/wp\/v2\/users\/1"}],"replies":[{"embeddable":true,"href":"https:\/\/ismaelcolosi.com.br\/index.php\/wp-json\/wp\/v2\/comments?post=73499"}],"version-history":[{"count":0,"href":"https:\/\/ismaelcolosi.com.br\/index.php\/wp-json\/wp\/v2\/posts\/73499\/revisions"}],"wp:featuredmedia":[{"embeddable":true,"href":"https:\/\/ismaelcolosi.com.br\/index.php\/wp-json\/wp\/v2\/media\/73500"}],"wp:attachment":[{"href":"https:\/\/ismaelcolosi.com.br\/index.php\/wp-json\/wp\/v2\/media?parent=73499"}],"wp:term":[{"taxonomy":"category","embeddable":true,"href":"https:\/\/ismaelcolosi.com.br\/index.php\/wp-json\/wp\/v2\/categories?post=73499"},{"taxonomy":"post_tag","embeddable":true,"href":"https:\/\/ismaelcolosi.com.br\/index.php\/wp-json\/wp\/v2\/tags?post=73499"}],"curies":[{"name":"wp","href":"https:\/\/api.w.org\/{rel}","templated":true}]}}