{"id":73493,"date":"2024-10-27T07:42:06","date_gmt":"2024-10-27T10:42:06","guid":{"rendered":"https:\/\/ismaelcolosi.com.br\/index.php\/2024\/10\/27\/instrumentos-do-samba-patrimonio-cultural-e-simbolos-da-identidade-nacional\/"},"modified":"2024-10-27T07:42:06","modified_gmt":"2024-10-27T10:42:06","slug":"instrumentos-do-samba-patrimonio-cultural-e-simbolos-da-identidade-nacional","status":"publish","type":"post","link":"https:\/\/ismaelcolosi.com.br\/index.php\/2024\/10\/27\/instrumentos-do-samba-patrimonio-cultural-e-simbolos-da-identidade-nacional\/","title":{"rendered":"Instrumentos do Samba: Patrim\u00f4nio Cultural e S\u00edmbolos da Identidade Nacional"},"content":{"rendered":"<p> [ad_1]<br \/>\n<\/p>\n<div>\n<p>Os instrumentos que d\u00e3o vida ao samba, como o pandeiro, cavaquinho, tamborim, surdo e cu\u00edca, foram oficialmente reconhecidos como manifesta\u00e7\u00f5es culturais da na\u00e7\u00e3o brasileira. Esse reconhecimento refor\u00e7a o papel central que o samba desempenha na constru\u00e7\u00e3o da identidade nacional e celebra a riqueza da m\u00fasica popular como uma forma de express\u00e3o art\u00edstica e social.<\/p>\n<p>Desde os becos e morros do Rio de Janeiro, ber\u00e7o do samba, at\u00e9 as rodas que ecoam em diversas regi\u00f5es do Brasil, esses instrumentos fazem parte da vida e da cultura de milh\u00f5es de brasileiros. O samba, que transcende classes sociais e etnias, expressa a alegria, resist\u00eancia e hist\u00f3ria do povo, contando narrativas que remontam \u00e0 era escravista, quando os tambores se tornaram s\u00edmbolos de luta e uni\u00e3o.<\/p>\n<p>O recente reconhecimento oficial, promovido por entidades culturais e apoiado pelo Minist\u00e9rio da Cultura, visa n\u00e3o apenas proteger e valorizar essa heran\u00e7a, mas tamb\u00e9m incentivar o ensino e a pr\u00e1tica do samba em diferentes espa\u00e7os, desde as escolas at\u00e9 os grandes eventos culturais. Os mestres de bateria e compositores, que passam esse conhecimento de gera\u00e7\u00e3o em gera\u00e7\u00e3o, t\u00eam agora uma plataforma mais forte para perpetuar essa tradi\u00e7\u00e3o e inovar na m\u00fasica brasileira.<\/p>\n<p>Esse movimento de valoriza\u00e7\u00e3o dos instrumentos do samba tamb\u00e9m impulsiona a economia criativa, com iniciativas que promovem a fabrica\u00e7\u00e3o artesanal desses itens, gerando renda e emprego em comunidades perif\u00e9ricas. O samba, portanto, al\u00e9m de ser um s\u00edmbolo de nossa cultura, \u00e9 tamb\u00e9m um motor de inclus\u00e3o social.<\/p>\n<p>O reconhecimento oficial marca um novo cap\u00edtulo na hist\u00f3ria do samba, que se torna ainda mais presente no cotidiano dos brasileiros, refor\u00e7ando seu papel como um dos principais patrim\u00f4nios culturais imateriais do Brasil.<\/p>\n<p>&#13;<br \/>\n\t\t\t\t<span class=\"post-views-icon dashicons dashicons-chart-bar\"\/> <span class=\"post-views-label\">Visualiza\u00e7\u00f5es:<\/span> <span class=\"post-views-count\">5<\/span>&#13;\n\t\t\t<\/p>\n<\/p><\/div>\n<p>[ad_2]<br \/>\n<br \/><a href=\"https:\/\/folhaderibeirao.com.br\/2024\/10\/27\/instrumentos-do-samba-patrimonio-cultural-e-simbolos-da-identidade-nacional\/\" target=\"_blank\" rel=\"noopener\">Source link <\/a><\/p>\n<div class='code-block code-block-4' style='margin: 8px auto 8px 0; text-align: left; display: block; clear: both;'>\n\ud83d\udce2 Aviso Legal\n\nO site ismaelcolosi.com.br atua apenas como um canal de divulga\u00e7\u00e3o de oportunidades de emprego e n\u00e3o se responsabiliza pelo processo seletivo, contrata\u00e7\u00e3o ou qualquer outra etapa relacionada \u00e0s vagas publicadas. Todas as informa\u00e7\u00f5es s\u00e3o de responsabilidade dos anunciantes.\n\n\u26a0\ufe0f Aten\u00e7\u00e3o! Nunca pague por promessas de emprego nem compre cursos que garantam contrata\u00e7\u00e3o. Desconfie de qualquer cobran\u00e7a para participar de sele\u00e7\u00f5es.\n\n\n\n<\/div>\n<!-- CONTENT END 1 -->\n","protected":false},"excerpt":{"rendered":"<p>[ad_1] Os instrumentos que d\u00e3o vida ao samba, como o pandeiro, cavaquinho, tamborim, surdo e cu\u00edca, foram oficialmente reconhecidos como manifesta\u00e7\u00f5es culturais da na\u00e7\u00e3o brasileira. Esse reconhecimento refor\u00e7a o papel central que o samba desempenha na constru\u00e7\u00e3o da identidade nacional e celebra a riqueza da m\u00fasica popular como uma forma de express\u00e3o art\u00edstica e social.&hellip;&nbsp;<\/p>\n","protected":false},"author":1,"featured_media":73494,"comment_status":"open","ping_status":"open","sticky":false,"template":"","format":"standard","meta":{"_uag_custom_page_level_css":"","neve_meta_sidebar":"","neve_meta_container":"","neve_meta_enable_content_width":"","neve_meta_content_width":0,"neve_meta_title_alignment":"","neve_meta_author_avatar":"","neve_post_elements_order":"","neve_meta_disable_header":"","neve_meta_disable_footer":"","neve_meta_disable_title":"","_jetpack_newsletter_access":"","_jetpack_dont_email_post_to_subs":false,"_jetpack_newsletter_tier_id":0,"_jetpack_memberships_contains_paywalled_content":false,"_jetpack_memberships_contains_paid_content":false,"footnotes":""},"categories":[11],"tags":[1598,3779,3583,721,4674,3050,5962],"class_list":["post-73493","post","type-post","status-publish","format-standard","has-post-thumbnail","hentry","category-noticias-de-ribeirao-preto-sp-e-regiao-ismael-colosi","tag-cultural","tag-identidade","tag-instrumentos","tag-nacional","tag-patrimonio","tag-samba","tag-simbolos"],"uagb_featured_image_src":{"full":["https:\/\/i0.wp.com\/ismaelcolosi.com.br\/wp-content\/uploads\/2024\/10\/o_samba_de_roda_carrega_tradicoes_que_passam_de_geracao_a_geracao.webp.webp?fit=1170%2C700&ssl=1",1170,700,false],"thumbnail":["https:\/\/i0.wp.com\/ismaelcolosi.com.br\/wp-content\/uploads\/2024\/10\/o_samba_de_roda_carrega_tradicoes_que_passam_de_geracao_a_geracao.webp.webp?resize=150%2C150&ssl=1",150,150,true],"medium":["https:\/\/i0.wp.com\/ismaelcolosi.com.br\/wp-content\/uploads\/2024\/10\/o_samba_de_roda_carrega_tradicoes_que_passam_de_geracao_a_geracao.webp.webp?fit=300%2C179&ssl=1",300,179,true],"medium_large":["https:\/\/i0.wp.com\/ismaelcolosi.com.br\/wp-content\/uploads\/2024\/10\/o_samba_de_roda_carrega_tradicoes_que_passam_de_geracao_a_geracao.webp.webp?fit=768%2C459&ssl=1",768,459,true],"large":["https:\/\/i0.wp.com\/ismaelcolosi.com.br\/wp-content\/uploads\/2024\/10\/o_samba_de_roda_carrega_tradicoes_que_passam_de_geracao_a_geracao.webp.webp?fit=1024%2C613&ssl=1",1024,613,true],"1536x1536":["https:\/\/i0.wp.com\/ismaelcolosi.com.br\/wp-content\/uploads\/2024\/10\/o_samba_de_roda_carrega_tradicoes_que_passam_de_geracao_a_geracao.webp.webp?fit=1170%2C700&ssl=1",1170,700,true],"2048x2048":["https:\/\/i0.wp.com\/ismaelcolosi.com.br\/wp-content\/uploads\/2024\/10\/o_samba_de_roda_carrega_tradicoes_que_passam_de_geracao_a_geracao.webp.webp?fit=1170%2C700&ssl=1",1170,700,true],"neve-blog":["https:\/\/i0.wp.com\/ismaelcolosi.com.br\/wp-content\/uploads\/2024\/10\/o_samba_de_roda_carrega_tradicoes_que_passam_de_geracao_a_geracao.webp.webp?resize=930%2C620&ssl=1",930,620,true]},"uagb_author_info":{"display_name":"ismaelcolosi.com.br","author_link":"https:\/\/ismaelcolosi.com.br\/author\/vidareal-online\/"},"uagb_comment_info":0,"uagb_excerpt":"[ad_1] Os instrumentos que d\u00e3o vida ao samba, como o pandeiro, cavaquinho, tamborim, surdo e cu\u00edca, foram oficialmente reconhecidos como manifesta\u00e7\u00f5es culturais da na\u00e7\u00e3o brasileira. Esse reconhecimento refor\u00e7a o papel central que o samba desempenha na constru\u00e7\u00e3o da identidade nacional e celebra a riqueza da m\u00fasica popular como uma forma de express\u00e3o art\u00edstica e social.&hellip;&nbsp;","jetpack-related-posts":[{"id":78206,"url":"https:\/\/ismaelcolosi.com.br\/index.php\/2024\/12\/03\/brasil-celebra-o-dia-nacional-do-samba-com-festas-e-reflexoes-sobre-a-cultura-popular\/","url_meta":{"origin":73493,"position":0},"title":"Brasil Celebra o Dia Nacional do Samba com Festas e Reflex\u00f5es sobre a Cultura Popular","author":"ismaelcolosi.com.br","date":"3 de Dezembro de 2024","format":false,"excerpt":"[ad_1] O Dia Nacional do Samba, celebrado em 2 de dezembro, movimenta cidades de norte a sul do Brasil com apresenta\u00e7\u00f5es musicais, rodas de samba e homenagens aos grandes nomes do g\u00eanero. Mais do que uma festa, a data \u00e9 uma oportunidade de refletir sobre a import\u00e2ncia do samba como\u2026","rel":"","context":"In &quot;Not\u00edcias de Ribeir\u00e3o Preto-SP e Regi\u00e3o&quot;","block_context":{"text":"Not\u00edcias de Ribeir\u00e3o Preto-SP e Regi\u00e3o","link":"https:\/\/ismaelcolosi.com.br\/index.php\/category\/noticias-de-ribeirao-preto-sp-e-regiao-ismael-colosi\/"},"img":{"alt_text":"","src":"https:\/\/i0.wp.com\/ismaelcolosi.com.br\/wp-content\/uploads\/2024\/12\/samba.webp.webp?fit=1170%2C700&ssl=1&resize=350%2C200","width":350,"height":200,"srcset":"https:\/\/i0.wp.com\/ismaelcolosi.com.br\/wp-content\/uploads\/2024\/12\/samba.webp.webp?fit=1170%2C700&ssl=1&resize=350%2C200 1x, https:\/\/i0.wp.com\/ismaelcolosi.com.br\/wp-content\/uploads\/2024\/12\/samba.webp.webp?fit=1170%2C700&ssl=1&resize=525%2C300 1.5x, https:\/\/i0.wp.com\/ismaelcolosi.com.br\/wp-content\/uploads\/2024\/12\/samba.webp.webp?fit=1170%2C700&ssl=1&resize=700%2C400 2x, https:\/\/i0.wp.com\/ismaelcolosi.com.br\/wp-content\/uploads\/2024\/12\/samba.webp.webp?fit=1170%2C700&ssl=1&resize=1050%2C600 3x"},"classes":[]},{"id":76790,"url":"https:\/\/ismaelcolosi.com.br\/index.php\/2024\/11\/18\/ribeirao-recebe-festival-da-cultura-afro-brasileira\/","url_meta":{"origin":73493,"position":1},"title":"Ribeir\u00e3o recebe Festival da Cultura Afro-Brasileira\u00a0\u00a0","author":"ismaelcolosi.com.br","date":"18 de Novembro de 2024","format":false,"excerpt":"[ad_1] Ser\u00e3o dezenas de atra\u00e7\u00f5es nos quatro dias de evento; entre elas, rodas de samba, coco e capoeira, bal\u00e9 dos orix\u00e1s, comidas t\u00edpicas e muito mais\u00a0 18 de novembro de 202417 de novembro de 202412 Compartilhar0 No m\u00eas da Consci\u00eancia Negra, Ribeir\u00e3o Preto ser\u00e1 palco do 1\u00ba Festival da Cultura\u2026","rel":"","context":"In &quot;Not\u00edcias de Ribeir\u00e3o Preto-SP e Regi\u00e3o&quot;","block_context":{"text":"Not\u00edcias de Ribeir\u00e3o Preto-SP e Regi\u00e3o","link":"https:\/\/ismaelcolosi.com.br\/index.php\/category\/noticias-de-ribeirao-preto-sp-e-regiao-ismael-colosi\/"},"img":{"alt_text":"","src":"https:\/\/i0.wp.com\/ismaelcolosi.com.br\/wp-content\/uploads\/2024\/11\/1-festival_da_cultura_afro_brasileira-scaled.jpeg?fit=323%2C500&ssl=1&resize=350%2C200","width":350,"height":200},"classes":[]},{"id":43474,"url":"https:\/\/ismaelcolosi.com.br\/index.php\/2024\/03\/21\/seguem-as-inscricoes-para-as-oficinas-da-escola-de-samba-dos-embaixadores\/","url_meta":{"origin":73493,"position":2},"title":"Seguem as inscri\u00e7\u00f5es para as oficinas da Escola de Samba dos Embaixadores","author":"ismaelcolosi.com.br","date":"21 de Mar\u00e7o de 2024","format":false,"excerpt":"[ad_1] 21 de mar\u00e7o de 2024 | 14:2821 de mar\u00e7o de 2024 | 14:32 0 Nos meses de abril, maio e junho, 50 crian\u00e7as e jovens de 9 a 16 anos da Vila Carvalho poder\u00e3o cursar gratuitamente uma das 12 oficinas do projeto Samba Educa \u2013 Musicalizando a Comunidade, contemplado\u2026","rel":"","context":"In &quot;Not\u00edcias de Ribeir\u00e3o Preto-SP e Regi\u00e3o&quot;","block_context":{"text":"Not\u00edcias de Ribeir\u00e3o Preto-SP e Regi\u00e3o","link":"https:\/\/ismaelcolosi.com.br\/index.php\/category\/noticias-de-ribeirao-preto-sp-e-regiao-ismael-colosi\/"},"img":{"alt_text":"","src":"https:\/\/i0.wp.com\/ismaelcolosi.com.br\/wp-content\/uploads\/2024\/03\/esamba.jpeg?fit=945%2C620&ssl=1&resize=350%2C200","width":350,"height":200,"srcset":"https:\/\/i0.wp.com\/ismaelcolosi.com.br\/wp-content\/uploads\/2024\/03\/esamba.jpeg?fit=945%2C620&ssl=1&resize=350%2C200 1x, https:\/\/i0.wp.com\/ismaelcolosi.com.br\/wp-content\/uploads\/2024\/03\/esamba.jpeg?fit=945%2C620&ssl=1&resize=525%2C300 1.5x, https:\/\/i0.wp.com\/ismaelcolosi.com.br\/wp-content\/uploads\/2024\/03\/esamba.jpeg?fit=945%2C620&ssl=1&resize=700%2C400 2x"},"classes":[]},{"id":6169,"url":"https:\/\/ismaelcolosi.com.br\/index.php\/2023\/11\/25\/a-aguia-o-cisne-e-o-racismo\/","url_meta":{"origin":73493,"position":3},"title":"A \u00c1guia, o Cisne e o racismo\u00a0","author":"ismaelcolosi.com.br","date":"25 de Novembro de 2023","format":false,"excerpt":"[ad_1] 25 de novembro de 2023 | 8:1024 de novembro de 2023 | 18:10 0Andr\u00e9 Luiz da Silva *\u00a0[email\u00a0protected]\u00a0\u00a0Fundado em 11 de abril de 1923, no bairro de Oswaldo Cruz, zona norte da cidade do Rio de Janeiro, o Gr\u00eamio Recreativo Escola de Samba Portela \u00e9 a \u00fanica agremia\u00e7\u00e3o que\u2026","rel":"","context":"In &quot;Not\u00edcias de Ribeir\u00e3o Preto-SP e Regi\u00e3o&quot;","block_context":{"text":"Not\u00edcias de Ribeir\u00e3o Preto-SP e Regi\u00e3o","link":"https:\/\/ismaelcolosi.com.br\/index.php\/category\/noticias-de-ribeirao-preto-sp-e-regiao-ismael-colosi\/"},"img":{"alt_text":"","src":"https:\/\/i0.wp.com\/ismaelcolosi.com.br\/wp-content\/uploads\/2023\/11\/1700910849_Andre-Luiz-da-Silva.jpg?fit=700%2C450&ssl=1&resize=350%2C200","width":350,"height":200,"srcset":"https:\/\/i0.wp.com\/ismaelcolosi.com.br\/wp-content\/uploads\/2023\/11\/1700910849_Andre-Luiz-da-Silva.jpg?fit=700%2C450&ssl=1&resize=350%2C200 1x, https:\/\/i0.wp.com\/ismaelcolosi.com.br\/wp-content\/uploads\/2023\/11\/1700910849_Andre-Luiz-da-Silva.jpg?fit=700%2C450&ssl=1&resize=525%2C300 1.5x, https:\/\/i0.wp.com\/ismaelcolosi.com.br\/wp-content\/uploads\/2023\/11\/1700910849_Andre-Luiz-da-Silva.jpg?fit=700%2C450&ssl=1&resize=700%2C400 2x"},"classes":[]},{"id":9195,"url":"https:\/\/ismaelcolosi.com.br\/index.php\/2023\/12\/01\/sambistas-vao-ganhar-um-canal-especial-em-varias-plataformas-digitais\/","url_meta":{"origin":73493,"position":4},"title":"Sambistas v\u00e3o ganhar um canal especial em v\u00e1rias plataformas digitais","author":"ismaelcolosi.com.br","date":"1 de Dezembro de 2023","format":false,"excerpt":"[ad_1] 1 de dezembro de 2023 | 17:0030 de novembro de 2023 | 19:22 0A R\u00e1dio Samba idealizada por Dudu Pagodinho e Maur\u00edcio Barzilai chega com a miss\u00e3o de ser o canal do sambista brasileiro e, por isso, todos os seus conte\u00fados\/programas s\u00e3o ligados ao ritmo mais popular e mais\u2026","rel":"","context":"In &quot;Not\u00edcias de Ribeir\u00e3o Preto-SP e Regi\u00e3o&quot;","block_context":{"text":"Not\u00edcias de Ribeir\u00e3o Preto-SP e Regi\u00e3o","link":"https:\/\/ismaelcolosi.com.br\/index.php\/category\/noticias-de-ribeirao-preto-sp-e-regiao-ismael-colosi\/"},"img":{"alt_text":"","src":"https:\/\/i0.wp.com\/ismaelcolosi.com.br\/wp-content\/uploads\/2023\/12\/samba.jpg?fit=658%2C616&ssl=1&resize=350%2C200","width":350,"height":200,"srcset":"https:\/\/i0.wp.com\/ismaelcolosi.com.br\/wp-content\/uploads\/2023\/12\/samba.jpg?fit=658%2C616&ssl=1&resize=350%2C200 1x, https:\/\/i0.wp.com\/ismaelcolosi.com.br\/wp-content\/uploads\/2023\/12\/samba.jpg?fit=658%2C616&ssl=1&resize=525%2C300 1.5x"},"classes":[]},{"id":46788,"url":"https:\/\/ismaelcolosi.com.br\/index.php\/2024\/04\/15\/celebre-o-choro-projeto-especial-choraco-no-sesc-24-de-maio\/","url_meta":{"origin":73493,"position":5},"title":"Celebre o Choro: Projeto Especial &#8220;Chora\u00e7o&#8221; no Sesc 24 de Maio","author":"ismaelcolosi.com.br","date":"15 de Abril de 2024","format":false,"excerpt":"[ad_1] Uma homenagem ao g\u00eanero musical com grandes nomes da m\u00fasica brasileira\u00a0celebrando as sonoridades tradicionais e contempor\u00e2neas do Choro brasileiro de\u00a023\/4 a 5\/5\u00a0 Em abril, m\u00eas de nascimento de\u00a0Pixinguinha (23\/04), um dos maiores expoentes do Choro brasileiro, tamb\u00e9m \u00e9 celebrado o\u00a0Dia Nacional do Choro\u00a0e\u00a0o\u00a0Sesc 24 de Maio\u00a0comemora essa data com\u2026","rel":"","context":"In &quot;Not\u00edcias de Ribeir\u00e3o Preto-SP e Regi\u00e3o&quot;","block_context":{"text":"Not\u00edcias de Ribeir\u00e3o Preto-SP e Regi\u00e3o","link":"https:\/\/ismaelcolosi.com.br\/index.php\/category\/noticias-de-ribeirao-preto-sp-e-regiao-ismael-colosi\/"},"img":{"alt_text":"","src":"https:\/\/i0.wp.com\/ismaelcolosi.com.br\/wp-content\/uploads\/2024\/04\/Yamandu-Costa-por-Rodrigo-Lopes2.jpeg?fit=800%2C1200&ssl=1&resize=350%2C200","width":350,"height":200,"srcset":"https:\/\/i0.wp.com\/ismaelcolosi.com.br\/wp-content\/uploads\/2024\/04\/Yamandu-Costa-por-Rodrigo-Lopes2.jpeg?fit=800%2C1200&ssl=1&resize=350%2C200 1x, https:\/\/i0.wp.com\/ismaelcolosi.com.br\/wp-content\/uploads\/2024\/04\/Yamandu-Costa-por-Rodrigo-Lopes2.jpeg?fit=800%2C1200&ssl=1&resize=525%2C300 1.5x, https:\/\/i0.wp.com\/ismaelcolosi.com.br\/wp-content\/uploads\/2024\/04\/Yamandu-Costa-por-Rodrigo-Lopes2.jpeg?fit=800%2C1200&ssl=1&resize=700%2C400 2x"},"classes":[]}],"jetpack_sharing_enabled":true,"jetpack_shortlink":"https:\/\/wp.me\/pfMlyK-j7n","jetpack_featured_media_url":"https:\/\/i0.wp.com\/ismaelcolosi.com.br\/wp-content\/uploads\/2024\/10\/o_samba_de_roda_carrega_tradicoes_que_passam_de_geracao_a_geracao.webp.webp?fit=1170%2C700&ssl=1","_links":{"self":[{"href":"https:\/\/ismaelcolosi.com.br\/index.php\/wp-json\/wp\/v2\/posts\/73493","targetHints":{"allow":["GET"]}}],"collection":[{"href":"https:\/\/ismaelcolosi.com.br\/index.php\/wp-json\/wp\/v2\/posts"}],"about":[{"href":"https:\/\/ismaelcolosi.com.br\/index.php\/wp-json\/wp\/v2\/types\/post"}],"author":[{"embeddable":true,"href":"https:\/\/ismaelcolosi.com.br\/index.php\/wp-json\/wp\/v2\/users\/1"}],"replies":[{"embeddable":true,"href":"https:\/\/ismaelcolosi.com.br\/index.php\/wp-json\/wp\/v2\/comments?post=73493"}],"version-history":[{"count":0,"href":"https:\/\/ismaelcolosi.com.br\/index.php\/wp-json\/wp\/v2\/posts\/73493\/revisions"}],"wp:featuredmedia":[{"embeddable":true,"href":"https:\/\/ismaelcolosi.com.br\/index.php\/wp-json\/wp\/v2\/media\/73494"}],"wp:attachment":[{"href":"https:\/\/ismaelcolosi.com.br\/index.php\/wp-json\/wp\/v2\/media?parent=73493"}],"wp:term":[{"taxonomy":"category","embeddable":true,"href":"https:\/\/ismaelcolosi.com.br\/index.php\/wp-json\/wp\/v2\/categories?post=73493"},{"taxonomy":"post_tag","embeddable":true,"href":"https:\/\/ismaelcolosi.com.br\/index.php\/wp-json\/wp\/v2\/tags?post=73493"}],"curies":[{"name":"wp","href":"https:\/\/api.w.org\/{rel}","templated":true}]}}