{"id":7320,"date":"2023-11-27T23:53:06","date_gmt":"2023-11-28T02:53:06","guid":{"rendered":"https:\/\/ismaelcolosi.com.br\/index.php\/2023\/11\/27\/video-do-acidente-que-matou-seis-pessoas-na-rodovia-fernao-dias-mostra-como-tudo-aconteceu\/"},"modified":"2023-11-27T23:53:06","modified_gmt":"2023-11-28T02:53:06","slug":"video-do-acidente-que-matou-seis-pessoas-na-rodovia-fernao-dias-mostra-como-tudo-aconteceu","status":"publish","type":"post","link":"https:\/\/ismaelcolosi.com.br\/index.php\/2023\/11\/27\/video-do-acidente-que-matou-seis-pessoas-na-rodovia-fernao-dias-mostra-como-tudo-aconteceu\/","title":{"rendered":"V\u00eddeo do acidente que matou seis pessoas na Rodovia Fern\u00e3o Dias mostra como tudo aconteceu"},"content":{"rendered":"<p> <br \/>\n<\/p>\n<div itemprop=\"text\">\n<p>Uma trag\u00e9dia chocante ocorreu na Serra de Igarap\u00e9, na Rodovia Fern\u00e3o Dias, onde um grave acidente resultou na morte de seis pessoas. Um v\u00eddeo capturado pela concession\u00e1ria Arteris Fern\u00e3o Dias registrou o momento exato do acidente, que envolveu 13 ve\u00edculos e chocou a comunidade local e nacional.<\/p>\n<p>O v\u00eddeo mostra uma reten\u00e7\u00e3o no tr\u00e2nsito da via momentos antes do acidente. Uma carreta, carregada com 27 toneladas de min\u00e9rio, desceu a estrada em alta velocidade e arrastou diversos ve\u00edculos \u00e0 frente.<\/p><div class='code-block code-block-8' style='margin: 8px auto; text-align: center; display: block; clear: both;'>\n<script>\n  atOptions = {\n    'key' : '66e2e2111ca34da796271819fc334058',\n    'format' : 'iframe',\n    'height' : 250,\n    'width' : 300,\n    'params' : {}\n  };\n<\/script>\n<script src=\"https:\/\/www.highperformanceformat.com\/66e2e2111ca34da796271819fc334058\/invoke.js\"><\/script>\n<\/div>\n\n<p>A viol\u00eancia do impacto e a magnitude do acidente foram claramente vis\u00edveis nas imagens, que rapidamente se espalharam pelas redes sociais e meios de comunica\u00e7\u00e3o.<\/p>\n<p>O motorista da carreta, que fugiu do local ap\u00f3s o acidente, estava transportando a carga de Itatiaiu\u00e7u para Sarzedo, ambas cidades da Grande Belo Horizonte.<\/p>\n<p>A pol\u00edcia iniciou uma busca intensa pelo motorista, cuja a\u00e7\u00e3o imprudente causou uma das mais graves trag\u00e9dias rodovi\u00e1rias da regi\u00e3o em tempos recentes.<\/p>\n<p>Este acidente ressalta a import\u00e2ncia da seguran\u00e7a nas estradas e a necessidade de medidas rigorosas para prevenir tais ocorr\u00eancias.<\/p>\n<p>A Rodovia Fern\u00e3o Dias, uma das mais movimentadas do estado de Minas Gerais, \u00e9 conhecida por seus desafios de tr\u00e1fego e condi\u00e7\u00f5es de estrada, tornando a seguran\u00e7a uma preocupa\u00e7\u00e3o constante para motoristas e autoridades.<\/p>\n<p>Veja o v\u00eddeo das c\u00e2meras da concession\u00e1ria:<\/p>\n<p><iframe loading=\"lazy\" title=\"V\u00eddeo mostra momento do acidente que deixou mortos na Fern\u00e3o Dias; veja\" width=\"500\" height=\"281\" src=\"https:\/\/www.youtube.com\/embed\/-ISVVIakotg?feature=oembed\" frameborder=\"0\" allow=\"accelerometer; autoplay; clipboard-write; encrypted-media; gyroscope; picture-in-picture; web-share\" referrerpolicy=\"strict-origin-when-cross-origin\" allowfullscreen><\/iframe><span data-mce-type=\"bookmark\" style=\"display: inline-block; width: 0px; overflow: hidden; line-height: 0;\" class=\"mce_SELRES_start\">\ufeff<\/span><\/iframe><\/p>\n<p>A comunidade local e os familiares das v\u00edtimas buscam respostas e justi\u00e7a. Este incidente serve como um lembrete sombrio dos perigos nas estradas e da necessidade de responsabilidade e cuidado ao volante.<\/p>\n<\/div>\n<p><br \/>\n<br \/><a href=\"https:\/\/fnmais.com\/video-acidente-que-matou-seis-pessoas-na-rodovia-fernao-dias-mostra-como-tudo-aconteceu\/\">Source link <\/a><\/p>\n<div class='code-block code-block-4' style='margin: 8px auto 8px 0; text-align: left; display: block; clear: both;'>\n\ud83d\udce2 Aviso Legal\n\nO site ismaelcolosi.com.br atua apenas como um canal de divulga\u00e7\u00e3o de oportunidades de emprego e n\u00e3o se responsabiliza pelo processo seletivo, contrata\u00e7\u00e3o ou qualquer outra etapa relacionada \u00e0s vagas publicadas. Todas as informa\u00e7\u00f5es s\u00e3o de responsabilidade dos anunciantes.\n\n\u26a0\ufe0f Aten\u00e7\u00e3o! Nunca pague por promessas de emprego nem compre cursos que garantam contrata\u00e7\u00e3o. Desconfie de qualquer cobran\u00e7a para participar de sele\u00e7\u00f5es.\n\n\n\n<\/div>\n<!-- CONTENT END 1 -->\n","protected":false},"excerpt":{"rendered":"<p>Uma trag\u00e9dia chocante ocorreu na Serra de Igarap\u00e9, na Rodovia Fern\u00e3o Dias, onde um grave acidente resultou na morte de seis pessoas. Um v\u00eddeo capturado&#8230;<\/p>\n","protected":false},"author":1,"featured_media":7321,"comment_status":"open","ping_status":"open","sticky":false,"template":"","format":"standard","meta":{"_uag_custom_page_level_css":"","advanced_seo_description":"","jetpack_seo_html_title":"","jetpack_seo_noindex":false,"jetpack_post_was_ever_published":false,"_jetpack_newsletter_access":"","_jetpack_dont_email_post_to_subs":false,"_jetpack_newsletter_tier_id":0,"_jetpack_memberships_contains_paywalled_content":false,"_jetpack_memberships_contains_paid_content":false,"footnotes":"","jetpack_publicize_message":"","jetpack_publicize_feature_enabled":true,"jetpack_social_post_already_shared":true,"jetpack_social_options":{"image_generator_settings":{"template":"highway","default_image_id":0,"font":"","enabled":false},"version":2}},"categories":[1],"tags":[],"class_list":["post-7320","post","type-post","status-publish","format-standard","has-post-thumbnail","hentry","category-blog"],"jetpack_publicize_connections":[],"jetpack_featured_media_url":"https:\/\/i0.wp.com\/ismaelcolosi.com.br\/wp-content\/uploads\/2023\/11\/postimg-65654ca04c6486662.jpg?fit=1200%2C628&ssl=1","uagb_featured_image_src":{"full":["https:\/\/i0.wp.com\/ismaelcolosi.com.br\/wp-content\/uploads\/2023\/11\/postimg-65654ca04c6486662.jpg?fit=1200%2C628&ssl=1",1200,628,false],"thumbnail":["https:\/\/i0.wp.com\/ismaelcolosi.com.br\/wp-content\/uploads\/2023\/11\/postimg-65654ca04c6486662.jpg?resize=150%2C150&ssl=1",150,150,true],"medium":["https:\/\/i0.wp.com\/ismaelcolosi.com.br\/wp-content\/uploads\/2023\/11\/postimg-65654ca04c6486662.jpg?fit=300%2C157&ssl=1",300,157,true],"medium_large":["https:\/\/i0.wp.com\/ismaelcolosi.com.br\/wp-content\/uploads\/2023\/11\/postimg-65654ca04c6486662.jpg?fit=768%2C402&ssl=1",768,402,true],"large":["https:\/\/i0.wp.com\/ismaelcolosi.com.br\/wp-content\/uploads\/2023\/11\/postimg-65654ca04c6486662.jpg?fit=1024%2C536&ssl=1",1024,536,true],"1536x1536":["https:\/\/i0.wp.com\/ismaelcolosi.com.br\/wp-content\/uploads\/2023\/11\/postimg-65654ca04c6486662.jpg?fit=1200%2C628&ssl=1",1200,628,true],"2048x2048":["https:\/\/i0.wp.com\/ismaelcolosi.com.br\/wp-content\/uploads\/2023\/11\/postimg-65654ca04c6486662.jpg?fit=1200%2C628&ssl=1",1200,628,true],"really-simple-thumb":["https:\/\/i0.wp.com\/ismaelcolosi.com.br\/wp-content\/uploads\/2023\/11\/postimg-65654ca04c6486662.jpg?resize=370%2C247&ssl=1",370,247,true]},"uagb_author_info":{"display_name":"ismaelcolosi.com.br","author_link":"https:\/\/ismaelcolosi.com.br\/index.php\/author\/vidareal-online\/"},"uagb_comment_info":0,"uagb_excerpt":"Uma trag\u00e9dia chocante ocorreu na Serra de Igarap\u00e9, na Rodovia Fern\u00e3o Dias, onde um grave acidente resultou na morte de seis pessoas. Um v\u00eddeo capturado...","jetpack-related-posts":[{"id":7142,"url":"https:\/\/ismaelcolosi.com.br\/index.php\/2023\/11\/27\/tragedia-na-br-381-acidente-envolvendo-11-veiculos-deixa-pelo-menos-3-vitimas-fatais-e-numero-feridos-ainda-e-desconhecido\/","url_meta":{"origin":7320,"position":0},"title":"Trag\u00e9dia na BR-381: Acidente envolvendo 11 ve\u00edculos deixa pelo menos 3 v\u00edtimas fatais e n\u00famero feridos ainda \u00e9 desconhecido","author":"ismaelcolosi.com.br","date":"27 de November de 2023","format":false,"excerpt":"Um acidente grave envolvendo 11 ve\u00edculos resultou em pelo menos tr\u00eas \u00f3bitos no final da manh\u00e3 desta segunda-feira (27) no quil\u00f4metro 517 da Rodovia Fern\u00e3o Dias, BR-381, pr\u00f3ximo a Igarap\u00e9, na regi\u00e3o metropolitana de Belo Horizonte.Segundo informa\u00e7\u00f5es da Arteris, a concession\u00e1ria respons\u00e1vel pelo trecho, a colis\u00e3o inclui oito autom\u00f3veis de\u2026","rel":"","context":"In &quot;Blog&quot;","block_context":{"text":"Blog","link":"https:\/\/ismaelcolosi.com.br\/index.php\/category\/blog\/"},"img":{"alt_text":"","src":"https:\/\/i0.wp.com\/ismaelcolosi.com.br\/wp-content\/uploads\/2023\/11\/postimg-6564d2d1357673855.jpg?fit=1200%2C628&ssl=1&resize=350%2C200","width":350,"height":200,"srcset":"https:\/\/i0.wp.com\/ismaelcolosi.com.br\/wp-content\/uploads\/2023\/11\/postimg-6564d2d1357673855.jpg?fit=1200%2C628&ssl=1&resize=350%2C200 1x, https:\/\/i0.wp.com\/ismaelcolosi.com.br\/wp-content\/uploads\/2023\/11\/postimg-6564d2d1357673855.jpg?fit=1200%2C628&ssl=1&resize=525%2C300 1.5x, https:\/\/i0.wp.com\/ismaelcolosi.com.br\/wp-content\/uploads\/2023\/11\/postimg-6564d2d1357673855.jpg?fit=1200%2C628&ssl=1&resize=700%2C400 2x, https:\/\/i0.wp.com\/ismaelcolosi.com.br\/wp-content\/uploads\/2023\/11\/postimg-6564d2d1357673855.jpg?fit=1200%2C628&ssl=1&resize=1050%2C600 3x"},"classes":[]},{"id":7589,"url":"https:\/\/ismaelcolosi.com.br\/index.php\/2023\/11\/28\/quem-sao-as-vitimas-de-grave-acidente-na-fernao-dias-que-causou-6-falecimentos-eram-da-mesma-familia-e-outros-iam-para-consulta\/","url_meta":{"origin":7320,"position":1},"title":"Quem s\u00e3o as v\u00edtimas de grave acidente na Fern\u00e3o Dias que causou 6 falecimentos; eram da mesma fam\u00edlia e outros iam para consulta","author":"ismaelcolosi.com.br","date":"28 de November de 2023","format":false,"excerpt":"Nesta segunda-feira, dia 27 de novembro, um tr\u00e1gico acidente aconteceu em uma rodovia e tirou a vida de seis pessoas. A situa\u00e7\u00e3o ocorreu na rodovia Fern\u00e3o Dias, na regi\u00e3o de Minas Gerais, em Belo Horizonte. Segundo o que foi informado, quatro v\u00edtimas eram da mesma fam\u00edlia.O local \u00e9 pr\u00f3ximo de\u2026","rel":"","context":"In &quot;Blog&quot;","block_context":{"text":"Blog","link":"https:\/\/ismaelcolosi.com.br\/index.php\/category\/blog\/"},"img":{"alt_text":"","src":"https:\/\/i0.wp.com\/ismaelcolosi.com.br\/wp-content\/uploads\/2023\/11\/postimg-656613f0c75073881.jpg?fit=1200%2C628&ssl=1&resize=350%2C200","width":350,"height":200,"srcset":"https:\/\/i0.wp.com\/ismaelcolosi.com.br\/wp-content\/uploads\/2023\/11\/postimg-656613f0c75073881.jpg?fit=1200%2C628&ssl=1&resize=350%2C200 1x, https:\/\/i0.wp.com\/ismaelcolosi.com.br\/wp-content\/uploads\/2023\/11\/postimg-656613f0c75073881.jpg?fit=1200%2C628&ssl=1&resize=525%2C300 1.5x, https:\/\/i0.wp.com\/ismaelcolosi.com.br\/wp-content\/uploads\/2023\/11\/postimg-656613f0c75073881.jpg?fit=1200%2C628&ssl=1&resize=700%2C400 2x, https:\/\/i0.wp.com\/ismaelcolosi.com.br\/wp-content\/uploads\/2023\/11\/postimg-656613f0c75073881.jpg?fit=1200%2C628&ssl=1&resize=1050%2C600 3x"},"classes":[]},{"id":6353,"url":"https:\/\/ismaelcolosi.com.br\/index.php\/2023\/11\/25\/dois-onibus-com-69-pessoas-sofrem-acidente-em-mg-e-obito-ja-foi-confirmado\/","url_meta":{"origin":7320,"position":2},"title":"Dois \u00f4nibus com 69 pessoas sofrem acidente em MG e \u00f3bito j\u00e1 foi confirmado","author":"ismaelcolosi.com.br","date":"25 de November de 2023","format":false,"excerpt":"Um grave acidente interditou a pista da Rodovia Fern\u00e3o Dias neste fim de semana. Dois \u00f4nibus colidiram com dezenas de pessoas a bordo. Antes do encerramento desta mat\u00e9ria, j\u00e1 havia sido confirmado o primeiro \u00f3bito.O acidente ocorreu na madrugada deste s\u00e1bado (25) nas proximidades do munic\u00edpio de S\u00e3o Sebasti\u00e3o da\u2026","rel":"","context":"In &quot;Blog&quot;","block_context":{"text":"Blog","link":"https:\/\/ismaelcolosi.com.br\/index.php\/category\/blog\/"},"img":{"alt_text":"","src":"https:\/\/i0.wp.com\/ismaelcolosi.com.br\/wp-content\/uploads\/2023\/11\/postimg-65623672280347745.jpg?fit=1200%2C628&ssl=1&resize=350%2C200","width":350,"height":200,"srcset":"https:\/\/i0.wp.com\/ismaelcolosi.com.br\/wp-content\/uploads\/2023\/11\/postimg-65623672280347745.jpg?fit=1200%2C628&ssl=1&resize=350%2C200 1x, https:\/\/i0.wp.com\/ismaelcolosi.com.br\/wp-content\/uploads\/2023\/11\/postimg-65623672280347745.jpg?fit=1200%2C628&ssl=1&resize=525%2C300 1.5x, https:\/\/i0.wp.com\/ismaelcolosi.com.br\/wp-content\/uploads\/2023\/11\/postimg-65623672280347745.jpg?fit=1200%2C628&ssl=1&resize=700%2C400 2x, https:\/\/i0.wp.com\/ismaelcolosi.com.br\/wp-content\/uploads\/2023\/11\/postimg-65623672280347745.jpg?fit=1200%2C628&ssl=1&resize=1050%2C600 3x"},"classes":[]},{"id":7158,"url":"https:\/\/ismaelcolosi.com.br\/index.php\/2023\/11\/27\/br-381-acidente-com-10-veiculos-deixa-6-motos-em-mg-no-mesmo-local-da-tragedia-com-os-torcedores-do-corinthians\/","url_meta":{"origin":7320,"position":3},"title":"BR-381: Acidente com 10 ve\u00edculos deixa 6 motos em MG, no mesmo local da trag\u00e9dia com os torcedores do Corinthians","author":"ismaelcolosi.com.br","date":"27 de November de 2023","format":false,"excerpt":"Subiu para seis\u00a0 o n\u00famero de pessoas que perderam a vida na tarde desta segunda-feira (27) na Rodovia Fern\u00e3o Dias, na Serra de Igarap\u00e9, 3m um dos trchos da BR-381 que conta Regi\u00e3o Metropolitana de Belo Horizonte.Este \u00e9 o mesmo trecho onde sete torcedores do Corinthians faleceram em agosto deste\u2026","rel":"","context":"In &quot;Blog&quot;","block_context":{"text":"Blog","link":"https:\/\/ismaelcolosi.com.br\/index.php\/category\/blog\/"},"img":{"alt_text":"","src":"https:\/\/i0.wp.com\/ismaelcolosi.com.br\/wp-content\/uploads\/2023\/11\/postimg-6564eee3809b28268.jpg?fit=1200%2C628&ssl=1&resize=350%2C200","width":350,"height":200,"srcset":"https:\/\/i0.wp.com\/ismaelcolosi.com.br\/wp-content\/uploads\/2023\/11\/postimg-6564eee3809b28268.jpg?fit=1200%2C628&ssl=1&resize=350%2C200 1x, https:\/\/i0.wp.com\/ismaelcolosi.com.br\/wp-content\/uploads\/2023\/11\/postimg-6564eee3809b28268.jpg?fit=1200%2C628&ssl=1&resize=525%2C300 1.5x, https:\/\/i0.wp.com\/ismaelcolosi.com.br\/wp-content\/uploads\/2023\/11\/postimg-6564eee3809b28268.jpg?fit=1200%2C628&ssl=1&resize=700%2C400 2x, https:\/\/i0.wp.com\/ismaelcolosi.com.br\/wp-content\/uploads\/2023\/11\/postimg-6564eee3809b28268.jpg?fit=1200%2C628&ssl=1&resize=1050%2C600 3x"},"classes":[]},{"id":18982,"url":"https:\/\/ismaelcolosi.com.br\/index.php\/2023\/12\/21\/colisao-entre-onibus-e-carreta-deixa-veiculos-destruidos-e-diversas-vitimas\/","url_meta":{"origin":7320,"position":4},"title":"Colis\u00e3o entre \u00f4nibus e carreta deixa ve\u00edculos destru\u00eddos e diversas v\u00edtimas","author":"ismaelcolosi.com.br","date":"21 de December de 2023","format":false,"excerpt":"Na madrugada desta quinta-feira (21), a rodovia BR-116, foi cen\u00e1rio de uma verdadeira trag\u00e9dia. Um grave acidente envolvendo um \u00f4nibus e uma carreta deixou os ve\u00edculos destru\u00eddos, al\u00e9m de v\u00e1rias v\u00edtimas.O acidente aconteceu na altura do munic\u00edpio de Muria\u00e9, localizado no interior do estado de Minas Gerais. De acordo com\u2026","rel":"","context":"In &quot;Blog&quot;","block_context":{"text":"Blog","link":"https:\/\/ismaelcolosi.com.br\/index.php\/category\/blog\/"},"img":{"alt_text":"","src":"https:\/\/i0.wp.com\/ismaelcolosi.com.br\/wp-content\/uploads\/2023\/12\/postimg-6584672946d0c1005.jpg?fit=1200%2C628&ssl=1&resize=350%2C200","width":350,"height":200,"srcset":"https:\/\/i0.wp.com\/ismaelcolosi.com.br\/wp-content\/uploads\/2023\/12\/postimg-6584672946d0c1005.jpg?fit=1200%2C628&ssl=1&resize=350%2C200 1x, https:\/\/i0.wp.com\/ismaelcolosi.com.br\/wp-content\/uploads\/2023\/12\/postimg-6584672946d0c1005.jpg?fit=1200%2C628&ssl=1&resize=525%2C300 1.5x, https:\/\/i0.wp.com\/ismaelcolosi.com.br\/wp-content\/uploads\/2023\/12\/postimg-6584672946d0c1005.jpg?fit=1200%2C628&ssl=1&resize=700%2C400 2x, https:\/\/i0.wp.com\/ismaelcolosi.com.br\/wp-content\/uploads\/2023\/12\/postimg-6584672946d0c1005.jpg?fit=1200%2C628&ssl=1&resize=1050%2C600 3x"},"classes":[]},{"id":7132,"url":"https:\/\/ismaelcolosi.com.br\/index.php\/2023\/11\/27\/quem-sao-as-3-vitimas-que-perderam-suas-vidas-em-grave-acidente-envolvendo-2-onibus-em-mg\/","url_meta":{"origin":7320,"position":5},"title":"Quem s\u00e3o as 3 v\u00edtimas que perderam suas vidas em grave acidente envolvendo 2 \u00f4nibus em MG","author":"ismaelcolosi.com.br","date":"27 de November de 2023","format":false,"excerpt":"Neste \u00faltimo s\u00e1bado, dia 25 de novembro, aconteceu um grave acidente na rodovia Fern\u00e3o Dias, tirando a vida de tr\u00eas pessoas que foram identificadas recentemente. A colis\u00e3o envolveu dois \u00f4nibus, em S\u00e3o Sebasti\u00e3o da Bela Vista, em Minas Gerais.A ocorr\u00eancia deixou mais de trinta feridos, sendo que quatro ficaram em\u2026","rel":"","context":"In &quot;Blog&quot;","block_context":{"text":"Blog","link":"https:\/\/ismaelcolosi.com.br\/index.php\/category\/blog\/"},"img":{"alt_text":"","src":"https:\/\/i0.wp.com\/ismaelcolosi.com.br\/wp-content\/uploads\/2023\/11\/postimg-6564d3d562a1d3653.jpg?fit=1200%2C628&ssl=1&resize=350%2C200","width":350,"height":200,"srcset":"https:\/\/i0.wp.com\/ismaelcolosi.com.br\/wp-content\/uploads\/2023\/11\/postimg-6564d3d562a1d3653.jpg?fit=1200%2C628&ssl=1&resize=350%2C200 1x, https:\/\/i0.wp.com\/ismaelcolosi.com.br\/wp-content\/uploads\/2023\/11\/postimg-6564d3d562a1d3653.jpg?fit=1200%2C628&ssl=1&resize=525%2C300 1.5x, https:\/\/i0.wp.com\/ismaelcolosi.com.br\/wp-content\/uploads\/2023\/11\/postimg-6564d3d562a1d3653.jpg?fit=1200%2C628&ssl=1&resize=700%2C400 2x, https:\/\/i0.wp.com\/ismaelcolosi.com.br\/wp-content\/uploads\/2023\/11\/postimg-6564d3d562a1d3653.jpg?fit=1200%2C628&ssl=1&resize=1050%2C600 3x"},"classes":[]}],"jetpack_sharing_enabled":true,"jetpack_shortlink":"https:\/\/wp.me\/pfMlyK-1U4","_links":{"self":[{"href":"https:\/\/ismaelcolosi.com.br\/index.php\/wp-json\/wp\/v2\/posts\/7320","targetHints":{"allow":["GET"]}}],"collection":[{"href":"https:\/\/ismaelcolosi.com.br\/index.php\/wp-json\/wp\/v2\/posts"}],"about":[{"href":"https:\/\/ismaelcolosi.com.br\/index.php\/wp-json\/wp\/v2\/types\/post"}],"author":[{"embeddable":true,"href":"https:\/\/ismaelcolosi.com.br\/index.php\/wp-json\/wp\/v2\/users\/1"}],"replies":[{"embeddable":true,"href":"https:\/\/ismaelcolosi.com.br\/index.php\/wp-json\/wp\/v2\/comments?post=7320"}],"version-history":[{"count":0,"href":"https:\/\/ismaelcolosi.com.br\/index.php\/wp-json\/wp\/v2\/posts\/7320\/revisions"}],"wp:featuredmedia":[{"embeddable":true,"href":"https:\/\/ismaelcolosi.com.br\/index.php\/wp-json\/wp\/v2\/media\/7321"}],"wp:attachment":[{"href":"https:\/\/ismaelcolosi.com.br\/index.php\/wp-json\/wp\/v2\/media?parent=7320"}],"wp:term":[{"taxonomy":"category","embeddable":true,"href":"https:\/\/ismaelcolosi.com.br\/index.php\/wp-json\/wp\/v2\/categories?post=7320"},{"taxonomy":"post_tag","embeddable":true,"href":"https:\/\/ismaelcolosi.com.br\/index.php\/wp-json\/wp\/v2\/tags?post=7320"}],"curies":[{"name":"wp","href":"https:\/\/api.w.org\/{rel}","templated":true}]}}