{"id":73166,"date":"2024-10-25T07:18:11","date_gmt":"2024-10-25T10:18:11","guid":{"rendered":"https:\/\/ismaelcolosi.com.br\/index.php\/2024\/10\/25\/inflacao-atinge-054-em-outubro-e-pressiona-orcamento-das-familias-brasileiras\/"},"modified":"2024-10-25T07:18:11","modified_gmt":"2024-10-25T10:18:11","slug":"inflacao-atinge-054-em-outubro-e-pressiona-orcamento-das-familias-brasileiras","status":"publish","type":"post","link":"https:\/\/ismaelcolosi.com.br\/index.php\/2024\/10\/25\/inflacao-atinge-054-em-outubro-e-pressiona-orcamento-das-familias-brasileiras\/","title":{"rendered":"Infla\u00e7\u00e3o Atinge 0,54% em Outubro e Pressiona Or\u00e7amento das Fam\u00edlias Brasileiras"},"content":{"rendered":"<p> <br \/>\n<\/p>\n<div>\n<p>O \u00edndice de infla\u00e7\u00e3o, medido pelo IPCA-15, registrou uma varia\u00e7\u00e3o de 0,54% em outubro, conforme divulgado pelo Instituto Brasileiro de Geografia e Estat\u00edstica (IBGE). Este aumento \u00e9 considerado significativo e traz impactos diretos no or\u00e7amento das fam\u00edlias brasileiras, que t\u00eam sentido o peso da alta nos pre\u00e7os de itens essenciais, como combust\u00edveis e alimentos. O resultado tamb\u00e9m refor\u00e7a a cautela dos economistas em rela\u00e7\u00e3o ao controle inflacion\u00e1rio no pa\u00eds.<\/p>\n<h3>Principais Press\u00f5es Inflacion\u00e1rias<\/h3>\n<p>De acordo com o IBGE, os pre\u00e7os dos combust\u00edveis voltaram a subir em outubro, intensificando a press\u00e3o sobre o \u00edndice. A gasolina, em especial, registrou aumento expressivo, refletindo o cen\u00e1rio de alta no mercado internacional de petr\u00f3leo. Esse impacto nos pre\u00e7os de combust\u00edveis \u00e9 sentido n\u00e3o s\u00f3 diretamente pelos consumidores, mas tamb\u00e9m em toda a cadeia produtiva, j\u00e1 que o custo de transporte influencia o pre\u00e7o final de produtos b\u00e1sicos.<\/p><div class='code-block code-block-8' style='margin: 8px auto; text-align: center; display: block; clear: both;'>\n<script>\n  atOptions = {\n    'key' : '66e2e2111ca34da796271819fc334058',\n    'format' : 'iframe',\n    'height' : 250,\n    'width' : 300,\n    'params' : {}\n  };\n<\/script>\n<script src=\"https:\/\/www.highperformanceformat.com\/66e2e2111ca34da796271819fc334058\/invoke.js\"><\/script>\n<\/div>\n\n<p>Al\u00e9m dos combust\u00edveis, os alimentos continuaram a apresentar altas consider\u00e1veis, sendo a alimenta\u00e7\u00e3o no domic\u00edlio um dos itens com maior peso no c\u00e1lculo do IPCA-15. Produtos como carnes, leite e derivados, al\u00e9m de itens in natura, v\u00eam sofrendo varia\u00e7\u00f5es devido \u00e0s condi\u00e7\u00f5es clim\u00e1ticas e \u00e0 volatilidade do mercado agr\u00edcola.<\/p>\n<h3>Reflexo no Poder de Compra e no Or\u00e7amento das Fam\u00edlias<\/h3>\n<p>O aumento da infla\u00e7\u00e3o em outubro refor\u00e7a a perda de poder de compra da popula\u00e7\u00e3o, especialmente para as classes m\u00e9dia e baixa, que destinam grande parte de sua renda para despesas de consumo b\u00e1sico. Com a persist\u00eancia da alta nos pre\u00e7os, muitas fam\u00edlias est\u00e3o sendo obrigadas a reduzir o consumo e reavaliar prioridades.<\/p>\n<p>Para Marta Rodrigues, especialista em economia dom\u00e9stica, o impacto da infla\u00e7\u00e3o afeta as decis\u00f5es financeiras do dia a dia. \u201cQuando os pre\u00e7os dos alimentos e combust\u00edveis sobem, as fam\u00edlias t\u00eam menos flexibilidade para investir em lazer ou poupar para o futuro. A infla\u00e7\u00e3o torna o or\u00e7amento mais apertado, principalmente para quem j\u00e1 enfrenta dificuldades para fechar as contas no fim do m\u00eas,\u201d explica Marta.<\/p>\n<h3>Expectativas e Proje\u00e7\u00f5es para o Fim do Ano<\/h3>\n<p>Com o novo avan\u00e7o do IPCA-15, a expectativa de fechamento do \u00edndice de infla\u00e7\u00e3o para o ano pode superar as metas estabelecidas pelo Banco Central. Economistas v\u00eam ajustando suas proje\u00e7\u00f5es e indicam que a press\u00e3o inflacion\u00e1ria pode persistir nos pr\u00f3ximos meses, em parte devido ao cen\u00e1rio global inst\u00e1vel e aos pre\u00e7os vol\u00e1teis das commodities.<\/p>\n<p>O Banco Central, por sua vez, segue monitorando os \u00edndices de infla\u00e7\u00e3o e poder\u00e1 adotar medidas para cont\u00ea-la, embora o impacto de decis\u00f5es como a eleva\u00e7\u00e3o da taxa de juros seja um instrumento de longo prazo e demore a trazer efeitos concretos no bolso do consumidor.<\/p>\n<h3>Estrat\u00e9gias para Enfrentar o Cen\u00e1rio de Alta<\/h3>\n<p>Para driblar os impactos da infla\u00e7\u00e3o no dia a dia, especialistas recomendam cautela no consumo e planejamento financeiro. Com o aumento dos pre\u00e7os de produtos essenciais, \u00e9 aconselh\u00e1vel buscar alternativas mais econ\u00f4micas e priorizar gastos realmente indispens\u00e1veis. Outra estrat\u00e9gia \u00e9 aproveitar promo\u00e7\u00f5es e planejar compras com anteced\u00eancia, especialmente em itens de maior consumo.<\/p>\n<p>Al\u00e9m disso, manter-se informado sobre as varia\u00e7\u00f5es de pre\u00e7os e acompanhar o comportamento da infla\u00e7\u00e3o ajuda as fam\u00edlias a ajustarem seu or\u00e7amento e buscarem formas de economizar. Para muitas fam\u00edlias brasileiras, a infla\u00e7\u00e3o n\u00e3o \u00e9 apenas um dado econ\u00f4mico, mas uma realidade que exige adapta\u00e7\u00f5es constantes e planejamento para que o impacto no or\u00e7amento seja o menor poss\u00edvel.<\/p>\n<p>&#13;<br \/>\n\t\t\t\t<span class=\"post-views-icon dashicons dashicons-chart-bar\"\/> <span class=\"post-views-label\">Visualiza\u00e7\u00f5es:<\/span> <span class=\"post-views-count\">2<\/span>&#13;\n\t\t\t<\/p>\n<\/p><\/div>\n<p><br \/>\n<br \/><a href=\"https:\/\/folhaderibeirao.com.br\/2024\/10\/25\/inflacao-atinge-054-em-outubro-e-pressiona-orcamento-das-familias-brasileiras\/\">Source link <\/a><\/p>\n<div class='code-block code-block-4' style='margin: 8px auto 8px 0; text-align: left; display: block; clear: both;'>\n\ud83d\udce2 Aviso Legal\n\nO site ismaelcolosi.com.br atua apenas como um canal de divulga\u00e7\u00e3o de oportunidades de emprego e n\u00e3o se responsabiliza pelo processo seletivo, contrata\u00e7\u00e3o ou qualquer outra etapa relacionada \u00e0s vagas publicadas. Todas as informa\u00e7\u00f5es s\u00e3o de responsabilidade dos anunciantes.\n\n\u26a0\ufe0f Aten\u00e7\u00e3o! Nunca pague por promessas de emprego nem compre cursos que garantam contrata\u00e7\u00e3o. Desconfie de qualquer cobran\u00e7a para participar de sele\u00e7\u00f5es.\n\n\n\n<\/div>\n<!-- CONTENT END 1 -->\n","protected":false},"excerpt":{"rendered":"<p>O \u00edndice de infla\u00e7\u00e3o, medido pelo IPCA-15, registrou uma varia\u00e7\u00e3o de 0,54% em outubro, conforme divulgado pelo Instituto Brasileiro de Geografia e Estat\u00edstica (IBGE). Este&#8230;<\/p>\n","protected":false},"author":1,"featured_media":73167,"comment_status":"open","ping_status":"open","sticky":false,"template":"","format":"standard","meta":{"_uag_custom_page_level_css":"","advanced_seo_description":"","jetpack_seo_html_title":"","jetpack_seo_noindex":false,"jetpack_post_was_ever_published":false,"_jetpack_newsletter_access":"","_jetpack_dont_email_post_to_subs":false,"_jetpack_newsletter_tier_id":0,"_jetpack_memberships_contains_paywalled_content":false,"_jetpack_memberships_contains_paid_content":false,"footnotes":"","jetpack_publicize_message":"","jetpack_publicize_feature_enabled":true,"jetpack_social_post_already_shared":true,"jetpack_social_options":{"image_generator_settings":{"template":"highway","default_image_id":0,"font":"","enabled":false},"version":2}},"categories":[11],"tags":[66,1455,429,1454,510,1323,187,5930],"class_list":["post-73166","post","type-post","status-publish","format-standard","has-post-thumbnail","hentry","category-noticias-de-ribeirao-preto-sp-e-regiao-ismael-colosi","tag-atinge","tag-brasileiras","tag-das","tag-familias","tag-inflacao","tag-orcamento","tag-outubro","tag-pressiona"],"jetpack_publicize_connections":[],"jetpack_featured_media_url":"https:\/\/i0.wp.com\/ismaelcolosi.com.br\/wp-content\/uploads\/2024\/10\/supermercado_economia_20220729_0889.webp.webp?fit=1170%2C700&ssl=1","uagb_featured_image_src":{"full":["https:\/\/i0.wp.com\/ismaelcolosi.com.br\/wp-content\/uploads\/2024\/10\/supermercado_economia_20220729_0889.webp.webp?fit=1170%2C700&ssl=1",1170,700,false],"thumbnail":["https:\/\/i0.wp.com\/ismaelcolosi.com.br\/wp-content\/uploads\/2024\/10\/supermercado_economia_20220729_0889.webp.webp?resize=150%2C150&ssl=1",150,150,true],"medium":["https:\/\/i0.wp.com\/ismaelcolosi.com.br\/wp-content\/uploads\/2024\/10\/supermercado_economia_20220729_0889.webp.webp?fit=300%2C179&ssl=1",300,179,true],"medium_large":["https:\/\/i0.wp.com\/ismaelcolosi.com.br\/wp-content\/uploads\/2024\/10\/supermercado_economia_20220729_0889.webp.webp?fit=768%2C459&ssl=1",768,459,true],"large":["https:\/\/i0.wp.com\/ismaelcolosi.com.br\/wp-content\/uploads\/2024\/10\/supermercado_economia_20220729_0889.webp.webp?fit=1024%2C613&ssl=1",1024,613,true],"1536x1536":["https:\/\/i0.wp.com\/ismaelcolosi.com.br\/wp-content\/uploads\/2024\/10\/supermercado_economia_20220729_0889.webp.webp?fit=1170%2C700&ssl=1",1170,700,true],"2048x2048":["https:\/\/i0.wp.com\/ismaelcolosi.com.br\/wp-content\/uploads\/2024\/10\/supermercado_economia_20220729_0889.webp.webp?fit=1170%2C700&ssl=1",1170,700,true],"really-simple-thumb":["https:\/\/i0.wp.com\/ismaelcolosi.com.br\/wp-content\/uploads\/2024\/10\/supermercado_economia_20220729_0889.webp.webp?resize=370%2C247&ssl=1",370,247,true]},"uagb_author_info":{"display_name":"ismaelcolosi.com.br","author_link":"https:\/\/ismaelcolosi.com.br\/index.php\/author\/vidareal-online\/"},"uagb_comment_info":0,"uagb_excerpt":"O \u00edndice de infla\u00e7\u00e3o, medido pelo IPCA-15, registrou uma varia\u00e7\u00e3o de 0,54% em outubro, conforme divulgado pelo Instituto Brasileiro de Geografia e Estat\u00edstica (IBGE). Este...","jetpack-related-posts":[{"id":19506,"url":"https:\/\/ismaelcolosi.com.br\/index.php\/2023\/12\/22\/classe-baixa-renda-sente-inflacao-de-020\/","url_meta":{"origin":73166,"position":0},"title":"Classe baixa renda sente infla\u00e7\u00e3o de 0,20% \u00a0","author":"ismaelcolosi.com.br","date":"22 de December de 2023","format":false,"excerpt":"A queda nos pre\u00e7os dos combust\u00edveis e do \u00f4nibus urbano em novembro aliviou o aumento no custo de vida percebido pelas fam\u00edlias de baixa renda, enquanto as passagens a\u00e9reas mais caras pressionaram a infla\u00e7\u00e3o sentida pelos mais ricos, informou nesta quarta-feira, 13 de dezembro, o Instituto de Pesquisa Econ\u00f4mica Aplicada\u2026","rel":"","context":"In &quot;Not\u00edcias de Ribeir\u00e3o Preto-SP e Regi\u00e3o&quot;","block_context":{"text":"Not\u00edcias de Ribeir\u00e3o Preto-SP e Regi\u00e3o","link":"https:\/\/ismaelcolosi.com.br\/index.php\/category\/noticias-de-ribeirao-preto-sp-e-regiao-ismael-colosi\/"},"img":{"alt_text":"","src":"https:\/\/i0.wp.com\/ismaelcolosi.com.br\/wp-content\/uploads\/2023\/12\/2-infla-Cesta-Marcelo-Camargo-Ag.Br_-scaled.jpg?fit=1000%2C598&ssl=1&resize=350%2C200","width":350,"height":200,"srcset":"https:\/\/i0.wp.com\/ismaelcolosi.com.br\/wp-content\/uploads\/2023\/12\/2-infla-Cesta-Marcelo-Camargo-Ag.Br_-scaled.jpg?fit=1000%2C598&ssl=1&resize=350%2C200 1x, https:\/\/i0.wp.com\/ismaelcolosi.com.br\/wp-content\/uploads\/2023\/12\/2-infla-Cesta-Marcelo-Camargo-Ag.Br_-scaled.jpg?fit=1000%2C598&ssl=1&resize=525%2C300 1.5x, https:\/\/i0.wp.com\/ismaelcolosi.com.br\/wp-content\/uploads\/2023\/12\/2-infla-Cesta-Marcelo-Camargo-Ag.Br_-scaled.jpg?fit=1000%2C598&ssl=1&resize=700%2C400 2x"},"classes":[]},{"id":27603,"url":"https:\/\/ismaelcolosi.com.br\/index.php\/2024\/01\/12\/inflacao-fecha-2023-em-462\/","url_meta":{"origin":73166,"position":1},"title":"Infla\u00e7\u00e3o fecha 2023 em 4,62% \u00a0","author":"ismaelcolosi.com.br","date":"12 de January de 2024","format":false,"excerpt":"A infla\u00e7\u00e3o medida pelo \u00cdndice Nacional de Pre\u00e7os ao Consumidor Amplo \u2013 indexador oficial \u2013 fechou dezembro com alta de 0,56%, ante 0,28% de novembro, avan\u00e7o de 0,24%, em outubro, de 0,26% em setembro, de 0,23% em agosto e 0,12% em julho, ap\u00f3s defla\u00e7\u00e3o de 0,08% em junho, eleva\u00e7\u00e3o de\u2026","rel":"","context":"In &quot;Not\u00edcias de Ribeir\u00e3o Preto-SP e Regi\u00e3o&quot;","block_context":{"text":"Not\u00edcias de Ribeir\u00e3o Preto-SP e Regi\u00e3o","link":"https:\/\/ismaelcolosi.com.br\/index.php\/category\/noticias-de-ribeirao-preto-sp-e-regiao-ismael-colosi\/"},"img":{"alt_text":"","src":"https:\/\/i0.wp.com\/ismaelcolosi.com.br\/wp-content\/uploads\/2024\/01\/InflaIPCA-Aro-Marcelo-Camargo-Ag.Br_-scaled.jpg?fit=967%2C645&ssl=1&resize=350%2C200","width":350,"height":200,"srcset":"https:\/\/i0.wp.com\/ismaelcolosi.com.br\/wp-content\/uploads\/2024\/01\/InflaIPCA-Aro-Marcelo-Camargo-Ag.Br_-scaled.jpg?fit=967%2C645&ssl=1&resize=350%2C200 1x, https:\/\/i0.wp.com\/ismaelcolosi.com.br\/wp-content\/uploads\/2024\/01\/InflaIPCA-Aro-Marcelo-Camargo-Ag.Br_-scaled.jpg?fit=967%2C645&ssl=1&resize=525%2C300 1.5x, https:\/\/i0.wp.com\/ismaelcolosi.com.br\/wp-content\/uploads\/2024\/01\/InflaIPCA-Aro-Marcelo-Camargo-Ag.Br_-scaled.jpg?fit=967%2C645&ssl=1&resize=700%2C400 2x"},"classes":[]},{"id":39833,"url":"https:\/\/ismaelcolosi.com.br\/index.php\/2024\/02\/28\/previa-do-ipca-fecha-em-078\/","url_meta":{"origin":73166,"position":2},"title":"Pr\u00e9via do IPCA\u00a0fecha em 0,78% \u00a0","author":"ismaelcolosi.com.br","date":"28 de February de 2024","format":false,"excerpt":"O \u00cdndice Nacional de Pre\u00e7os ao Consumidor Amplo 15 \u2013 pr\u00e9via da infla\u00e7\u00e3o oficial no pa\u00eds \u2013 disparou 0,78% em fevereiro, ante alta de 0,31% em janeiro, avan\u00e7o de 0,40% em dezembro do ano passado. A \u00faltima defla\u00e7\u00e3o ocorreu em julho, de 0,07%. Com o resultado anunciado nesta ter\u00e7a-feira, 27\u2026","rel":"","context":"In &quot;Not\u00edcias de Ribeir\u00e3o Preto-SP e Regi\u00e3o&quot;","block_context":{"text":"Not\u00edcias de Ribeir\u00e3o Preto-SP e Regi\u00e3o","link":"https:\/\/ismaelcolosi.com.br\/index.php\/category\/noticias-de-ribeirao-preto-sp-e-regiao-ismael-colosi\/"},"img":{"alt_text":"","src":"https:\/\/i0.wp.com\/ismaelcolosi.com.br\/wp-content\/uploads\/2024\/02\/IZa4lmensalidade-scaled.jpg?fit=968%2C645&ssl=1&resize=350%2C200","width":350,"height":200,"srcset":"https:\/\/i0.wp.com\/ismaelcolosi.com.br\/wp-content\/uploads\/2024\/02\/IZa4lmensalidade-scaled.jpg?fit=968%2C645&ssl=1&resize=350%2C200 1x, https:\/\/i0.wp.com\/ismaelcolosi.com.br\/wp-content\/uploads\/2024\/02\/IZa4lmensalidade-scaled.jpg?fit=968%2C645&ssl=1&resize=525%2C300 1.5x, https:\/\/i0.wp.com\/ismaelcolosi.com.br\/wp-content\/uploads\/2024\/02\/IZa4lmensalidade-scaled.jpg?fit=968%2C645&ssl=1&resize=700%2C400 2x"},"classes":[]},{"id":79467,"url":"https:\/\/ismaelcolosi.com.br\/index.php\/2024\/12\/16\/inflacao-desacelera-para-familias-de-renda-media-e-baixa-aponta-ipea\/","url_meta":{"origin":73166,"position":3},"title":"Infla\u00e7\u00e3o desacelera para fam\u00edlias de renda m\u00e9dia e baixa, aponta Ipea","author":"ismaelcolosi.com.br","date":"16 de December de 2024","format":false,"excerpt":"A infla\u00e7\u00e3o perdeu for\u00e7a em novembro para as fam\u00edlias de renda m\u00e9dia e baixa no Brasil, segundo levantamento divulgado pelo Instituto de Pesquisa Econ\u00f4mica Aplicada (Ipea). A redu\u00e7\u00e3o foi impulsionada pela queda nos pre\u00e7os de itens essenciais, como alimentos e energia el\u00e9trica. Quedas em itens essenciais O grupo de fam\u00edlias\u2026","rel":"","context":"In &quot;Not\u00edcias de Ribeir\u00e3o Preto-SP e Regi\u00e3o&quot;","block_context":{"text":"Not\u00edcias de Ribeir\u00e3o Preto-SP e Regi\u00e3o","link":"https:\/\/ismaelcolosi.com.br\/index.php\/category\/noticias-de-ribeirao-preto-sp-e-regiao-ismael-colosi\/"},"img":{"alt_text":"","src":"https:\/\/i0.wp.com\/ismaelcolosi.com.br\/wp-content\/uploads\/2024\/12\/0d8a1305.webp.webp?fit=1170%2C700&ssl=1&resize=350%2C200","width":350,"height":200,"srcset":"https:\/\/i0.wp.com\/ismaelcolosi.com.br\/wp-content\/uploads\/2024\/12\/0d8a1305.webp.webp?fit=1170%2C700&ssl=1&resize=350%2C200 1x, https:\/\/i0.wp.com\/ismaelcolosi.com.br\/wp-content\/uploads\/2024\/12\/0d8a1305.webp.webp?fit=1170%2C700&ssl=1&resize=525%2C300 1.5x, https:\/\/i0.wp.com\/ismaelcolosi.com.br\/wp-content\/uploads\/2024\/12\/0d8a1305.webp.webp?fit=1170%2C700&ssl=1&resize=700%2C400 2x, https:\/\/i0.wp.com\/ismaelcolosi.com.br\/wp-content\/uploads\/2024\/12\/0d8a1305.webp.webp?fit=1170%2C700&ssl=1&resize=1050%2C600 3x"},"classes":[]},{"id":10612,"url":"https:\/\/ismaelcolosi.com.br\/index.php\/2023\/12\/04\/endividamento-atinge-766-das-familias-brasileiras\/","url_meta":{"origin":73166,"position":4},"title":"Endividamento atinge 76,6% das fam\u00edlias brasileiras","author":"ismaelcolosi.com.br","date":"4 de December de 2023","format":false,"excerpt":"Ainda que em trajet\u00f3ria de queda pelo quinto m\u00eas consecutivo, o endividamento ainda alcan\u00e7a cerca de 76,6% das fam\u00edlias brasileiras, que t\u00eam d\u00edvidas a vencer em cart\u00e3o de cr\u00e9dito, cheque especial, carn\u00ea de loja, cr\u00e9dito consignado, empr\u00e9stimo pessoal, cheque pr\u00e9-datado e presta\u00e7\u00f5es de carro e da casa. O percentual referente\u2026","rel":"","context":"In &quot;Not\u00edcias de Ribeir\u00e3o Preto-SP e Regi\u00e3o&quot;","block_context":{"text":"Not\u00edcias de Ribeir\u00e3o Preto-SP e Regi\u00e3o","link":"https:\/\/ismaelcolosi.com.br\/index.php\/category\/noticias-de-ribeirao-preto-sp-e-regiao-ismael-colosi\/"},"img":{"alt_text":"","src":"https:\/\/i0.wp.com\/ismaelcolosi.com.br\/wp-content\/uploads\/2023\/12\/457555b5-1f15-4a68-9852-23b8de23c77f-scaled.jpg?fit=1000%2C598&ssl=1&resize=350%2C200","width":350,"height":200,"srcset":"https:\/\/i0.wp.com\/ismaelcolosi.com.br\/wp-content\/uploads\/2023\/12\/457555b5-1f15-4a68-9852-23b8de23c77f-scaled.jpg?fit=1000%2C598&ssl=1&resize=350%2C200 1x, https:\/\/i0.wp.com\/ismaelcolosi.com.br\/wp-content\/uploads\/2023\/12\/457555b5-1f15-4a68-9852-23b8de23c77f-scaled.jpg?fit=1000%2C598&ssl=1&resize=525%2C300 1.5x, https:\/\/i0.wp.com\/ismaelcolosi.com.br\/wp-content\/uploads\/2023\/12\/457555b5-1f15-4a68-9852-23b8de23c77f-scaled.jpg?fit=1000%2C598&ssl=1&resize=700%2C400 2x"},"classes":[]},{"id":19023,"url":"https:\/\/ismaelcolosi.com.br\/index.php\/2023\/12\/21\/el-nino-eleva-precos-e-puxa-inflacao-em-ribeirao\/","url_meta":{"origin":73166,"position":5},"title":"El-Ni\u00f1o eleva pre\u00e7os e puxa infla\u00e7\u00e3o em Ribeir\u00e3o\u00a0\u00a0","author":"ismaelcolosi.com.br","date":"21 de December de 2023","format":false,"excerpt":"A cesta b\u00e1sica do ribeir\u00e3o-pretano custou em m\u00e9dia R$ 650,42 neste m\u00eas de dezembro, registrando a maior infla\u00e7\u00e3o desde maio, quando o \u00cdndice de Pre\u00e7os do kit b\u00e1sico de alimentos come\u00e7ou a ser monitorado pela Associa\u00e7\u00e3o Comercial e Industrial de Ribeir\u00e3o Preto (Acirp). Foi a terceira alta consecutiva no trimestre.\u2026","rel":"","context":"In &quot;Not\u00edcias de Ribeir\u00e3o Preto-SP e Regi\u00e3o&quot;","block_context":{"text":"Not\u00edcias de Ribeir\u00e3o Preto-SP e Regi\u00e3o","link":"https:\/\/ismaelcolosi.com.br\/index.php\/category\/noticias-de-ribeirao-preto-sp-e-regiao-ismael-colosi\/"},"img":{"alt_text":"","src":"https:\/\/i0.wp.com\/ismaelcolosi.com.br\/wp-content\/uploads\/2023\/12\/1-cesta-basica.png?fit=974%2C645&ssl=1&resize=350%2C200","width":350,"height":200,"srcset":"https:\/\/i0.wp.com\/ismaelcolosi.com.br\/wp-content\/uploads\/2023\/12\/1-cesta-basica.png?fit=974%2C645&ssl=1&resize=350%2C200 1x, https:\/\/i0.wp.com\/ismaelcolosi.com.br\/wp-content\/uploads\/2023\/12\/1-cesta-basica.png?fit=974%2C645&ssl=1&resize=525%2C300 1.5x, https:\/\/i0.wp.com\/ismaelcolosi.com.br\/wp-content\/uploads\/2023\/12\/1-cesta-basica.png?fit=974%2C645&ssl=1&resize=700%2C400 2x"},"classes":[]}],"jetpack_sharing_enabled":true,"jetpack_shortlink":"https:\/\/wp.me\/pfMlyK-j26","_links":{"self":[{"href":"https:\/\/ismaelcolosi.com.br\/index.php\/wp-json\/wp\/v2\/posts\/73166","targetHints":{"allow":["GET"]}}],"collection":[{"href":"https:\/\/ismaelcolosi.com.br\/index.php\/wp-json\/wp\/v2\/posts"}],"about":[{"href":"https:\/\/ismaelcolosi.com.br\/index.php\/wp-json\/wp\/v2\/types\/post"}],"author":[{"embeddable":true,"href":"https:\/\/ismaelcolosi.com.br\/index.php\/wp-json\/wp\/v2\/users\/1"}],"replies":[{"embeddable":true,"href":"https:\/\/ismaelcolosi.com.br\/index.php\/wp-json\/wp\/v2\/comments?post=73166"}],"version-history":[{"count":0,"href":"https:\/\/ismaelcolosi.com.br\/index.php\/wp-json\/wp\/v2\/posts\/73166\/revisions"}],"wp:featuredmedia":[{"embeddable":true,"href":"https:\/\/ismaelcolosi.com.br\/index.php\/wp-json\/wp\/v2\/media\/73167"}],"wp:attachment":[{"href":"https:\/\/ismaelcolosi.com.br\/index.php\/wp-json\/wp\/v2\/media?parent=73166"}],"wp:term":[{"taxonomy":"category","embeddable":true,"href":"https:\/\/ismaelcolosi.com.br\/index.php\/wp-json\/wp\/v2\/categories?post=73166"},{"taxonomy":"post_tag","embeddable":true,"href":"https:\/\/ismaelcolosi.com.br\/index.php\/wp-json\/wp\/v2\/tags?post=73166"}],"curies":[{"name":"wp","href":"https:\/\/api.w.org\/{rel}","templated":true}]}}