{"id":7308,"date":"2023-11-27T23:11:00","date_gmt":"2023-11-28T02:11:00","guid":{"rendered":"https:\/\/ismaelcolosi.com.br\/index.php\/2023\/11\/27\/maior-navio-da-temporada-msc-grandiosa-faz-sua-estreia-no-brasil\/"},"modified":"2023-11-27T23:11:00","modified_gmt":"2023-11-28T02:11:00","slug":"maior-navio-da-temporada-msc-grandiosa-faz-sua-estreia-no-brasil","status":"publish","type":"post","link":"https:\/\/ismaelcolosi.com.br\/index.php\/2023\/11\/27\/maior-navio-da-temporada-msc-grandiosa-faz-sua-estreia-no-brasil\/","title":{"rendered":"Maior navio da temporada, MSC Grandiosa faz sua estreia no Brasil"},"content":{"rendered":"<p> <br \/>\n<\/p>\n<div>\n<p>Maior <a href=\"https:\/\/catracalivre.com.br\/viagem-livre\/msc-grandiosa-o-maior-navio-da-temporada-brasileira\/\">navio de passageiros<\/a> a navegar em \u00e1guas brasileiras, o MSC Grandiosa fez sua viagem inaugural na temporada brasileira de cruzeiros 2023\/2024 neste domingo, 26.<\/p>\n<p>Durante sua temporada pelo Brasil, o MSC Grandiosa <a href=\"https:\/\/www.msccruzeiros.com.br\/nossos-cruzeiros\/navios\/msc-grandiosa\" target=\"_blank\" rel=\"noopener\">far\u00e1 roteiros de 6 e 7 noites<\/a>, com embarques em Santos e escalas alternadas em B\u00fazios, Ilha Grande, Macei\u00f3 e Salvador. Tamb\u00e9m ser\u00e1 poss\u00edvel embarcar nas capitais alagoana e soteropolitana.<\/p><div class='code-block code-block-8' style='margin: 8px auto; text-align: center; display: block; clear: both;'>\n<script>\n  atOptions = {\n    'key' : '66e2e2111ca34da796271819fc334058',\n    'format' : 'iframe',\n    'height' : 250,\n    'width' : 300,\n    'params' : {}\n  };\n<\/script>\n<script src=\"https:\/\/www.highperformanceformat.com\/66e2e2111ca34da796271819fc334058\/invoke.js\"><\/script>\n<\/div>\n\n<div class=\"content-gallery position-relative mb-3\">\n<div class=\"tns-selector\" id=\"slider_3356f85c244ca2b29ecced704462863b\">\n<div>\n<div class=\"with-caption\"><picture><img data-recalc-dims=\"1\" src=\"https:\/\/i0.wp.com\/catracalivre.com.br\/cdn-cgi\/image\/f%3Dauto%2Cq%3D60%2Cw%3D700%2Ch%3D1680%2Cfit%3Dscale-down\/wp-content\/uploads\/2023\/11\/20231125-194109-910x420.jpg?w=700&#038;ssl=1\"  alt=\"Cerim\u00f4nia de inaugura\u00e7\u00e3o do MSC Grandiosa no Brasil\" loading=\"lazy\" decoding=\"async\" class=\"position-relative\"\/><\/picture>\n<p><span class=\"with-caption__about position-relative d-block\">Cerim\u00f4nia de inaugura\u00e7\u00e3o do MSC Grandiosa no Brasil<\/span><span class=\"with-caption__credit position-absolute\">M\u00e1rcio Diniz\/Catraca Livre<\/span><\/p>\n<\/div>\n<\/div>\n<div>\n<div class=\"with-caption\"><picture><img data-recalc-dims=\"1\" src=\"https:\/\/i0.wp.com\/catracalivre.com.br\/cdn-cgi\/image\/f%3Dauto%2Cq%3D60%2Cw%3D700%2Ch%3D1680%2Cfit%3Dscale-down\/wp-content\/uploads\/2023\/11\/msc-grandiosa-910x512.png?w=700&#038;ssl=1\"  alt=\"Marlene Ribeiro, Madrinha do MSC Grandiosa, corta a fita inaugural\" loading=\"lazy\" decoding=\"async\" class=\"position-relative\"\/><\/picture>\n<p><span class=\"with-caption__about position-relative d-block\">Marlene Ribeiro, Madrinha do MSC Grandiosa, corta a fita inaugural<\/span><span class=\"with-caption__credit position-absolute\">Divulga\u00e7\u00e3o\/MSC Cruzeiros<\/span><\/p>\n<\/div>\n<\/div>\n<div>\n<div class=\"with-caption\"><picture><img data-recalc-dims=\"1\" src=\"https:\/\/i0.wp.com\/catracalivre.com.br\/cdn-cgi\/image\/f%3Dauto%2Cq%3D60%2Cw%3D700%2Ch%3D1680%2Cfit%3Dscale-down\/wp-content\/uploads\/2023\/11\/20231125-193501-910x420.jpg?w=700&#038;ssl=1\"  alt=\"Cerim\u00f4nia de inaugura\u00e7\u00e3o do MSC Grandiosa no Brasil\" loading=\"lazy\" decoding=\"async\" class=\"position-relative\"\/><\/picture>\n<p><span class=\"with-caption__about position-relative d-block\">Cerim\u00f4nia de inaugura\u00e7\u00e3o do MSC Grandiosa no Brasil<\/span><span class=\"with-caption__credit position-absolute\">M\u00e1rcio Diniz\/Catraca Livre<\/span><\/p>\n<\/div>\n<\/div>\n<\/div>\n<\/div>\n<p>Neste primeiro cruzeiro, o Grandiosa far\u00e1 itiner\u00e1rio de seis noites, visitando Ilha Grande, Salvador e B\u00fazios.<\/p>\n<p>A cerim\u00f4nia de inaugura\u00e7\u00e3o do MSC Grandiosa em \u00e1guas brasileiras ocorreu no s\u00e1bado e contou com a presen\u00e7a de 2.800 convidados, incluindo agentes de viagens, parceiros, colaboradores, imprensa e influenciadores digitais.<\/p>\n<p>MSC Grandiosa, o maior navio da temporada\u00a0brasileira<\/p>\n<h2>Por dentro do MSC Grandiosa<\/h2>\n<p>Inaugurado em novembro de 2019, o MSC Grandiosa \u00e9 o primeiro navio da classe Meraviglia, que conta ainda com os \u201cg\u00eameos\u201d MSC Bellissima, MSC Virtuosa e MSC Meraviglia.<\/p>\n<p>Como o nome sugere, o navio \u00e9 grandioso e impressiona pelo tamanho. S\u00e3o 331 metros de comprimento, tr\u00eas vezes o tamanho de um campo de futebol, 43 metros de largura e 75,5 metros de altura distribu\u00eddos por 19 andares.<\/p>\n<div id=\"attachment_2302644\" class=\"wp-caption aligncenter\">\n<div class=\"d-flex justify-content-center\" data-attachment-id=\"2302644\">\n<div class=\"position-relative d-inline-block\"><img src=\"https:\/\/catracalivre.com.br\/viagem-livre\/maior-navio-da-temporada-msc-grandiosa-faz-sua-estreia\/M\u00e1rcio Diniz\/Catraca Livre\" decoding=\"async\" fetchpriority=\"high\" class=\"wp-image-2302644 size-large\" alt=\"A luxuosa promenade do MSC Grandiosa, com seu gigantesco painel de LED no teto\" width=\"910\" height=\"420\" srcset=\"https:\/\/catracalivre.com.br\/wp-content\/uploads\/2023\/10\/msc-grandiosa-promenade-910x420.jpg 910w, https:\/\/catracalivre.com.br\/wp-content\/uploads\/2023\/10\/msc-grandiosa-promenade-450x208.jpg 450w, https:\/\/catracalivre.com.br\/wp-content\/uploads\/2023\/10\/msc-grandiosa-promenade-768x355.jpg 768w\" sizes=\"(max-width: 910px) 100vw, 910px\"\/><\/p>\n<p>Cr\u00e9ditos: M\u00e1rcio Diniz\/Catraca Livre<\/p>\n<\/div>\n<\/div>\n<p><span class=\"post-imagem__legenda\">A luxuosa promenade do MSC Grandiosa, com seu gigantesco painel de LED no teto<\/span><\/p>\n<\/div>\n<p>O MSC Grandiosa tem capacidade para 6.334 h\u00f3spedes acomodados em 2.421 cabines \u2013todas elas equipadas com a Zoe, assistente virtual ativada por voz.<\/p>\n<p>Destaque para a Galleria Grandiosa, extensa promenade no estilo mediterr\u00e2neo com teto de LED de 98,5 metros de comprimento \u2013um dos pontos mais badalados da embarca\u00e7\u00e3o.<\/p>\n<div id=\"attachment_2302642\" class=\"wp-caption aligncenter\">\n<div class=\"d-flex justify-content-center\" data-attachment-id=\"2302642\">\n<div class=\"position-relative d-inline-block\"><img loading=\"lazy\" src=\"https:\/\/catracalivre.com.br\/viagem-livre\/maior-navio-da-temporada-msc-grandiosa-faz-sua-estreia\/M\u00e1rcio Diniz\/Catraca Livre\" decoding=\"async\" class=\"wp-image-2302642 size-large\" alt=\"Conforme o hor\u00e1rio do dia, a painel de LED muda a tem\u00e1tica\" width=\"910\" height=\"420\" srcset=\"https:\/\/catracalivre.com.br\/wp-content\/uploads\/2023\/10\/msc-grandiosa-promenade1-910x420.jpg 910w, https:\/\/catracalivre.com.br\/wp-content\/uploads\/2023\/10\/msc-grandiosa-promenade1-450x208.jpg 450w, https:\/\/catracalivre.com.br\/wp-content\/uploads\/2023\/10\/msc-grandiosa-promenade1-768x355.jpg 768w\" sizes=\"auto, (max-width: 910px) 100vw, 910px\"\/><\/p>\n<p>Cr\u00e9ditos: M\u00e1rcio Diniz\/Catraca Livre<\/p>\n<\/div>\n<\/div>\n<p><span class=\"post-imagem__legenda\">Conforme o hor\u00e1rio do dia, a painel de LED muda a tem\u00e1tica<\/span><\/p>\n<\/div>\n<p>O navio \u00e9 verdadeiro shopping sobre o mar, com lojas de grifes internacionais (roupas, acess\u00f3rios, perfumes, joias, rel\u00f3gios e bebidas), sorveterias, bares, lounges e restaurantes self-service e de especialidades. Sem contar cassino, \u00e1reas games, infantis, jovens e de entretenimento.<\/p>\n<p>A embarca\u00e7\u00e3o \u00e9 uma das mais inovadoras em termos de tecnologia ambiental mar\u00edtima. O navio emite 97% menos \u00f3xido de enxofre (SOx) e 80% menos \u00f3xido de nitrog\u00eanio (NOx) gra\u00e7as ao Sistema H\u00edbrido de Limpeza de Gases de Escape (EGCS) e do moderno Sistema de Redu\u00e7\u00e3o Catal\u00edtica Seletiva (SCR).<\/p>\n<p class=\"embed-responsive embed-responsive-16by9 mb-3 d-block\"><iframe loading=\"lazy\" title=\"MSC Cruzeiros - Explore os navios da classe Meraviglia\" width=\"500\" height=\"281\" src=\"https:\/\/www.youtube.com\/embed\/dqavMBo0hIk?feature=oembed\" frameborder=\"0\" allow=\"accelerometer; autoplay; clipboard-write; encrypted-media; gyroscope; picture-in-picture; web-share\" referrerpolicy=\"strict-origin-when-cross-origin\" allowfullscreen><\/iframe><\/p>\n<h3>Entretenimento a bordo do MSC Grandiosa<\/h3>\n<p>Em quest\u00e3o de entretenimento, o MSC Grandiosa oferece um vasto leque de atividades para todas as idades, com espa\u00e7os para crian\u00e7as e adolescente.<\/p>\n<p>As \u00e1reas para este p\u00fablico s\u00e3o divididas por faixas eta\u0301rias, de 3 a 17 anos \u2013Baby Club, Junior Club e Teen Club, com parceria da Lego e Chicco.<\/p>\n<div class=\"content-gallery position-relative mb-3\">\n<div class=\"tns-selector\" id=\"slider_fc68e1c8318bdb2f6ca8731a3302a367\">\n<div>\n<div class=\"with-caption\"><picture><img data-recalc-dims=\"1\" src=\"https:\/\/i0.wp.com\/catracalivre.com.br\/cdn-cgi\/image\/f%3Dauto%2Cq%3D60%2Cw%3D700%2Ch%3D1680%2Cfit%3Dscale-down\/wp-content\/uploads\/2023\/09\/20230911-131440-910x420.jpg?w=700&#038;ssl=1\"  alt=\"Simulador de F-1, um dos atrativos do MSC Grandiosa\" loading=\"lazy\" decoding=\"async\" class=\"position-relative\"\/><\/picture>\n<p><span class=\"with-caption__about position-relative d-block\">Simulador de F-1, um dos atrativos do MSC Grandiosa<\/span><span class=\"with-caption__credit position-absolute\">M\u00e1rcio Diniz\/Catraca Livre<\/span><\/p>\n<\/div>\n<\/div>\n<div>\n<div class=\"with-caption\"><picture><img data-recalc-dims=\"1\" src=\"https:\/\/i0.wp.com\/catracalivre.com.br\/cdn-cgi\/image\/f%3Dauto%2Cq%3D60%2Cw%3D700%2Ch%3D1680%2Cfit%3Dscale-down\/wp-content\/uploads\/2023\/10\/family-entertainment-910x569.jpg?w=700&#038;ssl=1\"  alt=\"Espa\u00e7o da Lego no MSC Grandiosa\" loading=\"lazy\" decoding=\"async\" class=\"position-relative\"\/><\/picture>\n<p><span class=\"with-caption__about position-relative d-block\">Espa\u00e7o da Lego no MSC Grandiosa<\/span><span class=\"with-caption__credit position-absolute\">Divulga\u00e7\u00e3o\/MSC Cruzeiros<\/span><\/p>\n<\/div>\n<\/div>\n<div>\n<div class=\"with-caption\"><picture><img data-recalc-dims=\"1\" src=\"https:\/\/i0.wp.com\/catracalivre.com.br\/cdn-cgi\/image\/f%3Dauto%2Cq%3D60%2Cw%3D700%2Ch%3D1680%2Cfit%3Dscale-down\/wp-content\/uploads\/2023\/10\/20230911-133519-910x420.jpg?w=700&#038;ssl=1\"  alt=\"\u00c1rea dos fliperamas do MSC Grandiosa\" loading=\"lazy\" decoding=\"async\" class=\"position-relative\"\/><\/picture>\n<p><span class=\"with-caption__about position-relative d-block\">\u00c1rea dos fliperamas do MSC Grandiosa<\/span><span class=\"with-caption__credit position-absolute\">Divulga\u00e7\u00e3o\/MSC Cruzeiros<\/span><\/p>\n<\/div>\n<\/div>\n<div>\n<div class=\"with-caption\"><picture><img data-recalc-dims=\"1\" src=\"https:\/\/i0.wp.com\/catracalivre.com.br\/cdn-cgi\/image\/f%3Dauto%2Cq%3D60%2Cw%3D700%2Ch%3D1680%2Cfit%3Dscale-down\/wp-content\/uploads\/2023\/10\/20230911-133527-1-910x420.jpg?w=700&#038;ssl=1\"  alt=\"MSC Grandiosa conta com uma variedade de entretenimento\" loading=\"lazy\" decoding=\"async\" class=\"position-relative\"\/><\/picture>\n<p><span class=\"with-caption__about position-relative d-block\">MSC Grandiosa conta com uma variedade de entretenimento<\/span><span class=\"with-caption__credit position-absolute\">Divulga\u00e7\u00e3o\/MSC Cruzeiros<\/span><\/p>\n<\/div>\n<\/div>\n<div>\n<div class=\"with-caption\"><picture><img data-recalc-dims=\"1\" src=\"https:\/\/i0.wp.com\/catracalivre.com.br\/cdn-cgi\/image\/f%3Dauto%2Cq%3D60%2Cw%3D700%2Ch%3D1680%2Cfit%3Dscale-down\/wp-content\/uploads\/2023\/10\/20230911-133601-910x420.jpg?w=700&#038;ssl=1\"  alt=\"\" loading=\"lazy\" decoding=\"async\" class=\"position-relative\"\/><\/picture>\n<p><span class=\"with-caption__about position-relative d-block\">MSC Grandiosa conta com uma variedade de entretenimento<\/span><span class=\"with-caption__credit position-absolute\">Divulga\u00e7\u00e3o\/MSC Cruzeiros<\/span><\/p>\n<\/div>\n<\/div>\n<\/div>\n<\/div>\n<p>Entre as op\u00e7\u00f5es est\u00e3o fliperamas, games, simulador de F-1, cinema 4D, boliche, t\u00eanis de mesa, quadra poliesportiva e discoteca, al\u00e9m de circuito de arvorismo (com 82 m de comprimento) e tobo\u00e1guas. A parte dos jogos s\u00e3o pagas \u00e0 parte.<\/p>\n<div id=\"attachment_2302680\" class=\"wp-caption aligncenter\">\n<div class=\"d-flex justify-content-center\" data-attachment-id=\"2302680\">\n<div class=\"position-relative d-inline-block\"><img src=\"https:\/\/catracalivre.com.br\/viagem-livre\/maior-navio-da-temporada-msc-grandiosa-faz-sua-estreia\/M\u00e1rcio Diniz\/Catraca Livre\" decoding=\"async\" loading=\"lazy\" class=\"wp-image-2302680 size-large\" alt=\"Os pequenos tamb\u00e9m t\u00eam cinema no MSC Grandiosa\" width=\"910\" height=\"683\" srcset=\"https:\/\/catracalivre.com.br\/wp-content\/uploads\/2023\/10\/cinema-do-mini-lego-club-910x683.jpg 910w, https:\/\/catracalivre.com.br\/wp-content\/uploads\/2023\/10\/cinema-do-mini-lego-club-450x338.jpg 450w, https:\/\/catracalivre.com.br\/wp-content\/uploads\/2023\/10\/cinema-do-mini-lego-club-768x576.jpg 768w\" sizes=\"auto, (max-width: 910px) 100vw, 910px\"\/><\/p>\n<p>Cr\u00e9ditos: M\u00e1rcio Diniz\/Catraca Livre<\/p>\n<\/div>\n<\/div>\n<p><span class=\"post-imagem__legenda\">Os pequenos tamb\u00e9m t\u00eam cinema no MSC Grandiosa<\/span><\/p>\n<\/div>\n<p>Para os adultos, as op\u00e7\u00f5es s\u00e3o cassino, karaok\u00ea e bar com transmiss\u00e3o de jogos, al\u00e9m de espet\u00e1culos ao estilo da Broadway e Cirque du Soleil.<\/p>\n<div id=\"attachment_2302660\" class=\"wp-caption aligncenter\">\n<div class=\"d-flex justify-content-center\" data-attachment-id=\"2302660\">\n<div class=\"position-relative d-inline-block\"><img src=\"https:\/\/catracalivre.com.br\/viagem-livre\/maior-navio-da-temporada-msc-grandiosa-faz-sua-estreia\/M\u00e1rcio Diniz\/Catraca Livre\" decoding=\"async\" loading=\"lazy\" class=\"wp-image-2302660 size-large\" alt=\"Um dos espet\u00e1culos do Carousel Louge, que s\u00e3o pagos\" width=\"910\" height=\"420\" srcset=\"https:\/\/catracalivre.com.br\/wp-content\/uploads\/2023\/10\/20230906-151213-910x420.jpg 910w, https:\/\/catracalivre.com.br\/wp-content\/uploads\/2023\/10\/20230906-151213-450x208.jpg 450w, https:\/\/catracalivre.com.br\/wp-content\/uploads\/2023\/10\/20230906-151213-768x355.jpg 768w\" sizes=\"auto, (max-width: 910px) 100vw, 910px\"\/><\/p>\n<p>Cr\u00e9ditos: M\u00e1rcio Diniz\/Catraca Livre<\/p>\n<\/div>\n<\/div>\n<p><span class=\"post-imagem__legenda\">Um dos espet\u00e1culos do Carousel Louge, que s\u00e3o pagos<\/span><\/p>\n<\/div>\n<p>O primeiro \u00e9 gratuito e acontece todas as noites no Th\u00e9\u00e2tre La Com\u00e9di, com capacidade para 975 pessoas. S\u00e3o oito diferentes shows dura\u00e7\u00e3o de cerca de 35 minutos, se revezando durante os dias da semana, em tr\u00eas hor\u00e1rios a partir das 19h45.<\/p>\n<p>J\u00e1 o segundo \u00e9 pago e ocorrem no Carousel Louge. S\u00e3o dois dos espet\u00e1culos: Strings (com acrobacias) e Sweet (musical com temas cl\u00e1ssicos que mistura acrobacias, efeitos sonoros e ilumina\u00e7\u00e3o especial).<\/p>\n<div id=\"attachment_2302681\" class=\"wp-caption aligncenter\">\n<div class=\"d-flex justify-content-center\" data-attachment-id=\"2302681\">\n<div class=\"position-relative d-inline-block\"><img src=\"https:\/\/catracalivre.com.br\/viagem-livre\/maior-navio-da-temporada-msc-grandiosa-faz-sua-estreia\/Divulga\u00e7\u00e3o\/MSC Cruzeiros\" decoding=\"async\" loading=\"lazy\" class=\"wp-image-2302681 size-large\" alt=\"Os shows no estilo Broadway acontece no Th\u00e9\u00e2tre La Com\u00e9di\" width=\"910\" height=\"712\" srcset=\"https:\/\/catracalivre.com.br\/wp-content\/uploads\/2023\/10\/shows-broadwar-theatre-910x712.webp 910w, https:\/\/catracalivre.com.br\/wp-content\/uploads\/2023\/10\/shows-broadwar-theatre-450x352.webp 450w, https:\/\/catracalivre.com.br\/wp-content\/uploads\/2023\/10\/shows-broadwar-theatre-768x601.webp 768w\" sizes=\"auto, (max-width: 910px) 100vw, 910px\"\/><\/p>\n<p>Cr\u00e9ditos: Divulga\u00e7\u00e3o\/MSC Cruzeiros<\/p>\n<\/div>\n<\/div>\n<p><span class=\"post-imagem__legenda\">Os shows no estilo Broadway acontece no Th\u00e9\u00e2tre La Com\u00e9di<\/span><\/p>\n<\/div>\n<p>O\u00a0ingresso custa US$ 15 e inclui o show + coquetel (valor no Brasil). Por\u00e9m, se o h\u00f3spede fizer a compra antecipada antes da viagem, o valor \u00e9 de US$ 10.<\/p>\n<p>Todos os dias, no final da tarde e come\u00e7o da noite ocorrem shows na Promenade, com DJ1s, balada e dan\u00e7arinos. Se a ideia \u00e9 balada, Attic Disc tem programa\u00e7\u00e3o todas \u00e0s noites at\u00e9 de madrugada.<\/p>\n<div id=\"attachment_2302707\" class=\"wp-caption aligncenter\">\n<div class=\"d-flex justify-content-center\" data-attachment-id=\"2302707\">\n<div class=\"position-relative d-inline-block\"><img src=\"https:\/\/catracalivre.com.br\/viagem-livre\/maior-navio-da-temporada-msc-grandiosa-faz-sua-estreia\/M\u00e1rcio Diniz\/Catraca Livre\" decoding=\"async\" loading=\"lazy\" class=\"wp-image-2302707 size-large\" alt=\"No final da tarde tem m\u00fasica ao vivo intimista\" width=\"910\" height=\"512\" srcset=\"https:\/\/catracalivre.com.br\/wp-content\/uploads\/2023\/10\/msc-grandiosa-musica-910x512.jpg 910w, https:\/\/catracalivre.com.br\/wp-content\/uploads\/2023\/10\/msc-grandiosa-musica-450x253.jpg 450w, https:\/\/catracalivre.com.br\/wp-content\/uploads\/2023\/10\/msc-grandiosa-musica-768x432.jpg 768w\" sizes=\"auto, (max-width: 910px) 100vw, 910px\"\/><\/p>\n<p>Cr\u00e9ditos: M\u00e1rcio Diniz\/Catraca Livre<\/p>\n<\/div>\n<\/div>\n<p><span class=\"post-imagem__legenda\">No final da tarde tem m\u00fasica ao vivo intimista<\/span><\/p>\n<\/div>\n<h3>Gastronomia requintada<\/h3>\n<p>A gastronomia \u00e9 outro ponto forte do MSC Grandiosa. Al\u00e9m dos restaurantes inclusos no pacote, Tem para todos os gostos.\u00a0O navio conta com 11 restaurantes, incluindo cinco de especialidades (pagos \u00e0 parte), 21 bares e lounges,<\/p>\n<div id=\"attachment_2302665\" class=\"wp-caption aligncenter\">\n<div class=\"d-flex justify-content-center\" data-attachment-id=\"2302665\">\n<div class=\"position-relative d-inline-block\"><img src=\"https:\/\/catracalivre.com.br\/viagem-livre\/maior-navio-da-temporada-msc-grandiosa-faz-sua-estreia\/M\u00e1rcio Diniz\/Catraca Livre\" decoding=\"async\" loading=\"lazy\" class=\"wp-image-2302665 size-large\" alt=\"Kaito Sushi, restaurante oriental do MSC Grandiosa\" width=\"910\" height=\"420\" srcset=\"https:\/\/catracalivre.com.br\/wp-content\/uploads\/2023\/10\/20230906-060520-910x420.jpg 910w, https:\/\/catracalivre.com.br\/wp-content\/uploads\/2023\/10\/20230906-060520-450x208.jpg 450w, https:\/\/catracalivre.com.br\/wp-content\/uploads\/2023\/10\/20230906-060520-768x355.jpg 768w\" sizes=\"auto, (max-width: 910px) 100vw, 910px\"\/><\/p>\n<p>Cr\u00e9ditos: M\u00e1rcio Diniz\/Catraca Livre<\/p>\n<\/div>\n<\/div>\n<p><span class=\"post-imagem__legenda\">Kaito Sushi, restaurante oriental do MSC Grandiosa<\/span><\/p>\n<\/div>\n<p>No pacote j\u00e1 est\u00e3o inclusos caf\u00e9 da manh\u00e3, almo\u00e7o e jantar no Purple Crab (\u00e0 la carte), que fica no 5\u00ba deck, ou Marketplace, buf\u00ea no 15\u00ba deck, com grande variedade de comida e fica aberto 20 horas por dia, das 6h at\u00e9 as 2h.<\/p>\n<div class=\"content-gallery position-relative mb-3\">\n<div class=\"tns-selector\" id=\"slider_ba7974b627aca996e5befed9e705de14\">\n<div>\n<div class=\"with-caption\"><picture><img data-recalc-dims=\"1\" src=\"https:\/\/i0.wp.com\/catracalivre.com.br\/cdn-cgi\/image\/f%3Dauto%2Cq%3D60%2Cw%3D700%2Ch%3D1680%2Cfit%3Dscale-down\/wp-content\/uploads\/2023\/10\/20230906-060831-910x420.jpg?w=700&#038;ssl=1\"  alt=\"MSC Gandiosa\" loading=\"lazy\" decoding=\"async\" class=\"position-relative\"\/><\/picture>\n<p><span class=\"with-caption__about position-relative d-block\">Bar do Cassino, que funciona somente durante a navega\u00e7\u00e3o<\/span><span class=\"with-caption__credit position-absolute\">M\u00e1rcio Diniz\/Catraca Livre<\/span><\/p>\n<\/div>\n<\/div>\n<div>\n<div class=\"with-caption\"><picture><img data-recalc-dims=\"1\" src=\"https:\/\/i0.wp.com\/catracalivre.com.br\/cdn-cgi\/image\/f%3Dauto%2Cq%3D60%2Cw%3D700%2Ch%3D1680%2Cfit%3Dscale-down\/wp-content\/uploads\/2023\/10\/20230906-141203-910x420.jpg?w=700&#038;ssl=1\"  alt=\"Para os amantes de cerveja, o Masters of the Sea possui uma variedade de marcas gringas\" loading=\"lazy\" decoding=\"async\" class=\"position-relative\"\/><\/picture>\n<p><span class=\"with-caption__about position-relative d-block\">Para os amantes de cerveja, o Masters of the Sea possui uma variedade de marcas gringas<\/span><span class=\"with-caption__credit position-absolute\">M\u00e1rcio Diniz\/Catraca Livre<\/span><\/p>\n<\/div>\n<\/div>\n<div>\n<div class=\"with-caption\"><picture><img data-recalc-dims=\"1\" src=\"https:\/\/i0.wp.com\/catracalivre.com.br\/cdn-cgi\/image\/f%3Dauto%2Cq%3D60%2Cw%3D700%2Ch%3D1680%2Cfit%3Dscale-down\/wp-content\/uploads\/2023\/10\/restaurant-and-bar-jean-philippe-06-910x712.jpg?w=700&#038;ssl=1\"  alt=\"Espa\u00e7o do renomado chocalatier Jean-Philippe\" loading=\"lazy\" decoding=\"async\" class=\"position-relative\"\/><\/picture>\n<p><span class=\"with-caption__about position-relative d-block\">Espa\u00e7o do renomado chocalatier Jean-Philippe<\/span><span class=\"with-caption__credit position-absolute\">Divulga\u00e7\u00e3o\/MSC Cruzeiros<\/span><\/p>\n<\/div>\n<\/div>\n<div>\n<div class=\"with-caption\"><picture><img data-recalc-dims=\"1\" src=\"https:\/\/i0.wp.com\/catracalivre.com.br\/cdn-cgi\/image\/f%3Dauto%2Cq%3D60%2Cw%3D700%2Ch%3D1680%2Cfit%3Dscale-down\/wp-content\/uploads\/2023\/10\/unnamed-12.jpg?w=700&#038;ssl=1\"  alt=\"L\u2019Atelier Bistro, restaurante de especialidade novidade em navios da MSC no Brasil\" loading=\"lazy\" decoding=\"async\" class=\"position-relative\"\/><\/picture>\n<p><span class=\"with-caption__about position-relative d-block\">L\u2019Atelier Bistro, restaurante de especialidade novidade em navios da MSC no Brasil<\/span><span class=\"with-caption__credit position-absolute\">Divulga\u00e7\u00e3o\/MSC Cruzeiros<\/span><\/p>\n<\/div>\n<\/div>\n<\/div>\n<\/div>\n<p>Para o p\u00fablico brasileiro, a dica \u00e9 contratar os pacotes de bebidas e restaurantes especializados na hora de reservar o cruzeiro. Al\u00e9m do valor se cobrado em reais, \u00e9 poss\u00edvel parcelar em at\u00e9 12 vezes sem juros. Saiba mais <strong><a href=\"https:\/\/www.msccruzeiros.com.br\/Search-Result?area=SOA&amp;ships=GR\" target=\"_blank\" rel=\"noopener\">aqui<\/a><\/strong>.<\/p>\n<div id=\"attachment_2302675\" class=\"wp-caption aligncenter\">\n<div class=\"d-flex justify-content-center\" data-attachment-id=\"2302675\">\n<div class=\"position-relative d-inline-block\"><img src=\"https:\/\/catracalivre.com.br\/viagem-livre\/maior-navio-da-temporada-msc-grandiosa-faz-sua-estreia\/M\u00e1rcio Diniz\/Catraca Livre\" decoding=\"async\" loading=\"lazy\" class=\"wp-image-2302675 size-large\" alt=\"Hola! Tapas Bar, que serve comida mexicana\" width=\"910\" height=\"1006\" srcset=\"https:\/\/catracalivre.com.br\/wp-content\/uploads\/2023\/10\/hola-tacos-910x1006.jpg 910w, https:\/\/catracalivre.com.br\/wp-content\/uploads\/2023\/10\/hola-tacos-450x497.jpg 450w, https:\/\/catracalivre.com.br\/wp-content\/uploads\/2023\/10\/hola-tacos-768x849.jpg 768w\" sizes=\"auto, (max-width: 910px) 100vw, 910px\"\/><\/p>\n<p>Cr\u00e9ditos: M\u00e1rcio Diniz\/Catraca Livre<\/p>\n<\/div>\n<\/div>\n<p><span class=\"post-imagem__legenda\">Hola! Tapas Bar, que serve comida mexicana<\/span><\/p>\n<\/div>\n<p>Os restaurantes de especialidades s\u00e3o: Butcher\u2019s Cut, uma churrascaria ao estilo americano; Hola! Tapas Bar, que serve comida mexicana; Kaito Sushi e Kaito Teppanyaki, dedicados \u00e0 culin\u00e1ria oriental.<\/p>\n<div id=\"attachment_2302677\" class=\"wp-caption aligncenter\">\n<div class=\"d-flex justify-content-center\" data-attachment-id=\"2302677\">\n<div class=\"position-relative d-inline-block\"><img src=\"https:\/\/catracalivre.com.br\/viagem-livre\/maior-navio-da-temporada-msc-grandiosa-faz-sua-estreia\/M\u00e1rcio Diniz\/Catraca Livre\" decoding=\"async\" loading=\"lazy\" class=\"wp-image-2302677 size-large\" alt=\"Steak tartare do L\u2019Atelier Bistro, restaurante de especialidade novidade em navios da MSC no Brasil\" width=\"910\" height=\"420\" srcset=\"https:\/\/catracalivre.com.br\/wp-content\/uploads\/2023\/10\/20230907-180420-910x420.jpg 910w, https:\/\/catracalivre.com.br\/wp-content\/uploads\/2023\/10\/20230907-180420-450x208.jpg 450w, https:\/\/catracalivre.com.br\/wp-content\/uploads\/2023\/10\/20230907-180420-768x355.jpg 768w\" sizes=\"auto, (max-width: 910px) 100vw, 910px\"\/><\/p>\n<p>Cr\u00e9ditos: M\u00e1rcio Diniz\/Catraca Livre<\/p>\n<\/div>\n<\/div>\n<p><span class=\"post-imagem__legenda\">Steak tartare do L\u2019Atelier Bistro, restaurante de especialidade novidade em navios da MSC no Brasil<\/span><\/p>\n<\/div>\n<p>Outro destaque \u00e9 o bistr\u00f4 franc\u00eas L\u2019Atelier Bistro, novidade em um navio no Brasil.<\/p>\n<p>E para saborear boas sobremesas, o Jean-Philippe Chocolat &amp; Caf\u00e9 e o Jean-Philippe Crepes &amp; Gelato oferecem a op\u00e7\u00e3o de criar um chocolate personalizado, saborear sorvetes e crepes exclusivos.<\/p>\n<h3>Piscinas do do MSC Grandiosa<\/h3>\n<p>Outra parte bastante disputada do MSC Grandiosa s\u00e3o as piscinas. Al\u00e9m das externas \u2013Atmosphere e Horizon\u2013, o navio conta com uma coberta e aquecida \u2013Safari\u2013, jacuzzis.<\/p>\n<div id=\"attachment_2302662\" class=\"wp-caption aligncenter\">\n<div class=\"d-flex justify-content-center\" data-attachment-id=\"2302662\">\n<div class=\"position-relative d-inline-block\"><img src=\"https:\/\/catracalivre.com.br\/viagem-livre\/maior-navio-da-temporada-msc-grandiosa-faz-sua-estreia\/M\u00e1rcio Diniz\/Catraca Livre\" decoding=\"async\" loading=\"lazy\" class=\"size-large wp-image-2302662\" alt=\"Os tobo\u00e1guas do MSC Grandiosa\" width=\"910\" height=\"420\" srcset=\"https:\/\/catracalivre.com.br\/wp-content\/uploads\/2023\/10\/msc-grandiosa-toboagauas-910x420.jpg 910w, https:\/\/catracalivre.com.br\/wp-content\/uploads\/2023\/10\/msc-grandiosa-toboagauas-450x208.jpg 450w, https:\/\/catracalivre.com.br\/wp-content\/uploads\/2023\/10\/msc-grandiosa-toboagauas-768x355.jpg 768w\" sizes=\"auto, (max-width: 910px) 100vw, 910px\"\/><\/p>\n<p>Cr\u00e9ditos: M\u00e1rcio Diniz\/Catraca Livre<\/p>\n<\/div>\n<\/div>\n<p><span class=\"post-imagem__legenda\">Os tobo\u00e1guas do MSC Grandiosa<\/span><\/p>\n<\/div>\n<p>Para quem gosta de um pouco de adrenalina, a pedida \u00e9 o parque aqu\u00e1tico Wild Forest Aquapark, que tem tr\u00eas tobo\u00e1guas, bald\u00f5es, escorregadores e outras brinquedos para os mais pequenos.<\/p>\n<p>Na piscina principal \u00e9 onde acontece todo o burburinho durante o dia, com aulas de dan\u00e7a e competi\u00e7\u00f5es e um tel\u00e3o gigante.<\/p>\n<div class=\"content-gallery position-relative mb-3\">\n<div class=\"tns-selector\" id=\"slider_52839f67b0a8d649bf18dfdca9bcf0ee\">\n<div>\n<div class=\"with-caption\"><picture><img data-recalc-dims=\"1\" src=\"https:\/\/i0.wp.com\/catracalivre.com.br\/cdn-cgi\/image\/f%3Dauto%2Cq%3D60%2Cw%3D700%2Ch%3D1680%2Cfit%3Dscale-down\/wp-content\/uploads\/2023\/10\/20230905-125536-910x420.jpg?w=700&#038;ssl=1\"  alt=\"Piscina principal do MSC Grandiosa\" loading=\"lazy\" decoding=\"async\" class=\"position-relative\"\/><\/picture>\n<p><span class=\"with-caption__about position-relative d-block\">Piscina principal do MSC Grandiosa<\/span><span class=\"with-caption__credit position-absolute\">M\u00e1rcio Diniz\/Catraca Livre<\/span><\/p>\n<\/div>\n<\/div>\n<div>\n<div class=\"with-caption\"><picture><img data-recalc-dims=\"1\" src=\"https:\/\/i0.wp.com\/catracalivre.com.br\/cdn-cgi\/image\/f%3Dauto%2Cq%3D60%2Cw%3D700%2Ch%3D1680%2Cfit%3Dscale-down\/wp-content\/uploads\/2023\/10\/piscinas-msc-grandiosa-910x420.jpg?w=700&#038;ssl=1\"  alt=\"A pscina principal do MSC Grandiosa vazia logo pela manh\u00e3\" loading=\"lazy\" decoding=\"async\" class=\"position-relative\"\/><\/picture>\n<p><span class=\"with-caption__about position-relative d-block\">A pscina principal do MSC Grandiosa vazia logo pela manh\u00e3<\/span><span class=\"with-caption__credit position-absolute\">M\u00e1rcio Diniz\/Catraca Livre<\/span><\/p>\n<\/div>\n<\/div>\n<div>\n<div class=\"with-caption\"><picture><img data-recalc-dims=\"1\" src=\"https:\/\/i0.wp.com\/catracalivre.com.br\/cdn-cgi\/image\/f%3Dauto%2Cq%3D60%2Cw%3D700%2Ch%3D1680%2Cfit%3Dscale-down\/wp-content\/uploads\/2023\/10\/gr-public-area-horizon-pool-910x569.jpg?w=700&#038;ssl=1\"  alt=\"A Horizon, piscina que fica na popa do navio e \u00e9 marca da MSC \" loading=\"lazy\" decoding=\"async\" class=\"position-relative\"\/><\/picture>\n<p><span class=\"with-caption__about position-relative d-block\">A Horizon, piscina que fica na popa do navio e \u00e9 marca da MSC <\/span><span class=\"with-caption__credit position-absolute\">Divulga\u00e7\u00e3o\/MSC Cruzeiros<\/span><\/p>\n<\/div>\n<\/div>\n<div>\n<div class=\"with-caption\"><picture><img data-recalc-dims=\"1\" src=\"https:\/\/i0.wp.com\/catracalivre.com.br\/cdn-cgi\/image\/f%3Dauto%2Cq%3D60%2Cw%3D700%2Ch%3D1680%2Cfit%3Dscale-down\/wp-content\/uploads\/2023\/10\/piscina-aquecida-msc-grandiosa-910x512.jpg?w=700&#038;ssl=1\"  alt=\"Piscina coberta e aquecida do MSC Grandiosa\" loading=\"lazy\" decoding=\"async\" class=\"position-relative\"\/><\/picture>\n<p><span class=\"with-caption__about position-relative d-block\">Piscina coberta e aquecida do MSC Grandiosa<\/span><span class=\"with-caption__credit position-absolute\">M\u00e1rcio Diniz\/Catraca Livre<\/span><\/p>\n<\/div>\n<\/div>\n<\/div>\n<\/div>\n<h3>As cabines do\u00a0MSC Grandiosa<\/h3>\n<p>O MSC Grandiosa disp\u00f5e de cinco categorias de cabines \u2013interna, externa com vista para o mar (janela), com varada, su\u00edte e MSC Yacht Club \u2013que fica na \u00e1rea Premium\u2013, divididas em 15 tipos de configura\u00e7\u00f5es.<\/p>\n<div class=\"content-gallery position-relative mb-3\">\n<div class=\"tns-selector\" id=\"slider_8836f9abd5d17b0b6e8df758a7309588\">\n<div>\n<div class=\"with-caption\"><picture><img data-recalc-dims=\"1\" src=\"https:\/\/i0.wp.com\/catracalivre.com.br\/cdn-cgi\/image\/f%3Dauto%2Cq%3D60%2Cw%3D700%2Ch%3D1680%2Cfit%3Dscale-down\/wp-content\/uploads\/2023\/10\/cabine-msc-grandiosa-910x512.jpeg?w=700&#038;ssl=1\"  alt=\"Detalhe da cabine do MSC Grandiosa\" loading=\"lazy\" decoding=\"async\" class=\"position-relative\"\/><\/picture>\n<p><span class=\"with-caption__about position-relative d-block\">Detalhe da cabine do MSC Grandiosa<\/span><span class=\"with-caption__credit position-absolute\">Divulga\u00e7\u00e3o\/MSC Cruzeiros<\/span><\/p>\n<\/div>\n<\/div>\n<div>\n<div class=\"with-caption\"><picture><img data-recalc-dims=\"1\" src=\"https:\/\/i0.wp.com\/catracalivre.com.br\/cdn-cgi\/image\/f%3Dauto%2Cq%3D60%2Cw%3D700%2Ch%3D1680%2Cfit%3Dscale-down\/wp-content\/uploads\/2023\/10\/cabine-msc-grandiosa-2-675x1200.jpg?w=700&#038;ssl=1\"  alt=\"Detalhe da cabine do MSC Grandiosa\" loading=\"lazy\" decoding=\"async\" class=\"position-relative\"\/><\/picture>\n<p><span class=\"with-caption__about position-relative d-block\">Detalhe da cabine do MSC Grandiosa<\/span><span class=\"with-caption__credit position-absolute\">Divulga\u00e7\u00e3o\/MSC Cruzeiros<\/span><\/p>\n<\/div>\n<\/div>\n<\/div>\n<\/div>\n<p>Algumas cabinas contam com hidromassagem na varada. A MSC oferece tr\u00eas tipos de experi\u00eancia: Bella (b\u00e1sica), Fantastica (intermedi\u00e1ria) e Aurea. Conhe\u00e7a aqui o que cada uma oferece.<\/p>\n<div id=\"attachment_2302694\" class=\"wp-caption aligncenter\">\n<div class=\"d-flex justify-content-center\" data-attachment-id=\"2302694\">\n<div class=\"position-relative d-inline-block\"><img src=\"https:\/\/catracalivre.com.br\/viagem-livre\/maior-navio-da-temporada-msc-grandiosa-faz-sua-estreia\/M\u00e1rcio Diniz\/Catraca Livre\" decoding=\"async\" loading=\"lazy\" class=\"wp-image-2302694 size-large\" alt=\"Todas as cabines v\u00eam equipadas com a Zoe, assistente virtual ativada por voz\" width=\"910\" height=\"652\" srcset=\"https:\/\/catracalivre.com.br\/wp-content\/uploads\/2023\/10\/zoe-910x652.jpg 910w, https:\/\/catracalivre.com.br\/wp-content\/uploads\/2023\/10\/zoe-450x323.jpg 450w, https:\/\/catracalivre.com.br\/wp-content\/uploads\/2023\/10\/zoe-768x550.jpg 768w\" sizes=\"auto, (max-width: 910px) 100vw, 910px\"\/><\/p>\n<p>Cr\u00e9ditos: M\u00e1rcio Diniz\/Catraca Livre<\/p>\n<\/div>\n<\/div>\n<p><span class=\"post-imagem__legenda\">Todas as cabines v\u00eam equipadas com a Zoe, assistente virtual ativada por voz<\/span><\/p>\n<\/div>\n<p>Fiquei numa cabine com varanda, onde \u00e9 poss\u00edvel acomodar com conforto um casal e uma crian\u00e7a pequena. Ela vem equipada com TV (v\u00e1rios canais em diversos idiomas), secador, ar-condicionado e a Zoe, assistente virtual ativada por voz.<\/p>\n<h2>MSC Grandiosa no Brasil<\/h2>\n<p>O MSC Grandiosa inicia sua viagem rumo ao Brasil em G\u00eanova (It\u00e1lia) no dia 5 de novembro, para um cruzeiro de 20 noites.<\/p>\n<p>No Brasil, o navio far\u00e1 roteiros de 6 e 7 noites, com embarques em Santos (SP) e escalas alternadas em B\u00fazios (RJ), Ilha Grande (RJ), Macei\u00f3 (AL) e Salvador (BA).\u00a0Tamb\u00e9m ser\u00e1 poss\u00edvel embarcar em Macei\u00f3 e Salvador durante a temporada.<\/p>\n<p><strong>Os pacotes incluem:<\/strong><\/p>\n<ul>\n<li>Todas as refei\u00e7\u00f5es no buf\u00ea e restaurantes principais;<\/li>\n<li>Buf\u00ea com diversas ilhas com op\u00e7\u00f5es gastron\u00f4micas para todos os gostos;<\/li>\n<li>Restaurantes principais com op\u00e7\u00f5es \u00e0 la carte nas principais refei\u00e7\u00f5es (com entrada, prato principal e sobremesa);<\/li>\n<li>Shows ao estilo Broadway, entretenimento\u00a0 a bordo com games show, quizzes, competi\u00e7\u00f5es, aulas de dan\u00e7a e muitas outras atividades, al\u00e9m de uma programa\u00e7\u00e3o\u00a0 ao ar livre para toda a fam\u00edlia;<\/li>\n<li>\u00a0Piscinas, \u00e1reas ao ar livre para banho de sol, academia totalmente equipada, parque aqu\u00e1tico (dispon\u00edvel em alguns dos nossos navios) lounges e bares com m\u00fasica ao vivo;<\/li>\n<li>Todas as taxas operacionais para a realiza\u00e7\u00e3o do seu cruzeiro (Taxa de Servi\u00e7o de Hotelaria e Taxas Portu\u00e1rias e Operacionais) n\u00e3o sendo necess\u00e1rio nenhum pagamento adicional a bordo.<\/li>\n<\/ul>\n<p><strong>O que n\u00e3o est\u00e1 incluso:<\/strong><\/p>\n<ul>\n<li>Refei\u00e7\u00f5es nos restaurantes de especialidades;<\/li>\n<li>Bebidas consumidas a bordo. Saiba mais sobre nossos pacotes de bebidas ilimitadas;<\/li>\n<li>Pacotes de internet e Wi-Fi. Saiba mais sobre nossos pacotes de internet;<\/li>\n<li>Excurs\u00f5es e atividades especiais a bordo, como Tirolesa, cinema XD, simuladores, \u00e1rea de jogos (Fun pass), entre outros;<\/li>\n<li>Consumo avulso de bebidas ou comidas nas lojas e restaurantes especiais, compras em lojas, spas e outros procedimentos est\u00e9ticos.<\/li>\n<\/ul>\n<p>Confira datas, condi\u00e7\u00f5es de parcelamentos e pre\u00e7os dos pacotes <a href=\"https:\/\/www.msccruzeiros.com.br\/Search-Result?area=SOA&amp;ships=GR&amp;passengers=2%7C0%7C0%7C0&amp;departureDateFrom=09%2F10%2F2023&amp;departureDateTo=08%2F10%2F2026&amp;page=1\" target=\"_blank\" rel=\"noopener\">aqui<\/a>.<\/p>\n<\/div>\n<p><script>\n\t\t! function(f, b, e, v, n, t, s) {\n\t\t\tif (f.fbq) return;\n\t\t\tn = f.fbq = function() {\n\t\t\t\tn.callMethod ?\n\t\t\t\t\tn.callMethod.apply(n, arguments) : n.queue.push(arguments)\n\t\t\t};\n\t\t\tif (!f._fbq) f._fbq = n;\n\t\t\tn.push = n;\n\t\t\tn.loaded = !0;\n\t\t\tn.version = '2.0';\n\t\t\tn.queue = [];\n\t\t\tt = b.createElement(e);\n\t\t\tt.async = !0;\n\t\t\tt.src = v;\n\t\t\ts = b.getElementsByTagName(e)[0];\n\t\t\ts.parentNode.insertBefore(t, s)\n\t\t}(window, document, 'script',\n\t\t\t'https:\/\/connect.facebook.net\/en_US\/fbevents.js');\n\t\tfbq('init', '338315473262380');\n\t\tfbq('track', 'PageView');\n\t<\/script><br \/>\n<br \/><br \/>\n<br \/><a href=\"https:\/\/catracalivre.com.br\/viagem-livre\/maior-navio-da-temporada-msc-grandiosa-faz-sua-estreia\/\">Source link <\/a><\/p>\n<div class='code-block code-block-4' style='margin: 8px auto 8px 0; text-align: left; display: block; clear: both;'>\n\ud83d\udce2 Aviso Legal\n\nO site ismaelcolosi.com.br atua apenas como um canal de divulga\u00e7\u00e3o de oportunidades de emprego e n\u00e3o se responsabiliza pelo processo seletivo, contrata\u00e7\u00e3o ou qualquer outra etapa relacionada \u00e0s vagas publicadas. Todas as informa\u00e7\u00f5es s\u00e3o de responsabilidade dos anunciantes.\n\n\u26a0\ufe0f Aten\u00e7\u00e3o! Nunca pague por promessas de emprego nem compre cursos que garantam contrata\u00e7\u00e3o. Desconfie de qualquer cobran\u00e7a para participar de sele\u00e7\u00f5es.\n\n\n\n<\/div>\n<!-- CONTENT END 1 -->\n","protected":false},"excerpt":{"rendered":"<p>Maior navio de passageiros a navegar em \u00e1guas brasileiras, o MSC Grandiosa fez sua viagem inaugural na temporada brasileira de cruzeiros 2023\/2024 neste domingo, 26&#8230;.<\/p>\n","protected":false},"author":1,"featured_media":7309,"comment_status":"open","ping_status":"open","sticky":false,"template":"","format":"standard","meta":{"_uag_custom_page_level_css":"","advanced_seo_description":"","jetpack_seo_html_title":"","jetpack_seo_noindex":false,"jetpack_post_was_ever_published":false,"_jetpack_newsletter_access":"","_jetpack_dont_email_post_to_subs":false,"_jetpack_newsletter_tier_id":0,"_jetpack_memberships_contains_paywalled_content":false,"_jetpack_memberships_contains_paid_content":false,"footnotes":"","jetpack_publicize_message":"","jetpack_publicize_feature_enabled":true,"jetpack_social_post_already_shared":true,"jetpack_social_options":{"image_generator_settings":{"template":"highway","default_image_id":0,"font":"","enabled":false},"version":2}},"categories":[19],"tags":[],"class_list":["post-7308","post","type-post","status-publish","format-standard","has-post-thumbnail","hentry","category-variedades"],"jetpack_publicize_connections":[],"jetpack_featured_media_url":"https:\/\/i0.wp.com\/ismaelcolosi.com.br\/wp-content\/uploads\/2023\/11\/msc-grandiosa-promenade1-scaled.jpg?fit=1200%2C638&ssl=1","uagb_featured_image_src":{"full":["https:\/\/i0.wp.com\/ismaelcolosi.com.br\/wp-content\/uploads\/2023\/11\/msc-grandiosa-promenade1-scaled.jpg?fit=1200%2C638&ssl=1",1200,638,false],"thumbnail":["https:\/\/i0.wp.com\/ismaelcolosi.com.br\/wp-content\/uploads\/2023\/11\/msc-grandiosa-promenade1-scaled.jpg?resize=150%2C150&ssl=1",150,150,true],"medium":["https:\/\/i0.wp.com\/ismaelcolosi.com.br\/wp-content\/uploads\/2023\/11\/msc-grandiosa-promenade1-scaled.jpg?fit=300%2C160&ssl=1",300,160,true],"medium_large":["https:\/\/i0.wp.com\/ismaelcolosi.com.br\/wp-content\/uploads\/2023\/11\/msc-grandiosa-promenade1-scaled.jpg?fit=768%2C408&ssl=1",768,408,true],"large":["https:\/\/i0.wp.com\/ismaelcolosi.com.br\/wp-content\/uploads\/2023\/11\/msc-grandiosa-promenade1-scaled.jpg?fit=1024%2C544&ssl=1",1024,544,true],"1536x1536":["https:\/\/i0.wp.com\/ismaelcolosi.com.br\/wp-content\/uploads\/2023\/11\/msc-grandiosa-promenade1-scaled.jpg?fit=1200%2C638&ssl=1",1200,638,true],"2048x2048":["https:\/\/i0.wp.com\/ismaelcolosi.com.br\/wp-content\/uploads\/2023\/11\/msc-grandiosa-promenade1-scaled.jpg?fit=1200%2C638&ssl=1",1200,638,true],"really-simple-thumb":["https:\/\/i0.wp.com\/ismaelcolosi.com.br\/wp-content\/uploads\/2023\/11\/msc-grandiosa-promenade1-scaled.jpg?resize=370%2C247&ssl=1",370,247,true]},"uagb_author_info":{"display_name":"ismaelcolosi.com.br","author_link":"https:\/\/ismaelcolosi.com.br\/index.php\/author\/vidareal-online\/"},"uagb_comment_info":0,"uagb_excerpt":"Maior navio de passageiros a navegar em \u00e1guas brasileiras, o MSC Grandiosa fez sua viagem inaugural na temporada brasileira de cruzeiros 2023\/2024 neste domingo, 26....","jetpack-related-posts":[{"id":32149,"url":"https:\/\/ismaelcolosi.com.br\/index.php\/2024\/01\/24\/arena-nicnet\/","url_meta":{"origin":7308,"position":0},"title":"Arena NicNet &#8211; Jornal Tribuna Ribeir\u00e3o","author":"ismaelcolosi.com.br","date":"24 de January de 2024","format":false,"excerpt":"24 de janeiro de 2024 | 9:0323 de janeiro de 2024 | 12:45 0O Botafogo anunciou a extens\u00e3o da parceria com a Nicnet, empresa de internet de fibra \u00f3ptica, sediada em Cravinhos. A marca batizou, de forma exclusiva, o nome do Est\u00e1dio Santa Cruz, que ser\u00e1 chamado de apenas Est\u00e1dio\u2026","rel":"","context":"In &quot;Not\u00edcias de Ribeir\u00e3o Preto-SP e Regi\u00e3o&quot;","block_context":{"text":"Not\u00edcias de Ribeir\u00e3o Preto-SP e Regi\u00e3o","link":"https:\/\/ismaelcolosi.com.br\/index.php\/category\/noticias-de-ribeirao-preto-sp-e-regiao-ismael-colosi\/"},"img":{"alt_text":"","src":"https:\/\/i0.wp.com\/ismaelcolosi.com.br\/wp-content\/uploads\/2024\/01\/1-1-scaled.jpg?fit=484%2C645&ssl=1&resize=350%2C200","width":350,"height":200},"classes":[]},{"id":25851,"url":"https:\/\/ismaelcolosi.com.br\/index.php\/2024\/01\/08\/quermesse-em-homenagem-ao-dia-de-sao-sebastiao-acontece-em-ribeirao-veja-as-datas\/","url_meta":{"origin":7308,"position":1},"title":"Quermesse em homenagem ao Dia de S\u00e3o Sebasti\u00e3o acontece em Ribeir\u00e3o; Veja as datas","author":"ismaelcolosi.com.br","date":"8 de January de 2024","format":false,"excerpt":"A Par\u00f3quia Cristo Oper\u00e1rio e S\u00e3o Judas Tadeu realiza neste m\u00eas, a Grandiosa Quermesse, em homenagem ao Dia de S\u00e3o Sebasti\u00e3o, padroeiro de Ribeir\u00e3o Preto, celebrado no dia 20 de janeiro. O evento vai acontecer nos dias 13, 14, 20 e 21, a partir das 19h, na Igreja S\u00e3o Sebasti\u00e3o,\u2026","rel":"","context":"In &quot;Not\u00edcias de Ribeir\u00e3o Preto-SP e Regi\u00e3o&quot;","block_context":{"text":"Not\u00edcias de Ribeir\u00e3o Preto-SP e Regi\u00e3o","link":"https:\/\/ismaelcolosi.com.br\/index.php\/category\/noticias-de-ribeirao-preto-sp-e-regiao-ismael-colosi\/"},"img":{"alt_text":"","src":"https:\/\/i0.wp.com\/ismaelcolosi.com.br\/wp-content\/uploads\/2024\/01\/sao_sebastiao_1024x576_20012021134912.jpg?fit=1024%2C576&ssl=1&resize=350%2C200","width":350,"height":200,"srcset":"https:\/\/i0.wp.com\/ismaelcolosi.com.br\/wp-content\/uploads\/2024\/01\/sao_sebastiao_1024x576_20012021134912.jpg?fit=1024%2C576&ssl=1&resize=350%2C200 1x, https:\/\/i0.wp.com\/ismaelcolosi.com.br\/wp-content\/uploads\/2024\/01\/sao_sebastiao_1024x576_20012021134912.jpg?fit=1024%2C576&ssl=1&resize=525%2C300 1.5x, https:\/\/i0.wp.com\/ismaelcolosi.com.br\/wp-content\/uploads\/2024\/01\/sao_sebastiao_1024x576_20012021134912.jpg?fit=1024%2C576&ssl=1&resize=700%2C400 2x"},"classes":[]},{"id":14191,"url":"https:\/\/ismaelcolosi.com.br\/index.php\/2023\/12\/11\/alta-temporada-deve-movimentar-r-155-bilhoes-no-brasil\/","url_meta":{"origin":7308,"position":2},"title":"Alta temporada deve movimentar R$ 155 bilh\u00f5es no Brasil","author":"ismaelcolosi.com.br","date":"11 de December de 2023","format":false,"excerpt":"O setor do turismo deve faturar na alta temporada \u2013 entre novembro deste ano e fevereiro de 2024 \u2013 R$ 155,87 bilh\u00f5es, segundo revela pesquisa da Confedera\u00e7\u00e3o Nacional do Com\u00e9rcio de Bens, Servi\u00e7os e Turismo (CNC). A entidade diz que esse valor representa aumento real de 5,6%, em rela\u00e7\u00e3o ao\u2026","rel":"","context":"In &quot;Not\u00edcias de Ribeir\u00e3o Preto-SP e Regi\u00e3o&quot;","block_context":{"text":"Not\u00edcias de Ribeir\u00e3o Preto-SP e Regi\u00e3o","link":"https:\/\/ismaelcolosi.com.br\/index.php\/category\/noticias-de-ribeirao-preto-sp-e-regiao-ismael-colosi\/"},"img":{"alt_text":"","src":"https:\/\/i0.wp.com\/ismaelcolosi.com.br\/wp-content\/uploads\/2023\/12\/aeroporto-viagem-scaled.jpg?fit=1000%2C598&ssl=1&resize=350%2C200","width":350,"height":200,"srcset":"https:\/\/i0.wp.com\/ismaelcolosi.com.br\/wp-content\/uploads\/2023\/12\/aeroporto-viagem-scaled.jpg?fit=1000%2C598&ssl=1&resize=350%2C200 1x, https:\/\/i0.wp.com\/ismaelcolosi.com.br\/wp-content\/uploads\/2023\/12\/aeroporto-viagem-scaled.jpg?fit=1000%2C598&ssl=1&resize=525%2C300 1.5x, https:\/\/i0.wp.com\/ismaelcolosi.com.br\/wp-content\/uploads\/2023\/12\/aeroporto-viagem-scaled.jpg?fit=1000%2C598&ssl=1&resize=700%2C400 2x"},"classes":[]},{"id":45041,"url":"https:\/\/ismaelcolosi.com.br\/index.php\/2024\/04\/01\/fafa-de-belem-curte-ferias-com-a-familia-no-beach-park\/","url_meta":{"origin":7308,"position":3},"title":"Faf\u00e1 de Bel\u00e9m curte f\u00e9rias com a fam\u00edlia no Beach Park","author":"ismaelcolosi.com.br","date":"1 de April de 2024","format":false,"excerpt":"Faf\u00e1 de Bel\u00e9m curte f\u00e9rias com a fam\u00edlia no Beach ParkA cantora Faf\u00e1 de Bel\u00e9m aproveitou o feriado da P\u00e1scoa em um dos destinos tur\u00edsticos mais desejados do Brasil: o Beach Park. Acompanhada de sua fam\u00edlia, incluindo sua filha e netas, Faf\u00e1 tem desfrutado de dias repletos de divers\u00e3o nas\u2026","rel":"","context":"In &quot;Not\u00edcias de Ribeir\u00e3o Preto-SP e Regi\u00e3o&quot;","block_context":{"text":"Not\u00edcias de Ribeir\u00e3o Preto-SP e Regi\u00e3o","link":"https:\/\/ismaelcolosi.com.br\/index.php\/category\/noticias-de-ribeirao-preto-sp-e-regiao-ismael-colosi\/"},"img":{"alt_text":"","src":"https:\/\/i0.wp.com\/ismaelcolosi.com.br\/wp-content\/uploads\/2024\/04\/3752321448.jpg?fit=900%2C1200&ssl=1&resize=350%2C200","width":350,"height":200,"srcset":"https:\/\/i0.wp.com\/ismaelcolosi.com.br\/wp-content\/uploads\/2024\/04\/3752321448.jpg?fit=900%2C1200&ssl=1&resize=350%2C200 1x, https:\/\/i0.wp.com\/ismaelcolosi.com.br\/wp-content\/uploads\/2024\/04\/3752321448.jpg?fit=900%2C1200&ssl=1&resize=525%2C300 1.5x, https:\/\/i0.wp.com\/ismaelcolosi.com.br\/wp-content\/uploads\/2024\/04\/3752321448.jpg?fit=900%2C1200&ssl=1&resize=700%2C400 2x"},"classes":[]},{"id":50225,"url":"https:\/\/ismaelcolosi.com.br\/index.php\/2024\/05\/15\/ivete-sangalo-cancela-turne-a-festa-com-show-em-ribeirao-preto\/","url_meta":{"origin":7308,"position":4},"title":"Ivete Sangalo cancela turn\u00ea \u2018A Festa\u2019 com show em Ribeir\u00e3o Preto","author":"ismaelcolosi.com.br","date":"15 de May de 2024","format":false,"excerpt":"A cantora Ivete Sangalo anunciou na manh\u00e3 desta quarta-feira (15) o cancelamento de sua turn\u00ea \u201cA Festa\u201c, que comemoraria 30 anos de carreira da cantora. A turn\u00ea passaria por Ribeir\u00e3o Preto no dia 7 de dezembro. O cancelamento foi anunciado por uma nota nas redes sociais da artista. A decis\u00e3o\u2026","rel":"","context":"In &quot;Not\u00edcias de Ribeir\u00e3o Preto-SP e Regi\u00e3o&quot;","block_context":{"text":"Not\u00edcias de Ribeir\u00e3o Preto-SP e Regi\u00e3o","link":"https:\/\/ismaelcolosi.com.br\/index.php\/category\/noticias-de-ribeirao-preto-sp-e-regiao-ismael-colosi\/"},"img":{"alt_text":"","src":"https:\/\/i0.wp.com\/ismaelcolosi.com.br\/wp-content\/uploads\/2024\/05\/ivete-sangalo-1.jpg?fit=1200%2C699&ssl=1&resize=350%2C200","width":350,"height":200,"srcset":"https:\/\/i0.wp.com\/ismaelcolosi.com.br\/wp-content\/uploads\/2024\/05\/ivete-sangalo-1.jpg?fit=1200%2C699&ssl=1&resize=350%2C200 1x, https:\/\/i0.wp.com\/ismaelcolosi.com.br\/wp-content\/uploads\/2024\/05\/ivete-sangalo-1.jpg?fit=1200%2C699&ssl=1&resize=525%2C300 1.5x, https:\/\/i0.wp.com\/ismaelcolosi.com.br\/wp-content\/uploads\/2024\/05\/ivete-sangalo-1.jpg?fit=1200%2C699&ssl=1&resize=700%2C400 2x, https:\/\/i0.wp.com\/ismaelcolosi.com.br\/wp-content\/uploads\/2024\/05\/ivete-sangalo-1.jpg?fit=1200%2C699&ssl=1&resize=1050%2C600 3x"},"classes":[]},{"id":25544,"url":"https:\/\/ismaelcolosi.com.br\/index.php\/2024\/01\/07\/com-reforcos-gringos-bota-se-prepara-para-temporada\/","url_meta":{"origin":7308,"position":5},"title":"Com refor\u00e7os gringos, Bota se prepara para temporada\u00a0\u00a0","author":"ismaelcolosi.com.br","date":"7 de January de 2024","format":false,"excerpt":"Ano novo, vida nova e tudo come\u00e7a outra vez. Assim \u00e9 a vida e assim \u00e9 para os clubes de futebol. No Botafogo n\u00e3o \u00e9 diferente e a prepara\u00e7\u00e3o para a temporada de 2024 est\u00e1 a todo vapor. O clube vai participar do Paulist\u00e3o, Copa do Brasil e S\u00e9rie B.\u2026","rel":"","context":"In &quot;Not\u00edcias de Ribeir\u00e3o Preto-SP e Regi\u00e3o&quot;","block_context":{"text":"Not\u00edcias de Ribeir\u00e3o Preto-SP e Regi\u00e3o","link":"https:\/\/ismaelcolosi.com.br\/index.php\/category\/noticias-de-ribeirao-preto-sp-e-regiao-ismael-colosi\/"},"img":{"alt_text":"","src":"https:\/\/i0.wp.com\/ismaelcolosi.com.br\/wp-content\/uploads\/2024\/01\/Botafogo-Leandro-Maciel-1-scaled.jpg?fit=967%2C645&ssl=1&resize=350%2C200","width":350,"height":200,"srcset":"https:\/\/i0.wp.com\/ismaelcolosi.com.br\/wp-content\/uploads\/2024\/01\/Botafogo-Leandro-Maciel-1-scaled.jpg?fit=967%2C645&ssl=1&resize=350%2C200 1x, https:\/\/i0.wp.com\/ismaelcolosi.com.br\/wp-content\/uploads\/2024\/01\/Botafogo-Leandro-Maciel-1-scaled.jpg?fit=967%2C645&ssl=1&resize=525%2C300 1.5x, https:\/\/i0.wp.com\/ismaelcolosi.com.br\/wp-content\/uploads\/2024\/01\/Botafogo-Leandro-Maciel-1-scaled.jpg?fit=967%2C645&ssl=1&resize=700%2C400 2x"},"classes":[]}],"jetpack_sharing_enabled":true,"jetpack_shortlink":"https:\/\/wp.me\/pfMlyK-1TS","_links":{"self":[{"href":"https:\/\/ismaelcolosi.com.br\/index.php\/wp-json\/wp\/v2\/posts\/7308","targetHints":{"allow":["GET"]}}],"collection":[{"href":"https:\/\/ismaelcolosi.com.br\/index.php\/wp-json\/wp\/v2\/posts"}],"about":[{"href":"https:\/\/ismaelcolosi.com.br\/index.php\/wp-json\/wp\/v2\/types\/post"}],"author":[{"embeddable":true,"href":"https:\/\/ismaelcolosi.com.br\/index.php\/wp-json\/wp\/v2\/users\/1"}],"replies":[{"embeddable":true,"href":"https:\/\/ismaelcolosi.com.br\/index.php\/wp-json\/wp\/v2\/comments?post=7308"}],"version-history":[{"count":0,"href":"https:\/\/ismaelcolosi.com.br\/index.php\/wp-json\/wp\/v2\/posts\/7308\/revisions"}],"wp:featuredmedia":[{"embeddable":true,"href":"https:\/\/ismaelcolosi.com.br\/index.php\/wp-json\/wp\/v2\/media\/7309"}],"wp:attachment":[{"href":"https:\/\/ismaelcolosi.com.br\/index.php\/wp-json\/wp\/v2\/media?parent=7308"}],"wp:term":[{"taxonomy":"category","embeddable":true,"href":"https:\/\/ismaelcolosi.com.br\/index.php\/wp-json\/wp\/v2\/categories?post=7308"},{"taxonomy":"post_tag","embeddable":true,"href":"https:\/\/ismaelcolosi.com.br\/index.php\/wp-json\/wp\/v2\/tags?post=7308"}],"curies":[{"name":"wp","href":"https:\/\/api.w.org\/{rel}","templated":true}]}}