{"id":72967,"date":"2024-10-24T09:51:26","date_gmt":"2024-10-24T12:51:26","guid":{"rendered":"https:\/\/ismaelcolosi.com.br\/index.php\/2024\/10\/24\/receita-federal-abre-consulta-ao-lote-da-malha-fina-do-imposto-de-renda\/"},"modified":"2024-10-24T09:51:26","modified_gmt":"2024-10-24T12:51:26","slug":"receita-federal-abre-consulta-ao-lote-da-malha-fina-do-imposto-de-renda","status":"publish","type":"post","link":"https:\/\/ismaelcolosi.com.br\/index.php\/2024\/10\/24\/receita-federal-abre-consulta-ao-lote-da-malha-fina-do-imposto-de-renda\/","title":{"rendered":"Receita Federal Abre Consulta ao Lote da Malha Fina do Imposto de Renda"},"content":{"rendered":"<p> <br \/>\n<\/p>\n<div>\n<p>A Receita Federal abriu a consulta ao novo lote da malha fina do Imposto de Renda de 2024. Contribuintes de todo o pa\u00eds j\u00e1 podem acessar o portal da Receita para verificar se suas declara\u00e7\u00f5es ficaram retidas para an\u00e1lise mais detalhada. A reten\u00e7\u00e3o na malha fina ocorre quando s\u00e3o identificadas inconsist\u00eancias ou diverg\u00eancias nos dados informados na declara\u00e7\u00e3o anual do Imposto de Renda, o que impede a restitui\u00e7\u00e3o at\u00e9 que o contribuinte regularize a situa\u00e7\u00e3o.<\/p>\n<h3>Quem Caiu na Malha Fina?<\/h3>\n<p>De acordo com a Receita Federal, os contribuintes cujas declara\u00e7\u00f5es apresentam erros, omiss\u00f5es ou diverg\u00eancias de informa\u00e7\u00f5es entre os dados fornecidos e os registros do Fisco s\u00e3o os principais alvos da malha fina. As situa\u00e7\u00f5es mais comuns que levam \u00e0 reten\u00e7\u00e3o incluem a falta de comprova\u00e7\u00e3o de rendimentos, erros no preenchimento de dedu\u00e7\u00f5es (como despesas m\u00e9dicas ou com educa\u00e7\u00e3o), al\u00e9m de valores divergentes nas fontes de rendimentos.<\/p><div class='code-block code-block-8' style='margin: 8px auto; text-align: center; display: block; clear: both;'>\n<script>\n  atOptions = {\n    'key' : '66e2e2111ca34da796271819fc334058',\n    'format' : 'iframe',\n    'height' : 250,\n    'width' : 300,\n    'params' : {}\n  };\n<\/script>\n<script src=\"https:\/\/www.highperformanceformat.com\/66e2e2111ca34da796271819fc334058\/invoke.js\"><\/script>\n<\/div>\n\n<p>A consulta ao lote pode ser feita de forma simples, acessando o site da Receita Federal ou utilizando o aplicativo \u201cMeu Imposto de Renda\u201d. Ao verificar que a declara\u00e7\u00e3o foi retida, o contribuinte pode revisar os dados e, caso necess\u00e1rio, enviar uma declara\u00e7\u00e3o retificadora.<\/p>\n<h3>Como Regularizar a Situa\u00e7\u00e3o?<\/h3>\n<p>Caso o contribuinte identifique pend\u00eancias ou erros na declara\u00e7\u00e3o, \u00e9 poss\u00edvel corrigi-los e reenviar as informa\u00e7\u00f5es por meio de uma retifica\u00e7\u00e3o. A Receita Federal recomenda que essa retifica\u00e7\u00e3o seja feita o quanto antes para evitar cobran\u00e7as adicionais e multas.<\/p>\n<p>Ao acessar o sistema, o contribuinte poder\u00e1 visualizar o motivo pelo qual sua declara\u00e7\u00e3o foi retida e, assim, realizar os ajustes necess\u00e1rios. Se todos os documentos e dados estiverem corretos, a regulariza\u00e7\u00e3o \u00e9 simples e pode ser conclu\u00edda rapidamente.<\/p>\n<p>Segundo o auditor fiscal Paulo Roberto Campos, o processo de revis\u00e3o foi modernizado para que os contribuintes possam corrigir falhas com mais agilidade. \u201c\u00c9 importante que as pessoas fiquem atentas \u00e0 possibilidade de erro e fa\u00e7am a retifica\u00e7\u00e3o antes de serem notificadas, o que pode evitar uma s\u00e9rie de complica\u00e7\u00f5es, como multas que chegam a 20% do valor devido,\u201d afirmou.<\/p>\n<h3>Restitui\u00e7\u00f5es Presas na Malha Fina<\/h3>\n<p>Para aqueles que t\u00eam direito \u00e0 restitui\u00e7\u00e3o do imposto, a reten\u00e7\u00e3o na malha fina significa um atraso na libera\u00e7\u00e3o dos valores devidos. A Receita Federal somente libera a restitui\u00e7\u00e3o ap\u00f3s a resolu\u00e7\u00e3o de todas as pend\u00eancias. Assim, quanto mais cedo o contribuinte regularizar sua situa\u00e7\u00e3o, mais r\u00e1pido ele poder\u00e1 receber os valores a que tem direito.<\/p>\n<p>Em alguns casos, se a declara\u00e7\u00e3o n\u00e3o for corrigida e as inconsist\u00eancias permanecerem, a Receita pode iniciar um processo de fiscaliza\u00e7\u00e3o, o que pode resultar em multas e cobran\u00e7as de juros sobre os valores devidos.<\/p>\n<h3>Consulta e Regulariza\u00e7\u00e3o Online<\/h3>\n<p>A Receita Federal destaca que todos os procedimentos de consulta e regulariza\u00e7\u00e3o podem ser feitos de forma online. Tanto a consulta ao lote quanto a retifica\u00e7\u00e3o da declara\u00e7\u00e3o podem ser realizadas atrav\u00e9s do Portal e-CAC (Centro Virtual de Atendimento ao Contribuinte), sem a necessidade de deslocamento at\u00e9 uma unidade f\u00edsica.<\/p>\n<p>Al\u00e9m disso, o contribuinte pode solicitar a abertura de um dossi\u00ea digital para o envio de documentos comprobat\u00f3rios, caso precise justificar alguma informa\u00e7\u00e3o que foi questionada. Todo o processo \u00e9 feito de forma segura e integrada, facilitando o acompanhamento do andamento da an\u00e1lise.<\/p>\n<h3>Dicas para Evitar a Malha Fina<\/h3>\n<p>Especialistas em contabilidade refor\u00e7am a import\u00e2ncia de declarar todas as fontes de renda e guardar todos os comprovantes necess\u00e1rios por, pelo menos, cinco anos. Outro ponto importante \u00e9 revisar todas as informa\u00e7\u00f5es antes de enviar a declara\u00e7\u00e3o, especialmente em rela\u00e7\u00e3o a dedu\u00e7\u00f5es, como despesas m\u00e9dicas e educa\u00e7\u00e3o, que costumam gerar questionamentos frequentes.<\/p>\n<p>A Receita Federal ainda alerta para a import\u00e2ncia de manter os dados atualizados, incluindo a declara\u00e7\u00e3o de bens, rendimentos e fontes pagadoras. Com esses cuidados, \u00e9 poss\u00edvel evitar surpresas e garantir que a declara\u00e7\u00e3o seja processada sem maiores problemas.<\/p>\n<p>&#13;<br \/>\n\t\t\t\t<span class=\"post-views-icon dashicons dashicons-chart-bar\"\/> <span class=\"post-views-label\">Visualiza\u00e7\u00f5es:<\/span> <span class=\"post-views-count\">5<\/span>&#13;\n\t\t\t<\/p>\n<\/p><\/div>\n<p><br \/>\n<br \/><a href=\"https:\/\/folhaderibeirao.com.br\/2024\/10\/24\/receita-federal-abre-consulta-ao-lote-da-malha-fina-do-imposto-de-renda\/\">Source link <\/a><\/p>\n<div class='code-block code-block-4' style='margin: 8px auto 8px 0; text-align: left; display: block; clear: both;'>\n\ud83d\udce2 Aviso Legal\n\nO site ismaelcolosi.com.br atua apenas como um canal de divulga\u00e7\u00e3o de oportunidades de emprego e n\u00e3o se responsabiliza pelo processo seletivo, contrata\u00e7\u00e3o ou qualquer outra etapa relacionada \u00e0s vagas publicadas. Todas as informa\u00e7\u00f5es s\u00e3o de responsabilidade dos anunciantes.\n\n\u26a0\ufe0f Aten\u00e7\u00e3o! Nunca pague por promessas de emprego nem compre cursos que garantam contrata\u00e7\u00e3o. Desconfie de qualquer cobran\u00e7a para participar de sele\u00e7\u00f5es.\n\n\n\n<\/div>\n<!-- CONTENT END 1 -->\n","protected":false},"excerpt":{"rendered":"<p>A Receita Federal abriu a consulta ao novo lote da malha fina do Imposto de Renda de 2024. Contribuintes de todo o pa\u00eds j\u00e1 podem&#8230;<\/p>\n","protected":false},"author":1,"featured_media":72968,"comment_status":"open","ping_status":"open","sticky":false,"template":"","format":"standard","meta":{"_uag_custom_page_level_css":"","advanced_seo_description":"","jetpack_seo_html_title":"","jetpack_seo_noindex":false,"jetpack_post_was_ever_published":false,"_jetpack_newsletter_access":"","_jetpack_dont_email_post_to_subs":false,"_jetpack_newsletter_tier_id":0,"_jetpack_memberships_contains_paywalled_content":false,"_jetpack_memberships_contains_paid_content":false,"footnotes":"","jetpack_publicize_message":"","jetpack_publicize_feature_enabled":true,"jetpack_social_post_already_shared":true,"jetpack_social_options":{"image_generator_settings":{"template":"highway","default_image_id":0,"font":"","enabled":false},"version":2}},"categories":[11],"tags":[210,1437,674,5927,596,1959,5926,1131,2550],"class_list":["post-72967","post","type-post","status-publish","format-standard","has-post-thumbnail","hentry","category-noticias-de-ribeirao-preto-sp-e-regiao-ismael-colosi","tag-abre","tag-consulta","tag-federal","tag-fina","tag-imposto","tag-lote","tag-malha","tag-receita","tag-renda"],"jetpack_publicize_connections":[],"jetpack_featured_media_url":"https:\/\/i0.wp.com\/ismaelcolosi.com.br\/wp-content\/uploads\/2024\/10\/irpf_2024_-_6_0.webp.webp?fit=1170%2C700&ssl=1","uagb_featured_image_src":{"full":["https:\/\/i0.wp.com\/ismaelcolosi.com.br\/wp-content\/uploads\/2024\/10\/irpf_2024_-_6_0.webp.webp?fit=1170%2C700&ssl=1",1170,700,false],"thumbnail":["https:\/\/i0.wp.com\/ismaelcolosi.com.br\/wp-content\/uploads\/2024\/10\/irpf_2024_-_6_0.webp.webp?resize=150%2C150&ssl=1",150,150,true],"medium":["https:\/\/i0.wp.com\/ismaelcolosi.com.br\/wp-content\/uploads\/2024\/10\/irpf_2024_-_6_0.webp.webp?fit=300%2C179&ssl=1",300,179,true],"medium_large":["https:\/\/i0.wp.com\/ismaelcolosi.com.br\/wp-content\/uploads\/2024\/10\/irpf_2024_-_6_0.webp.webp?fit=768%2C459&ssl=1",768,459,true],"large":["https:\/\/i0.wp.com\/ismaelcolosi.com.br\/wp-content\/uploads\/2024\/10\/irpf_2024_-_6_0.webp.webp?fit=1024%2C613&ssl=1",1024,613,true],"1536x1536":["https:\/\/i0.wp.com\/ismaelcolosi.com.br\/wp-content\/uploads\/2024\/10\/irpf_2024_-_6_0.webp.webp?fit=1170%2C700&ssl=1",1170,700,true],"2048x2048":["https:\/\/i0.wp.com\/ismaelcolosi.com.br\/wp-content\/uploads\/2024\/10\/irpf_2024_-_6_0.webp.webp?fit=1170%2C700&ssl=1",1170,700,true],"really-simple-thumb":["https:\/\/i0.wp.com\/ismaelcolosi.com.br\/wp-content\/uploads\/2024\/10\/irpf_2024_-_6_0.webp.webp?resize=370%2C247&ssl=1",370,247,true]},"uagb_author_info":{"display_name":"ismaelcolosi.com.br","author_link":"https:\/\/ismaelcolosi.com.br\/index.php\/author\/vidareal-online\/"},"uagb_comment_info":0,"uagb_excerpt":"A Receita Federal abriu a consulta ao novo lote da malha fina do Imposto de Renda de 2024. Contribuintes de todo o pa\u00eds j\u00e1 podem...","jetpack-related-posts":[{"id":38941,"url":"https:\/\/ismaelcolosi.com.br\/index.php\/2024\/02\/22\/receita-abre-consulta-a-lote-residual-do-imposto-de-renda\/","url_meta":{"origin":72967,"position":0},"title":"Receita abre consulta a lote residual do Imposto de Renda","author":"ismaelcolosi.com.br","date":"22 de February de 2024","format":false,"excerpt":"22 de fevereiro de 2024 | 13:3022 de fevereiro de 2024 | 10:48 0A Receita Federal abriu, nesta quinta-feira (22), a consulta ao lote residual de restitui\u00e7\u00e3o do Imposto de Renda Pessoa F\u00edsica (IRPF) de fevereiro de 2024. O pagamento ser\u00e1 feito no pr\u00f3ximo dia 29 para 208.323 contribuintes.Os lotes\u2026","rel":"","context":"In &quot;Not\u00edcias de Ribeir\u00e3o Preto-SP e Regi\u00e3o&quot;","block_context":{"text":"Not\u00edcias de Ribeir\u00e3o Preto-SP e Regi\u00e3o","link":"https:\/\/ismaelcolosi.com.br\/index.php\/category\/noticias-de-ribeirao-preto-sp-e-regiao-ismael-colosi\/"},"img":{"alt_text":"","src":"https:\/\/i0.wp.com\/ismaelcolosi.com.br\/wp-content\/uploads\/2024\/02\/imposto-de-renda_mcamgo_abr_030320221818-2-1-scaled.jpg?fit=1000%2C598&ssl=1&resize=350%2C200","width":350,"height":200,"srcset":"https:\/\/i0.wp.com\/ismaelcolosi.com.br\/wp-content\/uploads\/2024\/02\/imposto-de-renda_mcamgo_abr_030320221818-2-1-scaled.jpg?fit=1000%2C598&ssl=1&resize=350%2C200 1x, https:\/\/i0.wp.com\/ismaelcolosi.com.br\/wp-content\/uploads\/2024\/02\/imposto-de-renda_mcamgo_abr_030320221818-2-1-scaled.jpg?fit=1000%2C598&ssl=1&resize=525%2C300 1.5x, https:\/\/i0.wp.com\/ismaelcolosi.com.br\/wp-content\/uploads\/2024\/02\/imposto-de-renda_mcamgo_abr_030320221818-2-1-scaled.jpg?fit=1000%2C598&ssl=1&resize=700%2C400 2x"},"classes":[]},{"id":43456,"url":"https:\/\/ismaelcolosi.com.br\/index.php\/2024\/03\/21\/receita-abre-consulta-a-lote-residual-de-restituicao-do-ir-3\/","url_meta":{"origin":72967,"position":1},"title":"Receita abre consulta a lote residual de restitui\u00e7\u00e3o do IR","author":"ismaelcolosi.com.br","date":"21 de March de 2024","format":false,"excerpt":"21 de mar\u00e7o de 2024 | 12:0421 de mar\u00e7o de 2024 | 11:06 0A Receita Federal abriu nesta quinta-feira (21) consulta a mais um lote residual do Imposto de Renda Pessoa F\u00edsica. Cerca de 206 mil contribuintes que haviam ca\u00eddo na malha fina e acertaram as contas com o Fisco\u2026","rel":"","context":"In &quot;Not\u00edcias de Ribeir\u00e3o Preto-SP e Regi\u00e3o&quot;","block_context":{"text":"Not\u00edcias de Ribeir\u00e3o Preto-SP e Regi\u00e3o","link":"https:\/\/ismaelcolosi.com.br\/index.php\/category\/noticias-de-ribeirao-preto-sp-e-regiao-ismael-colosi\/"},"img":{"alt_text":"","src":"https:\/\/i0.wp.com\/ismaelcolosi.com.br\/wp-content\/uploads\/2024\/03\/receita-scaled.jpg?fit=1000%2C598&ssl=1&resize=350%2C200","width":350,"height":200,"srcset":"https:\/\/i0.wp.com\/ismaelcolosi.com.br\/wp-content\/uploads\/2024\/03\/receita-scaled.jpg?fit=1000%2C598&ssl=1&resize=350%2C200 1x, https:\/\/i0.wp.com\/ismaelcolosi.com.br\/wp-content\/uploads\/2024\/03\/receita-scaled.jpg?fit=1000%2C598&ssl=1&resize=525%2C300 1.5x, https:\/\/i0.wp.com\/ismaelcolosi.com.br\/wp-content\/uploads\/2024\/03\/receita-scaled.jpg?fit=1000%2C598&ssl=1&resize=700%2C400 2x"},"classes":[]},{"id":54647,"url":"https:\/\/ismaelcolosi.com.br\/index.php\/2024\/06\/26\/caiu-na-malha-fina-ribeirao-tem-atendimento-contabil-de-forma-gratuita-veja-como-participar\/","url_meta":{"origin":72967,"position":2},"title":"Caiu na malha fina? Ribeir\u00e3o tem atendimento cont\u00e1bil de forma gratuita; Veja como participar","author":"ismaelcolosi.com.br","date":"26 de June de 2024","format":false,"excerpt":"O Centro Universit\u00e1rio Est\u00e1cio de Ribeir\u00e3o Preto recebe, at\u00e9 o dia 10 de julho, contribuintes notificados pela Receita Federal por terem ca\u00eddo na malha fina para atendimento cont\u00e1bil. A consulta \u00e9 oferecida de forma gratuita pelo N\u00facleo de Apoio Cont\u00e1bil e Fiscal (NAF) da institui\u00e7\u00e3o. Os interessados em receber esse\u2026","rel":"","context":"In &quot;Not\u00edcias de Ribeir\u00e3o Preto-SP e Regi\u00e3o&quot;","block_context":{"text":"Not\u00edcias de Ribeir\u00e3o Preto-SP e Regi\u00e3o","link":"https:\/\/ismaelcolosi.com.br\/index.php\/category\/noticias-de-ribeirao-preto-sp-e-regiao-ismael-colosi\/"},"img":{"alt_text":"","src":"https:\/\/i0.wp.com\/ismaelcolosi.com.br\/wp-content\/uploads\/2024\/06\/working-business-lady_2024-06-26_20-16-14_jpg_2024-06-26_20-16-17-scaled.webp.webp?fit=1200%2C801&ssl=1&resize=350%2C200","width":350,"height":200,"srcset":"https:\/\/i0.wp.com\/ismaelcolosi.com.br\/wp-content\/uploads\/2024\/06\/working-business-lady_2024-06-26_20-16-14_jpg_2024-06-26_20-16-17-scaled.webp.webp?fit=1200%2C801&ssl=1&resize=350%2C200 1x, https:\/\/i0.wp.com\/ismaelcolosi.com.br\/wp-content\/uploads\/2024\/06\/working-business-lady_2024-06-26_20-16-14_jpg_2024-06-26_20-16-17-scaled.webp.webp?fit=1200%2C801&ssl=1&resize=525%2C300 1.5x, https:\/\/i0.wp.com\/ismaelcolosi.com.br\/wp-content\/uploads\/2024\/06\/working-business-lady_2024-06-26_20-16-14_jpg_2024-06-26_20-16-17-scaled.webp.webp?fit=1200%2C801&ssl=1&resize=700%2C400 2x, https:\/\/i0.wp.com\/ismaelcolosi.com.br\/wp-content\/uploads\/2024\/06\/working-business-lady_2024-06-26_20-16-14_jpg_2024-06-26_20-16-17-scaled.webp.webp?fit=1200%2C801&ssl=1&resize=1050%2C600 3x"},"classes":[]},{"id":8621,"url":"https:\/\/ismaelcolosi.com.br\/index.php\/2023\/11\/30\/receita-credita-r-76290-mi-do-irpf\/","url_meta":{"origin":72967,"position":3},"title":"Receita credita R$\u00a0762,90 mi do IRPF \u00a0","author":"ismaelcolosi.com.br","date":"30 de November de 2023","format":false,"excerpt":"30 de novembro de 2023 | 14:0030 de novembro de 2023 | 9:36 0A Receita Federal credita nesta quinta-feira, 30 de novembro, o montante referente ao segundo lote residual de restitui\u00e7\u00e3o do Imposto de Renda da Pessoa F\u00edsica (IRPF) de 2023. De acordo com o Fisco, o cr\u00e9dito banc\u00e1rio para\u2026","rel":"","context":"In &quot;Not\u00edcias de Ribeir\u00e3o Preto-SP e Regi\u00e3o&quot;","block_context":{"text":"Not\u00edcias de Ribeir\u00e3o Preto-SP e Regi\u00e3o","link":"https:\/\/ismaelcolosi.com.br\/index.php\/category\/noticias-de-ribeirao-preto-sp-e-regiao-ismael-colosi\/"},"img":{"alt_text":"","src":"https:\/\/i0.wp.com\/ismaelcolosi.com.br\/wp-content\/uploads\/2023\/11\/imposto-de-renda-scaled.jpg?fit=1000%2C598&ssl=1&resize=350%2C200","width":350,"height":200,"srcset":"https:\/\/i0.wp.com\/ismaelcolosi.com.br\/wp-content\/uploads\/2023\/11\/imposto-de-renda-scaled.jpg?fit=1000%2C598&ssl=1&resize=350%2C200 1x, https:\/\/i0.wp.com\/ismaelcolosi.com.br\/wp-content\/uploads\/2023\/11\/imposto-de-renda-scaled.jpg?fit=1000%2C598&ssl=1&resize=525%2C300 1.5x, https:\/\/i0.wp.com\/ismaelcolosi.com.br\/wp-content\/uploads\/2023\/11\/imposto-de-renda-scaled.jpg?fit=1000%2C598&ssl=1&resize=700%2C400 2x"},"classes":[]},{"id":39964,"url":"https:\/\/ismaelcolosi.com.br\/index.php\/2024\/02\/29\/receita-paga-nesta-quinta-restituicoes-de-lote-residual-do-irpf\/","url_meta":{"origin":72967,"position":4},"title":"Receita paga nesta quinta restitui\u00e7\u00f5es de lote residual do IRPF","author":"ismaelcolosi.com.br","date":"29 de February de 2024","format":false,"excerpt":"29 de fevereiro de 2024 | 9:0028 de fevereiro de 2024 | 18:26 0A Receita Federal credita, nesta quinta-feira (29), os valores das restitui\u00e7\u00f5es do lote residual do Imposto de Renda Pessoa F\u00edsica (IRPF) de fevereiro de 2024. Os lotes s\u00e3o de contribuintes que ca\u00edram na malha fina e regularizaram\u2026","rel":"","context":"In &quot;Not\u00edcias de Ribeir\u00e3o Preto-SP e Regi\u00e3o&quot;","block_context":{"text":"Not\u00edcias de Ribeir\u00e3o Preto-SP e Regi\u00e3o","link":"https:\/\/ismaelcolosi.com.br\/index.php\/category\/noticias-de-ribeirao-preto-sp-e-regiao-ismael-colosi\/"},"img":{"alt_text":"","src":"https:\/\/i0.wp.com\/ismaelcolosi.com.br\/wp-content\/uploads\/2024\/02\/ecb6130b-ddd4-4515-bf11-90fc583207b1-scaled.jpg?fit=1000%2C598&ssl=1&resize=350%2C200","width":350,"height":200,"srcset":"https:\/\/i0.wp.com\/ismaelcolosi.com.br\/wp-content\/uploads\/2024\/02\/ecb6130b-ddd4-4515-bf11-90fc583207b1-scaled.jpg?fit=1000%2C598&ssl=1&resize=350%2C200 1x, https:\/\/i0.wp.com\/ismaelcolosi.com.br\/wp-content\/uploads\/2024\/02\/ecb6130b-ddd4-4515-bf11-90fc583207b1-scaled.jpg?fit=1000%2C598&ssl=1&resize=525%2C300 1.5x, https:\/\/i0.wp.com\/ismaelcolosi.com.br\/wp-content\/uploads\/2024\/02\/ecb6130b-ddd4-4515-bf11-90fc583207b1-scaled.jpg?fit=1000%2C598&ssl=1&resize=700%2C400 2x"},"classes":[]},{"id":8617,"url":"https:\/\/ismaelcolosi.com.br\/index.php\/2023\/11\/30\/receita-paga-nesta-quinta-lote-extra-de-restituicao-do-ir-2023\/","url_meta":{"origin":72967,"position":5},"title":"Receita paga nesta quinta lote EXTRA de restitui\u00e7\u00e3o do IR 2023","author":"ismaelcolosi.com.br","date":"30 de November de 2023","format":false,"excerpt":"Cerca de 358 mil contribuintes que haviam ca\u00eddo na malha fina e acertaram as contas com o Fisco receber\u00e3o R$ 762,9 milh\u00f5es. A Receita Federal paga nesta quinta-feira, 30, mais um lote residual do Imposto de Renda Pessoa F\u00edsica. Cr\u00e9ditos: Jo\u00e9dson Alves\/Ag\u00eancia BrasilReceita paga nesta quinta lote EXTRA de restitui\u00e7\u00e3o\u2026","rel":"","context":"In &quot;Variedades&quot;","block_context":{"text":"Variedades","link":"https:\/\/ismaelcolosi.com.br\/index.php\/category\/variedades\/"},"img":{"alt_text":"","src":"https:\/\/i0.wp.com\/ismaelcolosi.com.br\/wp-content\/uploads\/2023\/11\/saiba-quando-sera-liberada-a-consulta-ao-3o-lote-da-restituicao-do-ir-2023.jpg?fit=1200%2C638&ssl=1&resize=350%2C200","width":350,"height":200,"srcset":"https:\/\/i0.wp.com\/ismaelcolosi.com.br\/wp-content\/uploads\/2023\/11\/saiba-quando-sera-liberada-a-consulta-ao-3o-lote-da-restituicao-do-ir-2023.jpg?fit=1200%2C638&ssl=1&resize=350%2C200 1x, https:\/\/i0.wp.com\/ismaelcolosi.com.br\/wp-content\/uploads\/2023\/11\/saiba-quando-sera-liberada-a-consulta-ao-3o-lote-da-restituicao-do-ir-2023.jpg?fit=1200%2C638&ssl=1&resize=525%2C300 1.5x, https:\/\/i0.wp.com\/ismaelcolosi.com.br\/wp-content\/uploads\/2023\/11\/saiba-quando-sera-liberada-a-consulta-ao-3o-lote-da-restituicao-do-ir-2023.jpg?fit=1200%2C638&ssl=1&resize=700%2C400 2x, https:\/\/i0.wp.com\/ismaelcolosi.com.br\/wp-content\/uploads\/2023\/11\/saiba-quando-sera-liberada-a-consulta-ao-3o-lote-da-restituicao-do-ir-2023.jpg?fit=1200%2C638&ssl=1&resize=1050%2C600 3x"},"classes":[]}],"jetpack_sharing_enabled":true,"jetpack_shortlink":"https:\/\/wp.me\/pfMlyK-iYT","_links":{"self":[{"href":"https:\/\/ismaelcolosi.com.br\/index.php\/wp-json\/wp\/v2\/posts\/72967","targetHints":{"allow":["GET"]}}],"collection":[{"href":"https:\/\/ismaelcolosi.com.br\/index.php\/wp-json\/wp\/v2\/posts"}],"about":[{"href":"https:\/\/ismaelcolosi.com.br\/index.php\/wp-json\/wp\/v2\/types\/post"}],"author":[{"embeddable":true,"href":"https:\/\/ismaelcolosi.com.br\/index.php\/wp-json\/wp\/v2\/users\/1"}],"replies":[{"embeddable":true,"href":"https:\/\/ismaelcolosi.com.br\/index.php\/wp-json\/wp\/v2\/comments?post=72967"}],"version-history":[{"count":0,"href":"https:\/\/ismaelcolosi.com.br\/index.php\/wp-json\/wp\/v2\/posts\/72967\/revisions"}],"wp:featuredmedia":[{"embeddable":true,"href":"https:\/\/ismaelcolosi.com.br\/index.php\/wp-json\/wp\/v2\/media\/72968"}],"wp:attachment":[{"href":"https:\/\/ismaelcolosi.com.br\/index.php\/wp-json\/wp\/v2\/media?parent=72967"}],"wp:term":[{"taxonomy":"category","embeddable":true,"href":"https:\/\/ismaelcolosi.com.br\/index.php\/wp-json\/wp\/v2\/categories?post=72967"},{"taxonomy":"post_tag","embeddable":true,"href":"https:\/\/ismaelcolosi.com.br\/index.php\/wp-json\/wp\/v2\/tags?post=72967"}],"curies":[{"name":"wp","href":"https:\/\/api.w.org\/{rel}","templated":true}]}}