{"id":72890,"date":"2024-10-23T20:13:19","date_gmt":"2024-10-23T23:13:19","guid":{"rendered":"https:\/\/ismaelcolosi.com.br\/index.php\/2024\/10\/23\/defesa-civil-intensifica-monitoramento-devido-a-previsao-de-chuvas-intensas-no-estado-de-sp\/"},"modified":"2024-10-23T20:13:19","modified_gmt":"2024-10-23T23:13:19","slug":"defesa-civil-intensifica-monitoramento-devido-a-previsao-de-chuvas-intensas-no-estado-de-sp","status":"publish","type":"post","link":"https:\/\/ismaelcolosi.com.br\/index.php\/2024\/10\/23\/defesa-civil-intensifica-monitoramento-devido-a-previsao-de-chuvas-intensas-no-estado-de-sp\/","title":{"rendered":"Defesa Civil intensifica monitoramento devido \u00e0 previs\u00e3o de chuvas intensas no Estado de SP"},"content":{"rendered":"<p> <br \/>\n<\/p>\n<div data-td-block-uid=\"tdi_106\">\n<div class=\"tdb-block-inner td-fix-index\">\n<p>Devido \u00e0 <strong>previs\u00e3o de temporais<\/strong> nos pr\u00f3ximos dias, a <strong>Defesa Civil<\/strong> informou que refor\u00e7ou as a\u00e7\u00f5es de <strong>preven\u00e7\u00e3o <\/strong>e <strong>monitoramento <\/strong>da chuva no <strong>Estado de S\u00e3o Paulo<\/strong>.<\/p>\n<p>Conforme o \u00f3rg\u00e3o, <mark style=\"background-color:#fcb900\" class=\"has-inline-color\">um <strong>gabinete de crise<\/strong> vai operar entre a quinta (24) e sexta-feira (25), para garantir pronta resposta \u00e0 popula\u00e7\u00e3o em casos de emerg\u00eancia<\/mark> \u2013 a previs\u00e3o da <strong>Defesa Civil<\/strong> \u00e9 de <strong>chuvas <\/strong>e <strong>ventos <\/strong>que podem <strong>ultrapassar os 70 km\/h<\/strong> em algumas regi\u00f5es.<\/p>\n<p>\u201cUm sistema que atualmente est\u00e1 no Sul do pa\u00eds cria condi\u00e7\u00f5es para rajadas de vento intensas. Aten\u00e7\u00e3o especial para a Baixada Santista e Regi\u00e3o Metropolitana de S\u00e3o Paulo\u201d, disse o \u00f3rg\u00e3o.<\/p>\n<h3 class=\"wp-block-heading\"><strong>Como fica Ribeir\u00e3o Preto?<\/strong><\/h3>\n<p>Um <strong>ciclone extratropical<\/strong> ir\u00e1 se desenvolver entre o <strong>Uruguai <\/strong>e a costa do <strong>Rio Grande do Sul<\/strong> amanh\u00e3, com isso, uma <strong>nova frente fria ser\u00e1 formada<\/strong>.<\/p>\n<p>Apesar de <strong>n\u00e3o passar pelo litoral de S\u00e3o Paulo<\/strong>, a <strong><a href=\"https:\/\/www.climatempo.com.br\/\" target=\"_blank\" rel=\"noreferrer noopener\">Climatempo <\/a><\/strong>diz que os <strong>fortes ventos<\/strong> devem ser sentidos em algumas \u00e1reas do Estado, inclusive em <strong>Ribeir\u00e3o Preto<\/strong>. <mark style=\"background-color:#fcb900\" class=\"has-inline-color\">Al\u00e9m disso, as chances para <strong>chuva <\/strong>aumentam no decorrer do final de semana.<\/mark><\/p>\n<p>Por conta deste cen\u00e1rio, o <strong>Inmet (Instituto Nacional de Meteorologia)<\/strong> emitiu um novo <strong>alerta de perigo potencial<\/strong> para <strong>Ribeir\u00e3o <\/strong>\u2013 clique aqui e veja todas as regi\u00f5es afetas. <\/p>\n<h4 class=\"wp-block-heading\"><strong>Orienta\u00e7\u00f5es de seguran\u00e7a<\/strong><\/h4>\n<p>Al\u00e9m do gabinete, a <strong>Defesa Civil do Estado de S\u00e3o Paulo<\/strong> tamb\u00e9m divulgou algumas <strong>medidas de seguran\u00e7a<\/strong> por conta deste cen\u00e1rio. Confira:<\/p>\n<ul>\n<li>Evite lugares abertos, como praias, campos de futebol e estacionamentos<\/li>\n<\/ul>\n<ul>\n<li>Evite ficar perto de objetos altos e isolados, como \u00e1rvores, postes, caixas d\u2019\u00e1gua e quiosques<\/li>\n<\/ul>\n<ul>\n<li>No momento da chuva mantenha dist\u00e2ncia de aparelhos e objetos ligados \u00e0 rede el\u00e9trica, como geladeiras, fog\u00f5es e TVs<\/li>\n<\/ul>\n<ul>\n<li>Evite tomar banho durante a tempestade<\/li>\n<\/ul>\n<ul>\n<li>Em caso de ventos fortes, tenha cuidado com a queda de \u00e1rvores, postes, fios e sem\u00e1foros<\/li>\n<\/ul>\n<ul>\n<li>N\u00e3o desafie a for\u00e7a das \u00e1guas, n\u00e3o tente transpor uma enxurrada ou andar em \u00e1reas alagadas<\/li>\n<\/ul>\n<ul>\n<li>Se estiver em uma \u00e1rea de encosta, observe sinais de movimenta\u00e7\u00e3o do solo, como rachaduras nas paredes, \u00e1rvores e postes inclinados, e \u00e1gua lamacenta<\/li>\n<\/ul>\n<ul>\n<li>Se um fio energizado cair sobre o ve\u00edculo, permane\u00e7a dentro do carro e ligue para o servi\u00e7o de emerg\u00eancia<\/li>\n<\/ul>\n<hr class=\"wp-block-separator has-alpha-channel-opacity\"\/>\n<p>SAIBA MAIS<\/p>\n<p>Tribunal de Justi\u00e7a de SP inaugura novas Varas C\u00edveis e da Fam\u00edlia em Ribeir\u00e3o Preto<\/p>\n<h4 class=\"wp-block-heading\"><strong>FIQUE ON<\/strong><\/h4>\n<p>Fique ligado em tudo que acontece em Ribeir\u00e3o Preto e regi\u00e3o. Siga os perfis do\u00a0<strong>acidade on<\/strong>\u00a0no\u00a0<a href=\"https:\/\/www.instagram.com\/acidadeonribeirao\" target=\"_blank\" rel=\"noreferrer noopener\">Instagram<\/a>\u00a0e no\u00a0<a href=\"https:\/\/www.facebook.com\/acidadeonribeirao\/\" target=\"_blank\" rel=\"noreferrer noopener\">Facebook<\/a>.<\/p>\n<p>Receba not\u00edcias do\u00a0<strong>acidade on<\/strong>\u00a0no WhatsApp.\u00a0<a href=\"https:\/\/chat.whatsapp.com\/Fg4ok3aAVyB59DP63pRapr\" target=\"_blank\" rel=\"noreferrer noopener\">Para entrar no grupo, basta clicar aqui.<\/a><\/p>\n<p>Fa\u00e7a uma den\u00fancia ou sugira uma reportagem sobre Ribeir\u00e3o Preto e regi\u00e3o pelo WhatsApp: 16 99117 7802.<\/p>\n<p>VEJA TAMB\u00c9M<\/p>\n<p>Onde Christina Aguilera vai fazer show no Brasil?<\/p>\n<p><!-- CONTENT END 1 -->\n<\/div>\n<\/div>\n<p><script async src=\"\/\/www.instagram.com\/embed.js\"><\/script><br \/>\n<br \/><br \/>\n<br \/><a href=\"https:\/\/www.acidadeon.com\/ribeiraopreto\/cotidiano\/defesa-civil-intensifica-monitoramento-devido-a-previsao-de-chuvas-intensas-no-estado-de-sp\/\">Source link <\/a><\/p>\n","protected":false},"excerpt":{"rendered":"<p>Devido \u00e0 previs\u00e3o de temporais nos pr\u00f3ximos dias, a Defesa Civil informou que refor\u00e7ou as a\u00e7\u00f5es de preven\u00e7\u00e3o e monitoramento da chuva no Estado de&#8230;<\/p>\n","protected":false},"author":1,"featured_media":72891,"comment_status":"open","ping_status":"open","sticky":false,"template":"","format":"standard","meta":{"_uag_custom_page_level_css":"","advanced_seo_description":"","jetpack_seo_html_title":"","jetpack_seo_noindex":false,"jetpack_post_was_ever_published":false,"_jetpack_newsletter_access":"","_jetpack_dont_email_post_to_subs":false,"_jetpack_newsletter_tier_id":0,"_jetpack_memberships_contains_paywalled_content":false,"_jetpack_memberships_contains_paid_content":false,"footnotes":"","jetpack_publicize_message":"","jetpack_publicize_feature_enabled":true,"jetpack_social_post_already_shared":true,"jetpack_social_options":{"image_generator_settings":{"template":"highway","default_image_id":0,"font":"","enabled":false},"version":2}},"categories":[11],"tags":[],"class_list":["post-72890","post","type-post","status-publish","format-standard","has-post-thumbnail","hentry","category-noticias-de-ribeirao-preto-sp-e-regiao-ismael-colosi"],"jetpack_publicize_connections":[],"jetpack_featured_media_url":"https:\/\/i0.wp.com\/ismaelcolosi.com.br\/wp-content\/uploads\/2024\/10\/WhatsApp-Image-2024-10-23-at-18.14.43_2024-10-23_22-19-38_jpeg_2024-10-23_22-19-39-scaled.webp.webp?fit=2560%2C1440&ssl=1","uagb_featured_image_src":{"full":["https:\/\/i0.wp.com\/ismaelcolosi.com.br\/wp-content\/uploads\/2024\/10\/WhatsApp-Image-2024-10-23-at-18.14.43_2024-10-23_22-19-38_jpeg_2024-10-23_22-19-39-scaled.webp.webp?fit=2560%2C1440&ssl=1",2560,1440,false],"thumbnail":["https:\/\/i0.wp.com\/ismaelcolosi.com.br\/wp-content\/uploads\/2024\/10\/WhatsApp-Image-2024-10-23-at-18.14.43_2024-10-23_22-19-38_jpeg_2024-10-23_22-19-39-scaled.webp.webp?resize=150%2C150&ssl=1",150,150,true],"medium":["https:\/\/i0.wp.com\/ismaelcolosi.com.br\/wp-content\/uploads\/2024\/10\/WhatsApp-Image-2024-10-23-at-18.14.43_2024-10-23_22-19-38_jpeg_2024-10-23_22-19-39-scaled.webp.webp?fit=300%2C169&ssl=1",300,169,true],"medium_large":["https:\/\/i0.wp.com\/ismaelcolosi.com.br\/wp-content\/uploads\/2024\/10\/WhatsApp-Image-2024-10-23-at-18.14.43_2024-10-23_22-19-38_jpeg_2024-10-23_22-19-39-scaled.webp.webp?fit=768%2C432&ssl=1",768,432,true],"large":["https:\/\/i0.wp.com\/ismaelcolosi.com.br\/wp-content\/uploads\/2024\/10\/WhatsApp-Image-2024-10-23-at-18.14.43_2024-10-23_22-19-38_jpeg_2024-10-23_22-19-39-scaled.webp.webp?fit=1024%2C576&ssl=1",1024,576,true],"1536x1536":["https:\/\/i0.wp.com\/ismaelcolosi.com.br\/wp-content\/uploads\/2024\/10\/WhatsApp-Image-2024-10-23-at-18.14.43_2024-10-23_22-19-38_jpeg_2024-10-23_22-19-39-scaled.webp.webp?fit=1536%2C864&ssl=1",1536,864,true],"2048x2048":["https:\/\/i0.wp.com\/ismaelcolosi.com.br\/wp-content\/uploads\/2024\/10\/WhatsApp-Image-2024-10-23-at-18.14.43_2024-10-23_22-19-38_jpeg_2024-10-23_22-19-39-scaled.webp.webp?fit=2048%2C1152&ssl=1",2048,1152,true],"really-simple-thumb":["https:\/\/i0.wp.com\/ismaelcolosi.com.br\/wp-content\/uploads\/2024\/10\/WhatsApp-Image-2024-10-23-at-18.14.43_2024-10-23_22-19-38_jpeg_2024-10-23_22-19-39-scaled.webp.webp?resize=370%2C247&ssl=1",370,247,true]},"uagb_author_info":{"display_name":"ismaelcolosi.com.br","author_link":"https:\/\/ismaelcolosi.com.br\/index.php\/author\/vidareal-online\/"},"uagb_comment_info":0,"uagb_excerpt":"Devido \u00e0 previs\u00e3o de temporais nos pr\u00f3ximos dias, a Defesa Civil informou que refor\u00e7ou as a\u00e7\u00f5es de preven\u00e7\u00e3o e monitoramento da chuva no Estado de...","jetpack-related-posts":[{"id":72183,"url":"https:\/\/ismaelcolosi.com.br\/index.php\/2024\/10\/20\/defesa-civil-atualiza-informacoes-sobre-as-chuvas-no-estado-de-sp\/","url_meta":{"origin":72890,"position":0},"title":"Defesa Civil atualiza informa\u00e7\u00f5es sobre as chuvas no estado de SP","author":"ismaelcolosi.com.br","date":"20 de October de 2024","format":false,"excerpt":"A Defesa Civil de S\u00e3o Paulo publicou neste domingo (20) novas informa\u00e7\u00f5es sobre as chuvas no estado. Segundo o \u00f3rg\u00e3o, mesmo com a frente fria j\u00e1 afastada, o tempo segue inst\u00e1vel. Por\u00e9m, n\u00e3o h\u00e1 risco para temporais em nenhuma das \u00e1reas monitoradas, com possibilidade para pancadas de chuva isoladas. \u201cA\u2026","rel":"","context":"In &quot;Not\u00edcias de Ribeir\u00e3o Preto-SP e Regi\u00e3o&quot;","block_context":{"text":"Not\u00edcias de Ribeir\u00e3o Preto-SP e Regi\u00e3o","link":"https:\/\/ismaelcolosi.com.br\/index.php\/category\/noticias-de-ribeirao-preto-sp-e-regiao-ismael-colosi\/"},"img":{"alt_text":"","src":"https:\/\/i0.wp.com\/ismaelcolosi.com.br\/wp-content\/uploads\/2024\/10\/WhatsApp-Image-2024-02-15-at-08.13.35-1.jpeg?fit=1200%2C540&ssl=1&resize=350%2C200","width":350,"height":200,"srcset":"https:\/\/i0.wp.com\/ismaelcolosi.com.br\/wp-content\/uploads\/2024\/10\/WhatsApp-Image-2024-02-15-at-08.13.35-1.jpeg?fit=1200%2C540&ssl=1&resize=350%2C200 1x, https:\/\/i0.wp.com\/ismaelcolosi.com.br\/wp-content\/uploads\/2024\/10\/WhatsApp-Image-2024-02-15-at-08.13.35-1.jpeg?fit=1200%2C540&ssl=1&resize=525%2C300 1.5x, https:\/\/i0.wp.com\/ismaelcolosi.com.br\/wp-content\/uploads\/2024\/10\/WhatsApp-Image-2024-02-15-at-08.13.35-1.jpeg?fit=1200%2C540&ssl=1&resize=700%2C400 2x, https:\/\/i0.wp.com\/ismaelcolosi.com.br\/wp-content\/uploads\/2024\/10\/WhatsApp-Image-2024-02-15-at-08.13.35-1.jpeg?fit=1200%2C540&ssl=1&resize=1050%2C600 3x"},"classes":[]},{"id":45890,"url":"https:\/\/ismaelcolosi.com.br\/index.php\/2024\/04\/08\/alerta-de-chuvas-intensas-e-emitido-para-o-interior-de-sp-veja-os-municipios\/","url_meta":{"origin":72890,"position":1},"title":"Alerta de chuvas intensas \u00e9 emitido para o interior de SP; Veja os munic\u00edpios","author":"ismaelcolosi.com.br","date":"8 de April de 2024","format":false,"excerpt":"O interior do Estado de S\u00e3o Paulo recebeu um novo alerta de perigo potencial para chuvas intensas, nesta segunda-feira (8). Uma nova frente fria deve se deslocar nesta semana em dire\u00e7\u00e3o ao estado e aumentar a condi\u00e7\u00e3o para chuva e queda de temperatura no pr\u00f3ximo fim de semana, de acordo\u2026","rel":"","context":"In &quot;Not\u00edcias de Ribeir\u00e3o Preto-SP e Regi\u00e3o&quot;","block_context":{"text":"Not\u00edcias de Ribeir\u00e3o Preto-SP e Regi\u00e3o","link":"https:\/\/ismaelcolosi.com.br\/index.php\/category\/noticias-de-ribeirao-preto-sp-e-regiao-ismael-colosi\/"},"img":{"alt_text":"","src":"https:\/\/i0.wp.com\/ismaelcolosi.com.br\/wp-content\/uploads\/2024\/04\/20220922_134335-scaled.jpg?fit=1200%2C675&ssl=1&resize=350%2C200","width":350,"height":200,"srcset":"https:\/\/i0.wp.com\/ismaelcolosi.com.br\/wp-content\/uploads\/2024\/04\/20220922_134335-scaled.jpg?fit=1200%2C675&ssl=1&resize=350%2C200 1x, https:\/\/i0.wp.com\/ismaelcolosi.com.br\/wp-content\/uploads\/2024\/04\/20220922_134335-scaled.jpg?fit=1200%2C675&ssl=1&resize=525%2C300 1.5x, https:\/\/i0.wp.com\/ismaelcolosi.com.br\/wp-content\/uploads\/2024\/04\/20220922_134335-scaled.jpg?fit=1200%2C675&ssl=1&resize=700%2C400 2x, https:\/\/i0.wp.com\/ismaelcolosi.com.br\/wp-content\/uploads\/2024\/04\/20220922_134335-scaled.jpg?fit=1200%2C675&ssl=1&resize=1050%2C600 3x"},"classes":[]},{"id":43004,"url":"https:\/\/ismaelcolosi.com.br\/index.php\/2024\/03\/18\/frente-fria-vai-trazer-chuva-para-o-interior-de-sp-veja-as-regioes-afetadas\/","url_meta":{"origin":72890,"position":2},"title":"Frente fria vai trazer chuva para o interior de SP; Veja as regi\u00f5es afetadas","author":"ismaelcolosi.com.br","date":"18 de March de 2024","format":false,"excerpt":"O interior do Estado de S\u00e3o Paulo recebeu um novo alerta de perigo potencial para chuvas intensas, nesta segunda-feira (18). O alerta foi emitido poucos dias antes da primeira frente fria do outono, que tem previs\u00e3o de mudar o tempo e encerrar a onda de calor, no estado, com previs\u00e3o\u2026","rel":"","context":"In &quot;Not\u00edcias de Ribeir\u00e3o Preto-SP e Regi\u00e3o&quot;","block_context":{"text":"Not\u00edcias de Ribeir\u00e3o Preto-SP e Regi\u00e3o","link":"https:\/\/ismaelcolosi.com.br\/index.php\/category\/noticias-de-ribeirao-preto-sp-e-regiao-ismael-colosi\/"},"img":{"alt_text":"","src":"https:\/\/i0.wp.com\/ismaelcolosi.com.br\/wp-content\/uploads\/2024\/03\/1710791582_Capturar-3.jpg?fit=739%2C452&ssl=1&resize=350%2C200","width":350,"height":200,"srcset":"https:\/\/i0.wp.com\/ismaelcolosi.com.br\/wp-content\/uploads\/2024\/03\/1710791582_Capturar-3.jpg?fit=739%2C452&ssl=1&resize=350%2C200 1x, https:\/\/i0.wp.com\/ismaelcolosi.com.br\/wp-content\/uploads\/2024\/03\/1710791582_Capturar-3.jpg?fit=739%2C452&ssl=1&resize=525%2C300 1.5x, https:\/\/i0.wp.com\/ismaelcolosi.com.br\/wp-content\/uploads\/2024\/03\/1710791582_Capturar-3.jpg?fit=739%2C452&ssl=1&resize=700%2C400 2x"},"classes":[]},{"id":29511,"url":"https:\/\/ismaelcolosi.com.br\/index.php\/2024\/01\/18\/interior-de-sp-tem-alerta-de-chuvas-intensas-veja-os-locais-afetados\/","url_meta":{"origin":72890,"position":3},"title":"Interior de SP tem alerta de chuvas intensas; Veja os locais afetados","author":"ismaelcolosi.com.br","date":"18 de January de 2024","format":false,"excerpt":"O Inmet (Instituto Nacional de Meteorologia) publicou nesta quinta-feira (18) um alerta de chuvas intensas para o interior de S\u00e3o Paulo. O aviso \u00e9 v\u00e1lido at\u00e9 as 10h desta sexta-feira (19). De acordo com o \u00f3rg\u00e3o, pode chover o acumulado de at\u00e9 50 mil\u00edmetros no per\u00edodo de um dia e\u2026","rel":"","context":"In &quot;Not\u00edcias de Ribeir\u00e3o Preto-SP e Regi\u00e3o&quot;","block_context":{"text":"Not\u00edcias de Ribeir\u00e3o Preto-SP e Regi\u00e3o","link":"https:\/\/ismaelcolosi.com.br\/index.php\/category\/noticias-de-ribeirao-preto-sp-e-regiao-ismael-colosi\/"},"img":{"alt_text":"","src":"https:\/\/i0.wp.com\/ismaelcolosi.com.br\/wp-content\/uploads\/2024\/01\/chuva-no-interior.jpeg?fit=1200%2C903&ssl=1&resize=350%2C200","width":350,"height":200,"srcset":"https:\/\/i0.wp.com\/ismaelcolosi.com.br\/wp-content\/uploads\/2024\/01\/chuva-no-interior.jpeg?fit=1200%2C903&ssl=1&resize=350%2C200 1x, https:\/\/i0.wp.com\/ismaelcolosi.com.br\/wp-content\/uploads\/2024\/01\/chuva-no-interior.jpeg?fit=1200%2C903&ssl=1&resize=525%2C300 1.5x, https:\/\/i0.wp.com\/ismaelcolosi.com.br\/wp-content\/uploads\/2024\/01\/chuva-no-interior.jpeg?fit=1200%2C903&ssl=1&resize=700%2C400 2x, https:\/\/i0.wp.com\/ismaelcolosi.com.br\/wp-content\/uploads\/2024\/01\/chuva-no-interior.jpeg?fit=1200%2C903&ssl=1&resize=1050%2C600 3x"},"classes":[]},{"id":5043,"url":"https:\/\/ismaelcolosi.com.br\/index.php\/2023\/11\/22\/interior-do-estado-de-sp-tem-alerta-da-defesa-civil-para-temporais-de-ate-170-milimetros\/","url_meta":{"origin":72890,"position":4},"title":"Interior do estado de SP tem alerta da Defesa Civil para temporais de at\u00e9 170 mil\u00edmetros","author":"ismaelcolosi.com.br","date":"22 de November de 2023","format":false,"excerpt":"A Defesa Civil publicou um alerta nesta quarta-feira (22) para temporais que podem ocorrer no interior de S\u00e3o Paulo entre quinta-feira (23) e s\u00e1bado (25).\u00a0 As chuvas podem atingir o acumulado de 170 mil\u00edmetros e s\u00e3o motivadas por uma frente fria que chegou ao estado. De acordo com o \u00f3rg\u00e3o,\u2026","rel":"","context":"In &quot;Not\u00edcias de Ribeir\u00e3o Preto-SP e Regi\u00e3o&quot;","block_context":{"text":"Not\u00edcias de Ribeir\u00e3o Preto-SP e Regi\u00e3o","link":"https:\/\/ismaelcolosi.com.br\/index.php\/category\/noticias-de-ribeirao-preto-sp-e-regiao-ismael-colosi\/"},"img":{"alt_text":"","src":"https:\/\/i0.wp.com\/ismaelcolosi.com.br\/wp-content\/uploads\/2023\/11\/WhatsApp-Image-2023-10-27-at-06.48.27.jpeg?fit=1200%2C540&ssl=1&resize=350%2C200","width":350,"height":200,"srcset":"https:\/\/i0.wp.com\/ismaelcolosi.com.br\/wp-content\/uploads\/2023\/11\/WhatsApp-Image-2023-10-27-at-06.48.27.jpeg?fit=1200%2C540&ssl=1&resize=350%2C200 1x, https:\/\/i0.wp.com\/ismaelcolosi.com.br\/wp-content\/uploads\/2023\/11\/WhatsApp-Image-2023-10-27-at-06.48.27.jpeg?fit=1200%2C540&ssl=1&resize=525%2C300 1.5x, https:\/\/i0.wp.com\/ismaelcolosi.com.br\/wp-content\/uploads\/2023\/11\/WhatsApp-Image-2023-10-27-at-06.48.27.jpeg?fit=1200%2C540&ssl=1&resize=700%2C400 2x, https:\/\/i0.wp.com\/ismaelcolosi.com.br\/wp-content\/uploads\/2023\/11\/WhatsApp-Image-2023-10-27-at-06.48.27.jpeg?fit=1200%2C540&ssl=1&resize=1050%2C600 3x"},"classes":[]},{"id":29895,"url":"https:\/\/ismaelcolosi.com.br\/index.php\/2024\/01\/19\/temporal-provoca-estragos-cidade-regiao-de-ribeirao-preto\/","url_meta":{"origin":72890,"position":5},"title":"Temporal provoca estragos em cidade na regi\u00e3o de Ribeir\u00e3o Preto","author":"ismaelcolosi.com.br","date":"19 de January de 2024","format":false,"excerpt":"O temporal que atinge a regi\u00e3o de Ribeir\u00e3o Preto na tarde desta sexta-feira (19) provocou estragos em Barretos, na regi\u00e3o de Ribeir\u00e3o Preto. O interior de S\u00e3o Paulo est\u00e1 em alerta de chuvas fortes neste final de semana. De acordo com a Defesa Civil de Barretos, ca\u00edram oito postes de\u2026","rel":"","context":"In &quot;Not\u00edcias de Ribeir\u00e3o Preto-SP e Regi\u00e3o&quot;","block_context":{"text":"Not\u00edcias de Ribeir\u00e3o Preto-SP e Regi\u00e3o","link":"https:\/\/ismaelcolosi.com.br\/index.php\/category\/noticias-de-ribeirao-preto-sp-e-regiao-ismael-colosi\/"},"img":{"alt_text":"","src":"https:\/\/i0.wp.com\/ismaelcolosi.com.br\/wp-content\/uploads\/2024\/01\/queda-de-arvores.jpeg?fit=1200%2C900&ssl=1&resize=350%2C200","width":350,"height":200,"srcset":"https:\/\/i0.wp.com\/ismaelcolosi.com.br\/wp-content\/uploads\/2024\/01\/queda-de-arvores.jpeg?fit=1200%2C900&ssl=1&resize=350%2C200 1x, https:\/\/i0.wp.com\/ismaelcolosi.com.br\/wp-content\/uploads\/2024\/01\/queda-de-arvores.jpeg?fit=1200%2C900&ssl=1&resize=525%2C300 1.5x, https:\/\/i0.wp.com\/ismaelcolosi.com.br\/wp-content\/uploads\/2024\/01\/queda-de-arvores.jpeg?fit=1200%2C900&ssl=1&resize=700%2C400 2x, https:\/\/i0.wp.com\/ismaelcolosi.com.br\/wp-content\/uploads\/2024\/01\/queda-de-arvores.jpeg?fit=1200%2C900&ssl=1&resize=1050%2C600 3x"},"classes":[]}],"jetpack_sharing_enabled":true,"jetpack_shortlink":"https:\/\/wp.me\/pfMlyK-iXE","_links":{"self":[{"href":"https:\/\/ismaelcolosi.com.br\/index.php\/wp-json\/wp\/v2\/posts\/72890","targetHints":{"allow":["GET"]}}],"collection":[{"href":"https:\/\/ismaelcolosi.com.br\/index.php\/wp-json\/wp\/v2\/posts"}],"about":[{"href":"https:\/\/ismaelcolosi.com.br\/index.php\/wp-json\/wp\/v2\/types\/post"}],"author":[{"embeddable":true,"href":"https:\/\/ismaelcolosi.com.br\/index.php\/wp-json\/wp\/v2\/users\/1"}],"replies":[{"embeddable":true,"href":"https:\/\/ismaelcolosi.com.br\/index.php\/wp-json\/wp\/v2\/comments?post=72890"}],"version-history":[{"count":0,"href":"https:\/\/ismaelcolosi.com.br\/index.php\/wp-json\/wp\/v2\/posts\/72890\/revisions"}],"wp:featuredmedia":[{"embeddable":true,"href":"https:\/\/ismaelcolosi.com.br\/index.php\/wp-json\/wp\/v2\/media\/72891"}],"wp:attachment":[{"href":"https:\/\/ismaelcolosi.com.br\/index.php\/wp-json\/wp\/v2\/media?parent=72890"}],"wp:term":[{"taxonomy":"category","embeddable":true,"href":"https:\/\/ismaelcolosi.com.br\/index.php\/wp-json\/wp\/v2\/categories?post=72890"},{"taxonomy":"post_tag","embeddable":true,"href":"https:\/\/ismaelcolosi.com.br\/index.php\/wp-json\/wp\/v2\/tags?post=72890"}],"curies":[{"name":"wp","href":"https:\/\/api.w.org\/{rel}","templated":true}]}}