{"id":72886,"date":"2024-10-23T19:54:28","date_gmt":"2024-10-23T22:54:28","guid":{"rendered":"https:\/\/ismaelcolosi.com.br\/index.php\/2024\/10\/23\/idosa-fica-ferida-apos-sofrer-ataque-de-pitbull-na-regiao-de-ribeirao\/"},"modified":"2024-10-23T19:54:28","modified_gmt":"2024-10-23T22:54:28","slug":"idosa-fica-ferida-apos-sofrer-ataque-de-pitbull-na-regiao-de-ribeirao","status":"publish","type":"post","link":"https:\/\/ismaelcolosi.com.br\/index.php\/2024\/10\/23\/idosa-fica-ferida-apos-sofrer-ataque-de-pitbull-na-regiao-de-ribeirao\/","title":{"rendered":"Idosa fica ferida ap\u00f3s sofrer ataque de pitbull na regi\u00e3o de Ribeir\u00e3o"},"content":{"rendered":"<p> <br \/>\n<\/p>\n<div data-td-block-uid=\"tdi_106\">\n<div class=\"tdb-block-inner td-fix-index\">\n<p><strong>Uma idosa de 72 anos ficou ferida ap\u00f3s ser atacada por um c\u00e3o da ra\u00e7a Pitbull<\/strong>, em Santa Rosa de Viterbo, <strong>na regi\u00e3o de Ribeir\u00e3o Preto.<\/strong> <\/p>\n<p>De acordo com o <strong>Boletim de Ocorr\u00eancia<\/strong>, a v\u00edtima estava na esquina da rua Rio Grande do Sul, a caminho da padaria, quando sofreu o ataque. Pessoas que estavam no local ajudaram a socorrer<mark style=\"background-color:#fcb900\" class=\"has-inline-color\"> a idosa que teve ferimentos na cabe\u00e7a, em um dos bra\u00e7os, no gl\u00fateo e na orelha, que precisar\u00e1 ser reconstru\u00edda.<\/mark><\/p>\n<p>\u00c0 Pol\u00edcia, <strong>a v\u00edtima contou que o fato n\u00e3o \u00e9 isolado e que o c\u00e3o j\u00e1 teria atacadado outras duas pessoas.<\/strong> <\/p>\n<p><strong>O dono do animal n\u00e3o foi identificado. <\/strong><\/p>\n<p>SAIBA MAIS<\/p>\n<p>Tribunal de Justi\u00e7a de SP inaugura novas Varas C\u00edveis e da Fam\u00edlia em Ribeir\u00e3o Preto<\/p>\n<h4 class=\"wp-block-heading\"><strong>FIQUE ON<\/strong><\/h4>\n<p>Fique ligado em tudo que acontece em Ribeir\u00e3o Preto e regi\u00e3o. Siga os perfis do\u00a0<strong>acidade on<\/strong>\u00a0no\u00a0<a href=\"https:\/\/www.instagram.com\/acidadeonribeirao\" target=\"_blank\" rel=\"noreferrer noopener\">Instagram<\/a>\u00a0e no\u00a0<a href=\"https:\/\/www.facebook.com\/acidadeonribeirao\/\" target=\"_blank\" rel=\"noreferrer noopener\">Facebook<\/a>.<\/p>\n<p>Receba not\u00edcias do\u00a0<strong>acidade on<\/strong>\u00a0no WhatsApp.\u00a0<a href=\"https:\/\/chat.whatsapp.com\/Fg4ok3aAVyB59DP63pRapr\" target=\"_blank\" rel=\"noreferrer noopener\">Para entrar no grupo, basta clicar aqui.<\/a><\/p>\n<p>Fa\u00e7a uma den\u00fancia ou sugira uma reportagem sobre Ribeir\u00e3o Preto e regi\u00e3o pelo WhatsApp: 16 99117 7802.<\/p>\n<p>VEJA TAMB\u00c9M<\/p>\n<p>Onde Christina Aguilera vai fazer show no Brasil?<\/p>\n<p><!-- CONTENT END 1 -->\n<\/div>\n<\/div>\n<p><script async src=\"\/\/www.instagram.com\/embed.js\"><\/script><br \/>\n<br \/><br \/>\n<br \/><a href=\"https:\/\/www.acidadeon.com\/ribeiraopreto\/cotidiano\/idosa-fica-ferida-apos-sofrer-ataque-de-pitbull-na-regiao-de-ribeirao\/\">Source link <\/a><\/p>\n","protected":false},"excerpt":{"rendered":"<p>Uma idosa de 72 anos ficou ferida ap\u00f3s ser atacada por um c\u00e3o da ra\u00e7a Pitbull, em Santa Rosa de Viterbo, na regi\u00e3o de Ribeir\u00e3o&#8230;<\/p>\n","protected":false},"author":1,"featured_media":72887,"comment_status":"open","ping_status":"open","sticky":false,"template":"","format":"standard","meta":{"_uag_custom_page_level_css":"","advanced_seo_description":"","jetpack_seo_html_title":"","jetpack_seo_noindex":false,"jetpack_post_was_ever_published":false,"_jetpack_newsletter_access":"","_jetpack_dont_email_post_to_subs":false,"_jetpack_newsletter_tier_id":0,"_jetpack_memberships_contains_paywalled_content":false,"_jetpack_memberships_contains_paid_content":false,"footnotes":"","jetpack_publicize_message":"","jetpack_publicize_feature_enabled":true,"jetpack_social_post_already_shared":true,"jetpack_social_options":{"image_generator_settings":{"template":"highway","default_image_id":0,"font":"","enabled":false},"version":2}},"categories":[11],"tags":[],"class_list":["post-72886","post","type-post","status-publish","format-standard","has-post-thumbnail","hentry","category-noticias-de-ribeirao-preto-sp-e-regiao-ismael-colosi"],"jetpack_publicize_connections":[],"jetpack_featured_media_url":"https:\/\/i0.wp.com\/ismaelcolosi.com.br\/wp-content\/uploads\/2024\/10\/Copia-de-Copia-de-Copia-de-TAMANHO-EXATO-PARA-FOTOS-NO-SISTEMA-NOVO-39_2024-10-23_22-28-24_png_2024-10-23_22-28-24.webp.webp?fit=1200%2C675&ssl=1","uagb_featured_image_src":{"full":["https:\/\/i0.wp.com\/ismaelcolosi.com.br\/wp-content\/uploads\/2024\/10\/Copia-de-Copia-de-Copia-de-TAMANHO-EXATO-PARA-FOTOS-NO-SISTEMA-NOVO-39_2024-10-23_22-28-24_png_2024-10-23_22-28-24.webp.webp?fit=1200%2C675&ssl=1",1200,675,false],"thumbnail":["https:\/\/i0.wp.com\/ismaelcolosi.com.br\/wp-content\/uploads\/2024\/10\/Copia-de-Copia-de-Copia-de-TAMANHO-EXATO-PARA-FOTOS-NO-SISTEMA-NOVO-39_2024-10-23_22-28-24_png_2024-10-23_22-28-24.webp.webp?resize=150%2C150&ssl=1",150,150,true],"medium":["https:\/\/i0.wp.com\/ismaelcolosi.com.br\/wp-content\/uploads\/2024\/10\/Copia-de-Copia-de-Copia-de-TAMANHO-EXATO-PARA-FOTOS-NO-SISTEMA-NOVO-39_2024-10-23_22-28-24_png_2024-10-23_22-28-24.webp.webp?fit=300%2C169&ssl=1",300,169,true],"medium_large":["https:\/\/i0.wp.com\/ismaelcolosi.com.br\/wp-content\/uploads\/2024\/10\/Copia-de-Copia-de-Copia-de-TAMANHO-EXATO-PARA-FOTOS-NO-SISTEMA-NOVO-39_2024-10-23_22-28-24_png_2024-10-23_22-28-24.webp.webp?fit=768%2C432&ssl=1",768,432,true],"large":["https:\/\/i0.wp.com\/ismaelcolosi.com.br\/wp-content\/uploads\/2024\/10\/Copia-de-Copia-de-Copia-de-TAMANHO-EXATO-PARA-FOTOS-NO-SISTEMA-NOVO-39_2024-10-23_22-28-24_png_2024-10-23_22-28-24.webp.webp?fit=1024%2C576&ssl=1",1024,576,true],"1536x1536":["https:\/\/i0.wp.com\/ismaelcolosi.com.br\/wp-content\/uploads\/2024\/10\/Copia-de-Copia-de-Copia-de-TAMANHO-EXATO-PARA-FOTOS-NO-SISTEMA-NOVO-39_2024-10-23_22-28-24_png_2024-10-23_22-28-24.webp.webp?fit=1200%2C675&ssl=1",1200,675,true],"2048x2048":["https:\/\/i0.wp.com\/ismaelcolosi.com.br\/wp-content\/uploads\/2024\/10\/Copia-de-Copia-de-Copia-de-TAMANHO-EXATO-PARA-FOTOS-NO-SISTEMA-NOVO-39_2024-10-23_22-28-24_png_2024-10-23_22-28-24.webp.webp?fit=1200%2C675&ssl=1",1200,675,true],"really-simple-thumb":["https:\/\/i0.wp.com\/ismaelcolosi.com.br\/wp-content\/uploads\/2024\/10\/Copia-de-Copia-de-Copia-de-TAMANHO-EXATO-PARA-FOTOS-NO-SISTEMA-NOVO-39_2024-10-23_22-28-24_png_2024-10-23_22-28-24.webp.webp?resize=370%2C247&ssl=1",370,247,true]},"uagb_author_info":{"display_name":"ismaelcolosi.com.br","author_link":"https:\/\/ismaelcolosi.com.br\/index.php\/author\/vidareal-online\/"},"uagb_comment_info":0,"uagb_excerpt":"Uma idosa de 72 anos ficou ferida ap\u00f3s ser atacada por um c\u00e3o da ra\u00e7a Pitbull, em Santa Rosa de Viterbo, na regi\u00e3o de Ribeir\u00e3o...","jetpack-related-posts":[{"id":37927,"url":"https:\/\/ismaelcolosi.com.br\/index.php\/2024\/02\/19\/pedreiro-vai-receber-r-13-mil-apos-ser-atacado-por-pitbull-em-ribeirao-preto\/","url_meta":{"origin":72886,"position":0},"title":"Pedreiro vai receber R$ 13 mil ap\u00f3s ser atacado por pitbull em Ribeir\u00e3o Preto","author":"ismaelcolosi.com.br","date":"19 de February de 2024","format":false,"excerpt":"Um pedreiro vai ser indenizado em R$ 13 mil ap\u00f3s ter sido atacado por um c\u00e3o da ra\u00e7a pitbull, em Ribeir\u00e3o Preto. O caso aconteceu em 2016, mas s\u00f3 foi julgado pelo TJ-SP (Tribunal de Justi\u00e7a de S\u00e3o Paulo) no \u00faltimo m\u00eas de janeiro. A v\u00edtima foi atacada quando a\u2026","rel":"","context":"In &quot;Not\u00edcias de Ribeir\u00e3o Preto-SP e Regi\u00e3o&quot;","block_context":{"text":"Not\u00edcias de Ribeir\u00e3o Preto-SP e Regi\u00e3o","link":"https:\/\/ismaelcolosi.com.br\/index.php\/category\/noticias-de-ribeirao-preto-sp-e-regiao-ismael-colosi\/"},"img":{"alt_text":"","src":"https:\/\/i0.wp.com\/ismaelcolosi.com.br\/wp-content\/uploads\/2024\/02\/homem-atacado-pitbull.jpg?fit=1200%2C798&ssl=1&resize=350%2C200","width":350,"height":200,"srcset":"https:\/\/i0.wp.com\/ismaelcolosi.com.br\/wp-content\/uploads\/2024\/02\/homem-atacado-pitbull.jpg?fit=1200%2C798&ssl=1&resize=350%2C200 1x, https:\/\/i0.wp.com\/ismaelcolosi.com.br\/wp-content\/uploads\/2024\/02\/homem-atacado-pitbull.jpg?fit=1200%2C798&ssl=1&resize=525%2C300 1.5x, https:\/\/i0.wp.com\/ismaelcolosi.com.br\/wp-content\/uploads\/2024\/02\/homem-atacado-pitbull.jpg?fit=1200%2C798&ssl=1&resize=700%2C400 2x, https:\/\/i0.wp.com\/ismaelcolosi.com.br\/wp-content\/uploads\/2024\/02\/homem-atacado-pitbull.jpg?fit=1200%2C798&ssl=1&resize=1050%2C600 3x"},"classes":[]},{"id":53838,"url":"https:\/\/ismaelcolosi.com.br\/index.php\/2024\/06\/19\/idosa-e-atropelada-na-faixa-de-pedestres-em-cidade-na-regiao-de-ribeirao-preto-veja-video\/","url_meta":{"origin":72886,"position":1},"title":"Idosa \u00e9 atropelada na faixa de pedestres em cidade na regi\u00e3o de Ribeir\u00e3o Preto; Veja v\u00eddeo","author":"ismaelcolosi.com.br","date":"19 de June de 2024","format":false,"excerpt":"Uma idosa, de 63 anos, ficou ferida ap\u00f3s ser atropelada na faixa de pedestres em Franca, cidade na regi\u00e3o de Ribeir\u00e3o Preto, na manh\u00e3 desta quarta-feira (19). O acidente aconteceu no cruzamento da rua Ant\u00f4nio Bernardes Pinto com a avenida Orlando Dompieri, na Vila Imperador, e foi registrado por uma\u2026","rel":"","context":"In &quot;Not\u00edcias de Ribeir\u00e3o Preto-SP e Regi\u00e3o&quot;","block_context":{"text":"Not\u00edcias de Ribeir\u00e3o Preto-SP e Regi\u00e3o","link":"https:\/\/ismaelcolosi.com.br\/index.php\/category\/noticias-de-ribeirao-preto-sp-e-regiao-ismael-colosi\/"},"img":{"alt_text":"","src":"https:\/\/i0.wp.com\/ismaelcolosi.com.br\/wp-content\/uploads\/2024\/06\/Copia-de-Copia-de-TAMANHO-EXATO-PARA-FOTOS-NO-SISTEMA-NOVO-86_2024-06-19_20-42-43_png_2024-06-19_20-42-43.webp.webp?fit=1200%2C675&ssl=1&resize=350%2C200","width":350,"height":200,"srcset":"https:\/\/i0.wp.com\/ismaelcolosi.com.br\/wp-content\/uploads\/2024\/06\/Copia-de-Copia-de-TAMANHO-EXATO-PARA-FOTOS-NO-SISTEMA-NOVO-86_2024-06-19_20-42-43_png_2024-06-19_20-42-43.webp.webp?fit=1200%2C675&ssl=1&resize=350%2C200 1x, https:\/\/i0.wp.com\/ismaelcolosi.com.br\/wp-content\/uploads\/2024\/06\/Copia-de-Copia-de-TAMANHO-EXATO-PARA-FOTOS-NO-SISTEMA-NOVO-86_2024-06-19_20-42-43_png_2024-06-19_20-42-43.webp.webp?fit=1200%2C675&ssl=1&resize=525%2C300 1.5x, https:\/\/i0.wp.com\/ismaelcolosi.com.br\/wp-content\/uploads\/2024\/06\/Copia-de-Copia-de-TAMANHO-EXATO-PARA-FOTOS-NO-SISTEMA-NOVO-86_2024-06-19_20-42-43_png_2024-06-19_20-42-43.webp.webp?fit=1200%2C675&ssl=1&resize=700%2C400 2x, https:\/\/i0.wp.com\/ismaelcolosi.com.br\/wp-content\/uploads\/2024\/06\/Copia-de-Copia-de-TAMANHO-EXATO-PARA-FOTOS-NO-SISTEMA-NOVO-86_2024-06-19_20-42-43_png_2024-06-19_20-42-43.webp.webp?fit=1200%2C675&ssl=1&resize=1050%2C600 3x"},"classes":[]},{"id":16740,"url":"https:\/\/ismaelcolosi.com.br\/index.php\/2023\/12\/16\/bebe-fica-ferido-apos-sofrer-ataque-de-pitbull-na-regiao-de-ribeirao-preto\/","url_meta":{"origin":72886,"position":2},"title":"Beb\u00ea fica ferido ap\u00f3s sofrer ataque de pitbull na regi\u00e3o de Ribeir\u00e3o Preto","author":"ismaelcolosi.com.br","date":"16 de December de 2023","format":false,"excerpt":"Um beb\u00ea, de apenas 1 ano e meio, ficou ferido ap\u00f3s ser atacado por um cachorro da ra\u00e7a pitbull em Jaboticabal, na regi\u00e3o de Ribeir\u00e3o Preto. O ataque aconteceu no in\u00edcio da noite da \u00faltima sexta-feira (15), no bairro Vale do Sol. De acordo com o B.O. (boletim de ocorr\u00eancia),\u2026","rel":"","context":"In &quot;Not\u00edcias de Ribeir\u00e3o Preto-SP e Regi\u00e3o&quot;","block_context":{"text":"Not\u00edcias de Ribeir\u00e3o Preto-SP e Regi\u00e3o","link":"https:\/\/ismaelcolosi.com.br\/index.php\/category\/noticias-de-ribeirao-preto-sp-e-regiao-ismael-colosi\/"},"img":{"alt_text":"","src":"https:\/\/i0.wp.com\/ismaelcolosi.com.br\/wp-content\/uploads\/2023\/12\/1702734968_WhatsApp-Image-2023-12-09-at-13.55.44.jpeg?fit=1024%2C576&ssl=1&resize=350%2C200","width":350,"height":200,"srcset":"https:\/\/i0.wp.com\/ismaelcolosi.com.br\/wp-content\/uploads\/2023\/12\/1702734968_WhatsApp-Image-2023-12-09-at-13.55.44.jpeg?fit=1024%2C576&ssl=1&resize=350%2C200 1x, https:\/\/i0.wp.com\/ismaelcolosi.com.br\/wp-content\/uploads\/2023\/12\/1702734968_WhatsApp-Image-2023-12-09-at-13.55.44.jpeg?fit=1024%2C576&ssl=1&resize=525%2C300 1.5x, https:\/\/i0.wp.com\/ismaelcolosi.com.br\/wp-content\/uploads\/2023\/12\/1702734968_WhatsApp-Image-2023-12-09-at-13.55.44.jpeg?fit=1024%2C576&ssl=1&resize=700%2C400 2x"},"classes":[]},{"id":33787,"url":"https:\/\/ismaelcolosi.com.br\/index.php\/2024\/01\/30\/ladrao-agride-idosa-com-mordidas-e-golpes-de-faca-na-zona-sul-de-ribeirao-preto\/","url_meta":{"origin":72886,"position":3},"title":"Ladr\u00e3o agride idosa com mordidas e golpes de faca na zona Sul de Ribeir\u00e3o Preto","author":"ismaelcolosi.com.br","date":"30 de January de 2024","format":false,"excerpt":"Uma idosa de 64 anos foi violentamente agredida por um ladr\u00e3o que invadiu a casa onde ela mora no bairro Santa Cruz do Jos\u00e9 Jaques, na zona Sul de Ribeir\u00e3o Preto. O crime aconteceu na madrugada de s\u00e1bado (27). Segundo a pol\u00edcia, a v\u00edtima estava no quarto quando foi rendida\u2026","rel":"","context":"In &quot;Not\u00edcias de Ribeir\u00e3o Preto-SP e Regi\u00e3o&quot;","block_context":{"text":"Not\u00edcias de Ribeir\u00e3o Preto-SP e Regi\u00e3o","link":"https:\/\/ismaelcolosi.com.br\/index.php\/category\/noticias-de-ribeirao-preto-sp-e-regiao-ismael-colosi\/"},"img":{"alt_text":"","src":"https:\/\/i0.wp.com\/ismaelcolosi.com.br\/wp-content\/uploads\/2024\/01\/WhatsApp-Image-2024-01-30-at-18.08.45.jpeg?fit=1200%2C670&ssl=1&resize=350%2C200","width":350,"height":200,"srcset":"https:\/\/i0.wp.com\/ismaelcolosi.com.br\/wp-content\/uploads\/2024\/01\/WhatsApp-Image-2024-01-30-at-18.08.45.jpeg?fit=1200%2C670&ssl=1&resize=350%2C200 1x, https:\/\/i0.wp.com\/ismaelcolosi.com.br\/wp-content\/uploads\/2024\/01\/WhatsApp-Image-2024-01-30-at-18.08.45.jpeg?fit=1200%2C670&ssl=1&resize=525%2C300 1.5x, https:\/\/i0.wp.com\/ismaelcolosi.com.br\/wp-content\/uploads\/2024\/01\/WhatsApp-Image-2024-01-30-at-18.08.45.jpeg?fit=1200%2C670&ssl=1&resize=700%2C400 2x, https:\/\/i0.wp.com\/ismaelcolosi.com.br\/wp-content\/uploads\/2024\/01\/WhatsApp-Image-2024-01-30-at-18.08.45.jpeg?fit=1200%2C670&ssl=1&resize=1050%2C600 3x"},"classes":[]},{"id":67583,"url":"https:\/\/ismaelcolosi.com.br\/index.php\/2024\/09\/24\/idosa-e-obrigada-a-passar-cartoes-bancarios-e-senha-em-assalto-no-centro-de-ribeirao\/","url_meta":{"origin":72886,"position":4},"title":"Idosa\u00a0\u00e9 obrigada a passar\u00a0cart\u00f5es\u00a0banc\u00e1rios e senha\u00a0em assalto no Centro de Ribeir\u00e3o","author":"ismaelcolosi.com.br","date":"24 de September de 2024","format":false,"excerpt":"Uma mulher de 88 anos foi obrigada a entregar seus cart\u00f5es banc\u00e1rios e a digitar a senha em uma m\u00e1quina que estava com um assaltante armado no Centro de Ribeir\u00e3o Preto. Foram roubados R$ 2,5 mil da idosa na manh\u00e3 do \u00faltimo dia 19 de setembro. Segundo o boletim de\u2026","rel":"","context":"In &quot;Not\u00edcias de Ribeir\u00e3o Preto-SP e Regi\u00e3o&quot;","block_context":{"text":"Not\u00edcias de Ribeir\u00e3o Preto-SP e Regi\u00e3o","link":"https:\/\/ismaelcolosi.com.br\/index.php\/category\/noticias-de-ribeirao-preto-sp-e-regiao-ismael-colosi\/"},"img":{"alt_text":"","src":"https:\/\/i0.wp.com\/ismaelcolosi.com.br\/wp-content\/uploads\/2024\/09\/pagamento-aproximacao-cartao.jpg?fit=1200%2C798&ssl=1&resize=350%2C200","width":350,"height":200,"srcset":"https:\/\/i0.wp.com\/ismaelcolosi.com.br\/wp-content\/uploads\/2024\/09\/pagamento-aproximacao-cartao.jpg?fit=1200%2C798&ssl=1&resize=350%2C200 1x, https:\/\/i0.wp.com\/ismaelcolosi.com.br\/wp-content\/uploads\/2024\/09\/pagamento-aproximacao-cartao.jpg?fit=1200%2C798&ssl=1&resize=525%2C300 1.5x, https:\/\/i0.wp.com\/ismaelcolosi.com.br\/wp-content\/uploads\/2024\/09\/pagamento-aproximacao-cartao.jpg?fit=1200%2C798&ssl=1&resize=700%2C400 2x, https:\/\/i0.wp.com\/ismaelcolosi.com.br\/wp-content\/uploads\/2024\/09\/pagamento-aproximacao-cartao.jpg?fit=1200%2C798&ssl=1&resize=1050%2C600 3x"},"classes":[]},{"id":53500,"url":"https:\/\/ismaelcolosi.com.br\/index.php\/2024\/06\/17\/idosa-e-atropelada-em-faixa-de-pedestre-e-motorista-foge-em-ribeirao-preto-veja-o-video\/","url_meta":{"origin":72886,"position":5},"title":"Idosa \u00e9 atropelada em faixa de pedestre e motorista foge em Ribeir\u00e3o Preto; Veja o v\u00eddeo","author":"ismaelcolosi.com.br","date":"17 de June de 2024","format":false,"excerpt":"Uma idosa de 62 anos foi atropelada, enquanto atravessa em cima da faixa de pedestre, no in\u00edcio da noite deste domingo (16). O acidente ocorreu no cruzamento das alamedas Josephina Brussolo Girotto com a Domingos F. Villas Boas, no bairro Parque dos Lagos, na zona Leste de Ribeir\u00e3o Preto. O\u2026","rel":"","context":"In &quot;Not\u00edcias de Ribeir\u00e3o Preto-SP e Regi\u00e3o&quot;","block_context":{"text":"Not\u00edcias de Ribeir\u00e3o Preto-SP e Regi\u00e3o","link":"https:\/\/ismaelcolosi.com.br\/index.php\/category\/noticias-de-ribeirao-preto-sp-e-regiao-ismael-colosi\/"},"img":{"alt_text":"","src":"https:\/\/i0.wp.com\/ismaelcolosi.com.br\/wp-content\/uploads\/2024\/06\/Copia-de-Copia-de-TAMANHO-EXATO-PARA-FOTOS-NO-SISTEMA-NOVO-7_2024-06-17_14-38-18_jpg_2024-06-17_14-38-18.webp.webp?fit=1200%2C675&ssl=1&resize=350%2C200","width":350,"height":200,"srcset":"https:\/\/i0.wp.com\/ismaelcolosi.com.br\/wp-content\/uploads\/2024\/06\/Copia-de-Copia-de-TAMANHO-EXATO-PARA-FOTOS-NO-SISTEMA-NOVO-7_2024-06-17_14-38-18_jpg_2024-06-17_14-38-18.webp.webp?fit=1200%2C675&ssl=1&resize=350%2C200 1x, https:\/\/i0.wp.com\/ismaelcolosi.com.br\/wp-content\/uploads\/2024\/06\/Copia-de-Copia-de-TAMANHO-EXATO-PARA-FOTOS-NO-SISTEMA-NOVO-7_2024-06-17_14-38-18_jpg_2024-06-17_14-38-18.webp.webp?fit=1200%2C675&ssl=1&resize=525%2C300 1.5x, https:\/\/i0.wp.com\/ismaelcolosi.com.br\/wp-content\/uploads\/2024\/06\/Copia-de-Copia-de-TAMANHO-EXATO-PARA-FOTOS-NO-SISTEMA-NOVO-7_2024-06-17_14-38-18_jpg_2024-06-17_14-38-18.webp.webp?fit=1200%2C675&ssl=1&resize=700%2C400 2x, https:\/\/i0.wp.com\/ismaelcolosi.com.br\/wp-content\/uploads\/2024\/06\/Copia-de-Copia-de-TAMANHO-EXATO-PARA-FOTOS-NO-SISTEMA-NOVO-7_2024-06-17_14-38-18_jpg_2024-06-17_14-38-18.webp.webp?fit=1200%2C675&ssl=1&resize=1050%2C600 3x"},"classes":[]}],"jetpack_sharing_enabled":true,"jetpack_shortlink":"https:\/\/wp.me\/pfMlyK-iXA","_links":{"self":[{"href":"https:\/\/ismaelcolosi.com.br\/index.php\/wp-json\/wp\/v2\/posts\/72886","targetHints":{"allow":["GET"]}}],"collection":[{"href":"https:\/\/ismaelcolosi.com.br\/index.php\/wp-json\/wp\/v2\/posts"}],"about":[{"href":"https:\/\/ismaelcolosi.com.br\/index.php\/wp-json\/wp\/v2\/types\/post"}],"author":[{"embeddable":true,"href":"https:\/\/ismaelcolosi.com.br\/index.php\/wp-json\/wp\/v2\/users\/1"}],"replies":[{"embeddable":true,"href":"https:\/\/ismaelcolosi.com.br\/index.php\/wp-json\/wp\/v2\/comments?post=72886"}],"version-history":[{"count":0,"href":"https:\/\/ismaelcolosi.com.br\/index.php\/wp-json\/wp\/v2\/posts\/72886\/revisions"}],"wp:featuredmedia":[{"embeddable":true,"href":"https:\/\/ismaelcolosi.com.br\/index.php\/wp-json\/wp\/v2\/media\/72887"}],"wp:attachment":[{"href":"https:\/\/ismaelcolosi.com.br\/index.php\/wp-json\/wp\/v2\/media?parent=72886"}],"wp:term":[{"taxonomy":"category","embeddable":true,"href":"https:\/\/ismaelcolosi.com.br\/index.php\/wp-json\/wp\/v2\/categories?post=72886"},{"taxonomy":"post_tag","embeddable":true,"href":"https:\/\/ismaelcolosi.com.br\/index.php\/wp-json\/wp\/v2\/tags?post=72886"}],"curies":[{"name":"wp","href":"https:\/\/api.w.org\/{rel}","templated":true}]}}