{"id":72876,"date":"2024-10-23T19:22:34","date_gmt":"2024-10-23T22:22:34","guid":{"rendered":"https:\/\/ismaelcolosi.com.br\/index.php\/2024\/10\/23\/acidente-com-tres-veiculos-deixa-quatro-pessoas-feridas-em-rodovia-na-regiao-de-ribeirao\/"},"modified":"2024-10-23T19:22:34","modified_gmt":"2024-10-23T22:22:34","slug":"acidente-com-tres-veiculos-deixa-quatro-pessoas-feridas-em-rodovia-na-regiao-de-ribeirao","status":"publish","type":"post","link":"https:\/\/ismaelcolosi.com.br\/index.php\/2024\/10\/23\/acidente-com-tres-veiculos-deixa-quatro-pessoas-feridas-em-rodovia-na-regiao-de-ribeirao\/","title":{"rendered":"Acidente com tr\u00eas ve\u00edculos deixa quatro pessoas feridas em rodovia na regi\u00e3o de Ribeir\u00e3o"},"content":{"rendered":"<p> <br \/>\n<\/p>\n<div data-td-block-uid=\"tdi_106\">\n<div class=\"tdb-block-inner td-fix-index\">\n<p><strong>Um acidente envolvendo tr\u00eas ve\u00edculos deixou quatro pessoas feridas<\/strong> na tarde desta quarta-feira (23), <strong>na rodovia Tancredo Neves que liga Franca a Claraval<\/strong>, na regi\u00e3o de <strong>Ribeir\u00e3o Preto.<\/strong><\/p>\n<p>Segundo o Corpo de Bombeiros, <mark style=\"background-color:#fcb900\" class=\"has-inline-color\">o carro que descia a rodovia sentido Claraval invadiu a pista contr\u00e1ria ap\u00f3s o motorista perder o controle do ve\u00edculo.<\/mark><\/p>\n<p><strong>O ve\u00edculo que transitava do outro lado da via<\/strong>, <mark style=\"background-color:#fcb900\" class=\"has-inline-color\">n\u00e3o conseguiu desviar e bateram de frente.<\/mark><\/p>\n<p><strong>Outro carro<\/strong>, que estava logo atr\u00e1s de um dos ve\u00edculos atingidos, <strong>tamb\u00e9m se envolveu na batida.<\/strong><\/p>\n<p><strong>Todas as v\u00edtimas foram socorridas pelo Samu para a Santa Casa de Franca.<\/strong> <mark style=\"background-color:#fcb900\" class=\"has-inline-color\">Tr\u00eas com ferimentos leves e uma em estado mais grave.<\/mark><\/p>\n<h4 class=\"wp-block-heading\"><strong>Veja v\u00eddeo:<\/strong><\/h4>\n<blockquote class=\"instagram-media\" data-instgrm-permalink=\"https:\/\/www.instagram.com\/reel\/DBe2btTpkBl\/?utm_source=ig_embed&amp;utm_campaign=loading\" data-instgrm-version=\"14\" style=\" background:#FFF; border:0; border-radius:3px; box-shadow:0 0 1px 0 rgba(0,0,0,0.5),0 1px 10px 0 rgba(0,0,0,0.15); margin: 1px; max-width:540px; min-width:326px; padding:0; width:99.375%; width:-webkit-calc(100% - 2px); width:calc(100% - 2px);\"\/>\n<p>________________________________________________________________________________<\/p>\n<p>SAIBA MAIS<br \/>Saiba quando ser\u00e1 inaugurado supermercado em shopping de Ribeir\u00e3o Preto<\/p>\n<h4 class=\"wp-block-heading\"><strong>FIQUE ON<\/strong><\/h4>\n<p>Fique ligado em tudo que acontece em Ribeir\u00e3o Preto e regi\u00e3o. Siga os perfis do <strong>acidade on<\/strong> no <a href=\"https:\/\/www.instagram.com\/acidadeonribeirao\" target=\"_blank\" rel=\"noreferrer noopener nofollow\">Instagram<\/a> e no <a href=\"https:\/\/www.facebook.com\/acidadeonribeirao\/\" target=\"_blank\" rel=\"noreferrer noopener nofollow\">Facebook<\/a>.<\/p>\n<p>Receba not\u00edcias do <strong>acidade on<\/strong> no WhatsApp. <a href=\"https:\/\/chat.whatsapp.com\/Fg4ok3aAVyB59DP63pRapr\" target=\"_blank\" rel=\"noreferrer noopener nofollow\">Para entrar no grupo, basta clicar aqui.<\/a><\/p>\n<p>Fa\u00e7a uma den\u00fancia ou sugira uma reportagem sobre Ribeir\u00e3o Preto e regi\u00e3o pelo WhatsApp: 16 99117 7802.<\/p>\n<p>VEJA TAMB\u00c9M<br \/>Como o Inter Miami se classificou para o Super Mundial?<\/p>\n<p><!-- CONTENT END 1 -->\n<\/div>\n<\/div>\n<p><script async src=\"\/\/www.instagram.com\/embed.js\"><\/script><br \/>\n<br \/><br \/>\n<br \/><a href=\"https:\/\/www.acidadeon.com\/ribeiraopreto\/cotidiano\/acidente-com-tres-veiculos-deixa-quatro-pessoas-feridas-em-rodovia-na-regiao-de-ribeirao\/\">Source link <\/a><\/p>\n","protected":false},"excerpt":{"rendered":"<p>Um acidente envolvendo tr\u00eas ve\u00edculos deixou quatro pessoas feridas na tarde desta quarta-feira (23), na rodovia Tancredo Neves que liga Franca a Claraval, na regi\u00e3o&#8230;<\/p>\n","protected":false},"author":1,"featured_media":72877,"comment_status":"open","ping_status":"open","sticky":false,"template":"","format":"standard","meta":{"_uag_custom_page_level_css":"","advanced_seo_description":"","jetpack_seo_html_title":"","jetpack_seo_noindex":false,"jetpack_post_was_ever_published":false,"_jetpack_newsletter_access":"","_jetpack_dont_email_post_to_subs":false,"_jetpack_newsletter_tier_id":0,"_jetpack_memberships_contains_paywalled_content":false,"_jetpack_memberships_contains_paid_content":false,"footnotes":"","jetpack_publicize_message":"","jetpack_publicize_feature_enabled":true,"jetpack_social_post_already_shared":true,"jetpack_social_options":{"image_generator_settings":{"template":"highway","default_image_id":0,"font":"","enabled":false},"version":2}},"categories":[11],"tags":[],"class_list":["post-72876","post","type-post","status-publish","format-standard","has-post-thumbnail","hentry","category-noticias-de-ribeirao-preto-sp-e-regiao-ismael-colosi"],"jetpack_publicize_connections":[],"jetpack_featured_media_url":"https:\/\/i0.wp.com\/ismaelcolosi.com.br\/wp-content\/uploads\/2024\/10\/Sem-titulo_2024-10-23_21-49-38_png_2024-10-23_21-49-38.webp.webp?fit=1600%2C900&ssl=1","uagb_featured_image_src":{"full":["https:\/\/i0.wp.com\/ismaelcolosi.com.br\/wp-content\/uploads\/2024\/10\/Sem-titulo_2024-10-23_21-49-38_png_2024-10-23_21-49-38.webp.webp?fit=1600%2C900&ssl=1",1600,900,false],"thumbnail":["https:\/\/i0.wp.com\/ismaelcolosi.com.br\/wp-content\/uploads\/2024\/10\/Sem-titulo_2024-10-23_21-49-38_png_2024-10-23_21-49-38.webp.webp?resize=150%2C150&ssl=1",150,150,true],"medium":["https:\/\/i0.wp.com\/ismaelcolosi.com.br\/wp-content\/uploads\/2024\/10\/Sem-titulo_2024-10-23_21-49-38_png_2024-10-23_21-49-38.webp.webp?fit=300%2C169&ssl=1",300,169,true],"medium_large":["https:\/\/i0.wp.com\/ismaelcolosi.com.br\/wp-content\/uploads\/2024\/10\/Sem-titulo_2024-10-23_21-49-38_png_2024-10-23_21-49-38.webp.webp?fit=768%2C432&ssl=1",768,432,true],"large":["https:\/\/i0.wp.com\/ismaelcolosi.com.br\/wp-content\/uploads\/2024\/10\/Sem-titulo_2024-10-23_21-49-38_png_2024-10-23_21-49-38.webp.webp?fit=1024%2C576&ssl=1",1024,576,true],"1536x1536":["https:\/\/i0.wp.com\/ismaelcolosi.com.br\/wp-content\/uploads\/2024\/10\/Sem-titulo_2024-10-23_21-49-38_png_2024-10-23_21-49-38.webp.webp?fit=1536%2C864&ssl=1",1536,864,true],"2048x2048":["https:\/\/i0.wp.com\/ismaelcolosi.com.br\/wp-content\/uploads\/2024\/10\/Sem-titulo_2024-10-23_21-49-38_png_2024-10-23_21-49-38.webp.webp?fit=1600%2C900&ssl=1",1600,900,true],"really-simple-thumb":["https:\/\/i0.wp.com\/ismaelcolosi.com.br\/wp-content\/uploads\/2024\/10\/Sem-titulo_2024-10-23_21-49-38_png_2024-10-23_21-49-38.webp.webp?resize=370%2C247&ssl=1",370,247,true]},"uagb_author_info":{"display_name":"ismaelcolosi.com.br","author_link":"https:\/\/ismaelcolosi.com.br\/index.php\/author\/vidareal-online\/"},"uagb_comment_info":0,"uagb_excerpt":"Um acidente envolvendo tr\u00eas ve\u00edculos deixou quatro pessoas feridas na tarde desta quarta-feira (23), na rodovia Tancredo Neves que liga Franca a Claraval, na regi\u00e3o...","jetpack-related-posts":[{"id":70424,"url":"https:\/\/ismaelcolosi.com.br\/index.php\/2024\/10\/10\/capotamento-em-rodovia-de-ribeirao-preto-deixa-tres-pessoas-feridas\/","url_meta":{"origin":72876,"position":0},"title":"Capotamento em rodovia de Ribeir\u00e3o Preto deixa tr\u00eas pessoas feridas","author":"ismaelcolosi.com.br","date":"10 de October de 2024","format":false,"excerpt":"Um carro capotou, no final da tarde desta quinta-feira (10), na rodovia Ant\u00f4nio Machado Santana, em Ribeir\u00e3o Preto. Tr\u00eas pessoas foram socorridas com ferimentos leves. De acordo com o Corpo de Bombeiros, chovia no local quando outro ve\u00edculo bateu no carro que capotou. A concession\u00e1ria registrou o acidente e informou\u2026","rel":"","context":"In &quot;Not\u00edcias de Ribeir\u00e3o Preto-SP e Regi\u00e3o&quot;","block_context":{"text":"Not\u00edcias de Ribeir\u00e3o Preto-SP e Regi\u00e3o","link":"https:\/\/ismaelcolosi.com.br\/index.php\/category\/noticias-de-ribeirao-preto-sp-e-regiao-ismael-colosi\/"},"img":{"alt_text":"","src":"https:\/\/i0.wp.com\/ismaelcolosi.com.br\/wp-content\/uploads\/2024\/10\/Imagem-do-WhatsApp-de-2024-10-10-as-18.19.41_dc110548_2024-10-10_22-05-04_jpg_2024-10-10_22-05-05-scaled.webp.webp?fit=1200%2C900&ssl=1&resize=350%2C200","width":350,"height":200,"srcset":"https:\/\/i0.wp.com\/ismaelcolosi.com.br\/wp-content\/uploads\/2024\/10\/Imagem-do-WhatsApp-de-2024-10-10-as-18.19.41_dc110548_2024-10-10_22-05-04_jpg_2024-10-10_22-05-05-scaled.webp.webp?fit=1200%2C900&ssl=1&resize=350%2C200 1x, https:\/\/i0.wp.com\/ismaelcolosi.com.br\/wp-content\/uploads\/2024\/10\/Imagem-do-WhatsApp-de-2024-10-10-as-18.19.41_dc110548_2024-10-10_22-05-04_jpg_2024-10-10_22-05-05-scaled.webp.webp?fit=1200%2C900&ssl=1&resize=525%2C300 1.5x, https:\/\/i0.wp.com\/ismaelcolosi.com.br\/wp-content\/uploads\/2024\/10\/Imagem-do-WhatsApp-de-2024-10-10-as-18.19.41_dc110548_2024-10-10_22-05-04_jpg_2024-10-10_22-05-05-scaled.webp.webp?fit=1200%2C900&ssl=1&resize=700%2C400 2x, https:\/\/i0.wp.com\/ismaelcolosi.com.br\/wp-content\/uploads\/2024\/10\/Imagem-do-WhatsApp-de-2024-10-10-as-18.19.41_dc110548_2024-10-10_22-05-04_jpg_2024-10-10_22-05-05-scaled.webp.webp?fit=1200%2C900&ssl=1&resize=1050%2C600 3x"},"classes":[]},{"id":58933,"url":"https:\/\/ismaelcolosi.com.br\/index.php\/2024\/08\/04\/colisao-em-rodovia-deixa-um-morto-e-cinco-feridos-na-regiao-de-ribeirao\/","url_meta":{"origin":72876,"position":1},"title":"Colis\u00e3o em rodovia deixa um morto e cinco feridos na regi\u00e3o de Ribeir\u00e3o","author":"ismaelcolosi.com.br","date":"4 de August de 2024","format":false,"excerpt":"Uma pessoa morreu e outras cinco ficaram feridas ap\u00f3s um acidente de tr\u00e2nsito envolvendo dois ve\u00edculos na rodovia C\u00e2ndido Portinari (SP-334), em Batatais, cidade na regi\u00e3o de Ribeir\u00e3o Preto, na manh\u00e3 deste domingo (4). De acordo com o Corpo de Bombeiros, a colis\u00e3o envolveu um Fiat Siena, com motorista e\u2026","rel":"","context":"In &quot;Not\u00edcias de Ribeir\u00e3o Preto-SP e Regi\u00e3o&quot;","block_context":{"text":"Not\u00edcias de Ribeir\u00e3o Preto-SP e Regi\u00e3o","link":"https:\/\/ismaelcolosi.com.br\/index.php\/category\/noticias-de-ribeirao-preto-sp-e-regiao-ismael-colosi\/"},"img":{"alt_text":"","src":"https:\/\/i0.wp.com\/ismaelcolosi.com.br\/wp-content\/uploads\/2024\/08\/Copia-de-Copia-de-TAMANHO-EXATO-PARA-FOTOS-NO-SISTEMA-NOVO-2024-08-04T133507.967_2024-08-04_16-35-51_png_2024-08-04_16-35-51.webp.webp?fit=1200%2C675&ssl=1&resize=350%2C200","width":350,"height":200,"srcset":"https:\/\/i0.wp.com\/ismaelcolosi.com.br\/wp-content\/uploads\/2024\/08\/Copia-de-Copia-de-TAMANHO-EXATO-PARA-FOTOS-NO-SISTEMA-NOVO-2024-08-04T133507.967_2024-08-04_16-35-51_png_2024-08-04_16-35-51.webp.webp?fit=1200%2C675&ssl=1&resize=350%2C200 1x, https:\/\/i0.wp.com\/ismaelcolosi.com.br\/wp-content\/uploads\/2024\/08\/Copia-de-Copia-de-TAMANHO-EXATO-PARA-FOTOS-NO-SISTEMA-NOVO-2024-08-04T133507.967_2024-08-04_16-35-51_png_2024-08-04_16-35-51.webp.webp?fit=1200%2C675&ssl=1&resize=525%2C300 1.5x, https:\/\/i0.wp.com\/ismaelcolosi.com.br\/wp-content\/uploads\/2024\/08\/Copia-de-Copia-de-TAMANHO-EXATO-PARA-FOTOS-NO-SISTEMA-NOVO-2024-08-04T133507.967_2024-08-04_16-35-51_png_2024-08-04_16-35-51.webp.webp?fit=1200%2C675&ssl=1&resize=700%2C400 2x, https:\/\/i0.wp.com\/ismaelcolosi.com.br\/wp-content\/uploads\/2024\/08\/Copia-de-Copia-de-TAMANHO-EXATO-PARA-FOTOS-NO-SISTEMA-NOVO-2024-08-04T133507.967_2024-08-04_16-35-51_png_2024-08-04_16-35-51.webp.webp?fit=1200%2C675&ssl=1&resize=1050%2C600 3x"},"classes":[]},{"id":54988,"url":"https:\/\/ismaelcolosi.com.br\/index.php\/2024\/06\/28\/jovem-morre-em-acidente-na-rodovia-deputado-cunha-bueno-na-regiao-de-ribeirao-preto\/","url_meta":{"origin":72876,"position":2},"title":"Jovem morre em acidente na rodovia Deputado Cunha Bueno na regi\u00e3o de Ribeir\u00e3o Preto","author":"ismaelcolosi.com.br","date":"28 de June de 2024","format":false,"excerpt":"Um acidente envolvendo dois carros resultou na morte de um jovem e outras tr\u00eas pessoas ficaram feridas, entre elas, uma em estado grave.\u00a0 A batida frontal aconteceu na altura do quil\u00f4metro 211 da rodovia Deputado Cunha Bueno (SP 253), entre Guariba e Jaboticabal, na tarde desta sexta-feira (28). Segundo informa\u00e7\u00f5es\u2026","rel":"","context":"In &quot;Not\u00edcias de Ribeir\u00e3o Preto-SP e Regi\u00e3o&quot;","block_context":{"text":"Not\u00edcias de Ribeir\u00e3o Preto-SP e Regi\u00e3o","link":"https:\/\/ismaelcolosi.com.br\/index.php\/category\/noticias-de-ribeirao-preto-sp-e-regiao-ismael-colosi\/"},"img":{"alt_text":"","src":"https:\/\/i0.wp.com\/ismaelcolosi.com.br\/wp-content\/uploads\/2024\/06\/Copia-de-Copia-de-TAMANHO-EXATO-PARA-FOTOS-NO-SISTEMA-NOVO-25_2024-06-28_21-18-37_jpg_2024-06-28_21-18-37.webp.webp?fit=1200%2C675&ssl=1&resize=350%2C200","width":350,"height":200,"srcset":"https:\/\/i0.wp.com\/ismaelcolosi.com.br\/wp-content\/uploads\/2024\/06\/Copia-de-Copia-de-TAMANHO-EXATO-PARA-FOTOS-NO-SISTEMA-NOVO-25_2024-06-28_21-18-37_jpg_2024-06-28_21-18-37.webp.webp?fit=1200%2C675&ssl=1&resize=350%2C200 1x, https:\/\/i0.wp.com\/ismaelcolosi.com.br\/wp-content\/uploads\/2024\/06\/Copia-de-Copia-de-TAMANHO-EXATO-PARA-FOTOS-NO-SISTEMA-NOVO-25_2024-06-28_21-18-37_jpg_2024-06-28_21-18-37.webp.webp?fit=1200%2C675&ssl=1&resize=525%2C300 1.5x, https:\/\/i0.wp.com\/ismaelcolosi.com.br\/wp-content\/uploads\/2024\/06\/Copia-de-Copia-de-TAMANHO-EXATO-PARA-FOTOS-NO-SISTEMA-NOVO-25_2024-06-28_21-18-37_jpg_2024-06-28_21-18-37.webp.webp?fit=1200%2C675&ssl=1&resize=700%2C400 2x, https:\/\/i0.wp.com\/ismaelcolosi.com.br\/wp-content\/uploads\/2024\/06\/Copia-de-Copia-de-TAMANHO-EXATO-PARA-FOTOS-NO-SISTEMA-NOVO-25_2024-06-28_21-18-37_jpg_2024-06-28_21-18-37.webp.webp?fit=1200%2C675&ssl=1&resize=1050%2C600 3x"},"classes":[]},{"id":55626,"url":"https:\/\/ismaelcolosi.com.br\/index.php\/2024\/07\/04\/acidente-com-4-veiculos-deixa-vitima-em-rodovia-na-regiao-de-ribeirao-preto\/","url_meta":{"origin":72876,"position":3},"title":"Acidente com 4 ve\u00edculos deixa v\u00edtima em rodovia na regi\u00e3o de Ribeir\u00e3o Preto","author":"ismaelcolosi.com.br","date":"4 de July de 2024","format":false,"excerpt":"Um acidente com quatro ve\u00edculos deixou ao menos uma v\u00edtima na manh\u00e3 desta quinta-feira (4), no km 17 da rodovia Mario Doneg\u00e1 (SP-291), entre Barrinha e Dumont, na regi\u00e3o de Ribeir\u00e3o Preto. Assista ao v\u00eddeo abaixo. Segundo as primeiras informa\u00e7\u00f5es, a v\u00edtima seria um delegado da Pol\u00edcia Civil. Ele estaria\u2026","rel":"","context":"In &quot;Not\u00edcias de Ribeir\u00e3o Preto-SP e Regi\u00e3o&quot;","block_context":{"text":"Not\u00edcias de Ribeir\u00e3o Preto-SP e Regi\u00e3o","link":"https:\/\/ismaelcolosi.com.br\/index.php\/category\/noticias-de-ribeirao-preto-sp-e-regiao-ismael-colosi\/"},"img":{"alt_text":"","src":"https:\/\/i0.wp.com\/ismaelcolosi.com.br\/wp-content\/uploads\/2024\/07\/CARRO_2024-07-04_14-35-17_jpg_2024-07-04_14-35-18.webp.webp?fit=1200%2C852&ssl=1&resize=350%2C200","width":350,"height":200,"srcset":"https:\/\/i0.wp.com\/ismaelcolosi.com.br\/wp-content\/uploads\/2024\/07\/CARRO_2024-07-04_14-35-17_jpg_2024-07-04_14-35-18.webp.webp?fit=1200%2C852&ssl=1&resize=350%2C200 1x, https:\/\/i0.wp.com\/ismaelcolosi.com.br\/wp-content\/uploads\/2024\/07\/CARRO_2024-07-04_14-35-17_jpg_2024-07-04_14-35-18.webp.webp?fit=1200%2C852&ssl=1&resize=525%2C300 1.5x, https:\/\/i0.wp.com\/ismaelcolosi.com.br\/wp-content\/uploads\/2024\/07\/CARRO_2024-07-04_14-35-17_jpg_2024-07-04_14-35-18.webp.webp?fit=1200%2C852&ssl=1&resize=700%2C400 2x, https:\/\/i0.wp.com\/ismaelcolosi.com.br\/wp-content\/uploads\/2024\/07\/CARRO_2024-07-04_14-35-17_jpg_2024-07-04_14-35-18.webp.webp?fit=1200%2C852&ssl=1&resize=1050%2C600 3x"},"classes":[]},{"id":35910,"url":"https:\/\/ismaelcolosi.com.br\/index.php\/2024\/02\/07\/acidente-entre-carros-deixa-tres-pessoas-feridas-na-regiao-de-ribeirao-preto\/","url_meta":{"origin":72876,"position":4},"title":"Acidente entre carros deixa tr\u00eas pessoas feridas na regi\u00e3o de Ribeir\u00e3o Preto","author":"ismaelcolosi.com.br","date":"7 de February de 2024","format":false,"excerpt":"Um acidente envolvendo tr\u00eas carros deixou tr\u00eas pessoas feridas, no final da tarde desta quarta feria (7), na avenida Dr. Abrah\u00e3o Brickmann, no bairro Vicente Leporace I, em Franca, cidade na regi\u00e3o de Ribeir\u00e3o Preto. Apesar do impacto, os envolvidos foram socorridos apenas com ferimentos leves. Chovia em Franca no\u2026","rel":"","context":"In &quot;Not\u00edcias de Ribeir\u00e3o Preto-SP e Regi\u00e3o&quot;","block_context":{"text":"Not\u00edcias de Ribeir\u00e3o Preto-SP e Regi\u00e3o","link":"https:\/\/ismaelcolosi.com.br\/index.php\/category\/noticias-de-ribeirao-preto-sp-e-regiao-ismael-colosi\/"},"img":{"alt_text":"","src":"https:\/\/i0.wp.com\/ismaelcolosi.com.br\/wp-content\/uploads\/2024\/02\/Copia-de-Copia-de-TAMANHO-EXATO-PARA-FOTOS-NO-SISTEMA-NOVO-33.png?fit=1200%2C675&ssl=1&resize=350%2C200","width":350,"height":200,"srcset":"https:\/\/i0.wp.com\/ismaelcolosi.com.br\/wp-content\/uploads\/2024\/02\/Copia-de-Copia-de-TAMANHO-EXATO-PARA-FOTOS-NO-SISTEMA-NOVO-33.png?fit=1200%2C675&ssl=1&resize=350%2C200 1x, https:\/\/i0.wp.com\/ismaelcolosi.com.br\/wp-content\/uploads\/2024\/02\/Copia-de-Copia-de-TAMANHO-EXATO-PARA-FOTOS-NO-SISTEMA-NOVO-33.png?fit=1200%2C675&ssl=1&resize=525%2C300 1.5x, https:\/\/i0.wp.com\/ismaelcolosi.com.br\/wp-content\/uploads\/2024\/02\/Copia-de-Copia-de-TAMANHO-EXATO-PARA-FOTOS-NO-SISTEMA-NOVO-33.png?fit=1200%2C675&ssl=1&resize=700%2C400 2x, https:\/\/i0.wp.com\/ismaelcolosi.com.br\/wp-content\/uploads\/2024\/02\/Copia-de-Copia-de-TAMANHO-EXATO-PARA-FOTOS-NO-SISTEMA-NOVO-33.png?fit=1200%2C675&ssl=1&resize=1050%2C600 3x"},"classes":[]},{"id":59441,"url":"https:\/\/ismaelcolosi.com.br\/index.php\/2024\/08\/08\/morre-segunda-vitima-de-acidente-em-rodovia-na-regiao-de-ribeirao-preto\/","url_meta":{"origin":72876,"position":5},"title":"Morre segunda v\u00edtima de acidente em rodovia na regi\u00e3o de Ribeir\u00e3o Preto","author":"ismaelcolosi.com.br","date":"8 de August de 2024","format":false,"excerpt":"Morreu nesta quinta-feira (8), o jovem de 23 anos que estava internado em estado grave ap\u00f3s um acidente de tr\u00e2nsito na rodovia C\u00e2ndido Portinari (SP-334), entre Batatais e Franca, na regi\u00e3o de Ribeir\u00e3o Preto. Lucas Goulart Mascaranha era dentista e foi socorrido logo ap\u00f3s a colis\u00e3o. O rapaz \u00e9 a\u2026","rel":"","context":"In &quot;Not\u00edcias de Ribeir\u00e3o Preto-SP e Regi\u00e3o&quot;","block_context":{"text":"Not\u00edcias de Ribeir\u00e3o Preto-SP e Regi\u00e3o","link":"https:\/\/ismaelcolosi.com.br\/index.php\/category\/noticias-de-ribeirao-preto-sp-e-regiao-ismael-colosi\/"},"img":{"alt_text":"","src":"https:\/\/i0.wp.com\/ismaelcolosi.com.br\/wp-content\/uploads\/2024\/08\/Copia-de-Copia-de-TAMANHO-EXATO-PARA-FOTOS-NO-SISTEMA-NOVO-2024-08-08T142400.055_2024-08-08_17-24-18_png_2024-08-08_17-24-19.webp.webp?fit=1200%2C675&ssl=1&resize=350%2C200","width":350,"height":200,"srcset":"https:\/\/i0.wp.com\/ismaelcolosi.com.br\/wp-content\/uploads\/2024\/08\/Copia-de-Copia-de-TAMANHO-EXATO-PARA-FOTOS-NO-SISTEMA-NOVO-2024-08-08T142400.055_2024-08-08_17-24-18_png_2024-08-08_17-24-19.webp.webp?fit=1200%2C675&ssl=1&resize=350%2C200 1x, https:\/\/i0.wp.com\/ismaelcolosi.com.br\/wp-content\/uploads\/2024\/08\/Copia-de-Copia-de-TAMANHO-EXATO-PARA-FOTOS-NO-SISTEMA-NOVO-2024-08-08T142400.055_2024-08-08_17-24-18_png_2024-08-08_17-24-19.webp.webp?fit=1200%2C675&ssl=1&resize=525%2C300 1.5x, https:\/\/i0.wp.com\/ismaelcolosi.com.br\/wp-content\/uploads\/2024\/08\/Copia-de-Copia-de-TAMANHO-EXATO-PARA-FOTOS-NO-SISTEMA-NOVO-2024-08-08T142400.055_2024-08-08_17-24-18_png_2024-08-08_17-24-19.webp.webp?fit=1200%2C675&ssl=1&resize=700%2C400 2x, https:\/\/i0.wp.com\/ismaelcolosi.com.br\/wp-content\/uploads\/2024\/08\/Copia-de-Copia-de-TAMANHO-EXATO-PARA-FOTOS-NO-SISTEMA-NOVO-2024-08-08T142400.055_2024-08-08_17-24-18_png_2024-08-08_17-24-19.webp.webp?fit=1200%2C675&ssl=1&resize=1050%2C600 3x"},"classes":[]}],"jetpack_sharing_enabled":true,"jetpack_shortlink":"https:\/\/wp.me\/pfMlyK-iXq","_links":{"self":[{"href":"https:\/\/ismaelcolosi.com.br\/index.php\/wp-json\/wp\/v2\/posts\/72876","targetHints":{"allow":["GET"]}}],"collection":[{"href":"https:\/\/ismaelcolosi.com.br\/index.php\/wp-json\/wp\/v2\/posts"}],"about":[{"href":"https:\/\/ismaelcolosi.com.br\/index.php\/wp-json\/wp\/v2\/types\/post"}],"author":[{"embeddable":true,"href":"https:\/\/ismaelcolosi.com.br\/index.php\/wp-json\/wp\/v2\/users\/1"}],"replies":[{"embeddable":true,"href":"https:\/\/ismaelcolosi.com.br\/index.php\/wp-json\/wp\/v2\/comments?post=72876"}],"version-history":[{"count":0,"href":"https:\/\/ismaelcolosi.com.br\/index.php\/wp-json\/wp\/v2\/posts\/72876\/revisions"}],"wp:featuredmedia":[{"embeddable":true,"href":"https:\/\/ismaelcolosi.com.br\/index.php\/wp-json\/wp\/v2\/media\/72877"}],"wp:attachment":[{"href":"https:\/\/ismaelcolosi.com.br\/index.php\/wp-json\/wp\/v2\/media?parent=72876"}],"wp:term":[{"taxonomy":"category","embeddable":true,"href":"https:\/\/ismaelcolosi.com.br\/index.php\/wp-json\/wp\/v2\/categories?post=72876"},{"taxonomy":"post_tag","embeddable":true,"href":"https:\/\/ismaelcolosi.com.br\/index.php\/wp-json\/wp\/v2\/tags?post=72876"}],"curies":[{"name":"wp","href":"https:\/\/api.w.org\/{rel}","templated":true}]}}