{"id":7273,"date":"2023-11-27T21:45:25","date_gmt":"2023-11-28T00:45:25","guid":{"rendered":"https:\/\/ismaelcolosi.com.br\/index.php\/2023\/11\/27\/alexandre-alega-estar-sendo-vitima-e-acusa-ana-hickmann-de-perseguicao-obsessiva\/"},"modified":"2023-11-27T21:45:25","modified_gmt":"2023-11-28T00:45:25","slug":"alexandre-alega-estar-sendo-vitima-e-acusa-ana-hickmann-de-perseguicao-obsessiva","status":"publish","type":"post","link":"https:\/\/ismaelcolosi.com.br\/index.php\/2023\/11\/27\/alexandre-alega-estar-sendo-vitima-e-acusa-ana-hickmann-de-perseguicao-obsessiva\/","title":{"rendered":"Alexandre alega estar sendo v\u00edtima e acusa Ana Hickmann de &#8216;persegui\u00e7\u00e3o obsessiva&#8217;"},"content":{"rendered":"<p> <br \/>\n<\/p>\n<div itemprop=\"text\">\n<p>No \u00faltimo domingo (26\/11), uma reportagem especial sobre o caso Ana Hickmann deu o que falar. Em entrevista, a apresentadora fez fortes revela\u00e7\u00f5es e acusa\u00e7\u00f5es contra o empres\u00e1rio Alexandre Correa.<\/p>\n<p>Os dois viveram um relacionamento por cerca de 25 anos, mas o t\u00e9rmino da rela\u00e7\u00e3o tem sido conturbado. Os dois est\u00e3o em processo de div\u00f3rcio, desencadeado por uma briga em que Ana alega ter sido agredida.<\/p>\n<p>Al\u00e9m de narrar como foi o epis\u00f3dio de viol\u00eancia vivido no \u00faltimo dia 11 de novembro, Ana Hickmann ainda afirmou que pode ter sido v\u00edtima de fraude nos neg\u00f3cios. A apresentadora afirmou que existe uma investiga\u00e7\u00e3o em andamento, citando suspeita de falsidade ideol\u00f3gica e fraude.<\/p>\n<p>Em nota, ap\u00f3s repercuss\u00e3o da entrevista, Alexandre Correa se defendeu. Enio Martins Mura, advogado do empres\u00e1rio, afirma que Correa<b> \u201cest\u00e1 sofrendo uma persegui\u00e7\u00e3o obsessiva por parte de Ana Hickmann e da Rede Record\u201d<\/b>.<\/p>\n<p>O advogado respondeu sobre a investiga\u00e7\u00e3o a qual Ana Hickmann se referiu e negou conhecimento. A defesa do empres\u00e1rio ainda destacou que Correa desfrutava de direitos na empresa.<\/p>\n<p><b>\u201cInformamos ainda que Alexandre \u00e9 s\u00f3cio administrador da empresa Hickmann Servi\u00e7os e que tem poderes legais para assinar cheques e documentos\u201d<\/b>, declarou.<\/p>\n<p>Mura ainda afirmou que Ana tem feito acusa\u00e7\u00f5es, mas n\u00e3o tem apresentado provas. Para refor\u00e7ar sua declara\u00e7\u00e3o, o advogado lembrou da den\u00fancia de que Correa andava com porte ilegal de arma, o que n\u00e3o foi confirmado ap\u00f3s a pol\u00edcia cumprir mandado de busca e apreens\u00e3o.<\/p>\n<\/div>\n<p><br \/>\n<br \/><a href=\"https:\/\/fnmais.com\/alexandre-alega-estar-sendo-vitima-acusa-ana-hickmann-perseguicao-obsessiva\/\">Source link <\/a><\/p>\n<div class='code-block code-block-4' style='margin: 8px auto 8px 0; text-align: left; display: block; clear: both;'>\n\ud83d\udce2 Aviso Legal\n\nO site ismaelcolosi.com.br atua apenas como um canal de divulga\u00e7\u00e3o de oportunidades de emprego e n\u00e3o se responsabiliza pelo processo seletivo, contrata\u00e7\u00e3o ou qualquer outra etapa relacionada \u00e0s vagas publicadas. Todas as informa\u00e7\u00f5es s\u00e3o de responsabilidade dos anunciantes.\n\n\u26a0\ufe0f Aten\u00e7\u00e3o! Nunca pague por promessas de emprego nem compre cursos que garantam contrata\u00e7\u00e3o. Desconfie de qualquer cobran\u00e7a para participar de sele\u00e7\u00f5es.\n\n\n\n<\/div>\n<!-- CONTENT END 1 -->\n","protected":false},"excerpt":{"rendered":"<p>No \u00faltimo domingo (26\/11), uma reportagem especial sobre o caso Ana Hickmann deu o que falar. Em entrevista, a apresentadora fez fortes revela\u00e7\u00f5es e acusa\u00e7\u00f5es&#8230;<\/p>\n","protected":false},"author":1,"featured_media":7274,"comment_status":"open","ping_status":"open","sticky":false,"template":"","format":"standard","meta":{"_uag_custom_page_level_css":"","advanced_seo_description":"","jetpack_seo_html_title":"","jetpack_seo_noindex":false,"jetpack_post_was_ever_published":false,"_jetpack_newsletter_access":"","_jetpack_dont_email_post_to_subs":false,"_jetpack_newsletter_tier_id":0,"_jetpack_memberships_contains_paywalled_content":false,"_jetpack_memberships_contains_paid_content":false,"footnotes":"","jetpack_publicize_message":"","jetpack_publicize_feature_enabled":true,"jetpack_social_post_already_shared":true,"jetpack_social_options":{"image_generator_settings":{"template":"highway","default_image_id":0,"font":"","enabled":false},"version":2}},"categories":[1],"tags":[],"class_list":["post-7273","post","type-post","status-publish","format-standard","has-post-thumbnail","hentry","category-blog"],"jetpack_publicize_connections":[],"jetpack_featured_media_url":"https:\/\/i0.wp.com\/ismaelcolosi.com.br\/wp-content\/uploads\/2023\/11\/postimg-65652f87a3a619659.jpg?fit=1200%2C628&ssl=1","uagb_featured_image_src":{"full":["https:\/\/i0.wp.com\/ismaelcolosi.com.br\/wp-content\/uploads\/2023\/11\/postimg-65652f87a3a619659.jpg?fit=1200%2C628&ssl=1",1200,628,false],"thumbnail":["https:\/\/i0.wp.com\/ismaelcolosi.com.br\/wp-content\/uploads\/2023\/11\/postimg-65652f87a3a619659.jpg?resize=150%2C150&ssl=1",150,150,true],"medium":["https:\/\/i0.wp.com\/ismaelcolosi.com.br\/wp-content\/uploads\/2023\/11\/postimg-65652f87a3a619659.jpg?fit=300%2C157&ssl=1",300,157,true],"medium_large":["https:\/\/i0.wp.com\/ismaelcolosi.com.br\/wp-content\/uploads\/2023\/11\/postimg-65652f87a3a619659.jpg?fit=768%2C402&ssl=1",768,402,true],"large":["https:\/\/i0.wp.com\/ismaelcolosi.com.br\/wp-content\/uploads\/2023\/11\/postimg-65652f87a3a619659.jpg?fit=1024%2C536&ssl=1",1024,536,true],"1536x1536":["https:\/\/i0.wp.com\/ismaelcolosi.com.br\/wp-content\/uploads\/2023\/11\/postimg-65652f87a3a619659.jpg?fit=1200%2C628&ssl=1",1200,628,true],"2048x2048":["https:\/\/i0.wp.com\/ismaelcolosi.com.br\/wp-content\/uploads\/2023\/11\/postimg-65652f87a3a619659.jpg?fit=1200%2C628&ssl=1",1200,628,true],"really-simple-thumb":["https:\/\/i0.wp.com\/ismaelcolosi.com.br\/wp-content\/uploads\/2023\/11\/postimg-65652f87a3a619659.jpg?resize=370%2C247&ssl=1",370,247,true]},"uagb_author_info":{"display_name":"ismaelcolosi.com.br","author_link":"https:\/\/ismaelcolosi.com.br\/index.php\/author\/vidareal-online\/"},"uagb_comment_info":0,"uagb_excerpt":"No \u00faltimo domingo (26\/11), uma reportagem especial sobre o caso Ana Hickmann deu o que falar. Em entrevista, a apresentadora fez fortes revela\u00e7\u00f5es e acusa\u00e7\u00f5es...","jetpack-related-posts":[{"id":6782,"url":"https:\/\/ismaelcolosi.com.br\/index.php\/2023\/11\/26\/alexandre-correa-da-sua-versao-dos-fatos-e-nega-agressao\/","url_meta":{"origin":7273,"position":0},"title":"Alexandre Correa da sua vers\u00e3o dos fatos e nega agress\u00e3o","author":"ismaelcolosi.com.br","date":"26 de November de 2023","format":false,"excerpt":"Alexandre Correa concedeu uma longa entrevista \u00e0 Quem e falou sobre o \u00faltimo dia 11 de novembro. Naquele dia, Alexandre e Ana Hickmann tiveram um atrito que resultou em boletim de ocorr\u00eancia.Ana alega ter sido agredida fisicamente durante a discuss\u00e3o. Ana denunciou o empres\u00e1rio \u00e0 pol\u00edcia e, desde ent\u00e3o, Alexandre\u2026","rel":"","context":"In &quot;Blog&quot;","block_context":{"text":"Blog","link":"https:\/\/ismaelcolosi.com.br\/index.php\/category\/blog\/"},"img":{"alt_text":"","src":"https:\/\/i0.wp.com\/ismaelcolosi.com.br\/wp-content\/uploads\/2023\/11\/postimg-6563da9d397f53051.jpg?fit=1200%2C628&ssl=1&resize=350%2C200","width":350,"height":200,"srcset":"https:\/\/i0.wp.com\/ismaelcolosi.com.br\/wp-content\/uploads\/2023\/11\/postimg-6563da9d397f53051.jpg?fit=1200%2C628&ssl=1&resize=350%2C200 1x, https:\/\/i0.wp.com\/ismaelcolosi.com.br\/wp-content\/uploads\/2023\/11\/postimg-6563da9d397f53051.jpg?fit=1200%2C628&ssl=1&resize=525%2C300 1.5x, https:\/\/i0.wp.com\/ismaelcolosi.com.br\/wp-content\/uploads\/2023\/11\/postimg-6563da9d397f53051.jpg?fit=1200%2C628&ssl=1&resize=700%2C400 2x, https:\/\/i0.wp.com\/ismaelcolosi.com.br\/wp-content\/uploads\/2023\/11\/postimg-6563da9d397f53051.jpg?fit=1200%2C628&ssl=1&resize=1050%2C600 3x"},"classes":[]},{"id":6743,"url":"https:\/\/ismaelcolosi.com.br\/index.php\/2023\/11\/26\/alexandre-correa-afirma-que-ana-hickmann-estava-bebada-no-dia-da-confusao-uma-garrafa-de-vinho\/","url_meta":{"origin":7273,"position":1},"title":"Alexandre Corr\u00eaa afirma que Ana Hickmann estava b\u00eabada no dia da confus\u00e3o: &#8216;uma garrafa de vinho&#8217;","author":"ismaelcolosi.com.br","date":"26 de November de 2023","format":false,"excerpt":"O empres\u00e1rio Alexandre Corr\u00eaa deu novos detalhes sob o seu ponto de vista das diverg\u00eancias que viveu em face de sua ent\u00e3o esposa, a apresentadora Ana Hickmann. Em entrevista concedida \u00e0 revista Quem, ele voltou a negar que tenha agredido a comunicadora.De acordo com Alexandre Corr\u00eaa, Ana Hickmann sabe muito\u2026","rel":"","context":"In &quot;Blog&quot;","block_context":{"text":"Blog","link":"https:\/\/ismaelcolosi.com.br\/index.php\/category\/blog\/"},"img":{"alt_text":"","src":"https:\/\/i0.wp.com\/ismaelcolosi.com.br\/wp-content\/uploads\/2023\/11\/postimg-6563be15783323704.jpg?fit=1200%2C628&ssl=1&resize=350%2C200","width":350,"height":200,"srcset":"https:\/\/i0.wp.com\/ismaelcolosi.com.br\/wp-content\/uploads\/2023\/11\/postimg-6563be15783323704.jpg?fit=1200%2C628&ssl=1&resize=350%2C200 1x, https:\/\/i0.wp.com\/ismaelcolosi.com.br\/wp-content\/uploads\/2023\/11\/postimg-6563be15783323704.jpg?fit=1200%2C628&ssl=1&resize=525%2C300 1.5x, https:\/\/i0.wp.com\/ismaelcolosi.com.br\/wp-content\/uploads\/2023\/11\/postimg-6563be15783323704.jpg?fit=1200%2C628&ssl=1&resize=700%2C400 2x, https:\/\/i0.wp.com\/ismaelcolosi.com.br\/wp-content\/uploads\/2023\/11\/postimg-6563be15783323704.jpg?fit=1200%2C628&ssl=1&resize=1050%2C600 3x"},"classes":[]},{"id":10638,"url":"https:\/\/ismaelcolosi.com.br\/index.php\/2023\/12\/04\/apos-gesto-surpreendente-do-ex-de-ana-hickmann-advogado-explica-desistiu-inicialmente\/","url_meta":{"origin":7273,"position":2},"title":"Ap\u00f3s gesto surpreendente do ex de Ana Hickmann, advogado explica: &#8220;Desistiu inicialmente&#8221;","author":"ismaelcolosi.com.br","date":"4 de December de 2023","format":false,"excerpt":"O caso Ana Hickmann tem vivido algumas reviravoltas por ambas as partes. A apresentadora j\u00e1 veio a p\u00fablico desmentir algumas not\u00edcias e agora o motivo de uma postagem dela sobre uma suposta boa noticia pode ter sido revelado.Ap\u00f3s divulga\u00e7\u00e3o do jornal O Estado de S\u00e3o Paulo que o ex marido,\u2026","rel":"","context":"In &quot;Blog&quot;","block_context":{"text":"Blog","link":"https:\/\/ismaelcolosi.com.br\/index.php\/category\/blog\/"},"img":{"alt_text":"","src":"https:\/\/i0.wp.com\/ismaelcolosi.com.br\/wp-content\/uploads\/2023\/12\/postimg-656e55537ad333948.jpg?fit=1200%2C628&ssl=1&resize=350%2C200","width":350,"height":200,"srcset":"https:\/\/i0.wp.com\/ismaelcolosi.com.br\/wp-content\/uploads\/2023\/12\/postimg-656e55537ad333948.jpg?fit=1200%2C628&ssl=1&resize=350%2C200 1x, https:\/\/i0.wp.com\/ismaelcolosi.com.br\/wp-content\/uploads\/2023\/12\/postimg-656e55537ad333948.jpg?fit=1200%2C628&ssl=1&resize=525%2C300 1.5x, https:\/\/i0.wp.com\/ismaelcolosi.com.br\/wp-content\/uploads\/2023\/12\/postimg-656e55537ad333948.jpg?fit=1200%2C628&ssl=1&resize=700%2C400 2x, https:\/\/i0.wp.com\/ismaelcolosi.com.br\/wp-content\/uploads\/2023\/12\/postimg-656e55537ad333948.jpg?fit=1200%2C628&ssl=1&resize=1050%2C600 3x"},"classes":[]},{"id":7070,"url":"https:\/\/ismaelcolosi.com.br\/index.php\/2023\/11\/27\/alexandre-correa-alega-que-ana-hickmann-teria-feito-o-filho-chorar-compulsivamente-no-dia-da-briga\/","url_meta":{"origin":7273,"position":3},"title":"Alexandre Correa alega que Ana Hickmann teria feito o filho chorar compulsivamente no dia da briga","author":"ismaelcolosi.com.br","date":"27 de November de 2023","format":false,"excerpt":"O empres\u00e1rio Alexandre Correa, acusado de agredir a pr\u00f3pria esposa, Ana Hickmann, conversou com canais de comunica\u00e7\u00e3o ap\u00f3s ter se deparado com a entrevista que a esposa concedeu para canais de comunica\u00e7\u00e3o, detalhando o que teria acontecido no dia em que foi agredida dentro de sua mans\u00e3o.Agora, o casal, que\u2026","rel":"","context":"In &quot;Blog&quot;","block_context":{"text":"Blog","link":"https:\/\/ismaelcolosi.com.br\/index.php\/category\/blog\/"},"img":{"alt_text":"","src":"https:\/\/i0.wp.com\/ismaelcolosi.com.br\/wp-content\/uploads\/2023\/11\/postimg-6564cfe108f3a7181.jpg?fit=1200%2C628&ssl=1&resize=350%2C200","width":350,"height":200,"srcset":"https:\/\/i0.wp.com\/ismaelcolosi.com.br\/wp-content\/uploads\/2023\/11\/postimg-6564cfe108f3a7181.jpg?fit=1200%2C628&ssl=1&resize=350%2C200 1x, https:\/\/i0.wp.com\/ismaelcolosi.com.br\/wp-content\/uploads\/2023\/11\/postimg-6564cfe108f3a7181.jpg?fit=1200%2C628&ssl=1&resize=525%2C300 1.5x, https:\/\/i0.wp.com\/ismaelcolosi.com.br\/wp-content\/uploads\/2023\/11\/postimg-6564cfe108f3a7181.jpg?fit=1200%2C628&ssl=1&resize=700%2C400 2x, https:\/\/i0.wp.com\/ismaelcolosi.com.br\/wp-content\/uploads\/2023\/11\/postimg-6564cfe108f3a7181.jpg?fit=1200%2C628&ssl=1&resize=1050%2C600 3x"},"classes":[]},{"id":5916,"url":"https:\/\/ismaelcolosi.com.br\/index.php\/2023\/11\/24\/segundo-advogado-marido-de-ana-hickmann-entra-com-pedido-de-divorcio\/","url_meta":{"origin":7273,"position":4},"title":"Segundo advogado, Marido de Ana Hickmann entra com pedido de div\u00f3rcio","author":"ismaelcolosi.com.br","date":"24 de November de 2023","format":false,"excerpt":"Ap\u00f3s o site \u201cNot\u00edcias da TV\u201d divulgaram que a apresentadora Ana Hickmann j\u00e1 estaria se referindo a Alexandre Correa como ex marido, parece que ele tomou provid\u00eancias com rela\u00e7\u00e3o a isso.Segundo o advogado Enio Martins Murad em entrevista ao G1, Alexandre teria entrado com pedido de div\u00f3rcio nesta sexta feira,\u2026","rel":"","context":"In &quot;Blog&quot;","block_context":{"text":"Blog","link":"https:\/\/ismaelcolosi.com.br\/index.php\/category\/blog\/"},"img":{"alt_text":"","src":"https:\/\/i0.wp.com\/ismaelcolosi.com.br\/wp-content\/uploads\/2023\/11\/postimg-656103f437cd03875.jpg?fit=1200%2C628&ssl=1&resize=350%2C200","width":350,"height":200,"srcset":"https:\/\/i0.wp.com\/ismaelcolosi.com.br\/wp-content\/uploads\/2023\/11\/postimg-656103f437cd03875.jpg?fit=1200%2C628&ssl=1&resize=350%2C200 1x, https:\/\/i0.wp.com\/ismaelcolosi.com.br\/wp-content\/uploads\/2023\/11\/postimg-656103f437cd03875.jpg?fit=1200%2C628&ssl=1&resize=525%2C300 1.5x, https:\/\/i0.wp.com\/ismaelcolosi.com.br\/wp-content\/uploads\/2023\/11\/postimg-656103f437cd03875.jpg?fit=1200%2C628&ssl=1&resize=700%2C400 2x, https:\/\/i0.wp.com\/ismaelcolosi.com.br\/wp-content\/uploads\/2023\/11\/postimg-656103f437cd03875.jpg?fit=1200%2C628&ssl=1&resize=1050%2C600 3x"},"classes":[]},{"id":14996,"url":"https:\/\/ismaelcolosi.com.br\/index.php\/2023\/12\/12\/nova-acusacao-alega-que-alexandre-correa-desviou-r-25-milhoes\/","url_meta":{"origin":7273,"position":5},"title":"nova acusa\u00e7\u00e3o alega que Alexandre Correa desviou R$ 25 milh\u00f5es","author":"ismaelcolosi.com.br","date":"12 de December de 2023","format":false,"excerpt":"A vida da apresentadora Ana Hickmann segue com mais uma novidade. Ap\u00f3s ter entrado com um processo de separa\u00e7\u00e3o alegando ter sido agredida por Alexandre Correa, agora ela acusa o marido de desvio de dinheiro.Segundo ela, o ex marido teria desviado pelo menos R$ 25 milh\u00f5es de reais da conta\u2026","rel":"","context":"In &quot;Blog&quot;","block_context":{"text":"Blog","link":"https:\/\/ismaelcolosi.com.br\/index.php\/category\/blog\/"},"img":{"alt_text":"","src":"https:\/\/i0.wp.com\/ismaelcolosi.com.br\/wp-content\/uploads\/2023\/12\/postimg-6578f4cd082202750.jpg?fit=1200%2C628&ssl=1&resize=350%2C200","width":350,"height":200,"srcset":"https:\/\/i0.wp.com\/ismaelcolosi.com.br\/wp-content\/uploads\/2023\/12\/postimg-6578f4cd082202750.jpg?fit=1200%2C628&ssl=1&resize=350%2C200 1x, https:\/\/i0.wp.com\/ismaelcolosi.com.br\/wp-content\/uploads\/2023\/12\/postimg-6578f4cd082202750.jpg?fit=1200%2C628&ssl=1&resize=525%2C300 1.5x, https:\/\/i0.wp.com\/ismaelcolosi.com.br\/wp-content\/uploads\/2023\/12\/postimg-6578f4cd082202750.jpg?fit=1200%2C628&ssl=1&resize=700%2C400 2x, https:\/\/i0.wp.com\/ismaelcolosi.com.br\/wp-content\/uploads\/2023\/12\/postimg-6578f4cd082202750.jpg?fit=1200%2C628&ssl=1&resize=1050%2C600 3x"},"classes":[]}],"jetpack_sharing_enabled":true,"jetpack_shortlink":"https:\/\/wp.me\/pfMlyK-1Tj","_links":{"self":[{"href":"https:\/\/ismaelcolosi.com.br\/index.php\/wp-json\/wp\/v2\/posts\/7273","targetHints":{"allow":["GET"]}}],"collection":[{"href":"https:\/\/ismaelcolosi.com.br\/index.php\/wp-json\/wp\/v2\/posts"}],"about":[{"href":"https:\/\/ismaelcolosi.com.br\/index.php\/wp-json\/wp\/v2\/types\/post"}],"author":[{"embeddable":true,"href":"https:\/\/ismaelcolosi.com.br\/index.php\/wp-json\/wp\/v2\/users\/1"}],"replies":[{"embeddable":true,"href":"https:\/\/ismaelcolosi.com.br\/index.php\/wp-json\/wp\/v2\/comments?post=7273"}],"version-history":[{"count":0,"href":"https:\/\/ismaelcolosi.com.br\/index.php\/wp-json\/wp\/v2\/posts\/7273\/revisions"}],"wp:featuredmedia":[{"embeddable":true,"href":"https:\/\/ismaelcolosi.com.br\/index.php\/wp-json\/wp\/v2\/media\/7274"}],"wp:attachment":[{"href":"https:\/\/ismaelcolosi.com.br\/index.php\/wp-json\/wp\/v2\/media?parent=7273"}],"wp:term":[{"taxonomy":"category","embeddable":true,"href":"https:\/\/ismaelcolosi.com.br\/index.php\/wp-json\/wp\/v2\/categories?post=7273"},{"taxonomy":"post_tag","embeddable":true,"href":"https:\/\/ismaelcolosi.com.br\/index.php\/wp-json\/wp\/v2\/tags?post=7273"}],"curies":[{"name":"wp","href":"https:\/\/api.w.org\/{rel}","templated":true}]}}