{"id":72602,"date":"2024-10-22T14:28:36","date_gmt":"2024-10-22T17:28:36","guid":{"rendered":"https:\/\/ismaelcolosi.com.br\/index.php\/2024\/10\/22\/meta-demite-funcionarios-por-mau-uso-de-vale-refeicao\/"},"modified":"2024-10-22T14:28:36","modified_gmt":"2024-10-22T17:28:36","slug":"meta-demite-funcionarios-por-mau-uso-de-vale-refeicao","status":"publish","type":"post","link":"https:\/\/ismaelcolosi.com.br\/index.php\/2024\/10\/22\/meta-demite-funcionarios-por-mau-uso-de-vale-refeicao\/","title":{"rendered":"Meta Demite Funcion\u00e1rios por Mau Uso de Vale Refei\u00e7\u00e3o"},"content":{"rendered":"<p> <br \/>\n<\/p>\n<div>\n<p>\u00a0<\/p>\n<div class=\"accessibility\">\n<p>Acessibilidade<\/p>\n<p>\n<button onclick=\"alterFont1()\" id=\"btn1\" class=\"btn\">L<\/button><br \/>\n<button onclick=\"alterFont2()\" id=\"btn2\" class=\"btn\" style=\"font-family:Merriweather\">L<\/button><br \/>\n<button onclick=\"alterFontSmallerSize()\" id=\"btn3\" class=\"btn\">A-<\/button><br \/>\n<button onclick=\"alterFontBiggerSize()\" id=\"btn4\" class=\"btn\">A+<\/button><\/p>\n<p><button onclick=\"alterBackground()\" id=\"btn6\" class=\"btn\">\u25d0<\/button><\/p>\n<\/div>\n<p>\u00a0<\/p>\n<p>A <strong>Meta<\/strong> demitiu recentemente cerca de duas dezenas de funcion\u00e1rios em um epis\u00f3dio que est\u00e1 sendo chamado de \u201cGrubgate\u201d, devido ao mau uso de um benef\u00edcio de US$ 25 (R$ 142,38) em cr\u00e9ditos de refei\u00e7\u00e3o do <strong>Grubhub<\/strong> (plataforma de entrega de comida, como o iFood).<\/p>\n<p>Segundo o Financial Times, os cr\u00e9ditos, que eram destinados a funcion\u00e1rios trabalhando at\u00e9 tarde ou em escrit\u00f3rios sem refeit\u00f3rios, foram utilizados para comprar itens n\u00e3o alimentares, como detergente para roupas, ta\u00e7as de vinho e produtos para acne.<\/p>\n<section>\n<h2>Leia tamb\u00e9m<\/h2>\n<\/section>\n<div id=\"attachment_623958\" class=\"wp-caption alignnone style=\" max-width:=\"\"><img data-recalc-dims=\"1\" fetchpriority=\"high\" decoding=\"async\" class=\"alignnone wp-image-623958 size-medium\" src=\"https:\/\/i0.wp.com\/forbes.com.br\/wp-content\/uploads\/2024\/07\/mark-zuckerberg-768x512.png?resize=678%2C452&#038;ssl=1\" alt=\"Mark Zuckerberg, CEO e fundador da Meta\" width=\"678\" height=\"452\"\/><\/p>\n<p>Getty Images<\/p>\n<p class=\"wp-caption-text\">Mark Zuckerberg, CEO e fundador da Meta, quer reduzir custos da companhia com o \u201cAno da Efici\u00eancia\u201d<\/p>\n<\/div>\n<p>As demiss\u00f5es na gigante das redes sociais foram direcionadas \u00e0queles que usaram o benef\u00edcio fora dessas regras e de maneira consistente ao longo de um per\u00edodo prolongado. Segundo relatos, alguns dos funcion\u00e1rios demitidos acumulavam seus cr\u00e9ditos, enquanto outros mandavam as refei\u00e7\u00f5es para suas casas. A empresa teve certa toler\u00e2ncia em rela\u00e7\u00e3o aos profissionais que n\u00e3o demonstraram um padr\u00e3o de viola\u00e7\u00e3o da pol\u00edtica e que o fizeram apenas ocasionalmente, emitindo advert\u00eancias em vez de demiss\u00f5es.<\/p>\n<p>O caso gerou debates dentro da empresa sobre a justi\u00e7a do processo de tomada de decis\u00e3o, expondo tens\u00f5es subjacentes em rela\u00e7\u00e3o aos benef\u00edcios oferecidos aos funcion\u00e1rios, \u00e0s pol\u00edticas corporativas e \u00e0s medidas de corte de custos em andamento.<\/p>\n<p>As rea\u00e7\u00f5es entre os funcion\u00e1rios foram diversas. Alguns demonstraram preocupa\u00e7\u00e3o com a rigidez da aplica\u00e7\u00e3o das regras, enquanto outros defenderam as a\u00e7\u00f5es da empresa, argumentando que os funcion\u00e1rios estavam cientes das pol\u00edticas.<\/p>\n<h2>Demiss\u00f5es na Meta e o \u201cAno da Efici\u00eancia\u201d<\/h2>\n<p>O caso \u201cGrubgate\u201d acontece no contexto da estrat\u00e9gia do \u201cAno da Efici\u00eancia\u201d da Meta, iniciada pelo CEO e fundador, Mark Zuckerberg. O plano visa apertar as pol\u00edticas da empresa e reduzir custos.<\/p>\n<p>As demiss\u00f5es decorrentes do uso inadequado dos cr\u00e9ditos de refei\u00e7\u00e3o geraram discuss\u00f5es sobre poss\u00edveis conex\u00f5es com mudan\u00e7as organizacionais mais amplas, coincidindo com uma recente rodada de demiss\u00f5es e reestrutura\u00e7\u00e3o que impacta divis\u00f5es como Instagram, Reality Labs (focada em realidade aumentada e virtual) e WhatsApp. Isso faz parte dos esfor\u00e7os cont\u00ednuos da empresa para otimizar suas opera\u00e7\u00f5es e alocar recursos de forma mais eficiente.<\/p>\n<p>\u201cHoje, alguns times da Meta est\u00e3o fazendo mudan\u00e7as para garantir que os recursos estejam alinhados com suas metas estrat\u00e9gicas de longo prazo\u201d, disse o porta-voz da Meta, Dave Arnold, em um comunicado na semana passada. \u201cIsso inclui mover algumas equipes para diferentes localiza\u00e7\u00f5es e realocar alguns funcion\u00e1rios para novas fun\u00e7\u00f5es. Em situa\u00e7\u00f5es como essa, quando uma fun\u00e7\u00e3o \u00e9 eliminada, nos esfor\u00e7amos para encontrar outras oportunidades para os profissionais afetados.\u201d<\/p>\n<p>Essa nova onda de demiss\u00f5es segue outra s\u00e9rie de cortes de empregos na divis\u00e3o de Reality Labs da Meta no in\u00edcio deste ano. Em 2022, a empresa inicialmente demitiu 11 mil funcion\u00e1rios devido a proje\u00e7\u00f5es de crescimento excessivamente otimistas ap\u00f3s a pandemia de Covid-19.<\/p>\n<p>Durante uma reuni\u00e3o geral naquele ano, Zuckerberg alertou os funcion\u00e1rios sobre o dif\u00edcil cen\u00e1rio econ\u00f4mico, destacando a necessidade de desacelerar as contrata\u00e7\u00f5es e implementar cortes de custos. Como parte da nova estrat\u00e9gia fiscal da empresa, a Meta afirmou que aumentaria suas expectativas de desempenho para os funcion\u00e1rios.<\/p>\n<p>O CEO chegou a dizer aos profissionais: \u201cAcho que alguns de voc\u00eas podem decidir que esse lugar n\u00e3o \u00e9 para voc\u00eas, e essa auto-sele\u00e7\u00e3o est\u00e1 ok para mim. Sendo realista, h\u00e1 provavelmente um monte de gente na empresa que n\u00e3o deveria estar aqui.\u201d<\/p>\n<p>Depois disso, a Meta supostamente avaliou milhares de seus funcion\u00e1rios de tecnologia como \u201cabaixo do esperado\u201d. Segundo a plataforma The Information, o vice-presidente Maher Saba pediu aos gerentes que identificassem pessoas em suas equipes que \u201cprecisam de apoio\u201d e que encaminhassem para desligamento os profissionais de baixo desempenho que \u201cn\u00e3o conseguem se alinhar.\u201d<\/p>\n<p>Outros 10 mil funcion\u00e1rios foram demitidos como parte dos esfor\u00e7os de reestrutura\u00e7\u00e3o em 2023.<\/p>\n<section>\n<h2>Escolhas do editor<\/h2>\n<\/section>\n<\/div>\n<p><script type=\"rocketlazyloadscript\">\n\t\t\t\t(function(d, s, id){\n\t\t\t\t\tvar js, fjs = d.getElementsByTagName(s)[0];\n\t\t\t\t\tif (d.getElementById(id)) return;\n\t\t\t\t\tjs = d.createElement(s); js.id = id;\n\t\t\t\t\tjs.src = \"\/\/connect.facebook.net\/pt_BR\/sdk.js#xfbml=1&version=v2.9\";\n\t\t\t\t\tfjs.parentNode.insertBefore(js, fjs);\n\t\t\t\t}(document, 'script', 'facebook-jssdk'));\n\t\t\t<\/script><br \/>\n<br \/><br \/>\n<br \/><a href=\"https:\/\/forbes.com.br\/carreira\/2024\/10\/meta-demite-funcionarios-por-mau-uso-de-vale-refeicao\/\">Source link <\/a><\/p>\n<div class='code-block code-block-4' style='margin: 8px auto 8px 0; text-align: left; display: block; clear: both;'>\n\ud83d\udce2 Aviso Legal\n\nO site ismaelcolosi.com.br atua apenas como um canal de divulga\u00e7\u00e3o de oportunidades de emprego e n\u00e3o se responsabiliza pelo processo seletivo, contrata\u00e7\u00e3o ou qualquer outra etapa relacionada \u00e0s vagas publicadas. Todas as informa\u00e7\u00f5es s\u00e3o de responsabilidade dos anunciantes.\n\n\u26a0\ufe0f Aten\u00e7\u00e3o! Nunca pague por promessas de emprego nem compre cursos que garantam contrata\u00e7\u00e3o. Desconfie de qualquer cobran\u00e7a para participar de sele\u00e7\u00f5es.\n\n\n\n<\/div>\n<!-- CONTENT END 1 -->\n","protected":false},"excerpt":{"rendered":"<p>\u00a0 Acessibilidade L L A- A+ \u25d0 \u00a0 A Meta demitiu recentemente cerca de duas dezenas de funcion\u00e1rios em um epis\u00f3dio que est\u00e1 sendo chamado&#8230;<\/p>\n","protected":false},"author":1,"featured_media":72603,"comment_status":"open","ping_status":"open","sticky":false,"template":"","format":"standard","meta":{"_uag_custom_page_level_css":"","advanced_seo_description":"","jetpack_seo_html_title":"","jetpack_seo_noindex":false,"jetpack_post_was_ever_published":false,"_jetpack_newsletter_access":"","_jetpack_dont_email_post_to_subs":false,"_jetpack_newsletter_tier_id":0,"_jetpack_memberships_contains_paywalled_content":false,"_jetpack_memberships_contains_paid_content":false,"footnotes":"","jetpack_publicize_message":"","jetpack_publicize_feature_enabled":true,"jetpack_social_post_already_shared":true,"jetpack_social_options":{"image_generator_settings":{"template":"highway","default_image_id":0,"font":"","enabled":false},"version":2}},"categories":[1964],"tags":[],"class_list":["post-72602","post","type-post","status-publish","format-standard","has-post-thumbnail","hentry","category-carreira-e-sucesso-dicas-para-carreira"],"jetpack_publicize_connections":[],"jetpack_featured_media_url":"https:\/\/i0.wp.com\/ismaelcolosi.com.br\/wp-content\/uploads\/2024\/10\/mark-zuckerberg-1024x683.png?fit=1024%2C683&ssl=1","uagb_featured_image_src":{"full":["https:\/\/i0.wp.com\/ismaelcolosi.com.br\/wp-content\/uploads\/2024\/10\/mark-zuckerberg-1024x683.png?fit=1024%2C683&ssl=1",1024,683,false],"thumbnail":["https:\/\/i0.wp.com\/ismaelcolosi.com.br\/wp-content\/uploads\/2024\/10\/mark-zuckerberg-1024x683.png?resize=150%2C150&ssl=1",150,150,true],"medium":["https:\/\/i0.wp.com\/ismaelcolosi.com.br\/wp-content\/uploads\/2024\/10\/mark-zuckerberg-1024x683.png?fit=300%2C200&ssl=1",300,200,true],"medium_large":["https:\/\/i0.wp.com\/ismaelcolosi.com.br\/wp-content\/uploads\/2024\/10\/mark-zuckerberg-1024x683.png?fit=768%2C512&ssl=1",768,512,true],"large":["https:\/\/i0.wp.com\/ismaelcolosi.com.br\/wp-content\/uploads\/2024\/10\/mark-zuckerberg-1024x683.png?fit=1024%2C683&ssl=1",1024,683,true],"1536x1536":["https:\/\/i0.wp.com\/ismaelcolosi.com.br\/wp-content\/uploads\/2024\/10\/mark-zuckerberg-1024x683.png?fit=1024%2C683&ssl=1",1024,683,true],"2048x2048":["https:\/\/i0.wp.com\/ismaelcolosi.com.br\/wp-content\/uploads\/2024\/10\/mark-zuckerberg-1024x683.png?fit=1024%2C683&ssl=1",1024,683,true],"really-simple-thumb":["https:\/\/i0.wp.com\/ismaelcolosi.com.br\/wp-content\/uploads\/2024\/10\/mark-zuckerberg-1024x683.png?resize=370%2C247&ssl=1",370,247,true]},"uagb_author_info":{"display_name":"ismaelcolosi.com.br","author_link":"https:\/\/ismaelcolosi.com.br\/index.php\/author\/vidareal-online\/"},"uagb_comment_info":0,"uagb_excerpt":"\u00a0 Acessibilidade L L A- A+ \u25d0 \u00a0 A Meta demitiu recentemente cerca de duas dezenas de funcion\u00e1rios em um epis\u00f3dio que est\u00e1 sendo chamado...","jetpack-related-posts":[{"id":89933,"url":"https:\/\/ismaelcolosi.com.br\/index.php\/2026\/04\/22\/meta-vai-capturar-movimentos-do-mouse-de-funcionarios-para-treinamento-em-ia-2\/","url_meta":{"origin":72602,"position":0},"title":"Meta Vai Capturar Movimentos do Mouse de Funcion\u00e1rios para Treinamento em IA","author":"ismaelcolosi.com.br","date":"22 de April de 2026","format":false,"excerpt":"A meta est\u00e1 instalando um novo software de rastreamento nos computadores dos funcion\u00e1rios nos Estados Unidos para capturar movimentos do mouse, cliques e pressionamentos de teclas para uso no treinamento de seus modelos de intelig\u00eancia artificial, parte de uma ampla iniciativa para construir agentes de IA que possam realizar tarefas\u2026","rel":"","context":"In &quot;Carreira e Sucesso&quot;","block_context":{"text":"Carreira e Sucesso","link":"https:\/\/ismaelcolosi.com.br\/index.php\/category\/carreira-e-sucesso-dicas-para-carreira\/"},"img":{"alt_text":"","src":"https:\/\/i0.wp.com\/ismaelcolosi.com.br\/wp-content\/uploads\/2026\/04\/1776831853_Um-logotipo-da-Meta-AI-fica-do-lado-de-fora-da-Meta-House-no-dia-de-abertura-da-55a-reuniao-anual-do-Forum-Economico-Mundial-em-Davos-1200x675.jpg?fit=1200%2C675&ssl=1&resize=350%2C200","width":350,"height":200,"srcset":"https:\/\/i0.wp.com\/ismaelcolosi.com.br\/wp-content\/uploads\/2026\/04\/1776831853_Um-logotipo-da-Meta-AI-fica-do-lado-de-fora-da-Meta-House-no-dia-de-abertura-da-55a-reuniao-anual-do-Forum-Economico-Mundial-em-Davos-1200x675.jpg?fit=1200%2C675&ssl=1&resize=350%2C200 1x, https:\/\/i0.wp.com\/ismaelcolosi.com.br\/wp-content\/uploads\/2026\/04\/1776831853_Um-logotipo-da-Meta-AI-fica-do-lado-de-fora-da-Meta-House-no-dia-de-abertura-da-55a-reuniao-anual-do-Forum-Economico-Mundial-em-Davos-1200x675.jpg?fit=1200%2C675&ssl=1&resize=525%2C300 1.5x, https:\/\/i0.wp.com\/ismaelcolosi.com.br\/wp-content\/uploads\/2026\/04\/1776831853_Um-logotipo-da-Meta-AI-fica-do-lado-de-fora-da-Meta-House-no-dia-de-abertura-da-55a-reuniao-anual-do-Forum-Economico-Mundial-em-Davos-1200x675.jpg?fit=1200%2C675&ssl=1&resize=700%2C400 2x, https:\/\/i0.wp.com\/ismaelcolosi.com.br\/wp-content\/uploads\/2026\/04\/1776831853_Um-logotipo-da-Meta-AI-fica-do-lado-de-fora-da-Meta-House-no-dia-de-abertura-da-55a-reuniao-anual-do-Forum-Economico-Mundial-em-Davos-1200x675.jpg?fit=1200%2C675&ssl=1&resize=1050%2C600 3x"},"classes":[]},{"id":89931,"url":"https:\/\/ismaelcolosi.com.br\/index.php\/2026\/04\/21\/meta-vai-capturar-movimentos-do-mouse-de-funcionarios-para-treinamento-em-ia\/","url_meta":{"origin":72602,"position":1},"title":"Meta Vai Capturar Movimentos do Mouse de Funcion\u00e1rios para Treinamento em IA","author":"ismaelcolosi.com.br","date":"21 de April de 2026","format":false,"excerpt":"A meta est\u00e1 instalando um novo software de rastreamento nos computadores dos funcion\u00e1rios nos Estados Unidos para capturar movimentos do mouse, cliques e pressionamentos de teclas para uso no treinamento de seus modelos de intelig\u00eancia artificial, parte de uma ampla iniciativa para construir agentes de IA que possam realizar tarefas\u2026","rel":"","context":"In &quot;Carreira e Sucesso&quot;","block_context":{"text":"Carreira e Sucesso","link":"https:\/\/ismaelcolosi.com.br\/index.php\/category\/carreira-e-sucesso-dicas-para-carreira\/"},"img":{"alt_text":"","src":"https:\/\/i0.wp.com\/ismaelcolosi.com.br\/wp-content\/uploads\/2026\/04\/Um-logotipo-da-Meta-AI-fica-do-lado-de-fora-da-Meta-House-no-dia-de-abertura-da-55a-reuniao-anual-do-Forum-Economico-Mundial-em-Davos-1200x675.jpg?fit=1200%2C675&ssl=1&resize=350%2C200","width":350,"height":200,"srcset":"https:\/\/i0.wp.com\/ismaelcolosi.com.br\/wp-content\/uploads\/2026\/04\/Um-logotipo-da-Meta-AI-fica-do-lado-de-fora-da-Meta-House-no-dia-de-abertura-da-55a-reuniao-anual-do-Forum-Economico-Mundial-em-Davos-1200x675.jpg?fit=1200%2C675&ssl=1&resize=350%2C200 1x, https:\/\/i0.wp.com\/ismaelcolosi.com.br\/wp-content\/uploads\/2026\/04\/Um-logotipo-da-Meta-AI-fica-do-lado-de-fora-da-Meta-House-no-dia-de-abertura-da-55a-reuniao-anual-do-Forum-Economico-Mundial-em-Davos-1200x675.jpg?fit=1200%2C675&ssl=1&resize=525%2C300 1.5x, https:\/\/i0.wp.com\/ismaelcolosi.com.br\/wp-content\/uploads\/2026\/04\/Um-logotipo-da-Meta-AI-fica-do-lado-de-fora-da-Meta-House-no-dia-de-abertura-da-55a-reuniao-anual-do-Forum-Economico-Mundial-em-Davos-1200x675.jpg?fit=1200%2C675&ssl=1&resize=700%2C400 2x, https:\/\/i0.wp.com\/ismaelcolosi.com.br\/wp-content\/uploads\/2026\/04\/Um-logotipo-da-Meta-AI-fica-do-lado-de-fora-da-Meta-House-no-dia-de-abertura-da-55a-reuniao-anual-do-Forum-Economico-Mundial-em-Davos-1200x675.jpg?fit=1200%2C675&ssl=1&resize=1050%2C600 3x"},"classes":[]},{"id":72703,"url":"https:\/\/ismaelcolosi.com.br\/index.php\/2024\/10\/23\/quanto-ganha-um-estagiario-no-brasil\/","url_meta":{"origin":72602,"position":2},"title":"Quanto Ganha um Estagi\u00e1rio no Brasil?","author":"ismaelcolosi.com.br","date":"23 de October de 2024","format":false,"excerpt":"Forbes, a mais conceituada revista de neg\u00f3cios e economia do mundo. \u00a0 \u00a0 Os sal\u00e1rios dos estagi\u00e1rios no Brasil podem chegar at\u00e9 R$ 1.788,30, segundo uma nova pesquisa da consultoria de recursos humanos Korn Ferry. A m\u00e9dia da bolsa-aux\u00edlio para os profissionais que conciliam trabalho e gradua\u00e7\u00e3o varia em mais\u2026","rel":"","context":"In &quot;Carreira e Sucesso&quot;","block_context":{"text":"Carreira e Sucesso","link":"https:\/\/ismaelcolosi.com.br\/index.php\/category\/carreira-e-sucesso-dicas-para-carreira\/"},"img":{"alt_text":"","src":"https:\/\/i0.wp.com\/ismaelcolosi.com.br\/wp-content\/uploads\/2024\/10\/carreira-estagio-jovens-trabalho-getty-1024x683.jpg?fit=1024%2C683&ssl=1&resize=350%2C200","width":350,"height":200,"srcset":"https:\/\/i0.wp.com\/ismaelcolosi.com.br\/wp-content\/uploads\/2024\/10\/carreira-estagio-jovens-trabalho-getty-1024x683.jpg?fit=1024%2C683&ssl=1&resize=350%2C200 1x, https:\/\/i0.wp.com\/ismaelcolosi.com.br\/wp-content\/uploads\/2024\/10\/carreira-estagio-jovens-trabalho-getty-1024x683.jpg?fit=1024%2C683&ssl=1&resize=525%2C300 1.5x, https:\/\/i0.wp.com\/ismaelcolosi.com.br\/wp-content\/uploads\/2024\/10\/carreira-estagio-jovens-trabalho-getty-1024x683.jpg?fit=1024%2C683&ssl=1&resize=700%2C400 2x"},"classes":[]},{"id":89579,"url":"https:\/\/ismaelcolosi.com.br\/index.php\/2026\/03\/24\/um-agente-de-ia-para-ceos\/","url_meta":{"origin":72602,"position":3},"title":"um Agente de IA para CEOs","author":"ismaelcolosi.com.br","date":"24 de March de 2026","format":false,"excerpt":"Mark Zuckerberg est\u00e1 desenvolvendo um agente de intelig\u00eancia artificial voltado para CEOs, de forma a o ajudar em seu trabalho. A informa\u00e7\u00e3o foi dada com exclusividade para o Wall Street Journal, por uma pessoa familiarizada com o projeto. At\u00e9 o momento, o agente tem ajudado o diretor executivo da Meta\u2026","rel":"","context":"In &quot;Carreira e Sucesso&quot;","block_context":{"text":"Carreira e Sucesso","link":"https:\/\/ismaelcolosi.com.br\/index.php\/category\/carreira-e-sucesso-dicas-para-carreira\/"},"img":{"alt_text":"","src":"https:\/\/i0.wp.com\/ismaelcolosi.com.br\/wp-content\/uploads\/2026\/03\/Mark-Zuckerberg-1200x675.jpg?fit=1200%2C675&ssl=1&resize=350%2C200","width":350,"height":200,"srcset":"https:\/\/i0.wp.com\/ismaelcolosi.com.br\/wp-content\/uploads\/2026\/03\/Mark-Zuckerberg-1200x675.jpg?fit=1200%2C675&ssl=1&resize=350%2C200 1x, https:\/\/i0.wp.com\/ismaelcolosi.com.br\/wp-content\/uploads\/2026\/03\/Mark-Zuckerberg-1200x675.jpg?fit=1200%2C675&ssl=1&resize=525%2C300 1.5x, https:\/\/i0.wp.com\/ismaelcolosi.com.br\/wp-content\/uploads\/2026\/03\/Mark-Zuckerberg-1200x675.jpg?fit=1200%2C675&ssl=1&resize=700%2C400 2x, https:\/\/i0.wp.com\/ismaelcolosi.com.br\/wp-content\/uploads\/2026\/03\/Mark-Zuckerberg-1200x675.jpg?fit=1200%2C675&ssl=1&resize=1050%2C600 3x"},"classes":[]},{"id":89274,"url":"https:\/\/ismaelcolosi.com.br\/index.php\/2026\/02\/25\/entenda-novas-regras-que-afetam-empresas-e-funcionarios\/","url_meta":{"origin":72602,"position":4},"title":"Entenda Novas Regras Que Afetam Empresas e Funcion\u00e1rios","author":"ismaelcolosi.com.br","date":"25 de February de 2026","format":false,"excerpt":"O governo federal redesenhou as regras do vale-refei\u00e7\u00e3o e do vale-alimenta\u00e7\u00e3o, com impacto direto para empresas, profissionais e o setor de servi\u00e7os. O decreto que atualiza o PAT (Programa de Alimenta\u00e7\u00e3o do Trabalhador) busca aumentar a concorr\u00eancia, reduzir custos e modernizar o mercado, ao reformular o sistema de pagamentos e\u2026","rel":"","context":"In &quot;Carreira e Sucesso&quot;","block_context":{"text":"Carreira e Sucesso","link":"https:\/\/ismaelcolosi.com.br\/index.php\/category\/carreira-e-sucesso-dicas-para-carreira\/"},"img":{"alt_text":"","src":"https:\/\/i0.wp.com\/ismaelcolosi.com.br\/wp-content\/uploads\/2026\/02\/vale-refeicao-1200x675.jpg?fit=1200%2C675&ssl=1&resize=350%2C200","width":350,"height":200,"srcset":"https:\/\/i0.wp.com\/ismaelcolosi.com.br\/wp-content\/uploads\/2026\/02\/vale-refeicao-1200x675.jpg?fit=1200%2C675&ssl=1&resize=350%2C200 1x, https:\/\/i0.wp.com\/ismaelcolosi.com.br\/wp-content\/uploads\/2026\/02\/vale-refeicao-1200x675.jpg?fit=1200%2C675&ssl=1&resize=525%2C300 1.5x, https:\/\/i0.wp.com\/ismaelcolosi.com.br\/wp-content\/uploads\/2026\/02\/vale-refeicao-1200x675.jpg?fit=1200%2C675&ssl=1&resize=700%2C400 2x, https:\/\/i0.wp.com\/ismaelcolosi.com.br\/wp-content\/uploads\/2026\/02\/vale-refeicao-1200x675.jpg?fit=1200%2C675&ssl=1&resize=1050%2C600 3x"},"classes":[]},{"id":81709,"url":"https:\/\/ismaelcolosi.com.br\/index.php\/2025\/01\/14\/meta-vai-demitir-5-dos-funcionarios-com-menor-desempenho\/","url_meta":{"origin":72602,"position":5},"title":"Meta Vai Demitir 5% dos Funcion\u00e1rios com Menor Desempenho","author":"ismaelcolosi.com.br","date":"14 de January de 2025","format":false,"excerpt":"\r Getty Images\r A Meta iniciou diversas mudan\u00e7as de reestrutura\u00e7\u00e3o em 2022\r \u00a0 Acessibilidade \r L\r L\r A-\r A+\r \r \u25d0\r \r \u00a0 A Meta anunciou que reduzir\u00e1 cerca de 5% de seus colaboradores com pior desempenho e que planeja contratar para as fun\u00e7\u00f5es impactadas ainda este ano, informou um\u2026","rel":"","context":"In &quot;Carreira e Sucesso&quot;","block_context":{"text":"Carreira e Sucesso","link":"https:\/\/ismaelcolosi.com.br\/index.php\/category\/carreira-e-sucesso-dicas-para-carreira\/"},"img":{"alt_text":"","src":"https:\/\/i0.wp.com\/ismaelcolosi.com.br\/wp-content\/uploads\/2025\/01\/meta-logo-forbes-1200x675.jpg?fit=1200%2C675&ssl=1&resize=350%2C200","width":350,"height":200,"srcset":"https:\/\/i0.wp.com\/ismaelcolosi.com.br\/wp-content\/uploads\/2025\/01\/meta-logo-forbes-1200x675.jpg?fit=1200%2C675&ssl=1&resize=350%2C200 1x, https:\/\/i0.wp.com\/ismaelcolosi.com.br\/wp-content\/uploads\/2025\/01\/meta-logo-forbes-1200x675.jpg?fit=1200%2C675&ssl=1&resize=525%2C300 1.5x, https:\/\/i0.wp.com\/ismaelcolosi.com.br\/wp-content\/uploads\/2025\/01\/meta-logo-forbes-1200x675.jpg?fit=1200%2C675&ssl=1&resize=700%2C400 2x, https:\/\/i0.wp.com\/ismaelcolosi.com.br\/wp-content\/uploads\/2025\/01\/meta-logo-forbes-1200x675.jpg?fit=1200%2C675&ssl=1&resize=1050%2C600 3x"},"classes":[]}],"jetpack_sharing_enabled":true,"jetpack_shortlink":"https:\/\/wp.me\/pfMlyK-iT0","_links":{"self":[{"href":"https:\/\/ismaelcolosi.com.br\/index.php\/wp-json\/wp\/v2\/posts\/72602","targetHints":{"allow":["GET"]}}],"collection":[{"href":"https:\/\/ismaelcolosi.com.br\/index.php\/wp-json\/wp\/v2\/posts"}],"about":[{"href":"https:\/\/ismaelcolosi.com.br\/index.php\/wp-json\/wp\/v2\/types\/post"}],"author":[{"embeddable":true,"href":"https:\/\/ismaelcolosi.com.br\/index.php\/wp-json\/wp\/v2\/users\/1"}],"replies":[{"embeddable":true,"href":"https:\/\/ismaelcolosi.com.br\/index.php\/wp-json\/wp\/v2\/comments?post=72602"}],"version-history":[{"count":0,"href":"https:\/\/ismaelcolosi.com.br\/index.php\/wp-json\/wp\/v2\/posts\/72602\/revisions"}],"wp:featuredmedia":[{"embeddable":true,"href":"https:\/\/ismaelcolosi.com.br\/index.php\/wp-json\/wp\/v2\/media\/72603"}],"wp:attachment":[{"href":"https:\/\/ismaelcolosi.com.br\/index.php\/wp-json\/wp\/v2\/media?parent=72602"}],"wp:term":[{"taxonomy":"category","embeddable":true,"href":"https:\/\/ismaelcolosi.com.br\/index.php\/wp-json\/wp\/v2\/categories?post=72602"},{"taxonomy":"post_tag","embeddable":true,"href":"https:\/\/ismaelcolosi.com.br\/index.php\/wp-json\/wp\/v2\/tags?post=72602"}],"curies":[{"name":"wp","href":"https:\/\/api.w.org\/{rel}","templated":true}]}}