{"id":72600,"date":"2024-10-22T14:26:33","date_gmt":"2024-10-22T17:26:33","guid":{"rendered":"https:\/\/ismaelcolosi.com.br\/index.php\/2024\/10\/22\/zezinho-gimenez-quer-cuidado-com-o-dinheiro-publico-em-sertaozinho\/"},"modified":"2024-10-22T14:26:33","modified_gmt":"2024-10-22T17:26:33","slug":"zezinho-gimenez-quer-cuidado-com-o-dinheiro-publico-em-sertaozinho","status":"publish","type":"post","link":"https:\/\/ismaelcolosi.com.br\/index.php\/2024\/10\/22\/zezinho-gimenez-quer-cuidado-com-o-dinheiro-publico-em-sertaozinho\/","title":{"rendered":"Zezinho Gimenez quer cuidado com o dinheiro p\u00fablico em Sert\u00e3ozinho"},"content":{"rendered":"<p> <br \/>\n<\/p>\n<p><strong>O prefeito eleito de Sert\u00e3ozinho, Zezinho Gimenez (MDB), disse nesta ter\u00e7a-feira (22), em entrevista ao acidade on, querer cuidado com o dinheiro da prefeitura. <\/strong>Ele foi eleito para o seu 5\u00ba mandato na cidade &#8211; sua primeira elei\u00e7\u00e3o foi em 2000.<\/p>\n<p><strong>Assista&nbsp;<\/strong>ao&nbsp;<strong>v\u00eddeo&nbsp;<\/strong>abaixo<strong>.<\/strong><\/p>\n<blockquote class=\"wp-block-quote\">\n<p>&#8220;Voc\u00ea s\u00f3 consegue fazer suas obras, quando, no or\u00e7amento, tem uma reserva. Ent\u00e3o, \u00e9 necess\u00e1rio cuidar dos gastos&#8221;<\/p>\n<p><cite><strong>Zezinho Gimenez (MDB)<\/strong><\/cite><\/p><\/blockquote>\n<p><strong>Zezinho Gimenez <\/strong>foi\u00a0<strong>eleito<\/strong> para a\u00a0<strong>Prefeitura de Sert\u00e3ozinho<\/strong>,\u00a0no \u00faltimo dia <strong>6 de outubro<\/strong>, com<strong>\u00a057.354 votos (85,70%)<\/strong>.<\/p>\n<blockquote class=\"instagram-media\" data-instgrm-permalink=\"https:\/\/www.instagram.com\/reel\/DBbzTCEhyym\/?utm_source=ig_embed&amp;utm_campaign=loading\" data-instgrm-version=\"14\" style=\"background:#FFF;border:0;border-radius:3px;margin: 1px;max-width:540px;min-width:326px;padding:0;width:99.375%;width:-webkit-calc(100% - 2px);width:calc(100% - 2px)\">\n<div style=\"padding:16px\"> <a href=\"https:\/\/www.instagram.com\/reel\/DBbzTCEhyym\/?utm_source=ig_embed&amp;utm_campaign=loading\" style=\"background:#FFFFFF;line-height:0;padding:0 0;text-align:center;text-decoration:none;width:100%\" target=\"_blank\" rel=\"noopener\"> <\/p>\n<div style=\"flex-direction: row;align-items: center\">\n<div style=\"background-color: #F4F4F4;border-radius: 50%;flex-grow: 0;height: 40px;margin-right: 14px;width: 40px\"><\/div>\n<div style=\"flex-direction: column;flex-grow: 1;justify-content: center\">\n<div style=\"background-color: #F4F4F4;border-radius: 4px;flex-grow: 0;height: 14px;margin-bottom: 6px;width: 100px\"><\/div>\n<div style=\"background-color: #F4F4F4;border-radius: 4px;flex-grow: 0;height: 14px;width: 60px\"><\/div>\n<\/div>\n<\/div>\n<div style=\"padding: 19% 0\"><\/div>\n<div style=\"height:50px;margin:0 auto 12px;width:50px\"><\/div>\n<div style=\"padding-top: 8px\">\n<div style=\"color:#3897f0;font-family:Arial,sans-serif;font-size:14px;font-style:normal;font-weight:550;line-height:18px\">Ver essa foto no Instagram<\/div>\n<\/div>\n<div style=\"padding: 12.5% 0\"><\/div>\n<div style=\"flex-direction: row;margin-bottom: 14px;align-items: center\">\n<div>\n<div style=\"background-color: #F4F4F4;border-radius: 50%;height: 12.5px;width: 12.5px\"><\/div>\n<div style=\"background-color: #F4F4F4;height: 12.5px;width: 12.5px;flex-grow: 0;margin-right: 14px;margin-left: 2px\"><\/div>\n<div style=\"background-color: #F4F4F4;border-radius: 50%;height: 12.5px;width: 12.5px\"><\/div>\n<\/div>\n<div style=\"margin-left: 8px\">\n<div style=\"background-color: #F4F4F4;border-radius: 50%;flex-grow: 0;height: 20px;width: 20px\"><\/div>\n<div style=\"width: 0;height: 0;border-top: 2px solid transparent;border-left: 6px solid #f4f4f4;border-bottom: 2px solid transparent\"><\/div>\n<\/div>\n<div style=\"margin-left: auto\">\n<div style=\"width: 0px;border-top: 8px solid #F4F4F4;border-right: 8px solid transparent\"><\/div>\n<div style=\"background-color: #F4F4F4;flex-grow: 0;height: 12px;width: 16px\"><\/div>\n<div style=\"width: 0;height: 0;border-top: 8px solid #F4F4F4;border-left: 8px solid transparent\"><\/div>\n<\/div>\n<\/div>\n<div style=\"flex-direction: column;flex-grow: 1;justify-content: center;margin-bottom: 24px\">\n<div style=\"background-color: #F4F4F4;border-radius: 4px;flex-grow: 0;height: 14px;margin-bottom: 6px;width: 224px\"><\/div>\n<div style=\"background-color: #F4F4F4;border-radius: 4px;flex-grow: 0;height: 14px;width: 144px\"><\/div>\n<\/div>\n<p><\/a><\/p>\n<p style=\"color:#c9c8cd;font-family:Arial,sans-serif;font-size:14px;line-height:17px;margin-bottom:0;margin-top:8px;overflow:hidden;padding:8px 0 7px;text-align:center\"><a href=\"https:\/\/www.instagram.com\/reel\/DBbzTCEhyym\/?utm_source=ig_embed&amp;utm_campaign=loading\" style=\"color:#c9c8cd;font-family:Arial,sans-serif;font-size:14px;font-style:normal;font-weight:normal;line-height:17px;text-decoration:none\" target=\"_blank\" rel=\"noopener\">Uma publica\u00e7\u00e3o compartilhada por acidade on Ribeir\u00e3o (@acidadeonribeirao)<\/a><\/p>\n<\/div>\n<\/blockquote>\n<p>SAIBA MAIS<\/p>\n<p>Juninho Gaspar quer transformar\u00a0Batatais com pol\u00edticas p\u00fablicas<\/p>\n<h4 class=\"wp-block-heading\"><strong>FIQUE ON<\/strong><\/h4>\n<p>Fique ligado em tudo que acontece em Ribeir\u00e3o Preto e regi\u00e3o. Siga os perfis do<strong>&nbsp;acidade on&nbsp;<\/strong>no&nbsp;<a href=\"https:\/\/www.instagram.com\/acidadeonribeirao\" target=\"_blank\" rel=\"noreferrer noopener\">Instagram&nbsp;<\/a>e no<a href=\"https:\/\/www.facebook.com\/acidadeonribeirao\/\" target=\"_blank\" rel=\"noreferrer noopener\">&nbsp;Facebook<\/a>.<\/p>\n<p>Receba not\u00edcias do<strong>\u00a0acidade on\u00a0<\/strong>no WhatsApp.\u00a0<a href=\"https:\/\/chat.whatsapp.com\/Fg4ok3aAVyB59DP63pRapr\" target=\"_blank\" rel=\"noreferrer noopener\">Para entrar no grupo, basta clicar aqui.<\/a><\/p>\n<p>Fa\u00e7a uma den\u00fancia ou sugira uma reportagem sobre Ribeir\u00e3o Preto e regi\u00e3o pelo WhatsApp: 16 99117 7802.<\/p>\n<p>VEJA TAMB\u00c9M<\/p>\n<p>Onde ver o local de prova do Enem?<\/p>\n<p>O post Zezinho Gimenez quer cuidado com o dinheiro p\u00fablico em Sert\u00e3ozinho apareceu primeiro em ACidade ON Ribeir\u00e3o Preto.<\/p>\n<p><script async src=\"\/\/www.instagram.com\/embed.js\"><\/script><br \/>\n<br \/><br \/>\n<br \/><a href=\"https:\/\/www.acidadeon.com\/ribeiraopreto\/politica\/zezinho-gimenez-quer-cuidado-com-o-dinheiro-publico-em-sertaozinho\/\">Source link <\/a><\/p>\n<div class='code-block code-block-4' style='margin: 8px auto 8px 0; text-align: left; display: block; clear: both;'>\n\ud83d\udce2 Aviso Legal\n\nO site ismaelcolosi.com.br atua apenas como um canal de divulga\u00e7\u00e3o de oportunidades de emprego e n\u00e3o se responsabiliza pelo processo seletivo, contrata\u00e7\u00e3o ou qualquer outra etapa relacionada \u00e0s vagas publicadas. Todas as informa\u00e7\u00f5es s\u00e3o de responsabilidade dos anunciantes.\n\n\u26a0\ufe0f Aten\u00e7\u00e3o! Nunca pague por promessas de emprego nem compre cursos que garantam contrata\u00e7\u00e3o. Desconfie de qualquer cobran\u00e7a para participar de sele\u00e7\u00f5es.\n\n\n\n<\/div>\n<!-- CONTENT END 1 -->\n","protected":false},"excerpt":{"rendered":"<p>O prefeito eleito de Sert\u00e3ozinho, Zezinho Gimenez (MDB), disse nesta ter\u00e7a-feira (22), em entrevista ao acidade on, querer cuidado com o dinheiro da prefeitura. Ele&#8230;<\/p>\n","protected":false},"author":1,"featured_media":72601,"comment_status":"open","ping_status":"open","sticky":false,"template":"","format":"standard","meta":{"_uag_custom_page_level_css":"","advanced_seo_description":"","jetpack_seo_html_title":"","jetpack_seo_noindex":false,"jetpack_post_was_ever_published":false,"_jetpack_newsletter_access":"","_jetpack_dont_email_post_to_subs":false,"_jetpack_newsletter_tier_id":0,"_jetpack_memberships_contains_paywalled_content":false,"_jetpack_memberships_contains_paid_content":false,"footnotes":"","jetpack_publicize_message":"","jetpack_publicize_feature_enabled":true,"jetpack_social_post_already_shared":true,"jetpack_social_options":{"image_generator_settings":{"template":"highway","default_image_id":0,"font":"","enabled":false},"version":2}},"categories":[11],"tags":[],"class_list":["post-72600","post","type-post","status-publish","format-standard","has-post-thumbnail","hentry","category-noticias-de-ribeirao-preto-sp-e-regiao-ismael-colosi"],"jetpack_publicize_connections":[],"jetpack_featured_media_url":"https:\/\/i0.wp.com\/ismaelcolosi.com.br\/wp-content\/uploads\/2024\/10\/WhatsApp-Image-2024-10-22-at-14.01.22_2024-10-22_17-03-25_jpeg_2024-10-22_17-03-25.webp.webp?fit=1599%2C1173&ssl=1","uagb_featured_image_src":{"full":["https:\/\/i0.wp.com\/ismaelcolosi.com.br\/wp-content\/uploads\/2024\/10\/WhatsApp-Image-2024-10-22-at-14.01.22_2024-10-22_17-03-25_jpeg_2024-10-22_17-03-25.webp.webp?fit=1599%2C1173&ssl=1",1599,1173,false],"thumbnail":["https:\/\/i0.wp.com\/ismaelcolosi.com.br\/wp-content\/uploads\/2024\/10\/WhatsApp-Image-2024-10-22-at-14.01.22_2024-10-22_17-03-25_jpeg_2024-10-22_17-03-25.webp.webp?resize=150%2C150&ssl=1",150,150,true],"medium":["https:\/\/i0.wp.com\/ismaelcolosi.com.br\/wp-content\/uploads\/2024\/10\/WhatsApp-Image-2024-10-22-at-14.01.22_2024-10-22_17-03-25_jpeg_2024-10-22_17-03-25.webp.webp?fit=300%2C220&ssl=1",300,220,true],"medium_large":["https:\/\/i0.wp.com\/ismaelcolosi.com.br\/wp-content\/uploads\/2024\/10\/WhatsApp-Image-2024-10-22-at-14.01.22_2024-10-22_17-03-25_jpeg_2024-10-22_17-03-25.webp.webp?fit=768%2C563&ssl=1",768,563,true],"large":["https:\/\/i0.wp.com\/ismaelcolosi.com.br\/wp-content\/uploads\/2024\/10\/WhatsApp-Image-2024-10-22-at-14.01.22_2024-10-22_17-03-25_jpeg_2024-10-22_17-03-25.webp.webp?fit=1024%2C751&ssl=1",1024,751,true],"1536x1536":["https:\/\/i0.wp.com\/ismaelcolosi.com.br\/wp-content\/uploads\/2024\/10\/WhatsApp-Image-2024-10-22-at-14.01.22_2024-10-22_17-03-25_jpeg_2024-10-22_17-03-25.webp.webp?fit=1536%2C1127&ssl=1",1536,1127,true],"2048x2048":["https:\/\/i0.wp.com\/ismaelcolosi.com.br\/wp-content\/uploads\/2024\/10\/WhatsApp-Image-2024-10-22-at-14.01.22_2024-10-22_17-03-25_jpeg_2024-10-22_17-03-25.webp.webp?fit=1599%2C1173&ssl=1",1599,1173,true],"really-simple-thumb":["https:\/\/i0.wp.com\/ismaelcolosi.com.br\/wp-content\/uploads\/2024\/10\/WhatsApp-Image-2024-10-22-at-14.01.22_2024-10-22_17-03-25_jpeg_2024-10-22_17-03-25.webp.webp?resize=370%2C247&ssl=1",370,247,true]},"uagb_author_info":{"display_name":"ismaelcolosi.com.br","author_link":"https:\/\/ismaelcolosi.com.br\/index.php\/author\/vidareal-online\/"},"uagb_comment_info":0,"uagb_excerpt":"O prefeito eleito de Sert\u00e3ozinho, Zezinho Gimenez (MDB), disse nesta ter\u00e7a-feira (22), em entrevista ao acidade on, querer cuidado com o dinheiro da prefeitura. Ele...","jetpack-related-posts":[{"id":69571,"url":"https:\/\/ismaelcolosi.com.br\/index.php\/2024\/10\/06\/eleicoes-2024-zezinho-gimenez-e-eleito-prefeito-de-sertaozinho\/","url_meta":{"origin":72600,"position":0},"title":"Elei\u00e7\u00f5es 2024: Zezinho Gimenez \u00e9 eleito prefeito de Sert\u00e3ozinho","author":"ismaelcolosi.com.br","date":"6 de October de 2024","format":false,"excerpt":"O candidato Zezinho Gimenez (MDB) foi eleito Prefeito de Sert\u00e3ozinho, cidade na regi\u00e3o de Ribeir\u00e3o Preto, na noite deste domingo (6). Conforme os dados do Tribunal Superior Eleitoral (TSE), com 78,83% dos votos apurados, Zezinho Gimenez foi eleito prefeito de Sert\u00e3ozinho, pelo quinto mandato. Dr. Wilsinho, do PSD, teve 8,41%\u2026","rel":"","context":"In &quot;Not\u00edcias de Ribeir\u00e3o Preto-SP e Regi\u00e3o&quot;","block_context":{"text":"Not\u00edcias de Ribeir\u00e3o Preto-SP e Regi\u00e3o","link":"https:\/\/ismaelcolosi.com.br\/index.php\/category\/noticias-de-ribeirao-preto-sp-e-regiao-ismael-colosi\/"},"img":{"alt_text":"","src":"https:\/\/i0.wp.com\/ismaelcolosi.com.br\/wp-content\/uploads\/2024\/10\/zEZINHO-GIMENEZ_2024-09-18_20-33-12_jpeg_2024-09-18_20-33-12.webp.webp?fit=1200%2C675&ssl=1&resize=350%2C200","width":350,"height":200,"srcset":"https:\/\/i0.wp.com\/ismaelcolosi.com.br\/wp-content\/uploads\/2024\/10\/zEZINHO-GIMENEZ_2024-09-18_20-33-12_jpeg_2024-09-18_20-33-12.webp.webp?fit=1200%2C675&ssl=1&resize=350%2C200 1x, https:\/\/i0.wp.com\/ismaelcolosi.com.br\/wp-content\/uploads\/2024\/10\/zEZINHO-GIMENEZ_2024-09-18_20-33-12_jpeg_2024-09-18_20-33-12.webp.webp?fit=1200%2C675&ssl=1&resize=525%2C300 1.5x, https:\/\/i0.wp.com\/ismaelcolosi.com.br\/wp-content\/uploads\/2024\/10\/zEZINHO-GIMENEZ_2024-09-18_20-33-12_jpeg_2024-09-18_20-33-12.webp.webp?fit=1200%2C675&ssl=1&resize=700%2C400 2x, https:\/\/i0.wp.com\/ismaelcolosi.com.br\/wp-content\/uploads\/2024\/10\/zEZINHO-GIMENEZ_2024-09-18_20-33-12_jpeg_2024-09-18_20-33-12.webp.webp?fit=1200%2C675&ssl=1&resize=1050%2C600 3x"},"classes":[]},{"id":66678,"url":"https:\/\/ismaelcolosi.com.br\/index.php\/2024\/09\/18\/veja-o-que-os-candidatos-a-prefeitura-de-sertaozinho-falaram-sobre-o-debate\/","url_meta":{"origin":72600,"position":1},"title":"Veja o que os candidatos \u00e0 Prefeitura de Sert\u00e3ozinho falaram sobre o debate","author":"ismaelcolosi.com.br","date":"18 de September de 2024","format":false,"excerpt":"Os candidatos \u00e0 Prefeitura de Sert\u00e3ozinho participaram do debate realizado pelo Grupo EP, na tarde desta quarta-feira (18). O embate foi transmitido ao vivo pelo portal e canal no YouTube do acidade on Ribeir\u00e3o, pelo portal g1 Ribeir\u00e3o Preto e Franca e pela r\u00e1dio CBN Ribeir\u00e3o Preto. Todos os seis\u2026","rel":"","context":"In &quot;Not\u00edcias de Ribeir\u00e3o Preto-SP e Regi\u00e3o&quot;","block_context":{"text":"Not\u00edcias de Ribeir\u00e3o Preto-SP e Regi\u00e3o","link":"https:\/\/ismaelcolosi.com.br\/index.php\/category\/noticias-de-ribeirao-preto-sp-e-regiao-ismael-colosi\/"},"img":{"alt_text":"","src":"https:\/\/i0.wp.com\/ismaelcolosi.com.br\/wp-content\/uploads\/2024\/09\/debate-sertaozinho-2_2024-09-18_20-35-25_jpeg_2024-09-18_20-35-26-scaled.webp.webp?fit=1200%2C675&ssl=1&resize=350%2C200","width":350,"height":200,"srcset":"https:\/\/i0.wp.com\/ismaelcolosi.com.br\/wp-content\/uploads\/2024\/09\/debate-sertaozinho-2_2024-09-18_20-35-25_jpeg_2024-09-18_20-35-26-scaled.webp.webp?fit=1200%2C675&ssl=1&resize=350%2C200 1x, https:\/\/i0.wp.com\/ismaelcolosi.com.br\/wp-content\/uploads\/2024\/09\/debate-sertaozinho-2_2024-09-18_20-35-25_jpeg_2024-09-18_20-35-26-scaled.webp.webp?fit=1200%2C675&ssl=1&resize=525%2C300 1.5x, https:\/\/i0.wp.com\/ismaelcolosi.com.br\/wp-content\/uploads\/2024\/09\/debate-sertaozinho-2_2024-09-18_20-35-25_jpeg_2024-09-18_20-35-26-scaled.webp.webp?fit=1200%2C675&ssl=1&resize=700%2C400 2x, https:\/\/i0.wp.com\/ismaelcolosi.com.br\/wp-content\/uploads\/2024\/09\/debate-sertaozinho-2_2024-09-18_20-35-25_jpeg_2024-09-18_20-35-26-scaled.webp.webp?fit=1200%2C675&ssl=1&resize=1050%2C600 3x"},"classes":[]},{"id":73276,"url":"https:\/\/ismaelcolosi.com.br\/index.php\/2024\/10\/25\/reeleito-itamar-bueno-quer-mais-industrias-e-empregos-em-cravinhos\/","url_meta":{"origin":72600,"position":2},"title":"Reeleito, Itamar Bueno quer mais ind\u00fastrias e empregos em Cravinhos","author":"ismaelcolosi.com.br","date":"25 de October de 2024","format":false,"excerpt":"O prefeito reeleito de Cravinhos, Itamar Bueno (MDB), disse nesta sexta-feira (25), em entrevista ao acidade on, querer trazer mais ind\u00fastrias \u00e0 cidade e gerar mais empregos no seu pr\u00f3ximo mandato. Assista\u00a0ao\u00a0v\u00eddeo\u00a0abaixo. \u201cVou trabalhar em todas as \u00e1reas, dar o melhor para que a cidade continue crescendo, trazendo mais ind\u00fastria\u2026","rel":"","context":"In &quot;Not\u00edcias de Ribeir\u00e3o Preto-SP e Regi\u00e3o&quot;","block_context":{"text":"Not\u00edcias de Ribeir\u00e3o Preto-SP e Regi\u00e3o","link":"https:\/\/ismaelcolosi.com.br\/index.php\/category\/noticias-de-ribeirao-preto-sp-e-regiao-ismael-colosi\/"},"img":{"alt_text":"","src":"https:\/\/i0.wp.com\/ismaelcolosi.com.br\/wp-content\/uploads\/2024\/10\/ITAMAR_2024-10-25_15-22-10_jpg_2024-10-25_15-22-11.webp.webp?fit=1200%2C861&ssl=1&resize=350%2C200","width":350,"height":200,"srcset":"https:\/\/i0.wp.com\/ismaelcolosi.com.br\/wp-content\/uploads\/2024\/10\/ITAMAR_2024-10-25_15-22-10_jpg_2024-10-25_15-22-11.webp.webp?fit=1200%2C861&ssl=1&resize=350%2C200 1x, https:\/\/i0.wp.com\/ismaelcolosi.com.br\/wp-content\/uploads\/2024\/10\/ITAMAR_2024-10-25_15-22-10_jpg_2024-10-25_15-22-11.webp.webp?fit=1200%2C861&ssl=1&resize=525%2C300 1.5x, https:\/\/i0.wp.com\/ismaelcolosi.com.br\/wp-content\/uploads\/2024\/10\/ITAMAR_2024-10-25_15-22-10_jpg_2024-10-25_15-22-11.webp.webp?fit=1200%2C861&ssl=1&resize=700%2C400 2x, https:\/\/i0.wp.com\/ismaelcolosi.com.br\/wp-content\/uploads\/2024\/10\/ITAMAR_2024-10-25_15-22-10_jpg_2024-10-25_15-22-11.webp.webp?fit=1200%2C861&ssl=1&resize=1050%2C600 3x"},"classes":[]},{"id":66617,"url":"https:\/\/ismaelcolosi.com.br\/index.php\/2024\/09\/18\/ao-vivo-acompanhe-o-debate-entre-os-candidatos-a-prefeitura-de-sertaozinho\/","url_meta":{"origin":72600,"position":3},"title":"AO VIVO: Acompanhe o debate entre os candidatos \u00e0 Prefeitura de Sert\u00e3ozinho","author":"ismaelcolosi.com.br","date":"18 de September de 2024","format":false,"excerpt":"Os candidatos \u00e0 Prefeitura de Sert\u00e3ozinho participam, nesta quarta-feira (18), a partir das 14h30, do debate realizado pelo Grupo EP. O embate ser\u00e1 transmitido ao vivo pelo portal e canal no YouTube do acidade on Ribeir\u00e3o, pelo portal g1 Ribeir\u00e3o Preto e Franca e pela r\u00e1dio CBN Ribeir\u00e3o Preto. Todos\u2026","rel":"","context":"In &quot;Not\u00edcias de Ribeir\u00e3o Preto-SP e Regi\u00e3o&quot;","block_context":{"text":"Not\u00edcias de Ribeir\u00e3o Preto-SP e Regi\u00e3o","link":"https:\/\/ismaelcolosi.com.br\/index.php\/category\/noticias-de-ribeirao-preto-sp-e-regiao-ismael-colosi\/"},"img":{"alt_text":"","src":"https:\/\/i0.wp.com\/ismaelcolosi.com.br\/wp-content\/uploads\/2024\/09\/debate-sertaozinho_2024-09-17_19-39-49_jpeg_2024-09-17_19-39-49.webp.webp?fit=1200%2C674&ssl=1&resize=350%2C200","width":350,"height":200,"srcset":"https:\/\/i0.wp.com\/ismaelcolosi.com.br\/wp-content\/uploads\/2024\/09\/debate-sertaozinho_2024-09-17_19-39-49_jpeg_2024-09-17_19-39-49.webp.webp?fit=1200%2C674&ssl=1&resize=350%2C200 1x, https:\/\/i0.wp.com\/ismaelcolosi.com.br\/wp-content\/uploads\/2024\/09\/debate-sertaozinho_2024-09-17_19-39-49_jpeg_2024-09-17_19-39-49.webp.webp?fit=1200%2C674&ssl=1&resize=525%2C300 1.5x, https:\/\/i0.wp.com\/ismaelcolosi.com.br\/wp-content\/uploads\/2024\/09\/debate-sertaozinho_2024-09-17_19-39-49_jpeg_2024-09-17_19-39-49.webp.webp?fit=1200%2C674&ssl=1&resize=700%2C400 2x, https:\/\/i0.wp.com\/ismaelcolosi.com.br\/wp-content\/uploads\/2024\/09\/debate-sertaozinho_2024-09-17_19-39-49_jpeg_2024-09-17_19-39-49.webp.webp?fit=1200%2C674&ssl=1&resize=1050%2C600 3x"},"classes":[]},{"id":66655,"url":"https:\/\/ismaelcolosi.com.br\/index.php\/2024\/09\/18\/confira-o-debate-entre-os-candidatos-a-prefeitura-de-sertaozinho-video\/","url_meta":{"origin":72600,"position":4},"title":"Confira o debate entre os candidatos \u00e0 Prefeitura de Sert\u00e3ozinho; V\u00eddeo","author":"ismaelcolosi.com.br","date":"18 de September de 2024","format":false,"excerpt":"Os candidatos \u00e0 Prefeitura de Sert\u00e3ozinho participam, nesta quarta-feira (18), a partir das 14h30, do debate realizado pelo Grupo EP. O embate ser\u00e1 transmitido ao vivo pelo portal e canal no YouTube do acidade on Ribeir\u00e3o, pelo portal g1 Ribeir\u00e3o Preto e Franca e pela r\u00e1dio CBN Ribeir\u00e3o Preto. Todos\u2026","rel":"","context":"In &quot;Not\u00edcias de Ribeir\u00e3o Preto-SP e Regi\u00e3o&quot;","block_context":{"text":"Not\u00edcias de Ribeir\u00e3o Preto-SP e Regi\u00e3o","link":"https:\/\/ismaelcolosi.com.br\/index.php\/category\/noticias-de-ribeirao-preto-sp-e-regiao-ismael-colosi\/"},"img":{"alt_text":"","src":"https:\/\/i0.wp.com\/ismaelcolosi.com.br\/wp-content\/uploads\/2024\/09\/debate-sertaozinho_2024-09-17_19-39-49_jpeg_2024-09-17_19-39-49.webp.webp?fit=1200%2C674&ssl=1&resize=350%2C200","width":350,"height":200,"srcset":"https:\/\/i0.wp.com\/ismaelcolosi.com.br\/wp-content\/uploads\/2024\/09\/debate-sertaozinho_2024-09-17_19-39-49_jpeg_2024-09-17_19-39-49.webp.webp?fit=1200%2C674&ssl=1&resize=350%2C200 1x, https:\/\/i0.wp.com\/ismaelcolosi.com.br\/wp-content\/uploads\/2024\/09\/debate-sertaozinho_2024-09-17_19-39-49_jpeg_2024-09-17_19-39-49.webp.webp?fit=1200%2C674&ssl=1&resize=525%2C300 1.5x, https:\/\/i0.wp.com\/ismaelcolosi.com.br\/wp-content\/uploads\/2024\/09\/debate-sertaozinho_2024-09-17_19-39-49_jpeg_2024-09-17_19-39-49.webp.webp?fit=1200%2C674&ssl=1&resize=700%2C400 2x, https:\/\/i0.wp.com\/ismaelcolosi.com.br\/wp-content\/uploads\/2024\/09\/debate-sertaozinho_2024-09-17_19-39-49_jpeg_2024-09-17_19-39-49.webp.webp?fit=1200%2C674&ssl=1&resize=1050%2C600 3x"},"classes":[]},{"id":72656,"url":"https:\/\/ismaelcolosi.com.br\/index.php\/2024\/10\/22\/perseguicao-policial-termina-com-um-homem-preso-em-ribeirao-preto\/","url_meta":{"origin":72600,"position":5},"title":"Persegui\u00e7\u00e3o policial termina com um homem preso em Ribeir\u00e3o Preto","author":"ismaelcolosi.com.br","date":"22 de October de 2024","format":false,"excerpt":"Uma persegui\u00e7\u00e3o policial terminou com um homem preso na tarde desta ter\u00e7a-feira (22), na avenida Thomaz Alberto Whatley, zona Norte de Ribeir\u00e3o Preto. De acordo com a Pol\u00edcia Militar, dois agentes suspeitaram de um ve\u00edculo que apresentava caracter\u00edsticas de ser um carro dubl\u00ea e deram ordem de parada. O motorista\u2026","rel":"","context":"In &quot;Not\u00edcias de Ribeir\u00e3o Preto-SP e Regi\u00e3o&quot;","block_context":{"text":"Not\u00edcias de Ribeir\u00e3o Preto-SP e Regi\u00e3o","link":"https:\/\/ismaelcolosi.com.br\/index.php\/category\/noticias-de-ribeirao-preto-sp-e-regiao-ismael-colosi\/"},"img":{"alt_text":"","src":"https:\/\/i0.wp.com\/ismaelcolosi.com.br\/wp-content\/uploads\/2024\/10\/Copia-de-Copia-de-Copia-de-TAMANHO-EXATO-PARA-FOTOS-NO-SISTEMA-NOVO-35_2024-10-22_20-29-38_png_2024-10-22_20-29-38.webp.webp?fit=1200%2C675&ssl=1&resize=350%2C200","width":350,"height":200,"srcset":"https:\/\/i0.wp.com\/ismaelcolosi.com.br\/wp-content\/uploads\/2024\/10\/Copia-de-Copia-de-Copia-de-TAMANHO-EXATO-PARA-FOTOS-NO-SISTEMA-NOVO-35_2024-10-22_20-29-38_png_2024-10-22_20-29-38.webp.webp?fit=1200%2C675&ssl=1&resize=350%2C200 1x, https:\/\/i0.wp.com\/ismaelcolosi.com.br\/wp-content\/uploads\/2024\/10\/Copia-de-Copia-de-Copia-de-TAMANHO-EXATO-PARA-FOTOS-NO-SISTEMA-NOVO-35_2024-10-22_20-29-38_png_2024-10-22_20-29-38.webp.webp?fit=1200%2C675&ssl=1&resize=525%2C300 1.5x, https:\/\/i0.wp.com\/ismaelcolosi.com.br\/wp-content\/uploads\/2024\/10\/Copia-de-Copia-de-Copia-de-TAMANHO-EXATO-PARA-FOTOS-NO-SISTEMA-NOVO-35_2024-10-22_20-29-38_png_2024-10-22_20-29-38.webp.webp?fit=1200%2C675&ssl=1&resize=700%2C400 2x, https:\/\/i0.wp.com\/ismaelcolosi.com.br\/wp-content\/uploads\/2024\/10\/Copia-de-Copia-de-Copia-de-TAMANHO-EXATO-PARA-FOTOS-NO-SISTEMA-NOVO-35_2024-10-22_20-29-38_png_2024-10-22_20-29-38.webp.webp?fit=1200%2C675&ssl=1&resize=1050%2C600 3x"},"classes":[]}],"jetpack_sharing_enabled":true,"jetpack_shortlink":"https:\/\/wp.me\/pfMlyK-iSY","_links":{"self":[{"href":"https:\/\/ismaelcolosi.com.br\/index.php\/wp-json\/wp\/v2\/posts\/72600","targetHints":{"allow":["GET"]}}],"collection":[{"href":"https:\/\/ismaelcolosi.com.br\/index.php\/wp-json\/wp\/v2\/posts"}],"about":[{"href":"https:\/\/ismaelcolosi.com.br\/index.php\/wp-json\/wp\/v2\/types\/post"}],"author":[{"embeddable":true,"href":"https:\/\/ismaelcolosi.com.br\/index.php\/wp-json\/wp\/v2\/users\/1"}],"replies":[{"embeddable":true,"href":"https:\/\/ismaelcolosi.com.br\/index.php\/wp-json\/wp\/v2\/comments?post=72600"}],"version-history":[{"count":0,"href":"https:\/\/ismaelcolosi.com.br\/index.php\/wp-json\/wp\/v2\/posts\/72600\/revisions"}],"wp:featuredmedia":[{"embeddable":true,"href":"https:\/\/ismaelcolosi.com.br\/index.php\/wp-json\/wp\/v2\/media\/72601"}],"wp:attachment":[{"href":"https:\/\/ismaelcolosi.com.br\/index.php\/wp-json\/wp\/v2\/media?parent=72600"}],"wp:term":[{"taxonomy":"category","embeddable":true,"href":"https:\/\/ismaelcolosi.com.br\/index.php\/wp-json\/wp\/v2\/categories?post=72600"},{"taxonomy":"post_tag","embeddable":true,"href":"https:\/\/ismaelcolosi.com.br\/index.php\/wp-json\/wp\/v2\/tags?post=72600"}],"curies":[{"name":"wp","href":"https:\/\/api.w.org\/{rel}","templated":true}]}}