{"id":72595,"date":"2024-10-22T14:09:41","date_gmt":"2024-10-22T17:09:41","guid":{"rendered":"https:\/\/ismaelcolosi.com.br\/index.php\/2024\/10\/22\/o-que-se-sabe-sobre-quadrilha-do-golpe-do-falso-precatorio-em-ribeirao-preto\/"},"modified":"2024-10-22T14:09:41","modified_gmt":"2024-10-22T17:09:41","slug":"o-que-se-sabe-sobre-quadrilha-do-golpe-do-falso-precatorio-em-ribeirao-preto","status":"publish","type":"post","link":"https:\/\/ismaelcolosi.com.br\/index.php\/2024\/10\/22\/o-que-se-sabe-sobre-quadrilha-do-golpe-do-falso-precatorio-em-ribeirao-preto\/","title":{"rendered":"O que se sabe sobre quadrilha do golpe do falso precat\u00f3rio em Ribeir\u00e3o Preto"},"content":{"rendered":"<p> <br \/>\n<\/p>\n<div>\n<p>O <strong>homem de 48 anos<\/strong>, apontado como <strong>l\u00edder <\/strong>de uma <strong>quadrilha <\/strong>que foi alvo de uma opera\u00e7\u00e3o da <strong>Pol\u00edcia Civil de Ribeir\u00e3o Preto<\/strong> e de <strong>Porto Alegre (RS)<\/strong>, na manh\u00e3 desta ter\u00e7a-feira (22), <strong>zombava das v\u00edtimas ao cometer o crime<\/strong>.<\/p>\n<p>Durante coletiva de imprensa, o <strong>delegado Juliano Ferreira<\/strong>, da <strong>Pol\u00edcia Civil de Porto Alegre<\/strong>, disse que <mark style=\"background-color:#fcb900\" class=\"has-inline-color\">o grupo pode ter feito ao menos <strong>300 v\u00edtimas em todo o pa\u00eds <\/strong>e os <strong>golpistas teriam lucrado mais de R$ 1 milh\u00e3o<\/strong>.<\/mark><\/p>\n<figure class=\"wp-block-pullquote\">\n<blockquote>\n<p>O perfil, geralmente, s\u00e3o de pessoas idosas. Inclusive uma das pessoas [suspeitas] ouvidas no dia de hoje, confirma que o l\u00edder dizia \u2018n\u00f3s vamos tomar dinheiro hoje dos idosos, dos velhinhos\u2019. Importante destacar que n\u00e3o era s\u00f3 no Rio Grande do Sul, n\u00e9? Na verdade n\u00f3s constatamos, ao longo da investiga\u00e7\u00e3o, golpes praticados no Brasil inteiro<\/p>\n<p><cite>disse o delegado<\/cite><\/p><\/blockquote>\n<\/figure>\n<p>At\u00e9 o encerramento desta reportagem, <strong>duas pessoas haviam sido presas<\/strong>. A opera\u00e7\u00e3o cumpre <strong>cinco mandados de pris\u00e3o tempor\u00e1ria<\/strong> e <strong>22 de busca e apreens\u00e3o em Ribeir\u00e3o<\/strong>.<\/p>\n<p>Ao todo, 18 pessoas s\u00e3o investigadas. Os envolvidos devem responder pelos crimes de <strong>estelionato virtual<\/strong>, <strong>organiza\u00e7\u00e3o criminosa<\/strong> e <strong>lavagem de dinheiro<\/strong>.<\/p>\n<h3 class=\"wp-block-heading\"><strong>Como funcionava o golpe?<\/strong><\/h3>\n<p>Nesse tipo de golpe, os alvos s\u00e3o pessoas que <strong>possuem uma ordem de pagamento da Justi\u00e7a<\/strong> (quando o governo \u00e9 obrigado a quitar uma d\u00edvida com o cidad\u00e3o), conhecido como <strong>precat\u00f3rio<\/strong>. <mark style=\"background-color:#fcb900\" class=\"has-inline-color\">Em posse dessas informa\u00e7\u00f5es, a quadrilha se passava por profissionais envolvidos no caso e enganavam as v\u00edtimas.<\/mark><\/p>\n<p>Conforme o delegado, as investiga\u00e7\u00f5es come\u00e7aram ap\u00f3s den\u00fancias de algumas v\u00edtimas do <strong>Estado do Rio Grande do Sul<\/strong> e mostraram que <strong>parte da quadrilha estava em Ribeir\u00e3o Preto<\/strong>.<\/p>\n<p>\u00a0\u201cO golpista desenrolava toda uma quest\u00e3o de valores a receber e o golpe estava justamente no valor das custas que era, vamos dizer assim, o pr\u00e9-requisito para receber esses valores [que a v\u00edtima tinha direito]\u201d.<\/p>\n<p>O delegado ainda explica que algumas das <strong>v\u00edtimas questionavam o golpe<\/strong>, contudo, os envolvidos articulavam para que essas pessoas realizassem o pagamento do \u201cpr\u00e9-requisito\u201d.<\/p>\n<p>\u00a0\u201c\u00c0s vezes, a pr\u00f3pria v\u00edtima [falava] \u2018olha, mas ser\u00e1 que isso a\u00ed n\u00e3o \u00e9 golpe?\u2019. Da\u00ed o criminoso \u2018olha o senhor pode vir presencialmente aqui no f\u00f3rum, s\u00f3 que a\u00ed a gente marca parada aqui um ano uma vez que a filha \u00e9 muito grande, mas se for via pix, a\u00ed sim \u00e9 imediatamente\u2019. E as pessoa acabavam pagando aquele valor de custos\u201d.<\/p>\n<hr class=\"wp-block-separator has-alpha-channel-opacity\"\/>\n<p>SAIBA MAIS<\/p>\n<p>Carro invade hospital ap\u00f3s batida no interior de SP; V\u00eddeo<\/p>\n<h4 class=\"wp-block-heading\"><strong>FIQUE ON<\/strong><\/h4>\n<p>Fique ligado em tudo que acontece em Ribeir\u00e3o Preto e regi\u00e3o. Siga os perfis do\u00a0<strong>acidade on\u00a0<\/strong>no\u00a0<a href=\"https:\/\/www.instagram.com\/acidadeonribeirao\" target=\"_blank\" rel=\"noreferrer noopener\">Instagram<\/a>\u00a0e no\u00a0<a href=\"https:\/\/www.facebook.com\/acidadeonribeirao\" target=\"_blank\" rel=\"noreferrer noopener\">Facebook<\/a>.<\/p>\n<p>Receba not\u00edcias do acidade on no WhatsApp. Para entrar no grupo, basta\u00a0<a href=\"https:\/\/chat.whatsapp.com\/Dtv9mxhy6V5BJBotM2OQ5k\" target=\"_blank\" rel=\"noreferrer noopener\">clicar aqui<\/a>.<\/p>\n<p>Fa\u00e7a uma den\u00fancia ou sugira uma reportagem sobre Ribeir\u00e3o Preto e regi\u00e3o pelo WhatsApp: 16 99117 7802.<\/p>\n<p>VEJA TAMB\u00c9M<\/p>\n<p>Por que Diddy e 50 Cent s\u00e3o inimigos?<\/p>\n<p><!-- CONTENT END 1 -->\n<\/div>\n<p><script async src=\"\/\/www.instagram.com\/embed.js\"><\/script><br \/>\n<br \/><br \/>\n<br \/><a href=\"https:\/\/www.acidadeon.com\/ribeiraopreto\/cotidiano\/o-que-se-sabe-sobre-quadrilha-do-golpe-do-falso-precatorio-em-ribeirao-preto\/\">Source link <\/a><\/p>\n","protected":false},"excerpt":{"rendered":"<p>O homem de 48 anos, apontado como l\u00edder de uma quadrilha que foi alvo de uma opera\u00e7\u00e3o da Pol\u00edcia Civil de Ribeir\u00e3o Preto e de&#8230;<\/p>\n","protected":false},"author":1,"featured_media":72596,"comment_status":"open","ping_status":"open","sticky":false,"template":"","format":"standard","meta":{"_uag_custom_page_level_css":"","advanced_seo_description":"","jetpack_seo_html_title":"","jetpack_seo_noindex":false,"jetpack_post_was_ever_published":false,"_jetpack_newsletter_access":"","_jetpack_dont_email_post_to_subs":false,"_jetpack_newsletter_tier_id":0,"_jetpack_memberships_contains_paywalled_content":false,"_jetpack_memberships_contains_paid_content":false,"footnotes":"","jetpack_publicize_message":"","jetpack_publicize_feature_enabled":true,"jetpack_social_post_already_shared":true,"jetpack_social_options":{"image_generator_settings":{"template":"highway","default_image_id":0,"font":"","enabled":false},"version":2}},"categories":[11],"tags":[],"class_list":["post-72595","post","type-post","status-publish","format-standard","has-post-thumbnail","hentry","category-noticias-de-ribeirao-preto-sp-e-regiao-ismael-colosi"],"jetpack_publicize_connections":[],"jetpack_featured_media_url":"https:\/\/i0.wp.com\/ismaelcolosi.com.br\/wp-content\/uploads\/2024\/10\/Copia-de-Copia-de-Copia-de-TAMANHO-EXATO-PARA-FOTOS-NO-SISTEMA-NOVO-2024-10-22T131243.492_2024-10-22_16-12-51_png_2024-10-22_16-12-52.webp.webp?fit=1200%2C675&ssl=1","uagb_featured_image_src":{"full":["https:\/\/i0.wp.com\/ismaelcolosi.com.br\/wp-content\/uploads\/2024\/10\/Copia-de-Copia-de-Copia-de-TAMANHO-EXATO-PARA-FOTOS-NO-SISTEMA-NOVO-2024-10-22T131243.492_2024-10-22_16-12-51_png_2024-10-22_16-12-52.webp.webp?fit=1200%2C675&ssl=1",1200,675,false],"thumbnail":["https:\/\/i0.wp.com\/ismaelcolosi.com.br\/wp-content\/uploads\/2024\/10\/Copia-de-Copia-de-Copia-de-TAMANHO-EXATO-PARA-FOTOS-NO-SISTEMA-NOVO-2024-10-22T131243.492_2024-10-22_16-12-51_png_2024-10-22_16-12-52.webp.webp?resize=150%2C150&ssl=1",150,150,true],"medium":["https:\/\/i0.wp.com\/ismaelcolosi.com.br\/wp-content\/uploads\/2024\/10\/Copia-de-Copia-de-Copia-de-TAMANHO-EXATO-PARA-FOTOS-NO-SISTEMA-NOVO-2024-10-22T131243.492_2024-10-22_16-12-51_png_2024-10-22_16-12-52.webp.webp?fit=300%2C169&ssl=1",300,169,true],"medium_large":["https:\/\/i0.wp.com\/ismaelcolosi.com.br\/wp-content\/uploads\/2024\/10\/Copia-de-Copia-de-Copia-de-TAMANHO-EXATO-PARA-FOTOS-NO-SISTEMA-NOVO-2024-10-22T131243.492_2024-10-22_16-12-51_png_2024-10-22_16-12-52.webp.webp?fit=768%2C432&ssl=1",768,432,true],"large":["https:\/\/i0.wp.com\/ismaelcolosi.com.br\/wp-content\/uploads\/2024\/10\/Copia-de-Copia-de-Copia-de-TAMANHO-EXATO-PARA-FOTOS-NO-SISTEMA-NOVO-2024-10-22T131243.492_2024-10-22_16-12-51_png_2024-10-22_16-12-52.webp.webp?fit=1024%2C576&ssl=1",1024,576,true],"1536x1536":["https:\/\/i0.wp.com\/ismaelcolosi.com.br\/wp-content\/uploads\/2024\/10\/Copia-de-Copia-de-Copia-de-TAMANHO-EXATO-PARA-FOTOS-NO-SISTEMA-NOVO-2024-10-22T131243.492_2024-10-22_16-12-51_png_2024-10-22_16-12-52.webp.webp?fit=1200%2C675&ssl=1",1200,675,true],"2048x2048":["https:\/\/i0.wp.com\/ismaelcolosi.com.br\/wp-content\/uploads\/2024\/10\/Copia-de-Copia-de-Copia-de-TAMANHO-EXATO-PARA-FOTOS-NO-SISTEMA-NOVO-2024-10-22T131243.492_2024-10-22_16-12-51_png_2024-10-22_16-12-52.webp.webp?fit=1200%2C675&ssl=1",1200,675,true],"really-simple-thumb":["https:\/\/i0.wp.com\/ismaelcolosi.com.br\/wp-content\/uploads\/2024\/10\/Copia-de-Copia-de-Copia-de-TAMANHO-EXATO-PARA-FOTOS-NO-SISTEMA-NOVO-2024-10-22T131243.492_2024-10-22_16-12-51_png_2024-10-22_16-12-52.webp.webp?resize=370%2C247&ssl=1",370,247,true]},"uagb_author_info":{"display_name":"ismaelcolosi.com.br","author_link":"https:\/\/ismaelcolosi.com.br\/index.php\/author\/vidareal-online\/"},"uagb_comment_info":0,"uagb_excerpt":"O homem de 48 anos, apontado como l\u00edder de uma quadrilha que foi alvo de uma opera\u00e7\u00e3o da Pol\u00edcia Civil de Ribeir\u00e3o Preto e de...","jetpack-related-posts":[{"id":59074,"url":"https:\/\/ismaelcolosi.com.br\/index.php\/2024\/08\/05\/policia-civil-de-ribeirao-investiga-quadrilha-suspeita-de-movimentar-r-1-milhao-em-golpes\/","url_meta":{"origin":72595,"position":0},"title":"Pol\u00edcia Civil de Ribeir\u00e3o investiga quadrilha suspeita de movimentar R$ 1 milh\u00e3o em golpes","author":"ismaelcolosi.com.br","date":"5 de August de 2024","format":false,"excerpt":"A Pol\u00edcia Civil de Ribeir\u00e3o Preto investiga uma quadrilha suspeita de aplicar golpes em ag\u00eancias banc\u00e1rias na regi\u00e3o de Ribeir\u00e3o Preto. Neste domingo (4), um influenciador foi preso em S\u00e3o Paulo pela suspeita de envolvimento nos crimes. De acordo com o delegado Rodolfo Latif Sebba, o grupo do qual Igor\u2026","rel":"","context":"In &quot;Not\u00edcias de Ribeir\u00e3o Preto-SP e Regi\u00e3o&quot;","block_context":{"text":"Not\u00edcias de Ribeir\u00e3o Preto-SP e Regi\u00e3o","link":"https:\/\/ismaelcolosi.com.br\/index.php\/category\/noticias-de-ribeirao-preto-sp-e-regiao-ismael-colosi\/"},"img":{"alt_text":"","src":"https:\/\/i0.wp.com\/ismaelcolosi.com.br\/wp-content\/uploads\/2024\/08\/WhatsApp-Image-2024-08-05-at-21.04.28_2024-08-06_00-08-56_jpeg_2024-08-06_00-08-56.webp.webp?fit=984%2C602&ssl=1&resize=350%2C200","width":350,"height":200,"srcset":"https:\/\/i0.wp.com\/ismaelcolosi.com.br\/wp-content\/uploads\/2024\/08\/WhatsApp-Image-2024-08-05-at-21.04.28_2024-08-06_00-08-56_jpeg_2024-08-06_00-08-56.webp.webp?fit=984%2C602&ssl=1&resize=350%2C200 1x, https:\/\/i0.wp.com\/ismaelcolosi.com.br\/wp-content\/uploads\/2024\/08\/WhatsApp-Image-2024-08-05-at-21.04.28_2024-08-06_00-08-56_jpeg_2024-08-06_00-08-56.webp.webp?fit=984%2C602&ssl=1&resize=525%2C300 1.5x, https:\/\/i0.wp.com\/ismaelcolosi.com.br\/wp-content\/uploads\/2024\/08\/WhatsApp-Image-2024-08-05-at-21.04.28_2024-08-06_00-08-56_jpeg_2024-08-06_00-08-56.webp.webp?fit=984%2C602&ssl=1&resize=700%2C400 2x"},"classes":[]},{"id":59154,"url":"https:\/\/ismaelcolosi.com.br\/index.php\/2024\/08\/06\/quem-e-o-influenciador-preso-suspeito-de-aplicar-golpes-na-regiao-de-ribeirao-preto\/","url_meta":{"origin":72595,"position":1},"title":"Quem \u00e9 o influenciador preso suspeito de aplicar golpes na regi\u00e3o de Ribeir\u00e3o Preto?","author":"ismaelcolosi.com.br","date":"6 de August de 2024","format":false,"excerpt":"O influenciador Igor Fernando Pal\u00e1cio foi preso neste domingo (4), em S\u00e3o Paulo, pela suspeita de fazer parte de uma quadrilha que aplicava golpes banc\u00e1rios na regi\u00e3o de Ribeir\u00e3o Preto. Nas redes sociais, o homem que possui mais de 200 mil seguidores, exibia uma vida de luxo com viagens internacionais,\u2026","rel":"","context":"In &quot;Not\u00edcias de Ribeir\u00e3o Preto-SP e Regi\u00e3o&quot;","block_context":{"text":"Not\u00edcias de Ribeir\u00e3o Preto-SP e Regi\u00e3o","link":"https:\/\/ismaelcolosi.com.br\/index.php\/category\/noticias-de-ribeirao-preto-sp-e-regiao-ismael-colosi\/"},"img":{"alt_text":"","src":"https:\/\/i0.wp.com\/ismaelcolosi.com.br\/wp-content\/uploads\/2024\/08\/Copia-de-Copia-de-TAMANHO-EXATO-PARA-FOTOS-NO-SISTEMA-NOVO-2024-08-06T132713.374_2024-08-06_16-27-59_png_2024-08-06_16-27-59.webp.webp?fit=1200%2C675&ssl=1&resize=350%2C200","width":350,"height":200,"srcset":"https:\/\/i0.wp.com\/ismaelcolosi.com.br\/wp-content\/uploads\/2024\/08\/Copia-de-Copia-de-TAMANHO-EXATO-PARA-FOTOS-NO-SISTEMA-NOVO-2024-08-06T132713.374_2024-08-06_16-27-59_png_2024-08-06_16-27-59.webp.webp?fit=1200%2C675&ssl=1&resize=350%2C200 1x, https:\/\/i0.wp.com\/ismaelcolosi.com.br\/wp-content\/uploads\/2024\/08\/Copia-de-Copia-de-TAMANHO-EXATO-PARA-FOTOS-NO-SISTEMA-NOVO-2024-08-06T132713.374_2024-08-06_16-27-59_png_2024-08-06_16-27-59.webp.webp?fit=1200%2C675&ssl=1&resize=525%2C300 1.5x, https:\/\/i0.wp.com\/ismaelcolosi.com.br\/wp-content\/uploads\/2024\/08\/Copia-de-Copia-de-TAMANHO-EXATO-PARA-FOTOS-NO-SISTEMA-NOVO-2024-08-06T132713.374_2024-08-06_16-27-59_png_2024-08-06_16-27-59.webp.webp?fit=1200%2C675&ssl=1&resize=700%2C400 2x, https:\/\/i0.wp.com\/ismaelcolosi.com.br\/wp-content\/uploads\/2024\/08\/Copia-de-Copia-de-TAMANHO-EXATO-PARA-FOTOS-NO-SISTEMA-NOVO-2024-08-06T132713.374_2024-08-06_16-27-59_png_2024-08-06_16-27-59.webp.webp?fit=1200%2C675&ssl=1&resize=1050%2C600 3x"},"classes":[]},{"id":76810,"url":"https:\/\/ismaelcolosi.com.br\/index.php\/2024\/11\/18\/policia-realiza-operacao-contra-grupo-que-praticava-fraudes-pela-internet\/","url_meta":{"origin":72595,"position":2},"title":"Pol\u00edcia realiza opera\u00e7\u00e3o contra grupo que praticava fraudes pela internet","author":"ismaelcolosi.com.br","date":"18 de November de 2024","format":false,"excerpt":"Por: Adalberto Luque A Pol\u00edcia Civil realiza, na manh\u00e3 desta segunda-feira (18), a Opera\u00e7\u00e3o Engodo. O objetivo \u00e9 desmantelar uma quadrilha especializada em fraudes pela internet, que mant\u00e9m uma grande rede de opera\u00e7\u00e3o ativa em Ribeir\u00e3o Preto e regi\u00e3o. Segundo o delegado Gustavo Andr\u00e9 Alves, do Setor de Intelig\u00eancia da\u2026","rel":"","context":"In &quot;Not\u00edcias de Ribeir\u00e3o Preto-SP e Regi\u00e3o&quot;","block_context":{"text":"Not\u00edcias de Ribeir\u00e3o Preto-SP e Regi\u00e3o","link":"https:\/\/ismaelcolosi.com.br\/index.php\/category\/noticias-de-ribeirao-preto-sp-e-regiao-ismael-colosi\/"},"img":{"alt_text":"","src":"https:\/\/i0.wp.com\/ismaelcolosi.com.br\/wp-content\/uploads\/2024\/11\/18nov2024-operacaoengodo.jpg?fit=747%2C419&ssl=1&resize=350%2C200","width":350,"height":200,"srcset":"https:\/\/i0.wp.com\/ismaelcolosi.com.br\/wp-content\/uploads\/2024\/11\/18nov2024-operacaoengodo.jpg?fit=747%2C419&ssl=1&resize=350%2C200 1x, https:\/\/i0.wp.com\/ismaelcolosi.com.br\/wp-content\/uploads\/2024\/11\/18nov2024-operacaoengodo.jpg?fit=747%2C419&ssl=1&resize=525%2C300 1.5x, https:\/\/i0.wp.com\/ismaelcolosi.com.br\/wp-content\/uploads\/2024\/11\/18nov2024-operacaoengodo.jpg?fit=747%2C419&ssl=1&resize=700%2C400 2x"},"classes":[]},{"id":40223,"url":"https:\/\/ismaelcolosi.com.br\/index.php\/2024\/03\/01\/o-que-se-sabe-sobre-a-quadrilha-do-falso-sequestro-em-ribeirao-preto-e-regiao\/","url_meta":{"origin":72595,"position":3},"title":"O que se sabe sobre a quadrilha do falso sequestro em Ribeir\u00e3o Preto e regi\u00e3o","author":"ismaelcolosi.com.br","date":"1 de March de 2024","format":false,"excerpt":"Nesta quinta-feira (29), um homem foi preso temporariamente em Sert\u00e3ozinho, cidade na regi\u00e3o de Ribeir\u00e3o Preto, por suspeita de integrar uma quadrilha especializada em aplicar o golpe do falso sequestro, com extors\u00e3o das v\u00edtimas mediante a entrega de joias. O grupo \u00e9 suspeito de aplicar tr\u00eas golpes entre o final\u2026","rel":"","context":"In &quot;Not\u00edcias de Ribeir\u00e3o Preto-SP e Regi\u00e3o&quot;","block_context":{"text":"Not\u00edcias de Ribeir\u00e3o Preto-SP e Regi\u00e3o","link":"https:\/\/ismaelcolosi.com.br\/index.php\/category\/noticias-de-ribeirao-preto-sp-e-regiao-ismael-colosi\/"},"img":{"alt_text":"","src":"https:\/\/i0.wp.com\/ismaelcolosi.com.br\/wp-content\/uploads\/2024\/03\/cpj_1024x576_21012021092745.jpg?fit=1024%2C575&ssl=1&resize=350%2C200","width":350,"height":200,"srcset":"https:\/\/i0.wp.com\/ismaelcolosi.com.br\/wp-content\/uploads\/2024\/03\/cpj_1024x576_21012021092745.jpg?fit=1024%2C575&ssl=1&resize=350%2C200 1x, https:\/\/i0.wp.com\/ismaelcolosi.com.br\/wp-content\/uploads\/2024\/03\/cpj_1024x576_21012021092745.jpg?fit=1024%2C575&ssl=1&resize=525%2C300 1.5x, https:\/\/i0.wp.com\/ismaelcolosi.com.br\/wp-content\/uploads\/2024\/03\/cpj_1024x576_21012021092745.jpg?fit=1024%2C575&ssl=1&resize=700%2C400 2x"},"classes":[]},{"id":15530,"url":"https:\/\/ismaelcolosi.com.br\/index.php\/2023\/12\/13\/quatro-pessoas-sao-presas-suspeitas-de-furtarem-r-50-mil-em-roupas-de-shopping-da-zona-sul-de-ribeirao\/","url_meta":{"origin":72595,"position":4},"title":"Quatro pessoas s\u00e3o presas suspeitas de furtarem R$ 50 mil em roupas de shopping da zona Sul de Ribeir\u00e3o","author":"ismaelcolosi.com.br","date":"13 de December de 2023","format":false,"excerpt":"Uma quadrilha suspeita de furtar roupas em um shopping da zona Sul de Ribeir\u00e3o Preto foi presa, nesta quarta-feira (13). Junto com os integrantes, uma adolescente de 17 anos tamb\u00e9m foi apreendida. De acordo com a Pol\u00edcia Civil, pelo menos duas lojas do Ribeir\u00e3o Shopping foram furtadas. Cerca de R$\u2026","rel":"","context":"In &quot;Not\u00edcias de Ribeir\u00e3o Preto-SP e Regi\u00e3o&quot;","block_context":{"text":"Not\u00edcias de Ribeir\u00e3o Preto-SP e Regi\u00e3o","link":"https:\/\/ismaelcolosi.com.br\/index.php\/category\/noticias-de-ribeirao-preto-sp-e-regiao-ismael-colosi\/"},"img":{"alt_text":"","src":"https:\/\/i0.wp.com\/ismaelcolosi.com.br\/wp-content\/uploads\/2023\/12\/Copia-de-Copia-de-TAMANHO-EXATO-PARA-FOTOS-NO-SISTEMA-NOVO-21.png?fit=1200%2C675&ssl=1&resize=350%2C200","width":350,"height":200,"srcset":"https:\/\/i0.wp.com\/ismaelcolosi.com.br\/wp-content\/uploads\/2023\/12\/Copia-de-Copia-de-TAMANHO-EXATO-PARA-FOTOS-NO-SISTEMA-NOVO-21.png?fit=1200%2C675&ssl=1&resize=350%2C200 1x, https:\/\/i0.wp.com\/ismaelcolosi.com.br\/wp-content\/uploads\/2023\/12\/Copia-de-Copia-de-TAMANHO-EXATO-PARA-FOTOS-NO-SISTEMA-NOVO-21.png?fit=1200%2C675&ssl=1&resize=525%2C300 1.5x, https:\/\/i0.wp.com\/ismaelcolosi.com.br\/wp-content\/uploads\/2023\/12\/Copia-de-Copia-de-TAMANHO-EXATO-PARA-FOTOS-NO-SISTEMA-NOVO-21.png?fit=1200%2C675&ssl=1&resize=700%2C400 2x, https:\/\/i0.wp.com\/ismaelcolosi.com.br\/wp-content\/uploads\/2023\/12\/Copia-de-Copia-de-TAMANHO-EXATO-PARA-FOTOS-NO-SISTEMA-NOVO-21.png?fit=1200%2C675&ssl=1&resize=1050%2C600 3x"},"classes":[]},{"id":64927,"url":"https:\/\/ismaelcolosi.com.br\/index.php\/2024\/09\/09\/o-que-se-sabe-sobre-ataque-a-carro-forte-no-interior-de-sp\/","url_meta":{"origin":72595,"position":5},"title":"O que se sabe sobre ataque a carro-forte no interior de SP","author":"ismaelcolosi.com.br","date":"9 de September de 2024","format":false,"excerpt":"Uma tentativa de assalto a carro-forte foi registrada no in\u00edcio da noite desta segunda-feira (9), pr\u00f3ximo ao quil\u00f4metro 384 da rodovia C\u00e2ndido Portinari (SP-334), em Restinga, cidade na regi\u00e3o de Ribeir\u00e3o Preto. Os criminosos abordaram um caminh\u00e3o na rodovia e atravessaram o ve\u00edculo na pista. O crime aconteceu por volta\u2026","rel":"","context":"In &quot;Not\u00edcias de Ribeir\u00e3o Preto-SP e Regi\u00e3o&quot;","block_context":{"text":"Not\u00edcias de Ribeir\u00e3o Preto-SP e Regi\u00e3o","link":"https:\/\/ismaelcolosi.com.br\/index.php\/category\/noticias-de-ribeirao-preto-sp-e-regiao-ismael-colosi\/"},"img":{"alt_text":"","src":"https:\/\/i0.wp.com\/ismaelcolosi.com.br\/wp-content\/uploads\/2024\/09\/Copia-de-Copia-de-Copia-de-TAMANHO-EXATO-PARA-FOTOS-NO-SISTEMA-NOVO-43_2024-09-10_01-41-49_png_2024-09-10_01-41-49.webp.webp?fit=1200%2C675&ssl=1&resize=350%2C200","width":350,"height":200,"srcset":"https:\/\/i0.wp.com\/ismaelcolosi.com.br\/wp-content\/uploads\/2024\/09\/Copia-de-Copia-de-Copia-de-TAMANHO-EXATO-PARA-FOTOS-NO-SISTEMA-NOVO-43_2024-09-10_01-41-49_png_2024-09-10_01-41-49.webp.webp?fit=1200%2C675&ssl=1&resize=350%2C200 1x, https:\/\/i0.wp.com\/ismaelcolosi.com.br\/wp-content\/uploads\/2024\/09\/Copia-de-Copia-de-Copia-de-TAMANHO-EXATO-PARA-FOTOS-NO-SISTEMA-NOVO-43_2024-09-10_01-41-49_png_2024-09-10_01-41-49.webp.webp?fit=1200%2C675&ssl=1&resize=525%2C300 1.5x, https:\/\/i0.wp.com\/ismaelcolosi.com.br\/wp-content\/uploads\/2024\/09\/Copia-de-Copia-de-Copia-de-TAMANHO-EXATO-PARA-FOTOS-NO-SISTEMA-NOVO-43_2024-09-10_01-41-49_png_2024-09-10_01-41-49.webp.webp?fit=1200%2C675&ssl=1&resize=700%2C400 2x, https:\/\/i0.wp.com\/ismaelcolosi.com.br\/wp-content\/uploads\/2024\/09\/Copia-de-Copia-de-Copia-de-TAMANHO-EXATO-PARA-FOTOS-NO-SISTEMA-NOVO-43_2024-09-10_01-41-49_png_2024-09-10_01-41-49.webp.webp?fit=1200%2C675&ssl=1&resize=1050%2C600 3x"},"classes":[]}],"jetpack_sharing_enabled":true,"jetpack_shortlink":"https:\/\/wp.me\/pfMlyK-iST","_links":{"self":[{"href":"https:\/\/ismaelcolosi.com.br\/index.php\/wp-json\/wp\/v2\/posts\/72595","targetHints":{"allow":["GET"]}}],"collection":[{"href":"https:\/\/ismaelcolosi.com.br\/index.php\/wp-json\/wp\/v2\/posts"}],"about":[{"href":"https:\/\/ismaelcolosi.com.br\/index.php\/wp-json\/wp\/v2\/types\/post"}],"author":[{"embeddable":true,"href":"https:\/\/ismaelcolosi.com.br\/index.php\/wp-json\/wp\/v2\/users\/1"}],"replies":[{"embeddable":true,"href":"https:\/\/ismaelcolosi.com.br\/index.php\/wp-json\/wp\/v2\/comments?post=72595"}],"version-history":[{"count":0,"href":"https:\/\/ismaelcolosi.com.br\/index.php\/wp-json\/wp\/v2\/posts\/72595\/revisions"}],"wp:featuredmedia":[{"embeddable":true,"href":"https:\/\/ismaelcolosi.com.br\/index.php\/wp-json\/wp\/v2\/media\/72596"}],"wp:attachment":[{"href":"https:\/\/ismaelcolosi.com.br\/index.php\/wp-json\/wp\/v2\/media?parent=72595"}],"wp:term":[{"taxonomy":"category","embeddable":true,"href":"https:\/\/ismaelcolosi.com.br\/index.php\/wp-json\/wp\/v2\/categories?post=72595"},{"taxonomy":"post_tag","embeddable":true,"href":"https:\/\/ismaelcolosi.com.br\/index.php\/wp-json\/wp\/v2\/tags?post=72595"}],"curies":[{"name":"wp","href":"https:\/\/api.w.org\/{rel}","templated":true}]}}