{"id":72591,"date":"2024-10-22T13:53:24","date_gmt":"2024-10-22T16:53:24","guid":{"rendered":"https:\/\/ismaelcolosi.com.br\/index.php\/2024\/10\/22\/opera-carmen-de-bizet-sera-apresentada-no-theatro-pedro-ii-em-ribeirao-preto\/"},"modified":"2024-10-22T13:53:24","modified_gmt":"2024-10-22T16:53:24","slug":"opera-carmen-de-bizet-sera-apresentada-no-theatro-pedro-ii-em-ribeirao-preto","status":"publish","type":"post","link":"https:\/\/ismaelcolosi.com.br\/index.php\/2024\/10\/22\/opera-carmen-de-bizet-sera-apresentada-no-theatro-pedro-ii-em-ribeirao-preto\/","title":{"rendered":"\u00d3pera Carmen de Bizet ser\u00e1 apresentada no Theatro Pedro II em Ribeir\u00e3o Preto"},"content":{"rendered":"<p> <br \/>\n<\/p>\n<div data-td-block-uid=\"tdi_106\">\n<div class=\"tdb-block-inner td-fix-index\">\n<p>Nos dias 26 e 27 de outubro, a Cia. Minaz volta ao palco do <strong>Theatro Pedro II<\/strong>, em <strong>Ribeir\u00e3o Preto<\/strong>, com o espet\u00e1culo de \u00f3pera est\u00fadio <strong>Carmen de Bizet<\/strong>.<\/p>\n<p>O elenco conta com aproximadamente 200 vozes e tem como convidados o Maestro Abel Rocha, o bar\u00edtono Fernando Ara\u00fajo e, no papel principal, a mezzo soprano Luciana Bueno.<\/p>\n<p>As apresenta\u00e7\u00f5es acontecer\u00e3o \u00e0s 20h no dia 26 e, 19h, no dia 27. Os ingressos custam entre R$ 50 e R$ 100 e podem ser adquiridos pelo <a href=\"https:\/\/megabilheteria.com\/evento\/temporada?id=20230216171805\" target=\"_blank\" rel=\"noreferrer noopener nofollow\">site do <strong>Mega Bilheteria <\/strong>(clique aqui)<\/a>.<\/p>\n<h4 class=\"wp-block-heading\"><strong>Hist\u00f3ria atual<\/strong><\/h4>\n<p>A montagem da \u00f3pera foi adaptada cenicamente para os dias de hoje e tem como cen\u00e1rio um conjunto habitacional que passa por situa\u00e7\u00f5es compat\u00edveis com crimes passionais da atualidade.<\/p>\n<p>Em 2024, a Cia. Minaz estreou a nova encena\u00e7\u00e3o da \u00d3pera Carmen de Georges Bizet com cen\u00e1rios e figurinos contempor\u00e2neos e tem o enfoque nos dramas individuais dos nossos dias, expondo as contraven\u00e7\u00f5es, o feminic\u00eddio e as rela\u00e7\u00f5es passionais<\/p>\n<h4 class=\"wp-block-heading\"><strong>SERVI\u00c7O<\/strong><\/h4>\n<p><strong>Carmen de Bizet no Theatro Pedro II<br \/>Quando:<\/strong> s\u00e1bado, dia 26, \u00e0s 20h, e domingo, 27, \u00e0s 19h<br \/><strong>Local: <\/strong>Theatro Pedro II \u2013 rua \u00c1lvares Cabral, 370 \u2013 Centro<br \/><strong>Ingressos:<\/strong> R$ 100 (inteira) e R$ 50 (meia) \u2013 <a href=\"https:\/\/megabilheteria.com\/evento\/temporada?id=20230216171805\" target=\"_blank\" rel=\"noreferrer noopener nofollow\">Mega Bilheteria (clique aqui)<\/a><br \/><strong>Informa\u00e7\u00f5es: <\/strong>(16) 3941.2722<\/p>\n<p>SAIBA MAIS<br \/>Alessandra Maestrini l\u00ea cr\u00f4nicas de Rubem Alves no Sesc Ribeir\u00e3o<\/p>\n<h4 class=\"wp-block-heading\"><strong>FIQUE ON<\/strong><\/h4>\n<p>Fique ligado em tudo que acontece em Ribeir\u00e3o Preto e regi\u00e3o. Siga os perfis do <strong>acidade on <\/strong>no <a href=\"https:\/\/www.instagram.com\/acidadeonribeirao\" target=\"_blank\" rel=\"noreferrer noopener nofollow\">Instagram<\/a> e no <a href=\"https:\/\/www.facebook.com\/acidadeonribeirao\/\" target=\"_blank\" rel=\"noreferrer noopener nofollow\">Facebook<\/a>.<\/p>\n<p>Receba not\u00edcias do<strong> acidade on<\/strong> no WhatsApp.<a href=\"https:\/\/chat.whatsapp.com\/Fg4ok3aAVyB59DP63pRapr\" target=\"_blank\" rel=\"noreferrer noopener nofollow\"> Para entrar no grupo, basta clicar aqui.<\/a><\/p>\n<p>Fa\u00e7a uma den\u00fancia ou sugira uma reportagem sobre Ribeir\u00e3o Preto e regi\u00e3o pelo WhatsApp: 16 99117 7802.<\/p>\n<p>VEJA TAMB\u00c9M<br \/>Bolinho de sardinha; veja modo de preparo<\/p>\n<p><!-- CONTENT END 1 -->\n<\/div>\n<\/div>\n<p><script async src=\"\/\/www.instagram.com\/embed.js\"><\/script><br \/>\n<br \/><br \/>\n<br \/><a href=\"https:\/\/www.acidadeon.com\/ribeiraopreto\/lazer-e-cultura\/opera-carmen-de-bizet-sera-apresentada-no-theatro-pedro-ii-em-ribeirao-preto\/\">Source link <\/a><\/p>\n","protected":false},"excerpt":{"rendered":"<p>Nos dias 26 e 27 de outubro, a Cia. Minaz volta ao palco do Theatro Pedro II, em Ribeir\u00e3o Preto, com o espet\u00e1culo de \u00f3pera&#8230;<\/p>\n","protected":false},"author":1,"featured_media":72592,"comment_status":"open","ping_status":"open","sticky":false,"template":"","format":"standard","meta":{"_uag_custom_page_level_css":"","advanced_seo_description":"","jetpack_seo_html_title":"","jetpack_seo_noindex":false,"jetpack_post_was_ever_published":false,"_jetpack_newsletter_access":"","_jetpack_dont_email_post_to_subs":false,"_jetpack_newsletter_tier_id":0,"_jetpack_memberships_contains_paywalled_content":false,"_jetpack_memberships_contains_paid_content":false,"footnotes":"","jetpack_publicize_message":"","jetpack_publicize_feature_enabled":true,"jetpack_social_post_already_shared":true,"jetpack_social_options":{"image_generator_settings":{"template":"highway","default_image_id":0,"font":"","enabled":false},"version":2}},"categories":[11],"tags":[],"class_list":["post-72591","post","type-post","status-publish","format-standard","has-post-thumbnail","hentry","category-noticias-de-ribeirao-preto-sp-e-regiao-ismael-colosi"],"jetpack_publicize_connections":[],"jetpack_featured_media_url":"https:\/\/i0.wp.com\/ismaelcolosi.com.br\/wp-content\/uploads\/2024\/10\/carmen-de-bizet_2024-10-22_16-31-03_jpg_2024-10-22_16-31-03.webp.webp?fit=1333%2C899&ssl=1","uagb_featured_image_src":{"full":["https:\/\/i0.wp.com\/ismaelcolosi.com.br\/wp-content\/uploads\/2024\/10\/carmen-de-bizet_2024-10-22_16-31-03_jpg_2024-10-22_16-31-03.webp.webp?fit=1333%2C899&ssl=1",1333,899,false],"thumbnail":["https:\/\/i0.wp.com\/ismaelcolosi.com.br\/wp-content\/uploads\/2024\/10\/carmen-de-bizet_2024-10-22_16-31-03_jpg_2024-10-22_16-31-03.webp.webp?resize=150%2C150&ssl=1",150,150,true],"medium":["https:\/\/i0.wp.com\/ismaelcolosi.com.br\/wp-content\/uploads\/2024\/10\/carmen-de-bizet_2024-10-22_16-31-03_jpg_2024-10-22_16-31-03.webp.webp?fit=300%2C202&ssl=1",300,202,true],"medium_large":["https:\/\/i0.wp.com\/ismaelcolosi.com.br\/wp-content\/uploads\/2024\/10\/carmen-de-bizet_2024-10-22_16-31-03_jpg_2024-10-22_16-31-03.webp.webp?fit=768%2C518&ssl=1",768,518,true],"large":["https:\/\/i0.wp.com\/ismaelcolosi.com.br\/wp-content\/uploads\/2024\/10\/carmen-de-bizet_2024-10-22_16-31-03_jpg_2024-10-22_16-31-03.webp.webp?fit=1024%2C691&ssl=1",1024,691,true],"1536x1536":["https:\/\/i0.wp.com\/ismaelcolosi.com.br\/wp-content\/uploads\/2024\/10\/carmen-de-bizet_2024-10-22_16-31-03_jpg_2024-10-22_16-31-03.webp.webp?fit=1333%2C899&ssl=1",1333,899,true],"2048x2048":["https:\/\/i0.wp.com\/ismaelcolosi.com.br\/wp-content\/uploads\/2024\/10\/carmen-de-bizet_2024-10-22_16-31-03_jpg_2024-10-22_16-31-03.webp.webp?fit=1333%2C899&ssl=1",1333,899,true],"really-simple-thumb":["https:\/\/i0.wp.com\/ismaelcolosi.com.br\/wp-content\/uploads\/2024\/10\/carmen-de-bizet_2024-10-22_16-31-03_jpg_2024-10-22_16-31-03.webp.webp?resize=370%2C247&ssl=1",370,247,true]},"uagb_author_info":{"display_name":"ismaelcolosi.com.br","author_link":"https:\/\/ismaelcolosi.com.br\/index.php\/author\/vidareal-online\/"},"uagb_comment_info":0,"uagb_excerpt":"Nos dias 26 e 27 de outubro, a Cia. Minaz volta ao palco do Theatro Pedro II, em Ribeir\u00e3o Preto, com o espet\u00e1culo de \u00f3pera...","jetpack-related-posts":[{"id":800,"url":"https:\/\/ismaelcolosi.com.br\/index.php\/2023\/11\/09\/orquestra-sinfonica-apresenta-opera-carmen-no-pedro-ii-em-ribeirao-preto\/","url_meta":{"origin":72591,"position":0},"title":"Orquestra Sinf\u00f4nica apresenta \u2018\u00d3pera Carmen\u2019 no Pedro II em Ribeir\u00e3o Preto\u00a0","author":"ismaelcolosi.com.br","date":"9 de November de 2023","format":false,"excerpt":"O Theatro Pedro II, no Centro de Ribeir\u00e3o Preto, recebe no dia\u00a0 11 de novembro, \u00e0s 19h30, o espet\u00e1culo \u2018\u00d3pera Carmen\u2019, com a Orquestra Sinf\u00f4nica.\u00a0\u00a0 A reg\u00eancia ser\u00e1 de Reginaldo Nascimento, com dire\u00e7\u00e3o art\u00edstica de Paulo Esper, da Cia Sol\u2019\u00d3pera, e prepara\u00e7\u00e3o do coro pela maestrina Snizhana Drahan. Sinopse\u00a0 A\u2026","rel":"","context":"In &quot;Not\u00edcias de Ribeir\u00e3o Preto-SP e Regi\u00e3o&quot;","block_context":{"text":"Not\u00edcias de Ribeir\u00e3o Preto-SP e Regi\u00e3o","link":"https:\/\/ismaelcolosi.com.br\/index.php\/category\/noticias-de-ribeirao-preto-sp-e-regiao-ismael-colosi\/"},"img":{"alt_text":"","src":"https:\/\/i0.wp.com\/ismaelcolosi.com.br\/wp-content\/uploads\/2023\/11\/handler-1.jpg?fit=800%2C537&ssl=1&resize=350%2C200","width":350,"height":200,"srcset":"https:\/\/i0.wp.com\/ismaelcolosi.com.br\/wp-content\/uploads\/2023\/11\/handler-1.jpg?fit=800%2C537&ssl=1&resize=350%2C200 1x, https:\/\/i0.wp.com\/ismaelcolosi.com.br\/wp-content\/uploads\/2023\/11\/handler-1.jpg?fit=800%2C537&ssl=1&resize=525%2C300 1.5x, https:\/\/i0.wp.com\/ismaelcolosi.com.br\/wp-content\/uploads\/2023\/11\/handler-1.jpg?fit=800%2C537&ssl=1&resize=700%2C400 2x"},"classes":[]},{"id":3043,"url":"https:\/\/ismaelcolosi.com.br\/index.php\/2023\/11\/07\/sinfonica-de-ribeirao-coro-e-solistas-apresentam-opera-carmen\/","url_meta":{"origin":72591,"position":1},"title":"Sinf\u00f4nica de Ribeir\u00e3o, coro e solistas apresentam \u00f3pera Carmen","author":"ismaelcolosi.com.br","date":"7 de November de 2023","format":false,"excerpt":"71 Grande produ\u00e7\u00e3o da Orquestra Sinf\u00f4nica de Ribeir\u00e3o Preto, com coro e solistas, a \u00f3pera Carmen, estreia com duas r\u00e9citas em Ribeir\u00e3o Preto, dias 10 e 11 de novembro no Theatro Pedro II, e uma apresenta\u00e7\u00e3o, dia 12 no Teatro Municipal de Batatais. A reg\u00eancia ser\u00e1 de Reginaldo Nascimento, com\u2026","rel":"","context":"In &quot;Not\u00edcias de Ribeir\u00e3o Preto-SP e Regi\u00e3o&quot;","block_context":{"text":"Not\u00edcias de Ribeir\u00e3o Preto-SP e Regi\u00e3o","link":"https:\/\/ismaelcolosi.com.br\/index.php\/category\/noticias-de-ribeirao-preto-sp-e-regiao-ismael-colosi\/"},"img":{"alt_text":"","src":"https:\/\/i0.wp.com\/ismaelcolosi.com.br\/wp-content\/uploads\/2023\/11\/91530b8d9947d62da4c75fb32a32172blow-1.jpeg?fit=800%2C537&ssl=1&resize=350%2C200","width":350,"height":200,"srcset":"https:\/\/i0.wp.com\/ismaelcolosi.com.br\/wp-content\/uploads\/2023\/11\/91530b8d9947d62da4c75fb32a32172blow-1.jpeg?fit=800%2C537&ssl=1&resize=350%2C200 1x, https:\/\/i0.wp.com\/ismaelcolosi.com.br\/wp-content\/uploads\/2023\/11\/91530b8d9947d62da4c75fb32a32172blow-1.jpeg?fit=800%2C537&ssl=1&resize=525%2C300 1.5x, https:\/\/i0.wp.com\/ismaelcolosi.com.br\/wp-content\/uploads\/2023\/11\/91530b8d9947d62da4c75fb32a32172blow-1.jpeg?fit=800%2C537&ssl=1&resize=700%2C400 2x"},"classes":[]},{"id":59138,"url":"https:\/\/ismaelcolosi.com.br\/index.php\/2024\/08\/06\/orquestra-sinfonica-de-ribeirao-preto-apresenta-opera-de-puccini-no-theatro-pedro-ii\/","url_meta":{"origin":72591,"position":2},"title":"Orquestra Sinf\u00f4nica de Ribeir\u00e3o Preto apresenta \u00f3pera de Puccini no Theatro Pedro II","author":"ismaelcolosi.com.br","date":"6 de August de 2024","format":false,"excerpt":"A Orquestra Sinf\u00f4nica de Ribeir\u00e3o Preto apresenta a \u00f3pera \u2018Suor Ang\u00e9lica\u2019, do compositor italiano Puccini, no Theatro Pedro II, nos dias 23 e 24 de agosto, \u00e0s 19h30, com reg\u00eancia do maestro Reginaldo Nascimento. A \u00f3pera estreou em Nova Iorque, em 1918, e conta uma hist\u00f3ria que se passa no\u2026","rel":"","context":"In &quot;Not\u00edcias de Ribeir\u00e3o Preto-SP e Regi\u00e3o&quot;","block_context":{"text":"Not\u00edcias de Ribeir\u00e3o Preto-SP e Regi\u00e3o","link":"https:\/\/ismaelcolosi.com.br\/index.php\/category\/noticias-de-ribeirao-preto-sp-e-regiao-ismael-colosi\/"},"img":{"alt_text":"","src":"https:\/\/i0.wp.com\/ismaelcolosi.com.br\/wp-content\/uploads\/2024\/08\/Copia-de-Copia-de-TAMANHO-EXATO-PARA-FOTOS-NO-SISTEMA-NOVO-34_2024-08-06_14-30-36_jpg_2024-08-06_14-30-36.webp.webp?fit=1200%2C675&ssl=1&resize=350%2C200","width":350,"height":200,"srcset":"https:\/\/i0.wp.com\/ismaelcolosi.com.br\/wp-content\/uploads\/2024\/08\/Copia-de-Copia-de-TAMANHO-EXATO-PARA-FOTOS-NO-SISTEMA-NOVO-34_2024-08-06_14-30-36_jpg_2024-08-06_14-30-36.webp.webp?fit=1200%2C675&ssl=1&resize=350%2C200 1x, https:\/\/i0.wp.com\/ismaelcolosi.com.br\/wp-content\/uploads\/2024\/08\/Copia-de-Copia-de-TAMANHO-EXATO-PARA-FOTOS-NO-SISTEMA-NOVO-34_2024-08-06_14-30-36_jpg_2024-08-06_14-30-36.webp.webp?fit=1200%2C675&ssl=1&resize=525%2C300 1.5x, https:\/\/i0.wp.com\/ismaelcolosi.com.br\/wp-content\/uploads\/2024\/08\/Copia-de-Copia-de-TAMANHO-EXATO-PARA-FOTOS-NO-SISTEMA-NOVO-34_2024-08-06_14-30-36_jpg_2024-08-06_14-30-36.webp.webp?fit=1200%2C675&ssl=1&resize=700%2C400 2x, https:\/\/i0.wp.com\/ismaelcolosi.com.br\/wp-content\/uploads\/2024\/08\/Copia-de-Copia-de-TAMANHO-EXATO-PARA-FOTOS-NO-SISTEMA-NOVO-34_2024-08-06_14-30-36_jpg_2024-08-06_14-30-36.webp.webp?fit=1200%2C675&ssl=1&resize=1050%2C600 3x"},"classes":[]},{"id":72638,"url":"https:\/\/ismaelcolosi.com.br\/index.php\/2024\/10\/22\/saiba-o-estado-de-saude-das-vitimas-esfaqueadas-por-engenheiro-em-franca-2\/","url_meta":{"origin":72591,"position":3},"title":"Saiba o estado de sa\u00fade das v\u00edtimas esfaqueadas por engenheiro em Franca","author":"ismaelcolosi.com.br","date":"22 de October de 2024","format":false,"excerpt":"Tr\u00eas pessoas ficaram feridas ap\u00f3s o engenheiro civil Luis Fernando Moreira Bentivoglio Silveira, de 32 anos, invadir o apartamento e tentar matar a ex-mulher, na segunda-feira (21), em Franca, na regi\u00e3o de Ribeir\u00e3o Preto. A filha do casal, de 1 ano de idade, e a ex-sogra do acusado sofreram ferimentos\u2026","rel":"","context":"In &quot;Not\u00edcias de Ribeir\u00e3o Preto-SP e Regi\u00e3o&quot;","block_context":{"text":"Not\u00edcias de Ribeir\u00e3o Preto-SP e Regi\u00e3o","link":"https:\/\/ismaelcolosi.com.br\/index.php\/category\/noticias-de-ribeirao-preto-sp-e-regiao-ismael-colosi\/"},"img":{"alt_text":"","src":"https:\/\/i0.wp.com\/ismaelcolosi.com.br\/wp-content\/uploads\/2024\/10\/Copia-de-Copia-de-Copia-de-TAMANHO-EXATO-PARA-FOTOS-NO-SISTEMA-NOVO-33_2024-10-22_19-19-24_png_2024-10-22_19-19-25.webp.webp?fit=1200%2C675&ssl=1&resize=350%2C200","width":350,"height":200,"srcset":"https:\/\/i0.wp.com\/ismaelcolosi.com.br\/wp-content\/uploads\/2024\/10\/Copia-de-Copia-de-Copia-de-TAMANHO-EXATO-PARA-FOTOS-NO-SISTEMA-NOVO-33_2024-10-22_19-19-24_png_2024-10-22_19-19-25.webp.webp?fit=1200%2C675&ssl=1&resize=350%2C200 1x, https:\/\/i0.wp.com\/ismaelcolosi.com.br\/wp-content\/uploads\/2024\/10\/Copia-de-Copia-de-Copia-de-TAMANHO-EXATO-PARA-FOTOS-NO-SISTEMA-NOVO-33_2024-10-22_19-19-24_png_2024-10-22_19-19-25.webp.webp?fit=1200%2C675&ssl=1&resize=525%2C300 1.5x, https:\/\/i0.wp.com\/ismaelcolosi.com.br\/wp-content\/uploads\/2024\/10\/Copia-de-Copia-de-Copia-de-TAMANHO-EXATO-PARA-FOTOS-NO-SISTEMA-NOVO-33_2024-10-22_19-19-24_png_2024-10-22_19-19-25.webp.webp?fit=1200%2C675&ssl=1&resize=700%2C400 2x, https:\/\/i0.wp.com\/ismaelcolosi.com.br\/wp-content\/uploads\/2024\/10\/Copia-de-Copia-de-Copia-de-TAMANHO-EXATO-PARA-FOTOS-NO-SISTEMA-NOVO-33_2024-10-22_19-19-24_png_2024-10-22_19-19-25.webp.webp?fit=1200%2C675&ssl=1&resize=1050%2C600 3x"},"classes":[]},{"id":72631,"url":"https:\/\/ismaelcolosi.com.br\/index.php\/2024\/10\/22\/saiba-o-estado-de-saude-das-vitimas-esfaqueadas-por-engenheiro-em-franca\/","url_meta":{"origin":72591,"position":4},"title":"Saiba o estado de sa\u00fade das v\u00edtimas esfaqueadas por engenheiro em Franca","author":"ismaelcolosi.com.br","date":"22 de October de 2024","format":false,"excerpt":"Tr\u00eas pessoas ficaram feridas ap\u00f3s o engenheiro civil Luis Fernando Moreira Bentivoglio Silveira, de 32 anos, invadir o apartamento e tentar matar a ex-mulher, na segunda-feira (21), em Franca, na regi\u00e3o de Ribeir\u00e3o Preto. A filha do casal, de 1 ano de idade, e a ex-sogra do acusado sofreram ferimentos\u2026","rel":"","context":"In &quot;Not\u00edcias de Ribeir\u00e3o Preto-SP e Regi\u00e3o&quot;","block_context":{"text":"Not\u00edcias de Ribeir\u00e3o Preto-SP e Regi\u00e3o","link":"https:\/\/ismaelcolosi.com.br\/index.php\/category\/noticias-de-ribeirao-preto-sp-e-regiao-ismael-colosi\/"},"img":{"alt_text":"","src":"https:\/\/i0.wp.com\/ismaelcolosi.com.br\/wp-content\/uploads\/2024\/10\/Copia-de-Copia-de-Copia-de-TAMANHO-EXATO-PARA-FOTOS-NO-SISTEMA-NOVO-33_2024-10-22_19-19-24_png_2024-10-22_19-19-25.webp.webp?fit=1200%2C675&ssl=1&resize=350%2C200","width":350,"height":200,"srcset":"https:\/\/i0.wp.com\/ismaelcolosi.com.br\/wp-content\/uploads\/2024\/10\/Copia-de-Copia-de-Copia-de-TAMANHO-EXATO-PARA-FOTOS-NO-SISTEMA-NOVO-33_2024-10-22_19-19-24_png_2024-10-22_19-19-25.webp.webp?fit=1200%2C675&ssl=1&resize=350%2C200 1x, https:\/\/i0.wp.com\/ismaelcolosi.com.br\/wp-content\/uploads\/2024\/10\/Copia-de-Copia-de-Copia-de-TAMANHO-EXATO-PARA-FOTOS-NO-SISTEMA-NOVO-33_2024-10-22_19-19-24_png_2024-10-22_19-19-25.webp.webp?fit=1200%2C675&ssl=1&resize=525%2C300 1.5x, https:\/\/i0.wp.com\/ismaelcolosi.com.br\/wp-content\/uploads\/2024\/10\/Copia-de-Copia-de-Copia-de-TAMANHO-EXATO-PARA-FOTOS-NO-SISTEMA-NOVO-33_2024-10-22_19-19-24_png_2024-10-22_19-19-25.webp.webp?fit=1200%2C675&ssl=1&resize=700%2C400 2x, https:\/\/i0.wp.com\/ismaelcolosi.com.br\/wp-content\/uploads\/2024\/10\/Copia-de-Copia-de-Copia-de-TAMANHO-EXATO-PARA-FOTOS-NO-SISTEMA-NOVO-33_2024-10-22_19-19-24_png_2024-10-22_19-19-25.webp.webp?fit=1200%2C675&ssl=1&resize=1050%2C600 3x"},"classes":[]},{"id":1085,"url":"https:\/\/ismaelcolosi.com.br\/index.php\/2023\/11\/10\/rugby-pantera-sessions-e-opera-o-que-fazer-no-fim-de-semana-em-ribeirao-preto\/","url_meta":{"origin":72591,"position":5},"title":"Rugby, Pantera Sessions e \u00f3pera: O que fazer no fim de semana em Ribeir\u00e3o Preto\u00a0","author":"ismaelcolosi.com.br","date":"10 de November de 2023","format":false,"excerpt":"O fim de semana em Ribeir\u00e3o Preto est\u00e1 com uma programa\u00e7\u00e3o variada para todos os gostos e idades. \u00a0 H\u00e1 op\u00e7\u00f5es gratuitas nos teatros, evento que re\u00fane m\u00fasica e cerveja, \u00f3pera com a Orquestra Sinf\u00f4nica, festival cat\u00f3lico, entre outros. CHORINHO\u00a0\u00a0 O grupo Choro da Casa se apresenta nesta sexta-feira (10),\u2026","rel":"","context":"In &quot;Not\u00edcias de Ribeir\u00e3o Preto-SP e Regi\u00e3o&quot;","block_context":{"text":"Not\u00edcias de Ribeir\u00e3o Preto-SP e Regi\u00e3o","link":"https:\/\/ismaelcolosi.com.br\/index.php\/category\/noticias-de-ribeirao-preto-sp-e-regiao-ismael-colosi\/"},"img":{"alt_text":"","src":"https:\/\/i0.wp.com\/ismaelcolosi.com.br\/wp-content\/uploads\/2023\/11\/culturaa_em_todo_lugar_22-1.jpeg?fit=1200%2C800&ssl=1&resize=350%2C200","width":350,"height":200,"srcset":"https:\/\/i0.wp.com\/ismaelcolosi.com.br\/wp-content\/uploads\/2023\/11\/culturaa_em_todo_lugar_22-1.jpeg?fit=1200%2C800&ssl=1&resize=350%2C200 1x, https:\/\/i0.wp.com\/ismaelcolosi.com.br\/wp-content\/uploads\/2023\/11\/culturaa_em_todo_lugar_22-1.jpeg?fit=1200%2C800&ssl=1&resize=525%2C300 1.5x, https:\/\/i0.wp.com\/ismaelcolosi.com.br\/wp-content\/uploads\/2023\/11\/culturaa_em_todo_lugar_22-1.jpeg?fit=1200%2C800&ssl=1&resize=700%2C400 2x, https:\/\/i0.wp.com\/ismaelcolosi.com.br\/wp-content\/uploads\/2023\/11\/culturaa_em_todo_lugar_22-1.jpeg?fit=1200%2C800&ssl=1&resize=1050%2C600 3x"},"classes":[]}],"jetpack_sharing_enabled":true,"jetpack_shortlink":"https:\/\/wp.me\/pfMlyK-iSP","_links":{"self":[{"href":"https:\/\/ismaelcolosi.com.br\/index.php\/wp-json\/wp\/v2\/posts\/72591","targetHints":{"allow":["GET"]}}],"collection":[{"href":"https:\/\/ismaelcolosi.com.br\/index.php\/wp-json\/wp\/v2\/posts"}],"about":[{"href":"https:\/\/ismaelcolosi.com.br\/index.php\/wp-json\/wp\/v2\/types\/post"}],"author":[{"embeddable":true,"href":"https:\/\/ismaelcolosi.com.br\/index.php\/wp-json\/wp\/v2\/users\/1"}],"replies":[{"embeddable":true,"href":"https:\/\/ismaelcolosi.com.br\/index.php\/wp-json\/wp\/v2\/comments?post=72591"}],"version-history":[{"count":0,"href":"https:\/\/ismaelcolosi.com.br\/index.php\/wp-json\/wp\/v2\/posts\/72591\/revisions"}],"wp:featuredmedia":[{"embeddable":true,"href":"https:\/\/ismaelcolosi.com.br\/index.php\/wp-json\/wp\/v2\/media\/72592"}],"wp:attachment":[{"href":"https:\/\/ismaelcolosi.com.br\/index.php\/wp-json\/wp\/v2\/media?parent=72591"}],"wp:term":[{"taxonomy":"category","embeddable":true,"href":"https:\/\/ismaelcolosi.com.br\/index.php\/wp-json\/wp\/v2\/categories?post=72591"},{"taxonomy":"post_tag","embeddable":true,"href":"https:\/\/ismaelcolosi.com.br\/index.php\/wp-json\/wp\/v2\/tags?post=72591"}],"curies":[{"name":"wp","href":"https:\/\/api.w.org\/{rel}","templated":true}]}}