{"id":72579,"date":"2024-10-22T12:50:16","date_gmt":"2024-10-22T15:50:16","guid":{"rendered":"https:\/\/ismaelcolosi.com.br\/index.php\/2024\/10\/22\/vai-fazer-o-enem-veja-como-consultar-o-local-de-prova\/"},"modified":"2024-10-22T12:50:16","modified_gmt":"2024-10-22T15:50:16","slug":"vai-fazer-o-enem-veja-como-consultar-o-local-de-prova","status":"publish","type":"post","link":"https:\/\/ismaelcolosi.com.br\/index.php\/2024\/10\/22\/vai-fazer-o-enem-veja-como-consultar-o-local-de-prova\/","title":{"rendered":"Vai fazer o Enem? Veja como consultar o local de prova"},"content":{"rendered":"<p> <br \/>\n<\/p>\n<div>\n<p>O<strong> Inep (Instituto Nacional de Estudos e Pesquisas Educacionais An\u00edsio Teixeira)<\/strong> disponibilizou nesta ter\u00e7a-feira (22) o <strong>Cart\u00e3o de Confirma\u00e7\u00e3o de Inscri\u00e7\u00e3o do Enem (Exame Nacional do Ensino M\u00e9dio) 2024<\/strong>. Nele, o estudante pode consultar informa\u00e7\u00f5es como o local de prova, n\u00famero de inscri\u00e7\u00e3o e hora das provas.<\/p>\n<p>No cart\u00e3o de confirma\u00e7\u00e3o \u00e9 poss\u00edvel tamb\u00e9m registrar que o inscrito ter\u00e1 direito a atendimento especializado ou tratamento pelo nome social, se for o caso.<\/p>\n<h4 class=\"wp-block-heading\"><strong>Como consultar o local de prova?<\/strong><\/h4>\n<p>O documento est\u00e1 dispon\u00edvel na p\u00e1gina do participante do Enem. <a href=\"https:\/\/enem.inep.gov.br\/participante\/#!\/\" target=\"_blank\" rel=\"noreferrer noopener nofollow\">O estudante precisa usar o login no portal \u00fanico de servi\u00e7os digitais do governo federal, <strong>Gov.br<\/strong> \u2013 clique aqui<\/a>.<\/p>\n<p>Caso o inscrito n\u00e3o lembre a senha da conta cadastrada, \u00e9 poss\u00edvel recuper\u00e1-la no mesmo portal e ap\u00f3s digitar o n\u00famero do CPF e selecionar a op\u00e7\u00e3o esqueci minha senha.<\/p>\n<h4 class=\"wp-block-heading\"><strong>As provas<\/strong><\/h4>\n<p>Apesar de n\u00e3o ser obrigat\u00f3rio, o Inep recomenda levar o cart\u00e3o nos dias de aplica\u00e7\u00e3o das provas, nos domingos 3 e 10 de novembro.<\/p>\n<p>No primeiro dia de Enem, al\u00e9m da reda\u00e7\u00e3o, ser\u00e3o aplicadas as provas de linguagens, c\u00f3digos e suas tecnologias, e ci\u00eancias humanas e suas tecnologias.<\/p>\n<p>E no segundo dia do exame, os participantes fazem as provas de ci\u00eancias da natureza e suas tecnologias, assim como de matem\u00e1tica e suas tecnologias. Ao todo, ser\u00e3o 45 quest\u00f5es em cada \u00e1rea do conhecimento.<\/p>\n<p>SAIBA MAIS<br \/>Cidade na regi\u00e3o de Ribeir\u00e3o Preto tem concurso p\u00fablico com sal\u00e1rios de R$ 4 mil<\/p>\n<h4 class=\"wp-block-heading\"><strong>FIQUE ON<\/strong><\/h4>\n<p>Fique ligado em tudo que acontece em Ribeir\u00e3o Preto e regi\u00e3o. Siga os perfis do<strong> acidade on <\/strong>no <a href=\"https:\/\/www.instagram.com\/acidadeonribeirao\" target=\"_blank\" rel=\"noreferrer noopener nofollow\">Instagram<\/a> e no <a href=\"https:\/\/www.facebook.com\/acidadeonribeirao\/\" target=\"_blank\" rel=\"noreferrer noopener nofollow\">Facebook<\/a>.<\/p>\n<p>Receba not\u00edcias do <strong>acidade on <\/strong>no WhatsApp. <a href=\"https:\/\/chat.whatsapp.com\/Fg4ok3aAVyB59DP63pRapr\" target=\"_blank\" rel=\"noreferrer noopener nofollow\">Para entrar no grupo, basta clicar aqui.<\/a><\/p>\n<p>Fa\u00e7a uma den\u00fancia ou sugira uma reportagem sobre Ribeir\u00e3o Preto e regi\u00e3o pelo WhatsApp: 16 99117 7802.<\/p>\n<p>VEJA TAMB\u00c9M<br \/>Como se inscrever no concurso da Sanepar?\u00a0\u00a0<\/p>\n<p><!-- CONTENT END 1 -->\n<\/div>\n<p><script async src=\"\/\/www.instagram.com\/embed.js\"><\/script><br \/>\n<br \/><br \/>\n<br \/><a href=\"https:\/\/www.acidadeon.com\/ribeiraopreto\/cotidiano\/vai-fazer-o-enem-veja-como-consultar-o-local-de-prova\/\">Source link <\/a><\/p>\n","protected":false},"excerpt":{"rendered":"<p>O Inep (Instituto Nacional de Estudos e Pesquisas Educacionais An\u00edsio Teixeira) disponibilizou nesta ter\u00e7a-feira (22) o Cart\u00e3o de Confirma\u00e7\u00e3o de Inscri\u00e7\u00e3o do Enem (Exame Nacional&#8230;<\/p>\n","protected":false},"author":1,"featured_media":72580,"comment_status":"open","ping_status":"open","sticky":false,"template":"","format":"standard","meta":{"_uag_custom_page_level_css":"","jetpack_post_was_ever_published":false,"_jetpack_newsletter_access":"","_jetpack_dont_email_post_to_subs":false,"_jetpack_newsletter_tier_id":0,"_jetpack_memberships_contains_paywalled_content":false,"_jetpack_memberships_contains_paid_content":false,"footnotes":"","jetpack_publicize_message":"","jetpack_publicize_feature_enabled":true,"jetpack_social_post_already_shared":true,"jetpack_social_options":{"image_generator_settings":{"template":"highway","default_image_id":0,"font":"","enabled":false},"version":2}},"categories":[11],"tags":[],"class_list":["post-72579","post","type-post","status-publish","format-standard","has-post-thumbnail","hentry","category-noticias-de-ribeirao-preto-sp-e-regiao-ismael-colosi"],"aioseo_notices":[],"jetpack_publicize_connections":[],"jetpack_featured_media_url":"https:\/\/i0.wp.com\/ismaelcolosi.com.br\/wp-content\/uploads\/2024\/10\/enem_2024-10-22_15-08-29_jpg_2024-10-22_15-08-30.webp.webp?fit=1166%2C696&ssl=1","uagb_featured_image_src":{"full":["https:\/\/i0.wp.com\/ismaelcolosi.com.br\/wp-content\/uploads\/2024\/10\/enem_2024-10-22_15-08-29_jpg_2024-10-22_15-08-30.webp.webp?fit=1166%2C696&ssl=1",1166,696,false],"thumbnail":["https:\/\/i0.wp.com\/ismaelcolosi.com.br\/wp-content\/uploads\/2024\/10\/enem_2024-10-22_15-08-29_jpg_2024-10-22_15-08-30.webp.webp?resize=150%2C150&ssl=1",150,150,true],"medium":["https:\/\/i0.wp.com\/ismaelcolosi.com.br\/wp-content\/uploads\/2024\/10\/enem_2024-10-22_15-08-29_jpg_2024-10-22_15-08-30.webp.webp?fit=300%2C179&ssl=1",300,179,true],"medium_large":["https:\/\/i0.wp.com\/ismaelcolosi.com.br\/wp-content\/uploads\/2024\/10\/enem_2024-10-22_15-08-29_jpg_2024-10-22_15-08-30.webp.webp?fit=768%2C458&ssl=1",768,458,true],"large":["https:\/\/i0.wp.com\/ismaelcolosi.com.br\/wp-content\/uploads\/2024\/10\/enem_2024-10-22_15-08-29_jpg_2024-10-22_15-08-30.webp.webp?fit=1024%2C611&ssl=1",1024,611,true],"1536x1536":["https:\/\/i0.wp.com\/ismaelcolosi.com.br\/wp-content\/uploads\/2024\/10\/enem_2024-10-22_15-08-29_jpg_2024-10-22_15-08-30.webp.webp?fit=1166%2C696&ssl=1",1166,696,true],"2048x2048":["https:\/\/i0.wp.com\/ismaelcolosi.com.br\/wp-content\/uploads\/2024\/10\/enem_2024-10-22_15-08-29_jpg_2024-10-22_15-08-30.webp.webp?fit=1166%2C696&ssl=1",1166,696,true],"really-simple-thumb":["https:\/\/i0.wp.com\/ismaelcolosi.com.br\/wp-content\/uploads\/2024\/10\/enem_2024-10-22_15-08-29_jpg_2024-10-22_15-08-30.webp.webp?resize=370%2C247&ssl=1",370,247,true]},"uagb_author_info":{"display_name":"ismaelcolosi.com.br","author_link":"https:\/\/ismaelcolosi.com.br\/index.php\/author\/vidareal-online\/"},"uagb_comment_info":0,"uagb_excerpt":"O Inep (Instituto Nacional de Estudos e Pesquisas Educacionais An\u00edsio Teixeira) disponibilizou nesta ter\u00e7a-feira (22) o Cart\u00e3o de Confirma\u00e7\u00e3o de Inscri\u00e7\u00e3o do Enem (Exame Nacional...","jetpack-related-posts":[{"id":47224,"url":"https:\/\/ismaelcolosi.com.br\/index.php\/2024\/04\/25\/enem-dos-concursos-saiba-como-consultar-local-e-horario-de-prova\/","url_meta":{"origin":72579,"position":0},"title":"\u2018Enem dos concursos\u2019: saiba como consultar local e hor\u00e1rio de prova","author":"ismaelcolosi.com.br","date":"25 de April de 2024","format":false,"excerpt":"Da reda\u00e7\u00e3oi Da reda\u00e7\u00e3o 24\/04\/2024 - 10:33 No pr\u00f3ximo dia 5 de maio, os candidatos inscritos no Concurso P\u00fablico Nacional Unificado (CPNU), o chamado \u201cEnem dos Concursos\u201c, disputar\u00e3o 6.640 vagas. A partir desta quinta-feira, 25, \u00e0queles que ir\u00e3o realizar a prova poder\u00e3o conferir o Cart\u00e3o de Confirma\u00e7\u00e3o de Inscri\u00e7\u00e3o do\u2026","rel":"","context":"In &quot;Empregos - Classificados&quot;","block_context":{"text":"Empregos - Classificados","link":"https:\/\/ismaelcolosi.com.br\/index.php\/category\/empregos-classificados-vagas-trabalho\/"},"img":{"alt_text":"","src":"https:\/\/i0.wp.com\/ismaelcolosi.com.br\/wp-content\/uploads\/2024\/04\/615-1.jpg?fit=1000%2C667&ssl=1&resize=350%2C200","width":350,"height":200,"srcset":"https:\/\/i0.wp.com\/ismaelcolosi.com.br\/wp-content\/uploads\/2024\/04\/615-1.jpg?fit=1000%2C667&ssl=1&resize=350%2C200 1x, https:\/\/i0.wp.com\/ismaelcolosi.com.br\/wp-content\/uploads\/2024\/04\/615-1.jpg?fit=1000%2C667&ssl=1&resize=525%2C300 1.5x, https:\/\/i0.wp.com\/ismaelcolosi.com.br\/wp-content\/uploads\/2024\/04\/615-1.jpg?fit=1000%2C667&ssl=1&resize=700%2C400 2x"},"classes":[]},{"id":58986,"url":"https:\/\/ismaelcolosi.com.br\/index.php\/2024\/08\/05\/enem-dos-concursos-saiba-como-acessar-cartao-de-confirmacao-e-locais-de-prova\/","url_meta":{"origin":72579,"position":1},"title":"\u2018Enem dos concursos\u2019: saiba como acessar cart\u00e3o de confirma\u00e7\u00e3o e\u00a0locais\u00a0de\u00a0prova","author":"ismaelcolosi.com.br","date":"5 de August de 2024","format":false,"excerpt":"Da reda\u00e7\u00e3oi Da reda\u00e7\u00e3o 05\/08\/2024 - 10:46 Nesta quarta-feira, 7, \u00e0s 10h, ser\u00e1 disponibilizado o cart\u00e3o de confirma\u00e7\u00e3o de inscri\u00e7\u00e3o do Concurso P\u00fablico Nacional Unificado ou \u201cEnem dos concursos\u201d, segundo divulgado pelo Minist\u00e9rio da Gest\u00e3o e da Inova\u00e7\u00e3o em Servi\u00e7os P\u00fablicos.O documento ficar\u00e1 dispon\u00edvel na \u201c\u00c1rea do Candidato\u201d, mesma p\u00e1gina\u2026","rel":"","context":"In &quot;Empregos - Classificados&quot;","block_context":{"text":"Empregos - Classificados","link":"https:\/\/ismaelcolosi.com.br\/index.php\/category\/empregos-classificados-vagas-trabalho\/"},"img":{"alt_text":"","src":"https:\/\/i0.wp.com\/ismaelcolosi.com.br\/wp-content\/uploads\/2024\/08\/prova01.jpg?fit=1200%2C666&ssl=1&resize=350%2C200","width":350,"height":200,"srcset":"https:\/\/i0.wp.com\/ismaelcolosi.com.br\/wp-content\/uploads\/2024\/08\/prova01.jpg?fit=1200%2C666&ssl=1&resize=350%2C200 1x, https:\/\/i0.wp.com\/ismaelcolosi.com.br\/wp-content\/uploads\/2024\/08\/prova01.jpg?fit=1200%2C666&ssl=1&resize=525%2C300 1.5x, https:\/\/i0.wp.com\/ismaelcolosi.com.br\/wp-content\/uploads\/2024\/08\/prova01.jpg?fit=1200%2C666&ssl=1&resize=700%2C400 2x, https:\/\/i0.wp.com\/ismaelcolosi.com.br\/wp-content\/uploads\/2024\/08\/prova01.jpg?fit=1200%2C666&ssl=1&resize=1050%2C600 3x"},"classes":[]},{"id":59337,"url":"https:\/\/ismaelcolosi.com.br\/index.php\/2024\/08\/07\/veja-quantas-pessoas-farao-o-enem-dos-concursos-em-ribeirao-preto\/","url_meta":{"origin":72579,"position":2},"title":"Veja quantas pessoas far\u00e3o o &#8216;Enem dos concursos&#8217; em Ribeir\u00e3o Preto","author":"ismaelcolosi.com.br","date":"7 de August de 2024","format":false,"excerpt":"O Minist\u00e9rio da Gest\u00e3o e Inova\u00e7\u00e3o em Servi\u00e7os P\u00fablicos (MIG) divulgou, nesta quarta-feira (7), o cart\u00e3o de confirma\u00e7\u00e3o de inscri\u00e7\u00e3o do \u201cEnem dos concursos\u201d. Em Ribeir\u00e3o Preto, mais de 14,2 mil pessoas v\u00e3o participar do Concurso P\u00fablico Nacional Unificado (CNU). A prova ser\u00e1 no dia 18 de agosto e a\u2026","rel":"","context":"In &quot;Not\u00edcias de Ribeir\u00e3o Preto-SP e Regi\u00e3o&quot;","block_context":{"text":"Not\u00edcias de Ribeir\u00e3o Preto-SP e Regi\u00e3o","link":"https:\/\/ismaelcolosi.com.br\/index.php\/category\/noticias-de-ribeirao-preto-sp-e-regiao-ismael-colosi\/"},"img":{"alt_text":"","src":"https:\/\/i0.wp.com\/ismaelcolosi.com.br\/wp-content\/uploads\/2024\/08\/eu-amo-ribeirao-preto.jpeg?fit=1200%2C800&ssl=1&resize=350%2C200","width":350,"height":200,"srcset":"https:\/\/i0.wp.com\/ismaelcolosi.com.br\/wp-content\/uploads\/2024\/08\/eu-amo-ribeirao-preto.jpeg?fit=1200%2C800&ssl=1&resize=350%2C200 1x, https:\/\/i0.wp.com\/ismaelcolosi.com.br\/wp-content\/uploads\/2024\/08\/eu-amo-ribeirao-preto.jpeg?fit=1200%2C800&ssl=1&resize=525%2C300 1.5x, https:\/\/i0.wp.com\/ismaelcolosi.com.br\/wp-content\/uploads\/2024\/08\/eu-amo-ribeirao-preto.jpeg?fit=1200%2C800&ssl=1&resize=700%2C400 2x, https:\/\/i0.wp.com\/ismaelcolosi.com.br\/wp-content\/uploads\/2024\/08\/eu-amo-ribeirao-preto.jpeg?fit=1200%2C800&ssl=1&resize=1050%2C600 3x"},"classes":[]},{"id":47388,"url":"https:\/\/ismaelcolosi.com.br\/index.php\/2024\/04\/25\/enem-dos-concursos-tera-3-665-locais-de-prova-veja-como-consultar-sala-e-horario\/","url_meta":{"origin":72579,"position":3},"title":"\u2018Enem dos concursos\u2019 ter\u00e1 3.665 locais de prova; veja como consultar sala e hor\u00e1rio","author":"ismaelcolosi.com.br","date":"25 de April de 2024","format":false,"excerpt":"Da reda\u00e7\u00e3oi Da reda\u00e7\u00e3o 25\/04\/2024 - 11:23 O CPNU (Concurso P\u00fablico Nacional Unificado) ou o chamado \u201cEnem dos Concursos\u201d ser\u00e1 realizado no dia 5 de maio. Os candidatos far\u00e3o as provas em 3.665 locais de aplica\u00e7\u00e3o e 75.730 salas, distribu\u00eddas em 228 munic\u00edpios de todos os estados brasileiros.Consulta aos locais\u2026","rel":"","context":"In &quot;Empregos - Classificados&quot;","block_context":{"text":"Empregos - Classificados","link":"https:\/\/ismaelcolosi.com.br\/index.php\/category\/empregos-classificados-vagas-trabalho\/"},"img":{"alt_text":"","src":"https:\/\/i0.wp.com\/ismaelcolosi.com.br\/wp-content\/uploads\/2024\/04\/enemdosconcursos01.jpg?fit=1200%2C721&ssl=1&resize=350%2C200","width":350,"height":200,"srcset":"https:\/\/i0.wp.com\/ismaelcolosi.com.br\/wp-content\/uploads\/2024\/04\/enemdosconcursos01.jpg?fit=1200%2C721&ssl=1&resize=350%2C200 1x, https:\/\/i0.wp.com\/ismaelcolosi.com.br\/wp-content\/uploads\/2024\/04\/enemdosconcursos01.jpg?fit=1200%2C721&ssl=1&resize=525%2C300 1.5x, https:\/\/i0.wp.com\/ismaelcolosi.com.br\/wp-content\/uploads\/2024\/04\/enemdosconcursos01.jpg?fit=1200%2C721&ssl=1&resize=700%2C400 2x, https:\/\/i0.wp.com\/ismaelcolosi.com.br\/wp-content\/uploads\/2024\/04\/enemdosconcursos01.jpg?fit=1200%2C721&ssl=1&resize=1050%2C600 3x"},"classes":[]},{"id":47383,"url":"https:\/\/ismaelcolosi.com.br\/index.php\/2024\/04\/25\/vai-fazer-o-enem-dos-concursos-locais-das-provas-foram-divulgados-hoje\/","url_meta":{"origin":72579,"position":4},"title":"Vai fazer o \u2018Enem dos concursos\u2019? Locais das provas foram divulgados hoje","author":"ismaelcolosi.com.br","date":"25 de April de 2024","format":false,"excerpt":"O Minist\u00e9rio da Gest\u00e3o e da Inova\u00e7\u00e3o em Servi\u00e7os P\u00fablicos divulgou nesta quinta-feira (25), \u00e0s 10h, o Cart\u00e3o de Confirma\u00e7\u00e3o de Inscri\u00e7\u00e3o do Concurso P\u00fablico Nacional Unificado, o \u201cEnem dos concursos\u201d. No cart\u00e3o, o candidato pode conferir o local de prova, n\u00famero de inscri\u00e7\u00e3o, data e hora das provas. O\u2026","rel":"","context":"In &quot;Not\u00edcias de Ribeir\u00e3o Preto-SP e Regi\u00e3o&quot;","block_context":{"text":"Not\u00edcias de Ribeir\u00e3o Preto-SP e Regi\u00e3o","link":"https:\/\/ismaelcolosi.com.br\/index.php\/category\/noticias-de-ribeirao-preto-sp-e-regiao-ismael-colosi\/"},"img":{"alt_text":"","src":"https:\/\/i0.wp.com\/ismaelcolosi.com.br\/wp-content\/uploads\/2024\/03\/AnyConv.com__concurso-publico-2.webp.webp?fit=1200%2C800&ssl=1&resize=350%2C200","width":350,"height":200,"srcset":"https:\/\/i0.wp.com\/ismaelcolosi.com.br\/wp-content\/uploads\/2024\/03\/AnyConv.com__concurso-publico-2.webp.webp?fit=1200%2C800&ssl=1&resize=350%2C200 1x, https:\/\/i0.wp.com\/ismaelcolosi.com.br\/wp-content\/uploads\/2024\/03\/AnyConv.com__concurso-publico-2.webp.webp?fit=1200%2C800&ssl=1&resize=525%2C300 1.5x, https:\/\/i0.wp.com\/ismaelcolosi.com.br\/wp-content\/uploads\/2024\/03\/AnyConv.com__concurso-publico-2.webp.webp?fit=1200%2C800&ssl=1&resize=700%2C400 2x, https:\/\/i0.wp.com\/ismaelcolosi.com.br\/wp-content\/uploads\/2024\/03\/AnyConv.com__concurso-publico-2.webp.webp?fit=1200%2C800&ssl=1&resize=1050%2C600 3x"},"classes":[]},{"id":60292,"url":"https:\/\/ismaelcolosi.com.br\/index.php\/2024\/08\/15\/enem-dos-concursos-como-acessar-cartao-de-confirmacao-e-o-que-levar-para-a-prova\/","url_meta":{"origin":72579,"position":5},"title":"\u2018Enem dos Concursos\u2019: como acessar cart\u00e3o de confirma\u00e7\u00e3o e o que levar para a prova","author":"ismaelcolosi.com.br","date":"15 de August de 2024","format":false,"excerpt":"Da reda\u00e7\u00e3oi Da reda\u00e7\u00e3o 15\/08\/2024 - 10:46 Candidatos j\u00e1 podem acessar seu cart\u00e3o de confirma\u00e7\u00e3o no Concurso P\u00fablico Nacional Unificado (CPNU) para ter informa\u00e7\u00f5es sobre o local da prova. O documento foi disponibilizado desde o dia 7 de agosto na mesma p\u00e1gina em que foi feita a inscri\u00e7\u00e3o, a \u00c1rea\u2026","rel":"","context":"In &quot;Empregos - Classificados&quot;","block_context":{"text":"Empregos - Classificados","link":"https:\/\/ismaelcolosi.com.br\/index.php\/category\/empregos-classificados-vagas-trabalho\/"},"img":{"alt_text":"","src":"https:\/\/i0.wp.com\/ismaelcolosi.com.br\/wp-content\/uploads\/2024\/08\/1723730446_prova00.jpg?fit=1200%2C748&ssl=1&resize=350%2C200","width":350,"height":200,"srcset":"https:\/\/i0.wp.com\/ismaelcolosi.com.br\/wp-content\/uploads\/2024\/08\/1723730446_prova00.jpg?fit=1200%2C748&ssl=1&resize=350%2C200 1x, https:\/\/i0.wp.com\/ismaelcolosi.com.br\/wp-content\/uploads\/2024\/08\/1723730446_prova00.jpg?fit=1200%2C748&ssl=1&resize=525%2C300 1.5x, https:\/\/i0.wp.com\/ismaelcolosi.com.br\/wp-content\/uploads\/2024\/08\/1723730446_prova00.jpg?fit=1200%2C748&ssl=1&resize=700%2C400 2x, https:\/\/i0.wp.com\/ismaelcolosi.com.br\/wp-content\/uploads\/2024\/08\/1723730446_prova00.jpg?fit=1200%2C748&ssl=1&resize=1050%2C600 3x"},"classes":[]}],"jetpack_sharing_enabled":true,"jetpack_shortlink":"https:\/\/wp.me\/pfMlyK-iSD","_links":{"self":[{"href":"https:\/\/ismaelcolosi.com.br\/index.php\/wp-json\/wp\/v2\/posts\/72579","targetHints":{"allow":["GET"]}}],"collection":[{"href":"https:\/\/ismaelcolosi.com.br\/index.php\/wp-json\/wp\/v2\/posts"}],"about":[{"href":"https:\/\/ismaelcolosi.com.br\/index.php\/wp-json\/wp\/v2\/types\/post"}],"author":[{"embeddable":true,"href":"https:\/\/ismaelcolosi.com.br\/index.php\/wp-json\/wp\/v2\/users\/1"}],"replies":[{"embeddable":true,"href":"https:\/\/ismaelcolosi.com.br\/index.php\/wp-json\/wp\/v2\/comments?post=72579"}],"version-history":[{"count":0,"href":"https:\/\/ismaelcolosi.com.br\/index.php\/wp-json\/wp\/v2\/posts\/72579\/revisions"}],"wp:featuredmedia":[{"embeddable":true,"href":"https:\/\/ismaelcolosi.com.br\/index.php\/wp-json\/wp\/v2\/media\/72580"}],"wp:attachment":[{"href":"https:\/\/ismaelcolosi.com.br\/index.php\/wp-json\/wp\/v2\/media?parent=72579"}],"wp:term":[{"taxonomy":"category","embeddable":true,"href":"https:\/\/ismaelcolosi.com.br\/index.php\/wp-json\/wp\/v2\/categories?post=72579"},{"taxonomy":"post_tag","embeddable":true,"href":"https:\/\/ismaelcolosi.com.br\/index.php\/wp-json\/wp\/v2\/tags?post=72579"}],"curies":[{"name":"wp","href":"https:\/\/api.w.org\/{rel}","templated":true}]}}