{"id":72519,"date":"2024-10-22T08:41:02","date_gmt":"2024-10-22T11:41:02","guid":{"rendered":"https:\/\/ismaelcolosi.com.br\/index.php\/2024\/10\/22\/forca-tarefa-mira-quadrilha-do-golpe-do-falso-precatorio-em-ribeirao-preto\/"},"modified":"2024-10-22T08:41:02","modified_gmt":"2024-10-22T11:41:02","slug":"forca-tarefa-mira-quadrilha-do-golpe-do-falso-precatorio-em-ribeirao-preto","status":"publish","type":"post","link":"https:\/\/ismaelcolosi.com.br\/index.php\/2024\/10\/22\/forca-tarefa-mira-quadrilha-do-golpe-do-falso-precatorio-em-ribeirao-preto\/","title":{"rendered":"For\u00e7a-tarefa mira quadrilha do golpe do falso precat\u00f3rio em Ribeir\u00e3o Preto"},"content":{"rendered":"<p> <br \/>\n<\/p>\n<div data-td-block-uid=\"tdi_106\">\n<div class=\"tdb-block-inner td-fix-index\">\n<p><strong>Uma for\u00e7a-tarefa com policiais civis de Ribeir\u00e3o Preto e do Rio Grande do Sul realiza, na manh\u00e3 desta ter\u00e7a-feira (22), uma opera\u00e7\u00e3o contra uma quadrilha apontada por envolvimento em um golpe que promete o pagamento de precat\u00f3rios.<\/strong><\/p>\n<p>Segundo as informa\u00e7\u00f5es, <mark style=\"background-color:#fcb900\" class=\"has-inline-color has-black-color\">as v\u00edtimas podem chegar a 300 pessoas em todo o pa\u00eds. No Rio Grande do Sul os golpistas teriam lucrado mais de R$ 1 milh\u00e3o.<\/mark><\/p>\n<p><mark style=\"background-color:rgba(0, 0, 0, 0)\" class=\"has-inline-color has-black-color\">Est\u00e3o sendo cumpridos <strong>cinco mandados de pris\u00e3o tempor\u00e1ria e 22 de busca e apreens\u00e3o<\/strong> em <strong>Ribeir\u00e3o<\/strong>. Ao todo, <strong>18 pessoas<\/strong> s\u00e3o <strong>investigadas<\/strong>.<\/mark><\/p>\n<p>O <strong>precat\u00f3rio <\/strong>\u00e9 uma <strong>ordem <\/strong>de <strong>pagamento <\/strong>da <strong>Justi\u00e7a<\/strong>, quando o governo \u00e9 obrigado a quitar uma d\u00edvida com o cidad\u00e3o. <\/p>\n<p>Com a a\u00e7\u00e3o da quadrilha, o <strong>precat\u00f3rio <\/strong>era <strong>falso <\/strong>e a <strong>v\u00edtima <\/strong>que tentava resgatar os valores perdia dinheiro.<\/p>\n<blockquote class=\"instagram-media\" data-instgrm-permalink=\"https:\/\/www.instagram.com\/reel\/DBbMGtNifIy\/?utm_source=ig_embed&amp;utm_campaign=loading\" data-instgrm-version=\"14\" style=\" background:#FFF; border:0; border-radius:3px; box-shadow:0 0 1px 0 rgba(0,0,0,0.5),0 1px 10px 0 rgba(0,0,0,0.15); margin: 1px; max-width:540px; min-width:326px; padding:0; width:99.375%; width:-webkit-calc(100% - 2px); width:calc(100% - 2px);\"\/>\n<p>SAIBA MAIS<\/p>\n<p>Instabilidades trazem novas pancadas de chuva e risco de temporais ao interior de SP<\/p>\n<h4 class=\"wp-block-heading\"><strong>FIQUE ON<\/strong><\/h4>\n<p>Fique ligado em tudo que acontece em Ribeir\u00e3o Preto e regi\u00e3o. Siga os perfis do\u00a0<strong>acidade on\u00a0<\/strong>no\u00a0<a href=\"https:\/\/www.instagram.com\/acidadeonribeirao\" target=\"_blank\" rel=\"noreferrer noopener\">Instagram<\/a>\u00a0e no\u00a0<a href=\"https:\/\/www.facebook.com\/acidadeonribeirao\" target=\"_blank\" rel=\"noreferrer noopener\">Facebook<\/a>.<\/p>\n<p>Receba not\u00edcias do acidade on no WhatsApp. Para entrar no grupo, basta\u00a0<a href=\"https:\/\/chat.whatsapp.com\/Dtv9mxhy6V5BJBotM2OQ5k\" target=\"_blank\" rel=\"noreferrer noopener\">clicar aqui<\/a>.<\/p>\n<p>Fa\u00e7a uma den\u00fancia ou sugira uma reportagem sobre Ribeir\u00e3o Preto e regi\u00e3o pelo WhatsApp: 16 99117 7802.<\/p>\n<p>VEJA TAMB\u00c9M<\/p>\n<p>Qual cidade da Argentina sofreu um terremoto?<\/p>\n<p><!-- CONTENT END 3 -->\n<\/div>\n<\/div>\n<p><script async src=\"\/\/www.instagram.com\/embed.js\"><\/script><br \/>\n<br \/><br \/>\n<br \/><a href=\"https:\/\/www.acidadeon.com\/ribeiraopreto\/cotidiano\/forca-tarefa-mira-quadrilha-do-golpe-do-falso-precatorio-em-ribeirao-preto\/\">Source link <\/a><\/p>\n","protected":false},"excerpt":{"rendered":"<p>Uma for\u00e7a-tarefa com policiais civis de Ribeir\u00e3o Preto e do Rio Grande do Sul realiza, na manh\u00e3 desta ter\u00e7a-feira (22), uma opera\u00e7\u00e3o contra uma quadrilha&#8230;<\/p>\n","protected":false},"author":1,"featured_media":72520,"comment_status":"open","ping_status":"open","sticky":false,"template":"","format":"standard","meta":{"_uag_custom_page_level_css":"","advanced_seo_description":"","jetpack_seo_html_title":"","jetpack_seo_noindex":false,"jetpack_post_was_ever_published":false,"_jetpack_newsletter_access":"","_jetpack_dont_email_post_to_subs":false,"_jetpack_newsletter_tier_id":0,"_jetpack_memberships_contains_paywalled_content":false,"_jetpack_memberships_contains_paid_content":false,"footnotes":"","jetpack_publicize_message":"","jetpack_publicize_feature_enabled":true,"jetpack_social_post_already_shared":true,"jetpack_social_options":{"image_generator_settings":{"template":"highway","default_image_id":0,"font":"","enabled":false},"version":2}},"categories":[11],"tags":[],"class_list":["post-72519","post","type-post","status-publish","format-standard","has-post-thumbnail","hentry","category-noticias-de-ribeirao-preto-sp-e-regiao-ismael-colosi"],"jetpack_publicize_connections":[],"jetpack_featured_media_url":"https:\/\/i0.wp.com\/ismaelcolosi.com.br\/wp-content\/uploads\/2024\/10\/WhatsApp-Image-2024-10-22-at-08.03.55_2024-10-22_11-06-00_jpeg_2024-10-22_11-06-00.webp.webp?fit=1599%2C899&ssl=1","uagb_featured_image_src":{"full":["https:\/\/i0.wp.com\/ismaelcolosi.com.br\/wp-content\/uploads\/2024\/10\/WhatsApp-Image-2024-10-22-at-08.03.55_2024-10-22_11-06-00_jpeg_2024-10-22_11-06-00.webp.webp?fit=1599%2C899&ssl=1",1599,899,false],"thumbnail":["https:\/\/i0.wp.com\/ismaelcolosi.com.br\/wp-content\/uploads\/2024\/10\/WhatsApp-Image-2024-10-22-at-08.03.55_2024-10-22_11-06-00_jpeg_2024-10-22_11-06-00.webp.webp?resize=150%2C150&ssl=1",150,150,true],"medium":["https:\/\/i0.wp.com\/ismaelcolosi.com.br\/wp-content\/uploads\/2024\/10\/WhatsApp-Image-2024-10-22-at-08.03.55_2024-10-22_11-06-00_jpeg_2024-10-22_11-06-00.webp.webp?fit=300%2C169&ssl=1",300,169,true],"medium_large":["https:\/\/i0.wp.com\/ismaelcolosi.com.br\/wp-content\/uploads\/2024\/10\/WhatsApp-Image-2024-10-22-at-08.03.55_2024-10-22_11-06-00_jpeg_2024-10-22_11-06-00.webp.webp?fit=768%2C432&ssl=1",768,432,true],"large":["https:\/\/i0.wp.com\/ismaelcolosi.com.br\/wp-content\/uploads\/2024\/10\/WhatsApp-Image-2024-10-22-at-08.03.55_2024-10-22_11-06-00_jpeg_2024-10-22_11-06-00.webp.webp?fit=1024%2C576&ssl=1",1024,576,true],"1536x1536":["https:\/\/i0.wp.com\/ismaelcolosi.com.br\/wp-content\/uploads\/2024\/10\/WhatsApp-Image-2024-10-22-at-08.03.55_2024-10-22_11-06-00_jpeg_2024-10-22_11-06-00.webp.webp?fit=1536%2C864&ssl=1",1536,864,true],"2048x2048":["https:\/\/i0.wp.com\/ismaelcolosi.com.br\/wp-content\/uploads\/2024\/10\/WhatsApp-Image-2024-10-22-at-08.03.55_2024-10-22_11-06-00_jpeg_2024-10-22_11-06-00.webp.webp?fit=1599%2C899&ssl=1",1599,899,true],"really-simple-thumb":["https:\/\/i0.wp.com\/ismaelcolosi.com.br\/wp-content\/uploads\/2024\/10\/WhatsApp-Image-2024-10-22-at-08.03.55_2024-10-22_11-06-00_jpeg_2024-10-22_11-06-00.webp.webp?resize=370%2C247&ssl=1",370,247,true]},"uagb_author_info":{"display_name":"ismaelcolosi.com.br","author_link":"https:\/\/ismaelcolosi.com.br\/index.php\/author\/vidareal-online\/"},"uagb_comment_info":0,"uagb_excerpt":"Uma for\u00e7a-tarefa com policiais civis de Ribeir\u00e3o Preto e do Rio Grande do Sul realiza, na manh\u00e3 desta ter\u00e7a-feira (22), uma opera\u00e7\u00e3o contra uma quadrilha...","jetpack-related-posts":[{"id":72595,"url":"https:\/\/ismaelcolosi.com.br\/index.php\/2024\/10\/22\/o-que-se-sabe-sobre-quadrilha-do-golpe-do-falso-precatorio-em-ribeirao-preto\/","url_meta":{"origin":72519,"position":0},"title":"O que se sabe sobre quadrilha do golpe do falso precat\u00f3rio em Ribeir\u00e3o Preto","author":"ismaelcolosi.com.br","date":"22 de October de 2024","format":false,"excerpt":"O homem de 48 anos, apontado como l\u00edder de uma quadrilha que foi alvo de uma opera\u00e7\u00e3o da Pol\u00edcia Civil de Ribeir\u00e3o Preto e de Porto Alegre (RS), na manh\u00e3 desta ter\u00e7a-feira (22), zombava das v\u00edtimas ao cometer o crime. Durante coletiva de imprensa, o delegado Juliano Ferreira, da Pol\u00edcia\u2026","rel":"","context":"In &quot;Not\u00edcias de Ribeir\u00e3o Preto-SP e Regi\u00e3o&quot;","block_context":{"text":"Not\u00edcias de Ribeir\u00e3o Preto-SP e Regi\u00e3o","link":"https:\/\/ismaelcolosi.com.br\/index.php\/category\/noticias-de-ribeirao-preto-sp-e-regiao-ismael-colosi\/"},"img":{"alt_text":"","src":"https:\/\/i0.wp.com\/ismaelcolosi.com.br\/wp-content\/uploads\/2024\/10\/Copia-de-Copia-de-Copia-de-TAMANHO-EXATO-PARA-FOTOS-NO-SISTEMA-NOVO-2024-10-22T131243.492_2024-10-22_16-12-51_png_2024-10-22_16-12-52.webp.webp?fit=1200%2C675&ssl=1&resize=350%2C200","width":350,"height":200,"srcset":"https:\/\/i0.wp.com\/ismaelcolosi.com.br\/wp-content\/uploads\/2024\/10\/Copia-de-Copia-de-Copia-de-TAMANHO-EXATO-PARA-FOTOS-NO-SISTEMA-NOVO-2024-10-22T131243.492_2024-10-22_16-12-51_png_2024-10-22_16-12-52.webp.webp?fit=1200%2C675&ssl=1&resize=350%2C200 1x, https:\/\/i0.wp.com\/ismaelcolosi.com.br\/wp-content\/uploads\/2024\/10\/Copia-de-Copia-de-Copia-de-TAMANHO-EXATO-PARA-FOTOS-NO-SISTEMA-NOVO-2024-10-22T131243.492_2024-10-22_16-12-51_png_2024-10-22_16-12-52.webp.webp?fit=1200%2C675&ssl=1&resize=525%2C300 1.5x, https:\/\/i0.wp.com\/ismaelcolosi.com.br\/wp-content\/uploads\/2024\/10\/Copia-de-Copia-de-Copia-de-TAMANHO-EXATO-PARA-FOTOS-NO-SISTEMA-NOVO-2024-10-22T131243.492_2024-10-22_16-12-51_png_2024-10-22_16-12-52.webp.webp?fit=1200%2C675&ssl=1&resize=700%2C400 2x, https:\/\/i0.wp.com\/ismaelcolosi.com.br\/wp-content\/uploads\/2024\/10\/Copia-de-Copia-de-Copia-de-TAMANHO-EXATO-PARA-FOTOS-NO-SISTEMA-NOVO-2024-10-22T131243.492_2024-10-22_16-12-51_png_2024-10-22_16-12-52.webp.webp?fit=1200%2C675&ssl=1&resize=1050%2C600 3x"},"classes":[]},{"id":72585,"url":"https:\/\/ismaelcolosi.com.br\/index.php\/2024\/10\/22\/alessandra-maestrini-le-cronicas-de-rubem-alves-no-sesc-ribeirao\/","url_meta":{"origin":72519,"position":1},"title":"Alessandra Maestrini l\u00ea cr\u00f4nicas de Rubem Alves no Sesc Ribeir\u00e3o","author":"ismaelcolosi.com.br","date":"22 de October de 2024","format":false,"excerpt":"A atriz Alessandra Maestrini participa do projeto O verbo em cena, no Sesc Ribeir\u00e3o Preto, na quarta-feira (30), \u00e0s 20h. No evento, ela ir\u00e1 ler as cr\u00f4nicas de Rubem Alves. O projeto conta com uma s\u00e9rie de leituras de textos da dramaturgia brasileira feitas por interpretes renomados, seguidas de debate\u2026","rel":"","context":"In &quot;Not\u00edcias de Ribeir\u00e3o Preto-SP e Regi\u00e3o&quot;","block_context":{"text":"Not\u00edcias de Ribeir\u00e3o Preto-SP e Regi\u00e3o","link":"https:\/\/ismaelcolosi.com.br\/index.php\/category\/noticias-de-ribeirao-preto-sp-e-regiao-ismael-colosi\/"},"img":{"alt_text":"","src":"https:\/\/i0.wp.com\/ismaelcolosi.com.br\/wp-content\/uploads\/2024\/10\/Copia-de-Copia-de-Copia-de-TAMANHO-EXATO-PARA-FOTOS-NO-SISTEMA-NOVO-17_2024-10-22_12-56-22_jpg_2024-10-22_12-56-22.webp.webp?fit=1200%2C675&ssl=1&resize=350%2C200","width":350,"height":200,"srcset":"https:\/\/i0.wp.com\/ismaelcolosi.com.br\/wp-content\/uploads\/2024\/10\/Copia-de-Copia-de-Copia-de-TAMANHO-EXATO-PARA-FOTOS-NO-SISTEMA-NOVO-17_2024-10-22_12-56-22_jpg_2024-10-22_12-56-22.webp.webp?fit=1200%2C675&ssl=1&resize=350%2C200 1x, https:\/\/i0.wp.com\/ismaelcolosi.com.br\/wp-content\/uploads\/2024\/10\/Copia-de-Copia-de-Copia-de-TAMANHO-EXATO-PARA-FOTOS-NO-SISTEMA-NOVO-17_2024-10-22_12-56-22_jpg_2024-10-22_12-56-22.webp.webp?fit=1200%2C675&ssl=1&resize=525%2C300 1.5x, https:\/\/i0.wp.com\/ismaelcolosi.com.br\/wp-content\/uploads\/2024\/10\/Copia-de-Copia-de-Copia-de-TAMANHO-EXATO-PARA-FOTOS-NO-SISTEMA-NOVO-17_2024-10-22_12-56-22_jpg_2024-10-22_12-56-22.webp.webp?fit=1200%2C675&ssl=1&resize=700%2C400 2x, https:\/\/i0.wp.com\/ismaelcolosi.com.br\/wp-content\/uploads\/2024\/10\/Copia-de-Copia-de-Copia-de-TAMANHO-EXATO-PARA-FOTOS-NO-SISTEMA-NOVO-17_2024-10-22_12-56-22_jpg_2024-10-22_12-56-22.webp.webp?fit=1200%2C675&ssl=1&resize=1050%2C600 3x"},"classes":[]},{"id":76810,"url":"https:\/\/ismaelcolosi.com.br\/index.php\/2024\/11\/18\/policia-realiza-operacao-contra-grupo-que-praticava-fraudes-pela-internet\/","url_meta":{"origin":72519,"position":2},"title":"Pol\u00edcia realiza opera\u00e7\u00e3o contra grupo que praticava fraudes pela internet","author":"ismaelcolosi.com.br","date":"18 de November de 2024","format":false,"excerpt":"Por: Adalberto Luque A Pol\u00edcia Civil realiza, na manh\u00e3 desta segunda-feira (18), a Opera\u00e7\u00e3o Engodo. O objetivo \u00e9 desmantelar uma quadrilha especializada em fraudes pela internet, que mant\u00e9m uma grande rede de opera\u00e7\u00e3o ativa em Ribeir\u00e3o Preto e regi\u00e3o. Segundo o delegado Gustavo Andr\u00e9 Alves, do Setor de Intelig\u00eancia da\u2026","rel":"","context":"In &quot;Not\u00edcias de Ribeir\u00e3o Preto-SP e Regi\u00e3o&quot;","block_context":{"text":"Not\u00edcias de Ribeir\u00e3o Preto-SP e Regi\u00e3o","link":"https:\/\/ismaelcolosi.com.br\/index.php\/category\/noticias-de-ribeirao-preto-sp-e-regiao-ismael-colosi\/"},"img":{"alt_text":"","src":"https:\/\/i0.wp.com\/ismaelcolosi.com.br\/wp-content\/uploads\/2024\/11\/18nov2024-operacaoengodo.jpg?fit=747%2C419&ssl=1&resize=350%2C200","width":350,"height":200,"srcset":"https:\/\/i0.wp.com\/ismaelcolosi.com.br\/wp-content\/uploads\/2024\/11\/18nov2024-operacaoengodo.jpg?fit=747%2C419&ssl=1&resize=350%2C200 1x, https:\/\/i0.wp.com\/ismaelcolosi.com.br\/wp-content\/uploads\/2024\/11\/18nov2024-operacaoengodo.jpg?fit=747%2C419&ssl=1&resize=525%2C300 1.5x, https:\/\/i0.wp.com\/ismaelcolosi.com.br\/wp-content\/uploads\/2024\/11\/18nov2024-operacaoengodo.jpg?fit=747%2C419&ssl=1&resize=700%2C400 2x"},"classes":[]},{"id":73089,"url":"https:\/\/ismaelcolosi.com.br\/index.php\/2024\/10\/24\/biblioteca-de-ribeirao-preto-recebe-daniela-arbex-no-fim-de-semana\/","url_meta":{"origin":72519,"position":3},"title":"Biblioteca de Ribeir\u00e3o Preto recebe Daniela Arbex no fim de semana","author":"ismaelcolosi.com.br","date":"24 de October de 2024","format":false,"excerpt":"A Mostra Liter\u00e1ria: escrita, cinema e gastronomia, da Biblioteca Sinh\u00e1 Junqueira, em Ribeir\u00e3o Preto, recebe neste s\u00e1bado (26), \u00e0s 16h, a jornalista Daniela Arbex, para um bate-papo sobre seus livros e document\u00e1rios. A entrada \u00e9 gratuita. Daniela \u00e9 autora do livro que inspirou o document\u00e1rio Holocausto Brasileiro, que tamb\u00e9m ser\u00e1\u2026","rel":"","context":"In &quot;Not\u00edcias de Ribeir\u00e3o Preto-SP e Regi\u00e3o&quot;","block_context":{"text":"Not\u00edcias de Ribeir\u00e3o Preto-SP e Regi\u00e3o","link":"https:\/\/ismaelcolosi.com.br\/index.php\/category\/noticias-de-ribeirao-preto-sp-e-regiao-ismael-colosi\/"},"img":{"alt_text":"","src":"https:\/\/i0.wp.com\/ismaelcolosi.com.br\/wp-content\/uploads\/2024\/10\/Daniela-Arbex_2024-10-22_16-30-24.webp.webp?fit=1200%2C675&ssl=1&resize=350%2C200","width":350,"height":200,"srcset":"https:\/\/i0.wp.com\/ismaelcolosi.com.br\/wp-content\/uploads\/2024\/10\/Daniela-Arbex_2024-10-22_16-30-24.webp.webp?fit=1200%2C675&ssl=1&resize=350%2C200 1x, https:\/\/i0.wp.com\/ismaelcolosi.com.br\/wp-content\/uploads\/2024\/10\/Daniela-Arbex_2024-10-22_16-30-24.webp.webp?fit=1200%2C675&ssl=1&resize=525%2C300 1.5x, https:\/\/i0.wp.com\/ismaelcolosi.com.br\/wp-content\/uploads\/2024\/10\/Daniela-Arbex_2024-10-22_16-30-24.webp.webp?fit=1200%2C675&ssl=1&resize=700%2C400 2x, https:\/\/i0.wp.com\/ismaelcolosi.com.br\/wp-content\/uploads\/2024\/10\/Daniela-Arbex_2024-10-22_16-30-24.webp.webp?fit=1200%2C675&ssl=1&resize=1050%2C600 3x"},"classes":[]},{"id":59074,"url":"https:\/\/ismaelcolosi.com.br\/index.php\/2024\/08\/05\/policia-civil-de-ribeirao-investiga-quadrilha-suspeita-de-movimentar-r-1-milhao-em-golpes\/","url_meta":{"origin":72519,"position":4},"title":"Pol\u00edcia Civil de Ribeir\u00e3o investiga quadrilha suspeita de movimentar R$ 1 milh\u00e3o em golpes","author":"ismaelcolosi.com.br","date":"5 de August de 2024","format":false,"excerpt":"A Pol\u00edcia Civil de Ribeir\u00e3o Preto investiga uma quadrilha suspeita de aplicar golpes em ag\u00eancias banc\u00e1rias na regi\u00e3o de Ribeir\u00e3o Preto. Neste domingo (4), um influenciador foi preso em S\u00e3o Paulo pela suspeita de envolvimento nos crimes. De acordo com o delegado Rodolfo Latif Sebba, o grupo do qual Igor\u2026","rel":"","context":"In &quot;Not\u00edcias de Ribeir\u00e3o Preto-SP e Regi\u00e3o&quot;","block_context":{"text":"Not\u00edcias de Ribeir\u00e3o Preto-SP e Regi\u00e3o","link":"https:\/\/ismaelcolosi.com.br\/index.php\/category\/noticias-de-ribeirao-preto-sp-e-regiao-ismael-colosi\/"},"img":{"alt_text":"","src":"https:\/\/i0.wp.com\/ismaelcolosi.com.br\/wp-content\/uploads\/2024\/08\/WhatsApp-Image-2024-08-05-at-21.04.28_2024-08-06_00-08-56_jpeg_2024-08-06_00-08-56.webp.webp?fit=984%2C602&ssl=1&resize=350%2C200","width":350,"height":200,"srcset":"https:\/\/i0.wp.com\/ismaelcolosi.com.br\/wp-content\/uploads\/2024\/08\/WhatsApp-Image-2024-08-05-at-21.04.28_2024-08-06_00-08-56_jpeg_2024-08-06_00-08-56.webp.webp?fit=984%2C602&ssl=1&resize=350%2C200 1x, https:\/\/i0.wp.com\/ismaelcolosi.com.br\/wp-content\/uploads\/2024\/08\/WhatsApp-Image-2024-08-05-at-21.04.28_2024-08-06_00-08-56_jpeg_2024-08-06_00-08-56.webp.webp?fit=984%2C602&ssl=1&resize=525%2C300 1.5x, https:\/\/i0.wp.com\/ismaelcolosi.com.br\/wp-content\/uploads\/2024\/08\/WhatsApp-Image-2024-08-05-at-21.04.28_2024-08-06_00-08-56_jpeg_2024-08-06_00-08-56.webp.webp?fit=984%2C602&ssl=1&resize=700%2C400 2x"},"classes":[]},{"id":59154,"url":"https:\/\/ismaelcolosi.com.br\/index.php\/2024\/08\/06\/quem-e-o-influenciador-preso-suspeito-de-aplicar-golpes-na-regiao-de-ribeirao-preto\/","url_meta":{"origin":72519,"position":5},"title":"Quem \u00e9 o influenciador preso suspeito de aplicar golpes na regi\u00e3o de Ribeir\u00e3o Preto?","author":"ismaelcolosi.com.br","date":"6 de August de 2024","format":false,"excerpt":"O influenciador Igor Fernando Pal\u00e1cio foi preso neste domingo (4), em S\u00e3o Paulo, pela suspeita de fazer parte de uma quadrilha que aplicava golpes banc\u00e1rios na regi\u00e3o de Ribeir\u00e3o Preto. Nas redes sociais, o homem que possui mais de 200 mil seguidores, exibia uma vida de luxo com viagens internacionais,\u2026","rel":"","context":"In &quot;Not\u00edcias de Ribeir\u00e3o Preto-SP e Regi\u00e3o&quot;","block_context":{"text":"Not\u00edcias de Ribeir\u00e3o Preto-SP e Regi\u00e3o","link":"https:\/\/ismaelcolosi.com.br\/index.php\/category\/noticias-de-ribeirao-preto-sp-e-regiao-ismael-colosi\/"},"img":{"alt_text":"","src":"https:\/\/i0.wp.com\/ismaelcolosi.com.br\/wp-content\/uploads\/2024\/08\/Copia-de-Copia-de-TAMANHO-EXATO-PARA-FOTOS-NO-SISTEMA-NOVO-2024-08-06T132713.374_2024-08-06_16-27-59_png_2024-08-06_16-27-59.webp.webp?fit=1200%2C675&ssl=1&resize=350%2C200","width":350,"height":200,"srcset":"https:\/\/i0.wp.com\/ismaelcolosi.com.br\/wp-content\/uploads\/2024\/08\/Copia-de-Copia-de-TAMANHO-EXATO-PARA-FOTOS-NO-SISTEMA-NOVO-2024-08-06T132713.374_2024-08-06_16-27-59_png_2024-08-06_16-27-59.webp.webp?fit=1200%2C675&ssl=1&resize=350%2C200 1x, https:\/\/i0.wp.com\/ismaelcolosi.com.br\/wp-content\/uploads\/2024\/08\/Copia-de-Copia-de-TAMANHO-EXATO-PARA-FOTOS-NO-SISTEMA-NOVO-2024-08-06T132713.374_2024-08-06_16-27-59_png_2024-08-06_16-27-59.webp.webp?fit=1200%2C675&ssl=1&resize=525%2C300 1.5x, https:\/\/i0.wp.com\/ismaelcolosi.com.br\/wp-content\/uploads\/2024\/08\/Copia-de-Copia-de-TAMANHO-EXATO-PARA-FOTOS-NO-SISTEMA-NOVO-2024-08-06T132713.374_2024-08-06_16-27-59_png_2024-08-06_16-27-59.webp.webp?fit=1200%2C675&ssl=1&resize=700%2C400 2x, https:\/\/i0.wp.com\/ismaelcolosi.com.br\/wp-content\/uploads\/2024\/08\/Copia-de-Copia-de-TAMANHO-EXATO-PARA-FOTOS-NO-SISTEMA-NOVO-2024-08-06T132713.374_2024-08-06_16-27-59_png_2024-08-06_16-27-59.webp.webp?fit=1200%2C675&ssl=1&resize=1050%2C600 3x"},"classes":[]}],"jetpack_sharing_enabled":true,"jetpack_shortlink":"https:\/\/wp.me\/pfMlyK-iRF","_links":{"self":[{"href":"https:\/\/ismaelcolosi.com.br\/index.php\/wp-json\/wp\/v2\/posts\/72519","targetHints":{"allow":["GET"]}}],"collection":[{"href":"https:\/\/ismaelcolosi.com.br\/index.php\/wp-json\/wp\/v2\/posts"}],"about":[{"href":"https:\/\/ismaelcolosi.com.br\/index.php\/wp-json\/wp\/v2\/types\/post"}],"author":[{"embeddable":true,"href":"https:\/\/ismaelcolosi.com.br\/index.php\/wp-json\/wp\/v2\/users\/1"}],"replies":[{"embeddable":true,"href":"https:\/\/ismaelcolosi.com.br\/index.php\/wp-json\/wp\/v2\/comments?post=72519"}],"version-history":[{"count":0,"href":"https:\/\/ismaelcolosi.com.br\/index.php\/wp-json\/wp\/v2\/posts\/72519\/revisions"}],"wp:featuredmedia":[{"embeddable":true,"href":"https:\/\/ismaelcolosi.com.br\/index.php\/wp-json\/wp\/v2\/media\/72520"}],"wp:attachment":[{"href":"https:\/\/ismaelcolosi.com.br\/index.php\/wp-json\/wp\/v2\/media?parent=72519"}],"wp:term":[{"taxonomy":"category","embeddable":true,"href":"https:\/\/ismaelcolosi.com.br\/index.php\/wp-json\/wp\/v2\/categories?post=72519"},{"taxonomy":"post_tag","embeddable":true,"href":"https:\/\/ismaelcolosi.com.br\/index.php\/wp-json\/wp\/v2\/tags?post=72519"}],"curies":[{"name":"wp","href":"https:\/\/api.w.org\/{rel}","templated":true}]}}