{"id":7232,"date":"2023-11-27T19:54:02","date_gmt":"2023-11-27T22:54:02","guid":{"rendered":"https:\/\/ismaelcolosi.com.br\/index.php\/2023\/11\/27\/ana-hickmann-sofre-duro-golpe-por-causa-de-divida-milionaria\/"},"modified":"2023-11-27T19:54:02","modified_gmt":"2023-11-27T22:54:02","slug":"ana-hickmann-sofre-duro-golpe-por-causa-de-divida-milionaria","status":"publish","type":"post","link":"https:\/\/ismaelcolosi.com.br\/index.php\/2023\/11\/27\/ana-hickmann-sofre-duro-golpe-por-causa-de-divida-milionaria\/","title":{"rendered":"Ana Hickmann sofre duro golpe por causa de d\u00edvida milion\u00e1ria"},"content":{"rendered":"<p> [ad_1]<br \/>\n<\/p>\n<div itemprop=\"text\">\n<p>Em meio a uma reviravolta legal surpreendente, a deslumbrante mans\u00e3o de Ana Hickmann, localizada em Itu, S\u00e3o Paulo, est\u00e1 no epicentro de um impasse financeiro que prende a aten\u00e7\u00e3o do p\u00fablico.<\/p>\n<p>O im\u00f3vel, inicialmente concebido como uma casa de f\u00e9rias, transformou-se na morada principal da renomada apresentadora. No entanto, um recente bloqueio judicial p\u00f4s em xeque o futuro da propriedade.<\/p>\n<p>A Justi\u00e7a emitiu um bloqueio sobre a mans\u00e3o ap\u00f3s uma peti\u00e7\u00e3o apresentada nesta segunda, dia 27 de novembro.<\/p>\n<p>O motivo? D\u00edvidas acumuladas junto a uma institui\u00e7\u00e3o financeira, totalizando uma quantia superior a R$ 1 milh\u00e3o. Essa decis\u00e3o impede a venda do im\u00f3vel, direcionando qualquer valor arrecadado para quitar os d\u00e9bitos pendentes.<\/p>\n<p>Com uma \u00e1rea esplendorosa de 2600 m\u00b2 situada em um terreno de 6 mil m\u00b2, a resid\u00eancia ostenta uma arquitetura imponente distribu\u00edda em tr\u00eas andares.<\/p>\n<p>O ambiente interno \u00e9 um reflexo do requinte e do gosto refinado de Ana Hickmann, contando com oito su\u00edtes, um escrit\u00f3rio que exibe suas mem\u00f3rias de viagens e conquistas profissionais, uma cozinha ampla com balc\u00e3o, al\u00e9m de uma \u00e1rea destinada \u00e0 divers\u00e3o do filho da apresentadora, Alezinho, com sua pr\u00f3pria brinquedoteca.<\/p>\n<p>N\u00e3o se limitando apenas \u00e0 comodidade, a mans\u00e3o oferece um complexo de lazer privativo, incluindo uma academia e uma boate exclusiva para o entretenimento da fam\u00edlia.<\/p>\n<p>Enquanto os detalhes financeiros se desenrolam nos bastidores, o futuro da propriedade permanece incerto. Com a impossibilidade de venda, a resolu\u00e7\u00e3o dessa situa\u00e7\u00e3o delicada envolve um jogo estrat\u00e9gico entre a apresentadora e suas responsabilidades financeiras, deixando o destino da deslumbrante mans\u00e3o suspenso no ar.<\/p>\n<\/div>\n<p>[ad_2]<br \/>\n<br \/><a href=\"https:\/\/fnmais.com\/ana-hickmann-sofre-duro-golpe-por-causa-divida-milionaria\/\" target=\"_blank\" rel=\"noopener\">Source link <\/a><\/p>\n<div class='code-block code-block-4' style='margin: 8px auto 8px 0; text-align: left; display: block; clear: both;'>\n\ud83d\udce2 Aviso Legal\n\nO site ismaelcolosi.com.br atua apenas como um canal de divulga\u00e7\u00e3o de oportunidades de emprego e n\u00e3o se responsabiliza pelo processo seletivo, contrata\u00e7\u00e3o ou qualquer outra etapa relacionada \u00e0s vagas publicadas. Todas as informa\u00e7\u00f5es s\u00e3o de responsabilidade dos anunciantes.\n\n\u26a0\ufe0f Aten\u00e7\u00e3o! Nunca pague por promessas de emprego nem compre cursos que garantam contrata\u00e7\u00e3o. Desconfie de qualquer cobran\u00e7a para participar de sele\u00e7\u00f5es.\n\n\n\n<\/div>\n<!-- CONTENT END 1 -->\n","protected":false},"excerpt":{"rendered":"<p>[ad_1] Em meio a uma reviravolta legal surpreendente, a deslumbrante mans\u00e3o de Ana Hickmann, localizada em Itu, S\u00e3o Paulo, est\u00e1 no epicentro de um impasse financeiro que prende a aten\u00e7\u00e3o do p\u00fablico. O im\u00f3vel, inicialmente concebido como uma casa de f\u00e9rias, transformou-se na morada principal da renomada apresentadora. No entanto, um recente bloqueio judicial p\u00f4s&hellip;&nbsp;<\/p>\n","protected":false},"author":1,"featured_media":7233,"comment_status":"open","ping_status":"open","sticky":false,"template":"","format":"standard","meta":{"_uag_custom_page_level_css":"","neve_meta_sidebar":"","neve_meta_container":"","neve_meta_enable_content_width":"","neve_meta_content_width":0,"neve_meta_title_alignment":"","neve_meta_author_avatar":"","neve_post_elements_order":"","neve_meta_disable_header":"","neve_meta_disable_footer":"","neve_meta_disable_title":"","_jetpack_newsletter_access":"","_jetpack_dont_email_post_to_subs":false,"_jetpack_newsletter_tier_id":0,"_jetpack_memberships_contains_paywalled_content":false,"_jetpack_memberships_contains_paid_content":false,"footnotes":""},"categories":[1],"tags":[],"class_list":["post-7232","post","type-post","status-publish","format-standard","has-post-thumbnail","hentry","category-blog"],"uagb_featured_image_src":{"full":["https:\/\/i0.wp.com\/ismaelcolosi.com.br\/wp-content\/uploads\/2023\/11\/postimg-65650b7405f3c3989.jpg?fit=1200%2C628&ssl=1",1200,628,false],"thumbnail":["https:\/\/i0.wp.com\/ismaelcolosi.com.br\/wp-content\/uploads\/2023\/11\/postimg-65650b7405f3c3989.jpg?resize=150%2C150&ssl=1",150,150,true],"medium":["https:\/\/i0.wp.com\/ismaelcolosi.com.br\/wp-content\/uploads\/2023\/11\/postimg-65650b7405f3c3989.jpg?fit=300%2C157&ssl=1",300,157,true],"medium_large":["https:\/\/i0.wp.com\/ismaelcolosi.com.br\/wp-content\/uploads\/2023\/11\/postimg-65650b7405f3c3989.jpg?fit=768%2C402&ssl=1",768,402,true],"large":["https:\/\/i0.wp.com\/ismaelcolosi.com.br\/wp-content\/uploads\/2023\/11\/postimg-65650b7405f3c3989.jpg?fit=1024%2C536&ssl=1",1024,536,true],"1536x1536":["https:\/\/i0.wp.com\/ismaelcolosi.com.br\/wp-content\/uploads\/2023\/11\/postimg-65650b7405f3c3989.jpg?fit=1200%2C628&ssl=1",1200,628,true],"2048x2048":["https:\/\/i0.wp.com\/ismaelcolosi.com.br\/wp-content\/uploads\/2023\/11\/postimg-65650b7405f3c3989.jpg?fit=1200%2C628&ssl=1",1200,628,true],"neve-blog":["https:\/\/i0.wp.com\/ismaelcolosi.com.br\/wp-content\/uploads\/2023\/11\/postimg-65650b7405f3c3989.jpg?resize=930%2C620&ssl=1",930,620,true]},"uagb_author_info":{"display_name":"ismaelcolosi.com.br","author_link":"https:\/\/ismaelcolosi.com.br\/author\/vidareal-online\/"},"uagb_comment_info":0,"uagb_excerpt":"[ad_1] Em meio a uma reviravolta legal surpreendente, a deslumbrante mans\u00e3o de Ana Hickmann, localizada em Itu, S\u00e3o Paulo, est\u00e1 no epicentro de um impasse financeiro que prende a aten\u00e7\u00e3o do p\u00fablico. O im\u00f3vel, inicialmente concebido como uma casa de f\u00e9rias, transformou-se na morada principal da renomada apresentadora. No entanto, um recente bloqueio judicial p\u00f4s&hellip;&nbsp;","jetpack-related-posts":[{"id":29808,"url":"https:\/\/ismaelcolosi.com.br\/index.php\/2024\/01\/19\/ana-hickmann-divulga-video-e-expoe-o-susto-que-passou-ao-chegar-em-sua-mansao-cheguei-e-vi-tudo-derrubado\/","url_meta":{"origin":7232,"position":0},"title":"Ana Hickmann divulga v\u00eddeo e exp\u00f5e o susto que passou ao chegar em sua mans\u00e3o: \u2018Cheguei e vi tudo derrubado\u2019","author":"ismaelcolosi.com.br","date":"19 de Janeiro de 2024","format":false,"excerpt":"[ad_1] Ana Hickmann acabou expondo com o que se deparou ao chegar em sua mans\u00e3o em um novo v\u00eddeo divulgado recentemente. The post Ana Hickmann divulga v\u00eddeo e exp\u00f5e o susto que passou ao chegar em sua mans\u00e3o: \u2018Cheguei e vi tudo derrubado\u2019 appeared first on FN+. [ad_2] Source link","rel":"","context":"In &quot;Blog&quot;","block_context":{"text":"Blog","link":"https:\/\/ismaelcolosi.com.br\/index.php\/category\/blog\/"},"img":{"alt_text":"","src":"https:\/\/i0.wp.com\/ismaelcolosi.com.br\/wp-content\/uploads\/2024\/01\/postimg-65aa8ff3809b45224.jpg?fit=1200%2C628&ssl=1&resize=350%2C200","width":350,"height":200,"srcset":"https:\/\/i0.wp.com\/ismaelcolosi.com.br\/wp-content\/uploads\/2024\/01\/postimg-65aa8ff3809b45224.jpg?fit=1200%2C628&ssl=1&resize=350%2C200 1x, https:\/\/i0.wp.com\/ismaelcolosi.com.br\/wp-content\/uploads\/2024\/01\/postimg-65aa8ff3809b45224.jpg?fit=1200%2C628&ssl=1&resize=525%2C300 1.5x, https:\/\/i0.wp.com\/ismaelcolosi.com.br\/wp-content\/uploads\/2024\/01\/postimg-65aa8ff3809b45224.jpg?fit=1200%2C628&ssl=1&resize=700%2C400 2x, https:\/\/i0.wp.com\/ismaelcolosi.com.br\/wp-content\/uploads\/2024\/01\/postimg-65aa8ff3809b45224.jpg?fit=1200%2C628&ssl=1&resize=1050%2C600 3x"},"classes":[]},{"id":6991,"url":"https:\/\/ismaelcolosi.com.br\/index.php\/2023\/11\/27\/laudo-medico-expoe-e-detalha-lesao-que-ana-hickmann-sofreu-apos-agressoes\/","url_meta":{"origin":7232,"position":1},"title":"Laudo m\u00e9dico exp\u00f5e e detalha les\u00e3o que Ana Hickmann sofreu ap\u00f3s agress\u00f5es","author":"ismaelcolosi.com.br","date":"27 de Novembro de 2023","format":false,"excerpt":"[ad_1] Um laudo foi realizado no corpo da apresentadora Ana Hickmann ap\u00f3s a famosa ter sofrido com agress\u00f5es por parte de seu marido, Alexandre Correa. O casal estava junto desde que a famosa tinha apenas 16 anos e a not\u00edcia pegou a muitos de surpresa.O exame de corpo de delito\u2026","rel":"","context":"In &quot;Blog&quot;","block_context":{"text":"Blog","link":"https:\/\/ismaelcolosi.com.br\/index.php\/category\/blog\/"},"img":{"alt_text":"","src":"https:\/\/i0.wp.com\/ismaelcolosi.com.br\/wp-content\/uploads\/2023\/11\/postimg-6564adecb2eb18481.jpg?fit=1200%2C628&ssl=1&resize=350%2C200","width":350,"height":200,"srcset":"https:\/\/i0.wp.com\/ismaelcolosi.com.br\/wp-content\/uploads\/2023\/11\/postimg-6564adecb2eb18481.jpg?fit=1200%2C628&ssl=1&resize=350%2C200 1x, https:\/\/i0.wp.com\/ismaelcolosi.com.br\/wp-content\/uploads\/2023\/11\/postimg-6564adecb2eb18481.jpg?fit=1200%2C628&ssl=1&resize=525%2C300 1.5x, https:\/\/i0.wp.com\/ismaelcolosi.com.br\/wp-content\/uploads\/2023\/11\/postimg-6564adecb2eb18481.jpg?fit=1200%2C628&ssl=1&resize=700%2C400 2x, https:\/\/i0.wp.com\/ismaelcolosi.com.br\/wp-content\/uploads\/2023\/11\/postimg-6564adecb2eb18481.jpg?fit=1200%2C628&ssl=1&resize=1050%2C600 3x"},"classes":[]},{"id":7070,"url":"https:\/\/ismaelcolosi.com.br\/index.php\/2023\/11\/27\/alexandre-correa-alega-que-ana-hickmann-teria-feito-o-filho-chorar-compulsivamente-no-dia-da-briga\/","url_meta":{"origin":7232,"position":2},"title":"Alexandre Correa alega que Ana Hickmann teria feito o filho chorar compulsivamente no dia da briga","author":"ismaelcolosi.com.br","date":"27 de Novembro de 2023","format":false,"excerpt":"[ad_1] O empres\u00e1rio Alexandre Correa, acusado de agredir a pr\u00f3pria esposa, Ana Hickmann, conversou com canais de comunica\u00e7\u00e3o ap\u00f3s ter se deparado com a entrevista que a esposa concedeu para canais de comunica\u00e7\u00e3o, detalhando o que teria acontecido no dia em que foi agredida dentro de sua mans\u00e3o.Agora, o casal,\u2026","rel":"","context":"In &quot;Blog&quot;","block_context":{"text":"Blog","link":"https:\/\/ismaelcolosi.com.br\/index.php\/category\/blog\/"},"img":{"alt_text":"","src":"https:\/\/i0.wp.com\/ismaelcolosi.com.br\/wp-content\/uploads\/2023\/11\/postimg-6564cfe108f3a7181.jpg?fit=1200%2C628&ssl=1&resize=350%2C200","width":350,"height":200,"srcset":"https:\/\/i0.wp.com\/ismaelcolosi.com.br\/wp-content\/uploads\/2023\/11\/postimg-6564cfe108f3a7181.jpg?fit=1200%2C628&ssl=1&resize=350%2C200 1x, https:\/\/i0.wp.com\/ismaelcolosi.com.br\/wp-content\/uploads\/2023\/11\/postimg-6564cfe108f3a7181.jpg?fit=1200%2C628&ssl=1&resize=525%2C300 1.5x, https:\/\/i0.wp.com\/ismaelcolosi.com.br\/wp-content\/uploads\/2023\/11\/postimg-6564cfe108f3a7181.jpg?fit=1200%2C628&ssl=1&resize=700%2C400 2x, https:\/\/i0.wp.com\/ismaelcolosi.com.br\/wp-content\/uploads\/2023\/11\/postimg-6564cfe108f3a7181.jpg?fit=1200%2C628&ssl=1&resize=1050%2C600 3x"},"classes":[]},{"id":14125,"url":"https:\/\/ismaelcolosi.com.br\/index.php\/2023\/12\/11\/ana-hickmann-descobre-que-marido-se-uniu-a-duas-mulheres-para-dar-golpe-detalhes-sao-expostos\/","url_meta":{"origin":7232,"position":3},"title":"Ana Hickmann descobre que marido se uniu a duas mulheres para dar golpe; detalhes s\u00e3o expostos","author":"ismaelcolosi.com.br","date":"11 de Dezembro de 2023","format":false,"excerpt":"[ad_1] A apresentadora Ana Hickmann deu novas declara\u00e7\u00f5es bomb\u00e1sticas envolvendo o marido, o empres\u00e1rio Alexandre Correa. De acordo com as informa\u00e7\u00f5es divulgadas pela famosa, o pai de seu filho teria se unido a outras pessoas para lhe dar um grande golpe financeiro.Alexandre, de acordo com o documento protocolado pelos advogados\u2026","rel":"","context":"In &quot;Blog&quot;","block_context":{"text":"Blog","link":"https:\/\/ismaelcolosi.com.br\/index.php\/category\/blog\/"},"img":{"alt_text":"","src":"https:\/\/i0.wp.com\/ismaelcolosi.com.br\/wp-content\/uploads\/2023\/12\/postimg-6577791e3bc225734.jpg?fit=1200%2C628&ssl=1&resize=350%2C200","width":350,"height":200,"srcset":"https:\/\/i0.wp.com\/ismaelcolosi.com.br\/wp-content\/uploads\/2023\/12\/postimg-6577791e3bc225734.jpg?fit=1200%2C628&ssl=1&resize=350%2C200 1x, https:\/\/i0.wp.com\/ismaelcolosi.com.br\/wp-content\/uploads\/2023\/12\/postimg-6577791e3bc225734.jpg?fit=1200%2C628&ssl=1&resize=525%2C300 1.5x, https:\/\/i0.wp.com\/ismaelcolosi.com.br\/wp-content\/uploads\/2023\/12\/postimg-6577791e3bc225734.jpg?fit=1200%2C628&ssl=1&resize=700%2C400 2x, https:\/\/i0.wp.com\/ismaelcolosi.com.br\/wp-content\/uploads\/2023\/12\/postimg-6577791e3bc225734.jpg?fit=1200%2C628&ssl=1&resize=1050%2C600 3x"},"classes":[]},{"id":5095,"url":"https:\/\/ismaelcolosi.com.br\/index.php\/2023\/11\/22\/segundo-jornalista-carros-de-ana-hickmann-e-marido-sao-bloqueados-por-divida\/","url_meta":{"origin":7232,"position":4},"title":"Segundo jornalista, carros de Ana Hickmann e marido s\u00e3o bloqueados por d\u00edvida","author":"ismaelcolosi.com.br","date":"22 de Novembro de 2023","format":false,"excerpt":"[ad_1] A apresentadora Ana Hickmann tem vivido no m\u00ednimo um furac\u00e3o de coisas tendo a vida exposta de maneira repentina ap\u00f3s sua briga com o marido Alexandre Correa virar caso policial.Acontece que os problemas da famosa n\u00e3o est\u00e1 somente no relacionamento com pai de seu filho. A empresa que ela\u2026","rel":"","context":"In &quot;Blog&quot;","block_context":{"text":"Blog","link":"https:\/\/ismaelcolosi.com.br\/index.php\/category\/blog\/"},"img":{"alt_text":"","src":"https:\/\/i0.wp.com\/ismaelcolosi.com.br\/wp-content\/uploads\/2023\/11\/postimg-655ea98383b2b9767.jpg?fit=1200%2C628&ssl=1&resize=350%2C200","width":350,"height":200,"srcset":"https:\/\/i0.wp.com\/ismaelcolosi.com.br\/wp-content\/uploads\/2023\/11\/postimg-655ea98383b2b9767.jpg?fit=1200%2C628&ssl=1&resize=350%2C200 1x, https:\/\/i0.wp.com\/ismaelcolosi.com.br\/wp-content\/uploads\/2023\/11\/postimg-655ea98383b2b9767.jpg?fit=1200%2C628&ssl=1&resize=525%2C300 1.5x, https:\/\/i0.wp.com\/ismaelcolosi.com.br\/wp-content\/uploads\/2023\/11\/postimg-655ea98383b2b9767.jpg?fit=1200%2C628&ssl=1&resize=700%2C400 2x, https:\/\/i0.wp.com\/ismaelcolosi.com.br\/wp-content\/uploads\/2023\/11\/postimg-655ea98383b2b9767.jpg?fit=1200%2C628&ssl=1&resize=1050%2C600 3x"},"classes":[]},{"id":14652,"url":"https:\/\/ismaelcolosi.com.br\/index.php\/2023\/12\/12\/caso-ana-hickmann-advogados-finalmente-revelam-motivo-da-violencia-do-marido-impunidade-de-delitos\/","url_meta":{"origin":7232,"position":5},"title":"Caso Ana Hickmann: Advogados finalmente revelam motivo da viol\u00eancia do marido: &#8216;impunidade de delitos&#8217;","author":"ismaelcolosi.com.br","date":"12 de Dezembro de 2023","format":false,"excerpt":"[ad_1] Nesta segunda-feira (11\/12), a apresentadora Ana Hickmann se pronunciou por meio de seus advogados para dar novas declara\u00e7\u00f5es sobre Alexandre Correa. Os dois, vale lembrar, est\u00e3o em processo de separa\u00e7\u00e3o e a loira j\u00e1 entrou com pedido de div\u00f3rcio.Ana foi agredida pelo agora ex-companheiro e a viol\u00eancia dom\u00e9stica foi\u2026","rel":"","context":"In &quot;Blog&quot;","block_context":{"text":"Blog","link":"https:\/\/ismaelcolosi.com.br\/index.php\/category\/blog\/"},"img":{"alt_text":"","src":"https:\/\/i0.wp.com\/ismaelcolosi.com.br\/wp-content\/uploads\/2023\/12\/postimg-657853a0bf7e72411.jpg?fit=1200%2C628&ssl=1&resize=350%2C200","width":350,"height":200,"srcset":"https:\/\/i0.wp.com\/ismaelcolosi.com.br\/wp-content\/uploads\/2023\/12\/postimg-657853a0bf7e72411.jpg?fit=1200%2C628&ssl=1&resize=350%2C200 1x, https:\/\/i0.wp.com\/ismaelcolosi.com.br\/wp-content\/uploads\/2023\/12\/postimg-657853a0bf7e72411.jpg?fit=1200%2C628&ssl=1&resize=525%2C300 1.5x, https:\/\/i0.wp.com\/ismaelcolosi.com.br\/wp-content\/uploads\/2023\/12\/postimg-657853a0bf7e72411.jpg?fit=1200%2C628&ssl=1&resize=700%2C400 2x, https:\/\/i0.wp.com\/ismaelcolosi.com.br\/wp-content\/uploads\/2023\/12\/postimg-657853a0bf7e72411.jpg?fit=1200%2C628&ssl=1&resize=1050%2C600 3x"},"classes":[]}],"jetpack_sharing_enabled":true,"jetpack_shortlink":"https:\/\/wp.me\/pfMlyK-1SE","jetpack_featured_media_url":"https:\/\/i0.wp.com\/ismaelcolosi.com.br\/wp-content\/uploads\/2023\/11\/postimg-65650b7405f3c3989.jpg?fit=1200%2C628&ssl=1","_links":{"self":[{"href":"https:\/\/ismaelcolosi.com.br\/index.php\/wp-json\/wp\/v2\/posts\/7232","targetHints":{"allow":["GET"]}}],"collection":[{"href":"https:\/\/ismaelcolosi.com.br\/index.php\/wp-json\/wp\/v2\/posts"}],"about":[{"href":"https:\/\/ismaelcolosi.com.br\/index.php\/wp-json\/wp\/v2\/types\/post"}],"author":[{"embeddable":true,"href":"https:\/\/ismaelcolosi.com.br\/index.php\/wp-json\/wp\/v2\/users\/1"}],"replies":[{"embeddable":true,"href":"https:\/\/ismaelcolosi.com.br\/index.php\/wp-json\/wp\/v2\/comments?post=7232"}],"version-history":[{"count":0,"href":"https:\/\/ismaelcolosi.com.br\/index.php\/wp-json\/wp\/v2\/posts\/7232\/revisions"}],"wp:featuredmedia":[{"embeddable":true,"href":"https:\/\/ismaelcolosi.com.br\/index.php\/wp-json\/wp\/v2\/media\/7233"}],"wp:attachment":[{"href":"https:\/\/ismaelcolosi.com.br\/index.php\/wp-json\/wp\/v2\/media?parent=7232"}],"wp:term":[{"taxonomy":"category","embeddable":true,"href":"https:\/\/ismaelcolosi.com.br\/index.php\/wp-json\/wp\/v2\/categories?post=7232"},{"taxonomy":"post_tag","embeddable":true,"href":"https:\/\/ismaelcolosi.com.br\/index.php\/wp-json\/wp\/v2\/tags?post=7232"}],"curies":[{"name":"wp","href":"https:\/\/api.w.org\/{rel}","templated":true}]}}