{"id":71995,"date":"2024-10-18T17:19:55","date_gmt":"2024-10-18T20:19:55","guid":{"rendered":"https:\/\/ismaelcolosi.com.br\/index.php\/2024\/10\/18\/festival-de-musica-em-ribeirao-preto-muda-de-lugar-apos-alerta-de-chuvas-intensas\/"},"modified":"2024-10-18T17:19:55","modified_gmt":"2024-10-18T20:19:55","slug":"festival-de-musica-em-ribeirao-preto-muda-de-lugar-apos-alerta-de-chuvas-intensas","status":"publish","type":"post","link":"https:\/\/ismaelcolosi.com.br\/index.php\/2024\/10\/18\/festival-de-musica-em-ribeirao-preto-muda-de-lugar-apos-alerta-de-chuvas-intensas\/","title":{"rendered":"Festival de m\u00fasica em Ribeir\u00e3o Preto muda de lugar ap\u00f3s alerta de chuvas intensas"},"content":{"rendered":"<p> <br \/>\n<\/p>\n<div>\n<p>A organiza\u00e7\u00e3o do <strong>FestMAO <\/strong>informou, na tarde desta sexta-feira (18), que precisou <strong>alterar o local de realiza\u00e7\u00e3o da Mostra Nova Cena<\/strong>, que acontece neste<strong> s\u00e1bado (19)<\/strong>, a partir das 15h \u00e0s 22h, em <strong>Ribeir\u00e3o Preto<\/strong>.<\/p>\n<p>Anteriormente, a apresenta\u00e7\u00e3o dos artistas selecionados pelo edital do festival aconteceria no<strong> Teatro de Arena<\/strong>, contudo, <mark style=\"background-color:#fcb900\" class=\"has-inline-color\">foi transferida para o <strong>Galp\u00e3o 20<\/strong>, localizado na rua Marqu\u00eas do Pombal, 20, nos Campos El\u00edseos.<\/mark><\/p>\n<p>De acordo com o comunicado, a decis\u00e3o de transfer\u00eancia aconteceu devido aos <strong>alertas meteorol\u00f3gicos emitidos para o Estado de S\u00e3o Paulo<\/strong>. Segundo a <strong>Defesa Civil<\/strong>, em <strong>Ribeir\u00e3o Preto<\/strong>, s\u00e3o esperados <strong>200 mil\u00edmetros de chuva<\/strong> entre sexta-feira (18) e domingo (20).<\/p>\n<figure class=\"wp-block-pullquote\">\n<blockquote>\n<p>A produ\u00e7\u00e3o do evento garante que toda programa\u00e7\u00e3o prevista para o s\u00e1bado ser\u00e1 mantida para atender ao p\u00fablico e esclarece que, a medida apenas foi necess\u00e1ria para atender aos cuidados preventivos com o evento, visando garantir assim a\u00a0seguran\u00e7a e o bem-estar do p\u00fablico envolvido, diante da possibilidade de fortes chuvas nas pr\u00f3ximas horas\u00a0e inclusive no s\u00e1bado (19)<\/p>\n<p><cite>diz o comunicado<\/cite><\/p><\/blockquote>\n<\/figure>\n<h3 class=\"wp-block-heading\"><strong>FestMAO \u2013 Mostra Nova Cena\u00a0<\/strong><\/h3>\n<p>A<strong> 3\u00aa edi\u00e7\u00e3o do FestMAO<\/strong>, o <strong>Festival De M\u00fasica e Arte de Ribeir\u00e3o Preto<\/strong>, encerra sua programa\u00e7\u00e3o com a <strong>Mostra Nova Cena<\/strong>, diversos shows, dois palcos, DJs, food park, espa\u00e7o relax e muito mais.<\/p>\n<p>Entre as atra\u00e7\u00f5es est\u00e3o <strong>Pitoresco<\/strong>, <strong>Andarilho Cha<\/strong>, <strong>Lubo<\/strong>, <strong>Magia Negra<\/strong>, <strong>Avinny<\/strong>, <strong>Tutu DJs<\/strong> e <strong>Dudu Palandre.<\/strong> Os ingressos variam entre<strong> R$ 15<\/strong> e<strong> R$ 35 <\/strong>e podem ser adquiridos de f<strong>orma on-line (<a href=\"https:\/\/festmao.com.br\/\" target=\"_blank\" rel=\"noreferrer noopener\">clique aqui<\/a>).<\/strong><\/p>\n<hr class=\"wp-block-separator has-alpha-channel-opacity\"\/>\n<p>SAIBA MAIS<\/p>\n<p>Corrida na regi\u00e3o de Ribeir\u00e3o Preto \u00e9 adiada ap\u00f3s alerta de chuva e ventos fortes<\/p>\n<h4 class=\"wp-block-heading\"><strong>FIQUE ON<\/strong><\/h4>\n<p>Fique ligado em tudo que acontece em Ribeir\u00e3o Preto e regi\u00e3o. Siga os perfis do<strong>\u00a0acidade on\u00a0<\/strong>no\u00a0<a href=\"https:\/\/www.instagram.com\/acidadeonribeirao\" target=\"_blank\" rel=\"noreferrer noopener\">Instagram\u00a0<\/a>e no\u00a0<a href=\"https:\/\/www.facebook.com\/acidadeonribeirao\/\" target=\"_blank\" rel=\"noreferrer noopener\">Facebook<\/a>.<\/p>\n<p>Receba not\u00edcias do\u00a0<strong>acidade on<\/strong>\u00a0no WhatsApp.\u00a0<a href=\"https:\/\/chat.whatsapp.com\/Fg4ok3aAVyB59DP63pRapr\" target=\"_blank\" rel=\"noreferrer noopener\">Para entrar no grupo, basta clicar aqui.<\/a><\/p>\n<p>Fa\u00e7a uma den\u00fancia ou sugira uma reportagem sobre Ribeir\u00e3o Preto e regi\u00e3o pelo WhatsApp: 16 99117 7802.<\/p>\n<p>VEJA TAMB\u00c9M<\/p>\n<p>Qual aluna de \u2018Dance Moms\u2019 ficou famosa por causa da Sia?<\/p>\n<p><!-- CONTENT END 1 -->\n<\/div>\n<p><script async src=\"\/\/www.instagram.com\/embed.js\"><\/script><br \/>\n<br \/><br \/>\n<br \/><a href=\"https:\/\/www.acidadeon.com\/ribeiraopreto\/lazer-e-cultura\/festival-de-musica-em-ribeirao-preto-muda-de-lugar-apos-alerta-de-chuvas-intensas\/\">Source link <\/a><\/p>\n","protected":false},"excerpt":{"rendered":"<p>A organiza\u00e7\u00e3o do FestMAO informou, na tarde desta sexta-feira (18), que precisou alterar o local de realiza\u00e7\u00e3o da Mostra Nova Cena, que acontece neste s\u00e1bado&#8230;<\/p>\n","protected":false},"author":1,"featured_media":71996,"comment_status":"open","ping_status":"open","sticky":false,"template":"","format":"standard","meta":{"_uag_custom_page_level_css":"","advanced_seo_description":"","jetpack_seo_html_title":"","jetpack_seo_noindex":false,"jetpack_post_was_ever_published":false,"_jetpack_newsletter_access":"","_jetpack_dont_email_post_to_subs":false,"_jetpack_newsletter_tier_id":0,"_jetpack_memberships_contains_paywalled_content":false,"_jetpack_memberships_contains_paid_content":false,"footnotes":"","jetpack_publicize_message":"","jetpack_publicize_feature_enabled":true,"jetpack_social_post_already_shared":true,"jetpack_social_options":{"image_generator_settings":{"template":"highway","default_image_id":0,"font":"","enabled":false},"version":2}},"categories":[11],"tags":[],"class_list":["post-71995","post","type-post","status-publish","format-standard","has-post-thumbnail","hentry","category-noticias-de-ribeirao-preto-sp-e-regiao-ismael-colosi"],"jetpack_publicize_connections":[],"jetpack_featured_media_url":"https:\/\/i0.wp.com\/ismaelcolosi.com.br\/wp-content\/uploads\/2024\/10\/00324614-63ef-42de-aebd-de95dfc33db5_2024-10-18_19-48-51_jpeg_2024-10-18_19-48-51.webp.webp?fit=1531%2C1021&ssl=1","uagb_featured_image_src":{"full":["https:\/\/i0.wp.com\/ismaelcolosi.com.br\/wp-content\/uploads\/2024\/10\/00324614-63ef-42de-aebd-de95dfc33db5_2024-10-18_19-48-51_jpeg_2024-10-18_19-48-51.webp.webp?fit=1531%2C1021&ssl=1",1531,1021,false],"thumbnail":["https:\/\/i0.wp.com\/ismaelcolosi.com.br\/wp-content\/uploads\/2024\/10\/00324614-63ef-42de-aebd-de95dfc33db5_2024-10-18_19-48-51_jpeg_2024-10-18_19-48-51.webp.webp?resize=150%2C150&ssl=1",150,150,true],"medium":["https:\/\/i0.wp.com\/ismaelcolosi.com.br\/wp-content\/uploads\/2024\/10\/00324614-63ef-42de-aebd-de95dfc33db5_2024-10-18_19-48-51_jpeg_2024-10-18_19-48-51.webp.webp?fit=300%2C200&ssl=1",300,200,true],"medium_large":["https:\/\/i0.wp.com\/ismaelcolosi.com.br\/wp-content\/uploads\/2024\/10\/00324614-63ef-42de-aebd-de95dfc33db5_2024-10-18_19-48-51_jpeg_2024-10-18_19-48-51.webp.webp?fit=768%2C512&ssl=1",768,512,true],"large":["https:\/\/i0.wp.com\/ismaelcolosi.com.br\/wp-content\/uploads\/2024\/10\/00324614-63ef-42de-aebd-de95dfc33db5_2024-10-18_19-48-51_jpeg_2024-10-18_19-48-51.webp.webp?fit=1024%2C683&ssl=1",1024,683,true],"1536x1536":["https:\/\/i0.wp.com\/ismaelcolosi.com.br\/wp-content\/uploads\/2024\/10\/00324614-63ef-42de-aebd-de95dfc33db5_2024-10-18_19-48-51_jpeg_2024-10-18_19-48-51.webp.webp?fit=1531%2C1021&ssl=1",1531,1021,true],"2048x2048":["https:\/\/i0.wp.com\/ismaelcolosi.com.br\/wp-content\/uploads\/2024\/10\/00324614-63ef-42de-aebd-de95dfc33db5_2024-10-18_19-48-51_jpeg_2024-10-18_19-48-51.webp.webp?fit=1531%2C1021&ssl=1",1531,1021,true],"really-simple-thumb":["https:\/\/i0.wp.com\/ismaelcolosi.com.br\/wp-content\/uploads\/2024\/10\/00324614-63ef-42de-aebd-de95dfc33db5_2024-10-18_19-48-51_jpeg_2024-10-18_19-48-51.webp.webp?resize=370%2C247&ssl=1",370,247,true]},"uagb_author_info":{"display_name":"ismaelcolosi.com.br","author_link":"https:\/\/ismaelcolosi.com.br\/index.php\/author\/vidareal-online\/"},"uagb_comment_info":0,"uagb_excerpt":"A organiza\u00e7\u00e3o do FestMAO informou, na tarde desta sexta-feira (18), que precisou alterar o local de realiza\u00e7\u00e3o da Mostra Nova Cena, que acontece neste s\u00e1bado...","jetpack-related-posts":[{"id":53250,"url":"https:\/\/ismaelcolosi.com.br\/index.php\/2024\/06\/14\/festival-de-jazz-acontece-neste-final-de-semana-em-ribeirao-preto-veja-programacao\/","url_meta":{"origin":71995,"position":0},"title":"Festival de Jazz acontece neste final de semana em Ribeir\u00e3o Preto; Veja programa\u00e7\u00e3o","author":"ismaelcolosi.com.br","date":"14 de June de 2024","format":false,"excerpt":"O Ribeir\u00e3o Jazz Festival, um dos principais eventos musicais da regi\u00e3o acontece neste fim de semana em Ribeir\u00e3o Preto. O evento integra a programa\u00e7\u00e3o de anivers\u00e1rio do munic\u00edpio. O festival vai abrir nesta sexta-feira (14), \u00e0s 20h, o Palco Orgulho RP e no domingo (16) acontecem sete apresenta\u00e7\u00f5es. Os espet\u00e1culos\u2026","rel":"","context":"In &quot;Not\u00edcias de Ribeir\u00e3o Preto-SP e Regi\u00e3o&quot;","block_context":{"text":"Not\u00edcias de Ribeir\u00e3o Preto-SP e Regi\u00e3o","link":"https:\/\/ismaelcolosi.com.br\/index.php\/category\/noticias-de-ribeirao-preto-sp-e-regiao-ismael-colosi\/"},"img":{"alt_text":"","src":"https:\/\/i0.wp.com\/ismaelcolosi.com.br\/wp-content\/uploads\/2024\/06\/FinaldesemanaemRibeiroFestivaldeJazzfestasjuninasemuitomais_Tamanho_2_image.jpg?fit=1200%2C900&ssl=1&resize=350%2C200","width":350,"height":200,"srcset":"https:\/\/i0.wp.com\/ismaelcolosi.com.br\/wp-content\/uploads\/2024\/06\/FinaldesemanaemRibeiroFestivaldeJazzfestasjuninasemuitomais_Tamanho_2_image.jpg?fit=1200%2C900&ssl=1&resize=350%2C200 1x, https:\/\/i0.wp.com\/ismaelcolosi.com.br\/wp-content\/uploads\/2024\/06\/FinaldesemanaemRibeiroFestivaldeJazzfestasjuninasemuitomais_Tamanho_2_image.jpg?fit=1200%2C900&ssl=1&resize=525%2C300 1.5x, https:\/\/i0.wp.com\/ismaelcolosi.com.br\/wp-content\/uploads\/2024\/06\/FinaldesemanaemRibeiroFestivaldeJazzfestasjuninasemuitomais_Tamanho_2_image.jpg?fit=1200%2C900&ssl=1&resize=700%2C400 2x, https:\/\/i0.wp.com\/ismaelcolosi.com.br\/wp-content\/uploads\/2024\/06\/FinaldesemanaemRibeiroFestivaldeJazzfestasjuninasemuitomais_Tamanho_2_image.jpg?fit=1200%2C900&ssl=1&resize=1050%2C600 3x"},"classes":[]},{"id":48223,"url":"https:\/\/ismaelcolosi.com.br\/index.php\/2024\/05\/01\/festival-de-blues-em-ribeirao-preto-acontece-neste-final-de-semana-veja-a-programacao\/","url_meta":{"origin":71995,"position":1},"title":"Festival de blues em Ribeir\u00e3o Preto acontece neste final de semana; Veja a programa\u00e7\u00e3o","author":"ismaelcolosi.com.br","date":"1 de May de 2024","format":false,"excerpt":"Nos dias 3 (sexta-feira) e 4 (s\u00e1bado), o Teatro de Arena de Ribeir\u00e3o Preto recebe o Arena Blues Festival, a partir das 16h. O evento retorna ap\u00f3s uma longa pausa de 10 anos. O guitarrista Fred Sunwalk est\u00e1 entre as atra\u00e7\u00f5es. No\u00a0segundo dia do evento, o festival far\u00e1 uma\u00a0homenagem\u00a0as\u00a0mulheres no\u2026","rel":"","context":"In &quot;Not\u00edcias de Ribeir\u00e3o Preto-SP e Regi\u00e3o&quot;","block_context":{"text":"Not\u00edcias de Ribeir\u00e3o Preto-SP e Regi\u00e3o","link":"https:\/\/ismaelcolosi.com.br\/index.php\/category\/noticias-de-ribeirao-preto-sp-e-regiao-ismael-colosi\/"},"img":{"alt_text":"","src":"https:\/\/i0.wp.com\/ismaelcolosi.com.br\/wp-content\/uploads\/2024\/05\/Nanda-Moura-Creditos-Andre-Velozo-001_2024-04-30_12-29-12_jpg.webp.webp?fit=900%2C600&ssl=1&resize=350%2C200","width":350,"height":200,"srcset":"https:\/\/i0.wp.com\/ismaelcolosi.com.br\/wp-content\/uploads\/2024\/05\/Nanda-Moura-Creditos-Andre-Velozo-001_2024-04-30_12-29-12_jpg.webp.webp?fit=900%2C600&ssl=1&resize=350%2C200 1x, https:\/\/i0.wp.com\/ismaelcolosi.com.br\/wp-content\/uploads\/2024\/05\/Nanda-Moura-Creditos-Andre-Velozo-001_2024-04-30_12-29-12_jpg.webp.webp?fit=900%2C600&ssl=1&resize=525%2C300 1.5x, https:\/\/i0.wp.com\/ismaelcolosi.com.br\/wp-content\/uploads\/2024\/05\/Nanda-Moura-Creditos-Andre-Velozo-001_2024-04-30_12-29-12_jpg.webp.webp?fit=900%2C600&ssl=1&resize=700%2C400 2x"},"classes":[]},{"id":3049,"url":"https:\/\/ismaelcolosi.com.br\/index.php\/2023\/11\/17\/drift-legiao-urbana-e-guilherme-de-sa-saiba-o-que-acontece-no-fim-de-semana-em-ribeirao\/","url_meta":{"origin":71995,"position":2},"title":"Drift, Legi\u00e3o Urbana e Guilherme de S\u00e1: Saiba o que acontece no fim de semana em Ribeir\u00e3o\u00a0","author":"ismaelcolosi.com.br","date":"17 de November de 2023","format":false,"excerpt":"O fim de semana em Ribeir\u00e3o Preto conta com diversas apresenta\u00e7\u00f5es de m\u00fasica, espet\u00e1culos nos teatros e atividades gratuitas. \u00a0 H\u00e1 a final do Campeonato Brasileiro de Drift, show com integrantes da Legi\u00e3o Urbana, tributo \u00e0 Rita Lee, Guilherme de S\u00e1, festival de hip hop, entre outros. CHORINHO NA 7\u00a0\u2026","rel":"","context":"In &quot;Not\u00edcias de Ribeir\u00e3o Preto-SP e Regi\u00e3o&quot;","block_context":{"text":"Not\u00edcias de Ribeir\u00e3o Preto-SP e Regi\u00e3o","link":"https:\/\/ismaelcolosi.com.br\/index.php\/category\/noticias-de-ribeirao-preto-sp-e-regiao-ismael-colosi\/"},"img":{"alt_text":"","src":"https:\/\/i0.wp.com\/ismaelcolosi.com.br\/wp-content\/uploads\/2023\/11\/Pilotos-de-drift-em-acao-durante-a-temporada-em-2022-1-1024x683.jpg?fit=1024%2C683&ssl=1&resize=350%2C200","width":350,"height":200,"srcset":"https:\/\/i0.wp.com\/ismaelcolosi.com.br\/wp-content\/uploads\/2023\/11\/Pilotos-de-drift-em-acao-durante-a-temporada-em-2022-1-1024x683.jpg?fit=1024%2C683&ssl=1&resize=350%2C200 1x, https:\/\/i0.wp.com\/ismaelcolosi.com.br\/wp-content\/uploads\/2023\/11\/Pilotos-de-drift-em-acao-durante-a-temporada-em-2022-1-1024x683.jpg?fit=1024%2C683&ssl=1&resize=525%2C300 1.5x, https:\/\/i0.wp.com\/ismaelcolosi.com.br\/wp-content\/uploads\/2023\/11\/Pilotos-de-drift-em-acao-durante-a-temporada-em-2022-1-1024x683.jpg?fit=1024%2C683&ssl=1&resize=700%2C400 2x"},"classes":[]},{"id":27609,"url":"https:\/\/ismaelcolosi.com.br\/index.php\/2024\/01\/12\/empresa-de-transportes-tem-100-vagas-de-trabalho-em-ribeirao-preto\/","url_meta":{"origin":71995,"position":3},"title":"Empresa de transportes tem 100 vagas de trabalho em Ribeir\u00e3o Preto","author":"ismaelcolosi.com.br","date":"12 de January de 2024","format":false,"excerpt":"A Sertran Transportes conta com 100 vagas de trabalho abertas em Ribeir\u00e3o Preto, nesta sexta-feira (12). As vagas s\u00e3o para motorista de \u00f4nibus. Os interessados devem procurar o PAT (Posto de Atendimento ao Trabalhador) de Ribeir\u00e3o Preto, ou enviar o curr\u00edculo para o e-mail: luciane.sertorio@sertran.com.br . Os requisitos para concorrer\u2026","rel":"","context":"In &quot;Not\u00edcias de Ribeir\u00e3o Preto-SP e Regi\u00e3o&quot;","block_context":{"text":"Not\u00edcias de Ribeir\u00e3o Preto-SP e Regi\u00e3o","link":"https:\/\/ismaelcolosi.com.br\/index.php\/category\/noticias-de-ribeirao-preto-sp-e-regiao-ismael-colosi\/"},"img":{"alt_text":"","src":"https:\/\/i0.wp.com\/ismaelcolosi.com.br\/wp-content\/uploads\/2024\/01\/1vagas_pat_-_foto_guilherme_sircili_4.jpg?fit=1200%2C799&ssl=1&resize=350%2C200","width":350,"height":200,"srcset":"https:\/\/i0.wp.com\/ismaelcolosi.com.br\/wp-content\/uploads\/2024\/01\/1vagas_pat_-_foto_guilherme_sircili_4.jpg?fit=1200%2C799&ssl=1&resize=350%2C200 1x, https:\/\/i0.wp.com\/ismaelcolosi.com.br\/wp-content\/uploads\/2024\/01\/1vagas_pat_-_foto_guilherme_sircili_4.jpg?fit=1200%2C799&ssl=1&resize=525%2C300 1.5x, https:\/\/i0.wp.com\/ismaelcolosi.com.br\/wp-content\/uploads\/2024\/01\/1vagas_pat_-_foto_guilherme_sircili_4.jpg?fit=1200%2C799&ssl=1&resize=700%2C400 2x, https:\/\/i0.wp.com\/ismaelcolosi.com.br\/wp-content\/uploads\/2024\/01\/1vagas_pat_-_foto_guilherme_sircili_4.jpg?fit=1200%2C799&ssl=1&resize=1050%2C600 3x"},"classes":[]},{"id":55264,"url":"https:\/\/ismaelcolosi.com.br\/index.php\/2024\/07\/01\/festival-de-torresmo-com-entrada-gratuita-acontece-em-praca-da-zona-sul-de-ribeirao\/","url_meta":{"origin":71995,"position":4},"title":"Festival de Torresmo com entrada gratuita acontece em pra\u00e7a da zona Sul de Ribeir\u00e3o","author":"ismaelcolosi.com.br","date":"1 de July de 2024","format":false,"excerpt":"O festival gastron\u00f4mico \u201cTorresmofest\u201d, que re\u00fane um card\u00e1pio variado de pratos \u00e0 base de carne su\u00edna, acontece em Ribeir\u00e3o Preto, de \u00a04 a 7 de julho, na pra\u00e7a Jo\u00e3o Marchesi, no bairro Jardim S\u00e3o Luiz, na zona Sul de Ribeir\u00e3o Preto. Com entrada gratuita, o evento ter\u00e1 apresenta\u00e7\u00f5es musicais com\u2026","rel":"","context":"In &quot;Not\u00edcias de Ribeir\u00e3o Preto-SP e Regi\u00e3o&quot;","block_context":{"text":"Not\u00edcias de Ribeir\u00e3o Preto-SP e Regi\u00e3o","link":"https:\/\/ismaelcolosi.com.br\/index.php\/category\/noticias-de-ribeirao-preto-sp-e-regiao-ismael-colosi\/"},"img":{"alt_text":"","src":"https:\/\/i0.wp.com\/ismaelcolosi.com.br\/wp-content\/uploads\/2024\/07\/Copia-de-Copia-de-TAMANHO-EXATO-PARA-FOTOS-NO-SISTEMA-NOVO-1_2024-07-01_18-41-30_jpg_2024-07-01_18-41-30.webp.webp?fit=1200%2C675&ssl=1&resize=350%2C200","width":350,"height":200,"srcset":"https:\/\/i0.wp.com\/ismaelcolosi.com.br\/wp-content\/uploads\/2024\/07\/Copia-de-Copia-de-TAMANHO-EXATO-PARA-FOTOS-NO-SISTEMA-NOVO-1_2024-07-01_18-41-30_jpg_2024-07-01_18-41-30.webp.webp?fit=1200%2C675&ssl=1&resize=350%2C200 1x, https:\/\/i0.wp.com\/ismaelcolosi.com.br\/wp-content\/uploads\/2024\/07\/Copia-de-Copia-de-TAMANHO-EXATO-PARA-FOTOS-NO-SISTEMA-NOVO-1_2024-07-01_18-41-30_jpg_2024-07-01_18-41-30.webp.webp?fit=1200%2C675&ssl=1&resize=525%2C300 1.5x, https:\/\/i0.wp.com\/ismaelcolosi.com.br\/wp-content\/uploads\/2024\/07\/Copia-de-Copia-de-TAMANHO-EXATO-PARA-FOTOS-NO-SISTEMA-NOVO-1_2024-07-01_18-41-30_jpg_2024-07-01_18-41-30.webp.webp?fit=1200%2C675&ssl=1&resize=700%2C400 2x, https:\/\/i0.wp.com\/ismaelcolosi.com.br\/wp-content\/uploads\/2024\/07\/Copia-de-Copia-de-TAMANHO-EXATO-PARA-FOTOS-NO-SISTEMA-NOVO-1_2024-07-01_18-41-30_jpg_2024-07-01_18-41-30.webp.webp?fit=1200%2C675&ssl=1&resize=1050%2C600 3x"},"classes":[]},{"id":40306,"url":"https:\/\/ismaelcolosi.com.br\/index.php\/2024\/03\/02\/arena-blues-festival-inicia-vendas-de-ingressos-em-ribeirao-preto\/","url_meta":{"origin":71995,"position":5},"title":"Arena Blues Festival inicia vendas de ingressos em Ribeir\u00e3o Preto","author":"ismaelcolosi.com.br","date":"2 de March de 2024","format":false,"excerpt":"O tradicional Arena Blues Festival anunciou o retorno de suas atividades, ap\u00f3s uma pausa de quatro anos. A edi\u00e7\u00e3o de 2024 acontece nos dias 3 e 4 de maio, em Ribeir\u00e3o Preto. Os ingressos come\u00e7aram a ser vendidos nesta sexta-feira (1\u00ba) e podem ser adquiridos de forma on-line (clique aqui).\u2026","rel":"","context":"In &quot;Not\u00edcias de Ribeir\u00e3o Preto-SP e Regi\u00e3o&quot;","block_context":{"text":"Not\u00edcias de Ribeir\u00e3o Preto-SP e Regi\u00e3o","link":"https:\/\/ismaelcolosi.com.br\/index.php\/category\/noticias-de-ribeirao-preto-sp-e-regiao-ismael-colosi\/"},"img":{"alt_text":"","src":"https:\/\/i0.wp.com\/ismaelcolosi.com.br\/wp-content\/uploads\/2024\/03\/Copia-de-Copia-de-TAMANHO-EXATO-PARA-FOTOS-NO-SISTEMA-NOVO-3.jpg?fit=1200%2C675&ssl=1&resize=350%2C200","width":350,"height":200,"srcset":"https:\/\/i0.wp.com\/ismaelcolosi.com.br\/wp-content\/uploads\/2024\/03\/Copia-de-Copia-de-TAMANHO-EXATO-PARA-FOTOS-NO-SISTEMA-NOVO-3.jpg?fit=1200%2C675&ssl=1&resize=350%2C200 1x, https:\/\/i0.wp.com\/ismaelcolosi.com.br\/wp-content\/uploads\/2024\/03\/Copia-de-Copia-de-TAMANHO-EXATO-PARA-FOTOS-NO-SISTEMA-NOVO-3.jpg?fit=1200%2C675&ssl=1&resize=525%2C300 1.5x, https:\/\/i0.wp.com\/ismaelcolosi.com.br\/wp-content\/uploads\/2024\/03\/Copia-de-Copia-de-TAMANHO-EXATO-PARA-FOTOS-NO-SISTEMA-NOVO-3.jpg?fit=1200%2C675&ssl=1&resize=700%2C400 2x, https:\/\/i0.wp.com\/ismaelcolosi.com.br\/wp-content\/uploads\/2024\/03\/Copia-de-Copia-de-TAMANHO-EXATO-PARA-FOTOS-NO-SISTEMA-NOVO-3.jpg?fit=1200%2C675&ssl=1&resize=1050%2C600 3x"},"classes":[]}],"jetpack_sharing_enabled":true,"jetpack_shortlink":"https:\/\/wp.me\/pfMlyK-iJd","_links":{"self":[{"href":"https:\/\/ismaelcolosi.com.br\/index.php\/wp-json\/wp\/v2\/posts\/71995","targetHints":{"allow":["GET"]}}],"collection":[{"href":"https:\/\/ismaelcolosi.com.br\/index.php\/wp-json\/wp\/v2\/posts"}],"about":[{"href":"https:\/\/ismaelcolosi.com.br\/index.php\/wp-json\/wp\/v2\/types\/post"}],"author":[{"embeddable":true,"href":"https:\/\/ismaelcolosi.com.br\/index.php\/wp-json\/wp\/v2\/users\/1"}],"replies":[{"embeddable":true,"href":"https:\/\/ismaelcolosi.com.br\/index.php\/wp-json\/wp\/v2\/comments?post=71995"}],"version-history":[{"count":0,"href":"https:\/\/ismaelcolosi.com.br\/index.php\/wp-json\/wp\/v2\/posts\/71995\/revisions"}],"wp:featuredmedia":[{"embeddable":true,"href":"https:\/\/ismaelcolosi.com.br\/index.php\/wp-json\/wp\/v2\/media\/71996"}],"wp:attachment":[{"href":"https:\/\/ismaelcolosi.com.br\/index.php\/wp-json\/wp\/v2\/media?parent=71995"}],"wp:term":[{"taxonomy":"category","embeddable":true,"href":"https:\/\/ismaelcolosi.com.br\/index.php\/wp-json\/wp\/v2\/categories?post=71995"},{"taxonomy":"post_tag","embeddable":true,"href":"https:\/\/ismaelcolosi.com.br\/index.php\/wp-json\/wp\/v2\/tags?post=71995"}],"curies":[{"name":"wp","href":"https:\/\/api.w.org\/{rel}","templated":true}]}}