{"id":71978,"date":"2024-10-18T16:51:07","date_gmt":"2024-10-18T19:51:07","guid":{"rendered":"https:\/\/ismaelcolosi.com.br\/index.php\/2024\/10\/18\/confira-o-que-se-sabe-sobre-abertura-do-novo-sesc-na-regiao-de-ribeirao-2\/"},"modified":"2024-10-18T16:51:07","modified_gmt":"2024-10-18T19:51:07","slug":"confira-o-que-se-sabe-sobre-abertura-do-novo-sesc-na-regiao-de-ribeirao-2","status":"publish","type":"post","link":"https:\/\/ismaelcolosi.com.br\/index.php\/2024\/10\/18\/confira-o-que-se-sabe-sobre-abertura-do-novo-sesc-na-regiao-de-ribeirao-2\/","title":{"rendered":"Confira o que se sabe sobre abertura do novo Sesc na regi\u00e3o de Ribeir\u00e3o"},"content":{"rendered":"<p> <br \/>\n<\/p>\n<div>\n<p><strong>Em fase final de obra<\/strong>, o <mark style=\"background-color:#fcb900\" class=\"has-inline-color\">Sesc Franca ser\u00e1 inaugurado ainda este ano.<\/mark> O edif\u00edcio localizado na avenida Doutor Ismael Alonso Y. Alonso <strong>passa pelos \u00faltimos retoques enquanto a popula\u00e7\u00e3o aguarda a data de abertura ser divulgada.<\/strong><\/p>\n<p><mark style=\"background-color:#fcb900\" class=\"has-inline-color\">O Sesc chega \u00e0 cidade de Franca com sua maior unidade do interior paulista.<\/mark> O espa\u00e7o ter\u00e1 <strong>duas quadras de areia<\/strong>\u00a0e\u00a0<strong>um campo de grama sint\u00e9tica<\/strong>, al\u00e9m do\u00a0<strong>gin\u00e1sio<\/strong>\u00a0e da\u00a0<strong>sala de gin\u00e1stica multifuncional.<\/strong>\u00a0As piscinas ser\u00e3o divididas em tr\u00eas espa\u00e7os:\u00a0<strong>piscina semiol\u00edmpica coberta<\/strong>\u00a0e\u00a0<strong>duas piscinas recreativas.<\/strong><\/p>\n<figure class=\"wp-block-image size-large\"><img data-recalc-dims=\"1\" loading=\"lazy\" decoding=\"async\" width=\"1024\" height=\"768\" src=\"https:\/\/i0.wp.com\/www.acidadeon.com\/ribeiraopreto\/wp-content\/uploads\/sites\/3\/2024\/10\/Sesc-Franca_Piscinas-externas_Foto-de-Indiara-Duarte_agosto-2024_2024-10-18_18-08-45_jpg_2024-10-18_18-08-46-1024x768.webp?resize=1024%2C768&#038;ssl=1\" alt=\"\" class=\"wp-image-96974\" srcset=\"https:\/\/www.acidadeon.com\/ribeiraopreto\/wp-content\/uploads\/sites\/3\/2024\/10\/Sesc-Franca_Piscinas-externas_Foto-de-Indiara-Duarte_agosto-2024_2024-10-18_18-08-45_jpg_2024-10-18_18-08-46-1024x768.webp 1024w, https:\/\/www.acidadeon.com\/ribeiraopreto\/wp-content\/uploads\/sites\/3\/2024\/10\/Sesc-Franca_Piscinas-externas_Foto-de-Indiara-Duarte_agosto-2024_2024-10-18_18-08-45_jpg_2024-10-18_18-08-46-300x225.webp 300w, https:\/\/www.acidadeon.com\/ribeiraopreto\/wp-content\/uploads\/sites\/3\/2024\/10\/Sesc-Franca_Piscinas-externas_Foto-de-Indiara-Duarte_agosto-2024_2024-10-18_18-08-45_jpg_2024-10-18_18-08-46-768x576.webp 768w, https:\/\/www.acidadeon.com\/ribeiraopreto\/wp-content\/uploads\/sites\/3\/2024\/10\/Sesc-Franca_Piscinas-externas_Foto-de-Indiara-Duarte_agosto-2024_2024-10-18_18-08-45_jpg_2024-10-18_18-08-46-1536x1152.webp 1536w, https:\/\/www.acidadeon.com\/ribeiraopreto\/wp-content\/uploads\/sites\/3\/2024\/10\/Sesc-Franca_Piscinas-externas_Foto-de-Indiara-Duarte_agosto-2024_2024-10-18_18-08-45_jpg_2024-10-18_18-08-46-2048x1536.webp 2048w, https:\/\/www.acidadeon.com\/ribeiraopreto\/wp-content\/uploads\/sites\/3\/2024\/10\/Sesc-Franca_Piscinas-externas_Foto-de-Indiara-Duarte_agosto-2024_2024-10-18_18-08-45_jpg_2024-10-18_18-08-46-696x522.webp 696w, https:\/\/www.acidadeon.com\/ribeiraopreto\/wp-content\/uploads\/sites\/3\/2024\/10\/Sesc-Franca_Piscinas-externas_Foto-de-Indiara-Duarte_agosto-2024_2024-10-18_18-08-45_jpg_2024-10-18_18-08-46-1068x801.webp 1068w, https:\/\/www.acidadeon.com\/ribeiraopreto\/wp-content\/uploads\/sites\/3\/2024\/10\/Sesc-Franca_Piscinas-externas_Foto-de-Indiara-Duarte_agosto-2024_2024-10-18_18-08-45_jpg_2024-10-18_18-08-46-1920x1440.webp 1920w\" sizes=\"auto, (max-width: 1024px) 100vw, 1024px\"\/><figcaption class=\"wp-element-caption\">Piscinas externas do  Sesc Franca. | Foto de Indiara Duarte<br \/>\n<\/figcaption><\/figure>\n<p><strong>Na \u00e1rea cultural<\/strong>, a unidade contar\u00e1 com <strong>biblioteca<\/strong>,\u00a0<strong>teatro<\/strong>,\u00a0<strong>espa\u00e7o expositivo<\/strong>, o\u00a0<strong>espa\u00e7o de brincar<\/strong>, para beb\u00eas e crian\u00e7as de at\u00e9 seis anos; e o\u00a0<strong>espa\u00e7o de tecnologias e artes<\/strong>, que une laborat\u00f3rio e ateli\u00ea em atividades para p\u00fablicos de todas as idades.<\/p>\n<h4 class=\"wp-block-heading\"><strong>Como participar do Sesc Franca?<\/strong><\/h4>\n<p><mark style=\"background-color:#fcb900\" class=\"has-inline-color\">Todo mundo pode entrar gratuitamente em qualquer unidade do Sesc<\/mark> e <strong>n\u00e3o precisa ter a Credencial Plena.<\/strong> A Credencial \u00e9 um benef\u00edcio que garante o acesso priorit\u00e1rio a servi\u00e7os como piscina e odontologia, garante atendimento priorit\u00e1rio nas inscri\u00e7\u00f5es para cursos e oficinas, al\u00e9m de descontos nos ingressos e outros benef\u00edcios. <strong>A emiss\u00e3o ou renova\u00e7\u00e3o \u00e9 sempre gratuita, e tem validade de at\u00e9 dois anos.<\/strong><\/p>\n<p><strong>Para emitir a Credencial Plena de modo online<\/strong>, <mark style=\"background-color:#fcb900\" class=\"has-inline-color\">h\u00e1 duas op\u00e7\u00f5es<\/mark>: baixe o aplicativo Credencial Sesc SP ou por meio do site (<strong><a href=\"https:\/\/centralrelacionamento.sescsp.org.br\/\" target=\"_blank\" rel=\"noreferrer noopener nofollow\">clique aqui<\/a><\/strong>).<\/p>\n<p><strong>Tamb\u00e9m \u00e9 poss\u00edvel, at\u00e9 o dia 28 de outubro, realizar o credenciamento presencial no Senac de Franca.<\/strong><\/p>\n<p>________________________________________________________________________________<\/p>\n<p>SAIBA MAIS<\/p>\n<p>Entenda o que muda com as novas regras do Pix a partir de novembro<\/p>\n<h4 class=\"wp-block-heading\"><strong>FIQUE ON<\/strong><\/h4>\n<p>Fique ligado em tudo que acontece em Ribeir\u00e3o Preto e regi\u00e3o. Siga os perfis do <strong>acidade on <\/strong>no <a href=\"https:\/\/www.instagram.com\/acidadeonribeirao\" target=\"_blank\" rel=\"noreferrer noopener\">Instagram<\/a> e no <a href=\"https:\/\/www.facebook.com\/acidadeonribeirao\" target=\"_blank\" rel=\"noreferrer noopener\">Facebook<\/a>.<\/p>\n<p>Receba not\u00edcias do <strong>acidade on<\/strong> no WhatsApp. Para entrar no grupo, basta <a href=\"https:\/\/chat.whatsapp.com\/Dtv9mxhy6V5BJBotM2OQ5k\" target=\"_blank\" rel=\"noreferrer noopener\">clicar aqui<\/a>.<\/p>\n<p>Fa\u00e7a uma den\u00fancia ou sugira uma reportagem sobre Ribeir\u00e3o Preto e regi\u00e3o pelo WhatsApp: 16 99117 7802.<\/p>\n<p>VEJA TAMB\u00c9M<\/p>\n<p>Como fazer o pastel de festa da Ana Maria?<\/p>\n<p><!-- CONTENT END 1 -->\n<\/div>\n<p><script async src=\"\/\/www.instagram.com\/embed.js\"><\/script><br \/>\n<br \/><br \/>\n<br \/><a href=\"https:\/\/www.acidadeon.com\/ribeiraopreto\/lazer-e-cultura\/confira-oque-se-sabe-sobre-abertura-do-novo-sesc-na-regiao-de-ribeirao\/\">Source link <\/a><\/p>\n","protected":false},"excerpt":{"rendered":"<p>Em fase final de obra, o Sesc Franca ser\u00e1 inaugurado ainda este ano. O edif\u00edcio localizado na avenida Doutor Ismael Alonso Y. Alonso passa pelos&#8230;<\/p>\n","protected":false},"author":1,"featured_media":71947,"comment_status":"open","ping_status":"open","sticky":false,"template":"","format":"standard","meta":{"_uag_custom_page_level_css":"","advanced_seo_description":"","jetpack_seo_html_title":"","jetpack_seo_noindex":false,"jetpack_post_was_ever_published":false,"_jetpack_newsletter_access":"","_jetpack_dont_email_post_to_subs":false,"_jetpack_newsletter_tier_id":0,"_jetpack_memberships_contains_paywalled_content":false,"_jetpack_memberships_contains_paid_content":false,"footnotes":"","jetpack_publicize_message":"","jetpack_publicize_feature_enabled":true,"jetpack_social_post_already_shared":true,"jetpack_social_options":{"image_generator_settings":{"template":"highway","default_image_id":0,"font":"","enabled":false},"version":2}},"categories":[11],"tags":[],"class_list":["post-71978","post","type-post","status-publish","format-standard","has-post-thumbnail","hentry","category-noticias-de-ribeirao-preto-sp-e-regiao-ismael-colosi"],"jetpack_publicize_connections":[],"jetpack_featured_media_url":"https:\/\/i0.wp.com\/ismaelcolosi.com.br\/wp-content\/uploads\/2024\/10\/Copia-de-Copia-de-Copia-de-TAMANHO-EXATO-PARA-FOTOS-NO-SISTEMA-NOVO-24_2024-10-18_18-16-43_png_2024-10-18_18-16-43.webp.webp?fit=1200%2C675&ssl=1","uagb_featured_image_src":{"full":["https:\/\/i0.wp.com\/ismaelcolosi.com.br\/wp-content\/uploads\/2024\/10\/Copia-de-Copia-de-Copia-de-TAMANHO-EXATO-PARA-FOTOS-NO-SISTEMA-NOVO-24_2024-10-18_18-16-43_png_2024-10-18_18-16-43.webp.webp?fit=1200%2C675&ssl=1",1200,675,false],"thumbnail":["https:\/\/i0.wp.com\/ismaelcolosi.com.br\/wp-content\/uploads\/2024\/10\/Copia-de-Copia-de-Copia-de-TAMANHO-EXATO-PARA-FOTOS-NO-SISTEMA-NOVO-24_2024-10-18_18-16-43_png_2024-10-18_18-16-43.webp.webp?resize=150%2C150&ssl=1",150,150,true],"medium":["https:\/\/i0.wp.com\/ismaelcolosi.com.br\/wp-content\/uploads\/2024\/10\/Copia-de-Copia-de-Copia-de-TAMANHO-EXATO-PARA-FOTOS-NO-SISTEMA-NOVO-24_2024-10-18_18-16-43_png_2024-10-18_18-16-43.webp.webp?fit=300%2C169&ssl=1",300,169,true],"medium_large":["https:\/\/i0.wp.com\/ismaelcolosi.com.br\/wp-content\/uploads\/2024\/10\/Copia-de-Copia-de-Copia-de-TAMANHO-EXATO-PARA-FOTOS-NO-SISTEMA-NOVO-24_2024-10-18_18-16-43_png_2024-10-18_18-16-43.webp.webp?fit=768%2C432&ssl=1",768,432,true],"large":["https:\/\/i0.wp.com\/ismaelcolosi.com.br\/wp-content\/uploads\/2024\/10\/Copia-de-Copia-de-Copia-de-TAMANHO-EXATO-PARA-FOTOS-NO-SISTEMA-NOVO-24_2024-10-18_18-16-43_png_2024-10-18_18-16-43.webp.webp?fit=1024%2C576&ssl=1",1024,576,true],"1536x1536":["https:\/\/i0.wp.com\/ismaelcolosi.com.br\/wp-content\/uploads\/2024\/10\/Copia-de-Copia-de-Copia-de-TAMANHO-EXATO-PARA-FOTOS-NO-SISTEMA-NOVO-24_2024-10-18_18-16-43_png_2024-10-18_18-16-43.webp.webp?fit=1200%2C675&ssl=1",1200,675,true],"2048x2048":["https:\/\/i0.wp.com\/ismaelcolosi.com.br\/wp-content\/uploads\/2024\/10\/Copia-de-Copia-de-Copia-de-TAMANHO-EXATO-PARA-FOTOS-NO-SISTEMA-NOVO-24_2024-10-18_18-16-43_png_2024-10-18_18-16-43.webp.webp?fit=1200%2C675&ssl=1",1200,675,true],"really-simple-thumb":["https:\/\/i0.wp.com\/ismaelcolosi.com.br\/wp-content\/uploads\/2024\/10\/Copia-de-Copia-de-Copia-de-TAMANHO-EXATO-PARA-FOTOS-NO-SISTEMA-NOVO-24_2024-10-18_18-16-43_png_2024-10-18_18-16-43.webp.webp?resize=370%2C247&ssl=1",370,247,true]},"uagb_author_info":{"display_name":"ismaelcolosi.com.br","author_link":"https:\/\/ismaelcolosi.com.br\/index.php\/author\/vidareal-online\/"},"uagb_comment_info":0,"uagb_excerpt":"Em fase final de obra, o Sesc Franca ser\u00e1 inaugurado ainda este ano. O edif\u00edcio localizado na avenida Doutor Ismael Alonso Y. Alonso passa pelos...","jetpack-related-posts":[{"id":71946,"url":"https:\/\/ismaelcolosi.com.br\/index.php\/2024\/10\/18\/confira-o-que-se-sabe-sobre-abertura-do-novo-sesc-na-regiao-de-ribeirao\/","url_meta":{"origin":71978,"position":0},"title":"Confira o que se sabe sobre abertura do novo Sesc na regi\u00e3o de Ribeir\u00e3o","author":"ismaelcolosi.com.br","date":"18 de October de 2024","format":false,"excerpt":"Em fase final de obra, o Sesc Franca ser\u00e1 inaugurado ainda este ano. O edif\u00edcio localizado na avenida Doutor Ismael Alonso Y. Alonso passa pelos \u00faltimos retoques enquanto a popula\u00e7\u00e3o aguarda a data de abertura ser divulgada. O Sesc chega \u00e0 cidade de Franca com sua maior unidade do interior\u2026","rel":"","context":"In &quot;Not\u00edcias de Ribeir\u00e3o Preto-SP e Regi\u00e3o&quot;","block_context":{"text":"Not\u00edcias de Ribeir\u00e3o Preto-SP e Regi\u00e3o","link":"https:\/\/ismaelcolosi.com.br\/index.php\/category\/noticias-de-ribeirao-preto-sp-e-regiao-ismael-colosi\/"},"img":{"alt_text":"","src":"https:\/\/i0.wp.com\/ismaelcolosi.com.br\/wp-content\/uploads\/2024\/10\/Copia-de-Copia-de-Copia-de-TAMANHO-EXATO-PARA-FOTOS-NO-SISTEMA-NOVO-24_2024-10-18_18-16-43_png_2024-10-18_18-16-43.webp.webp?fit=1200%2C675&ssl=1&resize=350%2C200","width":350,"height":200,"srcset":"https:\/\/i0.wp.com\/ismaelcolosi.com.br\/wp-content\/uploads\/2024\/10\/Copia-de-Copia-de-Copia-de-TAMANHO-EXATO-PARA-FOTOS-NO-SISTEMA-NOVO-24_2024-10-18_18-16-43_png_2024-10-18_18-16-43.webp.webp?fit=1200%2C675&ssl=1&resize=350%2C200 1x, https:\/\/i0.wp.com\/ismaelcolosi.com.br\/wp-content\/uploads\/2024\/10\/Copia-de-Copia-de-Copia-de-TAMANHO-EXATO-PARA-FOTOS-NO-SISTEMA-NOVO-24_2024-10-18_18-16-43_png_2024-10-18_18-16-43.webp.webp?fit=1200%2C675&ssl=1&resize=525%2C300 1.5x, https:\/\/i0.wp.com\/ismaelcolosi.com.br\/wp-content\/uploads\/2024\/10\/Copia-de-Copia-de-Copia-de-TAMANHO-EXATO-PARA-FOTOS-NO-SISTEMA-NOVO-24_2024-10-18_18-16-43_png_2024-10-18_18-16-43.webp.webp?fit=1200%2C675&ssl=1&resize=700%2C400 2x, https:\/\/i0.wp.com\/ismaelcolosi.com.br\/wp-content\/uploads\/2024\/10\/Copia-de-Copia-de-Copia-de-TAMANHO-EXATO-PARA-FOTOS-NO-SISTEMA-NOVO-24_2024-10-18_18-16-43_png_2024-10-18_18-16-43.webp.webp?fit=1200%2C675&ssl=1&resize=1050%2C600 3x"},"classes":[]},{"id":60685,"url":"https:\/\/ismaelcolosi.com.br\/index.php\/2024\/08\/17\/veja-onde-aproveitar-piscinas-gratuitas-durante-onda-de-calor-em-ribeirao-preto-e-regiao\/","url_meta":{"origin":71978,"position":1},"title":"Veja onde aproveitar piscinas gratuitas durante onda de calor em Ribeir\u00e3o Preto e regi\u00e3o","author":"ismaelcolosi.com.br","date":"17 de August de 2024","format":false,"excerpt":"Uma nova onda de calor deve chegar a Ribeir\u00e3o Preto neste fim de semana. O Inmet (Instituto Nacional de Meteorologia) emitiu um alerta de perigo potencial para o interior de S\u00e3o Paulo e as temperaturas podem ficar at\u00e9 5\u00baC acima da m\u00e9dia por um per\u00edodo de dois a tr\u00eas dias.\u2026","rel":"","context":"In &quot;Not\u00edcias de Ribeir\u00e3o Preto-SP e Regi\u00e3o&quot;","block_context":{"text":"Not\u00edcias de Ribeir\u00e3o Preto-SP e Regi\u00e3o","link":"https:\/\/ismaelcolosi.com.br\/index.php\/category\/noticias-de-ribeirao-preto-sp-e-regiao-ismael-colosi\/"},"img":{"alt_text":"","src":"https:\/\/i0.wp.com\/ismaelcolosi.com.br\/wp-content\/uploads\/2024\/08\/piscina_2024-08-17_17-17-12_jpg_2024-08-17_17-17-12.webp.webp?fit=1200%2C803&ssl=1&resize=350%2C200","width":350,"height":200,"srcset":"https:\/\/i0.wp.com\/ismaelcolosi.com.br\/wp-content\/uploads\/2024\/08\/piscina_2024-08-17_17-17-12_jpg_2024-08-17_17-17-12.webp.webp?fit=1200%2C803&ssl=1&resize=350%2C200 1x, https:\/\/i0.wp.com\/ismaelcolosi.com.br\/wp-content\/uploads\/2024\/08\/piscina_2024-08-17_17-17-12_jpg_2024-08-17_17-17-12.webp.webp?fit=1200%2C803&ssl=1&resize=525%2C300 1.5x, https:\/\/i0.wp.com\/ismaelcolosi.com.br\/wp-content\/uploads\/2024\/08\/piscina_2024-08-17_17-17-12_jpg_2024-08-17_17-17-12.webp.webp?fit=1200%2C803&ssl=1&resize=700%2C400 2x, https:\/\/i0.wp.com\/ismaelcolosi.com.br\/wp-content\/uploads\/2024\/08\/piscina_2024-08-17_17-17-12_jpg_2024-08-17_17-17-12.webp.webp?fit=1200%2C803&ssl=1&resize=1050%2C600 3x"},"classes":[]},{"id":48097,"url":"https:\/\/ismaelcolosi.com.br\/index.php\/2024\/04\/30\/veja-piscinas-gratuitas-para-aproveitar-em-ribeirao-preto-durante-onda-de-calor\/","url_meta":{"origin":71978,"position":2},"title":"Veja piscinas gratuitas para aproveitar em Ribeir\u00e3o Preto durante onda de calor","author":"ismaelcolosi.com.br","date":"30 de April de 2024","format":false,"excerpt":"Uma onda de calor afeta Ribeir\u00e3o Preto desde o dia 22 de abril. De acordo com a meteorologia, um sistema de alta press\u00e3o est\u00e1 bloqueando o avan\u00e7o das chuvas, al\u00e9m de intensificar a circula\u00e7\u00e3o do ar na regi\u00e3o, o que impede a forma\u00e7\u00e3o de nuvens de chuva intensas e eleva\u2026","rel":"","context":"In &quot;Not\u00edcias de Ribeir\u00e3o Preto-SP e Regi\u00e3o&quot;","block_context":{"text":"Not\u00edcias de Ribeir\u00e3o Preto-SP e Regi\u00e3o","link":"https:\/\/ismaelcolosi.com.br\/index.php\/category\/noticias-de-ribeirao-preto-sp-e-regiao-ismael-colosi\/"},"img":{"alt_text":"","src":"https:\/\/i0.wp.com\/ismaelcolosi.com.br\/wp-content\/uploads\/2024\/04\/piscina_da_1200x675_19042022181010.jpg?fit=1200%2C675&ssl=1&resize=350%2C200","width":350,"height":200,"srcset":"https:\/\/i0.wp.com\/ismaelcolosi.com.br\/wp-content\/uploads\/2024\/04\/piscina_da_1200x675_19042022181010.jpg?fit=1200%2C675&ssl=1&resize=350%2C200 1x, https:\/\/i0.wp.com\/ismaelcolosi.com.br\/wp-content\/uploads\/2024\/04\/piscina_da_1200x675_19042022181010.jpg?fit=1200%2C675&ssl=1&resize=525%2C300 1.5x, https:\/\/i0.wp.com\/ismaelcolosi.com.br\/wp-content\/uploads\/2024\/04\/piscina_da_1200x675_19042022181010.jpg?fit=1200%2C675&ssl=1&resize=700%2C400 2x, https:\/\/i0.wp.com\/ismaelcolosi.com.br\/wp-content\/uploads\/2024\/04\/piscina_da_1200x675_19042022181010.jpg?fit=1200%2C675&ssl=1&resize=1050%2C600 3x"},"classes":[]},{"id":11591,"url":"https:\/\/ismaelcolosi.com.br\/index.php\/2023\/12\/06\/5-piscinas-publicas-em-sao-paulo-para-fugir-do-calor-sem-precisar-gastar\/","url_meta":{"origin":71978,"position":3},"title":"5 piscinas p\u00fablicas em S\u00e3o Paulo para fugir do calor sem precisar gastar","author":"ismaelcolosi.com.br","date":"6 de December de 2023","format":false,"excerpt":"Cr\u00e9ditos: Divulga\u00e7\u00e3o\/SEMEConhe\u00e7a algumas piscinas p\u00fablicas em S\u00e3o Paulo Para voc\u00ea que n\u00e3o suporta mais o calor de S\u00e3o Paulo, saiba que voc\u00ea n\u00e3o precisa encarar o congestionamento por horas para chegar \u00e0 praia mais pr\u00f3xima e finalmente se refrescar. A capital paulista est\u00e1 repleta de piscinas p\u00fablicas, onde tudo que\u2026","rel":"","context":"In &quot;Variedades&quot;","block_context":{"text":"Variedades","link":"https:\/\/ismaelcolosi.com.br\/index.php\/category\/variedades\/"},"img":{"alt_text":"","src":"https:\/\/i0.wp.com\/ismaelcolosi.com.br\/wp-content\/uploads\/2023\/12\/piscinas-dos-centros-esportivos-estao-reabertas-para-a-populacao-desde-outubro-scaled-e1701873972305.jpeg?fit=1200%2C638&ssl=1&resize=350%2C200","width":350,"height":200,"srcset":"https:\/\/i0.wp.com\/ismaelcolosi.com.br\/wp-content\/uploads\/2023\/12\/piscinas-dos-centros-esportivos-estao-reabertas-para-a-populacao-desde-outubro-scaled-e1701873972305.jpeg?fit=1200%2C638&ssl=1&resize=350%2C200 1x, https:\/\/i0.wp.com\/ismaelcolosi.com.br\/wp-content\/uploads\/2023\/12\/piscinas-dos-centros-esportivos-estao-reabertas-para-a-populacao-desde-outubro-scaled-e1701873972305.jpeg?fit=1200%2C638&ssl=1&resize=525%2C300 1.5x, https:\/\/i0.wp.com\/ismaelcolosi.com.br\/wp-content\/uploads\/2023\/12\/piscinas-dos-centros-esportivos-estao-reabertas-para-a-populacao-desde-outubro-scaled-e1701873972305.jpeg?fit=1200%2C638&ssl=1&resize=700%2C400 2x, https:\/\/i0.wp.com\/ismaelcolosi.com.br\/wp-content\/uploads\/2023\/12\/piscinas-dos-centros-esportivos-estao-reabertas-para-a-populacao-desde-outubro-scaled-e1701873972305.jpeg?fit=1200%2C638&ssl=1&resize=1050%2C600 3x"},"classes":[]},{"id":59386,"url":"https:\/\/ismaelcolosi.com.br\/index.php\/2024\/08\/08\/unidade-do-sesc-na-regiao-de-ribeirao-tem-11-vagas-de-emprego-inscricoes-vao-ate-amanha\/","url_meta":{"origin":71978,"position":4},"title":"Unidade do Sesc na regi\u00e3o de Ribeir\u00e3o tem 11 vagas de emprego; Inscri\u00e7\u00f5es v\u00e3o at\u00e9 amanh\u00e3","author":"ismaelcolosi.com.br","date":"8 de August de 2024","format":false,"excerpt":"A unidade do Sesc em Franca, na regi\u00e3o de Ribeir\u00e3o Preto, est\u00e1 com processo seletivo aberto para vagas de emprego at\u00e9 esta sexta-feira (9), \u00e0s 18h. As inscri\u00e7\u00f5es podem ser feitas on-line e ao todo s\u00e3o 11 oportunidades de emprego. As oportunidades s\u00e3o para n\u00edvel m\u00e9dio e t\u00e9cnico nas seguintes\u2026","rel":"","context":"In &quot;Not\u00edcias de Ribeir\u00e3o Preto-SP e Regi\u00e3o&quot;","block_context":{"text":"Not\u00edcias de Ribeir\u00e3o Preto-SP e Regi\u00e3o","link":"https:\/\/ismaelcolosi.com.br\/index.php\/category\/noticias-de-ribeirao-preto-sp-e-regiao-ismael-colosi\/"},"img":{"alt_text":"","src":"https:\/\/i0.wp.com\/ismaelcolosi.com.br\/wp-content\/uploads\/2024\/08\/Copia-de-Copia-de-TAMANHO-EXATO-PARA-FOTOS-NO-SISTEMA-NOVO-35_2024-08-08_12-54-13_jpg_2024-08-08_12-54-14.webp.webp?fit=1200%2C675&ssl=1&resize=350%2C200","width":350,"height":200,"srcset":"https:\/\/i0.wp.com\/ismaelcolosi.com.br\/wp-content\/uploads\/2024\/08\/Copia-de-Copia-de-TAMANHO-EXATO-PARA-FOTOS-NO-SISTEMA-NOVO-35_2024-08-08_12-54-13_jpg_2024-08-08_12-54-14.webp.webp?fit=1200%2C675&ssl=1&resize=350%2C200 1x, https:\/\/i0.wp.com\/ismaelcolosi.com.br\/wp-content\/uploads\/2024\/08\/Copia-de-Copia-de-TAMANHO-EXATO-PARA-FOTOS-NO-SISTEMA-NOVO-35_2024-08-08_12-54-13_jpg_2024-08-08_12-54-14.webp.webp?fit=1200%2C675&ssl=1&resize=525%2C300 1.5x, https:\/\/i0.wp.com\/ismaelcolosi.com.br\/wp-content\/uploads\/2024\/08\/Copia-de-Copia-de-TAMANHO-EXATO-PARA-FOTOS-NO-SISTEMA-NOVO-35_2024-08-08_12-54-13_jpg_2024-08-08_12-54-14.webp.webp?fit=1200%2C675&ssl=1&resize=700%2C400 2x, https:\/\/i0.wp.com\/ismaelcolosi.com.br\/wp-content\/uploads\/2024\/08\/Copia-de-Copia-de-TAMANHO-EXATO-PARA-FOTOS-NO-SISTEMA-NOVO-35_2024-08-08_12-54-13_jpg_2024-08-08_12-54-14.webp.webp?fit=1200%2C675&ssl=1&resize=1050%2C600 3x"},"classes":[]},{"id":76500,"url":"https:\/\/ismaelcolosi.com.br\/index.php\/2024\/11\/13\/sesc-franca-divulga-programacao-inaugural-confira-as-atracoes\/","url_meta":{"origin":71978,"position":5},"title":"Sesc Franca divulga programa\u00e7\u00e3o inaugural; confira as atra\u00e7\u00f5es","author":"ismaelcolosi.com.br","date":"13 de November de 2024","format":false,"excerpt":"Na manh\u00e3 desta quarta-feira (13), foi divulgada a programa\u00e7\u00e3o de inaugura\u00e7\u00e3o do Sesc Franca. A unidade vai receber nomes que s\u00e3o refer\u00eancia nas artes e no esporte brasileiro, al\u00e9m de expoentes da nova gera\u00e7\u00e3o. Vale lembrar que a entrada \u00e9 gratuita, por\u00e9m precisa retirar o ingresso previamente para alguns eventos.\u2026","rel":"","context":"In &quot;Not\u00edcias de Ribeir\u00e3o Preto-SP e Regi\u00e3o&quot;","block_context":{"text":"Not\u00edcias de Ribeir\u00e3o Preto-SP e Regi\u00e3o","link":"https:\/\/ismaelcolosi.com.br\/index.php\/category\/noticias-de-ribeirao-preto-sp-e-regiao-ismael-colosi\/"},"img":{"alt_text":"","src":"https:\/\/i0.wp.com\/ismaelcolosi.com.br\/wp-content\/uploads\/2024\/11\/sesc-franca-inauguracao_2024-11-13_20-08-09_png_2024-11-13_20-08-09.webp.webp?fit=800%2C400&ssl=1&resize=350%2C200","width":350,"height":200,"srcset":"https:\/\/i0.wp.com\/ismaelcolosi.com.br\/wp-content\/uploads\/2024\/11\/sesc-franca-inauguracao_2024-11-13_20-08-09_png_2024-11-13_20-08-09.webp.webp?fit=800%2C400&ssl=1&resize=350%2C200 1x, https:\/\/i0.wp.com\/ismaelcolosi.com.br\/wp-content\/uploads\/2024\/11\/sesc-franca-inauguracao_2024-11-13_20-08-09_png_2024-11-13_20-08-09.webp.webp?fit=800%2C400&ssl=1&resize=525%2C300 1.5x, https:\/\/i0.wp.com\/ismaelcolosi.com.br\/wp-content\/uploads\/2024\/11\/sesc-franca-inauguracao_2024-11-13_20-08-09_png_2024-11-13_20-08-09.webp.webp?fit=800%2C400&ssl=1&resize=700%2C400 2x"},"classes":[]}],"jetpack_sharing_enabled":true,"jetpack_shortlink":"https:\/\/wp.me\/pfMlyK-iIW","_links":{"self":[{"href":"https:\/\/ismaelcolosi.com.br\/index.php\/wp-json\/wp\/v2\/posts\/71978","targetHints":{"allow":["GET"]}}],"collection":[{"href":"https:\/\/ismaelcolosi.com.br\/index.php\/wp-json\/wp\/v2\/posts"}],"about":[{"href":"https:\/\/ismaelcolosi.com.br\/index.php\/wp-json\/wp\/v2\/types\/post"}],"author":[{"embeddable":true,"href":"https:\/\/ismaelcolosi.com.br\/index.php\/wp-json\/wp\/v2\/users\/1"}],"replies":[{"embeddable":true,"href":"https:\/\/ismaelcolosi.com.br\/index.php\/wp-json\/wp\/v2\/comments?post=71978"}],"version-history":[{"count":0,"href":"https:\/\/ismaelcolosi.com.br\/index.php\/wp-json\/wp\/v2\/posts\/71978\/revisions"}],"wp:featuredmedia":[{"embeddable":true,"href":"https:\/\/ismaelcolosi.com.br\/index.php\/wp-json\/wp\/v2\/media\/71947"}],"wp:attachment":[{"href":"https:\/\/ismaelcolosi.com.br\/index.php\/wp-json\/wp\/v2\/media?parent=71978"}],"wp:term":[{"taxonomy":"category","embeddable":true,"href":"https:\/\/ismaelcolosi.com.br\/index.php\/wp-json\/wp\/v2\/categories?post=71978"},{"taxonomy":"post_tag","embeddable":true,"href":"https:\/\/ismaelcolosi.com.br\/index.php\/wp-json\/wp\/v2\/tags?post=71978"}],"curies":[{"name":"wp","href":"https:\/\/api.w.org\/{rel}","templated":true}]}}