{"id":71972,"date":"2024-10-18T16:34:01","date_gmt":"2024-10-18T19:34:01","guid":{"rendered":"https:\/\/ismaelcolosi.com.br\/index.php\/2024\/10\/18\/globo-reporter-exibe-coproducao-da-eptv-sobre-o-universo-dos-temperos\/"},"modified":"2024-10-18T16:34:01","modified_gmt":"2024-10-18T19:34:01","slug":"globo-reporter-exibe-coproducao-da-eptv-sobre-o-universo-dos-temperos","status":"publish","type":"post","link":"https:\/\/ismaelcolosi.com.br\/index.php\/2024\/10\/18\/globo-reporter-exibe-coproducao-da-eptv-sobre-o-universo-dos-temperos\/","title":{"rendered":"Globo Rep\u00f3rter exibe coprodu\u00e7\u00e3o da EPTV sobre o universo dos temperos"},"content":{"rendered":"<p> <br \/>\n<\/p>\n<div>\n<p>A <strong>EPTV<\/strong>, emissora do <strong><a href=\"https:\/\/www.empresaspioneiras.com.br\/\" target=\"_blank\" rel=\"noreferrer noopener\">Grupo EP<\/a><\/strong> e afiliada da <strong>TV Globo<\/strong>, exibe nesta sexta-feira (18), uma coprodu\u00e7\u00e3o com o <strong>Globo Rep\u00f3rter<\/strong> que revela o <strong>universo dos temperos<\/strong> nas regi\u00f5es de <strong>Ribeir\u00e3o Preto<\/strong> e <strong>Campinas<\/strong>, onde se concentram algumas das planta\u00e7\u00f5es mais importantes do pa\u00eds.<\/p>\n<p>A reportagem \u00e9 fruto de um trabalho que come\u00e7ou em <strong>fevereiro <\/strong>de 2024 e levou seis meses para terminar. Para o rep\u00f3rter <strong>Dirceu Martins<\/strong>, o material ser\u00e1 uma grande viagem, j\u00e1 que a <strong>hist\u00f3ria dos temperos \u00e9 extensa e rodou o planeta<\/strong>.<\/p>\n<figure class=\"wp-block-pullquote\">\n<blockquote>\n<p>Vai ser uma viagem muito grande, porque dessa vez os temperos s\u00e3o os viajantes. Eles deram a volta no planeta antes de chegar com for\u00e7a ao nosso prato<\/p>\n<p><cite>Dirceu Martins, durante entrevista \u00e0 EPTV<\/cite><\/p><\/blockquote>\n<\/figure>\n<p>Durante a produ\u00e7\u00e3o, a equipe da <strong>EPTV <\/strong>visitou diversos munic\u00edpios das regi\u00f5es mencionadas, como por exemplo, <strong>Holambra<\/strong>, onde dois irm\u00e3os largaram tudo para plantar <strong>pimentas <\/strong>e hoje possuem, pelo menos, 50 variedades \u2013 o epis\u00f3dio, inclusive, apresenta uma <strong>pesquisa in\u00e9dita<\/strong> sobre as propriedades da ard\u00eancia das pimentas vermelha.<\/p>\n<p>Em <strong>Cravinhos<\/strong>, a equipe visitou uma <strong>agrofloresta <\/strong>que produz a <strong>c\u00farcuma<\/strong>, uma especiaria com<strong> diversos benef\u00edcios para a sa\u00fade<\/strong>.<\/p>\n<p>\u00a0\u201cO poder dos temperos \u00e9 imenso. E para voc\u00ea aprender a controlar esse poder, \u00e0s vezes leva uma vida. Ent\u00e3o a gente foi atr\u00e1s das pessoas que sabem o que est\u00e3o falando e sabem o que est\u00e3o fazendo\u201d, refor\u00e7a o jornalista. <\/p>\n<p><mark style=\"background-color:#fcb900\" class=\"has-inline-color\">O <strong>Globo Rep\u00f3rter<\/strong> especial sobre <strong>temperos<\/strong>, uma coprodu\u00e7\u00e3o da <strong>EPTV<\/strong>, vai ao ar logo ap\u00f3s a novela \u201cMania de Voc\u00ea\u201d.<\/mark><\/p>\n<hr class=\"wp-block-separator has-alpha-channel-opacity\"\/>\n<p>SAIBA MAIS<\/p>\n<p>Confira o que se sabe sobre abertura do novo Sesc na regi\u00e3o de Ribeir\u00e3o<\/p>\n<h4 class=\"wp-block-heading\"><strong>FIQUE ON<\/strong><\/h4>\n<p>Fique ligado em tudo que acontece em Ribeir\u00e3o Preto e regi\u00e3o. Siga os perfis do\u00a0<strong>acidade on\u00a0<\/strong>no\u00a0<a href=\"https:\/\/www.instagram.com\/acidadeonribeirao\" target=\"_blank\" rel=\"noreferrer noopener\">Instagram<\/a>\u00a0e no\u00a0<a href=\"https:\/\/www.facebook.com\/acidadeonribeirao\" target=\"_blank\" rel=\"noreferrer noopener\">Facebook<\/a>.<\/p>\n<p>Receba not\u00edcias do\u00a0<strong>acidade on<\/strong>\u00a0no WhatsApp. Para entrar no grupo, basta\u00a0<a href=\"https:\/\/chat.whatsapp.com\/Dtv9mxhy6V5BJBotM2OQ5k\" target=\"_blank\" rel=\"noreferrer noopener\">clicar aqui<\/a>.<\/p>\n<p>Fa\u00e7a uma den\u00fancia ou sugira uma reportagem sobre Ribeir\u00e3o Preto e regi\u00e3o pelo WhatsApp: 16 99117 7802.<\/p>\n<p>VEJA TAMB\u00c9M<\/p>\n<p>Quem \u00e9 a esposa do Man\u00edaco do Parque?<\/p>\n<p><!-- CONTENT END 1 -->\n<\/div>\n<p><script async src=\"\/\/www.instagram.com\/embed.js\"><\/script><br \/>\n<br \/><br \/>\n<br \/><a href=\"https:\/\/www.acidadeon.com\/ribeiraopreto\/cotidiano\/globo-reporter-exibe-coproducao-da-eptv-sobre-o-universo-dos-temperos\/\">Source link <\/a><\/p>\n","protected":false},"excerpt":{"rendered":"<p>A EPTV, emissora do Grupo EP e afiliada da TV Globo, exibe nesta sexta-feira (18), uma coprodu\u00e7\u00e3o com o Globo Rep\u00f3rter que revela o universo&#8230;<\/p>\n","protected":false},"author":1,"featured_media":71973,"comment_status":"open","ping_status":"open","sticky":false,"template":"","format":"standard","meta":{"_uag_custom_page_level_css":"","advanced_seo_description":"","jetpack_seo_html_title":"","jetpack_seo_noindex":false,"jetpack_post_was_ever_published":false,"_jetpack_newsletter_access":"","_jetpack_dont_email_post_to_subs":false,"_jetpack_newsletter_tier_id":0,"_jetpack_memberships_contains_paywalled_content":false,"_jetpack_memberships_contains_paid_content":false,"footnotes":"","jetpack_publicize_message":"","jetpack_publicize_feature_enabled":true,"jetpack_social_post_already_shared":true,"jetpack_social_options":{"image_generator_settings":{"template":"highway","default_image_id":0,"font":"","enabled":false},"version":2}},"categories":[11],"tags":[],"class_list":["post-71972","post","type-post","status-publish","format-standard","has-post-thumbnail","hentry","category-noticias-de-ribeirao-preto-sp-e-regiao-ismael-colosi"],"jetpack_publicize_connections":[],"jetpack_featured_media_url":"https:\/\/i0.wp.com\/ismaelcolosi.com.br\/wp-content\/uploads\/2024\/10\/Copia-de-Copia-de-Copia-de-TAMANHO-EXATO-PARA-FOTOS-NO-SISTEMA-NOVO-2024-10-18T155300.251_2024-10-18_18-53-20_png_2024-10-18_18-53-20.webp.webp?fit=1200%2C675&ssl=1","uagb_featured_image_src":{"full":["https:\/\/i0.wp.com\/ismaelcolosi.com.br\/wp-content\/uploads\/2024\/10\/Copia-de-Copia-de-Copia-de-TAMANHO-EXATO-PARA-FOTOS-NO-SISTEMA-NOVO-2024-10-18T155300.251_2024-10-18_18-53-20_png_2024-10-18_18-53-20.webp.webp?fit=1200%2C675&ssl=1",1200,675,false],"thumbnail":["https:\/\/i0.wp.com\/ismaelcolosi.com.br\/wp-content\/uploads\/2024\/10\/Copia-de-Copia-de-Copia-de-TAMANHO-EXATO-PARA-FOTOS-NO-SISTEMA-NOVO-2024-10-18T155300.251_2024-10-18_18-53-20_png_2024-10-18_18-53-20.webp.webp?resize=150%2C150&ssl=1",150,150,true],"medium":["https:\/\/i0.wp.com\/ismaelcolosi.com.br\/wp-content\/uploads\/2024\/10\/Copia-de-Copia-de-Copia-de-TAMANHO-EXATO-PARA-FOTOS-NO-SISTEMA-NOVO-2024-10-18T155300.251_2024-10-18_18-53-20_png_2024-10-18_18-53-20.webp.webp?fit=300%2C169&ssl=1",300,169,true],"medium_large":["https:\/\/i0.wp.com\/ismaelcolosi.com.br\/wp-content\/uploads\/2024\/10\/Copia-de-Copia-de-Copia-de-TAMANHO-EXATO-PARA-FOTOS-NO-SISTEMA-NOVO-2024-10-18T155300.251_2024-10-18_18-53-20_png_2024-10-18_18-53-20.webp.webp?fit=768%2C432&ssl=1",768,432,true],"large":["https:\/\/i0.wp.com\/ismaelcolosi.com.br\/wp-content\/uploads\/2024\/10\/Copia-de-Copia-de-Copia-de-TAMANHO-EXATO-PARA-FOTOS-NO-SISTEMA-NOVO-2024-10-18T155300.251_2024-10-18_18-53-20_png_2024-10-18_18-53-20.webp.webp?fit=1024%2C576&ssl=1",1024,576,true],"1536x1536":["https:\/\/i0.wp.com\/ismaelcolosi.com.br\/wp-content\/uploads\/2024\/10\/Copia-de-Copia-de-Copia-de-TAMANHO-EXATO-PARA-FOTOS-NO-SISTEMA-NOVO-2024-10-18T155300.251_2024-10-18_18-53-20_png_2024-10-18_18-53-20.webp.webp?fit=1200%2C675&ssl=1",1200,675,true],"2048x2048":["https:\/\/i0.wp.com\/ismaelcolosi.com.br\/wp-content\/uploads\/2024\/10\/Copia-de-Copia-de-Copia-de-TAMANHO-EXATO-PARA-FOTOS-NO-SISTEMA-NOVO-2024-10-18T155300.251_2024-10-18_18-53-20_png_2024-10-18_18-53-20.webp.webp?fit=1200%2C675&ssl=1",1200,675,true],"really-simple-thumb":["https:\/\/i0.wp.com\/ismaelcolosi.com.br\/wp-content\/uploads\/2024\/10\/Copia-de-Copia-de-Copia-de-TAMANHO-EXATO-PARA-FOTOS-NO-SISTEMA-NOVO-2024-10-18T155300.251_2024-10-18_18-53-20_png_2024-10-18_18-53-20.webp.webp?resize=370%2C247&ssl=1",370,247,true]},"uagb_author_info":{"display_name":"ismaelcolosi.com.br","author_link":"https:\/\/ismaelcolosi.com.br\/index.php\/author\/vidareal-online\/"},"uagb_comment_info":0,"uagb_excerpt":"A EPTV, emissora do Grupo EP e afiliada da TV Globo, exibe nesta sexta-feira (18), uma coprodu\u00e7\u00e3o com o Globo Rep\u00f3rter que revela o universo...","jetpack-related-posts":[{"id":68334,"url":"https:\/\/ismaelcolosi.com.br\/index.php\/2024\/09\/29\/eptv-comemora-aniversario-de-45-anos-com-episodio-especial-do-globo-reporter\/","url_meta":{"origin":71972,"position":0},"title":"EPTV comemora anivers\u00e1rio de 45 anos com epis\u00f3dio especial do Globo Rep\u00f3rter","author":"ismaelcolosi.com.br","date":"29 de September de 2024","format":false,"excerpt":"A EPTV, emissora do Grupo EP e afiliada \u00e0 Globo, comemora seu anivers\u00e1rio de 45 anos dia 1\u00ba de outubro com um epis\u00f3dio especial no Globo Rep\u00f3rter, produzido exclusivamente pela emissora do interior paulista e sul de Minas Gerais.O epis\u00f3dio aborda as tecnologias do futuro e conta hist\u00f3rias de pessoas\u2026","rel":"","context":"In &quot;Not\u00edcias de Ribeir\u00e3o Preto-SP e Regi\u00e3o&quot;","block_context":{"text":"Not\u00edcias de Ribeir\u00e3o Preto-SP e Regi\u00e3o","link":"https:\/\/ismaelcolosi.com.br\/index.php\/category\/noticias-de-ribeirao-preto-sp-e-regiao-ismael-colosi\/"},"img":{"alt_text":"","src":"https:\/\/i0.wp.com\/ismaelcolosi.com.br\/wp-content\/uploads\/2024\/09\/eptv_2024-09-28_15-04-44_jpg_2024-09-28_15-04-44.webp.webp?fit=1200%2C900&ssl=1&resize=350%2C200","width":350,"height":200,"srcset":"https:\/\/i0.wp.com\/ismaelcolosi.com.br\/wp-content\/uploads\/2024\/09\/eptv_2024-09-28_15-04-44_jpg_2024-09-28_15-04-44.webp.webp?fit=1200%2C900&ssl=1&resize=350%2C200 1x, https:\/\/i0.wp.com\/ismaelcolosi.com.br\/wp-content\/uploads\/2024\/09\/eptv_2024-09-28_15-04-44_jpg_2024-09-28_15-04-44.webp.webp?fit=1200%2C900&ssl=1&resize=525%2C300 1.5x, https:\/\/i0.wp.com\/ismaelcolosi.com.br\/wp-content\/uploads\/2024\/09\/eptv_2024-09-28_15-04-44_jpg_2024-09-28_15-04-44.webp.webp?fit=1200%2C900&ssl=1&resize=700%2C400 2x, https:\/\/i0.wp.com\/ismaelcolosi.com.br\/wp-content\/uploads\/2024\/09\/eptv_2024-09-28_15-04-44_jpg_2024-09-28_15-04-44.webp.webp?fit=1200%2C900&ssl=1&resize=1050%2C600 3x"},"classes":[]},{"id":88169,"url":"https:\/\/ismaelcolosi.com.br\/index.php\/2025\/11\/06\/clique-aqui-e-veja-as-vagas-de-emprego-na-eptv-ribeirao-preto-sp-34\/","url_meta":{"origin":71972,"position":1},"title":"Clique aqui e veja as vagas de emprego na EPTV Ribeir\u00e3o Preto-SP","author":"ismaelcolosi.com.br","date":"6 de November de 2025","format":false,"excerpt":"18 Jobs in Worldwide Rep\u00f3rter de Entretenimento Rep\u00f3rter de Entretenimento EPTV Campinas, S\u00e3o Paulo, Brazil 4 weeks ago Banco de Talentos \u2013 Jovem Aprendiz Banco de Talentos \u2013 Jovem Aprendiz EPTV Campinas, S\u00e3o Paulo, Brazil 3 weeks ago Banco de Talentos \u2013 Est\u00e1gio Banco de Talentos \u2013 Est\u00e1gio EPTV Campinas,\u2026","rel":"","context":"In &quot;Vagas de Emprego em Ribeir\u00e3o Preto-SP&quot;","block_context":{"text":"Vagas de Emprego em Ribeir\u00e3o Preto-SP","link":"https:\/\/ismaelcolosi.com.br\/index.php\/category\/empregos-classificados-vagas-trabalho\/vagas-de-empregos-em-ribeirao-preto-regiao-brasil\/"},"img":{"alt_text":"","src":"https:\/\/i0.wp.com\/ismaelcolosi.com.br\/wp-content\/uploads\/2025\/11\/latest.webp?fit=1200%2C675&ssl=1&resize=350%2C200","width":350,"height":200,"srcset":"https:\/\/i0.wp.com\/ismaelcolosi.com.br\/wp-content\/uploads\/2025\/11\/latest.webp?fit=1200%2C675&ssl=1&resize=350%2C200 1x, https:\/\/i0.wp.com\/ismaelcolosi.com.br\/wp-content\/uploads\/2025\/11\/latest.webp?fit=1200%2C675&ssl=1&resize=525%2C300 1.5x, https:\/\/i0.wp.com\/ismaelcolosi.com.br\/wp-content\/uploads\/2025\/11\/latest.webp?fit=1200%2C675&ssl=1&resize=700%2C400 2x, https:\/\/i0.wp.com\/ismaelcolosi.com.br\/wp-content\/uploads\/2025\/11\/latest.webp?fit=1200%2C675&ssl=1&resize=1050%2C600 3x"},"classes":[]},{"id":88008,"url":"https:\/\/ismaelcolosi.com.br\/index.php\/2025\/10\/22\/clique-aqui-e-veja-as-vagas-de-emprego-na-eptv-ribeirao-preto-sp-33\/","url_meta":{"origin":71972,"position":2},"title":"Clique aqui e veja as vagas de emprego na EPTV Ribeir\u00e3o Preto-SP","author":"ismaelcolosi.com.br","date":"22 de October de 2025","format":false,"excerpt":"17 Jobs in Worldwide Banco de Talentos \u2013 Jovem Aprendiz Banco de Talentos \u2013 Jovem Aprendiz EPTV Campinas, S\u00e3o Paulo, Brazil Closing soon 8 months ago Est\u00e1gio em Manute\u00e7\u00e3o Audiovisual Est\u00e1gio em Manute\u00e7\u00e3o Audiovisual EPTV Campinas, S\u00e3o Paulo, Brazil Closing soon 8 months ago Est\u00e1gio em Jornalismo Est\u00e1gio em Jornalismo\u2026","rel":"","context":"In &quot;Vagas de Emprego em Ribeir\u00e3o Preto-SP&quot;","block_context":{"text":"Vagas de Emprego em Ribeir\u00e3o Preto-SP","link":"https:\/\/ismaelcolosi.com.br\/index.php\/category\/empregos-classificados-vagas-trabalho\/vagas-de-empregos-em-ribeirao-preto-regiao-brasil\/"},"img":{"alt_text":"","src":"https:\/\/i0.wp.com\/ismaelcolosi.com.br\/wp-content\/uploads\/2025\/10\/1761146826_latest.jpeg?fit=1200%2C675&ssl=1&resize=350%2C200","width":350,"height":200,"srcset":"https:\/\/i0.wp.com\/ismaelcolosi.com.br\/wp-content\/uploads\/2025\/10\/1761146826_latest.jpeg?fit=1200%2C675&ssl=1&resize=350%2C200 1x, https:\/\/i0.wp.com\/ismaelcolosi.com.br\/wp-content\/uploads\/2025\/10\/1761146826_latest.jpeg?fit=1200%2C675&ssl=1&resize=525%2C300 1.5x, https:\/\/i0.wp.com\/ismaelcolosi.com.br\/wp-content\/uploads\/2025\/10\/1761146826_latest.jpeg?fit=1200%2C675&ssl=1&resize=700%2C400 2x, https:\/\/i0.wp.com\/ismaelcolosi.com.br\/wp-content\/uploads\/2025\/10\/1761146826_latest.jpeg?fit=1200%2C675&ssl=1&resize=1050%2C600 3x"},"classes":[]},{"id":68862,"url":"https:\/\/ismaelcolosi.com.br\/index.php\/2024\/10\/02\/tudo-sobre-o-debate-da-eptv-entre-os-candidatos-a-prefeitura-de-ribeirao-preto\/","url_meta":{"origin":71972,"position":3},"title":"Tudo sobre o debate da EPTV entre os candidatos \u00e0 Prefeitura de Ribeir\u00e3o Preto","author":"ismaelcolosi.com.br","date":"2 de October de 2024","format":false,"excerpt":"O debate da EPTV entre os candidatos \u00e0 Prefeitura de Ribeir\u00e3o Preto acontece nesta quinta-feira (3), \u00e0s 22h. O embate ser\u00e1 exibido ao vivo pela EPTV Ribeir\u00e3o e transmitido no portal g1 Ribeir\u00e3o Preto, CBN Ribeir\u00e3o Preto e site do portal acidade on Ribeir\u00e3o Preto. Participam do debate os candidatos\u2026","rel":"","context":"In &quot;Not\u00edcias de Ribeir\u00e3o Preto-SP e Regi\u00e3o&quot;","block_context":{"text":"Not\u00edcias de Ribeir\u00e3o Preto-SP e Regi\u00e3o","link":"https:\/\/ismaelcolosi.com.br\/index.php\/category\/noticias-de-ribeirao-preto-sp-e-regiao-ismael-colosi\/"},"img":{"alt_text":"","src":"https:\/\/i0.wp.com\/ismaelcolosi.com.br\/wp-content\/uploads\/2024\/09\/eleicoes-2024_2024-09-22_18-03-07_jpeg_2024-09-22_18-03-07.webp.webp?fit=1200%2C674&ssl=1&resize=350%2C200","width":350,"height":200,"srcset":"https:\/\/i0.wp.com\/ismaelcolosi.com.br\/wp-content\/uploads\/2024\/09\/eleicoes-2024_2024-09-22_18-03-07_jpeg_2024-09-22_18-03-07.webp.webp?fit=1200%2C674&ssl=1&resize=350%2C200 1x, https:\/\/i0.wp.com\/ismaelcolosi.com.br\/wp-content\/uploads\/2024\/09\/eleicoes-2024_2024-09-22_18-03-07_jpeg_2024-09-22_18-03-07.webp.webp?fit=1200%2C674&ssl=1&resize=525%2C300 1.5x, https:\/\/i0.wp.com\/ismaelcolosi.com.br\/wp-content\/uploads\/2024\/09\/eleicoes-2024_2024-09-22_18-03-07_jpeg_2024-09-22_18-03-07.webp.webp?fit=1200%2C674&ssl=1&resize=700%2C400 2x, https:\/\/i0.wp.com\/ismaelcolosi.com.br\/wp-content\/uploads\/2024\/09\/eleicoes-2024_2024-09-22_18-03-07_jpeg_2024-09-22_18-03-07.webp.webp?fit=1200%2C674&ssl=1&resize=1050%2C600 3x"},"classes":[]},{"id":88331,"url":"https:\/\/ismaelcolosi.com.br\/index.php\/2025\/12\/03\/clique-aqui-e-veja-as-vagas-de-emprego-na-eptv-ribeirao-preto-sp-35\/","url_meta":{"origin":71972,"position":4},"title":"Clique aqui e veja as vagas de emprego na EPTV Ribeir\u00e3o Preto-SP","author":"ismaelcolosi.com.br","date":"3 de December de 2025","format":false,"excerpt":"15 Jobs in Worldwide Rep\u00f3rter de Entretenimento Rep\u00f3rter de Entretenimento EPTV Campinas, S\u00e3o Paulo, Brazil 1 month ago Banco de Talentos \u2013 Jovem Aprendiz Banco de Talentos \u2013 Jovem Aprendiz EPTV Campinas, S\u00e3o Paulo, Brazil 1 month ago Banco de Talentos \u2013 Est\u00e1gio Banco de Talentos \u2013 Est\u00e1gio EPTV Campinas,\u2026","rel":"","context":"In &quot;Vagas de Emprego em Ribeir\u00e3o Preto-SP&quot;","block_context":{"text":"Vagas de Emprego em Ribeir\u00e3o Preto-SP","link":"https:\/\/ismaelcolosi.com.br\/index.php\/category\/empregos-classificados-vagas-trabalho\/vagas-de-empregos-em-ribeirao-preto-regiao-brasil\/"},"img":{"alt_text":"","src":"https:\/\/i0.wp.com\/ismaelcolosi.com.br\/wp-content\/uploads\/2025\/11\/latest.webp?fit=1200%2C675&ssl=1&resize=350%2C200","width":350,"height":200,"srcset":"https:\/\/i0.wp.com\/ismaelcolosi.com.br\/wp-content\/uploads\/2025\/11\/latest.webp?fit=1200%2C675&ssl=1&resize=350%2C200 1x, https:\/\/i0.wp.com\/ismaelcolosi.com.br\/wp-content\/uploads\/2025\/11\/latest.webp?fit=1200%2C675&ssl=1&resize=525%2C300 1.5x, https:\/\/i0.wp.com\/ismaelcolosi.com.br\/wp-content\/uploads\/2025\/11\/latest.webp?fit=1200%2C675&ssl=1&resize=700%2C400 2x, https:\/\/i0.wp.com\/ismaelcolosi.com.br\/wp-content\/uploads\/2025\/11\/latest.webp?fit=1200%2C675&ssl=1&resize=1050%2C600 3x"},"classes":[]},{"id":59427,"url":"https:\/\/ismaelcolosi.com.br\/index.php\/2024\/08\/08\/rodrigo-bocardi-e-atracao-da-feira-do-livro-de-ribeirao-preto-nesta-sexta\/","url_meta":{"origin":71972,"position":5},"title":"Rodrigo Bocardi \u00e9 atra\u00e7\u00e3o da Feira do Livro de Ribeir\u00e3o Preto nesta sexta","author":"ismaelcolosi.com.br","date":"8 de August de 2024","format":false,"excerpt":"A 23\u00aa Feira Internacional do Livro de Ribeir\u00e3o Preto tem como destaque em sua programa\u00e7\u00e3o de sexta-feira (9) o jornalista Rodrigo Bocardi, apresentador do \u201cBom Dia S\u00e3o Paulo\u201d, da TV Globo\/EPTV. Rodrigo ir\u00e1 participar de um bate-papo sobre a carreira profissional e temas debatidos na sociedade contempor\u00e2nea, \u00e0s 18h30, no\u2026","rel":"","context":"In &quot;Not\u00edcias de Ribeir\u00e3o Preto-SP e Regi\u00e3o&quot;","block_context":{"text":"Not\u00edcias de Ribeir\u00e3o Preto-SP e Regi\u00e3o","link":"https:\/\/ismaelcolosi.com.br\/index.php\/category\/noticias-de-ribeirao-preto-sp-e-regiao-ismael-colosi\/"},"img":{"alt_text":"","src":"https:\/\/i0.wp.com\/ismaelcolosi.com.br\/wp-content\/uploads\/2024\/08\/Copia-de-Copia-de-TAMANHO-EXATO-PARA-FOTOS-NO-SISTEMA-NOVO-36_2024-08-08_14-00-52_jpg_2024-08-08_14-00-52.webp.webp?fit=1200%2C675&ssl=1&resize=350%2C200","width":350,"height":200,"srcset":"https:\/\/i0.wp.com\/ismaelcolosi.com.br\/wp-content\/uploads\/2024\/08\/Copia-de-Copia-de-TAMANHO-EXATO-PARA-FOTOS-NO-SISTEMA-NOVO-36_2024-08-08_14-00-52_jpg_2024-08-08_14-00-52.webp.webp?fit=1200%2C675&ssl=1&resize=350%2C200 1x, https:\/\/i0.wp.com\/ismaelcolosi.com.br\/wp-content\/uploads\/2024\/08\/Copia-de-Copia-de-TAMANHO-EXATO-PARA-FOTOS-NO-SISTEMA-NOVO-36_2024-08-08_14-00-52_jpg_2024-08-08_14-00-52.webp.webp?fit=1200%2C675&ssl=1&resize=525%2C300 1.5x, https:\/\/i0.wp.com\/ismaelcolosi.com.br\/wp-content\/uploads\/2024\/08\/Copia-de-Copia-de-TAMANHO-EXATO-PARA-FOTOS-NO-SISTEMA-NOVO-36_2024-08-08_14-00-52_jpg_2024-08-08_14-00-52.webp.webp?fit=1200%2C675&ssl=1&resize=700%2C400 2x, https:\/\/i0.wp.com\/ismaelcolosi.com.br\/wp-content\/uploads\/2024\/08\/Copia-de-Copia-de-TAMANHO-EXATO-PARA-FOTOS-NO-SISTEMA-NOVO-36_2024-08-08_14-00-52_jpg_2024-08-08_14-00-52.webp.webp?fit=1200%2C675&ssl=1&resize=1050%2C600 3x"},"classes":[]}],"jetpack_sharing_enabled":true,"jetpack_shortlink":"https:\/\/wp.me\/pfMlyK-iIQ","_links":{"self":[{"href":"https:\/\/ismaelcolosi.com.br\/index.php\/wp-json\/wp\/v2\/posts\/71972","targetHints":{"allow":["GET"]}}],"collection":[{"href":"https:\/\/ismaelcolosi.com.br\/index.php\/wp-json\/wp\/v2\/posts"}],"about":[{"href":"https:\/\/ismaelcolosi.com.br\/index.php\/wp-json\/wp\/v2\/types\/post"}],"author":[{"embeddable":true,"href":"https:\/\/ismaelcolosi.com.br\/index.php\/wp-json\/wp\/v2\/users\/1"}],"replies":[{"embeddable":true,"href":"https:\/\/ismaelcolosi.com.br\/index.php\/wp-json\/wp\/v2\/comments?post=71972"}],"version-history":[{"count":0,"href":"https:\/\/ismaelcolosi.com.br\/index.php\/wp-json\/wp\/v2\/posts\/71972\/revisions"}],"wp:featuredmedia":[{"embeddable":true,"href":"https:\/\/ismaelcolosi.com.br\/index.php\/wp-json\/wp\/v2\/media\/71973"}],"wp:attachment":[{"href":"https:\/\/ismaelcolosi.com.br\/index.php\/wp-json\/wp\/v2\/media?parent=71972"}],"wp:term":[{"taxonomy":"category","embeddable":true,"href":"https:\/\/ismaelcolosi.com.br\/index.php\/wp-json\/wp\/v2\/categories?post=71972"},{"taxonomy":"post_tag","embeddable":true,"href":"https:\/\/ismaelcolosi.com.br\/index.php\/wp-json\/wp\/v2\/tags?post=71972"}],"curies":[{"name":"wp","href":"https:\/\/api.w.org\/{rel}","templated":true}]}}