{"id":71960,"date":"2024-10-18T16:17:16","date_gmt":"2024-10-18T19:17:16","guid":{"rendered":"https:\/\/ismaelcolosi.com.br\/index.php\/2024\/10\/18\/ribeirao-preto-recebe-feira-de-adocao-com-150-animais-veja-como-participar\/"},"modified":"2024-10-18T16:17:16","modified_gmt":"2024-10-18T19:17:16","slug":"ribeirao-preto-recebe-feira-de-adocao-com-150-animais-veja-como-participar","status":"publish","type":"post","link":"https:\/\/ismaelcolosi.com.br\/index.php\/2024\/10\/18\/ribeirao-preto-recebe-feira-de-adocao-com-150-animais-veja-como-participar\/","title":{"rendered":"Ribeir\u00e3o Preto recebe feira de ado\u00e7\u00e3o com 150 animais; Veja como participar"},"content":{"rendered":"<p> <br \/>\n<\/p>\n<div data-td-block-uid=\"tdi_106\">\n<div class=\"tdb-block-inner td-fix-index\">\n<p>A <strong>Divis\u00e3o do Bem-Estar Animal de Ribeir\u00e3o Preto<\/strong> realiza neste s\u00e1bado (19) uma feira de ado\u00e7\u00e3o de <mark style=\"background-color:#fcb900\" class=\"has-inline-color has-black-color\">150 c\u00e3es adultos e filhotes.<\/mark> Todos est\u00e3o cadastrados, vacinados, vermifugados e microchipados.<\/p>\n<p>O evento ser\u00e1 na avenida Eduardo Andrea Matarazzo (Via Norte), 4.255, sede da Divis\u00e3o de Bem-Estar Animal, das 9h \u00e0s 14h.<\/p>\n<p>Requisitos e documentos necess\u00e1rios para ado\u00e7\u00e3o:<\/p>\n<p>Os interessados passam por uma entrevista e tomam ci\u00eancia das obriga\u00e7\u00f5es como tutores de cada um dos animais, conhecendo um pouco mais sobre as legisla\u00e7\u00f5es de Bem-Estar Animal.<\/p>\n<h4 class=\"wp-block-heading\"><strong>Servi\u00e7o:<\/strong><\/h4>\n<p>Dia: s\u00e1bado, 19 de outubro<\/p>\n<p>Hor\u00e1rio: 9h \u00e0s 14h<\/p>\n<p>Local: avenida Eduardo Andrea Matarazzo (Via Norte), 4.255 \u2013 Sede da Divis\u00e3o de Bem-Estar Animal<\/p>\n<p>SAIBA MAIS<br \/>Confira o que se sabe sobre abertura do novo Sesc na regi\u00e3o de Ribeir\u00e3o<\/p>\n<h4 class=\"wp-block-heading\"><strong>FIQUE ON<\/strong><\/h4>\n<p>Fique ligado em tudo que acontece em Ribeir\u00e3o Preto e regi\u00e3o. Siga os perfis do <strong>acidade on<\/strong> no <a href=\"https:\/\/www.instagram.com\/acidadeonribeirao\" target=\"_blank\" rel=\"noreferrer noopener nofollow\">Instagram<\/a> e no<a href=\"https:\/\/www.facebook.com\/acidadeonribeirao\/\" target=\"_blank\" rel=\"noreferrer noopener nofollow\"> Facebook<\/a>.<\/p>\n<p>Receba not\u00edcias do<strong> acidade on <\/strong>no WhatsApp.<a href=\"https:\/\/chat.whatsapp.com\/Fg4ok3aAVyB59DP63pRapr\" target=\"_blank\" rel=\"noreferrer noopener nofollow\"> Para entrar no grupo, basta clicar aqui.<\/a><\/p>\n<p>Fa\u00e7a uma den\u00fancia ou sugira uma reportagem sobre Ribeir\u00e3o Preto e regi\u00e3o pelo WhatsApp: 16 99117 7802.<\/p>\n<p>VEJA TAMB\u00c9M<br \/>At\u00e9 quando vai chover no interior de SP?<\/p>\n<p><!-- CONTENT END 1 -->\n<\/div>\n<\/div>\n<p><script async src=\"\/\/www.instagram.com\/embed.js\"><\/script><br \/>\n<br \/><br \/>\n<br \/><a href=\"https:\/\/www.acidadeon.com\/ribeiraopreto\/cotidiano\/ribeirao-preto-recebe-feira-de-adocao-com-150-animais-veja-como-participar\/\">Source link <\/a><\/p>\n","protected":false},"excerpt":{"rendered":"<p>A Divis\u00e3o do Bem-Estar Animal de Ribeir\u00e3o Preto realiza neste s\u00e1bado (19) uma feira de ado\u00e7\u00e3o de 150 c\u00e3es adultos e filhotes. Todos est\u00e3o cadastrados,&#8230;<\/p>\n","protected":false},"author":1,"featured_media":56355,"comment_status":"open","ping_status":"open","sticky":false,"template":"","format":"standard","meta":{"_uag_custom_page_level_css":"","advanced_seo_description":"","jetpack_seo_html_title":"","jetpack_seo_noindex":false,"jetpack_post_was_ever_published":false,"_jetpack_newsletter_access":"","_jetpack_dont_email_post_to_subs":false,"_jetpack_newsletter_tier_id":0,"_jetpack_memberships_contains_paywalled_content":false,"_jetpack_memberships_contains_paid_content":false,"footnotes":"","jetpack_publicize_message":"","jetpack_publicize_feature_enabled":true,"jetpack_social_post_already_shared":true,"jetpack_social_options":{"image_generator_settings":{"template":"highway","default_image_id":0,"font":"","enabled":false},"version":2}},"categories":[11],"tags":[],"class_list":["post-71960","post","type-post","status-publish","format-standard","has-post-thumbnail","hentry","category-noticias-de-ribeirao-preto-sp-e-regiao-ismael-colosi"],"jetpack_publicize_connections":[],"jetpack_featured_media_url":"https:\/\/i0.wp.com\/ismaelcolosi.com.br\/wp-content\/uploads\/2024\/07\/AnyConv.com__caes-e-gatos_2024-07-11_13-42-19.webp.webp?fit=1500%2C1000&ssl=1","uagb_featured_image_src":{"full":["https:\/\/i0.wp.com\/ismaelcolosi.com.br\/wp-content\/uploads\/2024\/07\/AnyConv.com__caes-e-gatos_2024-07-11_13-42-19.webp.webp?fit=1500%2C1000&ssl=1",1500,1000,false],"thumbnail":["https:\/\/i0.wp.com\/ismaelcolosi.com.br\/wp-content\/uploads\/2024\/07\/AnyConv.com__caes-e-gatos_2024-07-11_13-42-19.webp.webp?resize=150%2C150&ssl=1",150,150,true],"medium":["https:\/\/i0.wp.com\/ismaelcolosi.com.br\/wp-content\/uploads\/2024\/07\/AnyConv.com__caes-e-gatos_2024-07-11_13-42-19.webp.webp?fit=300%2C200&ssl=1",300,200,true],"medium_large":["https:\/\/i0.wp.com\/ismaelcolosi.com.br\/wp-content\/uploads\/2024\/07\/AnyConv.com__caes-e-gatos_2024-07-11_13-42-19.webp.webp?fit=768%2C512&ssl=1",768,512,true],"large":["https:\/\/i0.wp.com\/ismaelcolosi.com.br\/wp-content\/uploads\/2024\/07\/AnyConv.com__caes-e-gatos_2024-07-11_13-42-19.webp.webp?fit=1024%2C683&ssl=1",1024,683,true],"1536x1536":["https:\/\/i0.wp.com\/ismaelcolosi.com.br\/wp-content\/uploads\/2024\/07\/AnyConv.com__caes-e-gatos_2024-07-11_13-42-19.webp.webp?fit=1500%2C1000&ssl=1",1500,1000,true],"2048x2048":["https:\/\/i0.wp.com\/ismaelcolosi.com.br\/wp-content\/uploads\/2024\/07\/AnyConv.com__caes-e-gatos_2024-07-11_13-42-19.webp.webp?fit=1500%2C1000&ssl=1",1500,1000,true],"really-simple-thumb":["https:\/\/i0.wp.com\/ismaelcolosi.com.br\/wp-content\/uploads\/2024\/07\/AnyConv.com__caes-e-gatos_2024-07-11_13-42-19.webp.webp?resize=370%2C247&ssl=1",370,247,true]},"uagb_author_info":{"display_name":"ismaelcolosi.com.br","author_link":"https:\/\/ismaelcolosi.com.br\/index.php\/author\/vidareal-online\/"},"uagb_comment_info":0,"uagb_excerpt":"A Divis\u00e3o do Bem-Estar Animal de Ribeir\u00e3o Preto realiza neste s\u00e1bado (19) uma feira de ado\u00e7\u00e3o de 150 c\u00e3es adultos e filhotes. Todos est\u00e3o cadastrados,...","jetpack-related-posts":[{"id":73359,"url":"https:\/\/ismaelcolosi.com.br\/index.php\/2024\/10\/25\/pensando-em-adotar-um-cachorro-evento-reune-150-animais-em-ribeirao-preto\/","url_meta":{"origin":71960,"position":0},"title":"Pensando em adotar um cachorro? Evento re\u00fane 150 animais em Ribeir\u00e3o Preto","author":"ismaelcolosi.com.br","date":"25 de October de 2024","format":false,"excerpt":"A\u00a0Divis\u00e3o do Bem-Estar Animal de Ribeir\u00e3o Preto\u00a0realiza neste s\u00e1bado (25) uma feira de ado\u00e7\u00e3o de\u00a0150 c\u00e3es adultos e filhotes.\u00a0Todos est\u00e3o cadastrados, vacinados, vermifugados e microchipados. O evento ser\u00e1 na avenida Eduardo Andrea Matarazzo \u2013 Via Norte, 4.255, sede da Divis\u00e3o de Bem-Estar Animal, das 9h \u00e0s 14h. Requisitos e documentos\u2026","rel":"","context":"In &quot;Not\u00edcias de Ribeir\u00e3o Preto-SP e Regi\u00e3o&quot;","block_context":{"text":"Not\u00edcias de Ribeir\u00e3o Preto-SP e Regi\u00e3o","link":"https:\/\/ismaelcolosi.com.br\/index.php\/category\/noticias-de-ribeirao-preto-sp-e-regiao-ismael-colosi\/"},"img":{"alt_text":"","src":"https:\/\/i0.wp.com\/ismaelcolosi.com.br\/wp-content\/uploads\/2024\/10\/Copia-de-Copia-de-Copia-de-TAMANHO-EXATO-PARA-FOTOS-NO-SISTEMA-NOVO-46_2024-10-25_22-04-28_png_2024-10-25_22-04-28.webp.webp?fit=1200%2C675&ssl=1&resize=350%2C200","width":350,"height":200,"srcset":"https:\/\/i0.wp.com\/ismaelcolosi.com.br\/wp-content\/uploads\/2024\/10\/Copia-de-Copia-de-Copia-de-TAMANHO-EXATO-PARA-FOTOS-NO-SISTEMA-NOVO-46_2024-10-25_22-04-28_png_2024-10-25_22-04-28.webp.webp?fit=1200%2C675&ssl=1&resize=350%2C200 1x, https:\/\/i0.wp.com\/ismaelcolosi.com.br\/wp-content\/uploads\/2024\/10\/Copia-de-Copia-de-Copia-de-TAMANHO-EXATO-PARA-FOTOS-NO-SISTEMA-NOVO-46_2024-10-25_22-04-28_png_2024-10-25_22-04-28.webp.webp?fit=1200%2C675&ssl=1&resize=525%2C300 1.5x, https:\/\/i0.wp.com\/ismaelcolosi.com.br\/wp-content\/uploads\/2024\/10\/Copia-de-Copia-de-Copia-de-TAMANHO-EXATO-PARA-FOTOS-NO-SISTEMA-NOVO-46_2024-10-25_22-04-28_png_2024-10-25_22-04-28.webp.webp?fit=1200%2C675&ssl=1&resize=700%2C400 2x, https:\/\/i0.wp.com\/ismaelcolosi.com.br\/wp-content\/uploads\/2024\/10\/Copia-de-Copia-de-Copia-de-TAMANHO-EXATO-PARA-FOTOS-NO-SISTEMA-NOVO-46_2024-10-25_22-04-28_png_2024-10-25_22-04-28.webp.webp?fit=1200%2C675&ssl=1&resize=1050%2C600 3x"},"classes":[]},{"id":66604,"url":"https:\/\/ismaelcolosi.com.br\/index.php\/2024\/09\/18\/quer-adotar-um-cachorro-evento-reune-150-caes-em-ribeirao-preto\/","url_meta":{"origin":71960,"position":1},"title":"Quer adotar um cachorro? Evento re\u00fane 150 c\u00e3es em Ribeir\u00e3o Preto","author":"ismaelcolosi.com.br","date":"18 de September de 2024","format":false,"excerpt":"A Divis\u00e3o de Bem-Estar Animal (DBEA) realiza no pr\u00f3ximo s\u00e1bado (21), das 9h \u00e0s 14h, um evento de ado\u00e7\u00e3o com 150 c\u00e3es dispon\u00edveis em Ribeir\u00e3o Preto. Todos os animais est\u00e3o castrados, vacinados, vermifugados e microchipados. Como adotar? Os interessados devem \u00a0ir at\u00e9 a sede da DBEA, localizada na avenida Eduardo\u2026","rel":"","context":"In &quot;Not\u00edcias de Ribeir\u00e3o Preto-SP e Regi\u00e3o&quot;","block_context":{"text":"Not\u00edcias de Ribeir\u00e3o Preto-SP e Regi\u00e3o","link":"https:\/\/ismaelcolosi.com.br\/index.php\/category\/noticias-de-ribeirao-preto-sp-e-regiao-ismael-colosi\/"},"img":{"alt_text":"","src":"https:\/\/i0.wp.com\/ismaelcolosi.com.br\/wp-content\/uploads\/2024\/09\/WhatsApp-Image-2024-09-18-at-12.19.51_2024-09-18_15-22-32_jpeg_2024-09-18_15-22-32.webp.webp?fit=1200%2C919&ssl=1&resize=350%2C200","width":350,"height":200,"srcset":"https:\/\/i0.wp.com\/ismaelcolosi.com.br\/wp-content\/uploads\/2024\/09\/WhatsApp-Image-2024-09-18-at-12.19.51_2024-09-18_15-22-32_jpeg_2024-09-18_15-22-32.webp.webp?fit=1200%2C919&ssl=1&resize=350%2C200 1x, https:\/\/i0.wp.com\/ismaelcolosi.com.br\/wp-content\/uploads\/2024\/09\/WhatsApp-Image-2024-09-18-at-12.19.51_2024-09-18_15-22-32_jpeg_2024-09-18_15-22-32.webp.webp?fit=1200%2C919&ssl=1&resize=525%2C300 1.5x, https:\/\/i0.wp.com\/ismaelcolosi.com.br\/wp-content\/uploads\/2024\/09\/WhatsApp-Image-2024-09-18-at-12.19.51_2024-09-18_15-22-32_jpeg_2024-09-18_15-22-32.webp.webp?fit=1200%2C919&ssl=1&resize=700%2C400 2x, https:\/\/i0.wp.com\/ismaelcolosi.com.br\/wp-content\/uploads\/2024\/09\/WhatsApp-Image-2024-09-18-at-12.19.51_2024-09-18_15-22-32_jpeg_2024-09-18_15-22-32.webp.webp?fit=1200%2C919&ssl=1&resize=1050%2C600 3x"},"classes":[]},{"id":50685,"url":"https:\/\/ismaelcolosi.com.br\/index.php\/2024\/05\/17\/feira-tem-mais-de-100-animais-disponiveis-para-adocao-em-ribeirao-preto\/","url_meta":{"origin":71960,"position":2},"title":"Feira tem mais de 100 animais dispon\u00edveis para ado\u00e7\u00e3o em Ribeir\u00e3o Preto","author":"ismaelcolosi.com.br","date":"17 de May de 2024","format":false,"excerpt":"A Divis\u00e3o de Bem-Estar Animal realiza neste s\u00e1bado (18) mais uma feira de ado\u00e7\u00e3o de c\u00e3es e gatos. Ao todo, s\u00e3o mais de 100 animais, resgatados de maus-tratos e situa\u00e7\u00e3o de sofrimento, que estar\u00e3o dispon\u00edveis. O evento acontece, das 9h \u00e0s 14h, na sede da divis\u00e3o, que fica na avenida\u2026","rel":"","context":"In &quot;Not\u00edcias de Ribeir\u00e3o Preto-SP e Regi\u00e3o&quot;","block_context":{"text":"Not\u00edcias de Ribeir\u00e3o Preto-SP e Regi\u00e3o","link":"https:\/\/ismaelcolosi.com.br\/index.php\/category\/noticias-de-ribeirao-preto-sp-e-regiao-ismael-colosi\/"},"img":{"alt_text":"","src":"https:\/\/i0.wp.com\/ismaelcolosi.com.br\/wp-content\/uploads\/2024\/05\/Copia-de-Copia-de-TAMANHO-EXATO-PARA-FOTOS-NO-SISTEMA-NOVO-17_2024-05-17_21-53-57_jpg_2024-05-17_21-53-57.webp.webp?fit=1200%2C675&ssl=1&resize=350%2C200","width":350,"height":200,"srcset":"https:\/\/i0.wp.com\/ismaelcolosi.com.br\/wp-content\/uploads\/2024\/05\/Copia-de-Copia-de-TAMANHO-EXATO-PARA-FOTOS-NO-SISTEMA-NOVO-17_2024-05-17_21-53-57_jpg_2024-05-17_21-53-57.webp.webp?fit=1200%2C675&ssl=1&resize=350%2C200 1x, https:\/\/i0.wp.com\/ismaelcolosi.com.br\/wp-content\/uploads\/2024\/05\/Copia-de-Copia-de-TAMANHO-EXATO-PARA-FOTOS-NO-SISTEMA-NOVO-17_2024-05-17_21-53-57_jpg_2024-05-17_21-53-57.webp.webp?fit=1200%2C675&ssl=1&resize=525%2C300 1.5x, https:\/\/i0.wp.com\/ismaelcolosi.com.br\/wp-content\/uploads\/2024\/05\/Copia-de-Copia-de-TAMANHO-EXATO-PARA-FOTOS-NO-SISTEMA-NOVO-17_2024-05-17_21-53-57_jpg_2024-05-17_21-53-57.webp.webp?fit=1200%2C675&ssl=1&resize=700%2C400 2x, https:\/\/i0.wp.com\/ismaelcolosi.com.br\/wp-content\/uploads\/2024\/05\/Copia-de-Copia-de-TAMANHO-EXATO-PARA-FOTOS-NO-SISTEMA-NOVO-17_2024-05-17_21-53-57_jpg_2024-05-17_21-53-57.webp.webp?fit=1200%2C675&ssl=1&resize=1050%2C600 3x"},"classes":[]},{"id":37272,"url":"https:\/\/ismaelcolosi.com.br\/index.php\/2024\/02\/15\/feira-tem-mais-de-50-filhotes-de-caes-e-gatos-para-adocao-em-ribeirao\/","url_meta":{"origin":71960,"position":3},"title":"Feira tem mais de 50 filhotes de c\u00e3es e gatos para ado\u00e7\u00e3o em Ribeir\u00e3o","author":"ismaelcolosi.com.br","date":"15 de February de 2024","format":false,"excerpt":"Neste s\u00e1bado (17) e domingo (18), Ribeir\u00e3o Preto recebe uma feira de ado\u00e7\u00e3o com mais de 50 filhotes de c\u00e3es e gatos. O evento acontece das 9h \u00e0s 14h, na Divis\u00e3o de Bem-Estar Animal (DBEA), na avenida Eduardo Andrea Matarazzo (Via Norte), 4.255. Os animais dispon\u00edveis para ado\u00e7\u00e3o s\u00e3o vacinados\u2026","rel":"","context":"In &quot;Not\u00edcias de Ribeir\u00e3o Preto-SP e Regi\u00e3o&quot;","block_context":{"text":"Not\u00edcias de Ribeir\u00e3o Preto-SP e Regi\u00e3o","link":"https:\/\/ismaelcolosi.com.br\/index.php\/category\/noticias-de-ribeirao-preto-sp-e-regiao-ismael-colosi\/"},"img":{"alt_text":"","src":"https:\/\/i0.wp.com\/ismaelcolosi.com.br\/wp-content\/uploads\/2024\/02\/animais_dbea_-_foto_guilherme_sircili_117.jpg?fit=1200%2C800&ssl=1&resize=350%2C200","width":350,"height":200,"srcset":"https:\/\/i0.wp.com\/ismaelcolosi.com.br\/wp-content\/uploads\/2024\/02\/animais_dbea_-_foto_guilherme_sircili_117.jpg?fit=1200%2C800&ssl=1&resize=350%2C200 1x, https:\/\/i0.wp.com\/ismaelcolosi.com.br\/wp-content\/uploads\/2024\/02\/animais_dbea_-_foto_guilherme_sircili_117.jpg?fit=1200%2C800&ssl=1&resize=525%2C300 1.5x, https:\/\/i0.wp.com\/ismaelcolosi.com.br\/wp-content\/uploads\/2024\/02\/animais_dbea_-_foto_guilherme_sircili_117.jpg?fit=1200%2C800&ssl=1&resize=700%2C400 2x, https:\/\/i0.wp.com\/ismaelcolosi.com.br\/wp-content\/uploads\/2024\/02\/animais_dbea_-_foto_guilherme_sircili_117.jpg?fit=1200%2C800&ssl=1&resize=1050%2C600 3x"},"classes":[]},{"id":46836,"url":"https:\/\/ismaelcolosi.com.br\/index.php\/2024\/04\/15\/ribeirao-preto-tem-feira-de-adocao-de-caes-e-gatos-saiba-mais\/","url_meta":{"origin":71960,"position":4},"title":"Ribeir\u00e3o Preto tem feira de ado\u00e7\u00e3o de c\u00e3es e gatos; Saiba mais","author":"ismaelcolosi.com.br","date":"15 de April de 2024","format":false,"excerpt":"Mais de 100 animais, entre c\u00e3es e gatos, est\u00e3o dispon\u00edveis para ado\u00e7\u00e3o durante feira que ser\u00e1 realizada pela Divis\u00e3o de Bem-Estar Animal de Ribeir\u00e3o Preto. O evento ser\u00e1 no s\u00e1bado (20), das 9h \u00e0s 14h, na sede do \u00f3rg\u00e3o, que fica na avenida Eduardo Andrea Matarazzo (Via Norte), 4.255. O\u2026","rel":"","context":"In &quot;Not\u00edcias de Ribeir\u00e3o Preto-SP e Regi\u00e3o&quot;","block_context":{"text":"Not\u00edcias de Ribeir\u00e3o Preto-SP e Regi\u00e3o","link":"https:\/\/ismaelcolosi.com.br\/index.php\/category\/noticias-de-ribeirao-preto-sp-e-regiao-ismael-colosi\/"},"img":{"alt_text":"","src":"https:\/\/i0.wp.com\/ismaelcolosi.com.br\/wp-content\/uploads\/2024\/04\/Copia-de-Copia-de-TAMANHO-EXATO-PARA-FOTOS-NO-SISTEMA-NOVO-39.webp.webp?fit=1200%2C675&ssl=1&resize=350%2C200","width":350,"height":200,"srcset":"https:\/\/i0.wp.com\/ismaelcolosi.com.br\/wp-content\/uploads\/2024\/04\/Copia-de-Copia-de-TAMANHO-EXATO-PARA-FOTOS-NO-SISTEMA-NOVO-39.webp.webp?fit=1200%2C675&ssl=1&resize=350%2C200 1x, https:\/\/i0.wp.com\/ismaelcolosi.com.br\/wp-content\/uploads\/2024\/04\/Copia-de-Copia-de-TAMANHO-EXATO-PARA-FOTOS-NO-SISTEMA-NOVO-39.webp.webp?fit=1200%2C675&ssl=1&resize=525%2C300 1.5x, https:\/\/i0.wp.com\/ismaelcolosi.com.br\/wp-content\/uploads\/2024\/04\/Copia-de-Copia-de-TAMANHO-EXATO-PARA-FOTOS-NO-SISTEMA-NOVO-39.webp.webp?fit=1200%2C675&ssl=1&resize=700%2C400 2x, https:\/\/i0.wp.com\/ismaelcolosi.com.br\/wp-content\/uploads\/2024\/04\/Copia-de-Copia-de-TAMANHO-EXATO-PARA-FOTOS-NO-SISTEMA-NOVO-39.webp.webp?fit=1200%2C675&ssl=1&resize=1050%2C600 3x"},"classes":[]},{"id":15965,"url":"https:\/\/ismaelcolosi.com.br\/index.php\/2023\/12\/14\/ribeirao-preto-tem-feirao-para-adocao-de-caes-e-gatos-neste-sabado-veja-como-adotar\/","url_meta":{"origin":71960,"position":5},"title":"Ribeir\u00e3o Preto tem feira para ado\u00e7\u00e3o de c\u00e3es e gatos neste s\u00e1bado; Veja como adotar","author":"ismaelcolosi.com.br","date":"14 de December de 2023","format":false,"excerpt":"A Divis\u00e3o de Bem-Estar Animal (DBEA) de Ribeir\u00e3o Preto realiza, neste s\u00e1bado (16), das 9h \u00e0s 14h, na sede da divis\u00e3o, um feir\u00e3o para ado\u00e7\u00e3o de c\u00e3es e gatos de todas as idades. A conviv\u00eancia com animais de estima\u00e7\u00e3o proporciona momentos de alegria no dia a dia, al\u00e9m de in\u00fameros\u2026","rel":"","context":"In &quot;Not\u00edcias de Ribeir\u00e3o Preto-SP e Regi\u00e3o&quot;","block_context":{"text":"Not\u00edcias de Ribeir\u00e3o Preto-SP e Regi\u00e3o","link":"https:\/\/ismaelcolosi.com.br\/index.php\/category\/noticias-de-ribeirao-preto-sp-e-regiao-ismael-colosi\/"},"img":{"alt_text":"","src":"https:\/\/i0.wp.com\/ismaelcolosi.com.br\/wp-content\/uploads\/2023\/12\/Copia-de-Copia-de-TAMANHO-EXATO-PARA-FOTOS-NO-SISTEMA-NOVO-24.png?fit=1200%2C675&ssl=1&resize=350%2C200","width":350,"height":200,"srcset":"https:\/\/i0.wp.com\/ismaelcolosi.com.br\/wp-content\/uploads\/2023\/12\/Copia-de-Copia-de-TAMANHO-EXATO-PARA-FOTOS-NO-SISTEMA-NOVO-24.png?fit=1200%2C675&ssl=1&resize=350%2C200 1x, https:\/\/i0.wp.com\/ismaelcolosi.com.br\/wp-content\/uploads\/2023\/12\/Copia-de-Copia-de-TAMANHO-EXATO-PARA-FOTOS-NO-SISTEMA-NOVO-24.png?fit=1200%2C675&ssl=1&resize=525%2C300 1.5x, https:\/\/i0.wp.com\/ismaelcolosi.com.br\/wp-content\/uploads\/2023\/12\/Copia-de-Copia-de-TAMANHO-EXATO-PARA-FOTOS-NO-SISTEMA-NOVO-24.png?fit=1200%2C675&ssl=1&resize=700%2C400 2x, https:\/\/i0.wp.com\/ismaelcolosi.com.br\/wp-content\/uploads\/2023\/12\/Copia-de-Copia-de-TAMANHO-EXATO-PARA-FOTOS-NO-SISTEMA-NOVO-24.png?fit=1200%2C675&ssl=1&resize=1050%2C600 3x"},"classes":[]}],"jetpack_sharing_enabled":true,"jetpack_shortlink":"https:\/\/wp.me\/pfMlyK-iIE","_links":{"self":[{"href":"https:\/\/ismaelcolosi.com.br\/index.php\/wp-json\/wp\/v2\/posts\/71960","targetHints":{"allow":["GET"]}}],"collection":[{"href":"https:\/\/ismaelcolosi.com.br\/index.php\/wp-json\/wp\/v2\/posts"}],"about":[{"href":"https:\/\/ismaelcolosi.com.br\/index.php\/wp-json\/wp\/v2\/types\/post"}],"author":[{"embeddable":true,"href":"https:\/\/ismaelcolosi.com.br\/index.php\/wp-json\/wp\/v2\/users\/1"}],"replies":[{"embeddable":true,"href":"https:\/\/ismaelcolosi.com.br\/index.php\/wp-json\/wp\/v2\/comments?post=71960"}],"version-history":[{"count":0,"href":"https:\/\/ismaelcolosi.com.br\/index.php\/wp-json\/wp\/v2\/posts\/71960\/revisions"}],"wp:featuredmedia":[{"embeddable":true,"href":"https:\/\/ismaelcolosi.com.br\/index.php\/wp-json\/wp\/v2\/media\/56355"}],"wp:attachment":[{"href":"https:\/\/ismaelcolosi.com.br\/index.php\/wp-json\/wp\/v2\/media?parent=71960"}],"wp:term":[{"taxonomy":"category","embeddable":true,"href":"https:\/\/ismaelcolosi.com.br\/index.php\/wp-json\/wp\/v2\/categories?post=71960"},{"taxonomy":"post_tag","embeddable":true,"href":"https:\/\/ismaelcolosi.com.br\/index.php\/wp-json\/wp\/v2\/tags?post=71960"}],"curies":[{"name":"wp","href":"https:\/\/api.w.org\/{rel}","templated":true}]}}