{"id":71954,"date":"2024-10-18T16:00:24","date_gmt":"2024-10-18T19:00:24","guid":{"rendered":"https:\/\/ismaelcolosi.com.br\/index.php\/2024\/10\/18\/alca-do-trevao-de-ribeirao-segue-com-bloqueio-apos-caminhao-de-cerveja-tombar\/"},"modified":"2024-10-18T16:00:24","modified_gmt":"2024-10-18T19:00:24","slug":"alca-do-trevao-de-ribeirao-segue-com-bloqueio-apos-caminhao-de-cerveja-tombar","status":"publish","type":"post","link":"https:\/\/ismaelcolosi.com.br\/index.php\/2024\/10\/18\/alca-do-trevao-de-ribeirao-segue-com-bloqueio-apos-caminhao-de-cerveja-tombar\/","title":{"rendered":"Al\u00e7a do Trev\u00e3o de Ribeir\u00e3o segue com bloqueio ap\u00f3s caminh\u00e3o de cerveja tombar"},"content":{"rendered":"<p> <br \/>\n<\/p>\n<p>Na manh\u00e3 desta sexta-feira (18), <strong>um caminh\u00e3o carregado de cerveja tombou<\/strong> no Trev\u00e3o de Ribeir\u00e3o Preto. <strong><mark style=\"background-color:#fcb900\" class=\"has-inline-color\">Ainda h\u00e1 interdi\u00e7\u00e3o<\/mark> <\/strong>para o motorista que vem do <strong>Anel Vi\u00e1rio Sul <\/strong>e rodovia <strong>Ant\u00f4nio Machado Sant\u2019Anna <\/strong>(<strong>SP-255<\/strong>), e acessa\u00a0a\u00a0<strong>Anhanguera<\/strong>. <\/p>\n<p><mark style=\"background-color:#fcb900\" class=\"has-inline-color has-black-color\">O desvio est\u00e1 sendo feito pela rodovia Abr\u00e3o Assed (SP-333), no sentido Serrana.<\/mark> <strong>N\u00e3o h\u00e1 previs\u00e3o de libera\u00e7\u00e3o da pista, visto que a carga ainda est\u00e1 no local. <\/strong><\/p>\n<p>Apesar dos <strong>estragos <\/strong>e <strong>transtornos<\/strong>, n\u00e3o houve registro de <strong>feridos<\/strong>.<\/p>\n<h4 class=\"wp-block-heading\"><strong>Confira o v\u00eddeo:<\/strong><\/h4>\n<blockquote class=\"instagram-media\" data-instgrm-permalink=\"https:\/\/www.instagram.com\/reel\/DBQ9bSnIOpr\/?utm_source=ig_embed&amp;utm_campaign=loading\" data-instgrm-version=\"14\" style=\"background:#FFF;border:0;border-radius:3px;margin: 1px;max-width:540px;min-width:326px;padding:0;width:99.375%;width:-webkit-calc(100% - 2px);width:calc(100% - 2px)\">\n<div style=\"padding:16px\"> <a href=\"https:\/\/www.instagram.com\/reel\/DBQ9bSnIOpr\/?utm_source=ig_embed&amp;utm_campaign=loading\" style=\"background:#FFFFFF;line-height:0;padding:0 0;text-align:center;text-decoration:none;width:100%\" target=\"_blank\" rel=\"noopener\"> <\/p>\n<div style=\"flex-direction: row;align-items: center\">\n<div style=\"background-color: #F4F4F4;border-radius: 50%;flex-grow: 0;height: 40px;margin-right: 14px;width: 40px\"><\/div>\n<div style=\"flex-direction: column;flex-grow: 1;justify-content: center\">\n<div style=\"background-color: #F4F4F4;border-radius: 4px;flex-grow: 0;height: 14px;margin-bottom: 6px;width: 100px\"><\/div>\n<div style=\"background-color: #F4F4F4;border-radius: 4px;flex-grow: 0;height: 14px;width: 60px\"><\/div>\n<\/div>\n<\/div>\n<div style=\"padding: 19% 0\"><\/div>\n<div style=\"height:50px;margin:0 auto 12px;width:50px\"><\/div>\n<div style=\"padding-top: 8px\">\n<div style=\"color:#3897f0;font-family:Arial,sans-serif;font-size:14px;font-style:normal;font-weight:550;line-height:18px\">Ver essa foto no Instagram<\/div>\n<\/div>\n<div style=\"padding: 12.5% 0\"><\/div>\n<div style=\"flex-direction: row;margin-bottom: 14px;align-items: center\">\n<div>\n<div style=\"background-color: #F4F4F4;border-radius: 50%;height: 12.5px;width: 12.5px\"><\/div>\n<div style=\"background-color: #F4F4F4;height: 12.5px;width: 12.5px;flex-grow: 0;margin-right: 14px;margin-left: 2px\"><\/div>\n<div style=\"background-color: #F4F4F4;border-radius: 50%;height: 12.5px;width: 12.5px\"><\/div>\n<\/div>\n<div style=\"margin-left: 8px\">\n<div style=\"background-color: #F4F4F4;border-radius: 50%;flex-grow: 0;height: 20px;width: 20px\"><\/div>\n<div style=\"width: 0;height: 0;border-top: 2px solid transparent;border-left: 6px solid #f4f4f4;border-bottom: 2px solid transparent\"><\/div>\n<\/div>\n<div style=\"margin-left: auto\">\n<div style=\"width: 0px;border-top: 8px solid #F4F4F4;border-right: 8px solid transparent\"><\/div>\n<div style=\"background-color: #F4F4F4;flex-grow: 0;height: 12px;width: 16px\"><\/div>\n<div style=\"width: 0;height: 0;border-top: 8px solid #F4F4F4;border-left: 8px solid transparent\"><\/div>\n<\/div>\n<\/div>\n<div style=\"flex-direction: column;flex-grow: 1;justify-content: center;margin-bottom: 24px\">\n<div style=\"background-color: #F4F4F4;border-radius: 4px;flex-grow: 0;height: 14px;margin-bottom: 6px;width: 224px\"><\/div>\n<div style=\"background-color: #F4F4F4;border-radius: 4px;flex-grow: 0;height: 14px;width: 144px\"><\/div>\n<\/div>\n<p><\/a><\/p>\n<p style=\"color:#c9c8cd;font-family:Arial,sans-serif;font-size:14px;line-height:17px;margin-bottom:0;margin-top:8px;overflow:hidden;padding:8px 0 7px;text-align:center\"><a href=\"https:\/\/www.instagram.com\/reel\/DBQ9bSnIOpr\/?utm_source=ig_embed&amp;utm_campaign=loading\" style=\"color:#c9c8cd;font-family:Arial,sans-serif;font-size:14px;font-style:normal;font-weight:normal;line-height:17px;text-decoration:none\" target=\"_blank\" rel=\"noopener\">Uma publica\u00e7\u00e3o compartilhada por acidade on Ribeir\u00e3o (@acidadeonribeirao)<\/a><\/p>\n<\/div>\n<\/blockquote>\n<p>SAIBA MAIS<br \/>Interior de SP entra em alerta de \u2018perigo\u2019 para tempestade; Veja cidades afetadas<\/p>\n<h4 class=\"wp-block-heading\"><strong>FIQUE ON<\/strong><\/h4>\n<p>Fique ligado em tudo que acontece em Ribeir\u00e3o Preto e regi\u00e3o. Siga os perfis do<strong> acidade on <\/strong>no <a href=\"https:\/\/www.instagram.com\/acidadeonribeirao\" target=\"_blank\" rel=\"noreferrer noopener nofollow\">Instagram <\/a>e no <a href=\"https:\/\/www.facebook.com\/acidadeonribeirao\/\" target=\"_blank\" rel=\"noreferrer noopener nofollow\">Facebook<\/a>.<\/p>\n<p>Receba not\u00edcias do <strong>acidade on<\/strong> no WhatsApp. <a href=\"https:\/\/chat.whatsapp.com\/Fg4ok3aAVyB59DP63pRapr\" target=\"_blank\" rel=\"noreferrer noopener nofollow\">Para entrar no grupo, basta clicar aqui.<\/a><\/p>\n<p>Fa\u00e7a uma den\u00fancia ou sugira uma reportagem sobre Ribeir\u00e3o Preto e regi\u00e3o pelo WhatsApp: 16 99117 7802.<\/p>\n<p>VEJA TAMB\u00c9M<br \/>At\u00e9 quando vai chover no interior de SP?<\/p>\n<p>O post Al\u00e7a do Trev\u00e3o de Ribeir\u00e3o segue com bloqueio ap\u00f3s caminh\u00e3o de cerveja tombar apareceu primeiro em ACidade ON Ribeir\u00e3o Preto.<\/p>\n<p><script async src=\"\/\/www.instagram.com\/embed.js\"><\/script><br \/>\n<br \/><br \/>\n<br \/><a href=\"https:\/\/www.acidadeon.com\/ribeiraopreto\/cotidiano\/alca-do-trevao-de-ribeirao-segue-com-bloqueio-apos-caminhao-de-cerveja-tombar\/\">Source link <\/a><\/p>\n<div class='code-block code-block-4' style='margin: 8px auto 8px 0; text-align: left; display: block; clear: both;'>\n\ud83d\udce2 Aviso Legal\n\nO site ismaelcolosi.com.br atua apenas como um canal de divulga\u00e7\u00e3o de oportunidades de emprego e n\u00e3o se responsabiliza pelo processo seletivo, contrata\u00e7\u00e3o ou qualquer outra etapa relacionada \u00e0s vagas publicadas. Todas as informa\u00e7\u00f5es s\u00e3o de responsabilidade dos anunciantes.\n\n\u26a0\ufe0f Aten\u00e7\u00e3o! Nunca pague por promessas de emprego nem compre cursos que garantam contrata\u00e7\u00e3o. Desconfie de qualquer cobran\u00e7a para participar de sele\u00e7\u00f5es.\n\n\n\n<\/div>\n<!-- CONTENT END 1 -->\n","protected":false},"excerpt":{"rendered":"<p>Na manh\u00e3 desta sexta-feira (18), um caminh\u00e3o carregado de cerveja tombou no Trev\u00e3o de Ribeir\u00e3o Preto. Ainda h\u00e1 interdi\u00e7\u00e3o para o motorista que vem do&#8230;<\/p>\n","protected":false},"author":1,"featured_media":71955,"comment_status":"open","ping_status":"open","sticky":false,"template":"","format":"standard","meta":{"_uag_custom_page_level_css":"","advanced_seo_description":"","jetpack_seo_html_title":"","jetpack_seo_noindex":false,"jetpack_post_was_ever_published":false,"_jetpack_newsletter_access":"","_jetpack_dont_email_post_to_subs":false,"_jetpack_newsletter_tier_id":0,"_jetpack_memberships_contains_paywalled_content":false,"_jetpack_memberships_contains_paid_content":false,"footnotes":"","jetpack_publicize_message":"","jetpack_publicize_feature_enabled":true,"jetpack_social_post_already_shared":true,"jetpack_social_options":{"image_generator_settings":{"template":"highway","default_image_id":0,"font":"","enabled":false},"version":2}},"categories":[11],"tags":[],"class_list":["post-71954","post","type-post","status-publish","format-standard","has-post-thumbnail","hentry","category-noticias-de-ribeirao-preto-sp-e-regiao-ismael-colosi"],"jetpack_publicize_connections":[],"jetpack_featured_media_url":"https:\/\/i0.wp.com\/ismaelcolosi.com.br\/wp-content\/uploads\/2024\/10\/Copia-de-Copia-de-Copia-de-TAMANHO-EXATO-PARA-FOTOS-NO-SISTEMA-NOVO-25_2024-10-18_18-44-36_png_2024-10-18_18-44-36.webp.webp?fit=1200%2C675&ssl=1","uagb_featured_image_src":{"full":["https:\/\/i0.wp.com\/ismaelcolosi.com.br\/wp-content\/uploads\/2024\/10\/Copia-de-Copia-de-Copia-de-TAMANHO-EXATO-PARA-FOTOS-NO-SISTEMA-NOVO-25_2024-10-18_18-44-36_png_2024-10-18_18-44-36.webp.webp?fit=1200%2C675&ssl=1",1200,675,false],"thumbnail":["https:\/\/i0.wp.com\/ismaelcolosi.com.br\/wp-content\/uploads\/2024\/10\/Copia-de-Copia-de-Copia-de-TAMANHO-EXATO-PARA-FOTOS-NO-SISTEMA-NOVO-25_2024-10-18_18-44-36_png_2024-10-18_18-44-36.webp.webp?resize=150%2C150&ssl=1",150,150,true],"medium":["https:\/\/i0.wp.com\/ismaelcolosi.com.br\/wp-content\/uploads\/2024\/10\/Copia-de-Copia-de-Copia-de-TAMANHO-EXATO-PARA-FOTOS-NO-SISTEMA-NOVO-25_2024-10-18_18-44-36_png_2024-10-18_18-44-36.webp.webp?fit=300%2C169&ssl=1",300,169,true],"medium_large":["https:\/\/i0.wp.com\/ismaelcolosi.com.br\/wp-content\/uploads\/2024\/10\/Copia-de-Copia-de-Copia-de-TAMANHO-EXATO-PARA-FOTOS-NO-SISTEMA-NOVO-25_2024-10-18_18-44-36_png_2024-10-18_18-44-36.webp.webp?fit=768%2C432&ssl=1",768,432,true],"large":["https:\/\/i0.wp.com\/ismaelcolosi.com.br\/wp-content\/uploads\/2024\/10\/Copia-de-Copia-de-Copia-de-TAMANHO-EXATO-PARA-FOTOS-NO-SISTEMA-NOVO-25_2024-10-18_18-44-36_png_2024-10-18_18-44-36.webp.webp?fit=1024%2C576&ssl=1",1024,576,true],"1536x1536":["https:\/\/i0.wp.com\/ismaelcolosi.com.br\/wp-content\/uploads\/2024\/10\/Copia-de-Copia-de-Copia-de-TAMANHO-EXATO-PARA-FOTOS-NO-SISTEMA-NOVO-25_2024-10-18_18-44-36_png_2024-10-18_18-44-36.webp.webp?fit=1200%2C675&ssl=1",1200,675,true],"2048x2048":["https:\/\/i0.wp.com\/ismaelcolosi.com.br\/wp-content\/uploads\/2024\/10\/Copia-de-Copia-de-Copia-de-TAMANHO-EXATO-PARA-FOTOS-NO-SISTEMA-NOVO-25_2024-10-18_18-44-36_png_2024-10-18_18-44-36.webp.webp?fit=1200%2C675&ssl=1",1200,675,true],"really-simple-thumb":["https:\/\/i0.wp.com\/ismaelcolosi.com.br\/wp-content\/uploads\/2024\/10\/Copia-de-Copia-de-Copia-de-TAMANHO-EXATO-PARA-FOTOS-NO-SISTEMA-NOVO-25_2024-10-18_18-44-36_png_2024-10-18_18-44-36.webp.webp?resize=370%2C247&ssl=1",370,247,true]},"uagb_author_info":{"display_name":"ismaelcolosi.com.br","author_link":"https:\/\/ismaelcolosi.com.br\/index.php\/author\/vidareal-online\/"},"uagb_comment_info":0,"uagb_excerpt":"Na manh\u00e3 desta sexta-feira (18), um caminh\u00e3o carregado de cerveja tombou no Trev\u00e3o de Ribeir\u00e3o Preto. Ainda h\u00e1 interdi\u00e7\u00e3o para o motorista que vem do...","jetpack-related-posts":[{"id":71840,"url":"https:\/\/ismaelcolosi.com.br\/index.php\/2024\/10\/18\/caminhao-carregado-de-cerveja-tomba-no-trevao-de-ribeirao-preto-ha-interdicao\/","url_meta":{"origin":71954,"position":0},"title":"Caminh\u00e3o carregado de cerveja tomba no Trev\u00e3o de Ribeir\u00e3o Preto; H\u00e1 interdi\u00e7\u00e3o","author":"ismaelcolosi.com.br","date":"18 de October de 2024","format":false,"excerpt":"Um caminh\u00e3o carregado de cerveja tombou nesta sexta-feira (18), no Trev\u00e3o de Ribeir\u00e3o Preto. H\u00e1 carga espalhada pela pista no acesso do Anel Vi\u00e1rio Sul (rodovia Prefeito Ant\u00f4nio Duarte Nogueira, SP-322) para a Anhanguera (SP-330). A concession\u00e1ria Arteris ViaPaulista informou que h\u00e1 interdi\u00e7\u00e3o para o motorista que vem do Anel\u2026","rel":"","context":"In &quot;Not\u00edcias de Ribeir\u00e3o Preto-SP e Regi\u00e3o&quot;","block_context":{"text":"Not\u00edcias de Ribeir\u00e3o Preto-SP e Regi\u00e3o","link":"https:\/\/ismaelcolosi.com.br\/index.php\/category\/noticias-de-ribeirao-preto-sp-e-regiao-ismael-colosi\/"},"img":{"alt_text":"","src":"https:\/\/i0.wp.com\/ismaelcolosi.com.br\/wp-content\/uploads\/2024\/10\/WhatsApp-Image-2024-10-18-at-08.39.41-1_2024-10-18_11-40-38_jpeg_2024-10-18_11-40-38.webp.webp?fit=808%2C377&ssl=1&resize=350%2C200","width":350,"height":200,"srcset":"https:\/\/i0.wp.com\/ismaelcolosi.com.br\/wp-content\/uploads\/2024\/10\/WhatsApp-Image-2024-10-18-at-08.39.41-1_2024-10-18_11-40-38_jpeg_2024-10-18_11-40-38.webp.webp?fit=808%2C377&ssl=1&resize=350%2C200 1x, https:\/\/i0.wp.com\/ismaelcolosi.com.br\/wp-content\/uploads\/2024\/10\/WhatsApp-Image-2024-10-18-at-08.39.41-1_2024-10-18_11-40-38_jpeg_2024-10-18_11-40-38.webp.webp?fit=808%2C377&ssl=1&resize=525%2C300 1.5x, https:\/\/i0.wp.com\/ismaelcolosi.com.br\/wp-content\/uploads\/2024\/10\/WhatsApp-Image-2024-10-18-at-08.39.41-1_2024-10-18_11-40-38_jpeg_2024-10-18_11-40-38.webp.webp?fit=808%2C377&ssl=1&resize=700%2C400 2x"},"classes":[]},{"id":72034,"url":"https:\/\/ismaelcolosi.com.br\/index.php\/2024\/10\/18\/alca-do-trevao-de-ribeirao-segue-bloqueada-por-mais-de-12-horas\/","url_meta":{"origin":71954,"position":1},"title":"Al\u00e7a do Trev\u00e3o de Ribeir\u00e3o segue bloqueada por mais de 12 horas","author":"ismaelcolosi.com.br","date":"18 de October de 2024","format":false,"excerpt":"O Trev\u00e3o de Ribeir\u00e3o Preto segue bloqueado na noite desta sexta-feira (18), ap\u00f3s um caminh\u00e3o carregado de cerveja tombar. O acidente aconteceu no come\u00e7o da manh\u00e3 de hoje. O bloqueio \u00e9 para o motorista que vem do Anel Vi\u00e1rio Sul e rodovia Ant\u00f4nio Machado Sant\u2019Anna (SP-255), e acessa\u00a0a\u00a0Anhanguera. O desvio\u2026","rel":"","context":"In &quot;Not\u00edcias de Ribeir\u00e3o Preto-SP e Regi\u00e3o&quot;","block_context":{"text":"Not\u00edcias de Ribeir\u00e3o Preto-SP e Regi\u00e3o","link":"https:\/\/ismaelcolosi.com.br\/index.php\/category\/noticias-de-ribeirao-preto-sp-e-regiao-ismael-colosi\/"},"img":{"alt_text":"","src":"https:\/\/i0.wp.com\/ismaelcolosi.com.br\/wp-content\/uploads\/2024\/10\/Copia-de-Copia-de-Copia-de-TAMANHO-EXATO-PARA-FOTOS-NO-SISTEMA-NOVO-27_2024-10-18_22-52-48_png_2024-10-18_22-52-48.webp.webp?fit=1200%2C675&ssl=1&resize=350%2C200","width":350,"height":200,"srcset":"https:\/\/i0.wp.com\/ismaelcolosi.com.br\/wp-content\/uploads\/2024\/10\/Copia-de-Copia-de-Copia-de-TAMANHO-EXATO-PARA-FOTOS-NO-SISTEMA-NOVO-27_2024-10-18_22-52-48_png_2024-10-18_22-52-48.webp.webp?fit=1200%2C675&ssl=1&resize=350%2C200 1x, https:\/\/i0.wp.com\/ismaelcolosi.com.br\/wp-content\/uploads\/2024\/10\/Copia-de-Copia-de-Copia-de-TAMANHO-EXATO-PARA-FOTOS-NO-SISTEMA-NOVO-27_2024-10-18_22-52-48_png_2024-10-18_22-52-48.webp.webp?fit=1200%2C675&ssl=1&resize=525%2C300 1.5x, https:\/\/i0.wp.com\/ismaelcolosi.com.br\/wp-content\/uploads\/2024\/10\/Copia-de-Copia-de-Copia-de-TAMANHO-EXATO-PARA-FOTOS-NO-SISTEMA-NOVO-27_2024-10-18_22-52-48_png_2024-10-18_22-52-48.webp.webp?fit=1200%2C675&ssl=1&resize=700%2C400 2x, https:\/\/i0.wp.com\/ismaelcolosi.com.br\/wp-content\/uploads\/2024\/10\/Copia-de-Copia-de-Copia-de-TAMANHO-EXATO-PARA-FOTOS-NO-SISTEMA-NOVO-27_2024-10-18_22-52-48_png_2024-10-18_22-52-48.webp.webp?fit=1200%2C675&ssl=1&resize=1050%2C600 3x"},"classes":[]},{"id":49181,"url":"https:\/\/ismaelcolosi.com.br\/index.php\/2024\/05\/09\/tombamento-de-caminhao-deixa-vitima-e-causa-interdicao-no-trevao-de-ribeirao-preto\/","url_meta":{"origin":71954,"position":2},"title":"Tombamento de caminh\u00e3o deixa v\u00edtima e causa interdi\u00e7\u00e3o no Trev\u00e3o de Ribeir\u00e3o Preto","author":"ismaelcolosi.com.br","date":"9 de May de 2024","format":false,"excerpt":"O tombamento de um caminh\u00e3o na madrugada desta quinta-feira (9) deixou uma v\u00edtima e interdita uma al\u00e7a de acesso \u00e0 rodovia Anhanguera (SP-330) pelo Trev\u00e3o de Ribeir\u00e3o Preto. Segundo a concession\u00e1ria ViaPaulista, al\u00e9m de tombar, o ve\u00edculo ainda bateu contra uma barreira de concreto. A v\u00edtima foi encaminhada a um\u2026","rel":"","context":"In &quot;Not\u00edcias de Ribeir\u00e3o Preto-SP e Regi\u00e3o&quot;","block_context":{"text":"Not\u00edcias de Ribeir\u00e3o Preto-SP e Regi\u00e3o","link":"https:\/\/ismaelcolosi.com.br\/index.php\/category\/noticias-de-ribeirao-preto-sp-e-regiao-ismael-colosi\/"},"img":{"alt_text":"","src":"https:\/\/i0.wp.com\/ismaelcolosi.com.br\/wp-content\/uploads\/2024\/05\/PMR-3.jpg?fit=1200%2C907&ssl=1&resize=350%2C200","width":350,"height":200,"srcset":"https:\/\/i0.wp.com\/ismaelcolosi.com.br\/wp-content\/uploads\/2024\/05\/PMR-3.jpg?fit=1200%2C907&ssl=1&resize=350%2C200 1x, https:\/\/i0.wp.com\/ismaelcolosi.com.br\/wp-content\/uploads\/2024\/05\/PMR-3.jpg?fit=1200%2C907&ssl=1&resize=525%2C300 1.5x, https:\/\/i0.wp.com\/ismaelcolosi.com.br\/wp-content\/uploads\/2024\/05\/PMR-3.jpg?fit=1200%2C907&ssl=1&resize=700%2C400 2x, https:\/\/i0.wp.com\/ismaelcolosi.com.br\/wp-content\/uploads\/2024\/05\/PMR-3.jpg?fit=1200%2C907&ssl=1&resize=1050%2C600 3x"},"classes":[]},{"id":44167,"url":"https:\/\/ismaelcolosi.com.br\/index.php\/2024\/03\/26\/carreta-tomba-no-trevao-da-anhanguera-em-ribeirao-preto-veja-o-video\/","url_meta":{"origin":71954,"position":3},"title":"Carreta tomba no Trev\u00e3o da Anhanguera em Ribeir\u00e3o Preto; Veja o v\u00eddeo","author":"ismaelcolosi.com.br","date":"26 de March de 2024","format":false,"excerpt":"Uma carreta tombou no Trev\u00e3o da rodovia Anhanguera, em Ribeir\u00e3o Preto, na manh\u00e3 desta ter\u00e7a-feira (26) \u2013 veja o v\u00eddeo abaixo. VEJA O V\u00cdDEO Ver essa foto no Instagram Uma publica\u00e7\u00e3o compartilhada por acidade on Ribeir\u00e3o (@acidadeonribeirao) A carga de amendoim transportada pela carreta, que seguia na al\u00e7a sentido da\u2026","rel":"","context":"In &quot;Not\u00edcias de Ribeir\u00e3o Preto-SP e Regi\u00e3o&quot;","block_context":{"text":"Not\u00edcias de Ribeir\u00e3o Preto-SP e Regi\u00e3o","link":"https:\/\/ismaelcolosi.com.br\/index.php\/category\/noticias-de-ribeirao-preto-sp-e-regiao-ismael-colosi\/"},"img":{"alt_text":"","src":"https:\/\/i0.wp.com\/ismaelcolosi.com.br\/wp-content\/uploads\/2024\/03\/AnyConv.com__carreta-tomba.webp.webp?fit=1200%2C696&ssl=1&resize=350%2C200","width":350,"height":200,"srcset":"https:\/\/i0.wp.com\/ismaelcolosi.com.br\/wp-content\/uploads\/2024\/03\/AnyConv.com__carreta-tomba.webp.webp?fit=1200%2C696&ssl=1&resize=350%2C200 1x, https:\/\/i0.wp.com\/ismaelcolosi.com.br\/wp-content\/uploads\/2024\/03\/AnyConv.com__carreta-tomba.webp.webp?fit=1200%2C696&ssl=1&resize=525%2C300 1.5x, https:\/\/i0.wp.com\/ismaelcolosi.com.br\/wp-content\/uploads\/2024\/03\/AnyConv.com__carreta-tomba.webp.webp?fit=1200%2C696&ssl=1&resize=700%2C400 2x, https:\/\/i0.wp.com\/ismaelcolosi.com.br\/wp-content\/uploads\/2024\/03\/AnyConv.com__carreta-tomba.webp.webp?fit=1200%2C696&ssl=1&resize=1050%2C600 3x"},"classes":[]},{"id":65517,"url":"https:\/\/ismaelcolosi.com.br\/index.php\/2024\/09\/12\/acessos-da-anhanguera-pelo-trevao-de-ribeirao-preto-serao-interditados\/","url_meta":{"origin":71954,"position":4},"title":"Acessos da Anhanguera pelo Trev\u00e3o de Ribeir\u00e3o Preto ser\u00e3o interditados","author":"ismaelcolosi.com.br","date":"12 de September de 2024","format":false,"excerpt":"A Arteris ViaPaulista informou que vai realizar trabalhos de demarca\u00e7\u00e3o nos acessos e sa\u00eddas da rodovia Anhanguera pelo Trev\u00e3o de Ribeir\u00e3o Preto, na altura do quil\u00f4metro 307+500. Por conta disso, ser\u00e1 necess\u00e1ria a interdi\u00e7\u00e3o pontual nas al\u00e7as em dois finais de semana: neste s\u00e1bado (14) e domingo (15), e no\u2026","rel":"","context":"In &quot;Not\u00edcias de Ribeir\u00e3o Preto-SP e Regi\u00e3o&quot;","block_context":{"text":"Not\u00edcias de Ribeir\u00e3o Preto-SP e Regi\u00e3o","link":"https:\/\/ismaelcolosi.com.br\/index.php\/category\/noticias-de-ribeirao-preto-sp-e-regiao-ismael-colosi\/"},"img":{"alt_text":"","src":"https:\/\/i0.wp.com\/ismaelcolosi.com.br\/wp-content\/uploads\/2024\/09\/trevao-ribeirao-preto_2024-09-12_17-08-13_jpeg_2024-09-12_17-08-13.webp.webp?fit=1200%2C652&ssl=1&resize=350%2C200","width":350,"height":200,"srcset":"https:\/\/i0.wp.com\/ismaelcolosi.com.br\/wp-content\/uploads\/2024\/09\/trevao-ribeirao-preto_2024-09-12_17-08-13_jpeg_2024-09-12_17-08-13.webp.webp?fit=1200%2C652&ssl=1&resize=350%2C200 1x, https:\/\/i0.wp.com\/ismaelcolosi.com.br\/wp-content\/uploads\/2024\/09\/trevao-ribeirao-preto_2024-09-12_17-08-13_jpeg_2024-09-12_17-08-13.webp.webp?fit=1200%2C652&ssl=1&resize=525%2C300 1.5x, https:\/\/i0.wp.com\/ismaelcolosi.com.br\/wp-content\/uploads\/2024\/09\/trevao-ribeirao-preto_2024-09-12_17-08-13_jpeg_2024-09-12_17-08-13.webp.webp?fit=1200%2C652&ssl=1&resize=700%2C400 2x, https:\/\/i0.wp.com\/ismaelcolosi.com.br\/wp-content\/uploads\/2024\/09\/trevao-ribeirao-preto_2024-09-12_17-08-13_jpeg_2024-09-12_17-08-13.webp.webp?fit=1200%2C652&ssl=1&resize=1050%2C600 3x"},"classes":[]},{"id":49188,"url":"https:\/\/ismaelcolosi.com.br\/index.php\/2024\/05\/09\/carreta-com-doacoes-de-ribeirao-preto-para-o-rio-grande-do-sul-tomba-no-caminho\/","url_meta":{"origin":71954,"position":5},"title":"Carreta com doa\u00e7\u00f5es de Ribeir\u00e3o Preto para o Rio Grande do Sul tomba no caminho","author":"ismaelcolosi.com.br","date":"9 de May de 2024","format":false,"excerpt":"Na noite desta quarta-feira (8), uma carreta dos Correios com doa\u00e7\u00f5es de Ribeir\u00e3o Preto para as v\u00edtimas das chuvas no Rio Grande do Sul tombou e parte da carga caiu na Rodovia dos Bandeirantes (SP-348), na altura de Santa B\u00e1rbara d\u2019Oeste. Segundo a concession\u00e1ria que administra a rodovia, a AutoBAn,\u2026","rel":"","context":"In &quot;Not\u00edcias de Ribeir\u00e3o Preto-SP e Regi\u00e3o&quot;","block_context":{"text":"Not\u00edcias de Ribeir\u00e3o Preto-SP e Regi\u00e3o","link":"https:\/\/ismaelcolosi.com.br\/index.php\/category\/noticias-de-ribeirao-preto-sp-e-regiao-ismael-colosi\/"},"img":{"alt_text":"","src":"https:\/\/i0.wp.com\/ismaelcolosi.com.br\/wp-content\/uploads\/2024\/05\/carreta_2024-05-09_11-54-51_jpg_2024-05-09_11-54-51.webp.webp?fit=833%2C583&ssl=1&resize=350%2C200","width":350,"height":200,"srcset":"https:\/\/i0.wp.com\/ismaelcolosi.com.br\/wp-content\/uploads\/2024\/05\/carreta_2024-05-09_11-54-51_jpg_2024-05-09_11-54-51.webp.webp?fit=833%2C583&ssl=1&resize=350%2C200 1x, https:\/\/i0.wp.com\/ismaelcolosi.com.br\/wp-content\/uploads\/2024\/05\/carreta_2024-05-09_11-54-51_jpg_2024-05-09_11-54-51.webp.webp?fit=833%2C583&ssl=1&resize=525%2C300 1.5x, https:\/\/i0.wp.com\/ismaelcolosi.com.br\/wp-content\/uploads\/2024\/05\/carreta_2024-05-09_11-54-51_jpg_2024-05-09_11-54-51.webp.webp?fit=833%2C583&ssl=1&resize=700%2C400 2x"},"classes":[]}],"jetpack_sharing_enabled":true,"jetpack_shortlink":"https:\/\/wp.me\/pfMlyK-iIy","_links":{"self":[{"href":"https:\/\/ismaelcolosi.com.br\/index.php\/wp-json\/wp\/v2\/posts\/71954","targetHints":{"allow":["GET"]}}],"collection":[{"href":"https:\/\/ismaelcolosi.com.br\/index.php\/wp-json\/wp\/v2\/posts"}],"about":[{"href":"https:\/\/ismaelcolosi.com.br\/index.php\/wp-json\/wp\/v2\/types\/post"}],"author":[{"embeddable":true,"href":"https:\/\/ismaelcolosi.com.br\/index.php\/wp-json\/wp\/v2\/users\/1"}],"replies":[{"embeddable":true,"href":"https:\/\/ismaelcolosi.com.br\/index.php\/wp-json\/wp\/v2\/comments?post=71954"}],"version-history":[{"count":0,"href":"https:\/\/ismaelcolosi.com.br\/index.php\/wp-json\/wp\/v2\/posts\/71954\/revisions"}],"wp:featuredmedia":[{"embeddable":true,"href":"https:\/\/ismaelcolosi.com.br\/index.php\/wp-json\/wp\/v2\/media\/71955"}],"wp:attachment":[{"href":"https:\/\/ismaelcolosi.com.br\/index.php\/wp-json\/wp\/v2\/media?parent=71954"}],"wp:term":[{"taxonomy":"category","embeddable":true,"href":"https:\/\/ismaelcolosi.com.br\/index.php\/wp-json\/wp\/v2\/categories?post=71954"},{"taxonomy":"post_tag","embeddable":true,"href":"https:\/\/ismaelcolosi.com.br\/index.php\/wp-json\/wp\/v2\/tags?post=71954"}],"curies":[{"name":"wp","href":"https:\/\/api.w.org\/{rel}","templated":true}]}}