{"id":71948,"date":"2024-10-18T15:33:24","date_gmt":"2024-10-18T18:33:24","guid":{"rendered":"https:\/\/ismaelcolosi.com.br\/index.php\/2024\/10\/18\/saia-se-nao-quiser-trabalhar-presencial\/"},"modified":"2024-10-18T15:33:24","modified_gmt":"2024-10-18T18:33:24","slug":"saia-se-nao-quiser-trabalhar-presencial","status":"publish","type":"post","link":"https:\/\/ismaelcolosi.com.br\/index.php\/2024\/10\/18\/saia-se-nao-quiser-trabalhar-presencial\/","title":{"rendered":"Saia se n\u00e3o quiser trabalhar presencial"},"content":{"rendered":"<p> <br \/>\n<\/p>\n<div>\n<div id=\"attachment_641648\" class=\"wp-caption alignnone style=\" max-width:=\"\"><img data-recalc-dims=\"1\" fetchpriority=\"high\" decoding=\"async\" class=\"alignnone wp-image-641648 size-medium\" src=\"https:\/\/i0.wp.com\/forbes.com.br\/wp-content\/uploads\/2024\/10\/carreira-ceo-aws-Matt-Garman-768x512.jpg?resize=678%2C452&#038;ssl=1\" alt=\"Matt Garman\" width=\"678\" height=\"452\"\/><\/p>\n<p>Divulga\u00e7\u00e3o\/AWS<\/p>\n<p class=\"wp-caption-text\">Para Matt Garman, CEO da divis\u00e3o de computa\u00e7\u00e3o em nuvem da Amazon, n\u00e3o \u00e9 poss\u00edvel inovar trabalhando de forma remota<\/p>\n<\/div>\n<div class=\"accessibility\">\n<p>Acessibilidade<\/p>\n<p>\n<button onclick=\"alterFont1()\" id=\"btn1\" class=\"btn\">L<\/button><br \/>\n<button onclick=\"alterFont2()\" id=\"btn2\" class=\"btn\" style=\"font-family: Merriweather\">L<\/button><br \/>\n<button onclick=\"alterFontSmallerSize()\" id=\"btn3\" class=\"btn\">A-<\/button><br \/>\n<button onclick=\"alterFontBiggerSize()\" id=\"btn4\" class=\"btn\">A+<\/button><\/p>\n<p><button onclick=\"alterBackground()\" id=\"btn6\" class=\"btn\">\u25d0<\/button><\/p>\n<\/div>\n<p>Um dos principais executivos da <strong>Amazon<\/strong> defendeu a nova e pol\u00eamica pol\u00edtica de<strong> retorno obrigat\u00f3rio ao escrit\u00f3rio cinco dias por semana<\/strong>, afirmando que aqueles que n\u00e3o concordam podem procurar outra empresa para trabalhar.<\/p>\n<p>Em uma reuni\u00e3o geral da <strong>AWS (Amazon Web Services)<\/strong>, <strong>o CEO da divis\u00e3o de computa\u00e7\u00e3o em nuvem, Matt Garman<\/strong>, disse que nove em cada dez funcion\u00e1rios com quem conversou apoiam a nova pol\u00edtica, que entra em vigor em janeiro, de acordo com um documento obtido pela Reuters. Ele sugeriu que aqueles que n\u00e3o desejam trabalhar presencialmente cinco dias por semana podem pedir demiss\u00e3o.<\/p>\n<h2>Leia tamb\u00e9m<\/h2>\n<p>\u201cSe h\u00e1 pessoas que simplesmente n\u00e3o se adaptam bem a esse ambiente e n\u00e3o querem isso, tudo bem, existem outras empresas por a\u00ed\u201d, disse Garman. \u201cE, a prop\u00f3sito, n\u00e3o digo isso de maneira negativa\u201d, acrescentou, frisando que \u201cqueremos estar em um ambiente onde possamos trabalhar juntos\u201d.<\/p>\n<p>O executivo defendeu o retorno ao presencial como um modelo que beneficia a colabora\u00e7\u00e3o e inova\u00e7\u00e3o, apesar de estudos j\u00e1 terem afirmado o contr\u00e1rio.\u00a0\u201cQuando queremos realmente inovar em produtos interessantes, eu ainda n\u00e3o vi a capacidade de fazer isso sem estarmos presencialmente.\u201d<\/p>\n<h2>Na contram\u00e3o do setor de tecnologia<\/h2>\n<p>A nova medida repercutiu nas redes sociais e irritou muitos funcion\u00e1rios da Amazon, que afirmam que o deslocamento extra \u00e9 um desperd\u00edcio de tempo\u00a0e que os benef\u00edcios de trabalhar no escrit\u00f3rio n\u00e3o s\u00e3o comprovados por estudos independentes.<\/p>\n<p>A Amazon tinha uma pol\u00edtica de trabalho presencial de tr\u00eas dias por semana, mas o CEO Andy Jassy disse no m\u00eas passado que os funcion\u00e1rios passariam a ir ao escrit\u00f3rio de segunda a sexta para \u201cinovar, colaborar e estar conectados\u201d. Alguns profissionais que n\u00e3o estavam cumprindo a pol\u00edtica anterior foram informados de que estavam \u201cse demitindo voluntariamente\u201d e tiveram o acesso aos sistemas da empresa bloqueado.<\/p>\n<p>A companhia, o segundo maior empregador privado do mundo, atr\u00e1s apenas do Walmart, adotou uma postura mais r\u00edgida em rela\u00e7\u00e3o ao retorno ao escrit\u00f3rio do que muitas concorrentes, como Google, Meta e Microsoft, que t\u00eam pol\u00edticas mais flex\u00edveis, de dois a tr\u00eas dias no escrit\u00f3rio.<\/p>\n<p>\u201cEstou realmente empolgado com essa mudan\u00e7a\u201d, disse Garman. \u201cSei que nem todos est\u00e3o\u201d, reconheceu. O executivo tamb\u00e9m afirmou que \u00e9 dif\u00edcil alcan\u00e7ar as metas da empresa com apenas os tr\u00eas dias obrigat\u00f3rios de trabalho presencial.<\/p>\n<p>O CEO da AWS destacou que os princ\u00edpios de lideran\u00e7a da empresa, que orientam como a Amazon deve operar, eram dif\u00edceis de seguir com apenas tr\u00eas dias de trabalho presencial por semana. \u201cVoc\u00ea n\u00e3o consegue internalizar s\u00f3 lendo no site, voc\u00ea realmente precisa vivenciar no dia a dia.\u201d<\/p>\n<p>Um desses princ\u00edpios, \u201cdiscorde e se comprometa\u201d \u2014 que significa que os funcion\u00e1rios podem expressar discord\u00e2ncias, mas devem seguir com o projeto conforme orientado pelos l\u00edderes \u2014, n\u00e3o \u00e9 ideal para o trabalho remoto, disse Garman. \u201cN\u00e3o sei se voc\u00eas j\u00e1 tentaram discordar via uma chamada do Chime\u201d, disse ele, referindo-se \u00e0 ferramenta interna de mensagens e chamadas da empresa. \u201c\u00c9 muito dif\u00edcil.\u201d<\/p>\n<ul>\n<li>\n<h4>Siga a <a href=\"https:\/\/whatsapp.com\/channel\/0029Va9gQKwBFLgM96cJnu0u&gt;\" target=\"_blank\" rel=\"noopener\">Forbes<\/a> no WhatsApp e receba as principais not\u00edcias sobre neg\u00f3cios, carreira, tecnologia e estilo de vida<\/h4>\n<\/li>\n<\/ul>\n<h2>Escolhas do editor<\/h2>\n<\/div>\n<p><script type=\"rocketlazyloadscript\">\n\t\t\t\t(function(d, s, id){\n\t\t\t\t\tvar js, fjs = d.getElementsByTagName(s)[0];\n\t\t\t\t\tif (d.getElementById(id)) return;\n\t\t\t\t\tjs = d.createElement(s); js.id = id;\n\t\t\t\t\tjs.src = \"\/\/connect.facebook.net\/pt_BR\/sdk.js#xfbml=1&version=v2.9\";\n\t\t\t\t\tfjs.parentNode.insertBefore(js, fjs);\n\t\t\t\t}(document, 'script', 'facebook-jssdk'));\n\t\t\t<\/script><br \/>\n<br \/><br \/>\n<br \/><a href=\"https:\/\/forbes.com.br\/carreira\/2024\/10\/ceo-da-amazon-web-services-saia-se-voce-nao-quiser-voltar-ao-presencial\/\">Source link <\/a><\/p>\n<div class='code-block code-block-4' style='margin: 8px auto 8px 0; text-align: left; display: block; clear: both;'>\n\ud83d\udce2 Aviso Legal\n\nO site ismaelcolosi.com.br atua apenas como um canal de divulga\u00e7\u00e3o de oportunidades de emprego e n\u00e3o se responsabiliza pelo processo seletivo, contrata\u00e7\u00e3o ou qualquer outra etapa relacionada \u00e0s vagas publicadas. Todas as informa\u00e7\u00f5es s\u00e3o de responsabilidade dos anunciantes.\n\n\u26a0\ufe0f Aten\u00e7\u00e3o! Nunca pague por promessas de emprego nem compre cursos que garantam contrata\u00e7\u00e3o. Desconfie de qualquer cobran\u00e7a para participar de sele\u00e7\u00f5es.\n\n\n\n<\/div>\n<!-- CONTENT END 1 -->\n","protected":false},"excerpt":{"rendered":"<p>Divulga\u00e7\u00e3o\/AWS Para Matt Garman, CEO da divis\u00e3o de computa\u00e7\u00e3o em nuvem da Amazon, n\u00e3o \u00e9 poss\u00edvel inovar trabalhando de forma remota Acessibilidade L L A-&#8230;<\/p>\n","protected":false},"author":1,"featured_media":71949,"comment_status":"open","ping_status":"open","sticky":false,"template":"","format":"standard","meta":{"_uag_custom_page_level_css":"","advanced_seo_description":"","jetpack_seo_html_title":"","jetpack_seo_noindex":false,"jetpack_post_was_ever_published":false,"_jetpack_newsletter_access":"","_jetpack_dont_email_post_to_subs":false,"_jetpack_newsletter_tier_id":0,"_jetpack_memberships_contains_paywalled_content":false,"_jetpack_memberships_contains_paid_content":false,"footnotes":"","jetpack_publicize_message":"","jetpack_publicize_feature_enabled":true,"jetpack_social_post_already_shared":true,"jetpack_social_options":{"image_generator_settings":{"template":"highway","default_image_id":0,"font":"","enabled":false},"version":2}},"categories":[1964],"tags":[],"class_list":["post-71948","post","type-post","status-publish","format-standard","has-post-thumbnail","hentry","category-carreira-e-sucesso-dicas-para-carreira"],"jetpack_publicize_connections":[],"jetpack_featured_media_url":"https:\/\/i0.wp.com\/ismaelcolosi.com.br\/wp-content\/uploads\/2024\/10\/carreira-ceo-aws-Matt-Garman-1024x683.jpg?fit=1024%2C683&ssl=1","uagb_featured_image_src":{"full":["https:\/\/i0.wp.com\/ismaelcolosi.com.br\/wp-content\/uploads\/2024\/10\/carreira-ceo-aws-Matt-Garman-1024x683.jpg?fit=1024%2C683&ssl=1",1024,683,false],"thumbnail":["https:\/\/i0.wp.com\/ismaelcolosi.com.br\/wp-content\/uploads\/2024\/10\/carreira-ceo-aws-Matt-Garman-1024x683.jpg?resize=150%2C150&ssl=1",150,150,true],"medium":["https:\/\/i0.wp.com\/ismaelcolosi.com.br\/wp-content\/uploads\/2024\/10\/carreira-ceo-aws-Matt-Garman-1024x683.jpg?fit=300%2C200&ssl=1",300,200,true],"medium_large":["https:\/\/i0.wp.com\/ismaelcolosi.com.br\/wp-content\/uploads\/2024\/10\/carreira-ceo-aws-Matt-Garman-1024x683.jpg?fit=768%2C512&ssl=1",768,512,true],"large":["https:\/\/i0.wp.com\/ismaelcolosi.com.br\/wp-content\/uploads\/2024\/10\/carreira-ceo-aws-Matt-Garman-1024x683.jpg?fit=1024%2C683&ssl=1",1024,683,true],"1536x1536":["https:\/\/i0.wp.com\/ismaelcolosi.com.br\/wp-content\/uploads\/2024\/10\/carreira-ceo-aws-Matt-Garman-1024x683.jpg?fit=1024%2C683&ssl=1",1024,683,true],"2048x2048":["https:\/\/i0.wp.com\/ismaelcolosi.com.br\/wp-content\/uploads\/2024\/10\/carreira-ceo-aws-Matt-Garman-1024x683.jpg?fit=1024%2C683&ssl=1",1024,683,true],"really-simple-thumb":["https:\/\/i0.wp.com\/ismaelcolosi.com.br\/wp-content\/uploads\/2024\/10\/carreira-ceo-aws-Matt-Garman-1024x683.jpg?resize=370%2C247&ssl=1",370,247,true]},"uagb_author_info":{"display_name":"ismaelcolosi.com.br","author_link":"https:\/\/ismaelcolosi.com.br\/index.php\/author\/vidareal-online\/"},"uagb_comment_info":0,"uagb_excerpt":"Divulga\u00e7\u00e3o\/AWS Para Matt Garman, CEO da divis\u00e3o de computa\u00e7\u00e3o em nuvem da Amazon, n\u00e3o \u00e9 poss\u00edvel inovar trabalhando de forma remota Acessibilidade L L A-...","jetpack-related-posts":[{"id":87544,"url":"https:\/\/ismaelcolosi.com.br\/index.php\/2025\/09\/17\/amazon-investe-mais-de-us-1-bilhao-para-aumentar-salarios-e-reduzir-custos-de-saude-dos-funcionarios\/","url_meta":{"origin":71948,"position":0},"title":"Amazon Investe Mais de US$ 1 Bilh\u00e3o para Aumentar Sal\u00e1rios e Reduzir Custos de Sa\u00fade dos Funcion\u00e1rios","author":"ismaelcolosi.com.br","date":"17 de September de 2025","format":false,"excerpt":"\r \r \r \r Gigante de tecnologia afirmou que o sal\u00e1rio m\u00e9dio passar\u00e1 a ser superior a US$ 23 por hora \r \r \r \r Brendan McDermid\/Reuters\r A Amazon tinha mais de 1,5 milh\u00e3o de funcion\u00e1rios em tempo integral e parcial no fim do ano passado\r Acessibilidade \r L\r L\r\u2026","rel":"","context":"In &quot;Carreira e Sucesso&quot;","block_context":{"text":"Carreira e Sucesso","link":"https:\/\/ismaelcolosi.com.br\/index.php\/category\/carreira-e-sucesso-dicas-para-carreira\/"},"img":{"alt_text":"","src":"https:\/\/i0.wp.com\/ismaelcolosi.com.br\/wp-content\/uploads\/2025\/09\/money_amazon_logo-1200x675.jpg?fit=1200%2C675&ssl=1&resize=350%2C200","width":350,"height":200,"srcset":"https:\/\/i0.wp.com\/ismaelcolosi.com.br\/wp-content\/uploads\/2025\/09\/money_amazon_logo-1200x675.jpg?fit=1200%2C675&ssl=1&resize=350%2C200 1x, https:\/\/i0.wp.com\/ismaelcolosi.com.br\/wp-content\/uploads\/2025\/09\/money_amazon_logo-1200x675.jpg?fit=1200%2C675&ssl=1&resize=525%2C300 1.5x, https:\/\/i0.wp.com\/ismaelcolosi.com.br\/wp-content\/uploads\/2025\/09\/money_amazon_logo-1200x675.jpg?fit=1200%2C675&ssl=1&resize=700%2C400 2x, https:\/\/i0.wp.com\/ismaelcolosi.com.br\/wp-content\/uploads\/2025\/09\/money_amazon_logo-1200x675.jpg?fit=1200%2C675&ssl=1&resize=1050%2C600 3x"},"classes":[]},{"id":52312,"url":"https:\/\/ismaelcolosi.com.br\/index.php\/2024\/06\/05\/amazon-abre-programa-para-mulheres-empreendedoras\/","url_meta":{"origin":71948,"position":1},"title":"Amazon abre programa para mulheres empreendedoras","author":"ismaelcolosi.com.br","date":"5 de June de 2024","format":false,"excerpt":"\u00a0 Acessibilidade L L A- A+ \u25d0 A Amazon acaba de abrir as inscri\u00e7\u00f5es para a quarta edi\u00e7\u00e3o do Decola Garota, programa de acelera\u00e7\u00e3o para capacitar mulheres empreendedoras que querem expandir suas empresas nacional e internacionalmente. Ser\u00e3o selecionadas 30 participantes que tenham um neg\u00f3cio formalizado focado na venda de produtos\u2026","rel":"","context":"In &quot;Carreira e Sucesso&quot;","block_context":{"text":"Carreira e Sucesso","link":"https:\/\/ismaelcolosi.com.br\/index.php\/category\/carreira-e-sucesso-dicas-para-carreira\/"},"img":{"alt_text":"","src":"https:\/\/i0.wp.com\/ismaelcolosi.com.br\/wp-content\/uploads\/2024\/06\/mulheres-empreendedoras-amazon-1-1024x683.jpg?fit=1024%2C683&ssl=1&resize=350%2C200","width":350,"height":200,"srcset":"https:\/\/i0.wp.com\/ismaelcolosi.com.br\/wp-content\/uploads\/2024\/06\/mulheres-empreendedoras-amazon-1-1024x683.jpg?fit=1024%2C683&ssl=1&resize=350%2C200 1x, https:\/\/i0.wp.com\/ismaelcolosi.com.br\/wp-content\/uploads\/2024\/06\/mulheres-empreendedoras-amazon-1-1024x683.jpg?fit=1024%2C683&ssl=1&resize=525%2C300 1.5x, https:\/\/i0.wp.com\/ismaelcolosi.com.br\/wp-content\/uploads\/2024\/06\/mulheres-empreendedoras-amazon-1-1024x683.jpg?fit=1024%2C683&ssl=1&resize=700%2C400 2x"},"classes":[]},{"id":75219,"url":"https:\/\/ismaelcolosi.com.br\/index.php\/2024\/11\/05\/500-funcionarios-fazem-peticao-contra-o-presencial\/","url_meta":{"origin":71948,"position":2},"title":"500 Funcion\u00e1rios Fazem Peti\u00e7\u00e3o Contra o Presencial","author":"ismaelcolosi.com.br","date":"5 de November de 2024","format":false,"excerpt":"\u00a0 Acessibilidade \r L\r L\r A-\r A+\r \r \u25d0\r \r \u00a0 Mais de 500 funcion\u00e1rios da Amazon enviaram uma carta ao CEO do bra\u00e7o de computa\u00e7\u00e3o em nuvem da companhia na \u00faltima semana pedindo que o executivo reconsiderasse suas declara\u00e7\u00f5es e sua postura em rela\u00e7\u00e3o \u00e0 pol\u00edtica de retorno ao\u2026","rel":"","context":"In &quot;Carreira e Sucesso&quot;","block_context":{"text":"Carreira e Sucesso","link":"https:\/\/ismaelcolosi.com.br\/index.php\/category\/carreira-e-sucesso-dicas-para-carreira\/"},"img":{"alt_text":"","src":"https:\/\/i0.wp.com\/ismaelcolosi.com.br\/wp-content\/uploads\/2024\/11\/amazon-funcionarios-escritorio-1200x675.jpg?fit=1200%2C675&ssl=1&resize=350%2C200","width":350,"height":200,"srcset":"https:\/\/i0.wp.com\/ismaelcolosi.com.br\/wp-content\/uploads\/2024\/11\/amazon-funcionarios-escritorio-1200x675.jpg?fit=1200%2C675&ssl=1&resize=350%2C200 1x, https:\/\/i0.wp.com\/ismaelcolosi.com.br\/wp-content\/uploads\/2024\/11\/amazon-funcionarios-escritorio-1200x675.jpg?fit=1200%2C675&ssl=1&resize=525%2C300 1.5x, https:\/\/i0.wp.com\/ismaelcolosi.com.br\/wp-content\/uploads\/2024\/11\/amazon-funcionarios-escritorio-1200x675.jpg?fit=1200%2C675&ssl=1&resize=700%2C400 2x, https:\/\/i0.wp.com\/ismaelcolosi.com.br\/wp-content\/uploads\/2024\/11\/amazon-funcionarios-escritorio-1200x675.jpg?fit=1200%2C675&ssl=1&resize=1050%2C600 3x"},"classes":[]},{"id":84730,"url":"https:\/\/ismaelcolosi.com.br\/index.php\/2025\/04\/23\/ceo-conta-por-que-esta-ha-28-anos-na-mesma-empresa\/","url_meta":{"origin":71948,"position":3},"title":"CEO conta por que est\u00e1 h\u00e1 28 anos na mesma empresa","author":"ismaelcolosi.com.br","date":"23 de April de 2025","format":false,"excerpt":"\r Getty Images\r Com quase 30 anos de carreira na Amazon, Andy Jassy ocupa o cargo de CEO da companhia desde 2021\r Acessibilidade \r L\r L\r A-\r A+\r \r \u25d0\r \r \u00a0 Lealdade corporativa nem sempre \u00e9 sin\u00f4nimo de estagna\u00e7\u00e3o. Para Andy Jassy, CEO da Amazon, ficar na mesma empresa\u2026","rel":"","context":"In &quot;Carreira e Sucesso&quot;","block_context":{"text":"Carreira e Sucesso","link":"https:\/\/ismaelcolosi.com.br\/index.php\/category\/carreira-e-sucesso-dicas-para-carreira\/"},"img":{"alt_text":"","src":"https:\/\/i0.wp.com\/ismaelcolosi.com.br\/wp-content\/uploads\/2025\/04\/forbes-andy-jassy-amazon-1200x675.jpg?fit=1200%2C675&ssl=1&resize=350%2C200","width":350,"height":200,"srcset":"https:\/\/i0.wp.com\/ismaelcolosi.com.br\/wp-content\/uploads\/2025\/04\/forbes-andy-jassy-amazon-1200x675.jpg?fit=1200%2C675&ssl=1&resize=350%2C200 1x, https:\/\/i0.wp.com\/ismaelcolosi.com.br\/wp-content\/uploads\/2025\/04\/forbes-andy-jassy-amazon-1200x675.jpg?fit=1200%2C675&ssl=1&resize=525%2C300 1.5x, https:\/\/i0.wp.com\/ismaelcolosi.com.br\/wp-content\/uploads\/2025\/04\/forbes-andy-jassy-amazon-1200x675.jpg?fit=1200%2C675&ssl=1&resize=700%2C400 2x, https:\/\/i0.wp.com\/ismaelcolosi.com.br\/wp-content\/uploads\/2025\/04\/forbes-andy-jassy-amazon-1200x675.jpg?fit=1200%2C675&ssl=1&resize=1050%2C600 3x"},"classes":[]},{"id":86735,"url":"https:\/\/ismaelcolosi.com.br\/index.php\/2025\/07\/23\/amazon-abre-vagas-para-programa-de-empreendedorismo-feminino\/","url_meta":{"origin":71948,"position":4},"title":"Amazon Abre Vagas Para Programa de Empreendedorismo Feminino","author":"ismaelcolosi.com.br","date":"23 de July de 2025","format":false,"excerpt":"\r Morsa Images\/Getty Images\r Desde sua cria\u00e7\u00e3o, em 2022, o Decola Garota j\u00e1 capacitou mais de 80 empreendedoras em quatro turmas\r Acessibilidade \r L\r L\r A-\r A+\r \r \u25d0\r \r A Amazon Brasil est\u00e1 com inscri\u00e7\u00f5es abertas para a 5\u00aa edi\u00e7\u00e3o do programa Decola Garota, realizado em parceria com a\u2026","rel":"","context":"In &quot;Carreira e Sucesso&quot;","block_context":{"text":"Carreira e Sucesso","link":"https:\/\/ismaelcolosi.com.br\/index.php\/category\/carreira-e-sucesso-dicas-para-carreira\/"},"img":{"alt_text":"","src":"https:\/\/i0.wp.com\/ismaelcolosi.com.br\/wp-content\/uploads\/2025\/07\/Empreendedorismo-3-1-1200x675.jpg?fit=1200%2C675&ssl=1&resize=350%2C200","width":350,"height":200,"srcset":"https:\/\/i0.wp.com\/ismaelcolosi.com.br\/wp-content\/uploads\/2025\/07\/Empreendedorismo-3-1-1200x675.jpg?fit=1200%2C675&ssl=1&resize=350%2C200 1x, https:\/\/i0.wp.com\/ismaelcolosi.com.br\/wp-content\/uploads\/2025\/07\/Empreendedorismo-3-1-1200x675.jpg?fit=1200%2C675&ssl=1&resize=525%2C300 1.5x, https:\/\/i0.wp.com\/ismaelcolosi.com.br\/wp-content\/uploads\/2025\/07\/Empreendedorismo-3-1-1200x675.jpg?fit=1200%2C675&ssl=1&resize=700%2C400 2x, https:\/\/i0.wp.com\/ismaelcolosi.com.br\/wp-content\/uploads\/2025\/07\/Empreendedorismo-3-1-1200x675.jpg?fit=1200%2C675&ssl=1&resize=1050%2C600 3x"},"classes":[]},{"id":86778,"url":"https:\/\/ismaelcolosi.com.br\/index.php\/2025\/07\/25\/amazon-e-rme-tem-vagas-para-programa-de-empreendedorismo-feminino\/","url_meta":{"origin":71948,"position":5},"title":"Amazon e RME T\u00eam Vagas Para Programa de Empreendedorismo Feminino","author":"ismaelcolosi.com.br","date":"25 de July de 2025","format":false,"excerpt":"\r Morsa Images\/Getty Images\r Desde sua cria\u00e7\u00e3o, em 2022, o Decola Garota j\u00e1 capacitou mais de 80 empreendedoras em quatro turmas\r Acessibilidade \r L\r L\r A-\r A+\r \r \u25d0\r \r A Amazon Brasil est\u00e1 com inscri\u00e7\u00f5es abertas para a 5\u00aa edi\u00e7\u00e3o do programa Decola Garota, realizado em parceria com a\u2026","rel":"","context":"In &quot;Carreira e Sucesso&quot;","block_context":{"text":"Carreira e Sucesso","link":"https:\/\/ismaelcolosi.com.br\/index.php\/category\/carreira-e-sucesso-dicas-para-carreira\/"},"img":{"alt_text":"","src":"https:\/\/i0.wp.com\/ismaelcolosi.com.br\/wp-content\/uploads\/2025\/07\/1753431405_Empreendedorismo-3-1-1200x675.jpg?fit=1200%2C675&ssl=1&resize=350%2C200","width":350,"height":200,"srcset":"https:\/\/i0.wp.com\/ismaelcolosi.com.br\/wp-content\/uploads\/2025\/07\/1753431405_Empreendedorismo-3-1-1200x675.jpg?fit=1200%2C675&ssl=1&resize=350%2C200 1x, https:\/\/i0.wp.com\/ismaelcolosi.com.br\/wp-content\/uploads\/2025\/07\/1753431405_Empreendedorismo-3-1-1200x675.jpg?fit=1200%2C675&ssl=1&resize=525%2C300 1.5x, https:\/\/i0.wp.com\/ismaelcolosi.com.br\/wp-content\/uploads\/2025\/07\/1753431405_Empreendedorismo-3-1-1200x675.jpg?fit=1200%2C675&ssl=1&resize=700%2C400 2x, https:\/\/i0.wp.com\/ismaelcolosi.com.br\/wp-content\/uploads\/2025\/07\/1753431405_Empreendedorismo-3-1-1200x675.jpg?fit=1200%2C675&ssl=1&resize=1050%2C600 3x"},"classes":[]}],"jetpack_sharing_enabled":true,"jetpack_shortlink":"https:\/\/wp.me\/pfMlyK-iIs","_links":{"self":[{"href":"https:\/\/ismaelcolosi.com.br\/index.php\/wp-json\/wp\/v2\/posts\/71948","targetHints":{"allow":["GET"]}}],"collection":[{"href":"https:\/\/ismaelcolosi.com.br\/index.php\/wp-json\/wp\/v2\/posts"}],"about":[{"href":"https:\/\/ismaelcolosi.com.br\/index.php\/wp-json\/wp\/v2\/types\/post"}],"author":[{"embeddable":true,"href":"https:\/\/ismaelcolosi.com.br\/index.php\/wp-json\/wp\/v2\/users\/1"}],"replies":[{"embeddable":true,"href":"https:\/\/ismaelcolosi.com.br\/index.php\/wp-json\/wp\/v2\/comments?post=71948"}],"version-history":[{"count":0,"href":"https:\/\/ismaelcolosi.com.br\/index.php\/wp-json\/wp\/v2\/posts\/71948\/revisions"}],"wp:featuredmedia":[{"embeddable":true,"href":"https:\/\/ismaelcolosi.com.br\/index.php\/wp-json\/wp\/v2\/media\/71949"}],"wp:attachment":[{"href":"https:\/\/ismaelcolosi.com.br\/index.php\/wp-json\/wp\/v2\/media?parent=71948"}],"wp:term":[{"taxonomy":"category","embeddable":true,"href":"https:\/\/ismaelcolosi.com.br\/index.php\/wp-json\/wp\/v2\/categories?post=71948"},{"taxonomy":"post_tag","embeddable":true,"href":"https:\/\/ismaelcolosi.com.br\/index.php\/wp-json\/wp\/v2\/tags?post=71948"}],"curies":[{"name":"wp","href":"https:\/\/api.w.org\/{rel}","templated":true}]}}