{"id":71938,"date":"2024-10-18T15:02:45","date_gmt":"2024-10-18T18:02:45","guid":{"rendered":"https:\/\/ismaelcolosi.com.br\/index.php\/2024\/10\/18\/projeto-alma-apresenta-recitais-gratuitos-em-ribeirao-preto\/"},"modified":"2024-10-18T15:02:45","modified_gmt":"2024-10-18T18:02:45","slug":"projeto-alma-apresenta-recitais-gratuitos-em-ribeirao-preto","status":"publish","type":"post","link":"https:\/\/ismaelcolosi.com.br\/index.php\/2024\/10\/18\/projeto-alma-apresenta-recitais-gratuitos-em-ribeirao-preto\/","title":{"rendered":"Projeto Alma apresenta recitais gratuitos em Ribeir\u00e3o Preto"},"content":{"rendered":"<p> <br \/>\n<\/p>\n<div>\n<p>Os alunos dos cursos de violino, violoncelo, piano e percuss\u00e3o da <strong>Alma (Academia Livre de M\u00fasica e Artes) <\/strong>apresentar\u00e3o <strong>quatro recitais gratuitos<\/strong> em <strong>Ribeir\u00e3o Preto <\/strong>entre os dias <strong>20 <\/strong>e <strong>27 <\/strong>de <strong>outubro<\/strong>.<\/p>\n<p>Os recitais acontecem na <strong>Sala de Concertos da Tulha<\/strong>, no campus da <strong>USP (Universidade de S\u00e3o Paulo)<\/strong> de <strong>Ribeir\u00e3o Preto<\/strong>. No <strong>domingo (20)<\/strong>, \u00e0s <strong>16h,<\/strong> acontece a apresenta\u00e7\u00e3o de <strong>violoncelo<\/strong>, e em seguida, a turma de <strong>violino<\/strong> sobem ao palco \u00e0s <strong>17h30<\/strong>.<\/p>\n<p>Estas apresenta\u00e7\u00f5es contar\u00e3o com acompanhamento especial do pianista <strong>Ju Hi Soon<\/strong>. Os alunos de <strong>violoncelo <\/strong>apresentam \u201cSu\u00edte 3 em d\u00f3 menor\u201d, \u201cO Cisne\u201d, \u201cAdios Nonino\u201d e \u201cConcertino Rondo\u201d.\u00a0 J\u00e1 a turma de <strong>violino<\/strong> deve executar pe\u00e7as que v\u00e3o de <strong>Oskar Rieding<\/strong> at\u00e9 <strong>Wolfgang Amadeus Mozart<\/strong>.<\/p>\n<p>J\u00e1 no dia <strong>27 de outubro<\/strong> acontece \u00e0s <strong>10h30<\/strong> a apresenta\u00e7\u00e3o de <strong>piano<\/strong> e mais tarde, \u00e0s <strong>16h<\/strong>, \u00e9 a vez dos alunos de <strong>percuss\u00e3o<\/strong>. <mark style=\"background-color:#fcb900\" class=\"has-inline-color has-black-color\">O acesso aos recitais \u00e9 por ordem de chegada at\u00e9 esgotar os assentos dispon\u00edveis.<\/mark><\/p>\n<p>O recital de <strong>piano<\/strong> conta com obras de Mozart, Beethoven e Robert Schumann e Christian Petzold. As can\u00e7\u00f5es que comp\u00f5em o recital de <strong>percuss\u00e3o<\/strong> s\u00e3o autorais do professor <strong>Luiz Fernando Teixeira J\u00fanior<\/strong>.<\/p>\n<h4 class=\"wp-block-heading\"><strong>Servi\u00e7o<\/strong><\/h4>\n<p><strong>Recitais pedag\u00f3gicos da Alma (Academia Livre de Artes e M\u00fasica de Ribeir\u00e3o Preto)<\/strong><\/p>\n<p><strong>Quando:<\/strong> Dias 20 e 27 de outubro<br \/><strong>Hor\u00e1rio:<\/strong> Dia 20 \u00e0s 16h e \u00e0s 17h30; dia 27 \u00e0s 10h30 e 16h<br \/><strong>Local:<\/strong> Sala de Concertos da Tulha da USP Ribeir\u00e3o Preto<br \/><strong>Entrada gratuita por ordem de chegada<\/strong><\/p>\n<p>SAIBA MAIS<\/p>\n<p>Entenda o que muda com as novas regras do Pix a partir de novembro<\/p>\n<h4 class=\"wp-block-heading\"><strong>FIQUE ON<\/strong><\/h4>\n<p>Fique ligado em tudo que acontece em Ribeir\u00e3o Preto e regi\u00e3o. Siga os perfis do <strong>acidade on <\/strong>no <a href=\"https:\/\/www.instagram.com\/acidadeonribeirao\" target=\"_blank\" rel=\"noreferrer noopener\">Instagram<\/a> e no <a href=\"https:\/\/www.facebook.com\/acidadeonribeirao\" target=\"_blank\" rel=\"noreferrer noopener\">Facebook<\/a>.<\/p>\n<p>Receba not\u00edcias do <strong>acidade on<\/strong> no WhatsApp. Para entrar no grupo, basta <a href=\"https:\/\/chat.whatsapp.com\/Dtv9mxhy6V5BJBotM2OQ5k\" target=\"_blank\" rel=\"noreferrer noopener\">clicar aqui<\/a>.<\/p>\n<p>Fa\u00e7a uma den\u00fancia ou sugira uma reportagem sobre Ribeir\u00e3o Preto e regi\u00e3o pelo WhatsApp: 16 99117 7802.<\/p>\n<p>VEJA TAMB\u00c9M<\/p>\n<p>Como fazer o pastel de festa da Ana Maria?<\/p>\n<p><!-- CONTENT END 1 -->\n<\/div>\n<p><script async src=\"\/\/www.instagram.com\/embed.js\"><\/script><br \/>\n<br \/><br \/>\n<br \/><a href=\"https:\/\/www.acidadeon.com\/ribeiraopreto\/lazer-e-cultura\/projeto-alma-apresenta-recitais-gratuitos-em-ribeirao-preto\/\">Source link <\/a><\/p>\n","protected":false},"excerpt":{"rendered":"<p>Os alunos dos cursos de violino, violoncelo, piano e percuss\u00e3o da Alma (Academia Livre de M\u00fasica e Artes) apresentar\u00e3o quatro recitais gratuitos em Ribeir\u00e3o Preto&#8230;<\/p>\n","protected":false},"author":1,"featured_media":71939,"comment_status":"open","ping_status":"open","sticky":false,"template":"","format":"standard","meta":{"_uag_custom_page_level_css":"","advanced_seo_description":"","jetpack_seo_html_title":"","jetpack_seo_noindex":false,"jetpack_post_was_ever_published":false,"_jetpack_newsletter_access":"","_jetpack_dont_email_post_to_subs":false,"_jetpack_newsletter_tier_id":0,"_jetpack_memberships_contains_paywalled_content":false,"_jetpack_memberships_contains_paid_content":false,"footnotes":"","jetpack_publicize_message":"","jetpack_publicize_feature_enabled":true,"jetpack_social_post_already_shared":true,"jetpack_social_options":{"image_generator_settings":{"template":"highway","default_image_id":0,"font":"","enabled":false},"version":2}},"categories":[11],"tags":[],"class_list":["post-71938","post","type-post","status-publish","format-standard","has-post-thumbnail","hentry","category-noticias-de-ribeirao-preto-sp-e-regiao-ismael-colosi"],"jetpack_publicize_connections":[],"jetpack_featured_media_url":"https:\/\/i0.wp.com\/ismaelcolosi.com.br\/wp-content\/uploads\/2024\/10\/09e8046b-0f7b-4e41-ac8f-d2ef55d0b03e_2024-10-16_12-10-13_jpg_2024-10-16_12-10-13.webp.webp?fit=1500%2C1000&ssl=1","uagb_featured_image_src":{"full":["https:\/\/i0.wp.com\/ismaelcolosi.com.br\/wp-content\/uploads\/2024\/10\/09e8046b-0f7b-4e41-ac8f-d2ef55d0b03e_2024-10-16_12-10-13_jpg_2024-10-16_12-10-13.webp.webp?fit=1500%2C1000&ssl=1",1500,1000,false],"thumbnail":["https:\/\/i0.wp.com\/ismaelcolosi.com.br\/wp-content\/uploads\/2024\/10\/09e8046b-0f7b-4e41-ac8f-d2ef55d0b03e_2024-10-16_12-10-13_jpg_2024-10-16_12-10-13.webp.webp?resize=150%2C150&ssl=1",150,150,true],"medium":["https:\/\/i0.wp.com\/ismaelcolosi.com.br\/wp-content\/uploads\/2024\/10\/09e8046b-0f7b-4e41-ac8f-d2ef55d0b03e_2024-10-16_12-10-13_jpg_2024-10-16_12-10-13.webp.webp?fit=300%2C200&ssl=1",300,200,true],"medium_large":["https:\/\/i0.wp.com\/ismaelcolosi.com.br\/wp-content\/uploads\/2024\/10\/09e8046b-0f7b-4e41-ac8f-d2ef55d0b03e_2024-10-16_12-10-13_jpg_2024-10-16_12-10-13.webp.webp?fit=768%2C512&ssl=1",768,512,true],"large":["https:\/\/i0.wp.com\/ismaelcolosi.com.br\/wp-content\/uploads\/2024\/10\/09e8046b-0f7b-4e41-ac8f-d2ef55d0b03e_2024-10-16_12-10-13_jpg_2024-10-16_12-10-13.webp.webp?fit=1024%2C683&ssl=1",1024,683,true],"1536x1536":["https:\/\/i0.wp.com\/ismaelcolosi.com.br\/wp-content\/uploads\/2024\/10\/09e8046b-0f7b-4e41-ac8f-d2ef55d0b03e_2024-10-16_12-10-13_jpg_2024-10-16_12-10-13.webp.webp?fit=1500%2C1000&ssl=1",1500,1000,true],"2048x2048":["https:\/\/i0.wp.com\/ismaelcolosi.com.br\/wp-content\/uploads\/2024\/10\/09e8046b-0f7b-4e41-ac8f-d2ef55d0b03e_2024-10-16_12-10-13_jpg_2024-10-16_12-10-13.webp.webp?fit=1500%2C1000&ssl=1",1500,1000,true],"really-simple-thumb":["https:\/\/i0.wp.com\/ismaelcolosi.com.br\/wp-content\/uploads\/2024\/10\/09e8046b-0f7b-4e41-ac8f-d2ef55d0b03e_2024-10-16_12-10-13_jpg_2024-10-16_12-10-13.webp.webp?resize=370%2C247&ssl=1",370,247,true]},"uagb_author_info":{"display_name":"ismaelcolosi.com.br","author_link":"https:\/\/ismaelcolosi.com.br\/index.php\/author\/vidareal-online\/"},"uagb_comment_info":0,"uagb_excerpt":"Os alunos dos cursos de violino, violoncelo, piano e percuss\u00e3o da Alma (Academia Livre de M\u00fasica e Artes) apresentar\u00e3o quatro recitais gratuitos em Ribeir\u00e3o Preto...","jetpack-related-posts":[{"id":4408,"url":"https:\/\/ismaelcolosi.com.br\/index.php\/2023\/11\/21\/sp-oferece-dezenas-de-vagas-em-cursos-gratuitos-de-musica\/","url_meta":{"origin":71938,"position":0},"title":"SP oferece dezenas de vagas em cursos gratuitos de m\u00fasica","author":"ismaelcolosi.com.br","date":"21 de November de 2023","format":false,"excerpt":"A Escola de M\u00fasica do Estado de S\u00e3o Paulo (EMESP Tom Jobim) est\u00e1 com inscri\u00e7\u00f5es abertas em mais de 200 habilita\u00e7\u00f5es e cursos gratuitos de canto e instrumentos musicais. As inscri\u00e7\u00f5es s\u00e3o gratuitas e podem ser realizadas no site da EMESP e podem ser feitas at\u00e9 22 de novembro. Cr\u00e9ditos:\u2026","rel":"","context":"In &quot;Variedades&quot;","block_context":{"text":"Variedades","link":"https:\/\/ismaelcolosi.com.br\/index.php\/category\/variedades\/"},"img":{"alt_text":"","src":"https:\/\/i0.wp.com\/ismaelcolosi.com.br\/wp-content\/uploads\/2023\/11\/emesp-tom-jobim.jpg?fit=1200%2C638&ssl=1&resize=350%2C200","width":350,"height":200,"srcset":"https:\/\/i0.wp.com\/ismaelcolosi.com.br\/wp-content\/uploads\/2023\/11\/emesp-tom-jobim.jpg?fit=1200%2C638&ssl=1&resize=350%2C200 1x, https:\/\/i0.wp.com\/ismaelcolosi.com.br\/wp-content\/uploads\/2023\/11\/emesp-tom-jobim.jpg?fit=1200%2C638&ssl=1&resize=525%2C300 1.5x, https:\/\/i0.wp.com\/ismaelcolosi.com.br\/wp-content\/uploads\/2023\/11\/emesp-tom-jobim.jpg?fit=1200%2C638&ssl=1&resize=700%2C400 2x, https:\/\/i0.wp.com\/ismaelcolosi.com.br\/wp-content\/uploads\/2023\/11\/emesp-tom-jobim.jpg?fit=1200%2C638&ssl=1&resize=1050%2C600 3x"},"classes":[]},{"id":42245,"url":"https:\/\/ismaelcolosi.com.br\/index.php\/2024\/03\/13\/projeto-alma-abre-audicoes-para-cursos-de-piano-e-violino-em-ribeirao-saiba-como-participar\/","url_meta":{"origin":71938,"position":1},"title":"Projeto Alma abre audi\u00e7\u00f5es para cursos de piano e violino em Ribeir\u00e3o; Saiba como participar","author":"ismaelcolosi.com.br","date":"13 de March de 2024","format":false,"excerpt":"A Academia Livre de M\u00fasica e Artes (Alma) abriu audi\u00e7\u00f5es para os cursos gratuitos de piano e violino, voltados para adolescentes e adultos de Ribeir\u00e3o Preto. As inscri\u00e7\u00f5es para a seletiva podem ser feitas at\u00e9 o dia 20 de mar\u00e7o, pela internet (clique aqui). Os candidatos devem ter entre 13\u2026","rel":"","context":"In &quot;Not\u00edcias de Ribeir\u00e3o Preto-SP e Regi\u00e3o&quot;","block_context":{"text":"Not\u00edcias de Ribeir\u00e3o Preto-SP e Regi\u00e3o","link":"https:\/\/ismaelcolosi.com.br\/index.php\/category\/noticias-de-ribeirao-preto-sp-e-regiao-ismael-colosi\/"},"img":{"alt_text":"","src":"https:\/\/i0.wp.com\/ismaelcolosi.com.br\/wp-content\/uploads\/2024\/03\/2.1-scaled.jpg?fit=1200%2C801&ssl=1&resize=350%2C200","width":350,"height":200,"srcset":"https:\/\/i0.wp.com\/ismaelcolosi.com.br\/wp-content\/uploads\/2024\/03\/2.1-scaled.jpg?fit=1200%2C801&ssl=1&resize=350%2C200 1x, https:\/\/i0.wp.com\/ismaelcolosi.com.br\/wp-content\/uploads\/2024\/03\/2.1-scaled.jpg?fit=1200%2C801&ssl=1&resize=525%2C300 1.5x, https:\/\/i0.wp.com\/ismaelcolosi.com.br\/wp-content\/uploads\/2024\/03\/2.1-scaled.jpg?fit=1200%2C801&ssl=1&resize=700%2C400 2x, https:\/\/i0.wp.com\/ismaelcolosi.com.br\/wp-content\/uploads\/2024\/03\/2.1-scaled.jpg?fit=1200%2C801&ssl=1&resize=1050%2C600 3x"},"classes":[]},{"id":33242,"url":"https:\/\/ismaelcolosi.com.br\/index.php\/2024\/01\/28\/guri-abre-vagas-para-cursos-gratuitos-de-musica\/","url_meta":{"origin":71938,"position":2},"title":"Guri abre vagas para cursos gratuitos de m\u00fasica\u00a0","author":"ismaelcolosi.com.br","date":"28 de January de 2024","format":false,"excerpt":"28 de janeiro de 2024 | 18:0027 de janeiro de 2024 | 19:35 0O Guri \u2013 programa de educa\u00e7\u00e3o musical da Secretaria da Cultura, Economia e Ind\u00fastria Criativas do Governo do Estado de S\u00e3o Paulo, gerido pela Santa Marcelina Cultura \u2013 abre a partir de 29 de janeiro at\u00e9 22\u2026","rel":"","context":"In &quot;Not\u00edcias de Ribeir\u00e3o Preto-SP e Regi\u00e3o&quot;","block_context":{"text":"Not\u00edcias de Ribeir\u00e3o Preto-SP e Regi\u00e3o","link":"https:\/\/ismaelcolosi.com.br\/index.php\/category\/noticias-de-ribeirao-preto-sp-e-regiao-ismael-colosi\/"},"img":{"alt_text":"","src":"https:\/\/i0.wp.com\/ismaelcolosi.com.br\/wp-content\/uploads\/2024\/01\/1-guri-1.png?fit=753%2C502&ssl=1&resize=350%2C200","width":350,"height":200,"srcset":"https:\/\/i0.wp.com\/ismaelcolosi.com.br\/wp-content\/uploads\/2024\/01\/1-guri-1.png?fit=753%2C502&ssl=1&resize=350%2C200 1x, https:\/\/i0.wp.com\/ismaelcolosi.com.br\/wp-content\/uploads\/2024\/01\/1-guri-1.png?fit=753%2C502&ssl=1&resize=525%2C300 1.5x, https:\/\/i0.wp.com\/ismaelcolosi.com.br\/wp-content\/uploads\/2024\/01\/1-guri-1.png?fit=753%2C502&ssl=1&resize=700%2C400 2x"},"classes":[]},{"id":81956,"url":"https:\/\/ismaelcolosi.com.br\/index.php\/2025\/01\/21\/a-academia-livre-de-musica-e-arte-alma-esta-com-inscricoes-para-cursos-nas-areas-de-musica-e-danca-veja-como-participar\/","url_meta":{"origin":71938,"position":3},"title":"A Academia Livre de M\u00fasica e Arte (ALMA) est\u00e1 com inscri\u00e7\u00f5es para cursos nas \u00e1reas de m\u00fasica e dan\u00e7a; Veja como participar","author":"Arthur Tijolo","date":"21 de January de 2025","format":false,"excerpt":"Est\u00e3o abertas as inscri\u00e7\u00f5es para\u00a0sele\u00e7\u00e3o de novos alunos\u00a0para os\u00a0cursos gratuitos\u00a0nas \u00e1reas de\u00a0m\u00fasica\u00a0e\u00a0dan\u00e7a\u00a0da\u00a0Alma (Academia Livre de M\u00fasica e Artes) de Ribeir\u00e3o Preto. As inscri\u00e7\u00f5es devem ser feitas\u00a0at\u00e9 o dia 31 de janeiro\u00a0pelo site da\u00a0institui\u00e7\u00e3o (clique aqui). Conforme a modalidade escolhida, a\u00a0audi\u00e7\u00e3o\u00a0pode ser\u00a0presencial\u00a0ou\u00a0on-line. Confira: Cursos oferecidos M\u00fasica Para quem pretende\u00a0estudar m\u00fasica, h\u00e1\u2026","rel":"","context":"In &quot;Cursos Gratuitos e Bolsas de Estudos&quot;","block_context":{"text":"Cursos Gratuitos e Bolsas de Estudos","link":"https:\/\/ismaelcolosi.com.br\/index.php\/category\/cursos-gratuitos-e-bolsas-de-estudos-ribeirao-preto\/"},"img":{"alt_text":"","src":"https:\/\/i0.wp.com\/ismaelcolosi.com.br\/wp-content\/uploads\/2025\/01\/789171cb-be15-44cb-a112-71e38b87b85e.png?fit=600%2C400&ssl=1&resize=350%2C200","width":350,"height":200,"srcset":"https:\/\/i0.wp.com\/ismaelcolosi.com.br\/wp-content\/uploads\/2025\/01\/789171cb-be15-44cb-a112-71e38b87b85e.png?fit=600%2C400&ssl=1&resize=350%2C200 1x, https:\/\/i0.wp.com\/ismaelcolosi.com.br\/wp-content\/uploads\/2025\/01\/789171cb-be15-44cb-a112-71e38b87b85e.png?fit=600%2C400&ssl=1&resize=525%2C300 1.5x"},"classes":[]},{"id":43249,"url":"https:\/\/ismaelcolosi.com.br\/index.php\/2024\/03\/20\/projeto-guri-tem-5-045-vagas-na-regiao\/","url_meta":{"origin":71938,"position":4},"title":"Projeto Guri tem 5.045 vagas na regi\u00e3o\u00a0","author":"ismaelcolosi.com.br","date":"20 de March de 2024","format":false,"excerpt":"20 de mar\u00e7o de 2024 | 9:3020 de mar\u00e7o de 2024 | 6:07 0O Projeto Guri, programa de educa\u00e7\u00e3o musical e inclus\u00e3o sociocultural da Secretaria de Cultura e Economia Criativa do Estado de S\u00e3o Paulo, gerido pela organiza\u00e7\u00e3o social Santa Marcelina Cultura, abriu prazo para matr\u00edcula de alunos na macrorregi\u00e3o\u2026","rel":"","context":"In &quot;Not\u00edcias de Ribeir\u00e3o Preto-SP e Regi\u00e3o&quot;","block_context":{"text":"Not\u00edcias de Ribeir\u00e3o Preto-SP e Regi\u00e3o","link":"https:\/\/ismaelcolosi.com.br\/index.php\/category\/noticias-de-ribeirao-preto-sp-e-regiao-ismael-colosi\/"},"img":{"alt_text":"","src":"https:\/\/i0.wp.com\/ismaelcolosi.com.br\/wp-content\/uploads\/2024\/03\/GuriRP-Divulgacao.jpg?fit=761%2C373&ssl=1&resize=350%2C200","width":350,"height":200,"srcset":"https:\/\/i0.wp.com\/ismaelcolosi.com.br\/wp-content\/uploads\/2024\/03\/GuriRP-Divulgacao.jpg?fit=761%2C373&ssl=1&resize=350%2C200 1x, https:\/\/i0.wp.com\/ismaelcolosi.com.br\/wp-content\/uploads\/2024\/03\/GuriRP-Divulgacao.jpg?fit=761%2C373&ssl=1&resize=525%2C300 1.5x, https:\/\/i0.wp.com\/ismaelcolosi.com.br\/wp-content\/uploads\/2024\/03\/GuriRP-Divulgacao.jpg?fit=761%2C373&ssl=1&resize=700%2C400 2x"},"classes":[]},{"id":78327,"url":"https:\/\/ismaelcolosi.com.br\/index.php\/2024\/12\/04\/camerata-beija-flor-faz-apresentacoes-na-usp\/","url_meta":{"origin":71938,"position":5},"title":"Camerata Beija-Flor faz apresenta\u00e7\u00f5es na USP","author":"ismaelcolosi.com.br","date":"4 de December de 2024","format":false,"excerpt":"4 de dezembro de 20244 de dezembro de 20249 Compartilhar0 Nesta semana, o p\u00fablico de Ribeir\u00e3o Preto poder\u00e1 assistir a duas apresenta\u00e7\u00f5es da Camerata Beija-Flor, da Institui\u00e7\u00e3o Aparecido Savegnago. Os concertos ser\u00e3o gratuitos e abertos a todos, com realiza\u00e7\u00e3o no campus da Universidade de S\u00e3o Paulo (USP). O primeiro recital\u2026","rel":"","context":"In &quot;Not\u00edcias de Ribeir\u00e3o Preto-SP e Regi\u00e3o&quot;","block_context":{"text":"Not\u00edcias de Ribeir\u00e3o Preto-SP e Regi\u00e3o","link":"https:\/\/ismaelcolosi.com.br\/index.php\/category\/noticias-de-ribeirao-preto-sp-e-regiao-ismael-colosi\/"},"img":{"alt_text":"","src":"https:\/\/i0.wp.com\/ismaelcolosi.com.br\/wp-content\/uploads\/2024\/12\/Camerata-Fabio-Melo-.jpg?fit=800%2C368&ssl=1&resize=350%2C200","width":350,"height":200,"srcset":"https:\/\/i0.wp.com\/ismaelcolosi.com.br\/wp-content\/uploads\/2024\/12\/Camerata-Fabio-Melo-.jpg?fit=800%2C368&ssl=1&resize=350%2C200 1x, https:\/\/i0.wp.com\/ismaelcolosi.com.br\/wp-content\/uploads\/2024\/12\/Camerata-Fabio-Melo-.jpg?fit=800%2C368&ssl=1&resize=525%2C300 1.5x, https:\/\/i0.wp.com\/ismaelcolosi.com.br\/wp-content\/uploads\/2024\/12\/Camerata-Fabio-Melo-.jpg?fit=800%2C368&ssl=1&resize=700%2C400 2x"},"classes":[]}],"jetpack_sharing_enabled":true,"jetpack_shortlink":"https:\/\/wp.me\/pfMlyK-iIi","_links":{"self":[{"href":"https:\/\/ismaelcolosi.com.br\/index.php\/wp-json\/wp\/v2\/posts\/71938","targetHints":{"allow":["GET"]}}],"collection":[{"href":"https:\/\/ismaelcolosi.com.br\/index.php\/wp-json\/wp\/v2\/posts"}],"about":[{"href":"https:\/\/ismaelcolosi.com.br\/index.php\/wp-json\/wp\/v2\/types\/post"}],"author":[{"embeddable":true,"href":"https:\/\/ismaelcolosi.com.br\/index.php\/wp-json\/wp\/v2\/users\/1"}],"replies":[{"embeddable":true,"href":"https:\/\/ismaelcolosi.com.br\/index.php\/wp-json\/wp\/v2\/comments?post=71938"}],"version-history":[{"count":0,"href":"https:\/\/ismaelcolosi.com.br\/index.php\/wp-json\/wp\/v2\/posts\/71938\/revisions"}],"wp:featuredmedia":[{"embeddable":true,"href":"https:\/\/ismaelcolosi.com.br\/index.php\/wp-json\/wp\/v2\/media\/71939"}],"wp:attachment":[{"href":"https:\/\/ismaelcolosi.com.br\/index.php\/wp-json\/wp\/v2\/media?parent=71938"}],"wp:term":[{"taxonomy":"category","embeddable":true,"href":"https:\/\/ismaelcolosi.com.br\/index.php\/wp-json\/wp\/v2\/categories?post=71938"},{"taxonomy":"post_tag","embeddable":true,"href":"https:\/\/ismaelcolosi.com.br\/index.php\/wp-json\/wp\/v2\/tags?post=71938"}],"curies":[{"name":"wp","href":"https:\/\/api.w.org\/{rel}","templated":true}]}}