{"id":71926,"date":"2024-10-18T14:03:37","date_gmt":"2024-10-18T17:03:37","guid":{"rendered":"https:\/\/ismaelcolosi.com.br\/index.php\/2024\/10\/18\/ribeirao-preto-recebe-projeto-com-palestras-workshops-e-oficinas-gratuitas\/"},"modified":"2024-10-18T14:03:37","modified_gmt":"2024-10-18T17:03:37","slug":"ribeirao-preto-recebe-projeto-com-palestras-workshops-e-oficinas-gratuitas","status":"publish","type":"post","link":"https:\/\/ismaelcolosi.com.br\/index.php\/2024\/10\/18\/ribeirao-preto-recebe-projeto-com-palestras-workshops-e-oficinas-gratuitas\/","title":{"rendered":"Ribeir\u00e3o Preto recebe projeto com palestras, workshops e oficinas gratuitas"},"content":{"rendered":"<p> <br \/>\n<\/p>\n<div>\n<p>O <strong>Senac de Ribeir\u00e3o Preto<\/strong> oferece diversas <strong>atividades gratuitas<\/strong> para a popula\u00e7\u00e3o, neste s\u00e1bado (19), das 10h \u00e0s 16h. O projeto \u201c<strong>Casa Aberta<\/strong>\u201d, tamb\u00e9m acontece em <strong>Barretos<\/strong>, <strong>Bebedouro<\/strong>, <strong>Franca<\/strong>, <strong>Jaboticabal <\/strong>\u2013 veja a programa\u00e7\u00e3o abaixo.<\/p>\n<p>De acordo com a institui\u00e7\u00e3o, os participantes <mark style=\"background-color:#fcb900\" class=\"has-inline-color\">poder\u00e3o acompanhar <strong>palestras<\/strong>, <strong>workshops<\/strong>, <strong>apresenta\u00e7\u00f5es art\u00edsticas<\/strong> e <strong>oficinas <\/strong>com temas que envolvem diversas \u00e1reas ofertadas pelo Senac.<\/mark><\/p>\n<p>O intuito do projeto \u201c<strong>Casa aberta Senac<\/strong>\u201d \u00e9 estimular a cultura do empreendedorismo, inova\u00e7\u00e3o e o aprendizado na pr\u00e1tica.<\/p>\n<h3 class=\"wp-block-heading\"><strong>Confira a programa\u00e7\u00e3o<\/strong>:<\/h3>\n<h4 class=\"wp-block-heading\"><strong>Senac Ribeir\u00e3o Preto<\/strong><\/h4>\n<p>S\u00e3o cerca de 60 atividades, entre elas:<\/p>\n<ul>\n<li>Empreendedorismo: saiba como ser um MEI \u2013 das 10h15 \u00e0s 11h;<\/li>\n<\/ul>\n<ul>\n<li>Oficina: anima\u00e7\u00e3o 2D \u2013 das 10h15 \u00e0s 11h<\/li>\n<\/ul>\n<ul>\n<li>Educa\u00e7\u00e3o Financeira: cuidando do seu or\u00e7amento dom\u00e9stico \u2013 das 10h15 \u00e0s 11h<\/li>\n<\/ul>\n<ul>\n<li>Jogos Teatrais para iniciantes \u2013 das 10h30 \u00e0s 11h10;<\/li>\n<\/ul>\n<ul>\n<li>DJ \u2013 a arte da discotecagem \u2013 das 10h30 \u00e0s 11h30<\/li>\n<\/ul>\n<ul>\n<li>Marketing para as M\u00eddias Sociais \u2013 das 13h \u00e0s 13h45;<\/li>\n<\/ul>\n<ul>\n<li>Defesa Digital: pr\u00e1ticas essenciais em seguran\u00e7a cibern\u00e9tica \u2013 das 14h \u00e0s 15h20<\/li>\n<\/ul>\n<p>Algumas atividades precisam de <strong>inscri\u00e7\u00e3o <\/strong>que devem ser realizadas de <a href=\"https:\/\/eventos.sp.senac.br\/casaaberta\/rip\/\" target=\"_blank\" rel=\"noreferrer noopener\"><strong>forma on-line<\/strong><\/a>. No <a href=\"https:\/\/eventos.sp.senac.br\/casaaberta\/rip\/\" target=\"_blank\" rel=\"noreferrer noopener\">site <\/a>da institui\u00e7\u00e3o \u00e9 poss\u00edvel ver a <strong>programa\u00e7\u00e3o completa<\/strong>.<\/p>\n<h4 class=\"wp-block-heading\"><strong>Senac Barretos<\/strong><\/h4>\n<ul>\n<li>Conhe\u00e7a sua pele e as fun\u00e7\u00f5es do protetor solar \u2013 das 10 \u00e0s 16h<\/li>\n<\/ul>\n<ul>\n<li>Cria\u00e7\u00e3o de jogos \u2013 das 10h \u00e0s 16h<\/li>\n<\/ul>\n<ul>\n<li>O que s\u00e3o EPI\u2019s, EPC\u2019s e conscientiza\u00e7\u00e3o sobre Sa\u00fade e Seguran\u00e7a do Trabalho \u2013 das 10h \u00e0s 16h<\/li>\n<\/ul>\n<ul>\n<li>Curr\u00edculo para o Linkedin, postura e imagem pessoal \u2013 das 10h \u00e0s 16h<\/li>\n<\/ul>\n<ul>\n<li>Educa\u00e7\u00e3o Financeira: alerta sobre golpes e dicas de como aumentar a renda familiar \u2013 das 10h \u00e0s 16h<\/li>\n<\/ul>\n<p>Algumas atividades precisam de <strong>inscri\u00e7\u00e3o <\/strong>que devem ser realizadas de <a href=\"https:\/\/eventos.sp.senac.br\/casaaberta\/bar\/\" target=\"_blank\" rel=\"noreferrer noopener\"><strong>forma on-line<\/strong><\/a>. No <a href=\"https:\/\/eventos.sp.senac.br\/casaaberta\/bar\/\" target=\"_blank\" rel=\"noreferrer noopener\">site <\/a>da institui\u00e7\u00e3o \u00e9 poss\u00edvel ver a <strong>programa\u00e7\u00e3o completa<\/strong>.<\/p>\n<h4 class=\"wp-block-heading\"><strong>Senac Bebedouro<\/strong><\/h4>\n<ul>\n<li>Feir\u00e3o de Empregos \u2013 das 10h \u00e0s 16h<\/li>\n<\/ul>\n<ul>\n<li>Oficina de pizza artesanal \u2013 das 10h30 \u00e0s 11h30<\/li>\n<\/ul>\n<ul>\n<li>Planejamento Financeiro Pessoal \u2013 das 10h30 \u00e0s 15h30<\/li>\n<\/ul>\n<ul>\n<li>Oficinas de cookies \u2013 das 12h \u00e0s 13h<\/li>\n<\/ul>\n<ul>\n<li>Jogos e Brincadeiras em Ingl\u00eas e Espanhol \u2013 das 10h30 \u00e0s 13h30<\/li>\n<\/ul>\n<p>Algumas atividades precisam de <strong>inscri\u00e7\u00e3o <\/strong>que devem ser realizadas de <a href=\"https:\/\/eventos.sp.senac.br\/casaaberta\/beb\/\" target=\"_blank\" rel=\"noreferrer noopener\"><strong>forma on-line<\/strong><\/a>. No <a href=\"https:\/\/eventos.sp.senac.br\/casaaberta\/beb\/\" target=\"_blank\" rel=\"noreferrer noopener\">site <\/a>da institui\u00e7\u00e3o \u00e9 poss\u00edvel ver a <strong>programa\u00e7\u00e3o completa<\/strong>.<\/p>\n<h4 class=\"wp-block-heading\"><strong>Senac Franca<\/strong><\/h4>\n<ul>\n<li>Fotografando com o celular: um olhar sobre o \u00f3bvio \u2013 das 10h \u00e0s 16h<\/li>\n<\/ul>\n<ul>\n<li>Oficina de Avatar: identidade virtual \u2013 das 10h \u00e0s 16h<\/li>\n<\/ul>\n<ul>\n<li>Descomplicando o dinheiro: or\u00e7amento familiar na pr\u00e1tica \u2013 das 10 \u00e0s 16h<\/li>\n<\/ul>\n<ul>\n<li>Desvende o seu potencial empreendedor: an\u00e1lise caminhos e obst\u00e1culos \u2013 das 10h \u00e0s 16h<\/li>\n<\/ul>\n<ul>\n<li>Feira de Empreendedorismo, Inova\u00e7\u00e3o e Tecnologia \u2013 das 10h \u00e0s 16h<\/li>\n<\/ul>\n<p>Algumas atividades precisam de <strong>inscri\u00e7\u00e3o <\/strong>que devem ser realizadas de <a href=\"https:\/\/eventos.sp.senac.br\/casaaberta\/fra\/\" target=\"_blank\" rel=\"noreferrer noopener\"><strong>forma on-line<\/strong><\/a>. No <a href=\"https:\/\/eventos.sp.senac.br\/casaaberta\/fra\/\" target=\"_blank\" rel=\"noreferrer noopener\">site <\/a>da institui\u00e7\u00e3o \u00e9 poss\u00edvel ver a <strong>programa\u00e7\u00e3o completa<\/strong>.<\/p>\n<h4 class=\"wp-block-heading\"><strong>Senac Jaboticabal<\/strong><\/h4>\n<ul>\n<li>Oficina de Arteterapia: bordando frases liter\u00e1rias \u2013 das 10 \u00e0s 12h<\/li>\n<\/ul>\n<ul>\n<li>Atividade Maker \u2013 Cria\u00e7\u00e3o de um fliperama com Raspberry pi 3 \u2013 das 10 \u00e0s 16h<\/li>\n<\/ul>\n<ul>\n<li>Cidades Inteligentes com \u00e1rea de Gest\u00e3o e Neg\u00f3cios \u2013 das 10h \u00e0s 16h<\/li>\n<\/ul>\n<ul>\n<li>Ag\u00eancia de Publicidade Experimental \u2013 das 10h \u00e0s 16h<\/li>\n<\/ul>\n<p>Algumas atividades precisam de <strong>inscri\u00e7\u00e3o <\/strong>que devem ser realizadas de <a href=\"https:\/\/eventos.sp.senac.br\/casaaberta\/jab\/\" target=\"_blank\" rel=\"noreferrer noopener\"><strong>forma on-line<\/strong><\/a>. No <a href=\"https:\/\/eventos.sp.senac.br\/casaaberta\/jab\/\" target=\"_blank\" rel=\"noreferrer noopener\">site <\/a>da institui\u00e7\u00e3o \u00e9 poss\u00edvel ver a <strong>programa\u00e7\u00e3o completa<\/strong>.<\/p>\n<hr class=\"wp-block-separator has-alpha-channel-opacity\"\/>\n<p>SAIBA MAIS<\/p>\n<p>Pra\u00e7a de Ribeir\u00e3o Preto recebe feira de artesanato no fim de semana<\/p>\n<h4 class=\"wp-block-heading\"><strong>FIQUE ON<\/strong><\/h4>\n<p>Fique ligado em tudo que acontece em Ribeir\u00e3o Preto e regi\u00e3o. Siga os perfis do\u00a0<strong>acidade on\u00a0<\/strong>no\u00a0<a href=\"https:\/\/www.instagram.com\/acidadeonribeirao\" target=\"_blank\" rel=\"noreferrer noopener\">Instagram<\/a>\u00a0e no\u00a0<a href=\"https:\/\/www.facebook.com\/acidadeonribeirao\" target=\"_blank\" rel=\"noreferrer noopener\">Facebook<\/a>.<\/p>\n<p>Receba not\u00edcias do\u00a0<strong>acidade on<\/strong>\u00a0no WhatsApp. Para entrar no grupo, basta\u00a0<a href=\"https:\/\/chat.whatsapp.com\/Dtv9mxhy6V5BJBotM2OQ5k\" target=\"_blank\" rel=\"noreferrer noopener\">clicar aqui<\/a>.<\/p>\n<p>Fa\u00e7a uma den\u00fancia ou sugira uma reportagem sobre Ribeir\u00e3o Preto e regi\u00e3o pelo WhatsApp: 16 99117 7802.<\/p>\n<p>VEJA TAMB\u00c9M<\/p>\n<p>Fernanda Torres ser\u00e1 indicada ao Oscar por \u2018Ainda Estou Aqui\u2019?<\/p>\n<p><!-- CONTENT END 1 -->\n<\/div>\n<p><script async src=\"\/\/www.instagram.com\/embed.js\"><\/script><br \/>\n<br \/><br \/>\n<br \/><a href=\"https:\/\/www.acidadeon.com\/ribeiraopreto\/cotidiano\/ribeirao-preto-recebe-projeto-com-palestras-workshops-e-oficinas-gratuitas\/\">Source link <\/a><\/p>\n","protected":false},"excerpt":{"rendered":"<p>O Senac de Ribeir\u00e3o Preto oferece diversas atividades gratuitas para a popula\u00e7\u00e3o, neste s\u00e1bado (19), das 10h \u00e0s 16h. O projeto \u201cCasa Aberta\u201d, tamb\u00e9m acontece&#8230;<\/p>\n","protected":false},"author":1,"featured_media":71927,"comment_status":"open","ping_status":"open","sticky":false,"template":"","format":"standard","meta":{"_uag_custom_page_level_css":"","advanced_seo_description":"","jetpack_seo_html_title":"","jetpack_seo_noindex":false,"jetpack_post_was_ever_published":false,"_jetpack_newsletter_access":"","_jetpack_dont_email_post_to_subs":false,"_jetpack_newsletter_tier_id":0,"_jetpack_memberships_contains_paywalled_content":false,"_jetpack_memberships_contains_paid_content":false,"footnotes":"","jetpack_publicize_message":"","jetpack_publicize_feature_enabled":true,"jetpack_social_post_already_shared":true,"jetpack_social_options":{"image_generator_settings":{"template":"highway","default_image_id":0,"font":"","enabled":false},"version":2}},"categories":[11],"tags":[],"class_list":["post-71926","post","type-post","status-publish","format-standard","has-post-thumbnail","hentry","category-noticias-de-ribeirao-preto-sp-e-regiao-ismael-colosi"],"jetpack_publicize_connections":[],"jetpack_featured_media_url":"https:\/\/i0.wp.com\/ismaelcolosi.com.br\/wp-content\/uploads\/2024\/10\/WhatsApp-Image-2024-10-16-at-11.12.41_2024-10-18_16-25-59_jpeg_2024-10-18_16-26-00.webp.webp?fit=1280%2C852&ssl=1","uagb_featured_image_src":{"full":["https:\/\/i0.wp.com\/ismaelcolosi.com.br\/wp-content\/uploads\/2024\/10\/WhatsApp-Image-2024-10-16-at-11.12.41_2024-10-18_16-25-59_jpeg_2024-10-18_16-26-00.webp.webp?fit=1280%2C852&ssl=1",1280,852,false],"thumbnail":["https:\/\/i0.wp.com\/ismaelcolosi.com.br\/wp-content\/uploads\/2024\/10\/WhatsApp-Image-2024-10-16-at-11.12.41_2024-10-18_16-25-59_jpeg_2024-10-18_16-26-00.webp.webp?resize=150%2C150&ssl=1",150,150,true],"medium":["https:\/\/i0.wp.com\/ismaelcolosi.com.br\/wp-content\/uploads\/2024\/10\/WhatsApp-Image-2024-10-16-at-11.12.41_2024-10-18_16-25-59_jpeg_2024-10-18_16-26-00.webp.webp?fit=300%2C200&ssl=1",300,200,true],"medium_large":["https:\/\/i0.wp.com\/ismaelcolosi.com.br\/wp-content\/uploads\/2024\/10\/WhatsApp-Image-2024-10-16-at-11.12.41_2024-10-18_16-25-59_jpeg_2024-10-18_16-26-00.webp.webp?fit=768%2C511&ssl=1",768,511,true],"large":["https:\/\/i0.wp.com\/ismaelcolosi.com.br\/wp-content\/uploads\/2024\/10\/WhatsApp-Image-2024-10-16-at-11.12.41_2024-10-18_16-25-59_jpeg_2024-10-18_16-26-00.webp.webp?fit=1024%2C682&ssl=1",1024,682,true],"1536x1536":["https:\/\/i0.wp.com\/ismaelcolosi.com.br\/wp-content\/uploads\/2024\/10\/WhatsApp-Image-2024-10-16-at-11.12.41_2024-10-18_16-25-59_jpeg_2024-10-18_16-26-00.webp.webp?fit=1280%2C852&ssl=1",1280,852,true],"2048x2048":["https:\/\/i0.wp.com\/ismaelcolosi.com.br\/wp-content\/uploads\/2024\/10\/WhatsApp-Image-2024-10-16-at-11.12.41_2024-10-18_16-25-59_jpeg_2024-10-18_16-26-00.webp.webp?fit=1280%2C852&ssl=1",1280,852,true],"really-simple-thumb":["https:\/\/i0.wp.com\/ismaelcolosi.com.br\/wp-content\/uploads\/2024\/10\/WhatsApp-Image-2024-10-16-at-11.12.41_2024-10-18_16-25-59_jpeg_2024-10-18_16-26-00.webp.webp?resize=370%2C247&ssl=1",370,247,true]},"uagb_author_info":{"display_name":"ismaelcolosi.com.br","author_link":"https:\/\/ismaelcolosi.com.br\/index.php\/author\/vidareal-online\/"},"uagb_comment_info":0,"uagb_excerpt":"O Senac de Ribeir\u00e3o Preto oferece diversas atividades gratuitas para a popula\u00e7\u00e3o, neste s\u00e1bado (19), das 10h \u00e0s 16h. O projeto \u201cCasa Aberta\u201d, tamb\u00e9m acontece...","jetpack-related-posts":[{"id":54221,"url":"https:\/\/ismaelcolosi.com.br\/index.php\/2024\/06\/23\/ribeirao-preto-recebe-mostra-de-artes-cenicas-gratuita-veja-quando\/","url_meta":{"origin":71926,"position":0},"title":"Ribeir\u00e3o Preto recebe mostra de Artes C\u00eanicas gratuita; Veja quando","author":"ismaelcolosi.com.br","date":"23 de June de 2024","format":false,"excerpt":"O Senac de Ribeir\u00e3o Preto realiza entre os dias 24 e 28 de junho, a 17\u00aa Mostra de Artes C\u00eanicas da unidade, localizada na rua Capit\u00e3o Salom\u00e3o, 2133, no Jardim Mosteiro. O evento \u00e9 gratuito e aberto ao p\u00fablico. O intuito da mostra \u00e9 promover uma imers\u00e3o \u00e0 atmosfera art\u00edstica,\u2026","rel":"","context":"In &quot;Not\u00edcias de Ribeir\u00e3o Preto-SP e Regi\u00e3o&quot;","block_context":{"text":"Not\u00edcias de Ribeir\u00e3o Preto-SP e Regi\u00e3o","link":"https:\/\/ismaelcolosi.com.br\/index.php\/category\/noticias-de-ribeirao-preto-sp-e-regiao-ismael-colosi\/"},"img":{"alt_text":"","src":"https:\/\/i0.wp.com\/ismaelcolosi.com.br\/wp-content\/uploads\/2024\/06\/WhatsApp-Image-2024-06-21-at-09.48.50_2024-06-23_15-15-23_jpeg_2024-06-23_15-15-24.webp.webp?fit=1179%2C1097&ssl=1&resize=350%2C200","width":350,"height":200,"srcset":"https:\/\/i0.wp.com\/ismaelcolosi.com.br\/wp-content\/uploads\/2024\/06\/WhatsApp-Image-2024-06-21-at-09.48.50_2024-06-23_15-15-23_jpeg_2024-06-23_15-15-24.webp.webp?fit=1179%2C1097&ssl=1&resize=350%2C200 1x, https:\/\/i0.wp.com\/ismaelcolosi.com.br\/wp-content\/uploads\/2024\/06\/WhatsApp-Image-2024-06-21-at-09.48.50_2024-06-23_15-15-23_jpeg_2024-06-23_15-15-24.webp.webp?fit=1179%2C1097&ssl=1&resize=525%2C300 1.5x, https:\/\/i0.wp.com\/ismaelcolosi.com.br\/wp-content\/uploads\/2024\/06\/WhatsApp-Image-2024-06-21-at-09.48.50_2024-06-23_15-15-23_jpeg_2024-06-23_15-15-24.webp.webp?fit=1179%2C1097&ssl=1&resize=700%2C400 2x, https:\/\/i0.wp.com\/ismaelcolosi.com.br\/wp-content\/uploads\/2024\/06\/WhatsApp-Image-2024-06-21-at-09.48.50_2024-06-23_15-15-23_jpeg_2024-06-23_15-15-24.webp.webp?fit=1179%2C1097&ssl=1&resize=1050%2C600 3x"},"classes":[]},{"id":45676,"url":"https:\/\/ismaelcolosi.com.br\/index.php\/2024\/04\/05\/ribeirao-preto-recebe-oficina-para-auxiliar-contribuintes-a-realizar-declaracao-do-irpf\/","url_meta":{"origin":71926,"position":1},"title":"Ribeir\u00e3o Preto recebe oficina para auxiliar contribuintes a realizar declara\u00e7\u00e3o do IRPF","author":"ismaelcolosi.com.br","date":"5 de April de 2024","format":false,"excerpt":"O Senac de Ribeir\u00e3o Preto, realiza nesta sexta-feira (5) e no s\u00e1bado (06), a 2\u00aa Jornada do Imposto de Renda, evento que busca auxiliar os contribuintes a realizarem suas declara\u00e7\u00f5es, que devem ser entregues at\u00e9 o dia 31 de maio. As oficinas gratuitas acontecem na avenida Capit\u00e3o Salom\u00e3o, 2.133, no\u2026","rel":"","context":"In &quot;Not\u00edcias de Ribeir\u00e3o Preto-SP e Regi\u00e3o&quot;","block_context":{"text":"Not\u00edcias de Ribeir\u00e3o Preto-SP e Regi\u00e3o","link":"https:\/\/ismaelcolosi.com.br\/index.php\/category\/noticias-de-ribeirao-preto-sp-e-regiao-ismael-colosi\/"},"img":{"alt_text":"","src":"https:\/\/i0.wp.com\/ismaelcolosi.com.br\/wp-content\/uploads\/2024\/04\/imposto-de-renda.jpg?fit=1170%2C700&ssl=1&resize=350%2C200","width":350,"height":200,"srcset":"https:\/\/i0.wp.com\/ismaelcolosi.com.br\/wp-content\/uploads\/2024\/04\/imposto-de-renda.jpg?fit=1170%2C700&ssl=1&resize=350%2C200 1x, https:\/\/i0.wp.com\/ismaelcolosi.com.br\/wp-content\/uploads\/2024\/04\/imposto-de-renda.jpg?fit=1170%2C700&ssl=1&resize=525%2C300 1.5x, https:\/\/i0.wp.com\/ismaelcolosi.com.br\/wp-content\/uploads\/2024\/04\/imposto-de-renda.jpg?fit=1170%2C700&ssl=1&resize=700%2C400 2x, https:\/\/i0.wp.com\/ismaelcolosi.com.br\/wp-content\/uploads\/2024\/04\/imposto-de-renda.jpg?fit=1170%2C700&ssl=1&resize=1050%2C600 3x"},"classes":[]},{"id":28943,"url":"https:\/\/ismaelcolosi.com.br\/index.php\/2024\/01\/17\/senac-oferta-mais-de-2-300-bolsas-gratuitas\/","url_meta":{"origin":71926,"position":2},"title":"Senac oferta mais de 2.300 bolsas gratuitas\u00a0","author":"ismaelcolosi.com.br","date":"17 de January de 2024","format":false,"excerpt":"16 de janeiro de 2024 | 15:0016 de janeiro de 2024 | 9:18 0In\u00edcio de ano \u00e9 sempre tempo de renova\u00e7\u00e3o e busca de aprimoramento pessoal e profissional. A realiza\u00e7\u00e3o no trabalho exige, cada vez mais, aprimoramento t\u00e9cnico, dedica\u00e7\u00e3o e compet\u00eancias sociais. Tanto que, para o in\u00edcio de 2024, o\u2026","rel":"","context":"In &quot;Not\u00edcias de Ribeir\u00e3o Preto-SP e Regi\u00e3o&quot;","block_context":{"text":"Not\u00edcias de Ribeir\u00e3o Preto-SP e Regi\u00e3o","link":"https:\/\/ismaelcolosi.com.br\/index.php\/category\/noticias-de-ribeirao-preto-sp-e-regiao-ismael-colosi\/"},"img":{"alt_text":"","src":"https:\/\/i0.wp.com\/ismaelcolosi.com.br\/wp-content\/uploads\/2024\/01\/Senac-Alfredo-Risk-scaled.jpg?fit=967%2C645&ssl=1&resize=350%2C200","width":350,"height":200,"srcset":"https:\/\/i0.wp.com\/ismaelcolosi.com.br\/wp-content\/uploads\/2024\/01\/Senac-Alfredo-Risk-scaled.jpg?fit=967%2C645&ssl=1&resize=350%2C200 1x, https:\/\/i0.wp.com\/ismaelcolosi.com.br\/wp-content\/uploads\/2024\/01\/Senac-Alfredo-Risk-scaled.jpg?fit=967%2C645&ssl=1&resize=525%2C300 1.5x, https:\/\/i0.wp.com\/ismaelcolosi.com.br\/wp-content\/uploads\/2024\/01\/Senac-Alfredo-Risk-scaled.jpg?fit=967%2C645&ssl=1&resize=700%2C400 2x"},"classes":[]},{"id":48798,"url":"https:\/\/ismaelcolosi.com.br\/index.php\/2024\/05\/06\/ribeirao-tem-mais-de-850-bolsas-de-estudo-100-gratuitas-em-cursos-tecnicos-e-livres\/","url_meta":{"origin":71926,"position":3},"title":"Ribeir\u00e3o tem mais de 850 bolsas de estudo 100% gratuitas em cursos t\u00e9cnicos e livres","author":"ismaelcolosi.com.br","date":"6 de May de 2024","format":false,"excerpt":"O Senac de Ribeir\u00e3o Preto est\u00e1 com mais de 850 bolsas de estudo 100% gratuitas dispon\u00edveis para os cursos livres e t\u00e9cnicos, v\u00e1lidas para os meses de maio e junho. As vagas fazem parte do Programa Senac de Gratuidade e devem ser solicitadas a partir de 20 dias antes do\u2026","rel":"","context":"In &quot;Not\u00edcias de Ribeir\u00e3o Preto-SP e Regi\u00e3o&quot;","block_context":{"text":"Not\u00edcias de Ribeir\u00e3o Preto-SP e Regi\u00e3o","link":"https:\/\/ismaelcolosi.com.br\/index.php\/category\/noticias-de-ribeirao-preto-sp-e-regiao-ismael-colosi\/"},"img":{"alt_text":"","src":"https:\/\/i0.wp.com\/ismaelcolosi.com.br\/wp-content\/uploads\/2024\/05\/senac-ribeirao.jpg?fit=1200%2C674&ssl=1&resize=350%2C200","width":350,"height":200,"srcset":"https:\/\/i0.wp.com\/ismaelcolosi.com.br\/wp-content\/uploads\/2024\/05\/senac-ribeirao.jpg?fit=1200%2C674&ssl=1&resize=350%2C200 1x, https:\/\/i0.wp.com\/ismaelcolosi.com.br\/wp-content\/uploads\/2024\/05\/senac-ribeirao.jpg?fit=1200%2C674&ssl=1&resize=525%2C300 1.5x, https:\/\/i0.wp.com\/ismaelcolosi.com.br\/wp-content\/uploads\/2024\/05\/senac-ribeirao.jpg?fit=1200%2C674&ssl=1&resize=700%2C400 2x, https:\/\/i0.wp.com\/ismaelcolosi.com.br\/wp-content\/uploads\/2024\/05\/senac-ribeirao.jpg?fit=1200%2C674&ssl=1&resize=1050%2C600 3x"},"classes":[]},{"id":8760,"url":"https:\/\/ismaelcolosi.com.br\/index.php\/2023\/11\/30\/ribeirao-recebe-oficina-de-circo-com-atividades-gratuitas-para-criancas-e-adultos\/","url_meta":{"origin":71926,"position":4},"title":"Ribeir\u00e3o recebe oficina de circo com atividades gratuitas para crian\u00e7as e adultos","author":"ismaelcolosi.com.br","date":"30 de November de 2023","format":false,"excerpt":"Crian\u00e7as e adultos de todas as idades poder\u00e3o viver uma experi\u00eancia pelo universo dos picadeiros, atrav\u00e9s de workshops, durante o Pow Festival, evento de criatividade e tecnologia, que acontece nos dias 09 e 10 de dezembro, no Espa\u00e7o A F\u00e1brica, no Centro de Ribeir\u00e3o Preto. As atividades do Circo Show\u2026","rel":"","context":"In &quot;Not\u00edcias de Ribeir\u00e3o Preto-SP e Regi\u00e3o&quot;","block_context":{"text":"Not\u00edcias de Ribeir\u00e3o Preto-SP e Regi\u00e3o","link":"https:\/\/ismaelcolosi.com.br\/index.php\/category\/noticias-de-ribeirao-preto-sp-e-regiao-ismael-colosi\/"},"img":{"alt_text":"","src":"https:\/\/i0.wp.com\/ismaelcolosi.com.br\/wp-content\/uploads\/2023\/11\/Circo-Show.png?fit=1037%2C675&ssl=1&resize=350%2C200","width":350,"height":200,"srcset":"https:\/\/i0.wp.com\/ismaelcolosi.com.br\/wp-content\/uploads\/2023\/11\/Circo-Show.png?fit=1037%2C675&ssl=1&resize=350%2C200 1x, https:\/\/i0.wp.com\/ismaelcolosi.com.br\/wp-content\/uploads\/2023\/11\/Circo-Show.png?fit=1037%2C675&ssl=1&resize=525%2C300 1.5x, https:\/\/i0.wp.com\/ismaelcolosi.com.br\/wp-content\/uploads\/2023\/11\/Circo-Show.png?fit=1037%2C675&ssl=1&resize=700%2C400 2x"},"classes":[]},{"id":27216,"url":"https:\/\/ismaelcolosi.com.br\/index.php\/2024\/01\/11\/shopping-da-zona-sul-de-ribeirao-oferece-atividades-gratuitas-durante-as-ferias-veja-a-programacao\/","url_meta":{"origin":71926,"position":5},"title":"Shopping da zona Sul de Ribeir\u00e3o oferece atividades gratuitas durante as f\u00e9rias; Veja a programa\u00e7\u00e3o","author":"ismaelcolosi.com.br","date":"11 de January de 2024","format":false,"excerpt":"A programa\u00e7\u00e3o especial de f\u00e9rias do Shopping Iguatemi, na zona Sul de Ribeir\u00e3o Preto, come\u00e7ou nesta quinta-feira (11). Com diversas atividades gratuitas e diferentes, as crian\u00e7as poder\u00e3o se divertir durante todo o m\u00eas de janeiro. Al\u00e9m disso, o projeto \u2018Domingo \u00e9 Dia de Teatro\u2019, ser\u00e1 respons\u00e1vel pela apresenta\u00e7\u00e3o de tr\u00eas\u2026","rel":"","context":"In &quot;Not\u00edcias de Ribeir\u00e3o Preto-SP e Regi\u00e3o&quot;","block_context":{"text":"Not\u00edcias de Ribeir\u00e3o Preto-SP e Regi\u00e3o","link":"https:\/\/ismaelcolosi.com.br\/index.php\/category\/noticias-de-ribeirao-preto-sp-e-regiao-ismael-colosi\/"},"img":{"alt_text":"","src":"https:\/\/i0.wp.com\/ismaelcolosi.com.br\/wp-content\/uploads\/2024\/01\/52e469f810c04d97c50c8bd28e7065b2low.jpeg?fit=800%2C533&ssl=1&resize=350%2C200","width":350,"height":200,"srcset":"https:\/\/i0.wp.com\/ismaelcolosi.com.br\/wp-content\/uploads\/2024\/01\/52e469f810c04d97c50c8bd28e7065b2low.jpeg?fit=800%2C533&ssl=1&resize=350%2C200 1x, https:\/\/i0.wp.com\/ismaelcolosi.com.br\/wp-content\/uploads\/2024\/01\/52e469f810c04d97c50c8bd28e7065b2low.jpeg?fit=800%2C533&ssl=1&resize=525%2C300 1.5x, https:\/\/i0.wp.com\/ismaelcolosi.com.br\/wp-content\/uploads\/2024\/01\/52e469f810c04d97c50c8bd28e7065b2low.jpeg?fit=800%2C533&ssl=1&resize=700%2C400 2x"},"classes":[]}],"jetpack_sharing_enabled":true,"jetpack_shortlink":"https:\/\/wp.me\/pfMlyK-iI6","_links":{"self":[{"href":"https:\/\/ismaelcolosi.com.br\/index.php\/wp-json\/wp\/v2\/posts\/71926","targetHints":{"allow":["GET"]}}],"collection":[{"href":"https:\/\/ismaelcolosi.com.br\/index.php\/wp-json\/wp\/v2\/posts"}],"about":[{"href":"https:\/\/ismaelcolosi.com.br\/index.php\/wp-json\/wp\/v2\/types\/post"}],"author":[{"embeddable":true,"href":"https:\/\/ismaelcolosi.com.br\/index.php\/wp-json\/wp\/v2\/users\/1"}],"replies":[{"embeddable":true,"href":"https:\/\/ismaelcolosi.com.br\/index.php\/wp-json\/wp\/v2\/comments?post=71926"}],"version-history":[{"count":0,"href":"https:\/\/ismaelcolosi.com.br\/index.php\/wp-json\/wp\/v2\/posts\/71926\/revisions"}],"wp:featuredmedia":[{"embeddable":true,"href":"https:\/\/ismaelcolosi.com.br\/index.php\/wp-json\/wp\/v2\/media\/71927"}],"wp:attachment":[{"href":"https:\/\/ismaelcolosi.com.br\/index.php\/wp-json\/wp\/v2\/media?parent=71926"}],"wp:term":[{"taxonomy":"category","embeddable":true,"href":"https:\/\/ismaelcolosi.com.br\/index.php\/wp-json\/wp\/v2\/categories?post=71926"},{"taxonomy":"post_tag","embeddable":true,"href":"https:\/\/ismaelcolosi.com.br\/index.php\/wp-json\/wp\/v2\/tags?post=71926"}],"curies":[{"name":"wp","href":"https:\/\/api.w.org\/{rel}","templated":true}]}}