{"id":71921,"date":"2024-10-18T13:49:07","date_gmt":"2024-10-18T16:49:07","guid":{"rendered":"https:\/\/ismaelcolosi.com.br\/index.php\/2024\/10\/18\/corrida-na-regiao-de-ribeirao-preto-e-adiada-apos-alerta-de-chuva-e-ventos-fortes\/"},"modified":"2024-10-18T13:49:07","modified_gmt":"2024-10-18T16:49:07","slug":"corrida-na-regiao-de-ribeirao-preto-e-adiada-apos-alerta-de-chuva-e-ventos-fortes","status":"publish","type":"post","link":"https:\/\/ismaelcolosi.com.br\/index.php\/2024\/10\/18\/corrida-na-regiao-de-ribeirao-preto-e-adiada-apos-alerta-de-chuva-e-ventos-fortes\/","title":{"rendered":"Corrida na regi\u00e3o de Ribeir\u00e3o Preto \u00e9 adiada ap\u00f3s alerta de chuva e ventos fortes"},"content":{"rendered":"<p> <br \/>\n<\/p>\n<div data-td-block-uid=\"tdi_106\">\n<div class=\"tdb-block-inner td-fix-index\">\n<p>Em fun\u00e7\u00e3o dos alertas de chuva e ventos fortes, emitidos pela<strong> Defesa Civil de S\u00e3o Paulo<\/strong>, a <strong>Sicoob Cocred<\/strong> decidiu pelo adiamento da 6\u00aa edi\u00e7\u00e3o da <strong>Corrida Cooperativa em Dupla \u2013 Etapa Sert\u00e3ozinho<\/strong>, na regi\u00e3o de <strong>Ribeir\u00e3o Preto<\/strong>, prevista para acontecer neste s\u00e1bado (19). A medida tem o objetivo de garantir a seguran\u00e7a e a integridade de todos os 1,4 mil participantes inscritos.<\/p>\n<p><mark style=\"background-color:#fcb900\" class=\"has-inline-color has-black-color\">A nova data da prova ser\u00e1 informada em breve.<\/mark><\/p>\n<p>Apesar do adiamento da corrida, a distribui\u00e7\u00e3o do kit atleta est\u00e1 ocorrendo normalmente. Nesta sexta-feira (18), os competidores podem retir\u00e1-lo entre 11h e 17h, no Centro Administrativo Cocred, localizado na avenida Jo\u00e3o Bombonato, 168, no Comercial e Residencial Montecarlo, em Sert\u00e3ozinho.<\/p>\n<p>A Sicoob Cocred destaca que a decis\u00e3o pelo adiamento est\u00e1 respaldada nos itens da Se\u00e7\u00e3o 9 \u2013 Considera\u00e7\u00f5es Finais do Regulamento da Corrida Cooperativa em Dupla Sicoob Cocred \u2013 Etapa Sert\u00e3ozinho.<\/p>\n<p><a href=\"https:\/\/sicoobcocred.com.br\/wp-content\/uploads\/regulamento-corrida-cooperativa-em-dupla-sicoob-cocred-etapa-sertaozinho-2024.pdf\" target=\"_blank\" rel=\"noreferrer noopener nofollow\">Clique aqui para ler o regulamento completo<\/a><\/p>\n<p>Em nota, a Defesa Civil do Estado de S\u00e3o Paulo emitiu um alerta para pancadas de chuva e rajadas de vento que podem chegar a 60 km\/h entre sexta-feira (18) e domingo (20). O acumulado de chuva pode chegar a 200 mil\u00edmetros, com possibilidade de queda de granizo em pontos isolados.<\/p>\n<p>D\u00favidas sobre a Corrida Cooperativa em Dupla \u2013 Etapa Sert\u00e3ozinho podem ser enviadas para e-mail: contato@sicoobcocred.com.br<\/p>\n<p>SAIBA MAIS<br \/>Interior de SP entra em alerta de \u2018perigo\u2019 para tempestade; Veja cidades afetadas<\/p>\n<h4 class=\"wp-block-heading\"><strong>FIQUE ON<\/strong><\/h4>\n<p>Fique ligado em tudo que acontece em Ribeir\u00e3o Preto e regi\u00e3o. Siga os perfis do<strong> acidade on <\/strong>no <a href=\"https:\/\/www.instagram.com\/acidadeonribeirao\" target=\"_blank\" rel=\"noreferrer noopener nofollow\">Instagram <\/a>e no <a href=\"https:\/\/www.facebook.com\/acidadeonribeirao\/\" target=\"_blank\" rel=\"noreferrer noopener nofollow\">Facebook<\/a>.<\/p>\n<p>Receba not\u00edcias do <strong>acidade on<\/strong> no WhatsApp. <a href=\"https:\/\/chat.whatsapp.com\/Fg4ok3aAVyB59DP63pRapr\" target=\"_blank\" rel=\"noreferrer noopener nofollow\">Para entrar no grupo, basta clicar aqui.<\/a><\/p>\n<p>Fa\u00e7a uma den\u00fancia ou sugira uma reportagem sobre Ribeir\u00e3o Preto e regi\u00e3o pelo WhatsApp: 16 99117 7802.<\/p>\n<p>VEJA TAMB\u00c9M<br \/>At\u00e9 quando vai chover no interior de SP?<\/p>\n<p><!-- CONTENT END 1 -->\n<\/div>\n<\/div>\n<p><script async src=\"\/\/www.instagram.com\/embed.js\"><\/script><br \/>\n<br \/><br \/>\n<br \/><a href=\"https:\/\/www.acidadeon.com\/ribeiraopreto\/esportes\/corrida-na-regiao-de-ribeirao-preto-e-adiada-apos-alerta-de-chuva-e-ventos-fortes\/\">Source link <\/a><\/p>\n","protected":false},"excerpt":{"rendered":"<p>Em fun\u00e7\u00e3o dos alertas de chuva e ventos fortes, emitidos pela Defesa Civil de S\u00e3o Paulo, a Sicoob Cocred decidiu pelo adiamento da 6\u00aa edi\u00e7\u00e3o&#8230;<\/p>\n","protected":false},"author":1,"featured_media":71922,"comment_status":"open","ping_status":"open","sticky":false,"template":"","format":"standard","meta":{"_uag_custom_page_level_css":"","advanced_seo_description":"","jetpack_seo_html_title":"","jetpack_seo_noindex":false,"jetpack_post_was_ever_published":false,"_jetpack_newsletter_access":"","_jetpack_dont_email_post_to_subs":false,"_jetpack_newsletter_tier_id":0,"_jetpack_memberships_contains_paywalled_content":false,"_jetpack_memberships_contains_paid_content":false,"footnotes":"","jetpack_publicize_message":"","jetpack_publicize_feature_enabled":true,"jetpack_social_post_already_shared":true,"jetpack_social_options":{"image_generator_settings":{"template":"highway","default_image_id":0,"font":"","enabled":false},"version":2}},"categories":[11],"tags":[],"class_list":["post-71921","post","type-post","status-publish","format-standard","has-post-thumbnail","hentry","category-noticias-de-ribeirao-preto-sp-e-regiao-ismael-colosi"],"jetpack_publicize_connections":[],"jetpack_featured_media_url":"https:\/\/i0.wp.com\/ismaelcolosi.com.br\/wp-content\/uploads\/2024\/10\/corrida-sertaozinho_2024-10-18_16-32-17_jpg_2024-10-18_16-32-18.webp.webp?fit=1200%2C800&ssl=1","uagb_featured_image_src":{"full":["https:\/\/i0.wp.com\/ismaelcolosi.com.br\/wp-content\/uploads\/2024\/10\/corrida-sertaozinho_2024-10-18_16-32-17_jpg_2024-10-18_16-32-18.webp.webp?fit=1200%2C800&ssl=1",1200,800,false],"thumbnail":["https:\/\/i0.wp.com\/ismaelcolosi.com.br\/wp-content\/uploads\/2024\/10\/corrida-sertaozinho_2024-10-18_16-32-17_jpg_2024-10-18_16-32-18.webp.webp?resize=150%2C150&ssl=1",150,150,true],"medium":["https:\/\/i0.wp.com\/ismaelcolosi.com.br\/wp-content\/uploads\/2024\/10\/corrida-sertaozinho_2024-10-18_16-32-17_jpg_2024-10-18_16-32-18.webp.webp?fit=300%2C200&ssl=1",300,200,true],"medium_large":["https:\/\/i0.wp.com\/ismaelcolosi.com.br\/wp-content\/uploads\/2024\/10\/corrida-sertaozinho_2024-10-18_16-32-17_jpg_2024-10-18_16-32-18.webp.webp?fit=768%2C512&ssl=1",768,512,true],"large":["https:\/\/i0.wp.com\/ismaelcolosi.com.br\/wp-content\/uploads\/2024\/10\/corrida-sertaozinho_2024-10-18_16-32-17_jpg_2024-10-18_16-32-18.webp.webp?fit=1024%2C683&ssl=1",1024,683,true],"1536x1536":["https:\/\/i0.wp.com\/ismaelcolosi.com.br\/wp-content\/uploads\/2024\/10\/corrida-sertaozinho_2024-10-18_16-32-17_jpg_2024-10-18_16-32-18.webp.webp?fit=1200%2C800&ssl=1",1200,800,true],"2048x2048":["https:\/\/i0.wp.com\/ismaelcolosi.com.br\/wp-content\/uploads\/2024\/10\/corrida-sertaozinho_2024-10-18_16-32-17_jpg_2024-10-18_16-32-18.webp.webp?fit=1200%2C800&ssl=1",1200,800,true],"really-simple-thumb":["https:\/\/i0.wp.com\/ismaelcolosi.com.br\/wp-content\/uploads\/2024\/10\/corrida-sertaozinho_2024-10-18_16-32-17_jpg_2024-10-18_16-32-18.webp.webp?resize=370%2C247&ssl=1",370,247,true]},"uagb_author_info":{"display_name":"ismaelcolosi.com.br","author_link":"https:\/\/ismaelcolosi.com.br\/index.php\/author\/vidareal-online\/"},"uagb_comment_info":0,"uagb_excerpt":"Em fun\u00e7\u00e3o dos alertas de chuva e ventos fortes, emitidos pela Defesa Civil de S\u00e3o Paulo, a Sicoob Cocred decidiu pelo adiamento da 6\u00aa edi\u00e7\u00e3o...","jetpack-related-posts":[{"id":57797,"url":"https:\/\/ismaelcolosi.com.br\/index.php\/2024\/07\/24\/regiao-de-ribeirao-preto-recebe-circuito-de-cinema-na-praca-veja-os-locais\/","url_meta":{"origin":71921,"position":0},"title":"Regi\u00e3o de Ribeir\u00e3o Preto recebe circuito de cinema na pra\u00e7a; Veja os locais","author":"ismaelcolosi.com.br","date":"24 de July de 2024","format":false,"excerpt":"A regi\u00e3o de Ribeir\u00e3o Preto recebe entre os dias 25 e 27 de julho Circuito Cultural \u2013 Cinema na Pra\u00e7a. A atra\u00e7\u00e3o faz parte da comemora\u00e7\u00e3o dos 55 anos da Sicoob Cocred. O circuito vai apresentar o filme \u201cVelozes e Furiosos 10\u201d, que ser\u00e1 exibido em Pontal, Monte Alto e\u2026","rel":"","context":"In &quot;Not\u00edcias de Ribeir\u00e3o Preto-SP e Regi\u00e3o&quot;","block_context":{"text":"Not\u00edcias de Ribeir\u00e3o Preto-SP e Regi\u00e3o","link":"https:\/\/ismaelcolosi.com.br\/index.php\/category\/noticias-de-ribeirao-preto-sp-e-regiao-ismael-colosi\/"},"img":{"alt_text":"","src":"https:\/\/i0.wp.com\/ismaelcolosi.com.br\/wp-content\/uploads\/2024\/07\/cinema_2024-07-24_18-38-55_jpg_2024-07-24_18-38-56.webp.webp?fit=1200%2C766&ssl=1&resize=350%2C200","width":350,"height":200,"srcset":"https:\/\/i0.wp.com\/ismaelcolosi.com.br\/wp-content\/uploads\/2024\/07\/cinema_2024-07-24_18-38-55_jpg_2024-07-24_18-38-56.webp.webp?fit=1200%2C766&ssl=1&resize=350%2C200 1x, https:\/\/i0.wp.com\/ismaelcolosi.com.br\/wp-content\/uploads\/2024\/07\/cinema_2024-07-24_18-38-55_jpg_2024-07-24_18-38-56.webp.webp?fit=1200%2C766&ssl=1&resize=525%2C300 1.5x, https:\/\/i0.wp.com\/ismaelcolosi.com.br\/wp-content\/uploads\/2024\/07\/cinema_2024-07-24_18-38-55_jpg_2024-07-24_18-38-56.webp.webp?fit=1200%2C766&ssl=1&resize=700%2C400 2x, https:\/\/i0.wp.com\/ismaelcolosi.com.br\/wp-content\/uploads\/2024\/07\/cinema_2024-07-24_18-38-55_jpg_2024-07-24_18-38-56.webp.webp?fit=1200%2C766&ssl=1&resize=1050%2C600 3x"},"classes":[]},{"id":59938,"url":"https:\/\/ismaelcolosi.com.br\/index.php\/2024\/08\/13\/vagas-de-emprego-na-nova-bene-complexo-hospitalar-ribeirao-preto-em-ribeirao-preto-sp-6\/","url_meta":{"origin":71921,"position":1},"title":"Vagas de emprego na Nova Ben\u00ea Complexo Hospitalar Ribeir\u00e3o Preto em Ribeir\u00e3o Preto-SP","author":"ismaelcolosi.com.br","date":"13 de August de 2024","format":false,"excerpt":"Assistente Comercial - Smart Analista de Suporte Comercial 6H | Ribeir\u00e3o Shopping - SP Ribeir\u00e3o Preto - SP Efetivo Assistente de Relacionamento \u2013 Unicred do Estado de S\u00e3o Paulo - Ribeir\u00e3o Preto\/SP Banco de Talentos - Sicoob Cocred Sert\u00e3ozinho - SP Banco de talentos Banco de Talentos - Sicoob Cocred\u2026","rel":"","context":"In &quot;Vagas de Emprego em Ribeir\u00e3o Preto-SP&quot;","block_context":{"text":"Vagas de Emprego em Ribeir\u00e3o Preto-SP","link":"https:\/\/ismaelcolosi.com.br\/index.php\/category\/empregos-classificados-vagas-trabalho\/vagas-de-empregos-em-ribeirao-preto-regiao-brasil\/"},"img":{"alt_text":"","src":"https:\/\/i0.wp.com\/ismaelcolosi.com.br\/wp-content\/uploads\/2024\/08\/HOSPITAL_VA.jpg?fit=540%2C540&ssl=1&resize=350%2C200","width":350,"height":200,"srcset":"https:\/\/i0.wp.com\/ismaelcolosi.com.br\/wp-content\/uploads\/2024\/08\/HOSPITAL_VA.jpg?fit=540%2C540&ssl=1&resize=350%2C200 1x, https:\/\/i0.wp.com\/ismaelcolosi.com.br\/wp-content\/uploads\/2024\/08\/HOSPITAL_VA.jpg?fit=540%2C540&ssl=1&resize=525%2C300 1.5x"},"classes":[]},{"id":70651,"url":"https:\/\/ismaelcolosi.com.br\/index.php\/2024\/10\/11\/ribeirao-preto-registra-chuva-e-ventos-fortes-apos-alerta-de-tempestade\/","url_meta":{"origin":71921,"position":2},"title":"Ribeir\u00e3o Preto registra chuva e ventos fortes ap\u00f3s alerta de tempestade","author":"ismaelcolosi.com.br","date":"11 de October de 2024","format":false,"excerpt":"Chuvas e rajadas de vento foram registrados, na tarde desta sexta-feira (11), em diversos bairros de Ribeir\u00e3o Preto. Alerta de tempestade emitido pelo Inmet (Instituto Nacional de Meteorologia) segue at\u00e9 o s\u00e1bado (12). Pode chover o acumulado entre 30 e 60 mil\u00edmetros no per\u00edodo de uma hora, com ventos entre\u2026","rel":"","context":"In &quot;Not\u00edcias de Ribeir\u00e3o Preto-SP e Regi\u00e3o&quot;","block_context":{"text":"Not\u00edcias de Ribeir\u00e3o Preto-SP e Regi\u00e3o","link":"https:\/\/ismaelcolosi.com.br\/index.php\/category\/noticias-de-ribeirao-preto-sp-e-regiao-ismael-colosi\/"},"img":{"alt_text":"","src":"https:\/\/i0.wp.com\/ismaelcolosi.com.br\/wp-content\/uploads\/2024\/10\/Sem-titulo_2024-10-11_19-54-58_png_2024-10-11_19-54-58.webp.webp?fit=1200%2C666&ssl=1&resize=350%2C200","width":350,"height":200,"srcset":"https:\/\/i0.wp.com\/ismaelcolosi.com.br\/wp-content\/uploads\/2024\/10\/Sem-titulo_2024-10-11_19-54-58_png_2024-10-11_19-54-58.webp.webp?fit=1200%2C666&ssl=1&resize=350%2C200 1x, https:\/\/i0.wp.com\/ismaelcolosi.com.br\/wp-content\/uploads\/2024\/10\/Sem-titulo_2024-10-11_19-54-58_png_2024-10-11_19-54-58.webp.webp?fit=1200%2C666&ssl=1&resize=525%2C300 1.5x, https:\/\/i0.wp.com\/ismaelcolosi.com.br\/wp-content\/uploads\/2024\/10\/Sem-titulo_2024-10-11_19-54-58_png_2024-10-11_19-54-58.webp.webp?fit=1200%2C666&ssl=1&resize=700%2C400 2x, https:\/\/i0.wp.com\/ismaelcolosi.com.br\/wp-content\/uploads\/2024\/10\/Sem-titulo_2024-10-11_19-54-58_png_2024-10-11_19-54-58.webp.webp?fit=1200%2C666&ssl=1&resize=1050%2C600 3x"},"classes":[]},{"id":73094,"url":"https:\/\/ismaelcolosi.com.br\/index.php\/2024\/10\/24\/chuva-derruba-estrutura-de-rodeio-na-regiao-de-ribeirao-preto-veja-video\/","url_meta":{"origin":71921,"position":3},"title":"Chuva derruba estrutura de rodeio na regi\u00e3o de Ribeir\u00e3o Preto; Veja v\u00eddeo","author":"ismaelcolosi.com.br","date":"24 de October de 2024","format":false,"excerpt":"A abertura do rodeio de Cruz das Posses, distrito de Sert\u00e3ozinho, cidade na regi\u00e3o de Ribeir\u00e3o Preto, foi suspensa devido \u00e0s fortes chuvas que atingiram a regi\u00e3o, na tarde desta quinta-feira (24). Por conta do temporal, a estrutura da festa foi totalmente comprometida \u2013 veja o v\u00eddeo abaixo. Apesar do\u2026","rel":"","context":"In &quot;Not\u00edcias de Ribeir\u00e3o Preto-SP e Regi\u00e3o&quot;","block_context":{"text":"Not\u00edcias de Ribeir\u00e3o Preto-SP e Regi\u00e3o","link":"https:\/\/ismaelcolosi.com.br\/index.php\/category\/noticias-de-ribeirao-preto-sp-e-regiao-ismael-colosi\/"},"img":{"alt_text":"","src":"https:\/\/i0.wp.com\/ismaelcolosi.com.br\/wp-content\/uploads\/2024\/10\/WhatsApp-Image-2024-10-24-at-16.31.56_2024-10-24_19-56-31_jpeg_2024-10-24_19-56-32.webp.webp?fit=1200%2C675&ssl=1&resize=350%2C200","width":350,"height":200,"srcset":"https:\/\/i0.wp.com\/ismaelcolosi.com.br\/wp-content\/uploads\/2024\/10\/WhatsApp-Image-2024-10-24-at-16.31.56_2024-10-24_19-56-31_jpeg_2024-10-24_19-56-32.webp.webp?fit=1200%2C675&ssl=1&resize=350%2C200 1x, https:\/\/i0.wp.com\/ismaelcolosi.com.br\/wp-content\/uploads\/2024\/10\/WhatsApp-Image-2024-10-24-at-16.31.56_2024-10-24_19-56-31_jpeg_2024-10-24_19-56-32.webp.webp?fit=1200%2C675&ssl=1&resize=525%2C300 1.5x, https:\/\/i0.wp.com\/ismaelcolosi.com.br\/wp-content\/uploads\/2024\/10\/WhatsApp-Image-2024-10-24-at-16.31.56_2024-10-24_19-56-31_jpeg_2024-10-24_19-56-32.webp.webp?fit=1200%2C675&ssl=1&resize=700%2C400 2x, https:\/\/i0.wp.com\/ismaelcolosi.com.br\/wp-content\/uploads\/2024\/10\/WhatsApp-Image-2024-10-24-at-16.31.56_2024-10-24_19-56-31_jpeg_2024-10-24_19-56-32.webp.webp?fit=1200%2C675&ssl=1&resize=1050%2C600 3x"},"classes":[]},{"id":72009,"url":"https:\/\/ismaelcolosi.com.br\/index.php\/2024\/10\/18\/carro-capota-em-rodovia-na-regiao-de-ribeirao-preto-veja-video-2\/","url_meta":{"origin":71921,"position":4},"title":"Carro capota em rodovia na regi\u00e3o de Ribeir\u00e3o Preto; Veja v\u00eddeo","author":"ismaelcolosi.com.br","date":"18 de October de 2024","format":false,"excerpt":"Um carro capotou na tarde desta sexta-feira (18), na rodovia Deputado Cunha Bueno em Jaboticabal, na regi\u00e3o de Ribeir\u00e3o Preto. O ve\u00edculo estava em alta velocidade. Segundo testemunhas, o motorista teria tentado ultrapassar um caminh\u00e3o por dentro de um posto de gasolina quando perdeu o controle do ve\u00edculo e capotou.\u2026","rel":"","context":"In &quot;Not\u00edcias de Ribeir\u00e3o Preto-SP e Regi\u00e3o&quot;","block_context":{"text":"Not\u00edcias de Ribeir\u00e3o Preto-SP e Regi\u00e3o","link":"https:\/\/ismaelcolosi.com.br\/index.php\/category\/noticias-de-ribeirao-preto-sp-e-regiao-ismael-colosi\/"},"img":{"alt_text":"","src":"https:\/\/i0.wp.com\/ismaelcolosi.com.br\/wp-content\/uploads\/2024\/10\/Copia-de-Copia-de-Copia-de-TAMANHO-EXATO-PARA-FOTOS-NO-SISTEMA-NOVO-26_2024-10-18_20-08-24_png_2024-10-18_20-08-25.webp.webp?fit=1200%2C675&ssl=1&resize=350%2C200","width":350,"height":200,"srcset":"https:\/\/i0.wp.com\/ismaelcolosi.com.br\/wp-content\/uploads\/2024\/10\/Copia-de-Copia-de-Copia-de-TAMANHO-EXATO-PARA-FOTOS-NO-SISTEMA-NOVO-26_2024-10-18_20-08-24_png_2024-10-18_20-08-25.webp.webp?fit=1200%2C675&ssl=1&resize=350%2C200 1x, https:\/\/i0.wp.com\/ismaelcolosi.com.br\/wp-content\/uploads\/2024\/10\/Copia-de-Copia-de-Copia-de-TAMANHO-EXATO-PARA-FOTOS-NO-SISTEMA-NOVO-26_2024-10-18_20-08-24_png_2024-10-18_20-08-25.webp.webp?fit=1200%2C675&ssl=1&resize=525%2C300 1.5x, https:\/\/i0.wp.com\/ismaelcolosi.com.br\/wp-content\/uploads\/2024\/10\/Copia-de-Copia-de-Copia-de-TAMANHO-EXATO-PARA-FOTOS-NO-SISTEMA-NOVO-26_2024-10-18_20-08-24_png_2024-10-18_20-08-25.webp.webp?fit=1200%2C675&ssl=1&resize=700%2C400 2x, https:\/\/i0.wp.com\/ismaelcolosi.com.br\/wp-content\/uploads\/2024\/10\/Copia-de-Copia-de-Copia-de-TAMANHO-EXATO-PARA-FOTOS-NO-SISTEMA-NOVO-26_2024-10-18_20-08-24_png_2024-10-18_20-08-25.webp.webp?fit=1200%2C675&ssl=1&resize=1050%2C600 3x"},"classes":[]},{"id":73100,"url":"https:\/\/ismaelcolosi.com.br\/index.php\/2024\/10\/24\/chuva-e-ventos-fortes-causam-quedas-de-arvores-em-ribeirao-veja-os-locais\/","url_meta":{"origin":71921,"position":5},"title":"Chuva e ventos fortes causam quedas de \u00e1rvores em Ribeir\u00e3o; Veja os locais","author":"ismaelcolosi.com.br","date":"24 de October de 2024","format":false,"excerpt":"A chuva e os ventos fortes que atingiram Ribeir\u00e3o Preto, na tarde desta quinta-feira (24), ressultaram em danos e quedas de \u00e1rvores em alguns pontos da cidade. De acordo com a Defesa Civil, tr\u00eas locais registraram quedas de \u00e1rvores. Apesar dos transtornos, n\u00e3o houveram interdi\u00e7\u00f5es e ningu\u00e9m ficou ferido. Confira\u2026","rel":"","context":"In &quot;Not\u00edcias de Ribeir\u00e3o Preto-SP e Regi\u00e3o&quot;","block_context":{"text":"Not\u00edcias de Ribeir\u00e3o Preto-SP e Regi\u00e3o","link":"https:\/\/ismaelcolosi.com.br\/index.php\/category\/noticias-de-ribeirao-preto-sp-e-regiao-ismael-colosi\/"},"img":{"alt_text":"","src":"https:\/\/i0.wp.com\/ismaelcolosi.com.br\/wp-content\/uploads\/2024\/10\/Copia-de-Copia-de-Copia-de-TAMANHO-EXATO-PARA-FOTOS-NO-SISTEMA-NOVO-41_2024-10-24_20-41-12_png_2024-10-24_20-41-12.webp.webp?fit=1200%2C675&ssl=1&resize=350%2C200","width":350,"height":200,"srcset":"https:\/\/i0.wp.com\/ismaelcolosi.com.br\/wp-content\/uploads\/2024\/10\/Copia-de-Copia-de-Copia-de-TAMANHO-EXATO-PARA-FOTOS-NO-SISTEMA-NOVO-41_2024-10-24_20-41-12_png_2024-10-24_20-41-12.webp.webp?fit=1200%2C675&ssl=1&resize=350%2C200 1x, https:\/\/i0.wp.com\/ismaelcolosi.com.br\/wp-content\/uploads\/2024\/10\/Copia-de-Copia-de-Copia-de-TAMANHO-EXATO-PARA-FOTOS-NO-SISTEMA-NOVO-41_2024-10-24_20-41-12_png_2024-10-24_20-41-12.webp.webp?fit=1200%2C675&ssl=1&resize=525%2C300 1.5x, https:\/\/i0.wp.com\/ismaelcolosi.com.br\/wp-content\/uploads\/2024\/10\/Copia-de-Copia-de-Copia-de-TAMANHO-EXATO-PARA-FOTOS-NO-SISTEMA-NOVO-41_2024-10-24_20-41-12_png_2024-10-24_20-41-12.webp.webp?fit=1200%2C675&ssl=1&resize=700%2C400 2x, https:\/\/i0.wp.com\/ismaelcolosi.com.br\/wp-content\/uploads\/2024\/10\/Copia-de-Copia-de-Copia-de-TAMANHO-EXATO-PARA-FOTOS-NO-SISTEMA-NOVO-41_2024-10-24_20-41-12_png_2024-10-24_20-41-12.webp.webp?fit=1200%2C675&ssl=1&resize=1050%2C600 3x"},"classes":[]}],"jetpack_sharing_enabled":true,"jetpack_shortlink":"https:\/\/wp.me\/pfMlyK-iI1","_links":{"self":[{"href":"https:\/\/ismaelcolosi.com.br\/index.php\/wp-json\/wp\/v2\/posts\/71921","targetHints":{"allow":["GET"]}}],"collection":[{"href":"https:\/\/ismaelcolosi.com.br\/index.php\/wp-json\/wp\/v2\/posts"}],"about":[{"href":"https:\/\/ismaelcolosi.com.br\/index.php\/wp-json\/wp\/v2\/types\/post"}],"author":[{"embeddable":true,"href":"https:\/\/ismaelcolosi.com.br\/index.php\/wp-json\/wp\/v2\/users\/1"}],"replies":[{"embeddable":true,"href":"https:\/\/ismaelcolosi.com.br\/index.php\/wp-json\/wp\/v2\/comments?post=71921"}],"version-history":[{"count":0,"href":"https:\/\/ismaelcolosi.com.br\/index.php\/wp-json\/wp\/v2\/posts\/71921\/revisions"}],"wp:featuredmedia":[{"embeddable":true,"href":"https:\/\/ismaelcolosi.com.br\/index.php\/wp-json\/wp\/v2\/media\/71922"}],"wp:attachment":[{"href":"https:\/\/ismaelcolosi.com.br\/index.php\/wp-json\/wp\/v2\/media?parent=71921"}],"wp:term":[{"taxonomy":"category","embeddable":true,"href":"https:\/\/ismaelcolosi.com.br\/index.php\/wp-json\/wp\/v2\/categories?post=71921"},{"taxonomy":"post_tag","embeddable":true,"href":"https:\/\/ismaelcolosi.com.br\/index.php\/wp-json\/wp\/v2\/tags?post=71921"}],"curies":[{"name":"wp","href":"https:\/\/api.w.org\/{rel}","templated":true}]}}