{"id":71908,"date":"2024-10-18T13:01:24","date_gmt":"2024-10-18T16:01:24","guid":{"rendered":"https:\/\/ismaelcolosi.com.br\/index.php\/2024\/10\/18\/juninho-gaspar-quer-transformar-batatais-com-politicas-publicas\/"},"modified":"2024-10-18T13:01:24","modified_gmt":"2024-10-18T16:01:24","slug":"juninho-gaspar-quer-transformar-batatais-com-politicas-publicas","status":"publish","type":"post","link":"https:\/\/ismaelcolosi.com.br\/index.php\/2024\/10\/18\/juninho-gaspar-quer-transformar-batatais-com-politicas-publicas\/","title":{"rendered":"Juninho Gaspar quer transformar\u00a0Batatais com pol\u00edticas p\u00fablicas"},"content":{"rendered":"<p> <br \/>\n<\/p>\n<p><strong>O prefeito reeleito de Batatais, Juninho Gaspar (PP), disse nesta sexta-feira (18), em entrevista ao acidade on, que seguir\u00e1 com as pol\u00edticas p\u00fablicas para transformar a cidade.<\/strong> A elei\u00e7\u00e3o para prefeito do munic\u00edpio teve candidatura \u00fanica.<\/p>\n<p><strong>Assista <\/strong>ao <strong>v\u00eddeo <\/strong>abaixo.<\/p><div class='code-block code-block-8' style='margin: 8px auto; text-align: center; display: block; clear: both;'>\n<script>\n  atOptions = {\n    'key' : '66e2e2111ca34da796271819fc334058',\n    'format' : 'iframe',\n    'height' : 250,\n    'width' : 300,\n    'params' : {}\n  };\n<\/script>\n<script src=\"https:\/\/www.highperformanceformat.com\/66e2e2111ca34da796271819fc334058\/invoke.js\"><\/script>\n<\/div>\n\n<blockquote class=\"wp-block-quote\">\n<p>\u201cFomos reeleitos com a maior vota\u00e7\u00e3o da hist\u00f3ria do nosso munic\u00edpio, fazendo com que aument\u00e1ssemos nossa responsabilidade para continuar as nossas obras, as nossas pol\u00edticas p\u00fablicas em que est\u00e3o transformando a cidade e a vida das pessoas\u201d<\/p>\n<p><cite><strong>Juninho Gaspar (PP)<\/strong><\/cite><\/p><\/blockquote>\n<p><strong>Juninho Gaspar<\/strong> foi reeleito para a <strong>Prefeitura de Batatais<\/strong> com <strong>25.243 votos (100%)<\/strong>.<\/p>\n<blockquote class=\"instagram-media\" data-instgrm-permalink=\"https:\/\/www.instagram.com\/reel\/DBRSwMNxfMu\/?utm_source=ig_embed&amp;utm_campaign=loading\" data-instgrm-version=\"14\" style=\"background:#FFF;border:0;border-radius:3px;margin: 1px;max-width:540px;min-width:326px;padding:0;width:99.375%;width:-webkit-calc(100% - 2px);width:calc(100% - 2px)\">\n<div style=\"padding:16px\"> <a href=\"https:\/\/www.instagram.com\/reel\/DBRSwMNxfMu\/?utm_source=ig_embed&amp;utm_campaign=loading\" style=\"background:#FFFFFF;line-height:0;padding:0 0;text-align:center;text-decoration:none;width:100%\" target=\"_blank\" rel=\"noopener\"> <\/p>\n<div style=\"flex-direction: row;align-items: center\">\n<div style=\"background-color: #F4F4F4;border-radius: 50%;flex-grow: 0;height: 40px;margin-right: 14px;width: 40px\"><\/div>\n<div style=\"flex-direction: column;flex-grow: 1;justify-content: center\">\n<div style=\"background-color: #F4F4F4;border-radius: 4px;flex-grow: 0;height: 14px;margin-bottom: 6px;width: 100px\"><\/div>\n<div style=\"background-color: #F4F4F4;border-radius: 4px;flex-grow: 0;height: 14px;width: 60px\"><\/div>\n<\/div>\n<\/div>\n<div style=\"padding: 19% 0\"><\/div>\n<div style=\"height:50px;margin:0 auto 12px;width:50px\"><\/div>\n<div style=\"padding-top: 8px\">\n<div style=\"color:#3897f0;font-family:Arial,sans-serif;font-size:14px;font-style:normal;font-weight:550;line-height:18px\">Ver essa foto no Instagram<\/div>\n<\/div>\n<div style=\"padding: 12.5% 0\"><\/div>\n<div style=\"flex-direction: row;margin-bottom: 14px;align-items: center\">\n<div>\n<div style=\"background-color: #F4F4F4;border-radius: 50%;height: 12.5px;width: 12.5px\"><\/div>\n<div style=\"background-color: #F4F4F4;height: 12.5px;width: 12.5px;flex-grow: 0;margin-right: 14px;margin-left: 2px\"><\/div>\n<div style=\"background-color: #F4F4F4;border-radius: 50%;height: 12.5px;width: 12.5px\"><\/div>\n<\/div>\n<div style=\"margin-left: 8px\">\n<div style=\"background-color: #F4F4F4;border-radius: 50%;flex-grow: 0;height: 20px;width: 20px\"><\/div>\n<div style=\"width: 0;height: 0;border-top: 2px solid transparent;border-left: 6px solid #f4f4f4;border-bottom: 2px solid transparent\"><\/div>\n<\/div>\n<div style=\"margin-left: auto\">\n<div style=\"width: 0px;border-top: 8px solid #F4F4F4;border-right: 8px solid transparent\"><\/div>\n<div style=\"background-color: #F4F4F4;flex-grow: 0;height: 12px;width: 16px\"><\/div>\n<div style=\"width: 0;height: 0;border-top: 8px solid #F4F4F4;border-left: 8px solid transparent\"><\/div>\n<\/div>\n<\/div>\n<div style=\"flex-direction: column;flex-grow: 1;justify-content: center;margin-bottom: 24px\">\n<div style=\"background-color: #F4F4F4;border-radius: 4px;flex-grow: 0;height: 14px;margin-bottom: 6px;width: 224px\"><\/div>\n<div style=\"background-color: #F4F4F4;border-radius: 4px;flex-grow: 0;height: 14px;width: 144px\"><\/div>\n<\/div>\n<p><\/a><\/p>\n<p style=\"color:#c9c8cd;font-family:Arial,sans-serif;font-size:14px;line-height:17px;margin-bottom:0;margin-top:8px;overflow:hidden;padding:8px 0 7px;text-align:center\"><a href=\"https:\/\/www.instagram.com\/reel\/DBRSwMNxfMu\/?utm_source=ig_embed&amp;utm_campaign=loading\" style=\"color:#c9c8cd;font-family:Arial,sans-serif;font-size:14px;font-style:normal;font-weight:normal;line-height:17px;text-decoration:none\" target=\"_blank\" rel=\"noopener\">Uma publica\u00e7\u00e3o compartilhada por acidade on Ribeir\u00e3o (@acidadeonribeirao)<\/a><\/p>\n<\/div>\n<\/blockquote>\n<p>SAIBA MAIS<\/p>\n<p>Professor Emerson quer governo \u2018mais comprometido\u2019 no 2\u00ba mandato em Jaboticabal<\/p>\n<h4 class=\"wp-block-heading\"><strong>FIQUE ON<\/strong><\/h4>\n<p>Fique ligado em tudo que acontece em Ribeir\u00e3o Preto e regi\u00e3o. Siga os perfis do<strong>&nbsp;acidade on&nbsp;<\/strong>no&nbsp;<a href=\"https:\/\/www.instagram.com\/acidadeonribeirao\" target=\"_blank\" rel=\"noreferrer noopener\">Instagram&nbsp;<\/a>e no<a href=\"https:\/\/www.facebook.com\/acidadeonribeirao\/\" target=\"_blank\" rel=\"noreferrer noopener\">&nbsp;Facebook<\/a>.<\/p>\n<p>Receba not\u00edcias do<strong>&nbsp;acidade on&nbsp;<\/strong>no WhatsApp.&nbsp;<a href=\"https:\/\/chat.whatsapp.com\/Fg4ok3aAVyB59DP63pRapr\" target=\"_blank\" rel=\"noreferrer noopener\">Para entrar no grupo, basta clicar aqui.<\/a><\/p>\n<p>Fa\u00e7a uma den\u00fancia ou sugira uma reportagem sobre Ribeir\u00e3o Preto e regi\u00e3o pelo WhatsApp: 16 99117 7802.<\/p>\n<p>VEJA TAMB\u00c9M<\/p>\n<p>O que mudou no limite da Caixa para im\u00f3veis?<\/p>\n<p>O post Juninho Gaspar quer transformar\u00a0Batatais com pol\u00edticas p\u00fablicas apareceu primeiro em ACidade ON Ribeir\u00e3o Preto.<\/p>\n<p><script async src=\"\/\/www.instagram.com\/embed.js\"><\/script><br \/>\n<br \/><br \/>\n<br \/><a href=\"https:\/\/www.acidadeon.com\/ribeiraopreto\/politica\/juninho-gaspar-quer-transformar-batatais-com-politicas-publicas\/\">Source link <\/a><\/p>\n<div class='code-block code-block-4' style='margin: 8px auto 8px 0; text-align: left; display: block; clear: both;'>\n\ud83d\udce2 Aviso Legal\n\nO site ismaelcolosi.com.br atua apenas como um canal de divulga\u00e7\u00e3o de oportunidades de emprego e n\u00e3o se responsabiliza pelo processo seletivo, contrata\u00e7\u00e3o ou qualquer outra etapa relacionada \u00e0s vagas publicadas. Todas as informa\u00e7\u00f5es s\u00e3o de responsabilidade dos anunciantes.\n\n\u26a0\ufe0f Aten\u00e7\u00e3o! Nunca pague por promessas de emprego nem compre cursos que garantam contrata\u00e7\u00e3o. Desconfie de qualquer cobran\u00e7a para participar de sele\u00e7\u00f5es.\n\n\n\n<\/div>\n<!-- CONTENT END 1 -->\n","protected":false},"excerpt":{"rendered":"<p>O prefeito reeleito de Batatais, Juninho Gaspar (PP), disse nesta sexta-feira (18), em entrevista ao acidade on, que seguir\u00e1 com as pol\u00edticas p\u00fablicas para transformar&#8230;<\/p>\n","protected":false},"author":1,"featured_media":71909,"comment_status":"open","ping_status":"open","sticky":false,"template":"","format":"standard","meta":{"_uag_custom_page_level_css":"","advanced_seo_description":"","jetpack_seo_html_title":"","jetpack_seo_noindex":false,"jetpack_post_was_ever_published":false,"_jetpack_newsletter_access":"","_jetpack_dont_email_post_to_subs":false,"_jetpack_newsletter_tier_id":0,"_jetpack_memberships_contains_paywalled_content":false,"_jetpack_memberships_contains_paid_content":false,"footnotes":"","jetpack_publicize_message":"","jetpack_publicize_feature_enabled":true,"jetpack_social_post_already_shared":true,"jetpack_social_options":{"image_generator_settings":{"template":"highway","default_image_id":0,"font":"","enabled":false},"version":2}},"categories":[11],"tags":[],"class_list":["post-71908","post","type-post","status-publish","format-standard","has-post-thumbnail","hentry","category-noticias-de-ribeirao-preto-sp-e-regiao-ismael-colosi"],"jetpack_publicize_connections":[],"jetpack_featured_media_url":"https:\/\/i0.wp.com\/ismaelcolosi.com.br\/wp-content\/uploads\/2024\/10\/WhatsApp-Image-2024-10-18-at-12.08.43_2024-10-18_15-10-22_jpeg_2024-10-18_15-10-22.webp.webp?fit=1200%2C850&ssl=1","uagb_featured_image_src":{"full":["https:\/\/i0.wp.com\/ismaelcolosi.com.br\/wp-content\/uploads\/2024\/10\/WhatsApp-Image-2024-10-18-at-12.08.43_2024-10-18_15-10-22_jpeg_2024-10-18_15-10-22.webp.webp?fit=1200%2C850&ssl=1",1200,850,false],"thumbnail":["https:\/\/i0.wp.com\/ismaelcolosi.com.br\/wp-content\/uploads\/2024\/10\/WhatsApp-Image-2024-10-18-at-12.08.43_2024-10-18_15-10-22_jpeg_2024-10-18_15-10-22.webp.webp?resize=150%2C150&ssl=1",150,150,true],"medium":["https:\/\/i0.wp.com\/ismaelcolosi.com.br\/wp-content\/uploads\/2024\/10\/WhatsApp-Image-2024-10-18-at-12.08.43_2024-10-18_15-10-22_jpeg_2024-10-18_15-10-22.webp.webp?fit=300%2C213&ssl=1",300,213,true],"medium_large":["https:\/\/i0.wp.com\/ismaelcolosi.com.br\/wp-content\/uploads\/2024\/10\/WhatsApp-Image-2024-10-18-at-12.08.43_2024-10-18_15-10-22_jpeg_2024-10-18_15-10-22.webp.webp?fit=768%2C544&ssl=1",768,544,true],"large":["https:\/\/i0.wp.com\/ismaelcolosi.com.br\/wp-content\/uploads\/2024\/10\/WhatsApp-Image-2024-10-18-at-12.08.43_2024-10-18_15-10-22_jpeg_2024-10-18_15-10-22.webp.webp?fit=1024%2C725&ssl=1",1024,725,true],"1536x1536":["https:\/\/i0.wp.com\/ismaelcolosi.com.br\/wp-content\/uploads\/2024\/10\/WhatsApp-Image-2024-10-18-at-12.08.43_2024-10-18_15-10-22_jpeg_2024-10-18_15-10-22.webp.webp?fit=1200%2C850&ssl=1",1200,850,true],"2048x2048":["https:\/\/i0.wp.com\/ismaelcolosi.com.br\/wp-content\/uploads\/2024\/10\/WhatsApp-Image-2024-10-18-at-12.08.43_2024-10-18_15-10-22_jpeg_2024-10-18_15-10-22.webp.webp?fit=1200%2C850&ssl=1",1200,850,true],"really-simple-thumb":["https:\/\/i0.wp.com\/ismaelcolosi.com.br\/wp-content\/uploads\/2024\/10\/WhatsApp-Image-2024-10-18-at-12.08.43_2024-10-18_15-10-22_jpeg_2024-10-18_15-10-22.webp.webp?resize=370%2C247&ssl=1",370,247,true]},"uagb_author_info":{"display_name":"ismaelcolosi.com.br","author_link":"https:\/\/ismaelcolosi.com.br\/index.php\/author\/vidareal-online\/"},"uagb_comment_info":0,"uagb_excerpt":"O prefeito reeleito de Batatais, Juninho Gaspar (PP), disse nesta sexta-feira (18), em entrevista ao acidade on, que seguir\u00e1 com as pol\u00edticas p\u00fablicas para transformar...","jetpack-related-posts":[{"id":67805,"url":"https:\/\/ismaelcolosi.com.br\/index.php\/2024\/09\/25\/ao-vivo-veja-a-entrevista-com-o-candidato-unico-a-prefeitura-de-batatais\/","url_meta":{"origin":71908,"position":0},"title":"AO VIVO: Veja a entrevista com o candidato \u00fanico \u00e0 Prefeitura de Batatais","author":"ismaelcolosi.com.br","date":"25 de September de 2024","format":false,"excerpt":"O Grupo EP realiza nesta quarta-feira (25), \u00e0s 14h30, uma entrevista com o candidato \u00e0 Prefeitura de Batatais, Juninho Gaspar (PP). A conversa ser\u00e1 transmitida ao vivo pelo portal g1 Ribeir\u00e3o Preto e Franca, CBN Ribeir\u00e3o Preto e no canal de YouTube do portal acidade on Ribeir\u00e3o Preto \u2013 veja\u2026","rel":"","context":"In &quot;Not\u00edcias de Ribeir\u00e3o Preto-SP e Regi\u00e3o&quot;","block_context":{"text":"Not\u00edcias de Ribeir\u00e3o Preto-SP e Regi\u00e3o","link":"https:\/\/ismaelcolosi.com.br\/index.php\/category\/noticias-de-ribeirao-preto-sp-e-regiao-ismael-colosi\/"},"img":{"alt_text":"","src":"https:\/\/i0.wp.com\/ismaelcolosi.com.br\/wp-content\/uploads\/2024\/09\/juninho-gaspar-2_2024-09-25_17-12-07_jpeg_2024-09-25_17-12-07.webp.webp?fit=1200%2C675&ssl=1&resize=350%2C200","width":350,"height":200,"srcset":"https:\/\/i0.wp.com\/ismaelcolosi.com.br\/wp-content\/uploads\/2024\/09\/juninho-gaspar-2_2024-09-25_17-12-07_jpeg_2024-09-25_17-12-07.webp.webp?fit=1200%2C675&ssl=1&resize=350%2C200 1x, https:\/\/i0.wp.com\/ismaelcolosi.com.br\/wp-content\/uploads\/2024\/09\/juninho-gaspar-2_2024-09-25_17-12-07_jpeg_2024-09-25_17-12-07.webp.webp?fit=1200%2C675&ssl=1&resize=525%2C300 1.5x, https:\/\/i0.wp.com\/ismaelcolosi.com.br\/wp-content\/uploads\/2024\/09\/juninho-gaspar-2_2024-09-25_17-12-07_jpeg_2024-09-25_17-12-07.webp.webp?fit=1200%2C675&ssl=1&resize=700%2C400 2x, https:\/\/i0.wp.com\/ismaelcolosi.com.br\/wp-content\/uploads\/2024\/09\/juninho-gaspar-2_2024-09-25_17-12-07_jpeg_2024-09-25_17-12-07.webp.webp?fit=1200%2C675&ssl=1&resize=1050%2C600 3x"},"classes":[]},{"id":67862,"url":"https:\/\/ismaelcolosi.com.br\/index.php\/2024\/09\/25\/oportunidade-para-reconhecer-que-ainda-ha-desafios-afirma-candidato-unico-de-batatais\/","url_meta":{"origin":71908,"position":1},"title":"\u2018Oportunidade para reconhecer que ainda h\u00e1 desafios\u2019, afirma candidato \u00fanico de Batatais","author":"ismaelcolosi.com.br","date":"25 de September de 2024","format":false,"excerpt":"O prefeito de Batatais, Juninho Gaspar (PP), foi o entrevistado desta quarta-feira (25), do pool de ve\u00edculos do Grupo EP na cobertura das elei\u00e7\u00f5es 2024. Juninho \u00e9 o \u00fanico candidato ao Executivo de Batatais no pleito deste ano. A entrevista foi transmitida pelo canal do YouTube e no acidade on\u2026","rel":"","context":"In &quot;Not\u00edcias de Ribeir\u00e3o Preto-SP e Regi\u00e3o&quot;","block_context":{"text":"Not\u00edcias de Ribeir\u00e3o Preto-SP e Regi\u00e3o","link":"https:\/\/ismaelcolosi.com.br\/index.php\/category\/noticias-de-ribeirao-preto-sp-e-regiao-ismael-colosi\/"},"img":{"alt_text":"","src":"https:\/\/i0.wp.com\/ismaelcolosi.com.br\/wp-content\/uploads\/2024\/09\/juninho-gaspar-3_2024-09-25_22-01-39_jpeg_2024-09-25_22-01-40-scaled.webp.webp?fit=1200%2C683&ssl=1&resize=350%2C200","width":350,"height":200,"srcset":"https:\/\/i0.wp.com\/ismaelcolosi.com.br\/wp-content\/uploads\/2024\/09\/juninho-gaspar-3_2024-09-25_22-01-39_jpeg_2024-09-25_22-01-40-scaled.webp.webp?fit=1200%2C683&ssl=1&resize=350%2C200 1x, https:\/\/i0.wp.com\/ismaelcolosi.com.br\/wp-content\/uploads\/2024\/09\/juninho-gaspar-3_2024-09-25_22-01-39_jpeg_2024-09-25_22-01-40-scaled.webp.webp?fit=1200%2C683&ssl=1&resize=525%2C300 1.5x, https:\/\/i0.wp.com\/ismaelcolosi.com.br\/wp-content\/uploads\/2024\/09\/juninho-gaspar-3_2024-09-25_22-01-39_jpeg_2024-09-25_22-01-40-scaled.webp.webp?fit=1200%2C683&ssl=1&resize=700%2C400 2x, https:\/\/i0.wp.com\/ismaelcolosi.com.br\/wp-content\/uploads\/2024\/09\/juninho-gaspar-3_2024-09-25_22-01-39_jpeg_2024-09-25_22-01-40-scaled.webp.webp?fit=1200%2C683&ssl=1&resize=1050%2C600 3x"},"classes":[]},{"id":72600,"url":"https:\/\/ismaelcolosi.com.br\/index.php\/2024\/10\/22\/zezinho-gimenez-quer-cuidado-com-o-dinheiro-publico-em-sertaozinho\/","url_meta":{"origin":71908,"position":2},"title":"Zezinho Gimenez quer cuidado com o dinheiro p\u00fablico em Sert\u00e3ozinho","author":"ismaelcolosi.com.br","date":"22 de October de 2024","format":false,"excerpt":"O prefeito eleito de Sert\u00e3ozinho, Zezinho Gimenez (MDB), disse nesta ter\u00e7a-feira (22), em entrevista ao acidade on, querer cuidado com o dinheiro da prefeitura. Ele foi eleito para o seu 5\u00ba mandato na cidade \u2013 sua primeira elei\u00e7\u00e3o foi em 2000. Assista\u00a0ao\u00a0v\u00eddeo\u00a0abaixo. \u201cVoc\u00ea s\u00f3 consegue fazer suas obras, quando, no\u2026","rel":"","context":"In &quot;Not\u00edcias de Ribeir\u00e3o Preto-SP e Regi\u00e3o&quot;","block_context":{"text":"Not\u00edcias de Ribeir\u00e3o Preto-SP e Regi\u00e3o","link":"https:\/\/ismaelcolosi.com.br\/index.php\/category\/noticias-de-ribeirao-preto-sp-e-regiao-ismael-colosi\/"},"img":{"alt_text":"","src":"https:\/\/i0.wp.com\/ismaelcolosi.com.br\/wp-content\/uploads\/2024\/10\/WhatsApp-Image-2024-10-22-at-14.01.22_2024-10-22_17-03-25_jpeg_2024-10-22_17-03-25.webp.webp?fit=1200%2C880&ssl=1&resize=350%2C200","width":350,"height":200,"srcset":"https:\/\/i0.wp.com\/ismaelcolosi.com.br\/wp-content\/uploads\/2024\/10\/WhatsApp-Image-2024-10-22-at-14.01.22_2024-10-22_17-03-25_jpeg_2024-10-22_17-03-25.webp.webp?fit=1200%2C880&ssl=1&resize=350%2C200 1x, https:\/\/i0.wp.com\/ismaelcolosi.com.br\/wp-content\/uploads\/2024\/10\/WhatsApp-Image-2024-10-22-at-14.01.22_2024-10-22_17-03-25_jpeg_2024-10-22_17-03-25.webp.webp?fit=1200%2C880&ssl=1&resize=525%2C300 1.5x, https:\/\/i0.wp.com\/ismaelcolosi.com.br\/wp-content\/uploads\/2024\/10\/WhatsApp-Image-2024-10-22-at-14.01.22_2024-10-22_17-03-25_jpeg_2024-10-22_17-03-25.webp.webp?fit=1200%2C880&ssl=1&resize=700%2C400 2x, https:\/\/i0.wp.com\/ismaelcolosi.com.br\/wp-content\/uploads\/2024\/10\/WhatsApp-Image-2024-10-22-at-14.01.22_2024-10-22_17-03-25_jpeg_2024-10-22_17-03-25.webp.webp?fit=1200%2C880&ssl=1&resize=1050%2C600 3x"},"classes":[]},{"id":59301,"url":"https:\/\/ismaelcolosi.com.br\/index.php\/2024\/08\/07\/eleicoes-acidade-on-g1-e-cbn-transmitem-entrevista-com-unico-candidato-a-prefeito-de-batatais\/","url_meta":{"origin":71908,"position":3},"title":"Elei\u00e7\u00f5es: acidade on, g1 e CBN transmitem entrevista com \u00fanico candidato a prefeito de Batatais","author":"ismaelcolosi.com.br","date":"7 de August de 2024","format":false,"excerpt":"O portal acidade on Ribeir\u00e3o, g1 Ribeir\u00e3o e a CBN Ribeir\u00e3o v\u00e3o realizar uma entrevista com o \u00fanico candidato \u00e0 Prefeitura de Batatais nas elei\u00e7\u00f5es municipais 2024. A entrevista ter\u00e1 transmiss\u00e3o ao vivo em pool pelos ve\u00edculos de comunica\u00e7\u00e3o do Grupo EP e acontece no dia 25 de setembro, a\u2026","rel":"","context":"In &quot;Not\u00edcias de Ribeir\u00e3o Preto-SP e Regi\u00e3o&quot;","block_context":{"text":"Not\u00edcias de Ribeir\u00e3o Preto-SP e Regi\u00e3o","link":"https:\/\/ismaelcolosi.com.br\/index.php\/category\/noticias-de-ribeirao-preto-sp-e-regiao-ismael-colosi\/"},"img":{"alt_text":"","src":"https:\/\/i0.wp.com\/ismaelcolosi.com.br\/wp-content\/uploads\/2024\/08\/juninho-gaspar_2024-08-07_16-56-24_jpeg_2024-08-07_16-56-24.webp.webp?fit=1053%2C586&ssl=1&resize=350%2C200","width":350,"height":200,"srcset":"https:\/\/i0.wp.com\/ismaelcolosi.com.br\/wp-content\/uploads\/2024\/08\/juninho-gaspar_2024-08-07_16-56-24_jpeg_2024-08-07_16-56-24.webp.webp?fit=1053%2C586&ssl=1&resize=350%2C200 1x, https:\/\/i0.wp.com\/ismaelcolosi.com.br\/wp-content\/uploads\/2024\/08\/juninho-gaspar_2024-08-07_16-56-24_jpeg_2024-08-07_16-56-24.webp.webp?fit=1053%2C586&ssl=1&resize=525%2C300 1.5x, https:\/\/i0.wp.com\/ismaelcolosi.com.br\/wp-content\/uploads\/2024\/08\/juninho-gaspar_2024-08-07_16-56-24_jpeg_2024-08-07_16-56-24.webp.webp?fit=1053%2C586&ssl=1&resize=700%2C400 2x, https:\/\/i0.wp.com\/ismaelcolosi.com.br\/wp-content\/uploads\/2024\/08\/juninho-gaspar_2024-08-07_16-56-24_jpeg_2024-08-07_16-56-24.webp.webp?fit=1053%2C586&ssl=1&resize=1050%2C600 3x"},"classes":[]},{"id":67676,"url":"https:\/\/ismaelcolosi.com.br\/index.php\/2024\/09\/24\/batatais-tera-entrevista-com-o-unico-candidato-a-prefeito-em-evento-promovido-pelo-grupo-ep\/","url_meta":{"origin":71908,"position":4},"title":"Batatais ter\u00e1 entrevista com o \u00fanico candidato a prefeito em evento promovido pelo Grupo EP","author":"ismaelcolosi.com.br","date":"24 de September de 2024","format":false,"excerpt":"O Grupo EP, conglomerado de m\u00eddia no interior paulista e sul de Minas Gerais, realiza uma entrevista com o candidato \u00e0 Prefeitura de Batatais, nesta quarta-feira (25), \u00e0s 14h40. A conversa ser\u00e1 transmitida ao vivo pelo portal g1 Ribeir\u00e3o Preto e Franca, CBN Ribeir\u00e3o Preto e site e canal de\u2026","rel":"","context":"In &quot;Not\u00edcias de Ribeir\u00e3o Preto-SP e Regi\u00e3o&quot;","block_context":{"text":"Not\u00edcias de Ribeir\u00e3o Preto-SP e Regi\u00e3o","link":"https:\/\/ismaelcolosi.com.br\/index.php\/category\/noticias-de-ribeirao-preto-sp-e-regiao-ismael-colosi\/"},"img":{"alt_text":"","src":"https:\/\/i0.wp.com\/ismaelcolosi.com.br\/wp-content\/uploads\/2024\/08\/juninho-gaspar_2024-08-07_16-56-24_jpeg_2024-08-07_16-56-24.webp.webp?fit=1053%2C586&ssl=1&resize=350%2C200","width":350,"height":200,"srcset":"https:\/\/i0.wp.com\/ismaelcolosi.com.br\/wp-content\/uploads\/2024\/08\/juninho-gaspar_2024-08-07_16-56-24_jpeg_2024-08-07_16-56-24.webp.webp?fit=1053%2C586&ssl=1&resize=350%2C200 1x, https:\/\/i0.wp.com\/ismaelcolosi.com.br\/wp-content\/uploads\/2024\/08\/juninho-gaspar_2024-08-07_16-56-24_jpeg_2024-08-07_16-56-24.webp.webp?fit=1053%2C586&ssl=1&resize=525%2C300 1.5x, https:\/\/i0.wp.com\/ismaelcolosi.com.br\/wp-content\/uploads\/2024\/08\/juninho-gaspar_2024-08-07_16-56-24_jpeg_2024-08-07_16-56-24.webp.webp?fit=1053%2C586&ssl=1&resize=700%2C400 2x, https:\/\/i0.wp.com\/ismaelcolosi.com.br\/wp-content\/uploads\/2024\/08\/juninho-gaspar_2024-08-07_16-56-24_jpeg_2024-08-07_16-56-24.webp.webp?fit=1053%2C586&ssl=1&resize=1050%2C600 3x"},"classes":[]},{"id":44285,"url":"https:\/\/ismaelcolosi.com.br\/index.php\/2024\/03\/26\/prefeito-e-cinco-vereadores-de-cravinhos-filiam-se-ao-mdb\/","url_meta":{"origin":71908,"position":5},"title":"Prefeito e cinco vereadores de Cravinhos filiam-se ao MDB","author":"ismaelcolosi.com.br","date":"26 de March de 2024","format":false,"excerpt":"26 de mar\u00e7o de 2024 | 17:42 0 O MDB oficializou a filia\u00e7\u00e3o de nove importantes lideran\u00e7as de Cravinhos, incluindo o prefeito Itamar Bueno e o ex-prefeito Boi, na manh\u00e3 desta segunda-feira, 26, na C\u00e2mara Municipal. A cerim\u00f4nia contou com a presen\u00e7a do presidente nacional do partido, deputado federal Baleia\u2026","rel":"","context":"In &quot;Not\u00edcias de Ribeir\u00e3o Preto-SP e Regi\u00e3o&quot;","block_context":{"text":"Not\u00edcias de Ribeir\u00e3o Preto-SP e Regi\u00e3o","link":"https:\/\/ismaelcolosi.com.br\/index.php\/category\/noticias-de-ribeirao-preto-sp-e-regiao-ismael-colosi\/"},"img":{"alt_text":"","src":"https:\/\/i0.wp.com\/ismaelcolosi.com.br\/wp-content\/uploads\/2024\/03\/photo_2024-03-25_12-34-51-scaled.jpg?fit=1000%2C563&ssl=1&resize=350%2C200","width":350,"height":200,"srcset":"https:\/\/i0.wp.com\/ismaelcolosi.com.br\/wp-content\/uploads\/2024\/03\/photo_2024-03-25_12-34-51-scaled.jpg?fit=1000%2C563&ssl=1&resize=350%2C200 1x, https:\/\/i0.wp.com\/ismaelcolosi.com.br\/wp-content\/uploads\/2024\/03\/photo_2024-03-25_12-34-51-scaled.jpg?fit=1000%2C563&ssl=1&resize=525%2C300 1.5x, https:\/\/i0.wp.com\/ismaelcolosi.com.br\/wp-content\/uploads\/2024\/03\/photo_2024-03-25_12-34-51-scaled.jpg?fit=1000%2C563&ssl=1&resize=700%2C400 2x"},"classes":[]}],"jetpack_sharing_enabled":true,"jetpack_shortlink":"https:\/\/wp.me\/pfMlyK-iHO","_links":{"self":[{"href":"https:\/\/ismaelcolosi.com.br\/index.php\/wp-json\/wp\/v2\/posts\/71908","targetHints":{"allow":["GET"]}}],"collection":[{"href":"https:\/\/ismaelcolosi.com.br\/index.php\/wp-json\/wp\/v2\/posts"}],"about":[{"href":"https:\/\/ismaelcolosi.com.br\/index.php\/wp-json\/wp\/v2\/types\/post"}],"author":[{"embeddable":true,"href":"https:\/\/ismaelcolosi.com.br\/index.php\/wp-json\/wp\/v2\/users\/1"}],"replies":[{"embeddable":true,"href":"https:\/\/ismaelcolosi.com.br\/index.php\/wp-json\/wp\/v2\/comments?post=71908"}],"version-history":[{"count":0,"href":"https:\/\/ismaelcolosi.com.br\/index.php\/wp-json\/wp\/v2\/posts\/71908\/revisions"}],"wp:featuredmedia":[{"embeddable":true,"href":"https:\/\/ismaelcolosi.com.br\/index.php\/wp-json\/wp\/v2\/media\/71909"}],"wp:attachment":[{"href":"https:\/\/ismaelcolosi.com.br\/index.php\/wp-json\/wp\/v2\/media?parent=71908"}],"wp:term":[{"taxonomy":"category","embeddable":true,"href":"https:\/\/ismaelcolosi.com.br\/index.php\/wp-json\/wp\/v2\/categories?post=71908"},{"taxonomy":"post_tag","embeddable":true,"href":"https:\/\/ismaelcolosi.com.br\/index.php\/wp-json\/wp\/v2\/tags?post=71908"}],"curies":[{"name":"wp","href":"https:\/\/api.w.org\/{rel}","templated":true}]}}